{"id":36317,"date":"2022-03-09T11:38:00","date_gmt":"2022-03-09T10:38:00","guid":{"rendered":"https:\/\/www.itakaescolapios.org\/?p=36317"},"modified":"2023-11-28T12:35:49","modified_gmt":"2023-11-28T11:35:49","slug":"celebracion-del-dia-internacional-del-voluntariado-en-yaounde","status":"publish","type":"post","link":"https:\/\/www.itakaescolapios.org\/fr\/2022\/03\/celebracion-del-dia-internacional-del-voluntariado-en-yaounde\/","title":{"rendered":"C\u00c9L\u00c9BRATION DE LA JOURNEE INTERNATIONALE DE LA FEMME AU GABON"},"content":{"rendered":"<p>Ce mardi 08 Mars 2022, s&rsquo;est celebr\u00e9 \u00e0 Malib\u00e9 au Gabon, La 47eme \u00e9dition de la journ\u00e9e internationale de la femme. Les femmes du complexe scolaire bilingue Saint Joseph Calasanz de malib\u00e91, ont fait leur celebration sous le th\u00e8me \u00a0\u00bb L&rsquo;\u00e9galit\u00e9 \u00e0 Calasanz pour une \u00e9ducation durable\u00a0\u00bb. Durant la journ\u00e9e, les femmes ont eu un moment de rencontre entre elles en vue d&rsquo;echanger sur divers probl\u00e8mes les concernant.<\/p>\n<p><img decoding=\"async\" class=\"size-full wp-image-36318 aligncenter\" src=\"https:\/\/www.itakaescolapios.org\/wp-content\/uploads\/2022\/03\/IMG-20220309-WA0033.jpg\" alt=\"\" width=\"984\" height=\"432\" srcset=\"https:\/\/www.itakaescolapios.org\/wp-content\/uploads\/2022\/03\/IMG-20220309-WA0033.jpg 984w, https:\/\/www.itakaescolapios.org\/wp-content\/uploads\/2022\/03\/IMG-20220309-WA0033-300x132.jpg 300w, https:\/\/www.itakaescolapios.org\/wp-content\/uploads\/2022\/03\/IMG-20220309-WA0033-768x337.jpg 768w, https:\/\/www.itakaescolapios.org\/wp-content\/uploads\/2022\/03\/IMG-20220309-WA0033-250x110.jpg 250w\" sizes=\"(max-width: 984px) 100vw, 984px\" \/><\/p>\n","protected":false},"excerpt":{"rendered":"<p>Ce mardi 08 Mars 2022, s&rsquo;est celebr\u00e9 \u00e0 Malib\u00e9 au Gabon, La 47eme \u00e9dition de la journ\u00e9e internationale de la femme. Les femmes du complexe scolaire bilingue Saint Joseph Calasanz [&hellip;]<\/p>\n","protected":false},"author":15,"featured_media":36319,"comment_status":"closed","ping_status":"closed","sticky":false,"template":"","format":"standard","meta":{"_et_pb_use_builder":"","_et_pb_old_content":"","_et_gb_content_width":"","footnotes":""},"categories":[53,285],"tags":[],"class_list":["post-36317","post","type-post","status-publish","format-standard","has-post-thumbnail","hentry","category-africa-central","category-gabon"],"yoast_head":"<!-- This site is optimized with the Yoast SEO plugin v27.4 - https:\/\/yoast.com\/product\/yoast-seo-wordpress\/ -->\n<title>C\u00c9L\u00c9BRATION DE LA JOURNEE INTERNATIONALE DE LA FEMME AU GABON<\/title>\n<meta name=\"description\" content=\"Ce mardi 08 Mars 2022, s&#039;est celebr\u00e9 \u00e0 Malib\u00e9 au Gabon, La 47eme \u00e9dition de la journ\u00e9e internationale de la femme. Les femmes du complexe scolaire bilingue Saint Joseph Calasanz de malib\u00e91, ont fait leur celebration sous le th\u00e8me &quot; L&#039;\u00e9galit\u00e9 \u00e0 Calasanz pour une \u00e9ducation durable&quot;. Durant la journ\u00e9e, les femmes ont eu un\u2026\" \/>\n<meta name=\"robots\" content=\"index, follow, max-snippet:-1, max-image-preview:large, max-video-preview:-1\" \/>\n<link rel=\"canonical\" href=\"http:\/\/Ce%20mardi%2008%20Mars%202022,%20s'est%20celebr\u00e9%20\u00e0%20Malib\u00e9%20au%20Gabon,%20La%2047eme%20\u00e9dition%20de%20la%20journ\u00e9e%20internationale%20de%20la%20femme.%20Les%20femmes%20du%20complexe%20scolaire%20bilingue%20Saint%20Joseph%20Calasanz%20de%20malib\u00e91,%20ont%20fait%20leur%20celebration%20sous%20le%20th\u00e8me%20%20L'\u00e9galit\u00e9%20\u00e0%20Calasanz%20pour%20une%20\u00e9ducation%20durable.%20Durant%20la%20journ\u00e9e,%20les%20femmes%20ont%20eu%20un\u2026\" \/>\n<meta property=\"og:locale\" content=\"fr_FR\" \/>\n<meta property=\"og:type\" content=\"article\" \/>\n<meta property=\"og:title\" content=\"C\u00c9L\u00c9BRATION DE LA JOURNEE INTERNATIONALE DE LA FEMME AU GABON\" \/>\n<meta property=\"og:description\" content=\"Ce mardi 08 Mars 2022, s&#039;est celebr\u00e9 \u00e0 Malib\u00e9 au Gabon, La 47eme \u00e9dition de la journ\u00e9e internationale de la femme. Les femmes du complexe scolaire bilingue Saint Joseph Calasanz de malib\u00e91, ont fait leur celebration sous le th\u00e8me &quot; L&#039;\u00e9galit\u00e9 \u00e0 Calasanz pour une \u00e9ducation durable&quot;. Durant la journ\u00e9e, les femmes ont eu un\u2026\" \/>\n<meta property=\"og:url\" content=\"https:\/\/www.itakaescolapios.org\/fr\/2022\/03\/celebracion-del-dia-internacional-del-voluntariado-en-yaounde\/\" \/>\n<meta property=\"og:site_name\" content=\"Itaka-Escolapios\" \/>\n<meta property=\"article:published_time\" content=\"2022-03-09T10:38:00+00:00\" \/>\n<meta property=\"article:modified_time\" content=\"2023-11-28T11:35:49+00:00\" \/>\n<meta property=\"og:image\" content=\"https:\/\/www.itakaescolapios.org\/wp-content\/uploads\/2022\/03\/IMG-20220308-WA0048.jpg\" \/>\n\t<meta property=\"og:image:width\" content=\"1080\" \/>\n\t<meta property=\"og:image:height\" content=\"474\" \/>\n\t<meta property=\"og:image:type\" content=\"image\/jpeg\" \/>\n<meta name=\"author\" content=\"cameroun01\" \/>\n<meta name=\"twitter:card\" content=\"summary_large_image\" \/>\n<meta name=\"twitter:label1\" content=\"\u00c9crit par\" \/>\n\t<meta name=\"twitter:data1\" content=\"cameroun01\" \/>\n<script type=\"application\/ld+json\" class=\"yoast-schema-graph\">{\"@context\":\"https:\\\/\\\/schema.org\",\"@graph\":[{\"@type\":\"Article\",\"@id\":\"https:\\\/\\\/www.itakaescolapios.org\\\/fr\\\/2022\\\/03\\\/celebracion-del-dia-internacional-del-voluntariado-en-yaounde\\\/#article\",\"isPartOf\":{\"@id\":\"https:\\\/\\\/www.itakaescolapios.org\\\/fr\\\/2022\\\/03\\\/celebracion-del-dia-internacional-del-voluntariado-en-yaounde\\\/\"},\"author\":{\"name\":\"cameroun01\",\"@id\":\"https:\\\/\\\/www.itakaescolapios.org\\\/es\\\/#\\\/schema\\\/person\\\/d2844383e29bfdfef69039672ce14eb1\"},\"headline\":\"C\u00c9L\u00c9BRATION DE LA JOURNEE INTERNATIONALE DE LA FEMME AU GABON\",\"datePublished\":\"2022-03-09T10:38:00+00:00\",\"dateModified\":\"2023-11-28T11:35:49+00:00\",\"mainEntityOfPage\":{\"@id\":\"https:\\\/\\\/www.itakaescolapios.org\\\/fr\\\/2022\\\/03\\\/celebracion-del-dia-internacional-del-voluntariado-en-yaounde\\\/\"},\"wordCount\":76,\"publisher\":{\"@id\":\"https:\\\/\\\/www.itakaescolapios.org\\\/es\\\/#organization\"},\"image\":{\"@id\":\"https:\\\/\\\/www.itakaescolapios.org\\\/fr\\\/2022\\\/03\\\/celebracion-del-dia-internacional-del-voluntariado-en-yaounde\\\/#primaryimage\"},\"thumbnailUrl\":\"https:\\\/\\\/www.itakaescolapios.org\\\/wp-content\\\/uploads\\\/2022\\\/03\\\/IMG-20220308-WA0048.jpg\",\"articleSection\":[\"Afrique centrale\",\"Gab\u00f3n\"],\"inLanguage\":\"fr-FR\"},{\"@type\":\"WebPage\",\"@id\":\"https:\\\/\\\/www.itakaescolapios.org\\\/fr\\\/2022\\\/03\\\/celebracion-del-dia-internacional-del-voluntariado-en-yaounde\\\/\",\"url\":\"https:\\\/\\\/www.itakaescolapios.org\\\/fr\\\/2022\\\/03\\\/celebracion-del-dia-internacional-del-voluntariado-en-yaounde\\\/\",\"name\":\"CELEBRACI\u00d3N DEL D\u00cdA INTERNACIONAL DEL VOLUNTARIADO EN YAOUNDE - Itaka-Escolapios\",\"isPartOf\":{\"@id\":\"https:\\\/\\\/www.itakaescolapios.org\\\/es\\\/#website\"},\"primaryImageOfPage\":{\"@id\":\"https:\\\/\\\/www.itakaescolapios.org\\\/fr\\\/2022\\\/03\\\/celebracion-del-dia-internacional-del-voluntariado-en-yaounde\\\/#primaryimage\"},\"image\":{\"@id\":\"https:\\\/\\\/www.itakaescolapios.org\\\/fr\\\/2022\\\/03\\\/celebracion-del-dia-internacional-del-voluntariado-en-yaounde\\\/#primaryimage\"},\"thumbnailUrl\":\"https:\\\/\\\/www.itakaescolapios.org\\\/wp-content\\\/uploads\\\/2022\\\/03\\\/IMG-20220308-WA0048.jpg\",\"datePublished\":\"2022-03-09T10:38:00+00:00\",\"dateModified\":\"2023-11-28T11:35:49+00:00\",\"breadcrumb\":{\"@id\":\"https:\\\/\\\/www.itakaescolapios.org\\\/fr\\\/2022\\\/03\\\/celebracion-del-dia-internacional-del-voluntariado-en-yaounde\\\/#breadcrumb\"},\"inLanguage\":\"fr-FR\",\"potentialAction\":[{\"@type\":\"ReadAction\",\"target\":[\"https:\\\/\\\/www.itakaescolapios.org\\\/fr\\\/2022\\\/03\\\/celebracion-del-dia-internacional-del-voluntariado-en-yaounde\\\/\"]}]},{\"@type\":\"ImageObject\",\"inLanguage\":\"fr-FR\",\"@id\":\"https:\\\/\\\/www.itakaescolapios.org\\\/fr\\\/2022\\\/03\\\/celebracion-del-dia-internacional-del-voluntariado-en-yaounde\\\/#primaryimage\",\"url\":\"https:\\\/\\\/www.itakaescolapios.org\\\/wp-content\\\/uploads\\\/2022\\\/03\\\/IMG-20220308-WA0048.jpg\",\"contentUrl\":\"https:\\\/\\\/www.itakaescolapios.org\\\/wp-content\\\/uploads\\\/2022\\\/03\\\/IMG-20220308-WA0048.jpg\",\"width\":1080,\"height\":474},{\"@type\":\"BreadcrumbList\",\"@id\":\"https:\\\/\\\/www.itakaescolapios.org\\\/fr\\\/2022\\\/03\\\/celebracion-del-dia-internacional-del-voluntariado-en-yaounde\\\/#breadcrumb\",\"itemListElement\":[{\"@type\":\"ListItem\",\"position\":1,\"name\":\"Itaka-Escolapios\",\"item\":\"https:\\\/\\\/www.itakaescolapios.org\\\/es\\\/\"},{\"@type\":\"ListItem\",\"position\":2,\"name\":\"C\u00c9L\u00c9BRATION DE LA JOURNEE INTERNATIONALE DE LA FEMME AU GABON\"}]},{\"@type\":\"WebSite\",\"@id\":\"https:\\\/\\\/www.itakaescolapios.org\\\/fr\\\/es\\\/#website\",\"url\":\"https:\\\/\\\/www.itakaescolapios.org\\\/fr\\\/es\\\/\",\"name\":\"Itaka-Escolapios\",\"description\":\"Red de Itaka-Escolapios\",\"publisher\":{\"@id\":\"https:\\\/\\\/www.itakaescolapios.org\\\/fr\\\/es\\\/#organization\"},\"potentialAction\":[{\"@type\":\"SearchAction\",\"target\":{\"@type\":\"EntryPoint\",\"urlTemplate\":\"https:\\\/\\\/www.itakaescolapios.org\\\/fr\\\/es\\\/?s={search_term_string}\"},\"query-input\":{\"@type\":\"PropertyValueSpecification\",\"valueRequired\":true,\"valueName\":\"search_term_string\"}}],\"inLanguage\":\"fr-FR\"},{\"@type\":\"Organization\",\"@id\":\"https:\\\/\\\/www.itakaescolapios.org\\\/fr\\\/es\\\/#organization\",\"name\":\"Fundaci\u00f3 Itaka-Escolapios\",\"url\":\"https:\\\/\\\/www.itakaescolapios.org\\\/fr\\\/es\\\/\",\"logo\":{\"@type\":\"ImageObject\",\"inLanguage\":\"fr-FR\",\"@id\":\"https:\\\/\\\/www.itakaescolapios.org\\\/fr\\\/es\\\/#\\\/schema\\\/logo\\\/image\\\/\",\"url\":\"https:\\\/\\\/www.itakaescolapios.org\\\/wp-content\\\/uploads\\\/2024\\\/04\\\/Logo-itakaescolapios-peque.png\",\"contentUrl\":\"https:\\\/\\\/www.itakaescolapios.org\\\/wp-content\\\/uploads\\\/2024\\\/04\\\/Logo-itakaescolapios-peque.png\",\"width\":500,\"height\":199,\"caption\":\"Fundaci\u00f3 Itaka-Escolapios\"},\"image\":{\"@id\":\"https:\\\/\\\/www.itakaescolapios.org\\\/fr\\\/es\\\/#\\\/schema\\\/logo\\\/image\\\/\"}},{\"@type\":\"Person\",\"@id\":\"https:\\\/\\\/www.itakaescolapios.org\\\/es\\\/#\\\/schema\\\/person\\\/d2844383e29bfdfef69039672ce14eb1\",\"name\":\"cameroun01\",\"url\":\"https:\\\/\\\/www.itakaescolapios.org\\\/fr\\\/author\\\/cameroun01\\\/\"}]}<\/script>\n<!-- \/ Yoast SEO plugin. -->","yoast_head_json":{"title":"C\u00c9L\u00c9BRATION DE LA JOURNEE INTERNATIONALE DE LA FEMME AU GABON","description":"Ce mardi 08 Mars 2022, s'est celebr\u00e9 \u00e0 Malib\u00e9 au Gabon, La 47eme \u00e9dition de la journ\u00e9e internationale de la femme. Les femmes du complexe scolaire bilingue Saint Joseph Calasanz de malib\u00e91, ont fait leur celebration sous le th\u00e8me \" L'\u00e9galit\u00e9 \u00e0 Calasanz pour une \u00e9ducation durable\". Durant la journ\u00e9e, les femmes ont eu un\u2026","robots":{"index":"index","follow":"follow","max-snippet":"max-snippet:-1","max-image-preview":"max-image-preview:large","max-video-preview":"max-video-preview:-1"},"canonical":"Ce mardi 08 Mars 2022, s'est celebr\u00e9 \u00e0 Malib\u00e9 au Gabon, La 47eme \u00e9dition de la journ\u00e9e internationale de la femme. Les femmes du complexe scolaire bilingue Saint Joseph Calasanz de malib\u00e91, ont fait leur celebration sous le th\u00e8me \" L'\u00e9galit\u00e9 \u00e0 Calasanz pour une \u00e9ducation durable\". Durant la journ\u00e9e, les femmes ont eu un\u2026","og_locale":"fr_FR","og_type":"article","og_title":"C\u00c9L\u00c9BRATION DE LA JOURNEE INTERNATIONALE DE LA FEMME AU GABON","og_description":"Ce mardi 08 Mars 2022, s'est celebr\u00e9 \u00e0 Malib\u00e9 au Gabon, La 47eme \u00e9dition de la journ\u00e9e internationale de la femme. Les femmes du complexe scolaire bilingue Saint Joseph Calasanz de malib\u00e91, ont fait leur celebration sous le th\u00e8me \" L'\u00e9galit\u00e9 \u00e0 Calasanz pour une \u00e9ducation durable\". Durant la journ\u00e9e, les femmes ont eu un\u2026","og_url":"https:\/\/www.itakaescolapios.org\/fr\/2022\/03\/celebracion-del-dia-internacional-del-voluntariado-en-yaounde\/","og_site_name":"Itaka-Escolapios","article_published_time":"2022-03-09T10:38:00+00:00","article_modified_time":"2023-11-28T11:35:49+00:00","og_image":[{"width":1080,"height":474,"url":"https:\/\/www.itakaescolapios.org\/wp-content\/uploads\/2022\/03\/IMG-20220308-WA0048.jpg","type":"image\/jpeg"}],"author":"cameroun01","twitter_card":"summary_large_image","twitter_misc":{"\u00c9crit par":"cameroun01"},"schema":{"@context":"https:\/\/schema.org","@graph":[{"@type":"Article","@id":"https:\/\/www.itakaescolapios.org\/fr\/2022\/03\/celebracion-del-dia-internacional-del-voluntariado-en-yaounde\/#article","isPartOf":{"@id":"https:\/\/www.itakaescolapios.org\/fr\/2022\/03\/celebracion-del-dia-internacional-del-voluntariado-en-yaounde\/"},"author":{"name":"cameroun01","@id":"https:\/\/www.itakaescolapios.org\/es\/#\/schema\/person\/d2844383e29bfdfef69039672ce14eb1"},"headline":"C\u00c9L\u00c9BRATION DE LA JOURNEE INTERNATIONALE DE LA FEMME AU GABON","datePublished":"2022-03-09T10:38:00+00:00","dateModified":"2023-11-28T11:35:49+00:00","mainEntityOfPage":{"@id":"https:\/\/www.itakaescolapios.org\/fr\/2022\/03\/celebracion-del-dia-internacional-del-voluntariado-en-yaounde\/"},"wordCount":76,"publisher":{"@id":"https:\/\/www.itakaescolapios.org\/es\/#organization"},"image":{"@id":"https:\/\/www.itakaescolapios.org\/fr\/2022\/03\/celebracion-del-dia-internacional-del-voluntariado-en-yaounde\/#primaryimage"},"thumbnailUrl":"https:\/\/www.itakaescolapios.org\/wp-content\/uploads\/2022\/03\/IMG-20220308-WA0048.jpg","articleSection":["Afrique centrale","Gab\u00f3n"],"inLanguage":"fr-FR"},{"@type":"WebPage","@id":"https:\/\/www.itakaescolapios.org\/fr\/2022\/03\/celebracion-del-dia-internacional-del-voluntariado-en-yaounde\/","url":"https:\/\/www.itakaescolapios.org\/fr\/2022\/03\/celebracion-del-dia-internacional-del-voluntariado-en-yaounde\/","name":"CELEBRACI\u00d3N DEL D\u00cdA INTERNACIONAL DEL VOLUNTARIADO EN YAOUNDE - Itaka-Escolapios","isPartOf":{"@id":"https:\/\/www.itakaescolapios.org\/es\/#website"},"primaryImageOfPage":{"@id":"https:\/\/www.itakaescolapios.org\/fr\/2022\/03\/celebracion-del-dia-internacional-del-voluntariado-en-yaounde\/#primaryimage"},"image":{"@id":"https:\/\/www.itakaescolapios.org\/fr\/2022\/03\/celebracion-del-dia-internacional-del-voluntariado-en-yaounde\/#primaryimage"},"thumbnailUrl":"https:\/\/www.itakaescolapios.org\/wp-content\/uploads\/2022\/03\/IMG-20220308-WA0048.jpg","datePublished":"2022-03-09T10:38:00+00:00","dateModified":"2023-11-28T11:35:49+00:00","breadcrumb":{"@id":"https:\/\/www.itakaescolapios.org\/fr\/2022\/03\/celebracion-del-dia-internacional-del-voluntariado-en-yaounde\/#breadcrumb"},"inLanguage":"fr-FR","potentialAction":[{"@type":"ReadAction","target":["https:\/\/www.itakaescolapios.org\/fr\/2022\/03\/celebracion-del-dia-internacional-del-voluntariado-en-yaounde\/"]}]},{"@type":"ImageObject","inLanguage":"fr-FR","@id":"https:\/\/www.itakaescolapios.org\/fr\/2022\/03\/celebracion-del-dia-internacional-del-voluntariado-en-yaounde\/#primaryimage","url":"https:\/\/www.itakaescolapios.org\/wp-content\/uploads\/2022\/03\/IMG-20220308-WA0048.jpg","contentUrl":"https:\/\/www.itakaescolapios.org\/wp-content\/uploads\/2022\/03\/IMG-20220308-WA0048.jpg","width":1080,"height":474},{"@type":"BreadcrumbList","@id":"https:\/\/www.itakaescolapios.org\/fr\/2022\/03\/celebracion-del-dia-internacional-del-voluntariado-en-yaounde\/#breadcrumb","itemListElement":[{"@type":"ListItem","position":1,"name":"Itaka-Escolapios","item":"https:\/\/www.itakaescolapios.org\/es\/"},{"@type":"ListItem","position":2,"name":"C\u00c9L\u00c9BRATION DE LA JOURNEE INTERNATIONALE DE LA FEMME AU GABON"}]},{"@type":"WebSite","@id":"https:\/\/www.itakaescolapios.org\/fr\/es\/#website","url":"https:\/\/www.itakaescolapios.org\/fr\/es\/","name":"Itaka-Escolapios","description":"Red de Itaka-Escolapios","publisher":{"@id":"https:\/\/www.itakaescolapios.org\/fr\/es\/#organization"},"potentialAction":[{"@type":"SearchAction","target":{"@type":"EntryPoint","urlTemplate":"https:\/\/www.itakaescolapios.org\/fr\/es\/?s={search_term_string}"},"query-input":{"@type":"PropertyValueSpecification","valueRequired":true,"valueName":"search_term_string"}}],"inLanguage":"fr-FR"},{"@type":"Organization","@id":"https:\/\/www.itakaescolapios.org\/fr\/es\/#organization","name":"Fundaci\u00f3 Itaka-Escolapios","url":"https:\/\/www.itakaescolapios.org\/fr\/es\/","logo":{"@type":"ImageObject","inLanguage":"fr-FR","@id":"https:\/\/www.itakaescolapios.org\/fr\/es\/#\/schema\/logo\/image\/","url":"https:\/\/www.itakaescolapios.org\/wp-content\/uploads\/2024\/04\/Logo-itakaescolapios-peque.png","contentUrl":"https:\/\/www.itakaescolapios.org\/wp-content\/uploads\/2024\/04\/Logo-itakaescolapios-peque.png","width":500,"height":199,"caption":"Fundaci\u00f3 Itaka-Escolapios"},"image":{"@id":"https:\/\/www.itakaescolapios.org\/fr\/es\/#\/schema\/logo\/image\/"}},{"@type":"Person","@id":"https:\/\/www.itakaescolapios.org\/es\/#\/schema\/person\/d2844383e29bfdfef69039672ce14eb1","name":"cameroun01","url":"https:\/\/www.itakaescolapios.org\/fr\/author\/cameroun01\/"}]}},"_links":{"self":[{"href":"https:\/\/www.itakaescolapios.org\/fr\/wp-json\/wp\/v2\/posts\/36317","targetHints":{"allow":["GET"]}}],"collection":[{"href":"https:\/\/www.itakaescolapios.org\/fr\/wp-json\/wp\/v2\/posts"}],"about":[{"href":"https:\/\/www.itakaescolapios.org\/fr\/wp-json\/wp\/v2\/types\/post"}],"author":[{"embeddable":true,"href":"https:\/\/www.itakaescolapios.org\/fr\/wp-json\/wp\/v2\/users\/15"}],"replies":[{"embeddable":true,"href":"https:\/\/www.itakaescolapios.org\/fr\/wp-json\/wp\/v2\/comments?post=36317"}],"version-history":[{"count":3,"href":"https:\/\/www.itakaescolapios.org\/fr\/wp-json\/wp\/v2\/posts\/36317\/revisions"}],"predecessor-version":[{"id":44012,"href":"https:\/\/www.itakaescolapios.org\/fr\/wp-json\/wp\/v2\/posts\/36317\/revisions\/44012"}],"wp:featuredmedia":[{"embeddable":true,"href":"https:\/\/www.itakaescolapios.org\/fr\/wp-json\/wp\/v2\/media\/36319"}],"wp:attachment":[{"href":"https:\/\/www.itakaescolapios.org\/fr\/wp-json\/wp\/v2\/media?parent=36317"}],"wp:term":[{"taxonomy":"category","embeddable":true,"href":"https:\/\/www.itakaescolapios.org\/fr\/wp-json\/wp\/v2\/categories?post=36317"},{"taxonomy":"post_tag","embeddable":true,"href":"https:\/\/www.itakaescolapios.org\/fr\/wp-json\/wp\/v2\/tags?post=36317"}],"curies":[{"name":"wp","href":"https:\/\/api.w.org\/{rel}","templated":true}]}}