{"id":36453,"date":"2022-04-04T13:03:22","date_gmt":"2022-04-04T12:03:22","guid":{"rendered":"https:\/\/www.itakaescolapios.org\/?p=36453"},"modified":"2023-11-28T12:35:48","modified_gmt":"2023-11-28T11:35:48","slug":"francais-visite-de-nazareth-center-par-le-ministere-des-petites-et-moyenes-entreprises-de-mint-nkwem-bamenda","status":"publish","type":"post","link":"https:\/\/www.itakaescolapios.org\/fr\/2022\/04\/francais-visite-de-nazareth-center-par-le-ministere-des-petites-et-moyenes-entreprises-de-mint-nkwem-bamenda\/","title":{"rendered":"VISITE DE NAZARETH CENTER PAR LE MINISTERE DES PETITES ET MOYENES ENTREPRISES DE MINT-NKWEM ( BAMENDA)"},"content":{"rendered":"<p>Ce samedi 02 Avril 2022 a eu lieu une visite du minist\u00e8re des petites et moyennes entreprises de Mint-Nkwem \u00e0 Nazareth center ( Bamenda ), avec pour but d&rsquo;\u00e9valuer les infrastructures et la logistique d&rsquo;accueil du centre, afin de lui accorder la validation des modules de formation et des dispositifs d&rsquo;accompagnement dont la demande a \u00e9t\u00e9 faite r\u00e9cemment. Une \u00e9quipe technique \u00e9tait pr\u00e9sente, accompagn\u00e9e du p\u00e8re Rauch (Directeur de Nazareth Center)\u00a0 sur le terrain. Ils ont fait le tour du centre pour savoir r\u00e9ellement ce qu&rsquo;il en est.<\/p>\n<p><img decoding=\"async\" class=\"size-full wp-image-36454 aligncenter\" src=\"https:\/\/www.itakaescolapios.org\/wp-content\/uploads\/2022\/04\/IMG-20220404-WA0014.jpg\" alt=\"\" width=\"1008\" height=\"567\" srcset=\"https:\/\/www.itakaescolapios.org\/wp-content\/uploads\/2022\/04\/IMG-20220404-WA0014.jpg 1008w, https:\/\/www.itakaescolapios.org\/wp-content\/uploads\/2022\/04\/IMG-20220404-WA0014-300x169.jpg 300w, https:\/\/www.itakaescolapios.org\/wp-content\/uploads\/2022\/04\/IMG-20220404-WA0014-768x432.jpg 768w, https:\/\/www.itakaescolapios.org\/wp-content\/uploads\/2022\/04\/IMG-20220404-WA0014-250x141.jpg 250w\" sizes=\"(max-width: 1008px) 100vw, 1008px\" \/><\/p>\n<p><img decoding=\"async\" class=\"size-full wp-image-36455 aligncenter\" src=\"https:\/\/www.itakaescolapios.org\/wp-content\/uploads\/2022\/04\/IMG-20220404-WA0012.jpg\" alt=\"\" width=\"1008\" height=\"567\" srcset=\"https:\/\/www.itakaescolapios.org\/wp-content\/uploads\/2022\/04\/IMG-20220404-WA0012.jpg 1008w, https:\/\/www.itakaescolapios.org\/wp-content\/uploads\/2022\/04\/IMG-20220404-WA0012-300x169.jpg 300w, https:\/\/www.itakaescolapios.org\/wp-content\/uploads\/2022\/04\/IMG-20220404-WA0012-768x432.jpg 768w, https:\/\/www.itakaescolapios.org\/wp-content\/uploads\/2022\/04\/IMG-20220404-WA0012-250x141.jpg 250w\" sizes=\"(max-width: 1008px) 100vw, 1008px\" \/><\/p>\n","protected":false},"excerpt":{"rendered":"<p>Ce samedi 02 Avril 2022 a eu lieu une visite du minist\u00e8re des petites et moyennes entreprises de Mint-Nkwem \u00e0 Nazareth center ( Bamenda ), avec pour but d&rsquo;\u00e9valuer les [&hellip;]<\/p>\n","protected":false},"author":15,"featured_media":36456,"comment_status":"closed","ping_status":"closed","sticky":false,"template":"","format":"standard","meta":{"_et_pb_use_builder":"","_et_pb_old_content":"","_et_gb_content_width":"","footnotes":""},"categories":[53,10],"tags":[],"class_list":["post-36453","post","type-post","status-publish","format-standard","has-post-thumbnail","hentry","category-africa-central","category-camerun"],"yoast_head":"<!-- This site is optimized with the Yoast SEO plugin v27.4 - https:\/\/yoast.com\/product\/yoast-seo-wordpress\/ -->\n<title>VISITE DE NAZARETH CENTER PAR LE MINISTERE DES PETITES ET MOYENES ENTREPRISES DE MINT-NKWEM ( BAMENDA)<\/title>\n<meta name=\"description\" content=\"Ce samedi 02 Avril 2022 a eu lieu une visite du minist\u00e8re des petites et moyennes entreprises de Mint-Nkwem \u00e0 Nazareth center ( Bamenda ), avec pour but d&#039;\u00e9valuer les infrastructures et la logistique d&#039;accueil du centre, afin de lui accorder la validation des modules de formation et des dispositifs d&#039;accompagnement dont la demande a\u2026\" \/>\n<meta name=\"robots\" content=\"index, follow, max-snippet:-1, max-image-preview:large, max-video-preview:-1\" \/>\n<link rel=\"canonical\" href=\"http:\/\/Ce%20samedi%2002%20Avril%202022%20a%20eu%20lieu%20une%20visite%20du%20minist\u00e8re%20des%20petites%20et%20moyennes%20entreprises%20de%20Mint-Nkwem%20\u00e0%20Nazareth%20center%20(%20Bamenda%20),%20avec%20pour%20but%20d'\u00e9valuer%20les%20infrastructures%20et%20la%20logistique%20d'accueil%20du%20centre,%20afin%20de%20lui%20accorder%20la%20validation%20des%20modules%20de%20formation%20et%20des%20dispositifs%20d'accompagnement%20dont%20la%20demande%20a\u2026\" \/>\n<meta property=\"og:locale\" content=\"fr_FR\" \/>\n<meta property=\"og:type\" content=\"article\" \/>\n<meta property=\"og:title\" content=\"VISITE DE NAZARETH CENTER PAR LE MINISTERE DES PETITES ET MOYENES ENTREPRISES DE MINT-NKWEM ( BAMENDA)\" \/>\n<meta property=\"og:description\" content=\"Ce samedi 02 Avril 2022 a eu lieu une visite du minist\u00e8re des petites et moyennes entreprises de Mint-Nkwem \u00e0 Nazareth center ( Bamenda ), avec pour but d&#039;\u00e9valuer les infrastructures et la logistique d&#039;accueil du centre, afin de lui accorder la validation des modules de formation et des dispositifs d&#039;accompagnement dont la demande a\u2026\" \/>\n<meta property=\"og:url\" content=\"https:\/\/www.itakaescolapios.org\/fr\/2022\/04\/francais-visite-de-nazareth-center-par-le-ministere-des-petites-et-moyenes-entreprises-de-mint-nkwem-bamenda\/\" \/>\n<meta property=\"og:site_name\" content=\"Itaka-Escolapios\" \/>\n<meta property=\"article:published_time\" content=\"2022-04-04T12:03:22+00:00\" \/>\n<meta property=\"article:modified_time\" content=\"2023-11-28T11:35:48+00:00\" \/>\n<meta property=\"og:image\" content=\"https:\/\/www.itakaescolapios.org\/wp-content\/uploads\/2022\/04\/IMG-20220404-WA0013.jpg\" \/>\n\t<meta property=\"og:image:width\" content=\"1008\" \/>\n\t<meta property=\"og:image:height\" content=\"567\" \/>\n\t<meta property=\"og:image:type\" content=\"image\/jpeg\" \/>\n<meta name=\"author\" content=\"cameroun01\" \/>\n<meta name=\"twitter:card\" content=\"summary_large_image\" \/>\n<meta name=\"twitter:label1\" content=\"\u00c9crit par\" \/>\n\t<meta name=\"twitter:data1\" content=\"cameroun01\" \/>\n\t<meta name=\"twitter:label2\" content=\"Dur\u00e9e de lecture estim\u00e9e\" \/>\n\t<meta name=\"twitter:data2\" content=\"1 minute\" \/>\n<script type=\"application\/ld+json\" class=\"yoast-schema-graph\">{\"@context\":\"https:\\\/\\\/schema.org\",\"@graph\":[{\"@type\":\"Article\",\"@id\":\"https:\\\/\\\/www.itakaescolapios.org\\\/fr\\\/2022\\\/04\\\/francais-visite-de-nazareth-center-par-le-ministere-des-petites-et-moyenes-entreprises-de-mint-nkwem-bamenda\\\/#article\",\"isPartOf\":{\"@id\":\"https:\\\/\\\/www.itakaescolapios.org\\\/fr\\\/2022\\\/04\\\/francais-visite-de-nazareth-center-par-le-ministere-des-petites-et-moyenes-entreprises-de-mint-nkwem-bamenda\\\/\"},\"author\":{\"name\":\"cameroun01\",\"@id\":\"https:\\\/\\\/www.itakaescolapios.org\\\/es\\\/#\\\/schema\\\/person\\\/d2844383e29bfdfef69039672ce14eb1\"},\"headline\":\"VISITE DE NAZARETH CENTER PAR LE MINISTERE DES PETITES ET MOYENES ENTREPRISES DE MINT-NKWEM ( BAMENDA)\",\"datePublished\":\"2022-04-04T12:03:22+00:00\",\"dateModified\":\"2023-11-28T11:35:48+00:00\",\"mainEntityOfPage\":{\"@id\":\"https:\\\/\\\/www.itakaescolapios.org\\\/fr\\\/2022\\\/04\\\/francais-visite-de-nazareth-center-par-le-ministere-des-petites-et-moyenes-entreprises-de-mint-nkwem-bamenda\\\/\"},\"wordCount\":168,\"publisher\":{\"@id\":\"https:\\\/\\\/www.itakaescolapios.org\\\/es\\\/#organization\"},\"image\":{\"@id\":\"https:\\\/\\\/www.itakaescolapios.org\\\/fr\\\/2022\\\/04\\\/francais-visite-de-nazareth-center-par-le-ministere-des-petites-et-moyenes-entreprises-de-mint-nkwem-bamenda\\\/#primaryimage\"},\"thumbnailUrl\":\"https:\\\/\\\/www.itakaescolapios.org\\\/wp-content\\\/uploads\\\/2022\\\/04\\\/IMG-20220404-WA0013.jpg\",\"articleSection\":[\"Afrique centrale\",\"Cameroun\"],\"inLanguage\":\"fr-FR\"},{\"@type\":\"WebPage\",\"@id\":\"https:\\\/\\\/www.itakaescolapios.org\\\/fr\\\/2022\\\/04\\\/francais-visite-de-nazareth-center-par-le-ministere-des-petites-et-moyenes-entreprises-de-mint-nkwem-bamenda\\\/\",\"url\":\"https:\\\/\\\/www.itakaescolapios.org\\\/fr\\\/2022\\\/04\\\/francais-visite-de-nazareth-center-par-le-ministere-des-petites-et-moyenes-entreprises-de-mint-nkwem-bamenda\\\/\",\"name\":\"- Itaka-Escolapios\",\"isPartOf\":{\"@id\":\"https:\\\/\\\/www.itakaescolapios.org\\\/es\\\/#website\"},\"primaryImageOfPage\":{\"@id\":\"https:\\\/\\\/www.itakaescolapios.org\\\/fr\\\/2022\\\/04\\\/francais-visite-de-nazareth-center-par-le-ministere-des-petites-et-moyenes-entreprises-de-mint-nkwem-bamenda\\\/#primaryimage\"},\"image\":{\"@id\":\"https:\\\/\\\/www.itakaescolapios.org\\\/fr\\\/2022\\\/04\\\/francais-visite-de-nazareth-center-par-le-ministere-des-petites-et-moyenes-entreprises-de-mint-nkwem-bamenda\\\/#primaryimage\"},\"thumbnailUrl\":\"https:\\\/\\\/www.itakaescolapios.org\\\/wp-content\\\/uploads\\\/2022\\\/04\\\/IMG-20220404-WA0013.jpg\",\"datePublished\":\"2022-04-04T12:03:22+00:00\",\"dateModified\":\"2023-11-28T11:35:48+00:00\",\"breadcrumb\":{\"@id\":\"https:\\\/\\\/www.itakaescolapios.org\\\/fr\\\/2022\\\/04\\\/francais-visite-de-nazareth-center-par-le-ministere-des-petites-et-moyenes-entreprises-de-mint-nkwem-bamenda\\\/#breadcrumb\"},\"inLanguage\":\"fr-FR\",\"potentialAction\":[{\"@type\":\"ReadAction\",\"target\":[\"https:\\\/\\\/www.itakaescolapios.org\\\/fr\\\/2022\\\/04\\\/francais-visite-de-nazareth-center-par-le-ministere-des-petites-et-moyenes-entreprises-de-mint-nkwem-bamenda\\\/\"]}]},{\"@type\":\"ImageObject\",\"inLanguage\":\"fr-FR\",\"@id\":\"https:\\\/\\\/www.itakaescolapios.org\\\/fr\\\/2022\\\/04\\\/francais-visite-de-nazareth-center-par-le-ministere-des-petites-et-moyenes-entreprises-de-mint-nkwem-bamenda\\\/#primaryimage\",\"url\":\"https:\\\/\\\/www.itakaescolapios.org\\\/wp-content\\\/uploads\\\/2022\\\/04\\\/IMG-20220404-WA0013.jpg\",\"contentUrl\":\"https:\\\/\\\/www.itakaescolapios.org\\\/wp-content\\\/uploads\\\/2022\\\/04\\\/IMG-20220404-WA0013.jpg\",\"width\":1008,\"height\":567},{\"@type\":\"BreadcrumbList\",\"@id\":\"https:\\\/\\\/www.itakaescolapios.org\\\/fr\\\/2022\\\/04\\\/francais-visite-de-nazareth-center-par-le-ministere-des-petites-et-moyenes-entreprises-de-mint-nkwem-bamenda\\\/#breadcrumb\",\"itemListElement\":[{\"@type\":\"ListItem\",\"position\":1,\"name\":\"Itaka-Escolapios\",\"item\":\"https:\\\/\\\/www.itakaescolapios.org\\\/es\\\/\"},{\"@type\":\"ListItem\",\"position\":2,\"name\":\"VISITE DE NAZARETH CENTER PAR LE MINISTERE DES PETITES ET MOYENES ENTREPRISES DE MINT-NKWEM ( BAMENDA)\"}]},{\"@type\":\"WebSite\",\"@id\":\"https:\\\/\\\/www.itakaescolapios.org\\\/fr\\\/es\\\/#website\",\"url\":\"https:\\\/\\\/www.itakaescolapios.org\\\/fr\\\/es\\\/\",\"name\":\"Itaka-Escolapios\",\"description\":\"Red de Itaka-Escolapios\",\"publisher\":{\"@id\":\"https:\\\/\\\/www.itakaescolapios.org\\\/fr\\\/es\\\/#organization\"},\"potentialAction\":[{\"@type\":\"SearchAction\",\"target\":{\"@type\":\"EntryPoint\",\"urlTemplate\":\"https:\\\/\\\/www.itakaescolapios.org\\\/fr\\\/es\\\/?s={search_term_string}\"},\"query-input\":{\"@type\":\"PropertyValueSpecification\",\"valueRequired\":true,\"valueName\":\"search_term_string\"}}],\"inLanguage\":\"fr-FR\"},{\"@type\":\"Organization\",\"@id\":\"https:\\\/\\\/www.itakaescolapios.org\\\/fr\\\/es\\\/#organization\",\"name\":\"Fundaci\u00f3 Itaka-Escolapios\",\"url\":\"https:\\\/\\\/www.itakaescolapios.org\\\/fr\\\/es\\\/\",\"logo\":{\"@type\":\"ImageObject\",\"inLanguage\":\"fr-FR\",\"@id\":\"https:\\\/\\\/www.itakaescolapios.org\\\/fr\\\/es\\\/#\\\/schema\\\/logo\\\/image\\\/\",\"url\":\"https:\\\/\\\/www.itakaescolapios.org\\\/wp-content\\\/uploads\\\/2024\\\/04\\\/Logo-itakaescolapios-peque.png\",\"contentUrl\":\"https:\\\/\\\/www.itakaescolapios.org\\\/wp-content\\\/uploads\\\/2024\\\/04\\\/Logo-itakaescolapios-peque.png\",\"width\":500,\"height\":199,\"caption\":\"Fundaci\u00f3 Itaka-Escolapios\"},\"image\":{\"@id\":\"https:\\\/\\\/www.itakaescolapios.org\\\/fr\\\/es\\\/#\\\/schema\\\/logo\\\/image\\\/\"}},{\"@type\":\"Person\",\"@id\":\"https:\\\/\\\/www.itakaescolapios.org\\\/es\\\/#\\\/schema\\\/person\\\/d2844383e29bfdfef69039672ce14eb1\",\"name\":\"cameroun01\",\"url\":\"https:\\\/\\\/www.itakaescolapios.org\\\/fr\\\/author\\\/cameroun01\\\/\"}]}<\/script>\n<!-- \/ Yoast SEO plugin. -->","yoast_head_json":{"title":"VISITE DE NAZARETH CENTER PAR LE MINISTERE DES PETITES ET MOYENES ENTREPRISES DE MINT-NKWEM ( BAMENDA)","description":"Ce samedi 02 Avril 2022 a eu lieu une visite du minist\u00e8re des petites et moyennes entreprises de Mint-Nkwem \u00e0 Nazareth center ( Bamenda ), avec pour but d'\u00e9valuer les infrastructures et la logistique d'accueil du centre, afin de lui accorder la validation des modules de formation et des dispositifs d'accompagnement dont la demande a\u2026","robots":{"index":"index","follow":"follow","max-snippet":"max-snippet:-1","max-image-preview":"max-image-preview:large","max-video-preview":"max-video-preview:-1"},"canonical":"Ce samedi 02 Avril 2022 a eu lieu une visite du minist\u00e8re des petites et moyennes entreprises de Mint-Nkwem \u00e0 Nazareth center ( Bamenda ), avec pour but d'\u00e9valuer les infrastructures et la logistique d'accueil du centre, afin de lui accorder la validation des modules de formation et des dispositifs d'accompagnement dont la demande a\u2026","og_locale":"fr_FR","og_type":"article","og_title":"VISITE DE NAZARETH CENTER PAR LE MINISTERE DES PETITES ET MOYENES ENTREPRISES DE MINT-NKWEM ( BAMENDA)","og_description":"Ce samedi 02 Avril 2022 a eu lieu une visite du minist\u00e8re des petites et moyennes entreprises de Mint-Nkwem \u00e0 Nazareth center ( Bamenda ), avec pour but d'\u00e9valuer les infrastructures et la logistique d'accueil du centre, afin de lui accorder la validation des modules de formation et des dispositifs d'accompagnement dont la demande a\u2026","og_url":"https:\/\/www.itakaescolapios.org\/fr\/2022\/04\/francais-visite-de-nazareth-center-par-le-ministere-des-petites-et-moyenes-entreprises-de-mint-nkwem-bamenda\/","og_site_name":"Itaka-Escolapios","article_published_time":"2022-04-04T12:03:22+00:00","article_modified_time":"2023-11-28T11:35:48+00:00","og_image":[{"width":1008,"height":567,"url":"https:\/\/www.itakaescolapios.org\/wp-content\/uploads\/2022\/04\/IMG-20220404-WA0013.jpg","type":"image\/jpeg"}],"author":"cameroun01","twitter_card":"summary_large_image","twitter_misc":{"\u00c9crit par":"cameroun01","Dur\u00e9e de lecture estim\u00e9e":"1 minute"},"schema":{"@context":"https:\/\/schema.org","@graph":[{"@type":"Article","@id":"https:\/\/www.itakaescolapios.org\/fr\/2022\/04\/francais-visite-de-nazareth-center-par-le-ministere-des-petites-et-moyenes-entreprises-de-mint-nkwem-bamenda\/#article","isPartOf":{"@id":"https:\/\/www.itakaescolapios.org\/fr\/2022\/04\/francais-visite-de-nazareth-center-par-le-ministere-des-petites-et-moyenes-entreprises-de-mint-nkwem-bamenda\/"},"author":{"name":"cameroun01","@id":"https:\/\/www.itakaescolapios.org\/es\/#\/schema\/person\/d2844383e29bfdfef69039672ce14eb1"},"headline":"VISITE DE NAZARETH CENTER PAR LE MINISTERE DES PETITES ET MOYENES ENTREPRISES DE MINT-NKWEM ( BAMENDA)","datePublished":"2022-04-04T12:03:22+00:00","dateModified":"2023-11-28T11:35:48+00:00","mainEntityOfPage":{"@id":"https:\/\/www.itakaescolapios.org\/fr\/2022\/04\/francais-visite-de-nazareth-center-par-le-ministere-des-petites-et-moyenes-entreprises-de-mint-nkwem-bamenda\/"},"wordCount":168,"publisher":{"@id":"https:\/\/www.itakaescolapios.org\/es\/#organization"},"image":{"@id":"https:\/\/www.itakaescolapios.org\/fr\/2022\/04\/francais-visite-de-nazareth-center-par-le-ministere-des-petites-et-moyenes-entreprises-de-mint-nkwem-bamenda\/#primaryimage"},"thumbnailUrl":"https:\/\/www.itakaescolapios.org\/wp-content\/uploads\/2022\/04\/IMG-20220404-WA0013.jpg","articleSection":["Afrique centrale","Cameroun"],"inLanguage":"fr-FR"},{"@type":"WebPage","@id":"https:\/\/www.itakaescolapios.org\/fr\/2022\/04\/francais-visite-de-nazareth-center-par-le-ministere-des-petites-et-moyenes-entreprises-de-mint-nkwem-bamenda\/","url":"https:\/\/www.itakaescolapios.org\/fr\/2022\/04\/francais-visite-de-nazareth-center-par-le-ministere-des-petites-et-moyenes-entreprises-de-mint-nkwem-bamenda\/","name":"- Itaka-Escolapios","isPartOf":{"@id":"https:\/\/www.itakaescolapios.org\/es\/#website"},"primaryImageOfPage":{"@id":"https:\/\/www.itakaescolapios.org\/fr\/2022\/04\/francais-visite-de-nazareth-center-par-le-ministere-des-petites-et-moyenes-entreprises-de-mint-nkwem-bamenda\/#primaryimage"},"image":{"@id":"https:\/\/www.itakaescolapios.org\/fr\/2022\/04\/francais-visite-de-nazareth-center-par-le-ministere-des-petites-et-moyenes-entreprises-de-mint-nkwem-bamenda\/#primaryimage"},"thumbnailUrl":"https:\/\/www.itakaescolapios.org\/wp-content\/uploads\/2022\/04\/IMG-20220404-WA0013.jpg","datePublished":"2022-04-04T12:03:22+00:00","dateModified":"2023-11-28T11:35:48+00:00","breadcrumb":{"@id":"https:\/\/www.itakaescolapios.org\/fr\/2022\/04\/francais-visite-de-nazareth-center-par-le-ministere-des-petites-et-moyenes-entreprises-de-mint-nkwem-bamenda\/#breadcrumb"},"inLanguage":"fr-FR","potentialAction":[{"@type":"ReadAction","target":["https:\/\/www.itakaescolapios.org\/fr\/2022\/04\/francais-visite-de-nazareth-center-par-le-ministere-des-petites-et-moyenes-entreprises-de-mint-nkwem-bamenda\/"]}]},{"@type":"ImageObject","inLanguage":"fr-FR","@id":"https:\/\/www.itakaescolapios.org\/fr\/2022\/04\/francais-visite-de-nazareth-center-par-le-ministere-des-petites-et-moyenes-entreprises-de-mint-nkwem-bamenda\/#primaryimage","url":"https:\/\/www.itakaescolapios.org\/wp-content\/uploads\/2022\/04\/IMG-20220404-WA0013.jpg","contentUrl":"https:\/\/www.itakaescolapios.org\/wp-content\/uploads\/2022\/04\/IMG-20220404-WA0013.jpg","width":1008,"height":567},{"@type":"BreadcrumbList","@id":"https:\/\/www.itakaescolapios.org\/fr\/2022\/04\/francais-visite-de-nazareth-center-par-le-ministere-des-petites-et-moyenes-entreprises-de-mint-nkwem-bamenda\/#breadcrumb","itemListElement":[{"@type":"ListItem","position":1,"name":"Itaka-Escolapios","item":"https:\/\/www.itakaescolapios.org\/es\/"},{"@type":"ListItem","position":2,"name":"VISITE DE NAZARETH CENTER PAR LE MINISTERE DES PETITES ET MOYENES ENTREPRISES DE MINT-NKWEM ( BAMENDA)"}]},{"@type":"WebSite","@id":"https:\/\/www.itakaescolapios.org\/fr\/es\/#website","url":"https:\/\/www.itakaescolapios.org\/fr\/es\/","name":"Itaka-Escolapios","description":"Red de Itaka-Escolapios","publisher":{"@id":"https:\/\/www.itakaescolapios.org\/fr\/es\/#organization"},"potentialAction":[{"@type":"SearchAction","target":{"@type":"EntryPoint","urlTemplate":"https:\/\/www.itakaescolapios.org\/fr\/es\/?s={search_term_string}"},"query-input":{"@type":"PropertyValueSpecification","valueRequired":true,"valueName":"search_term_string"}}],"inLanguage":"fr-FR"},{"@type":"Organization","@id":"https:\/\/www.itakaescolapios.org\/fr\/es\/#organization","name":"Fundaci\u00f3 Itaka-Escolapios","url":"https:\/\/www.itakaescolapios.org\/fr\/es\/","logo":{"@type":"ImageObject","inLanguage":"fr-FR","@id":"https:\/\/www.itakaescolapios.org\/fr\/es\/#\/schema\/logo\/image\/","url":"https:\/\/www.itakaescolapios.org\/wp-content\/uploads\/2024\/04\/Logo-itakaescolapios-peque.png","contentUrl":"https:\/\/www.itakaescolapios.org\/wp-content\/uploads\/2024\/04\/Logo-itakaescolapios-peque.png","width":500,"height":199,"caption":"Fundaci\u00f3 Itaka-Escolapios"},"image":{"@id":"https:\/\/www.itakaescolapios.org\/fr\/es\/#\/schema\/logo\/image\/"}},{"@type":"Person","@id":"https:\/\/www.itakaescolapios.org\/es\/#\/schema\/person\/d2844383e29bfdfef69039672ce14eb1","name":"cameroun01","url":"https:\/\/www.itakaescolapios.org\/fr\/author\/cameroun01\/"}]}},"_links":{"self":[{"href":"https:\/\/www.itakaescolapios.org\/fr\/wp-json\/wp\/v2\/posts\/36453","targetHints":{"allow":["GET"]}}],"collection":[{"href":"https:\/\/www.itakaescolapios.org\/fr\/wp-json\/wp\/v2\/posts"}],"about":[{"href":"https:\/\/www.itakaescolapios.org\/fr\/wp-json\/wp\/v2\/types\/post"}],"author":[{"embeddable":true,"href":"https:\/\/www.itakaescolapios.org\/fr\/wp-json\/wp\/v2\/users\/15"}],"replies":[{"embeddable":true,"href":"https:\/\/www.itakaescolapios.org\/fr\/wp-json\/wp\/v2\/comments?post=36453"}],"version-history":[{"count":4,"href":"https:\/\/www.itakaescolapios.org\/fr\/wp-json\/wp\/v2\/posts\/36453\/revisions"}],"predecessor-version":[{"id":43986,"href":"https:\/\/www.itakaescolapios.org\/fr\/wp-json\/wp\/v2\/posts\/36453\/revisions\/43986"}],"wp:featuredmedia":[{"embeddable":true,"href":"https:\/\/www.itakaescolapios.org\/fr\/wp-json\/wp\/v2\/media\/36456"}],"wp:attachment":[{"href":"https:\/\/www.itakaescolapios.org\/fr\/wp-json\/wp\/v2\/media?parent=36453"}],"wp:term":[{"taxonomy":"category","embeddable":true,"href":"https:\/\/www.itakaescolapios.org\/fr\/wp-json\/wp\/v2\/categories?post=36453"},{"taxonomy":"post_tag","embeddable":true,"href":"https:\/\/www.itakaescolapios.org\/fr\/wp-json\/wp\/v2\/tags?post=36453"}],"curies":[{"name":"wp","href":"https:\/\/api.w.org\/{rel}","templated":true}]}}