{"id":36627,"date":"2022-05-01T08:09:54","date_gmt":"2022-05-01T07:09:54","guid":{"rendered":"https:\/\/www.itakaescolapios.org\/?p=36627"},"modified":"2023-11-28T12:35:47","modified_gmt":"2023-11-28T11:35:47","slug":"francais-reunion-de-lequipe-operationnelle-ditaka-escolapios-province-dafrique-centrale-au-complexe-scolaire-bilingue-saint-joseph-calasanz-de-messamendongo-a-yaounde-au-cameroun","status":"publish","type":"post","link":"https:\/\/www.itakaescolapios.org\/fr\/2022\/05\/francais-reunion-de-lequipe-operationnelle-ditaka-escolapios-province-dafrique-centrale-au-complexe-scolaire-bilingue-saint-joseph-calasanz-de-messamendongo-a-yaounde-au-cameroun\/","title":{"rendered":"REUNION DE L'EQUIPE OP\u00c9RATIONNELLE D'ITAKA ESCOLAPIOS PROVINCE D'AFRIQUE CENTRALE AU COMPLEXE SCOLAIRE BILINGUE SAINT JOSEPH CALASANZ DE MESSAMENDONGO \u00c0 YAOUNDE AU Cameroun"},"content":{"rendered":"<p>Vendredi 29 avril 2022, l&rsquo;equipe op\u00e9rationnelle de la fondation Itaka Escolapios s&rsquo;est rendue au complexe scolaire bilingue Saint Joseph Calasanz de Messamendongo ( yaound\u00e9 Cameroun ) en vue de faire une evaluation des objectifs fix\u00e9s au d\u00e9but et pendant l&rsquo;ann\u00e9e. Nous pouvons noter ici que la pastorale se d\u00e9roule bien, les bapt\u00eames sont pr\u00e9vus pour la fin d&rsquo;ann\u00e9e , les cours \u00e9galement se font dans de bonnes conditions. En d\u00e9pit du fait que le campus reste toujours en chantier, le corps administratif du complexe se bat afin d&rsquo;\u00e9voluer voir finir avec les travaux . Mais, d&rsquo;une fa\u00e7on g\u00e9n\u00e9rale les activit\u00e9s se d\u00e9roulent \u00e0 merveille.<\/p>\n<p><img decoding=\"async\" class=\"size-full wp-image-36631 aligncenter\" src=\"https:\/\/www.itakaescolapios.org\/wp-content\/uploads\/2022\/05\/20220429_094041-scaled.jpg\" alt=\"\" width=\"2560\" height=\"1920\" srcset=\"https:\/\/www.itakaescolapios.org\/wp-content\/uploads\/2022\/05\/20220429_094041-scaled.jpg 2000w, https:\/\/www.itakaescolapios.org\/wp-content\/uploads\/2022\/05\/20220429_094041-300x225.jpg 300w, https:\/\/www.itakaescolapios.org\/wp-content\/uploads\/2022\/05\/20220429_094041-1024x768.jpg 1024w, https:\/\/www.itakaescolapios.org\/wp-content\/uploads\/2022\/05\/20220429_094041-768x576.jpg 768w, https:\/\/www.itakaescolapios.org\/wp-content\/uploads\/2022\/05\/20220429_094041-1536x1152.jpg 1536w, https:\/\/www.itakaescolapios.org\/wp-content\/uploads\/2022\/05\/20220429_094041-2048x1536.jpg 2048w, https:\/\/www.itakaescolapios.org\/wp-content\/uploads\/2022\/05\/20220429_094041-250x188.jpg 250w, https:\/\/www.itakaescolapios.org\/wp-content\/uploads\/2022\/05\/20220429_094041-510x382.jpg 510w, https:\/\/www.itakaescolapios.org\/wp-content\/uploads\/2022\/05\/20220429_094041-1080x810.jpg 1080w\" sizes=\"(max-width: 2560px) 100vw, 2560px\" \/><\/p>\n","protected":false},"excerpt":{"rendered":"<p>Vendredi 29 avril 2022, l&rsquo;equipe op\u00e9rationnelle de la fondation Itaka Escolapios s&rsquo;est rendue au complexe scolaire bilingue Saint Joseph Calasanz de Messamendongo ( yaound\u00e9 Cameroun ) en vue de faire [&hellip;]<\/p>\n","protected":false},"author":15,"featured_media":36629,"comment_status":"closed","ping_status":"closed","sticky":false,"template":"","format":"standard","meta":{"_et_pb_use_builder":"","_et_pb_old_content":"","_et_gb_content_width":"","footnotes":""},"categories":[53,10],"tags":[],"class_list":["post-36627","post","type-post","status-publish","format-standard","has-post-thumbnail","hentry","category-africa-central","category-camerun"],"yoast_head":"<!-- This site is optimized with the Yoast SEO plugin v27.4 - https:\/\/yoast.com\/product\/yoast-seo-wordpress\/ -->\n<title>REUNION DE L&#039;EQUIPE OP\u00c9RATIONNELLE D&#039;ITAKA ESCOLAPIOS PROVINCE D&#039;AFRIQUE CENTRALE AU COMPLEXE SCOLAIRE BILINGUE SAINT JOSEPH CALASANZ DE MESSAMENDONGO \u00c0 YAOUNDE AU Cameroun<\/title>\n<meta name=\"description\" content=\"Vendredi 29 avril 2022, l&#039;equipe op\u00e9rationnelle de la fondation Itaka Escolapios s&#039;est rendue au complexe scolaire bilingue Saint Joseph Calasanz de Messamendongo ( yaound\u00e9 Cameroun ) en vue de faire une evaluation des objectifs fix\u00e9s au d\u00e9but et pendant l&#039;ann\u00e9e. Nous pouvons noter ici que la pastorale se d\u00e9roule bien, les bapt\u00eames sont pr\u00e9vus pour\u2026\" \/>\n<meta name=\"robots\" content=\"index, follow, max-snippet:-1, max-image-preview:large, max-video-preview:-1\" \/>\n<link rel=\"canonical\" href=\"http:\/\/Vendredi%2029%20avril%202022,%20l'equipe%20op\u00e9rationnelle%20de%20la%20fondation%20Itaka%20Escolapios%20s'est%20rendue%20au%20complexe%20scolaire%20bilingue%20Saint%20Joseph%20Calasanz%20de%20Messamendongo%20(%20yaound\u00e9%20Cameroun%20)%20en%20vue%20de%20faire%20une%20evaluation%20des%20objectifs%20fix\u00e9s%20au%20d\u00e9but%20et%20pendant%20l'ann\u00e9e.%20Nous%20pouvons%20noter%20ici%20que%20la%20pastorale%20se%20d\u00e9roule%20bien,%20les%20bapt\u00eames%20sont%20pr\u00e9vus%20pour\u2026\" \/>\n<meta property=\"og:locale\" content=\"fr_FR\" \/>\n<meta property=\"og:type\" content=\"article\" \/>\n<meta property=\"og:title\" content=\"REUNION DE L&#039;EQUIPE OP\u00c9RATIONNELLE D&#039;ITAKA ESCOLAPIOS PROVINCE D&#039;AFRIQUE CENTRALE AU COMPLEXE SCOLAIRE BILINGUE SAINT JOSEPH CALASANZ DE MESSAMENDONGO \u00c0 YAOUNDE AU Cameroun\" \/>\n<meta property=\"og:description\" content=\"Vendredi 29 avril 2022, l&#039;equipe op\u00e9rationnelle de la fondation Itaka Escolapios s&#039;est rendue au complexe scolaire bilingue Saint Joseph Calasanz de Messamendongo ( yaound\u00e9 Cameroun ) en vue de faire une evaluation des objectifs fix\u00e9s au d\u00e9but et pendant l&#039;ann\u00e9e. Nous pouvons noter ici que la pastorale se d\u00e9roule bien, les bapt\u00eames sont pr\u00e9vus pour\u2026\" \/>\n<meta property=\"og:url\" content=\"https:\/\/www.itakaescolapios.org\/fr\/2022\/05\/francais-reunion-de-lequipe-operationnelle-ditaka-escolapios-province-dafrique-centrale-au-complexe-scolaire-bilingue-saint-joseph-calasanz-de-messamendongo-a-yaounde-au-cameroun\/\" \/>\n<meta property=\"og:site_name\" content=\"Itaka-Escolapios\" \/>\n<meta property=\"article:published_time\" content=\"2022-05-01T07:09:54+00:00\" \/>\n<meta property=\"article:modified_time\" content=\"2023-11-28T11:35:47+00:00\" \/>\n<meta property=\"og:image\" content=\"https:\/\/www.itakaescolapios.org\/wp-content\/uploads\/2022\/05\/20220429_094057-scaled.jpg\" \/>\n\t<meta property=\"og:image:width\" content=\"2000\" \/>\n\t<meta property=\"og:image:height\" content=\"1500\" \/>\n\t<meta property=\"og:image:type\" content=\"image\/jpeg\" \/>\n<meta name=\"author\" content=\"cameroun01\" \/>\n<meta name=\"twitter:card\" content=\"summary_large_image\" \/>\n<meta name=\"twitter:label1\" content=\"\u00c9crit par\" \/>\n\t<meta name=\"twitter:data1\" content=\"cameroun01\" \/>\n\t<meta name=\"twitter:label2\" content=\"Dur\u00e9e de lecture estim\u00e9e\" \/>\n\t<meta name=\"twitter:data2\" content=\"1 minute\" \/>\n<script type=\"application\/ld+json\" class=\"yoast-schema-graph\">{\"@context\":\"https:\\\/\\\/schema.org\",\"@graph\":[{\"@type\":\"Article\",\"@id\":\"https:\\\/\\\/www.itakaescolapios.org\\\/fr\\\/2022\\\/05\\\/francais-reunion-de-lequipe-operationnelle-ditaka-escolapios-province-dafrique-centrale-au-complexe-scolaire-bilingue-saint-joseph-calasanz-de-messamendongo-a-yaounde-au-cameroun\\\/#article\",\"isPartOf\":{\"@id\":\"https:\\\/\\\/www.itakaescolapios.org\\\/fr\\\/2022\\\/05\\\/francais-reunion-de-lequipe-operationnelle-ditaka-escolapios-province-dafrique-centrale-au-complexe-scolaire-bilingue-saint-joseph-calasanz-de-messamendongo-a-yaounde-au-cameroun\\\/\"},\"author\":{\"name\":\"cameroun01\",\"@id\":\"https:\\\/\\\/www.itakaescolapios.org\\\/es\\\/#\\\/schema\\\/person\\\/d2844383e29bfdfef69039672ce14eb1\"},\"headline\":\"REUNION DE L'EQUIPE OP\u00c9RATIONNELLE D'ITAKA ESCOLAPIOS PROVINCE D'AFRIQUE CENTRALE AU COMPLEXE SCOLAIRE BILINGUE SAINT JOSEPH CALASANZ DE MESSAMENDONGO \u00c0 YAOUNDE AU Cameroun\",\"datePublished\":\"2022-05-01T07:09:54+00:00\",\"dateModified\":\"2023-11-28T11:35:47+00:00\",\"mainEntityOfPage\":{\"@id\":\"https:\\\/\\\/www.itakaescolapios.org\\\/fr\\\/2022\\\/05\\\/francais-reunion-de-lequipe-operationnelle-ditaka-escolapios-province-dafrique-centrale-au-complexe-scolaire-bilingue-saint-joseph-calasanz-de-messamendongo-a-yaounde-au-cameroun\\\/\"},\"wordCount\":118,\"publisher\":{\"@id\":\"https:\\\/\\\/www.itakaescolapios.org\\\/es\\\/#organization\"},\"image\":{\"@id\":\"https:\\\/\\\/www.itakaescolapios.org\\\/fr\\\/2022\\\/05\\\/francais-reunion-de-lequipe-operationnelle-ditaka-escolapios-province-dafrique-centrale-au-complexe-scolaire-bilingue-saint-joseph-calasanz-de-messamendongo-a-yaounde-au-cameroun\\\/#primaryimage\"},\"thumbnailUrl\":\"https:\\\/\\\/www.itakaescolapios.org\\\/wp-content\\\/uploads\\\/2022\\\/05\\\/20220429_094057-scaled.jpg\",\"articleSection\":[\"Afrique centrale\",\"Cameroun\"],\"inLanguage\":\"fr-FR\"},{\"@type\":\"WebPage\",\"@id\":\"https:\\\/\\\/www.itakaescolapios.org\\\/fr\\\/2022\\\/05\\\/francais-reunion-de-lequipe-operationnelle-ditaka-escolapios-province-dafrique-centrale-au-complexe-scolaire-bilingue-saint-joseph-calasanz-de-messamendongo-a-yaounde-au-cameroun\\\/\",\"url\":\"https:\\\/\\\/www.itakaescolapios.org\\\/fr\\\/2022\\\/05\\\/francais-reunion-de-lequipe-operationnelle-ditaka-escolapios-province-dafrique-centrale-au-complexe-scolaire-bilingue-saint-joseph-calasanz-de-messamendongo-a-yaounde-au-cameroun\\\/\",\"name\":\"- Itaka-Escolapios\",\"isPartOf\":{\"@id\":\"https:\\\/\\\/www.itakaescolapios.org\\\/es\\\/#website\"},\"primaryImageOfPage\":{\"@id\":\"https:\\\/\\\/www.itakaescolapios.org\\\/fr\\\/2022\\\/05\\\/francais-reunion-de-lequipe-operationnelle-ditaka-escolapios-province-dafrique-centrale-au-complexe-scolaire-bilingue-saint-joseph-calasanz-de-messamendongo-a-yaounde-au-cameroun\\\/#primaryimage\"},\"image\":{\"@id\":\"https:\\\/\\\/www.itakaescolapios.org\\\/fr\\\/2022\\\/05\\\/francais-reunion-de-lequipe-operationnelle-ditaka-escolapios-province-dafrique-centrale-au-complexe-scolaire-bilingue-saint-joseph-calasanz-de-messamendongo-a-yaounde-au-cameroun\\\/#primaryimage\"},\"thumbnailUrl\":\"https:\\\/\\\/www.itakaescolapios.org\\\/wp-content\\\/uploads\\\/2022\\\/05\\\/20220429_094057-scaled.jpg\",\"datePublished\":\"2022-05-01T07:09:54+00:00\",\"dateModified\":\"2023-11-28T11:35:47+00:00\",\"breadcrumb\":{\"@id\":\"https:\\\/\\\/www.itakaescolapios.org\\\/fr\\\/2022\\\/05\\\/francais-reunion-de-lequipe-operationnelle-ditaka-escolapios-province-dafrique-centrale-au-complexe-scolaire-bilingue-saint-joseph-calasanz-de-messamendongo-a-yaounde-au-cameroun\\\/#breadcrumb\"},\"inLanguage\":\"fr-FR\",\"potentialAction\":[{\"@type\":\"ReadAction\",\"target\":[\"https:\\\/\\\/www.itakaescolapios.org\\\/fr\\\/2022\\\/05\\\/francais-reunion-de-lequipe-operationnelle-ditaka-escolapios-province-dafrique-centrale-au-complexe-scolaire-bilingue-saint-joseph-calasanz-de-messamendongo-a-yaounde-au-cameroun\\\/\"]}]},{\"@type\":\"ImageObject\",\"inLanguage\":\"fr-FR\",\"@id\":\"https:\\\/\\\/www.itakaescolapios.org\\\/fr\\\/2022\\\/05\\\/francais-reunion-de-lequipe-operationnelle-ditaka-escolapios-province-dafrique-centrale-au-complexe-scolaire-bilingue-saint-joseph-calasanz-de-messamendongo-a-yaounde-au-cameroun\\\/#primaryimage\",\"url\":\"https:\\\/\\\/www.itakaescolapios.org\\\/wp-content\\\/uploads\\\/2022\\\/05\\\/20220429_094057-scaled.jpg\",\"contentUrl\":\"https:\\\/\\\/www.itakaescolapios.org\\\/wp-content\\\/uploads\\\/2022\\\/05\\\/20220429_094057-scaled.jpg\",\"width\":2000,\"height\":1500},{\"@type\":\"BreadcrumbList\",\"@id\":\"https:\\\/\\\/www.itakaescolapios.org\\\/fr\\\/2022\\\/05\\\/francais-reunion-de-lequipe-operationnelle-ditaka-escolapios-province-dafrique-centrale-au-complexe-scolaire-bilingue-saint-joseph-calasanz-de-messamendongo-a-yaounde-au-cameroun\\\/#breadcrumb\",\"itemListElement\":[{\"@type\":\"ListItem\",\"position\":1,\"name\":\"Itaka-Escolapios\",\"item\":\"https:\\\/\\\/www.itakaescolapios.org\\\/es\\\/\"},{\"@type\":\"ListItem\",\"position\":2,\"name\":\"REUNION DE L'EQUIPE OP\u00c9RATIONNELLE D'ITAKA ESCOLAPIOS PROVINCE D'AFRIQUE CENTRALE AU COMPLEXE SCOLAIRE BILINGUE SAINT JOSEPH CALASANZ DE MESSAMENDONGO \u00c0 YAOUNDE AU Cameroun\"}]},{\"@type\":\"WebSite\",\"@id\":\"https:\\\/\\\/www.itakaescolapios.org\\\/fr\\\/es\\\/#website\",\"url\":\"https:\\\/\\\/www.itakaescolapios.org\\\/fr\\\/es\\\/\",\"name\":\"Itaka-Escolapios\",\"description\":\"Red de Itaka-Escolapios\",\"publisher\":{\"@id\":\"https:\\\/\\\/www.itakaescolapios.org\\\/fr\\\/es\\\/#organization\"},\"potentialAction\":[{\"@type\":\"SearchAction\",\"target\":{\"@type\":\"EntryPoint\",\"urlTemplate\":\"https:\\\/\\\/www.itakaescolapios.org\\\/fr\\\/es\\\/?s={search_term_string}\"},\"query-input\":{\"@type\":\"PropertyValueSpecification\",\"valueRequired\":true,\"valueName\":\"search_term_string\"}}],\"inLanguage\":\"fr-FR\"},{\"@type\":\"Organization\",\"@id\":\"https:\\\/\\\/www.itakaescolapios.org\\\/fr\\\/es\\\/#organization\",\"name\":\"Fundaci\u00f3 Itaka-Escolapios\",\"url\":\"https:\\\/\\\/www.itakaescolapios.org\\\/fr\\\/es\\\/\",\"logo\":{\"@type\":\"ImageObject\",\"inLanguage\":\"fr-FR\",\"@id\":\"https:\\\/\\\/www.itakaescolapios.org\\\/fr\\\/es\\\/#\\\/schema\\\/logo\\\/image\\\/\",\"url\":\"https:\\\/\\\/www.itakaescolapios.org\\\/wp-content\\\/uploads\\\/2024\\\/04\\\/Logo-itakaescolapios-peque.png\",\"contentUrl\":\"https:\\\/\\\/www.itakaescolapios.org\\\/wp-content\\\/uploads\\\/2024\\\/04\\\/Logo-itakaescolapios-peque.png\",\"width\":500,\"height\":199,\"caption\":\"Fundaci\u00f3 Itaka-Escolapios\"},\"image\":{\"@id\":\"https:\\\/\\\/www.itakaescolapios.org\\\/fr\\\/es\\\/#\\\/schema\\\/logo\\\/image\\\/\"}},{\"@type\":\"Person\",\"@id\":\"https:\\\/\\\/www.itakaescolapios.org\\\/es\\\/#\\\/schema\\\/person\\\/d2844383e29bfdfef69039672ce14eb1\",\"name\":\"cameroun01\",\"url\":\"https:\\\/\\\/www.itakaescolapios.org\\\/fr\\\/author\\\/cameroun01\\\/\"}]}<\/script>\n<!-- \/ Yoast SEO plugin. -->","yoast_head_json":{"title":"REUNION DE L'EQUIPE OP\u00c9RATIONNELLE D'ITAKA ESCOLAPIOS PROVINCE D'AFRIQUE CENTRALE AU COMPLEXE SCOLAIRE BILINGUE SAINT JOSEPH CALASANZ DE MESSAMENDONGO \u00c0 YAOUNDE AU Cameroun","description":"Vendredi 29 avril 2022, l'equipe op\u00e9rationnelle de la fondation Itaka Escolapios s'est rendue au complexe scolaire bilingue Saint Joseph Calasanz de Messamendongo ( yaound\u00e9 Cameroun ) en vue de faire une evaluation des objectifs fix\u00e9s au d\u00e9but et pendant l'ann\u00e9e. Nous pouvons noter ici que la pastorale se d\u00e9roule bien, les bapt\u00eames sont pr\u00e9vus pour\u2026","robots":{"index":"index","follow":"follow","max-snippet":"max-snippet:-1","max-image-preview":"max-image-preview:large","max-video-preview":"max-video-preview:-1"},"canonical":"Vendredi 29 avril 2022, l'equipe op\u00e9rationnelle de la fondation Itaka Escolapios s'est rendue au complexe scolaire bilingue Saint Joseph Calasanz de Messamendongo ( yaound\u00e9 Cameroun ) en vue de faire une evaluation des objectifs fix\u00e9s au d\u00e9but et pendant l'ann\u00e9e. Nous pouvons noter ici que la pastorale se d\u00e9roule bien, les bapt\u00eames sont pr\u00e9vus pour\u2026","og_locale":"fr_FR","og_type":"article","og_title":"REUNION DE L'EQUIPE OP\u00c9RATIONNELLE D'ITAKA ESCOLAPIOS PROVINCE D'AFRIQUE CENTRALE AU COMPLEXE SCOLAIRE BILINGUE SAINT JOSEPH CALASANZ DE MESSAMENDONGO \u00c0 YAOUNDE AU Cameroun","og_description":"Vendredi 29 avril 2022, l'equipe op\u00e9rationnelle de la fondation Itaka Escolapios s'est rendue au complexe scolaire bilingue Saint Joseph Calasanz de Messamendongo ( yaound\u00e9 Cameroun ) en vue de faire une evaluation des objectifs fix\u00e9s au d\u00e9but et pendant l'ann\u00e9e. Nous pouvons noter ici que la pastorale se d\u00e9roule bien, les bapt\u00eames sont pr\u00e9vus pour\u2026","og_url":"https:\/\/www.itakaescolapios.org\/fr\/2022\/05\/francais-reunion-de-lequipe-operationnelle-ditaka-escolapios-province-dafrique-centrale-au-complexe-scolaire-bilingue-saint-joseph-calasanz-de-messamendongo-a-yaounde-au-cameroun\/","og_site_name":"Itaka-Escolapios","article_published_time":"2022-05-01T07:09:54+00:00","article_modified_time":"2023-11-28T11:35:47+00:00","og_image":[{"width":2000,"height":1500,"url":"https:\/\/www.itakaescolapios.org\/wp-content\/uploads\/2022\/05\/20220429_094057-scaled.jpg","type":"image\/jpeg"}],"author":"cameroun01","twitter_card":"summary_large_image","twitter_misc":{"\u00c9crit par":"cameroun01","Dur\u00e9e de lecture estim\u00e9e":"1 minute"},"schema":{"@context":"https:\/\/schema.org","@graph":[{"@type":"Article","@id":"https:\/\/www.itakaescolapios.org\/fr\/2022\/05\/francais-reunion-de-lequipe-operationnelle-ditaka-escolapios-province-dafrique-centrale-au-complexe-scolaire-bilingue-saint-joseph-calasanz-de-messamendongo-a-yaounde-au-cameroun\/#article","isPartOf":{"@id":"https:\/\/www.itakaescolapios.org\/fr\/2022\/05\/francais-reunion-de-lequipe-operationnelle-ditaka-escolapios-province-dafrique-centrale-au-complexe-scolaire-bilingue-saint-joseph-calasanz-de-messamendongo-a-yaounde-au-cameroun\/"},"author":{"name":"cameroun01","@id":"https:\/\/www.itakaescolapios.org\/es\/#\/schema\/person\/d2844383e29bfdfef69039672ce14eb1"},"headline":"REUNION DE L'EQUIPE OP\u00c9RATIONNELLE D'ITAKA ESCOLAPIOS PROVINCE D'AFRIQUE CENTRALE AU COMPLEXE SCOLAIRE BILINGUE SAINT JOSEPH CALASANZ DE MESSAMENDONGO \u00c0 YAOUNDE AU Cameroun","datePublished":"2022-05-01T07:09:54+00:00","dateModified":"2023-11-28T11:35:47+00:00","mainEntityOfPage":{"@id":"https:\/\/www.itakaescolapios.org\/fr\/2022\/05\/francais-reunion-de-lequipe-operationnelle-ditaka-escolapios-province-dafrique-centrale-au-complexe-scolaire-bilingue-saint-joseph-calasanz-de-messamendongo-a-yaounde-au-cameroun\/"},"wordCount":118,"publisher":{"@id":"https:\/\/www.itakaescolapios.org\/es\/#organization"},"image":{"@id":"https:\/\/www.itakaescolapios.org\/fr\/2022\/05\/francais-reunion-de-lequipe-operationnelle-ditaka-escolapios-province-dafrique-centrale-au-complexe-scolaire-bilingue-saint-joseph-calasanz-de-messamendongo-a-yaounde-au-cameroun\/#primaryimage"},"thumbnailUrl":"https:\/\/www.itakaescolapios.org\/wp-content\/uploads\/2022\/05\/20220429_094057-scaled.jpg","articleSection":["Afrique centrale","Cameroun"],"inLanguage":"fr-FR"},{"@type":"WebPage","@id":"https:\/\/www.itakaescolapios.org\/fr\/2022\/05\/francais-reunion-de-lequipe-operationnelle-ditaka-escolapios-province-dafrique-centrale-au-complexe-scolaire-bilingue-saint-joseph-calasanz-de-messamendongo-a-yaounde-au-cameroun\/","url":"https:\/\/www.itakaescolapios.org\/fr\/2022\/05\/francais-reunion-de-lequipe-operationnelle-ditaka-escolapios-province-dafrique-centrale-au-complexe-scolaire-bilingue-saint-joseph-calasanz-de-messamendongo-a-yaounde-au-cameroun\/","name":"- Itaka-Escolapios","isPartOf":{"@id":"https:\/\/www.itakaescolapios.org\/es\/#website"},"primaryImageOfPage":{"@id":"https:\/\/www.itakaescolapios.org\/fr\/2022\/05\/francais-reunion-de-lequipe-operationnelle-ditaka-escolapios-province-dafrique-centrale-au-complexe-scolaire-bilingue-saint-joseph-calasanz-de-messamendongo-a-yaounde-au-cameroun\/#primaryimage"},"image":{"@id":"https:\/\/www.itakaescolapios.org\/fr\/2022\/05\/francais-reunion-de-lequipe-operationnelle-ditaka-escolapios-province-dafrique-centrale-au-complexe-scolaire-bilingue-saint-joseph-calasanz-de-messamendongo-a-yaounde-au-cameroun\/#primaryimage"},"thumbnailUrl":"https:\/\/www.itakaescolapios.org\/wp-content\/uploads\/2022\/05\/20220429_094057-scaled.jpg","datePublished":"2022-05-01T07:09:54+00:00","dateModified":"2023-11-28T11:35:47+00:00","breadcrumb":{"@id":"https:\/\/www.itakaescolapios.org\/fr\/2022\/05\/francais-reunion-de-lequipe-operationnelle-ditaka-escolapios-province-dafrique-centrale-au-complexe-scolaire-bilingue-saint-joseph-calasanz-de-messamendongo-a-yaounde-au-cameroun\/#breadcrumb"},"inLanguage":"fr-FR","potentialAction":[{"@type":"ReadAction","target":["https:\/\/www.itakaescolapios.org\/fr\/2022\/05\/francais-reunion-de-lequipe-operationnelle-ditaka-escolapios-province-dafrique-centrale-au-complexe-scolaire-bilingue-saint-joseph-calasanz-de-messamendongo-a-yaounde-au-cameroun\/"]}]},{"@type":"ImageObject","inLanguage":"fr-FR","@id":"https:\/\/www.itakaescolapios.org\/fr\/2022\/05\/francais-reunion-de-lequipe-operationnelle-ditaka-escolapios-province-dafrique-centrale-au-complexe-scolaire-bilingue-saint-joseph-calasanz-de-messamendongo-a-yaounde-au-cameroun\/#primaryimage","url":"https:\/\/www.itakaescolapios.org\/wp-content\/uploads\/2022\/05\/20220429_094057-scaled.jpg","contentUrl":"https:\/\/www.itakaescolapios.org\/wp-content\/uploads\/2022\/05\/20220429_094057-scaled.jpg","width":2000,"height":1500},{"@type":"BreadcrumbList","@id":"https:\/\/www.itakaescolapios.org\/fr\/2022\/05\/francais-reunion-de-lequipe-operationnelle-ditaka-escolapios-province-dafrique-centrale-au-complexe-scolaire-bilingue-saint-joseph-calasanz-de-messamendongo-a-yaounde-au-cameroun\/#breadcrumb","itemListElement":[{"@type":"ListItem","position":1,"name":"Itaka-Escolapios","item":"https:\/\/www.itakaescolapios.org\/es\/"},{"@type":"ListItem","position":2,"name":"REUNION DE L'EQUIPE OP\u00c9RATIONNELLE D'ITAKA ESCOLAPIOS PROVINCE D'AFRIQUE CENTRALE AU COMPLEXE SCOLAIRE BILINGUE SAINT JOSEPH CALASANZ DE MESSAMENDONGO \u00c0 YAOUNDE AU Cameroun"}]},{"@type":"WebSite","@id":"https:\/\/www.itakaescolapios.org\/fr\/es\/#website","url":"https:\/\/www.itakaescolapios.org\/fr\/es\/","name":"Itaka-Escolapios","description":"Red de Itaka-Escolapios","publisher":{"@id":"https:\/\/www.itakaescolapios.org\/fr\/es\/#organization"},"potentialAction":[{"@type":"SearchAction","target":{"@type":"EntryPoint","urlTemplate":"https:\/\/www.itakaescolapios.org\/fr\/es\/?s={search_term_string}"},"query-input":{"@type":"PropertyValueSpecification","valueRequired":true,"valueName":"search_term_string"}}],"inLanguage":"fr-FR"},{"@type":"Organization","@id":"https:\/\/www.itakaescolapios.org\/fr\/es\/#organization","name":"Fundaci\u00f3 Itaka-Escolapios","url":"https:\/\/www.itakaescolapios.org\/fr\/es\/","logo":{"@type":"ImageObject","inLanguage":"fr-FR","@id":"https:\/\/www.itakaescolapios.org\/fr\/es\/#\/schema\/logo\/image\/","url":"https:\/\/www.itakaescolapios.org\/wp-content\/uploads\/2024\/04\/Logo-itakaescolapios-peque.png","contentUrl":"https:\/\/www.itakaescolapios.org\/wp-content\/uploads\/2024\/04\/Logo-itakaescolapios-peque.png","width":500,"height":199,"caption":"Fundaci\u00f3 Itaka-Escolapios"},"image":{"@id":"https:\/\/www.itakaescolapios.org\/fr\/es\/#\/schema\/logo\/image\/"}},{"@type":"Person","@id":"https:\/\/www.itakaescolapios.org\/es\/#\/schema\/person\/d2844383e29bfdfef69039672ce14eb1","name":"cameroun01","url":"https:\/\/www.itakaescolapios.org\/fr\/author\/cameroun01\/"}]}},"_links":{"self":[{"href":"https:\/\/www.itakaescolapios.org\/fr\/wp-json\/wp\/v2\/posts\/36627","targetHints":{"allow":["GET"]}}],"collection":[{"href":"https:\/\/www.itakaescolapios.org\/fr\/wp-json\/wp\/v2\/posts"}],"about":[{"href":"https:\/\/www.itakaescolapios.org\/fr\/wp-json\/wp\/v2\/types\/post"}],"author":[{"embeddable":true,"href":"https:\/\/www.itakaescolapios.org\/fr\/wp-json\/wp\/v2\/users\/15"}],"replies":[{"embeddable":true,"href":"https:\/\/www.itakaescolapios.org\/fr\/wp-json\/wp\/v2\/comments?post=36627"}],"version-history":[{"count":3,"href":"https:\/\/www.itakaescolapios.org\/fr\/wp-json\/wp\/v2\/posts\/36627\/revisions"}],"predecessor-version":[{"id":43958,"href":"https:\/\/www.itakaescolapios.org\/fr\/wp-json\/wp\/v2\/posts\/36627\/revisions\/43958"}],"wp:featuredmedia":[{"embeddable":true,"href":"https:\/\/www.itakaescolapios.org\/fr\/wp-json\/wp\/v2\/media\/36629"}],"wp:attachment":[{"href":"https:\/\/www.itakaescolapios.org\/fr\/wp-json\/wp\/v2\/media?parent=36627"}],"wp:term":[{"taxonomy":"category","embeddable":true,"href":"https:\/\/www.itakaescolapios.org\/fr\/wp-json\/wp\/v2\/categories?post=36627"},{"taxonomy":"post_tag","embeddable":true,"href":"https:\/\/www.itakaescolapios.org\/fr\/wp-json\/wp\/v2\/tags?post=36627"}],"curies":[{"name":"wp","href":"https:\/\/api.w.org\/{rel}","templated":true}]}}