{"id":36637,"date":"2022-05-01T10:09:16","date_gmt":"2022-05-01T09:09:16","guid":{"rendered":"https:\/\/www.itakaescolapios.org\/?p=36637"},"modified":"2023-11-28T12:35:47","modified_gmt":"2023-11-28T11:35:47","slug":"francais-reunion-de-lequipe-operationnelle-ditaka-escolapios-province-dafrique-centrale-a-lecole-bilingue-saint-joseph-calasanz-dabobo-yaounde-cameroun","status":"publish","type":"post","link":"https:\/\/www.itakaescolapios.org\/fr\/2022\/05\/francais-reunion-de-lequipe-operationnelle-ditaka-escolapios-province-dafrique-centrale-a-lecole-bilingue-saint-joseph-calasanz-dabobo-yaounde-cameroun\/","title":{"rendered":"REUNION DE L'EQUIPE OP\u00c9RATIONNELLE D'ITAKA ESCOLAPIOS PROVINCE D'AFRIQUE CENTRALE \u00c0 L'ECOLE BILINGUE SAINT JOSEPH CALASANZ D'ABOBO YAOUND\u00c9 Cameroun"},"content":{"rendered":"<p>Joseph Calasanz d&rsquo;abobo (yaound\u00e9 Cameroun ) en vue de faire une evaluation des objectifs fix\u00e9s au d\u00e9but et pendant l&rsquo;ann\u00e9e. Nous pouvons noter ici que la pastorale se d\u00e9roule bien et\u00a0 les cours \u00e9galement se font dans de bonnes conditions. Le d\u00e9part en vacances est pr\u00e9vu pour le mois de juin 2022 pour les plus petits de la maternelle ainsi que ceux du primaire.<\/p>\n<blockquote><p><img decoding=\"async\" class=\"size-full wp-image-36638 aligncenter\" src=\"https:\/\/www.itakaescolapios.org\/wp-content\/uploads\/2022\/05\/20220429_113944-scaled.jpg\" alt=\"\" width=\"2560\" height=\"1920\" srcset=\"https:\/\/www.itakaescolapios.org\/wp-content\/uploads\/2022\/05\/20220429_113944-scaled.jpg 2000w, https:\/\/www.itakaescolapios.org\/wp-content\/uploads\/2022\/05\/20220429_113944-300x225.jpg 300w, https:\/\/www.itakaescolapios.org\/wp-content\/uploads\/2022\/05\/20220429_113944-1024x768.jpg 1024w, https:\/\/www.itakaescolapios.org\/wp-content\/uploads\/2022\/05\/20220429_113944-768x576.jpg 768w, https:\/\/www.itakaescolapios.org\/wp-content\/uploads\/2022\/05\/20220429_113944-1536x1152.jpg 1536w, https:\/\/www.itakaescolapios.org\/wp-content\/uploads\/2022\/05\/20220429_113944-2048x1536.jpg 2048w, https:\/\/www.itakaescolapios.org\/wp-content\/uploads\/2022\/05\/20220429_113944-250x188.jpg 250w, https:\/\/www.itakaescolapios.org\/wp-content\/uploads\/2022\/05\/20220429_113944-510x382.jpg 510w, https:\/\/www.itakaescolapios.org\/wp-content\/uploads\/2022\/05\/20220429_113944-1080x810.jpg 1080w\" sizes=\"(max-width: 2560px) 100vw, 2560px\" \/><\/p><\/blockquote>\n","protected":false},"excerpt":{"rendered":"<p>Joseph Calasanz d&rsquo;abobo (yaound\u00e9 Cameroun ) en vue de faire une evaluation des objectifs fix\u00e9s au d\u00e9but et pendant l&rsquo;ann\u00e9e. Nous pouvons noter ici que la pastorale se d\u00e9roule bien [&hellip;]<\/p>\n","protected":false},"author":15,"featured_media":36639,"comment_status":"closed","ping_status":"closed","sticky":false,"template":"","format":"standard","meta":{"_et_pb_use_builder":"","_et_pb_old_content":"","_et_gb_content_width":"","footnotes":""},"categories":[53,10],"tags":[],"class_list":["post-36637","post","type-post","status-publish","format-standard","has-post-thumbnail","hentry","category-africa-central","category-camerun"],"yoast_head":"<!-- This site is optimized with the Yoast SEO plugin v27.4 - https:\/\/yoast.com\/product\/yoast-seo-wordpress\/ -->\n<title>REUNION DE L&#039;EQUIPE OP\u00c9RATIONNELLE D&#039;ITAKA ESCOLAPIOS PROVINCE D&#039;AFRIQUE CENTRALE \u00c0 L&#039;ECOLE BILINGUE SAINT JOSEPH CALASANZ D&#039;ABOBO YAOUND\u00c9 Cameroun<\/title>\n<meta name=\"description\" content=\"Joseph Calasanz d&#039;abobo (yaound\u00e9 Cameroun ) en vue de faire une evaluation des objectifs fix\u00e9s au d\u00e9but et pendant l&#039;ann\u00e9e. Nous pouvons noter ici que la pastorale se d\u00e9roule bien et\u00a0 les cours \u00e9galement se font dans de bonnes conditions. Le d\u00e9part en vacances est pr\u00e9vu pour le mois de juin 2022 pour les plus\u2026\" \/>\n<meta name=\"robots\" content=\"index, follow, max-snippet:-1, max-image-preview:large, max-video-preview:-1\" \/>\n<link rel=\"canonical\" href=\"http:\/\/Joseph%20Calasanz%20d'abobo%20(yaound\u00e9%20Cameroun%20)%20en%20vue%20de%20faire%20une%20evaluation%20des%20objectifs%20fix\u00e9s%20au%20d\u00e9but%20et%20pendant%20l'ann\u00e9e.%20Nous%20pouvons%20noter%20ici%20que%20la%20pastorale%20se%20d\u00e9roule%20bien%20et\u00a0%20les%20cours%20\u00e9galement%20se%20font%20dans%20de%20bonnes%20conditions.%20Le%20d\u00e9part%20en%20vacances%20est%20pr\u00e9vu%20pour%20le%20mois%20de%20juin%202022%20pour%20les%20plus\u2026\" \/>\n<meta property=\"og:locale\" content=\"fr_FR\" \/>\n<meta property=\"og:type\" content=\"article\" \/>\n<meta property=\"og:title\" content=\"REUNION DE L&#039;EQUIPE OP\u00c9RATIONNELLE D&#039;ITAKA ESCOLAPIOS PROVINCE D&#039;AFRIQUE CENTRALE \u00c0 L&#039;ECOLE BILINGUE SAINT JOSEPH CALASANZ D&#039;ABOBO YAOUND\u00c9 Cameroun\" \/>\n<meta property=\"og:description\" content=\"Joseph Calasanz d&#039;abobo (yaound\u00e9 Cameroun ) en vue de faire une evaluation des objectifs fix\u00e9s au d\u00e9but et pendant l&#039;ann\u00e9e. Nous pouvons noter ici que la pastorale se d\u00e9roule bien et\u00a0 les cours \u00e9galement se font dans de bonnes conditions. Le d\u00e9part en vacances est pr\u00e9vu pour le mois de juin 2022 pour les plus\u2026\" \/>\n<meta property=\"og:url\" content=\"https:\/\/www.itakaescolapios.org\/fr\/2022\/05\/francais-reunion-de-lequipe-operationnelle-ditaka-escolapios-province-dafrique-centrale-a-lecole-bilingue-saint-joseph-calasanz-dabobo-yaounde-cameroun\/\" \/>\n<meta property=\"og:site_name\" content=\"Itaka-Escolapios\" \/>\n<meta property=\"article:published_time\" content=\"2022-05-01T09:09:16+00:00\" \/>\n<meta property=\"article:modified_time\" content=\"2023-11-28T11:35:47+00:00\" \/>\n<meta property=\"og:image\" content=\"https:\/\/www.itakaescolapios.org\/wp-content\/uploads\/2022\/05\/20220429_113949-scaled.jpg\" \/>\n\t<meta property=\"og:image:width\" content=\"2000\" \/>\n\t<meta property=\"og:image:height\" content=\"1500\" \/>\n\t<meta property=\"og:image:type\" content=\"image\/jpeg\" \/>\n<meta name=\"author\" content=\"cameroun01\" \/>\n<meta name=\"twitter:card\" content=\"summary_large_image\" \/>\n<meta name=\"twitter:label1\" content=\"\u00c9crit par\" \/>\n\t<meta name=\"twitter:data1\" content=\"cameroun01\" \/>\n<script type=\"application\/ld+json\" class=\"yoast-schema-graph\">{\"@context\":\"https:\\\/\\\/schema.org\",\"@graph\":[{\"@type\":\"Article\",\"@id\":\"https:\\\/\\\/www.itakaescolapios.org\\\/fr\\\/2022\\\/05\\\/francais-reunion-de-lequipe-operationnelle-ditaka-escolapios-province-dafrique-centrale-a-lecole-bilingue-saint-joseph-calasanz-dabobo-yaounde-cameroun\\\/#article\",\"isPartOf\":{\"@id\":\"https:\\\/\\\/www.itakaescolapios.org\\\/fr\\\/2022\\\/05\\\/francais-reunion-de-lequipe-operationnelle-ditaka-escolapios-province-dafrique-centrale-a-lecole-bilingue-saint-joseph-calasanz-dabobo-yaounde-cameroun\\\/\"},\"author\":{\"name\":\"cameroun01\",\"@id\":\"https:\\\/\\\/www.itakaescolapios.org\\\/es\\\/#\\\/schema\\\/person\\\/d2844383e29bfdfef69039672ce14eb1\"},\"headline\":\"REUNION DE L'EQUIPE OP\u00c9RATIONNELLE D'ITAKA ESCOLAPIOS PROVINCE D'AFRIQUE CENTRALE \u00c0 L'ECOLE BILINGUE SAINT JOSEPH CALASANZ D'ABOBO YAOUND\u00c9 Cameroun\",\"datePublished\":\"2022-05-01T09:09:16+00:00\",\"dateModified\":\"2023-11-28T11:35:47+00:00\",\"mainEntityOfPage\":{\"@id\":\"https:\\\/\\\/www.itakaescolapios.org\\\/fr\\\/2022\\\/05\\\/francais-reunion-de-lequipe-operationnelle-ditaka-escolapios-province-dafrique-centrale-a-lecole-bilingue-saint-joseph-calasanz-dabobo-yaounde-cameroun\\\/\"},\"wordCount\":71,\"publisher\":{\"@id\":\"https:\\\/\\\/www.itakaescolapios.org\\\/es\\\/#organization\"},\"image\":{\"@id\":\"https:\\\/\\\/www.itakaescolapios.org\\\/fr\\\/2022\\\/05\\\/francais-reunion-de-lequipe-operationnelle-ditaka-escolapios-province-dafrique-centrale-a-lecole-bilingue-saint-joseph-calasanz-dabobo-yaounde-cameroun\\\/#primaryimage\"},\"thumbnailUrl\":\"https:\\\/\\\/www.itakaescolapios.org\\\/wp-content\\\/uploads\\\/2022\\\/05\\\/20220429_113949-scaled.jpg\",\"articleSection\":[\"Afrique centrale\",\"Cameroun\"],\"inLanguage\":\"fr-FR\"},{\"@type\":\"WebPage\",\"@id\":\"https:\\\/\\\/www.itakaescolapios.org\\\/fr\\\/2022\\\/05\\\/francais-reunion-de-lequipe-operationnelle-ditaka-escolapios-province-dafrique-centrale-a-lecole-bilingue-saint-joseph-calasanz-dabobo-yaounde-cameroun\\\/\",\"url\":\"https:\\\/\\\/www.itakaescolapios.org\\\/fr\\\/2022\\\/05\\\/francais-reunion-de-lequipe-operationnelle-ditaka-escolapios-province-dafrique-centrale-a-lecole-bilingue-saint-joseph-calasanz-dabobo-yaounde-cameroun\\\/\",\"name\":\"- Itaka-Escolapios\",\"isPartOf\":{\"@id\":\"https:\\\/\\\/www.itakaescolapios.org\\\/es\\\/#website\"},\"primaryImageOfPage\":{\"@id\":\"https:\\\/\\\/www.itakaescolapios.org\\\/fr\\\/2022\\\/05\\\/francais-reunion-de-lequipe-operationnelle-ditaka-escolapios-province-dafrique-centrale-a-lecole-bilingue-saint-joseph-calasanz-dabobo-yaounde-cameroun\\\/#primaryimage\"},\"image\":{\"@id\":\"https:\\\/\\\/www.itakaescolapios.org\\\/fr\\\/2022\\\/05\\\/francais-reunion-de-lequipe-operationnelle-ditaka-escolapios-province-dafrique-centrale-a-lecole-bilingue-saint-joseph-calasanz-dabobo-yaounde-cameroun\\\/#primaryimage\"},\"thumbnailUrl\":\"https:\\\/\\\/www.itakaescolapios.org\\\/wp-content\\\/uploads\\\/2022\\\/05\\\/20220429_113949-scaled.jpg\",\"datePublished\":\"2022-05-01T09:09:16+00:00\",\"dateModified\":\"2023-11-28T11:35:47+00:00\",\"breadcrumb\":{\"@id\":\"https:\\\/\\\/www.itakaescolapios.org\\\/fr\\\/2022\\\/05\\\/francais-reunion-de-lequipe-operationnelle-ditaka-escolapios-province-dafrique-centrale-a-lecole-bilingue-saint-joseph-calasanz-dabobo-yaounde-cameroun\\\/#breadcrumb\"},\"inLanguage\":\"fr-FR\",\"potentialAction\":[{\"@type\":\"ReadAction\",\"target\":[\"https:\\\/\\\/www.itakaescolapios.org\\\/fr\\\/2022\\\/05\\\/francais-reunion-de-lequipe-operationnelle-ditaka-escolapios-province-dafrique-centrale-a-lecole-bilingue-saint-joseph-calasanz-dabobo-yaounde-cameroun\\\/\"]}]},{\"@type\":\"ImageObject\",\"inLanguage\":\"fr-FR\",\"@id\":\"https:\\\/\\\/www.itakaescolapios.org\\\/fr\\\/2022\\\/05\\\/francais-reunion-de-lequipe-operationnelle-ditaka-escolapios-province-dafrique-centrale-a-lecole-bilingue-saint-joseph-calasanz-dabobo-yaounde-cameroun\\\/#primaryimage\",\"url\":\"https:\\\/\\\/www.itakaescolapios.org\\\/wp-content\\\/uploads\\\/2022\\\/05\\\/20220429_113949-scaled.jpg\",\"contentUrl\":\"https:\\\/\\\/www.itakaescolapios.org\\\/wp-content\\\/uploads\\\/2022\\\/05\\\/20220429_113949-scaled.jpg\",\"width\":2000,\"height\":1500},{\"@type\":\"BreadcrumbList\",\"@id\":\"https:\\\/\\\/www.itakaescolapios.org\\\/fr\\\/2022\\\/05\\\/francais-reunion-de-lequipe-operationnelle-ditaka-escolapios-province-dafrique-centrale-a-lecole-bilingue-saint-joseph-calasanz-dabobo-yaounde-cameroun\\\/#breadcrumb\",\"itemListElement\":[{\"@type\":\"ListItem\",\"position\":1,\"name\":\"Itaka-Escolapios\",\"item\":\"https:\\\/\\\/www.itakaescolapios.org\\\/es\\\/\"},{\"@type\":\"ListItem\",\"position\":2,\"name\":\"REUNION DE L'EQUIPE OP\u00c9RATIONNELLE D'ITAKA ESCOLAPIOS PROVINCE D'AFRIQUE CENTRALE \u00c0 L'ECOLE BILINGUE SAINT JOSEPH CALASANZ D'ABOBO YAOUND\u00c9 Cameroun\"}]},{\"@type\":\"WebSite\",\"@id\":\"https:\\\/\\\/www.itakaescolapios.org\\\/fr\\\/es\\\/#website\",\"url\":\"https:\\\/\\\/www.itakaescolapios.org\\\/fr\\\/es\\\/\",\"name\":\"Itaka-Escolapios\",\"description\":\"Red de Itaka-Escolapios\",\"publisher\":{\"@id\":\"https:\\\/\\\/www.itakaescolapios.org\\\/fr\\\/es\\\/#organization\"},\"potentialAction\":[{\"@type\":\"SearchAction\",\"target\":{\"@type\":\"EntryPoint\",\"urlTemplate\":\"https:\\\/\\\/www.itakaescolapios.org\\\/fr\\\/es\\\/?s={search_term_string}\"},\"query-input\":{\"@type\":\"PropertyValueSpecification\",\"valueRequired\":true,\"valueName\":\"search_term_string\"}}],\"inLanguage\":\"fr-FR\"},{\"@type\":\"Organization\",\"@id\":\"https:\\\/\\\/www.itakaescolapios.org\\\/fr\\\/es\\\/#organization\",\"name\":\"Fundaci\u00f3 Itaka-Escolapios\",\"url\":\"https:\\\/\\\/www.itakaescolapios.org\\\/fr\\\/es\\\/\",\"logo\":{\"@type\":\"ImageObject\",\"inLanguage\":\"fr-FR\",\"@id\":\"https:\\\/\\\/www.itakaescolapios.org\\\/fr\\\/es\\\/#\\\/schema\\\/logo\\\/image\\\/\",\"url\":\"https:\\\/\\\/www.itakaescolapios.org\\\/wp-content\\\/uploads\\\/2024\\\/04\\\/Logo-itakaescolapios-peque.png\",\"contentUrl\":\"https:\\\/\\\/www.itakaescolapios.org\\\/wp-content\\\/uploads\\\/2024\\\/04\\\/Logo-itakaescolapios-peque.png\",\"width\":500,\"height\":199,\"caption\":\"Fundaci\u00f3 Itaka-Escolapios\"},\"image\":{\"@id\":\"https:\\\/\\\/www.itakaescolapios.org\\\/fr\\\/es\\\/#\\\/schema\\\/logo\\\/image\\\/\"}},{\"@type\":\"Person\",\"@id\":\"https:\\\/\\\/www.itakaescolapios.org\\\/es\\\/#\\\/schema\\\/person\\\/d2844383e29bfdfef69039672ce14eb1\",\"name\":\"cameroun01\",\"url\":\"https:\\\/\\\/www.itakaescolapios.org\\\/fr\\\/author\\\/cameroun01\\\/\"}]}<\/script>\n<!-- \/ Yoast SEO plugin. -->","yoast_head_json":{"title":"REUNION DE L'EQUIPE OP\u00c9RATIONNELLE D'ITAKA ESCOLAPIOS PROVINCE D'AFRIQUE CENTRALE \u00c0 L'ECOLE BILINGUE SAINT JOSEPH CALASANZ D'ABOBO YAOUND\u00c9 Cameroun","description":"Joseph Calasanz d'abobo (yaound\u00e9 Cameroun ) en vue de faire une evaluation des objectifs fix\u00e9s au d\u00e9but et pendant l'ann\u00e9e. Nous pouvons noter ici que la pastorale se d\u00e9roule bien et\u00a0 les cours \u00e9galement se font dans de bonnes conditions. Le d\u00e9part en vacances est pr\u00e9vu pour le mois de juin 2022 pour les plus\u2026","robots":{"index":"index","follow":"follow","max-snippet":"max-snippet:-1","max-image-preview":"max-image-preview:large","max-video-preview":"max-video-preview:-1"},"canonical":"Joseph Calasanz d'abobo (yaound\u00e9 Cameroun ) en vue de faire une evaluation des objectifs fix\u00e9s au d\u00e9but et pendant l'ann\u00e9e. Nous pouvons noter ici que la pastorale se d\u00e9roule bien et\u00a0 les cours \u00e9galement se font dans de bonnes conditions. Le d\u00e9part en vacances est pr\u00e9vu pour le mois de juin 2022 pour les plus\u2026","og_locale":"fr_FR","og_type":"article","og_title":"REUNION DE L'EQUIPE OP\u00c9RATIONNELLE D'ITAKA ESCOLAPIOS PROVINCE D'AFRIQUE CENTRALE \u00c0 L'ECOLE BILINGUE SAINT JOSEPH CALASANZ D'ABOBO YAOUND\u00c9 Cameroun","og_description":"Joseph Calasanz d'abobo (yaound\u00e9 Cameroun ) en vue de faire une evaluation des objectifs fix\u00e9s au d\u00e9but et pendant l'ann\u00e9e. Nous pouvons noter ici que la pastorale se d\u00e9roule bien et\u00a0 les cours \u00e9galement se font dans de bonnes conditions. Le d\u00e9part en vacances est pr\u00e9vu pour le mois de juin 2022 pour les plus\u2026","og_url":"https:\/\/www.itakaescolapios.org\/fr\/2022\/05\/francais-reunion-de-lequipe-operationnelle-ditaka-escolapios-province-dafrique-centrale-a-lecole-bilingue-saint-joseph-calasanz-dabobo-yaounde-cameroun\/","og_site_name":"Itaka-Escolapios","article_published_time":"2022-05-01T09:09:16+00:00","article_modified_time":"2023-11-28T11:35:47+00:00","og_image":[{"width":2000,"height":1500,"url":"https:\/\/www.itakaescolapios.org\/wp-content\/uploads\/2022\/05\/20220429_113949-scaled.jpg","type":"image\/jpeg"}],"author":"cameroun01","twitter_card":"summary_large_image","twitter_misc":{"\u00c9crit par":"cameroun01"},"schema":{"@context":"https:\/\/schema.org","@graph":[{"@type":"Article","@id":"https:\/\/www.itakaescolapios.org\/fr\/2022\/05\/francais-reunion-de-lequipe-operationnelle-ditaka-escolapios-province-dafrique-centrale-a-lecole-bilingue-saint-joseph-calasanz-dabobo-yaounde-cameroun\/#article","isPartOf":{"@id":"https:\/\/www.itakaescolapios.org\/fr\/2022\/05\/francais-reunion-de-lequipe-operationnelle-ditaka-escolapios-province-dafrique-centrale-a-lecole-bilingue-saint-joseph-calasanz-dabobo-yaounde-cameroun\/"},"author":{"name":"cameroun01","@id":"https:\/\/www.itakaescolapios.org\/es\/#\/schema\/person\/d2844383e29bfdfef69039672ce14eb1"},"headline":"REUNION DE L'EQUIPE OP\u00c9RATIONNELLE D'ITAKA ESCOLAPIOS PROVINCE D'AFRIQUE CENTRALE \u00c0 L'ECOLE BILINGUE SAINT JOSEPH CALASANZ D'ABOBO YAOUND\u00c9 Cameroun","datePublished":"2022-05-01T09:09:16+00:00","dateModified":"2023-11-28T11:35:47+00:00","mainEntityOfPage":{"@id":"https:\/\/www.itakaescolapios.org\/fr\/2022\/05\/francais-reunion-de-lequipe-operationnelle-ditaka-escolapios-province-dafrique-centrale-a-lecole-bilingue-saint-joseph-calasanz-dabobo-yaounde-cameroun\/"},"wordCount":71,"publisher":{"@id":"https:\/\/www.itakaescolapios.org\/es\/#organization"},"image":{"@id":"https:\/\/www.itakaescolapios.org\/fr\/2022\/05\/francais-reunion-de-lequipe-operationnelle-ditaka-escolapios-province-dafrique-centrale-a-lecole-bilingue-saint-joseph-calasanz-dabobo-yaounde-cameroun\/#primaryimage"},"thumbnailUrl":"https:\/\/www.itakaescolapios.org\/wp-content\/uploads\/2022\/05\/20220429_113949-scaled.jpg","articleSection":["Afrique centrale","Cameroun"],"inLanguage":"fr-FR"},{"@type":"WebPage","@id":"https:\/\/www.itakaescolapios.org\/fr\/2022\/05\/francais-reunion-de-lequipe-operationnelle-ditaka-escolapios-province-dafrique-centrale-a-lecole-bilingue-saint-joseph-calasanz-dabobo-yaounde-cameroun\/","url":"https:\/\/www.itakaescolapios.org\/fr\/2022\/05\/francais-reunion-de-lequipe-operationnelle-ditaka-escolapios-province-dafrique-centrale-a-lecole-bilingue-saint-joseph-calasanz-dabobo-yaounde-cameroun\/","name":"- Itaka-Escolapios","isPartOf":{"@id":"https:\/\/www.itakaescolapios.org\/es\/#website"},"primaryImageOfPage":{"@id":"https:\/\/www.itakaescolapios.org\/fr\/2022\/05\/francais-reunion-de-lequipe-operationnelle-ditaka-escolapios-province-dafrique-centrale-a-lecole-bilingue-saint-joseph-calasanz-dabobo-yaounde-cameroun\/#primaryimage"},"image":{"@id":"https:\/\/www.itakaescolapios.org\/fr\/2022\/05\/francais-reunion-de-lequipe-operationnelle-ditaka-escolapios-province-dafrique-centrale-a-lecole-bilingue-saint-joseph-calasanz-dabobo-yaounde-cameroun\/#primaryimage"},"thumbnailUrl":"https:\/\/www.itakaescolapios.org\/wp-content\/uploads\/2022\/05\/20220429_113949-scaled.jpg","datePublished":"2022-05-01T09:09:16+00:00","dateModified":"2023-11-28T11:35:47+00:00","breadcrumb":{"@id":"https:\/\/www.itakaescolapios.org\/fr\/2022\/05\/francais-reunion-de-lequipe-operationnelle-ditaka-escolapios-province-dafrique-centrale-a-lecole-bilingue-saint-joseph-calasanz-dabobo-yaounde-cameroun\/#breadcrumb"},"inLanguage":"fr-FR","potentialAction":[{"@type":"ReadAction","target":["https:\/\/www.itakaescolapios.org\/fr\/2022\/05\/francais-reunion-de-lequipe-operationnelle-ditaka-escolapios-province-dafrique-centrale-a-lecole-bilingue-saint-joseph-calasanz-dabobo-yaounde-cameroun\/"]}]},{"@type":"ImageObject","inLanguage":"fr-FR","@id":"https:\/\/www.itakaescolapios.org\/fr\/2022\/05\/francais-reunion-de-lequipe-operationnelle-ditaka-escolapios-province-dafrique-centrale-a-lecole-bilingue-saint-joseph-calasanz-dabobo-yaounde-cameroun\/#primaryimage","url":"https:\/\/www.itakaescolapios.org\/wp-content\/uploads\/2022\/05\/20220429_113949-scaled.jpg","contentUrl":"https:\/\/www.itakaescolapios.org\/wp-content\/uploads\/2022\/05\/20220429_113949-scaled.jpg","width":2000,"height":1500},{"@type":"BreadcrumbList","@id":"https:\/\/www.itakaescolapios.org\/fr\/2022\/05\/francais-reunion-de-lequipe-operationnelle-ditaka-escolapios-province-dafrique-centrale-a-lecole-bilingue-saint-joseph-calasanz-dabobo-yaounde-cameroun\/#breadcrumb","itemListElement":[{"@type":"ListItem","position":1,"name":"Itaka-Escolapios","item":"https:\/\/www.itakaescolapios.org\/es\/"},{"@type":"ListItem","position":2,"name":"REUNION DE L'EQUIPE OP\u00c9RATIONNELLE D'ITAKA ESCOLAPIOS PROVINCE D'AFRIQUE CENTRALE \u00c0 L'ECOLE BILINGUE SAINT JOSEPH CALASANZ D'ABOBO YAOUND\u00c9 Cameroun"}]},{"@type":"WebSite","@id":"https:\/\/www.itakaescolapios.org\/fr\/es\/#website","url":"https:\/\/www.itakaescolapios.org\/fr\/es\/","name":"Itaka-Escolapios","description":"Red de Itaka-Escolapios","publisher":{"@id":"https:\/\/www.itakaescolapios.org\/fr\/es\/#organization"},"potentialAction":[{"@type":"SearchAction","target":{"@type":"EntryPoint","urlTemplate":"https:\/\/www.itakaescolapios.org\/fr\/es\/?s={search_term_string}"},"query-input":{"@type":"PropertyValueSpecification","valueRequired":true,"valueName":"search_term_string"}}],"inLanguage":"fr-FR"},{"@type":"Organization","@id":"https:\/\/www.itakaescolapios.org\/fr\/es\/#organization","name":"Fundaci\u00f3 Itaka-Escolapios","url":"https:\/\/www.itakaescolapios.org\/fr\/es\/","logo":{"@type":"ImageObject","inLanguage":"fr-FR","@id":"https:\/\/www.itakaescolapios.org\/fr\/es\/#\/schema\/logo\/image\/","url":"https:\/\/www.itakaescolapios.org\/wp-content\/uploads\/2024\/04\/Logo-itakaescolapios-peque.png","contentUrl":"https:\/\/www.itakaescolapios.org\/wp-content\/uploads\/2024\/04\/Logo-itakaescolapios-peque.png","width":500,"height":199,"caption":"Fundaci\u00f3 Itaka-Escolapios"},"image":{"@id":"https:\/\/www.itakaescolapios.org\/fr\/es\/#\/schema\/logo\/image\/"}},{"@type":"Person","@id":"https:\/\/www.itakaescolapios.org\/es\/#\/schema\/person\/d2844383e29bfdfef69039672ce14eb1","name":"cameroun01","url":"https:\/\/www.itakaescolapios.org\/fr\/author\/cameroun01\/"}]}},"_links":{"self":[{"href":"https:\/\/www.itakaescolapios.org\/fr\/wp-json\/wp\/v2\/posts\/36637","targetHints":{"allow":["GET"]}}],"collection":[{"href":"https:\/\/www.itakaescolapios.org\/fr\/wp-json\/wp\/v2\/posts"}],"about":[{"href":"https:\/\/www.itakaescolapios.org\/fr\/wp-json\/wp\/v2\/types\/post"}],"author":[{"embeddable":true,"href":"https:\/\/www.itakaescolapios.org\/fr\/wp-json\/wp\/v2\/users\/15"}],"replies":[{"embeddable":true,"href":"https:\/\/www.itakaescolapios.org\/fr\/wp-json\/wp\/v2\/comments?post=36637"}],"version-history":[{"count":2,"href":"https:\/\/www.itakaescolapios.org\/fr\/wp-json\/wp\/v2\/posts\/36637\/revisions"}],"predecessor-version":[{"id":43957,"href":"https:\/\/www.itakaescolapios.org\/fr\/wp-json\/wp\/v2\/posts\/36637\/revisions\/43957"}],"wp:featuredmedia":[{"embeddable":true,"href":"https:\/\/www.itakaescolapios.org\/fr\/wp-json\/wp\/v2\/media\/36639"}],"wp:attachment":[{"href":"https:\/\/www.itakaescolapios.org\/fr\/wp-json\/wp\/v2\/media?parent=36637"}],"wp:term":[{"taxonomy":"category","embeddable":true,"href":"https:\/\/www.itakaescolapios.org\/fr\/wp-json\/wp\/v2\/categories?post=36637"},{"taxonomy":"post_tag","embeddable":true,"href":"https:\/\/www.itakaescolapios.org\/fr\/wp-json\/wp\/v2\/tags?post=36637"}],"curies":[{"name":"wp","href":"https:\/\/api.w.org\/{rel}","templated":true}]}}