{"id":36715,"date":"2022-05-07T21:32:35","date_gmt":"2022-05-07T20:32:35","guid":{"rendered":"https:\/\/www.itakaescolapios.org\/?p=36715"},"modified":"2023-11-28T12:35:46","modified_gmt":"2023-11-28T11:35:46","slug":"francais-reunion-de-lequipe-operationnelle-ditaka-escolapios-province-dafrique-centrale-a-bamendjou-cameroun","status":"publish","type":"post","link":"https:\/\/www.itakaescolapios.org\/fr\/2022\/05\/francais-reunion-de-lequipe-operationnelle-ditaka-escolapios-province-dafrique-centrale-a-bamendjou-cameroun\/","title":{"rendered":"REUNION DE L'EQUIPE OP\u00c9RATIONNELLE D'ITAKA ESCOLAPIOS PROVINCE D'AFRIQUE CENTRALE \u00c0 BAMENDJOU Cameroun"},"content":{"rendered":"<p>Vendredi 05 Mai 2022, l&rsquo;equipe op\u00e9rationnelle de la fondation Itaka Escolapios s&rsquo;est rendue \u00e0 Bamendjou en vue de faire une evaluation des objectifs fix\u00e9s au d\u00e9but et pendant l&rsquo;ann\u00e9e. Nous pouvons noter ici que la pastorale se d\u00e9roule bien, le mouvement Calasanz est op\u00e9rationnel, les cours \u00e9galement se font dans de bonnes conditions . Le centre socio\u00e9ducatif avance \u00e9galement lentement mais les choses \u00e9voluent. Le salon de coiffure est op\u00e9rationnel,\u00a0 le salon de couture \u00e9galement. Ici, d\u00e9part en cong\u00e9 est pr\u00e9vu pour le mois de juin 2022.<\/p>\n<p><img decoding=\"async\" class=\"size-full wp-image-36716 aligncenter\" src=\"https:\/\/www.itakaescolapios.org\/wp-content\/uploads\/2022\/05\/20220506_160612-scaled.jpg\" alt=\"\" width=\"2560\" height=\"1920\" srcset=\"https:\/\/www.itakaescolapios.org\/wp-content\/uploads\/2022\/05\/20220506_160612-scaled.jpg 2000w, https:\/\/www.itakaescolapios.org\/wp-content\/uploads\/2022\/05\/20220506_160612-300x225.jpg 300w, https:\/\/www.itakaescolapios.org\/wp-content\/uploads\/2022\/05\/20220506_160612-1024x768.jpg 1024w, https:\/\/www.itakaescolapios.org\/wp-content\/uploads\/2022\/05\/20220506_160612-768x576.jpg 768w, https:\/\/www.itakaescolapios.org\/wp-content\/uploads\/2022\/05\/20220506_160612-1536x1152.jpg 1536w, https:\/\/www.itakaescolapios.org\/wp-content\/uploads\/2022\/05\/20220506_160612-2048x1536.jpg 2048w, https:\/\/www.itakaescolapios.org\/wp-content\/uploads\/2022\/05\/20220506_160612-250x188.jpg 250w, https:\/\/www.itakaescolapios.org\/wp-content\/uploads\/2022\/05\/20220506_160612-510x382.jpg 510w, https:\/\/www.itakaescolapios.org\/wp-content\/uploads\/2022\/05\/20220506_160612-1080x810.jpg 1080w\" sizes=\"(max-width: 2560px) 100vw, 2560px\" \/><\/p>\n","protected":false},"excerpt":{"rendered":"<p>Vendredi 05 Mai 2022, l&rsquo;equipe op\u00e9rationnelle de la fondation Itaka Escolapios s&rsquo;est rendue \u00e0 Bamendjou en vue de faire une evaluation des objectifs fix\u00e9s au d\u00e9but et pendant l&rsquo;ann\u00e9e. Nous [&hellip;]<\/p>\n","protected":false},"author":15,"featured_media":36713,"comment_status":"closed","ping_status":"closed","sticky":false,"template":"","format":"standard","meta":{"_et_pb_use_builder":"","_et_pb_old_content":"","_et_gb_content_width":"","footnotes":""},"categories":[53,10],"tags":[],"class_list":["post-36715","post","type-post","status-publish","format-standard","has-post-thumbnail","hentry","category-africa-central","category-camerun"],"yoast_head":"<!-- This site is optimized with the Yoast SEO plugin v27.4 - https:\/\/yoast.com\/product\/yoast-seo-wordpress\/ -->\n<title>REUNION DE L&#039;EQUIPE OP\u00c9RATIONNELLE D&#039;ITAKA ESCOLAPIOS PROVINCE D&#039;AFRIQUE CENTRALE \u00c0 BAMENDJOU Cameroun<\/title>\n<meta name=\"description\" content=\"Vendredi 05 Mai 2022, l&#039;equipe op\u00e9rationnelle de la fondation Itaka Escolapios s&#039;est rendue \u00e0 Bamendjou en vue de faire une evaluation des objectifs fix\u00e9s au d\u00e9but et pendant l&#039;ann\u00e9e. Nous pouvons noter ici que la pastorale se d\u00e9roule bien, le mouvement Calasanz est op\u00e9rationnel, les cours \u00e9galement se font dans de bonnes conditions . Le\u2026\" \/>\n<meta name=\"robots\" content=\"index, follow, max-snippet:-1, max-image-preview:large, max-video-preview:-1\" \/>\n<link rel=\"canonical\" href=\"http:\/\/Vendredi%2005%20Mai%202022,%20l'equipe%20op\u00e9rationnelle%20de%20la%20fondation%20Itaka%20Escolapios%20s'est%20rendue%20\u00e0%20Bamendjou%20en%20vue%20de%20faire%20une%20evaluation%20des%20objectifs%20fix\u00e9s%20au%20d\u00e9but%20et%20pendant%20l'ann\u00e9e.%20Nous%20pouvons%20noter%20ici%20que%20la%20pastorale%20se%20d\u00e9roule%20bien,%20le%20mouvement%20Calasanz%20est%20op\u00e9rationnel,%20les%20cours%20\u00e9galement%20se%20font%20dans%20de%20bonnes%20conditions%20.%20Le\u2026\" \/>\n<meta property=\"og:locale\" content=\"fr_FR\" \/>\n<meta property=\"og:type\" content=\"article\" \/>\n<meta property=\"og:title\" content=\"REUNION DE L&#039;EQUIPE OP\u00c9RATIONNELLE D&#039;ITAKA ESCOLAPIOS PROVINCE D&#039;AFRIQUE CENTRALE \u00c0 BAMENDJOU Cameroun\" \/>\n<meta property=\"og:description\" content=\"Vendredi 05 Mai 2022, l&#039;equipe op\u00e9rationnelle de la fondation Itaka Escolapios s&#039;est rendue \u00e0 Bamendjou en vue de faire une evaluation des objectifs fix\u00e9s au d\u00e9but et pendant l&#039;ann\u00e9e. Nous pouvons noter ici que la pastorale se d\u00e9roule bien, le mouvement Calasanz est op\u00e9rationnel, les cours \u00e9galement se font dans de bonnes conditions . Le\u2026\" \/>\n<meta property=\"og:url\" content=\"https:\/\/www.itakaescolapios.org\/fr\/2022\/05\/francais-reunion-de-lequipe-operationnelle-ditaka-escolapios-province-dafrique-centrale-a-bamendjou-cameroun\/\" \/>\n<meta property=\"og:site_name\" content=\"Itaka-Escolapios\" \/>\n<meta property=\"article:published_time\" content=\"2022-05-07T20:32:35+00:00\" \/>\n<meta property=\"article:modified_time\" content=\"2023-11-28T11:35:46+00:00\" \/>\n<meta property=\"og:image\" content=\"https:\/\/www.itakaescolapios.org\/wp-content\/uploads\/2022\/05\/20220506_160616-scaled.jpg\" \/>\n\t<meta property=\"og:image:width\" content=\"2000\" \/>\n\t<meta property=\"og:image:height\" content=\"1500\" \/>\n\t<meta property=\"og:image:type\" content=\"image\/jpeg\" \/>\n<meta name=\"author\" content=\"cameroun01\" \/>\n<meta name=\"twitter:card\" content=\"summary_large_image\" \/>\n<meta name=\"twitter:label1\" content=\"\u00c9crit par\" \/>\n\t<meta name=\"twitter:data1\" content=\"cameroun01\" \/>\n<script type=\"application\/ld+json\" class=\"yoast-schema-graph\">{\"@context\":\"https:\\\/\\\/schema.org\",\"@graph\":[{\"@type\":\"Article\",\"@id\":\"https:\\\/\\\/www.itakaescolapios.org\\\/fr\\\/2022\\\/05\\\/francais-reunion-de-lequipe-operationnelle-ditaka-escolapios-province-dafrique-centrale-a-bamendjou-cameroun\\\/#article\",\"isPartOf\":{\"@id\":\"https:\\\/\\\/www.itakaescolapios.org\\\/fr\\\/2022\\\/05\\\/francais-reunion-de-lequipe-operationnelle-ditaka-escolapios-province-dafrique-centrale-a-bamendjou-cameroun\\\/\"},\"author\":{\"name\":\"cameroun01\",\"@id\":\"https:\\\/\\\/www.itakaescolapios.org\\\/es\\\/#\\\/schema\\\/person\\\/d2844383e29bfdfef69039672ce14eb1\"},\"headline\":\"REUNION DE L'EQUIPE OP\u00c9RATIONNELLE D'ITAKA ESCOLAPIOS PROVINCE D'AFRIQUE CENTRALE \u00c0 BAMENDJOU Cameroun\",\"datePublished\":\"2022-05-07T20:32:35+00:00\",\"dateModified\":\"2023-11-28T11:35:46+00:00\",\"mainEntityOfPage\":{\"@id\":\"https:\\\/\\\/www.itakaescolapios.org\\\/fr\\\/2022\\\/05\\\/francais-reunion-de-lequipe-operationnelle-ditaka-escolapios-province-dafrique-centrale-a-bamendjou-cameroun\\\/\"},\"wordCount\":96,\"publisher\":{\"@id\":\"https:\\\/\\\/www.itakaescolapios.org\\\/es\\\/#organization\"},\"image\":{\"@id\":\"https:\\\/\\\/www.itakaescolapios.org\\\/fr\\\/2022\\\/05\\\/francais-reunion-de-lequipe-operationnelle-ditaka-escolapios-province-dafrique-centrale-a-bamendjou-cameroun\\\/#primaryimage\"},\"thumbnailUrl\":\"https:\\\/\\\/www.itakaescolapios.org\\\/wp-content\\\/uploads\\\/2022\\\/05\\\/20220506_160616-scaled.jpg\",\"articleSection\":[\"Afrique centrale\",\"Cameroun\"],\"inLanguage\":\"fr-FR\"},{\"@type\":\"WebPage\",\"@id\":\"https:\\\/\\\/www.itakaescolapios.org\\\/fr\\\/2022\\\/05\\\/francais-reunion-de-lequipe-operationnelle-ditaka-escolapios-province-dafrique-centrale-a-bamendjou-cameroun\\\/\",\"url\":\"https:\\\/\\\/www.itakaescolapios.org\\\/fr\\\/2022\\\/05\\\/francais-reunion-de-lequipe-operationnelle-ditaka-escolapios-province-dafrique-centrale-a-bamendjou-cameroun\\\/\",\"name\":\"- Itaka-Escolapios\",\"isPartOf\":{\"@id\":\"https:\\\/\\\/www.itakaescolapios.org\\\/es\\\/#website\"},\"primaryImageOfPage\":{\"@id\":\"https:\\\/\\\/www.itakaescolapios.org\\\/fr\\\/2022\\\/05\\\/francais-reunion-de-lequipe-operationnelle-ditaka-escolapios-province-dafrique-centrale-a-bamendjou-cameroun\\\/#primaryimage\"},\"image\":{\"@id\":\"https:\\\/\\\/www.itakaescolapios.org\\\/fr\\\/2022\\\/05\\\/francais-reunion-de-lequipe-operationnelle-ditaka-escolapios-province-dafrique-centrale-a-bamendjou-cameroun\\\/#primaryimage\"},\"thumbnailUrl\":\"https:\\\/\\\/www.itakaescolapios.org\\\/wp-content\\\/uploads\\\/2022\\\/05\\\/20220506_160616-scaled.jpg\",\"datePublished\":\"2022-05-07T20:32:35+00:00\",\"dateModified\":\"2023-11-28T11:35:46+00:00\",\"breadcrumb\":{\"@id\":\"https:\\\/\\\/www.itakaescolapios.org\\\/fr\\\/2022\\\/05\\\/francais-reunion-de-lequipe-operationnelle-ditaka-escolapios-province-dafrique-centrale-a-bamendjou-cameroun\\\/#breadcrumb\"},\"inLanguage\":\"fr-FR\",\"potentialAction\":[{\"@type\":\"ReadAction\",\"target\":[\"https:\\\/\\\/www.itakaescolapios.org\\\/fr\\\/2022\\\/05\\\/francais-reunion-de-lequipe-operationnelle-ditaka-escolapios-province-dafrique-centrale-a-bamendjou-cameroun\\\/\"]}]},{\"@type\":\"ImageObject\",\"inLanguage\":\"fr-FR\",\"@id\":\"https:\\\/\\\/www.itakaescolapios.org\\\/fr\\\/2022\\\/05\\\/francais-reunion-de-lequipe-operationnelle-ditaka-escolapios-province-dafrique-centrale-a-bamendjou-cameroun\\\/#primaryimage\",\"url\":\"https:\\\/\\\/www.itakaescolapios.org\\\/wp-content\\\/uploads\\\/2022\\\/05\\\/20220506_160616-scaled.jpg\",\"contentUrl\":\"https:\\\/\\\/www.itakaescolapios.org\\\/wp-content\\\/uploads\\\/2022\\\/05\\\/20220506_160616-scaled.jpg\",\"width\":2000,\"height\":1500},{\"@type\":\"BreadcrumbList\",\"@id\":\"https:\\\/\\\/www.itakaescolapios.org\\\/fr\\\/2022\\\/05\\\/francais-reunion-de-lequipe-operationnelle-ditaka-escolapios-province-dafrique-centrale-a-bamendjou-cameroun\\\/#breadcrumb\",\"itemListElement\":[{\"@type\":\"ListItem\",\"position\":1,\"name\":\"Itaka-Escolapios\",\"item\":\"https:\\\/\\\/www.itakaescolapios.org\\\/es\\\/\"},{\"@type\":\"ListItem\",\"position\":2,\"name\":\"REUNION DE L'EQUIPE OP\u00c9RATIONNELLE D'ITAKA ESCOLAPIOS PROVINCE D'AFRIQUE CENTRALE \u00c0 BAMENDJOU Cameroun\"}]},{\"@type\":\"WebSite\",\"@id\":\"https:\\\/\\\/www.itakaescolapios.org\\\/fr\\\/es\\\/#website\",\"url\":\"https:\\\/\\\/www.itakaescolapios.org\\\/fr\\\/es\\\/\",\"name\":\"Itaka-Escolapios\",\"description\":\"Red de Itaka-Escolapios\",\"publisher\":{\"@id\":\"https:\\\/\\\/www.itakaescolapios.org\\\/fr\\\/es\\\/#organization\"},\"potentialAction\":[{\"@type\":\"SearchAction\",\"target\":{\"@type\":\"EntryPoint\",\"urlTemplate\":\"https:\\\/\\\/www.itakaescolapios.org\\\/fr\\\/es\\\/?s={search_term_string}\"},\"query-input\":{\"@type\":\"PropertyValueSpecification\",\"valueRequired\":true,\"valueName\":\"search_term_string\"}}],\"inLanguage\":\"fr-FR\"},{\"@type\":\"Organization\",\"@id\":\"https:\\\/\\\/www.itakaescolapios.org\\\/fr\\\/es\\\/#organization\",\"name\":\"Fundaci\u00f3 Itaka-Escolapios\",\"url\":\"https:\\\/\\\/www.itakaescolapios.org\\\/fr\\\/es\\\/\",\"logo\":{\"@type\":\"ImageObject\",\"inLanguage\":\"fr-FR\",\"@id\":\"https:\\\/\\\/www.itakaescolapios.org\\\/fr\\\/es\\\/#\\\/schema\\\/logo\\\/image\\\/\",\"url\":\"https:\\\/\\\/www.itakaescolapios.org\\\/wp-content\\\/uploads\\\/2024\\\/04\\\/Logo-itakaescolapios-peque.png\",\"contentUrl\":\"https:\\\/\\\/www.itakaescolapios.org\\\/wp-content\\\/uploads\\\/2024\\\/04\\\/Logo-itakaescolapios-peque.png\",\"width\":500,\"height\":199,\"caption\":\"Fundaci\u00f3 Itaka-Escolapios\"},\"image\":{\"@id\":\"https:\\\/\\\/www.itakaescolapios.org\\\/fr\\\/es\\\/#\\\/schema\\\/logo\\\/image\\\/\"}},{\"@type\":\"Person\",\"@id\":\"https:\\\/\\\/www.itakaescolapios.org\\\/es\\\/#\\\/schema\\\/person\\\/d2844383e29bfdfef69039672ce14eb1\",\"name\":\"cameroun01\",\"url\":\"https:\\\/\\\/www.itakaescolapios.org\\\/fr\\\/author\\\/cameroun01\\\/\"}]}<\/script>\n<!-- \/ Yoast SEO plugin. -->","yoast_head_json":{"title":"REUNION DE L'EQUIPE OP\u00c9RATIONNELLE D'ITAKA ESCOLAPIOS PROVINCE D'AFRIQUE CENTRALE \u00c0 BAMENDJOU Cameroun","description":"Vendredi 05 Mai 2022, l'equipe op\u00e9rationnelle de la fondation Itaka Escolapios s'est rendue \u00e0 Bamendjou en vue de faire une evaluation des objectifs fix\u00e9s au d\u00e9but et pendant l'ann\u00e9e. Nous pouvons noter ici que la pastorale se d\u00e9roule bien, le mouvement Calasanz est op\u00e9rationnel, les cours \u00e9galement se font dans de bonnes conditions . Le\u2026","robots":{"index":"index","follow":"follow","max-snippet":"max-snippet:-1","max-image-preview":"max-image-preview:large","max-video-preview":"max-video-preview:-1"},"canonical":"Vendredi 05 Mai 2022, l'equipe op\u00e9rationnelle de la fondation Itaka Escolapios s'est rendue \u00e0 Bamendjou en vue de faire une evaluation des objectifs fix\u00e9s au d\u00e9but et pendant l'ann\u00e9e. Nous pouvons noter ici que la pastorale se d\u00e9roule bien, le mouvement Calasanz est op\u00e9rationnel, les cours \u00e9galement se font dans de bonnes conditions . Le\u2026","og_locale":"fr_FR","og_type":"article","og_title":"REUNION DE L'EQUIPE OP\u00c9RATIONNELLE D'ITAKA ESCOLAPIOS PROVINCE D'AFRIQUE CENTRALE \u00c0 BAMENDJOU Cameroun","og_description":"Vendredi 05 Mai 2022, l'equipe op\u00e9rationnelle de la fondation Itaka Escolapios s'est rendue \u00e0 Bamendjou en vue de faire une evaluation des objectifs fix\u00e9s au d\u00e9but et pendant l'ann\u00e9e. Nous pouvons noter ici que la pastorale se d\u00e9roule bien, le mouvement Calasanz est op\u00e9rationnel, les cours \u00e9galement se font dans de bonnes conditions . Le\u2026","og_url":"https:\/\/www.itakaescolapios.org\/fr\/2022\/05\/francais-reunion-de-lequipe-operationnelle-ditaka-escolapios-province-dafrique-centrale-a-bamendjou-cameroun\/","og_site_name":"Itaka-Escolapios","article_published_time":"2022-05-07T20:32:35+00:00","article_modified_time":"2023-11-28T11:35:46+00:00","og_image":[{"width":2000,"height":1500,"url":"https:\/\/www.itakaescolapios.org\/wp-content\/uploads\/2022\/05\/20220506_160616-scaled.jpg","type":"image\/jpeg"}],"author":"cameroun01","twitter_card":"summary_large_image","twitter_misc":{"\u00c9crit par":"cameroun01"},"schema":{"@context":"https:\/\/schema.org","@graph":[{"@type":"Article","@id":"https:\/\/www.itakaescolapios.org\/fr\/2022\/05\/francais-reunion-de-lequipe-operationnelle-ditaka-escolapios-province-dafrique-centrale-a-bamendjou-cameroun\/#article","isPartOf":{"@id":"https:\/\/www.itakaescolapios.org\/fr\/2022\/05\/francais-reunion-de-lequipe-operationnelle-ditaka-escolapios-province-dafrique-centrale-a-bamendjou-cameroun\/"},"author":{"name":"cameroun01","@id":"https:\/\/www.itakaescolapios.org\/es\/#\/schema\/person\/d2844383e29bfdfef69039672ce14eb1"},"headline":"REUNION DE L'EQUIPE OP\u00c9RATIONNELLE D'ITAKA ESCOLAPIOS PROVINCE D'AFRIQUE CENTRALE \u00c0 BAMENDJOU Cameroun","datePublished":"2022-05-07T20:32:35+00:00","dateModified":"2023-11-28T11:35:46+00:00","mainEntityOfPage":{"@id":"https:\/\/www.itakaescolapios.org\/fr\/2022\/05\/francais-reunion-de-lequipe-operationnelle-ditaka-escolapios-province-dafrique-centrale-a-bamendjou-cameroun\/"},"wordCount":96,"publisher":{"@id":"https:\/\/www.itakaescolapios.org\/es\/#organization"},"image":{"@id":"https:\/\/www.itakaescolapios.org\/fr\/2022\/05\/francais-reunion-de-lequipe-operationnelle-ditaka-escolapios-province-dafrique-centrale-a-bamendjou-cameroun\/#primaryimage"},"thumbnailUrl":"https:\/\/www.itakaescolapios.org\/wp-content\/uploads\/2022\/05\/20220506_160616-scaled.jpg","articleSection":["Afrique centrale","Cameroun"],"inLanguage":"fr-FR"},{"@type":"WebPage","@id":"https:\/\/www.itakaescolapios.org\/fr\/2022\/05\/francais-reunion-de-lequipe-operationnelle-ditaka-escolapios-province-dafrique-centrale-a-bamendjou-cameroun\/","url":"https:\/\/www.itakaescolapios.org\/fr\/2022\/05\/francais-reunion-de-lequipe-operationnelle-ditaka-escolapios-province-dafrique-centrale-a-bamendjou-cameroun\/","name":"- Itaka-Escolapios","isPartOf":{"@id":"https:\/\/www.itakaescolapios.org\/es\/#website"},"primaryImageOfPage":{"@id":"https:\/\/www.itakaescolapios.org\/fr\/2022\/05\/francais-reunion-de-lequipe-operationnelle-ditaka-escolapios-province-dafrique-centrale-a-bamendjou-cameroun\/#primaryimage"},"image":{"@id":"https:\/\/www.itakaescolapios.org\/fr\/2022\/05\/francais-reunion-de-lequipe-operationnelle-ditaka-escolapios-province-dafrique-centrale-a-bamendjou-cameroun\/#primaryimage"},"thumbnailUrl":"https:\/\/www.itakaescolapios.org\/wp-content\/uploads\/2022\/05\/20220506_160616-scaled.jpg","datePublished":"2022-05-07T20:32:35+00:00","dateModified":"2023-11-28T11:35:46+00:00","breadcrumb":{"@id":"https:\/\/www.itakaescolapios.org\/fr\/2022\/05\/francais-reunion-de-lequipe-operationnelle-ditaka-escolapios-province-dafrique-centrale-a-bamendjou-cameroun\/#breadcrumb"},"inLanguage":"fr-FR","potentialAction":[{"@type":"ReadAction","target":["https:\/\/www.itakaescolapios.org\/fr\/2022\/05\/francais-reunion-de-lequipe-operationnelle-ditaka-escolapios-province-dafrique-centrale-a-bamendjou-cameroun\/"]}]},{"@type":"ImageObject","inLanguage":"fr-FR","@id":"https:\/\/www.itakaescolapios.org\/fr\/2022\/05\/francais-reunion-de-lequipe-operationnelle-ditaka-escolapios-province-dafrique-centrale-a-bamendjou-cameroun\/#primaryimage","url":"https:\/\/www.itakaescolapios.org\/wp-content\/uploads\/2022\/05\/20220506_160616-scaled.jpg","contentUrl":"https:\/\/www.itakaescolapios.org\/wp-content\/uploads\/2022\/05\/20220506_160616-scaled.jpg","width":2000,"height":1500},{"@type":"BreadcrumbList","@id":"https:\/\/www.itakaescolapios.org\/fr\/2022\/05\/francais-reunion-de-lequipe-operationnelle-ditaka-escolapios-province-dafrique-centrale-a-bamendjou-cameroun\/#breadcrumb","itemListElement":[{"@type":"ListItem","position":1,"name":"Itaka-Escolapios","item":"https:\/\/www.itakaescolapios.org\/es\/"},{"@type":"ListItem","position":2,"name":"REUNION DE L'EQUIPE OP\u00c9RATIONNELLE D'ITAKA ESCOLAPIOS PROVINCE D'AFRIQUE CENTRALE \u00c0 BAMENDJOU Cameroun"}]},{"@type":"WebSite","@id":"https:\/\/www.itakaescolapios.org\/fr\/es\/#website","url":"https:\/\/www.itakaescolapios.org\/fr\/es\/","name":"Itaka-Escolapios","description":"Red de Itaka-Escolapios","publisher":{"@id":"https:\/\/www.itakaescolapios.org\/fr\/es\/#organization"},"potentialAction":[{"@type":"SearchAction","target":{"@type":"EntryPoint","urlTemplate":"https:\/\/www.itakaescolapios.org\/fr\/es\/?s={search_term_string}"},"query-input":{"@type":"PropertyValueSpecification","valueRequired":true,"valueName":"search_term_string"}}],"inLanguage":"fr-FR"},{"@type":"Organization","@id":"https:\/\/www.itakaescolapios.org\/fr\/es\/#organization","name":"Fundaci\u00f3 Itaka-Escolapios","url":"https:\/\/www.itakaescolapios.org\/fr\/es\/","logo":{"@type":"ImageObject","inLanguage":"fr-FR","@id":"https:\/\/www.itakaescolapios.org\/fr\/es\/#\/schema\/logo\/image\/","url":"https:\/\/www.itakaescolapios.org\/wp-content\/uploads\/2024\/04\/Logo-itakaescolapios-peque.png","contentUrl":"https:\/\/www.itakaescolapios.org\/wp-content\/uploads\/2024\/04\/Logo-itakaescolapios-peque.png","width":500,"height":199,"caption":"Fundaci\u00f3 Itaka-Escolapios"},"image":{"@id":"https:\/\/www.itakaescolapios.org\/fr\/es\/#\/schema\/logo\/image\/"}},{"@type":"Person","@id":"https:\/\/www.itakaescolapios.org\/es\/#\/schema\/person\/d2844383e29bfdfef69039672ce14eb1","name":"cameroun01","url":"https:\/\/www.itakaescolapios.org\/fr\/author\/cameroun01\/"}]}},"_links":{"self":[{"href":"https:\/\/www.itakaescolapios.org\/fr\/wp-json\/wp\/v2\/posts\/36715","targetHints":{"allow":["GET"]}}],"collection":[{"href":"https:\/\/www.itakaescolapios.org\/fr\/wp-json\/wp\/v2\/posts"}],"about":[{"href":"https:\/\/www.itakaescolapios.org\/fr\/wp-json\/wp\/v2\/types\/post"}],"author":[{"embeddable":true,"href":"https:\/\/www.itakaescolapios.org\/fr\/wp-json\/wp\/v2\/users\/15"}],"replies":[{"embeddable":true,"href":"https:\/\/www.itakaescolapios.org\/fr\/wp-json\/wp\/v2\/comments?post=36715"}],"version-history":[{"count":2,"href":"https:\/\/www.itakaescolapios.org\/fr\/wp-json\/wp\/v2\/posts\/36715\/revisions"}],"predecessor-version":[{"id":43944,"href":"https:\/\/www.itakaescolapios.org\/fr\/wp-json\/wp\/v2\/posts\/36715\/revisions\/43944"}],"wp:featuredmedia":[{"embeddable":true,"href":"https:\/\/www.itakaescolapios.org\/fr\/wp-json\/wp\/v2\/media\/36713"}],"wp:attachment":[{"href":"https:\/\/www.itakaescolapios.org\/fr\/wp-json\/wp\/v2\/media?parent=36715"}],"wp:term":[{"taxonomy":"category","embeddable":true,"href":"https:\/\/www.itakaescolapios.org\/fr\/wp-json\/wp\/v2\/categories?post=36715"},{"taxonomy":"post_tag","embeddable":true,"href":"https:\/\/www.itakaescolapios.org\/fr\/wp-json\/wp\/v2\/tags?post=36715"}],"curies":[{"name":"wp","href":"https:\/\/api.w.org\/{rel}","templated":true}]}}