{"id":36844,"date":"2022-05-24T11:01:48","date_gmt":"2022-05-24T10:01:48","guid":{"rendered":"https:\/\/www.itakaescolapios.org\/?p=36844"},"modified":"2023-11-28T12:35:45","modified_gmt":"2023-11-28T11:35:45","slug":"lancement-des-activites-liees-a-la-celebration-de-la-journee-internationale-du-mouvement-calasanz","status":"publish","type":"post","link":"https:\/\/www.itakaescolapios.org\/fr\/2022\/05\/lancement-des-activites-liees-a-la-celebration-de-la-journee-internationale-du-mouvement-calasanz\/","title":{"rendered":"LANCEMENT DES ACTIVITES LIEES A LA CELEBRATION DE LA JOURNEE INTERNATIONALE DU MOUVEMENT CALASANZ (Bamenda)"},"content":{"rendered":"<p>Dimanche 22 Mai 2022 apr\u00e8s midi, nous avons eu le lancement des activit\u00e9s li\u00e9es \u00e0 la c\u00e9l\u00e9bration de la journ\u00e9e internationale du mouvement Calasanz avec une journ\u00e9e amicale Mouvement Calasanz de Bamenda Futru et SAJOCCCOL Menteh, nous avons eu un match de football et de handball et autre jeux!<\/p>\n<p>Nous avons eu la participation de pr\u00e8s de 500 jeunes, et la journ\u00e9e s&rsquo;est termin\u00e9e avec la b\u00e9n\u00e9diction finale du P\u00e8re Celestine Moh, Sch. P. Responsable du minist\u00e8re des enfants \u00e0 la paroisse Saint Michel de Futru et du volontariat de BAMENDA.<\/p>\n<p>Le nombre de jeunes \u00e9tait impressionnant et c&rsquo;\u00e9tait une occasion pour les volontaires de pratiquer la formation qu&rsquo;ils ont re\u00e7u en matin\u00e9e.<\/p>\n<p><img decoding=\"async\" class=\"size-full wp-image-36845 aligncenter\" src=\"https:\/\/www.itakaescolapios.org\/wp-content\/uploads\/2022\/05\/IMG-20220523-WA0027.jpg\" alt=\"\" width=\"1080\" height=\"486\" srcset=\"https:\/\/www.itakaescolapios.org\/wp-content\/uploads\/2022\/05\/IMG-20220523-WA0027.jpg 1080w, https:\/\/www.itakaescolapios.org\/wp-content\/uploads\/2022\/05\/IMG-20220523-WA0027-300x135.jpg 300w, https:\/\/www.itakaescolapios.org\/wp-content\/uploads\/2022\/05\/IMG-20220523-WA0027-1024x461.jpg 1024w, https:\/\/www.itakaescolapios.org\/wp-content\/uploads\/2022\/05\/IMG-20220523-WA0027-768x346.jpg 768w, https:\/\/www.itakaescolapios.org\/wp-content\/uploads\/2022\/05\/IMG-20220523-WA0027-250x113.jpg 250w\" sizes=\"(max-width: 1080px) 100vw, 1080px\" \/><\/p>\n<p><img decoding=\"async\" class=\"size-full wp-image-36847 aligncenter\" src=\"https:\/\/www.itakaescolapios.org\/wp-content\/uploads\/2022\/05\/IMG-20220523-WA0030.jpg\" alt=\"\" width=\"1080\" height=\"809\" srcset=\"https:\/\/www.itakaescolapios.org\/wp-content\/uploads\/2022\/05\/IMG-20220523-WA0030.jpg 1080w, https:\/\/www.itakaescolapios.org\/wp-content\/uploads\/2022\/05\/IMG-20220523-WA0030-300x225.jpg 300w, https:\/\/www.itakaescolapios.org\/wp-content\/uploads\/2022\/05\/IMG-20220523-WA0030-1024x767.jpg 1024w, https:\/\/www.itakaescolapios.org\/wp-content\/uploads\/2022\/05\/IMG-20220523-WA0030-768x575.jpg 768w, https:\/\/www.itakaescolapios.org\/wp-content\/uploads\/2022\/05\/IMG-20220523-WA0030-250x187.jpg 250w, https:\/\/www.itakaescolapios.org\/wp-content\/uploads\/2022\/05\/IMG-20220523-WA0030-510x382.jpg 510w\" sizes=\"(max-width: 1080px) 100vw, 1080px\" \/><\/p>\n<p><img decoding=\"async\" class=\"size-full wp-image-36848 aligncenter\" src=\"https:\/\/www.itakaescolapios.org\/wp-content\/uploads\/2022\/05\/IMG-20220523-WA0028.jpg\" alt=\"\" width=\"1080\" height=\"809\" srcset=\"https:\/\/www.itakaescolapios.org\/wp-content\/uploads\/2022\/05\/IMG-20220523-WA0028.jpg 1080w, https:\/\/www.itakaescolapios.org\/wp-content\/uploads\/2022\/05\/IMG-20220523-WA0028-300x225.jpg 300w, https:\/\/www.itakaescolapios.org\/wp-content\/uploads\/2022\/05\/IMG-20220523-WA0028-1024x767.jpg 1024w, https:\/\/www.itakaescolapios.org\/wp-content\/uploads\/2022\/05\/IMG-20220523-WA0028-768x575.jpg 768w, https:\/\/www.itakaescolapios.org\/wp-content\/uploads\/2022\/05\/IMG-20220523-WA0028-250x187.jpg 250w, https:\/\/www.itakaescolapios.org\/wp-content\/uploads\/2022\/05\/IMG-20220523-WA0028-510x382.jpg 510w\" sizes=\"(max-width: 1080px) 100vw, 1080px\" \/><\/p>\n<p><img decoding=\"async\" class=\"size-full wp-image-36849 aligncenter\" src=\"https:\/\/www.itakaescolapios.org\/wp-content\/uploads\/2022\/05\/IMG-20220523-WA0032.jpg\" alt=\"\" width=\"1080\" height=\"809\" srcset=\"https:\/\/www.itakaescolapios.org\/wp-content\/uploads\/2022\/05\/IMG-20220523-WA0032.jpg 1080w, https:\/\/www.itakaescolapios.org\/wp-content\/uploads\/2022\/05\/IMG-20220523-WA0032-300x225.jpg 300w, https:\/\/www.itakaescolapios.org\/wp-content\/uploads\/2022\/05\/IMG-20220523-WA0032-1024x767.jpg 1024w, https:\/\/www.itakaescolapios.org\/wp-content\/uploads\/2022\/05\/IMG-20220523-WA0032-768x575.jpg 768w, https:\/\/www.itakaescolapios.org\/wp-content\/uploads\/2022\/05\/IMG-20220523-WA0032-250x187.jpg 250w, https:\/\/www.itakaescolapios.org\/wp-content\/uploads\/2022\/05\/IMG-20220523-WA0032-510x382.jpg 510w\" sizes=\"(max-width: 1080px) 100vw, 1080px\" \/><\/p>\n<p><img decoding=\"async\" class=\"size-full wp-image-36850 aligncenter\" src=\"https:\/\/www.itakaescolapios.org\/wp-content\/uploads\/2022\/05\/IMG-20220523-WA0026.jpg\" alt=\"\" width=\"1080\" height=\"809\" srcset=\"https:\/\/www.itakaescolapios.org\/wp-content\/uploads\/2022\/05\/IMG-20220523-WA0026.jpg 1080w, https:\/\/www.itakaescolapios.org\/wp-content\/uploads\/2022\/05\/IMG-20220523-WA0026-300x225.jpg 300w, https:\/\/www.itakaescolapios.org\/wp-content\/uploads\/2022\/05\/IMG-20220523-WA0026-1024x767.jpg 1024w, https:\/\/www.itakaescolapios.org\/wp-content\/uploads\/2022\/05\/IMG-20220523-WA0026-768x575.jpg 768w, https:\/\/www.itakaescolapios.org\/wp-content\/uploads\/2022\/05\/IMG-20220523-WA0026-250x187.jpg 250w, https:\/\/www.itakaescolapios.org\/wp-content\/uploads\/2022\/05\/IMG-20220523-WA0026-510x382.jpg 510w\" sizes=\"(max-width: 1080px) 100vw, 1080px\" \/><\/p>\n<p><img decoding=\"async\" class=\"size-full wp-image-36851 aligncenter\" src=\"https:\/\/www.itakaescolapios.org\/wp-content\/uploads\/2022\/05\/IMG-20220523-WA0025.jpg\" alt=\"\" width=\"1080\" height=\"809\" srcset=\"https:\/\/www.itakaescolapios.org\/wp-content\/uploads\/2022\/05\/IMG-20220523-WA0025.jpg 1080w, https:\/\/www.itakaescolapios.org\/wp-content\/uploads\/2022\/05\/IMG-20220523-WA0025-300x225.jpg 300w, https:\/\/www.itakaescolapios.org\/wp-content\/uploads\/2022\/05\/IMG-20220523-WA0025-1024x767.jpg 1024w, https:\/\/www.itakaescolapios.org\/wp-content\/uploads\/2022\/05\/IMG-20220523-WA0025-768x575.jpg 768w, https:\/\/www.itakaescolapios.org\/wp-content\/uploads\/2022\/05\/IMG-20220523-WA0025-250x187.jpg 250w, https:\/\/www.itakaescolapios.org\/wp-content\/uploads\/2022\/05\/IMG-20220523-WA0025-510x382.jpg 510w\" sizes=\"(max-width: 1080px) 100vw, 1080px\" \/><\/p>\n<p><img decoding=\"async\" class=\"size-full wp-image-36852 aligncenter\" src=\"https:\/\/www.itakaescolapios.org\/wp-content\/uploads\/2022\/05\/IMG-20220523-WA0031.jpg\" alt=\"\" width=\"1080\" height=\"809\" srcset=\"https:\/\/www.itakaescolapios.org\/wp-content\/uploads\/2022\/05\/IMG-20220523-WA0031.jpg 1080w, https:\/\/www.itakaescolapios.org\/wp-content\/uploads\/2022\/05\/IMG-20220523-WA0031-300x225.jpg 300w, https:\/\/www.itakaescolapios.org\/wp-content\/uploads\/2022\/05\/IMG-20220523-WA0031-1024x767.jpg 1024w, https:\/\/www.itakaescolapios.org\/wp-content\/uploads\/2022\/05\/IMG-20220523-WA0031-768x575.jpg 768w, https:\/\/www.itakaescolapios.org\/wp-content\/uploads\/2022\/05\/IMG-20220523-WA0031-250x187.jpg 250w, https:\/\/www.itakaescolapios.org\/wp-content\/uploads\/2022\/05\/IMG-20220523-WA0031-510x382.jpg 510w\" sizes=\"(max-width: 1080px) 100vw, 1080px\" \/><\/p>\n","protected":false},"excerpt":{"rendered":"<p>Dimanche 22 Mai 2022 apr\u00e8s midi, nous avons eu le lancement des activit\u00e9s li\u00e9es \u00e0 la c\u00e9l\u00e9bration de la journ\u00e9e internationale du mouvement Calasanz avec une journ\u00e9e amicale Mouvement Calasanz [&hellip;]<\/p>\n","protected":false},"author":15,"featured_media":36846,"comment_status":"closed","ping_status":"closed","sticky":false,"template":"","format":"standard","meta":{"_et_pb_use_builder":"","_et_pb_old_content":"","_et_gb_content_width":"","footnotes":""},"categories":[53,10],"tags":[],"class_list":["post-36844","post","type-post","status-publish","format-standard","has-post-thumbnail","hentry","category-africa-central","category-camerun"],"yoast_head":"<!-- This site is optimized with the Yoast SEO plugin v27.4 - https:\/\/yoast.com\/product\/yoast-seo-wordpress\/ -->\n<title>LANCEMENT DES ACTIVITES LIEES A LA CELEBRATION DE LA JOURNEE INTERNATIONALE DU MOUVEMENT CALASANZ (Bamenda)<\/title>\n<meta name=\"description\" content=\"Dimanche 22 Mai 2022 apr\u00e8s midi, nous avons eu le lancement des activit\u00e9s li\u00e9es \u00e0 la c\u00e9l\u00e9bration de la journ\u00e9e internationale du mouvement Calasanz avec une journ\u00e9e amicale Mouvement Calasanz de Bamenda Futru et SAJOCCCOL Menteh, nous avons eu un match de football et de handball et autre jeux! Nous avons eu la participation de\u2026\" \/>\n<meta name=\"robots\" content=\"index, follow, max-snippet:-1, max-image-preview:large, max-video-preview:-1\" \/>\n<link rel=\"canonical\" href=\"http:\/\/Dimanche%2022%20Mai%202022%20apr\u00e8s%20midi,%20nous%20avons%20eu%20le%20lancement%20des%20activit\u00e9s%20li\u00e9es%20\u00e0%20la%20c\u00e9l\u00e9bration%20de%20la%20journ\u00e9e%20internationale%20du%20mouvement%20Calasanz%20avec%20une%20journ\u00e9e%20amicale%20Mouvement%20Calasanz%20de%20Bamenda%20Futru%20et%20SAJOCCCOL%20Menteh,%20nous%20avons%20eu%20un%20match%20de%20football%20et%20de%20handball%20et%20autre%20jeux!%20Nous%20avons%20eu%20la%20participation%20de\u2026\" \/>\n<meta property=\"og:locale\" content=\"fr_FR\" \/>\n<meta property=\"og:type\" content=\"article\" \/>\n<meta property=\"og:title\" content=\"LANCEMENT DES ACTIVITES LIEES A LA CELEBRATION DE LA JOURNEE INTERNATIONALE DU MOUVEMENT CALASANZ (Bamenda)\" \/>\n<meta property=\"og:description\" content=\"Dimanche 22 Mai 2022 apr\u00e8s midi, nous avons eu le lancement des activit\u00e9s li\u00e9es \u00e0 la c\u00e9l\u00e9bration de la journ\u00e9e internationale du mouvement Calasanz avec une journ\u00e9e amicale Mouvement Calasanz de Bamenda Futru et SAJOCCCOL Menteh, nous avons eu un match de football et de handball et autre jeux! Nous avons eu la participation de\u2026\" \/>\n<meta property=\"og:url\" content=\"https:\/\/www.itakaescolapios.org\/fr\/2022\/05\/lancement-des-activites-liees-a-la-celebration-de-la-journee-internationale-du-mouvement-calasanz\/\" \/>\n<meta property=\"og:site_name\" content=\"Itaka-Escolapios\" \/>\n<meta property=\"article:published_time\" content=\"2022-05-24T10:01:48+00:00\" \/>\n<meta property=\"article:modified_time\" content=\"2023-11-28T11:35:45+00:00\" \/>\n<meta property=\"og:image\" content=\"https:\/\/www.itakaescolapios.org\/wp-content\/uploads\/2022\/05\/IMG-20220523-WA0029.jpg\" \/>\n\t<meta property=\"og:image:width\" content=\"1080\" \/>\n\t<meta property=\"og:image:height\" content=\"809\" \/>\n\t<meta property=\"og:image:type\" content=\"image\/jpeg\" \/>\n<meta name=\"author\" content=\"cameroun01\" \/>\n<meta name=\"twitter:card\" content=\"summary_large_image\" \/>\n<meta name=\"twitter:label1\" content=\"\u00c9crit par\" \/>\n\t<meta name=\"twitter:data1\" content=\"cameroun01\" \/>\n<script type=\"application\/ld+json\" class=\"yoast-schema-graph\">{\"@context\":\"https:\\\/\\\/schema.org\",\"@graph\":[{\"@type\":\"Article\",\"@id\":\"https:\\\/\\\/www.itakaescolapios.org\\\/fr\\\/2022\\\/05\\\/lancement-des-activites-liees-a-la-celebration-de-la-journee-internationale-du-mouvement-calasanz\\\/#article\",\"isPartOf\":{\"@id\":\"https:\\\/\\\/www.itakaescolapios.org\\\/fr\\\/2022\\\/05\\\/lancement-des-activites-liees-a-la-celebration-de-la-journee-internationale-du-mouvement-calasanz\\\/\"},\"author\":{\"name\":\"cameroun01\",\"@id\":\"https:\\\/\\\/www.itakaescolapios.org\\\/es\\\/#\\\/schema\\\/person\\\/d2844383e29bfdfef69039672ce14eb1\"},\"headline\":\"LANCEMENT DES ACTIVITES LIEES A LA CELEBRATION DE LA JOURNEE INTERNATIONALE DU MOUVEMENT CALASANZ (Bamenda)\",\"datePublished\":\"2022-05-24T10:01:48+00:00\",\"dateModified\":\"2023-11-28T11:35:45+00:00\",\"mainEntityOfPage\":{\"@id\":\"https:\\\/\\\/www.itakaescolapios.org\\\/fr\\\/2022\\\/05\\\/lancement-des-activites-liees-a-la-celebration-de-la-journee-internationale-du-mouvement-calasanz\\\/\"},\"wordCount\":14,\"publisher\":{\"@id\":\"https:\\\/\\\/www.itakaescolapios.org\\\/es\\\/#organization\"},\"image\":{\"@id\":\"https:\\\/\\\/www.itakaescolapios.org\\\/fr\\\/2022\\\/05\\\/lancement-des-activites-liees-a-la-celebration-de-la-journee-internationale-du-mouvement-calasanz\\\/#primaryimage\"},\"thumbnailUrl\":\"https:\\\/\\\/www.itakaescolapios.org\\\/wp-content\\\/uploads\\\/2022\\\/05\\\/IMG-20220523-WA0029.jpg\",\"articleSection\":[\"Afrique centrale\",\"Cameroun\"],\"inLanguage\":\"fr-FR\"},{\"@type\":\"WebPage\",\"@id\":\"https:\\\/\\\/www.itakaescolapios.org\\\/fr\\\/2022\\\/05\\\/lancement-des-activites-liees-a-la-celebration-de-la-journee-internationale-du-mouvement-calasanz\\\/\",\"url\":\"https:\\\/\\\/www.itakaescolapios.org\\\/fr\\\/2022\\\/05\\\/lancement-des-activites-liees-a-la-celebration-de-la-journee-internationale-du-mouvement-calasanz\\\/\",\"name\":\"LANCEMENT DES ACTIVITES LIEES A LA CELEBRATION DE LA JOURNEE INTERNATIONALE DU MOUVEMENT CALASANZ - Itaka-Escolapios\",\"isPartOf\":{\"@id\":\"https:\\\/\\\/www.itakaescolapios.org\\\/es\\\/#website\"},\"primaryImageOfPage\":{\"@id\":\"https:\\\/\\\/www.itakaescolapios.org\\\/fr\\\/2022\\\/05\\\/lancement-des-activites-liees-a-la-celebration-de-la-journee-internationale-du-mouvement-calasanz\\\/#primaryimage\"},\"image\":{\"@id\":\"https:\\\/\\\/www.itakaescolapios.org\\\/fr\\\/2022\\\/05\\\/lancement-des-activites-liees-a-la-celebration-de-la-journee-internationale-du-mouvement-calasanz\\\/#primaryimage\"},\"thumbnailUrl\":\"https:\\\/\\\/www.itakaescolapios.org\\\/wp-content\\\/uploads\\\/2022\\\/05\\\/IMG-20220523-WA0029.jpg\",\"datePublished\":\"2022-05-24T10:01:48+00:00\",\"dateModified\":\"2023-11-28T11:35:45+00:00\",\"breadcrumb\":{\"@id\":\"https:\\\/\\\/www.itakaescolapios.org\\\/fr\\\/2022\\\/05\\\/lancement-des-activites-liees-a-la-celebration-de-la-journee-internationale-du-mouvement-calasanz\\\/#breadcrumb\"},\"inLanguage\":\"fr-FR\",\"potentialAction\":[{\"@type\":\"ReadAction\",\"target\":[\"https:\\\/\\\/www.itakaescolapios.org\\\/fr\\\/2022\\\/05\\\/lancement-des-activites-liees-a-la-celebration-de-la-journee-internationale-du-mouvement-calasanz\\\/\"]}]},{\"@type\":\"ImageObject\",\"inLanguage\":\"fr-FR\",\"@id\":\"https:\\\/\\\/www.itakaescolapios.org\\\/fr\\\/2022\\\/05\\\/lancement-des-activites-liees-a-la-celebration-de-la-journee-internationale-du-mouvement-calasanz\\\/#primaryimage\",\"url\":\"https:\\\/\\\/www.itakaescolapios.org\\\/wp-content\\\/uploads\\\/2022\\\/05\\\/IMG-20220523-WA0029.jpg\",\"contentUrl\":\"https:\\\/\\\/www.itakaescolapios.org\\\/wp-content\\\/uploads\\\/2022\\\/05\\\/IMG-20220523-WA0029.jpg\",\"width\":1080,\"height\":809},{\"@type\":\"BreadcrumbList\",\"@id\":\"https:\\\/\\\/www.itakaescolapios.org\\\/fr\\\/2022\\\/05\\\/lancement-des-activites-liees-a-la-celebration-de-la-journee-internationale-du-mouvement-calasanz\\\/#breadcrumb\",\"itemListElement\":[{\"@type\":\"ListItem\",\"position\":1,\"name\":\"Itaka-Escolapios\",\"item\":\"https:\\\/\\\/www.itakaescolapios.org\\\/es\\\/\"},{\"@type\":\"ListItem\",\"position\":2,\"name\":\"LANCEMENT DES ACTIVITES LIEES A LA CELEBRATION DE LA JOURNEE INTERNATIONALE DU MOUVEMENT CALASANZ (Bamenda)\"}]},{\"@type\":\"WebSite\",\"@id\":\"https:\\\/\\\/www.itakaescolapios.org\\\/fr\\\/es\\\/#website\",\"url\":\"https:\\\/\\\/www.itakaescolapios.org\\\/fr\\\/es\\\/\",\"name\":\"Itaka-Escolapios\",\"description\":\"Red de Itaka-Escolapios\",\"publisher\":{\"@id\":\"https:\\\/\\\/www.itakaescolapios.org\\\/fr\\\/es\\\/#organization\"},\"potentialAction\":[{\"@type\":\"SearchAction\",\"target\":{\"@type\":\"EntryPoint\",\"urlTemplate\":\"https:\\\/\\\/www.itakaescolapios.org\\\/fr\\\/es\\\/?s={search_term_string}\"},\"query-input\":{\"@type\":\"PropertyValueSpecification\",\"valueRequired\":true,\"valueName\":\"search_term_string\"}}],\"inLanguage\":\"fr-FR\"},{\"@type\":\"Organization\",\"@id\":\"https:\\\/\\\/www.itakaescolapios.org\\\/fr\\\/es\\\/#organization\",\"name\":\"Fundaci\u00f3 Itaka-Escolapios\",\"url\":\"https:\\\/\\\/www.itakaescolapios.org\\\/fr\\\/es\\\/\",\"logo\":{\"@type\":\"ImageObject\",\"inLanguage\":\"fr-FR\",\"@id\":\"https:\\\/\\\/www.itakaescolapios.org\\\/fr\\\/es\\\/#\\\/schema\\\/logo\\\/image\\\/\",\"url\":\"https:\\\/\\\/www.itakaescolapios.org\\\/wp-content\\\/uploads\\\/2024\\\/04\\\/Logo-itakaescolapios-peque.png\",\"contentUrl\":\"https:\\\/\\\/www.itakaescolapios.org\\\/wp-content\\\/uploads\\\/2024\\\/04\\\/Logo-itakaescolapios-peque.png\",\"width\":500,\"height\":199,\"caption\":\"Fundaci\u00f3 Itaka-Escolapios\"},\"image\":{\"@id\":\"https:\\\/\\\/www.itakaescolapios.org\\\/fr\\\/es\\\/#\\\/schema\\\/logo\\\/image\\\/\"}},{\"@type\":\"Person\",\"@id\":\"https:\\\/\\\/www.itakaescolapios.org\\\/es\\\/#\\\/schema\\\/person\\\/d2844383e29bfdfef69039672ce14eb1\",\"name\":\"cameroun01\",\"url\":\"https:\\\/\\\/www.itakaescolapios.org\\\/fr\\\/author\\\/cameroun01\\\/\"}]}<\/script>\n<!-- \/ Yoast SEO plugin. -->","yoast_head_json":{"title":"LANCEMENT DES ACTIVITES LIEES A LA CELEBRATION DE LA JOURNEE INTERNATIONALE DU MOUVEMENT CALASANZ (Bamenda)","description":"Dimanche 22 Mai 2022 apr\u00e8s midi, nous avons eu le lancement des activit\u00e9s li\u00e9es \u00e0 la c\u00e9l\u00e9bration de la journ\u00e9e internationale du mouvement Calasanz avec une journ\u00e9e amicale Mouvement Calasanz de Bamenda Futru et SAJOCCCOL Menteh, nous avons eu un match de football et de handball et autre jeux! Nous avons eu la participation de\u2026","robots":{"index":"index","follow":"follow","max-snippet":"max-snippet:-1","max-image-preview":"max-image-preview:large","max-video-preview":"max-video-preview:-1"},"canonical":"Dimanche 22 Mai 2022 apr\u00e8s midi, nous avons eu le lancement des activit\u00e9s li\u00e9es \u00e0 la c\u00e9l\u00e9bration de la journ\u00e9e internationale du mouvement Calasanz avec une journ\u00e9e amicale Mouvement Calasanz de Bamenda Futru et SAJOCCCOL Menteh, nous avons eu un match de football et de handball et autre jeux! Nous avons eu la participation de\u2026","og_locale":"fr_FR","og_type":"article","og_title":"LANCEMENT DES ACTIVITES LIEES A LA CELEBRATION DE LA JOURNEE INTERNATIONALE DU MOUVEMENT CALASANZ (Bamenda)","og_description":"Dimanche 22 Mai 2022 apr\u00e8s midi, nous avons eu le lancement des activit\u00e9s li\u00e9es \u00e0 la c\u00e9l\u00e9bration de la journ\u00e9e internationale du mouvement Calasanz avec une journ\u00e9e amicale Mouvement Calasanz de Bamenda Futru et SAJOCCCOL Menteh, nous avons eu un match de football et de handball et autre jeux! Nous avons eu la participation de\u2026","og_url":"https:\/\/www.itakaescolapios.org\/fr\/2022\/05\/lancement-des-activites-liees-a-la-celebration-de-la-journee-internationale-du-mouvement-calasanz\/","og_site_name":"Itaka-Escolapios","article_published_time":"2022-05-24T10:01:48+00:00","article_modified_time":"2023-11-28T11:35:45+00:00","og_image":[{"width":1080,"height":809,"url":"https:\/\/www.itakaescolapios.org\/wp-content\/uploads\/2022\/05\/IMG-20220523-WA0029.jpg","type":"image\/jpeg"}],"author":"cameroun01","twitter_card":"summary_large_image","twitter_misc":{"\u00c9crit par":"cameroun01"},"schema":{"@context":"https:\/\/schema.org","@graph":[{"@type":"Article","@id":"https:\/\/www.itakaescolapios.org\/fr\/2022\/05\/lancement-des-activites-liees-a-la-celebration-de-la-journee-internationale-du-mouvement-calasanz\/#article","isPartOf":{"@id":"https:\/\/www.itakaescolapios.org\/fr\/2022\/05\/lancement-des-activites-liees-a-la-celebration-de-la-journee-internationale-du-mouvement-calasanz\/"},"author":{"name":"cameroun01","@id":"https:\/\/www.itakaescolapios.org\/es\/#\/schema\/person\/d2844383e29bfdfef69039672ce14eb1"},"headline":"LANCEMENT DES ACTIVITES LIEES A LA CELEBRATION DE LA JOURNEE INTERNATIONALE DU MOUVEMENT CALASANZ (Bamenda)","datePublished":"2022-05-24T10:01:48+00:00","dateModified":"2023-11-28T11:35:45+00:00","mainEntityOfPage":{"@id":"https:\/\/www.itakaescolapios.org\/fr\/2022\/05\/lancement-des-activites-liees-a-la-celebration-de-la-journee-internationale-du-mouvement-calasanz\/"},"wordCount":14,"publisher":{"@id":"https:\/\/www.itakaescolapios.org\/es\/#organization"},"image":{"@id":"https:\/\/www.itakaescolapios.org\/fr\/2022\/05\/lancement-des-activites-liees-a-la-celebration-de-la-journee-internationale-du-mouvement-calasanz\/#primaryimage"},"thumbnailUrl":"https:\/\/www.itakaescolapios.org\/wp-content\/uploads\/2022\/05\/IMG-20220523-WA0029.jpg","articleSection":["Afrique centrale","Cameroun"],"inLanguage":"fr-FR"},{"@type":"WebPage","@id":"https:\/\/www.itakaescolapios.org\/fr\/2022\/05\/lancement-des-activites-liees-a-la-celebration-de-la-journee-internationale-du-mouvement-calasanz\/","url":"https:\/\/www.itakaescolapios.org\/fr\/2022\/05\/lancement-des-activites-liees-a-la-celebration-de-la-journee-internationale-du-mouvement-calasanz\/","name":"LANCEMENT DES ACTIVITES LIEES A LA CELEBRATION DE LA JOURNEE INTERNATIONALE DU MOUVEMENT CALASANZ - Itaka-Escolapios","isPartOf":{"@id":"https:\/\/www.itakaescolapios.org\/es\/#website"},"primaryImageOfPage":{"@id":"https:\/\/www.itakaescolapios.org\/fr\/2022\/05\/lancement-des-activites-liees-a-la-celebration-de-la-journee-internationale-du-mouvement-calasanz\/#primaryimage"},"image":{"@id":"https:\/\/www.itakaescolapios.org\/fr\/2022\/05\/lancement-des-activites-liees-a-la-celebration-de-la-journee-internationale-du-mouvement-calasanz\/#primaryimage"},"thumbnailUrl":"https:\/\/www.itakaescolapios.org\/wp-content\/uploads\/2022\/05\/IMG-20220523-WA0029.jpg","datePublished":"2022-05-24T10:01:48+00:00","dateModified":"2023-11-28T11:35:45+00:00","breadcrumb":{"@id":"https:\/\/www.itakaescolapios.org\/fr\/2022\/05\/lancement-des-activites-liees-a-la-celebration-de-la-journee-internationale-du-mouvement-calasanz\/#breadcrumb"},"inLanguage":"fr-FR","potentialAction":[{"@type":"ReadAction","target":["https:\/\/www.itakaescolapios.org\/fr\/2022\/05\/lancement-des-activites-liees-a-la-celebration-de-la-journee-internationale-du-mouvement-calasanz\/"]}]},{"@type":"ImageObject","inLanguage":"fr-FR","@id":"https:\/\/www.itakaescolapios.org\/fr\/2022\/05\/lancement-des-activites-liees-a-la-celebration-de-la-journee-internationale-du-mouvement-calasanz\/#primaryimage","url":"https:\/\/www.itakaescolapios.org\/wp-content\/uploads\/2022\/05\/IMG-20220523-WA0029.jpg","contentUrl":"https:\/\/www.itakaescolapios.org\/wp-content\/uploads\/2022\/05\/IMG-20220523-WA0029.jpg","width":1080,"height":809},{"@type":"BreadcrumbList","@id":"https:\/\/www.itakaescolapios.org\/fr\/2022\/05\/lancement-des-activites-liees-a-la-celebration-de-la-journee-internationale-du-mouvement-calasanz\/#breadcrumb","itemListElement":[{"@type":"ListItem","position":1,"name":"Itaka-Escolapios","item":"https:\/\/www.itakaescolapios.org\/es\/"},{"@type":"ListItem","position":2,"name":"LANCEMENT DES ACTIVITES LIEES A LA CELEBRATION DE LA JOURNEE INTERNATIONALE DU MOUVEMENT CALASANZ (Bamenda)"}]},{"@type":"WebSite","@id":"https:\/\/www.itakaescolapios.org\/fr\/es\/#website","url":"https:\/\/www.itakaescolapios.org\/fr\/es\/","name":"Itaka-Escolapios","description":"Red de Itaka-Escolapios","publisher":{"@id":"https:\/\/www.itakaescolapios.org\/fr\/es\/#organization"},"potentialAction":[{"@type":"SearchAction","target":{"@type":"EntryPoint","urlTemplate":"https:\/\/www.itakaescolapios.org\/fr\/es\/?s={search_term_string}"},"query-input":{"@type":"PropertyValueSpecification","valueRequired":true,"valueName":"search_term_string"}}],"inLanguage":"fr-FR"},{"@type":"Organization","@id":"https:\/\/www.itakaescolapios.org\/fr\/es\/#organization","name":"Fundaci\u00f3 Itaka-Escolapios","url":"https:\/\/www.itakaescolapios.org\/fr\/es\/","logo":{"@type":"ImageObject","inLanguage":"fr-FR","@id":"https:\/\/www.itakaescolapios.org\/fr\/es\/#\/schema\/logo\/image\/","url":"https:\/\/www.itakaescolapios.org\/wp-content\/uploads\/2024\/04\/Logo-itakaescolapios-peque.png","contentUrl":"https:\/\/www.itakaescolapios.org\/wp-content\/uploads\/2024\/04\/Logo-itakaescolapios-peque.png","width":500,"height":199,"caption":"Fundaci\u00f3 Itaka-Escolapios"},"image":{"@id":"https:\/\/www.itakaescolapios.org\/fr\/es\/#\/schema\/logo\/image\/"}},{"@type":"Person","@id":"https:\/\/www.itakaescolapios.org\/es\/#\/schema\/person\/d2844383e29bfdfef69039672ce14eb1","name":"cameroun01","url":"https:\/\/www.itakaescolapios.org\/fr\/author\/cameroun01\/"}]}},"_links":{"self":[{"href":"https:\/\/www.itakaescolapios.org\/fr\/wp-json\/wp\/v2\/posts\/36844","targetHints":{"allow":["GET"]}}],"collection":[{"href":"https:\/\/www.itakaescolapios.org\/fr\/wp-json\/wp\/v2\/posts"}],"about":[{"href":"https:\/\/www.itakaescolapios.org\/fr\/wp-json\/wp\/v2\/types\/post"}],"author":[{"embeddable":true,"href":"https:\/\/www.itakaescolapios.org\/fr\/wp-json\/wp\/v2\/users\/15"}],"replies":[{"embeddable":true,"href":"https:\/\/www.itakaescolapios.org\/fr\/wp-json\/wp\/v2\/comments?post=36844"}],"version-history":[{"count":4,"href":"https:\/\/www.itakaescolapios.org\/fr\/wp-json\/wp\/v2\/posts\/36844\/revisions"}],"predecessor-version":[{"id":43924,"href":"https:\/\/www.itakaescolapios.org\/fr\/wp-json\/wp\/v2\/posts\/36844\/revisions\/43924"}],"wp:featuredmedia":[{"embeddable":true,"href":"https:\/\/www.itakaescolapios.org\/fr\/wp-json\/wp\/v2\/media\/36846"}],"wp:attachment":[{"href":"https:\/\/www.itakaescolapios.org\/fr\/wp-json\/wp\/v2\/media?parent=36844"}],"wp:term":[{"taxonomy":"category","embeddable":true,"href":"https:\/\/www.itakaescolapios.org\/fr\/wp-json\/wp\/v2\/categories?post=36844"},{"taxonomy":"post_tag","embeddable":true,"href":"https:\/\/www.itakaescolapios.org\/fr\/wp-json\/wp\/v2\/tags?post=36844"}],"curies":[{"name":"wp","href":"https:\/\/api.w.org\/{rel}","templated":true}]}}