{"id":36883,"date":"2022-05-27T23:27:58","date_gmt":"2022-05-27T22:27:58","guid":{"rendered":"https:\/\/www.itakaescolapios.org\/?p=36883"},"modified":"2023-11-28T12:35:45","modified_gmt":"2023-11-28T11:35:45","slug":"francais-cloture-des-activites-du-mouvement-calasanz-au-complexe-scolaire-bilingue-saint-joseph-calasanz-de-bafia","status":"publish","type":"post","link":"https:\/\/www.itakaescolapios.org\/fr\/2022\/05\/francais-cloture-des-activites-du-mouvement-calasanz-au-complexe-scolaire-bilingue-saint-joseph-calasanz-de-bafia\/","title":{"rendered":"CL\u00d4TURE DES ACTIVIT\u00c9S DU MOUVEMENT CALASANZ AU COMPLEXE SCOLAIRE BILINGUE SAINT JOSEPH CALASANZ DE BAFIA "},"content":{"rendered":"<p>&nbsp;<\/p>\n<p><span dir=\"RTL\">Aujourd&rsquo;hu<\/span><span dir=\"RTL\">i , Vendre<\/span><span dir=\"RTL\">di<\/span><span dir=\"RTL\">27 <\/span><span dir=\"RTL\">mai<\/span><span dir=\"RTL\">\u00a02022, <\/span><span dir=\"RTL\">etai<\/span><span dir=\"RTL\">t <\/span><span dir=\"RTL\">l<\/span><span dir=\"RTL\">a j<\/span><span dir=\"RTL\">o<\/span><span dir=\"RTL\">u<\/span><span dir=\"LTR\">rn\u00e9e de cl\u00f4ture des activit\u00e9s pastorales du Mouvement Calasanz<\/span> <span dir=\"RTL\">a<\/span><span dir=\"RTL\">u <\/span><span dir=\"RTL\">complex<\/span><span dir=\"RTL\">e\u00a0 S<\/span><span dir=\"RTL\">colair<\/span><span dir=\"RTL\">e\u00a0 \u00a0B<\/span><span dir=\"RTL\">ilingu<\/span><span dir=\"RTL\">e S<\/span><span dir=\"RTL\">ain<\/span><span dir=\"RTL\">t\u00a0 J<\/span><span dir=\"RTL\">osep<\/span><span dir=\"RTL\">h C<\/span><span dir=\"RTL\">alasan<\/span><span dir=\"RTL\">z\u00a0 \u00a0de B<\/span><span dir=\"RTL\">afi<\/span><span dir=\"RTL\">.a<\/span><span dir=\"RTL\">\u00a0 Au pr<\/span><span dir=\"RTL\">ogramm<\/span><span dir=\"RTL\">e<\/span><span dir=\"LTR\"> : Messe, pr\u00e9sentation des diff\u00e9rents groupes constitu\u00e9s et encadr\u00e9s tout au long de l&rsquo;ann\u00e9e par les enseignants, mot de bienvenue du coordonnateur qui <\/span><span dir=\"RTL\">a <\/span><span dir=\"RTL\">lanc<\/span><span dir=\"RTL\">\u00e9<\/span><span dir=\"LTR\"> le d\u00e9but des activit\u00e9s du carnaval<\/span><span dir=\"RTL\">. <\/span><span dir=\"RTL\">c&rsquo;\u00e9tai<\/span><span dir=\"RTL\">t <\/span><span dir=\"RTL\">un<\/span><span dir=\"RTL\">e <\/span><span dir=\"RTL\">journ\u00e9<\/span><span dir=\"RTL\">e <\/span><span dir=\"RTL\">tr\u00e8<\/span><span dir=\"RTL\">s <\/span><span dir=\"RTL\">belle et tr\u00e8s enrichissante . Nous nous sommes beaucoup amus\u00e9s et avons beaucoup appris les uns des autres<\/span><\/p>\n<p><span dir=\"RTL\"> <img decoding=\"async\" class=\"size-full wp-image-2994 aligncenter\" src=\"https:\/\/piaristesafriquecentrale.org\/wp-content\/uploads\/2022\/05\/IMG-20220527-WA0020.jpg\" alt=\"\" width=\"1080\" height=\"607\" \/> .<\/span><\/p>\n<p><img decoding=\"async\" class=\"size-full wp-image-2995 aligncenter\" src=\"https:\/\/piaristesafriquecentrale.org\/wp-content\/uploads\/2022\/05\/IMG-20220527-WA0024.jpg\" alt=\"\" width=\"1080\" height=\"486\" \/><\/p>\n","protected":false},"excerpt":{"rendered":"<p>&nbsp; Aujourd&rsquo;hui , Vendredi27 mai\u00a02022, etait la journ\u00e9e de cl\u00f4ture des activit\u00e9s pastorales du Mouvement Calasanz au complexe\u00a0 Scolaire\u00a0 \u00a0Bilingue Saint\u00a0 Joseph Calasanz\u00a0 \u00a0de Bafi.a\u00a0 Au programme : Messe, pr\u00e9sentation [&hellip;]<\/p>\n","protected":false},"author":15,"featured_media":36884,"comment_status":"closed","ping_status":"closed","sticky":false,"template":"","format":"standard","meta":{"_et_pb_use_builder":"","_et_pb_old_content":"","_et_gb_content_width":"","footnotes":""},"categories":[53,10],"tags":[],"class_list":["post-36883","post","type-post","status-publish","format-standard","has-post-thumbnail","hentry","category-africa-central","category-camerun"],"yoast_head":"<!-- This site is optimized with the Yoast SEO plugin v27.4 - https:\/\/yoast.com\/product\/yoast-seo-wordpress\/ -->\n<title>CL\u00d4TURE DES ACTIVIT\u00c9S DU MOUVEMENT CALASANZ AU COMPLEXE SCOLAIRE BILINGUE SAINT JOSEPH CALASANZ DE BAFIA<\/title>\n<meta name=\"description\" content=\"&nbsp; Aujourd&#039;hui , Vendredi27 mai\u00a02022, etait la journ\u00e9e de cl\u00f4ture des activit\u00e9s pastorales du Mouvement Calasanz au complexe\u00a0 Scolaire\u00a0 \u00a0Bilingue Saint\u00a0 Joseph Calasanz\u00a0 \u00a0de Bafi.a\u00a0 Au programme : Messe, pr\u00e9sentation des diff\u00e9rents groupes constitu\u00e9s et encadr\u00e9s tout au long de l&#039;ann\u00e9e par les enseignants, mot de bienvenue du coordonnateur qui a lanc\u00e9 le d\u00e9but des\u2026\" \/>\n<meta name=\"robots\" content=\"index, follow, max-snippet:-1, max-image-preview:large, max-video-preview:-1\" \/>\n<link rel=\"canonical\" href=\"\" \/>\n<meta property=\"og:locale\" content=\"fr_FR\" \/>\n<meta property=\"og:type\" content=\"article\" \/>\n<meta property=\"og:title\" content=\"CL\u00d4TURE DES ACTIVIT\u00c9S DU MOUVEMENT CALASANZ AU COMPLEXE SCOLAIRE BILINGUE SAINT JOSEPH CALASANZ DE BAFIA\" \/>\n<meta property=\"og:description\" content=\"&nbsp; Aujourd&#039;hui , Vendredi27 mai\u00a02022, etait la journ\u00e9e de cl\u00f4ture des activit\u00e9s pastorales du Mouvement Calasanz au complexe\u00a0 Scolaire\u00a0 \u00a0Bilingue Saint\u00a0 Joseph Calasanz\u00a0 \u00a0de Bafi.a\u00a0 Au programme : Messe, pr\u00e9sentation des diff\u00e9rents groupes constitu\u00e9s et encadr\u00e9s tout au long de l&#039;ann\u00e9e par les enseignants, mot de bienvenue du coordonnateur qui a lanc\u00e9 le d\u00e9but des\u2026\" \/>\n<meta property=\"og:url\" content=\"https:\/\/www.itakaescolapios.org\/fr\/2022\/05\/francais-cloture-des-activites-du-mouvement-calasanz-au-complexe-scolaire-bilingue-saint-joseph-calasanz-de-bafia\/\" \/>\n<meta property=\"og:site_name\" content=\"Itaka-Escolapios\" \/>\n<meta property=\"article:published_time\" content=\"2022-05-27T22:27:58+00:00\" \/>\n<meta property=\"article:modified_time\" content=\"2023-11-28T11:35:45+00:00\" \/>\n<meta property=\"og:image\" content=\"https:\/\/www.itakaescolapios.org\/wp-content\/uploads\/2022\/05\/IMG-20220527-WA0025.jpg\" \/>\n\t<meta property=\"og:image:width\" content=\"1080\" \/>\n\t<meta property=\"og:image:height\" content=\"486\" \/>\n\t<meta property=\"og:image:type\" content=\"image\/jpeg\" \/>\n<meta name=\"author\" content=\"cameroun01\" \/>\n<meta name=\"twitter:card\" content=\"summary_large_image\" \/>\n<meta name=\"twitter:label1\" content=\"\u00c9crit par\" \/>\n\t<meta name=\"twitter:data1\" content=\"cameroun01\" \/>\n<script type=\"application\/ld+json\" class=\"yoast-schema-graph\">{\"@context\":\"https:\\\/\\\/schema.org\",\"@graph\":[{\"@type\":\"Article\",\"@id\":\"https:\\\/\\\/www.itakaescolapios.org\\\/fr\\\/2022\\\/05\\\/francais-cloture-des-activites-du-mouvement-calasanz-au-complexe-scolaire-bilingue-saint-joseph-calasanz-de-bafia\\\/#article\",\"isPartOf\":{\"@id\":\"https:\\\/\\\/www.itakaescolapios.org\\\/fr\\\/2022\\\/05\\\/francais-cloture-des-activites-du-mouvement-calasanz-au-complexe-scolaire-bilingue-saint-joseph-calasanz-de-bafia\\\/\"},\"author\":{\"name\":\"cameroun01\",\"@id\":\"https:\\\/\\\/www.itakaescolapios.org\\\/es\\\/#\\\/schema\\\/person\\\/d2844383e29bfdfef69039672ce14eb1\"},\"headline\":\"CL\u00d4TURE DES ACTIVIT\u00c9S DU MOUVEMENT CALASANZ AU COMPLEXE SCOLAIRE BILINGUE SAINT JOSEPH CALASANZ DE BAFIA\",\"datePublished\":\"2022-05-27T22:27:58+00:00\",\"dateModified\":\"2023-11-28T11:35:45+00:00\",\"mainEntityOfPage\":{\"@id\":\"https:\\\/\\\/www.itakaescolapios.org\\\/fr\\\/2022\\\/05\\\/francais-cloture-des-activites-du-mouvement-calasanz-au-complexe-scolaire-bilingue-saint-joseph-calasanz-de-bafia\\\/\"},\"wordCount\":120,\"publisher\":{\"@id\":\"https:\\\/\\\/www.itakaescolapios.org\\\/es\\\/#organization\"},\"image\":{\"@id\":\"https:\\\/\\\/www.itakaescolapios.org\\\/fr\\\/2022\\\/05\\\/francais-cloture-des-activites-du-mouvement-calasanz-au-complexe-scolaire-bilingue-saint-joseph-calasanz-de-bafia\\\/#primaryimage\"},\"thumbnailUrl\":\"https:\\\/\\\/www.itakaescolapios.org\\\/wp-content\\\/uploads\\\/2022\\\/05\\\/IMG-20220527-WA0025.jpg\",\"articleSection\":[\"Afrique centrale\",\"Cameroun\"],\"inLanguage\":\"fr-FR\"},{\"@type\":\"WebPage\",\"@id\":\"https:\\\/\\\/www.itakaescolapios.org\\\/fr\\\/2022\\\/05\\\/francais-cloture-des-activites-du-mouvement-calasanz-au-complexe-scolaire-bilingue-saint-joseph-calasanz-de-bafia\\\/\",\"url\":\"https:\\\/\\\/www.itakaescolapios.org\\\/fr\\\/2022\\\/05\\\/francais-cloture-des-activites-du-mouvement-calasanz-au-complexe-scolaire-bilingue-saint-joseph-calasanz-de-bafia\\\/\",\"name\":\"- Itaka-Escolapios\",\"isPartOf\":{\"@id\":\"https:\\\/\\\/www.itakaescolapios.org\\\/es\\\/#website\"},\"primaryImageOfPage\":{\"@id\":\"https:\\\/\\\/www.itakaescolapios.org\\\/fr\\\/2022\\\/05\\\/francais-cloture-des-activites-du-mouvement-calasanz-au-complexe-scolaire-bilingue-saint-joseph-calasanz-de-bafia\\\/#primaryimage\"},\"image\":{\"@id\":\"https:\\\/\\\/www.itakaescolapios.org\\\/fr\\\/2022\\\/05\\\/francais-cloture-des-activites-du-mouvement-calasanz-au-complexe-scolaire-bilingue-saint-joseph-calasanz-de-bafia\\\/#primaryimage\"},\"thumbnailUrl\":\"https:\\\/\\\/www.itakaescolapios.org\\\/wp-content\\\/uploads\\\/2022\\\/05\\\/IMG-20220527-WA0025.jpg\",\"datePublished\":\"2022-05-27T22:27:58+00:00\",\"dateModified\":\"2023-11-28T11:35:45+00:00\",\"breadcrumb\":{\"@id\":\"https:\\\/\\\/www.itakaescolapios.org\\\/fr\\\/2022\\\/05\\\/francais-cloture-des-activites-du-mouvement-calasanz-au-complexe-scolaire-bilingue-saint-joseph-calasanz-de-bafia\\\/#breadcrumb\"},\"inLanguage\":\"fr-FR\",\"potentialAction\":[{\"@type\":\"ReadAction\",\"target\":[\"https:\\\/\\\/www.itakaescolapios.org\\\/fr\\\/2022\\\/05\\\/francais-cloture-des-activites-du-mouvement-calasanz-au-complexe-scolaire-bilingue-saint-joseph-calasanz-de-bafia\\\/\"]}]},{\"@type\":\"ImageObject\",\"inLanguage\":\"fr-FR\",\"@id\":\"https:\\\/\\\/www.itakaescolapios.org\\\/fr\\\/2022\\\/05\\\/francais-cloture-des-activites-du-mouvement-calasanz-au-complexe-scolaire-bilingue-saint-joseph-calasanz-de-bafia\\\/#primaryimage\",\"url\":\"https:\\\/\\\/www.itakaescolapios.org\\\/wp-content\\\/uploads\\\/2022\\\/05\\\/IMG-20220527-WA0025.jpg\",\"contentUrl\":\"https:\\\/\\\/www.itakaescolapios.org\\\/wp-content\\\/uploads\\\/2022\\\/05\\\/IMG-20220527-WA0025.jpg\",\"width\":1080,\"height\":486},{\"@type\":\"BreadcrumbList\",\"@id\":\"https:\\\/\\\/www.itakaescolapios.org\\\/fr\\\/2022\\\/05\\\/francais-cloture-des-activites-du-mouvement-calasanz-au-complexe-scolaire-bilingue-saint-joseph-calasanz-de-bafia\\\/#breadcrumb\",\"itemListElement\":[{\"@type\":\"ListItem\",\"position\":1,\"name\":\"Itaka-Escolapios\",\"item\":\"https:\\\/\\\/www.itakaescolapios.org\\\/es\\\/\"},{\"@type\":\"ListItem\",\"position\":2,\"name\":\"CL\u00d4TURE DES ACTIVIT\u00c9S DU MOUVEMENT CALASANZ AU COMPLEXE SCOLAIRE BILINGUE SAINT JOSEPH CALASANZ DE BAFIA\"}]},{\"@type\":\"WebSite\",\"@id\":\"https:\\\/\\\/www.itakaescolapios.org\\\/fr\\\/es\\\/#website\",\"url\":\"https:\\\/\\\/www.itakaescolapios.org\\\/fr\\\/es\\\/\",\"name\":\"Itaka-Escolapios\",\"description\":\"Red de Itaka-Escolapios\",\"publisher\":{\"@id\":\"https:\\\/\\\/www.itakaescolapios.org\\\/fr\\\/es\\\/#organization\"},\"potentialAction\":[{\"@type\":\"SearchAction\",\"target\":{\"@type\":\"EntryPoint\",\"urlTemplate\":\"https:\\\/\\\/www.itakaescolapios.org\\\/fr\\\/es\\\/?s={search_term_string}\"},\"query-input\":{\"@type\":\"PropertyValueSpecification\",\"valueRequired\":true,\"valueName\":\"search_term_string\"}}],\"inLanguage\":\"fr-FR\"},{\"@type\":\"Organization\",\"@id\":\"https:\\\/\\\/www.itakaescolapios.org\\\/fr\\\/es\\\/#organization\",\"name\":\"Fundaci\u00f3 Itaka-Escolapios\",\"url\":\"https:\\\/\\\/www.itakaescolapios.org\\\/fr\\\/es\\\/\",\"logo\":{\"@type\":\"ImageObject\",\"inLanguage\":\"fr-FR\",\"@id\":\"https:\\\/\\\/www.itakaescolapios.org\\\/fr\\\/es\\\/#\\\/schema\\\/logo\\\/image\\\/\",\"url\":\"https:\\\/\\\/www.itakaescolapios.org\\\/wp-content\\\/uploads\\\/2024\\\/04\\\/Logo-itakaescolapios-peque.png\",\"contentUrl\":\"https:\\\/\\\/www.itakaescolapios.org\\\/wp-content\\\/uploads\\\/2024\\\/04\\\/Logo-itakaescolapios-peque.png\",\"width\":500,\"height\":199,\"caption\":\"Fundaci\u00f3 Itaka-Escolapios\"},\"image\":{\"@id\":\"https:\\\/\\\/www.itakaescolapios.org\\\/fr\\\/es\\\/#\\\/schema\\\/logo\\\/image\\\/\"}},{\"@type\":\"Person\",\"@id\":\"https:\\\/\\\/www.itakaescolapios.org\\\/es\\\/#\\\/schema\\\/person\\\/d2844383e29bfdfef69039672ce14eb1\",\"name\":\"cameroun01\",\"url\":\"https:\\\/\\\/www.itakaescolapios.org\\\/fr\\\/author\\\/cameroun01\\\/\"}]}<\/script>\n<!-- \/ Yoast SEO plugin. -->","yoast_head_json":{"title":"CL\u00d4TURE DES ACTIVIT\u00c9S DU MOUVEMENT CALASANZ AU COMPLEXE SCOLAIRE BILINGUE SAINT JOSEPH CALASANZ DE BAFIA","description":"&nbsp; Aujourd'hui , Vendredi27 mai\u00a02022, etait la journ\u00e9e de cl\u00f4ture des activit\u00e9s pastorales du Mouvement Calasanz au complexe\u00a0 Scolaire\u00a0 \u00a0Bilingue Saint\u00a0 Joseph Calasanz\u00a0 \u00a0de Bafi.a\u00a0 Au programme : Messe, pr\u00e9sentation des diff\u00e9rents groupes constitu\u00e9s et encadr\u00e9s tout au long de l'ann\u00e9e par les enseignants, mot de bienvenue du coordonnateur qui a lanc\u00e9 le d\u00e9but des\u2026","robots":{"index":"index","follow":"follow","max-snippet":"max-snippet:-1","max-image-preview":"max-image-preview:large","max-video-preview":"max-video-preview:-1"},"canonical":"&nbsp; Aujourd'hui , Vendredi27 mai\u00a02022, etait la journ\u00e9e de cl\u00f4ture des activit\u00e9s pastorales du Mouvement Calasanz au complexe\u00a0 Scolaire\u00a0 \u00a0Bilingue Saint\u00a0 Joseph Calasanz\u00a0 \u00a0de Bafi.a\u00a0 Au programme : Messe, pr\u00e9sentation des diff\u00e9rents groupes constitu\u00e9s et encadr\u00e9s tout au long de l'ann\u00e9e par les enseignants, mot de bienvenue du coordonnateur qui a lanc\u00e9 le d\u00e9but des\u2026","og_locale":"fr_FR","og_type":"article","og_title":"CL\u00d4TURE DES ACTIVIT\u00c9S DU MOUVEMENT CALASANZ AU COMPLEXE SCOLAIRE BILINGUE SAINT JOSEPH CALASANZ DE BAFIA","og_description":"&nbsp; Aujourd'hui , Vendredi27 mai\u00a02022, etait la journ\u00e9e de cl\u00f4ture des activit\u00e9s pastorales du Mouvement Calasanz au complexe\u00a0 Scolaire\u00a0 \u00a0Bilingue Saint\u00a0 Joseph Calasanz\u00a0 \u00a0de Bafi.a\u00a0 Au programme : Messe, pr\u00e9sentation des diff\u00e9rents groupes constitu\u00e9s et encadr\u00e9s tout au long de l'ann\u00e9e par les enseignants, mot de bienvenue du coordonnateur qui a lanc\u00e9 le d\u00e9but des\u2026","og_url":"https:\/\/www.itakaescolapios.org\/fr\/2022\/05\/francais-cloture-des-activites-du-mouvement-calasanz-au-complexe-scolaire-bilingue-saint-joseph-calasanz-de-bafia\/","og_site_name":"Itaka-Escolapios","article_published_time":"2022-05-27T22:27:58+00:00","article_modified_time":"2023-11-28T11:35:45+00:00","og_image":[{"width":1080,"height":486,"url":"https:\/\/www.itakaescolapios.org\/wp-content\/uploads\/2022\/05\/IMG-20220527-WA0025.jpg","type":"image\/jpeg"}],"author":"cameroun01","twitter_card":"summary_large_image","twitter_misc":{"\u00c9crit par":"cameroun01"},"schema":{"@context":"https:\/\/schema.org","@graph":[{"@type":"Article","@id":"https:\/\/www.itakaescolapios.org\/fr\/2022\/05\/francais-cloture-des-activites-du-mouvement-calasanz-au-complexe-scolaire-bilingue-saint-joseph-calasanz-de-bafia\/#article","isPartOf":{"@id":"https:\/\/www.itakaescolapios.org\/fr\/2022\/05\/francais-cloture-des-activites-du-mouvement-calasanz-au-complexe-scolaire-bilingue-saint-joseph-calasanz-de-bafia\/"},"author":{"name":"cameroun01","@id":"https:\/\/www.itakaescolapios.org\/es\/#\/schema\/person\/d2844383e29bfdfef69039672ce14eb1"},"headline":"CL\u00d4TURE DES ACTIVIT\u00c9S DU MOUVEMENT CALASANZ AU COMPLEXE SCOLAIRE BILINGUE SAINT JOSEPH CALASANZ DE BAFIA","datePublished":"2022-05-27T22:27:58+00:00","dateModified":"2023-11-28T11:35:45+00:00","mainEntityOfPage":{"@id":"https:\/\/www.itakaescolapios.org\/fr\/2022\/05\/francais-cloture-des-activites-du-mouvement-calasanz-au-complexe-scolaire-bilingue-saint-joseph-calasanz-de-bafia\/"},"wordCount":120,"publisher":{"@id":"https:\/\/www.itakaescolapios.org\/es\/#organization"},"image":{"@id":"https:\/\/www.itakaescolapios.org\/fr\/2022\/05\/francais-cloture-des-activites-du-mouvement-calasanz-au-complexe-scolaire-bilingue-saint-joseph-calasanz-de-bafia\/#primaryimage"},"thumbnailUrl":"https:\/\/www.itakaescolapios.org\/wp-content\/uploads\/2022\/05\/IMG-20220527-WA0025.jpg","articleSection":["Afrique centrale","Cameroun"],"inLanguage":"fr-FR"},{"@type":"WebPage","@id":"https:\/\/www.itakaescolapios.org\/fr\/2022\/05\/francais-cloture-des-activites-du-mouvement-calasanz-au-complexe-scolaire-bilingue-saint-joseph-calasanz-de-bafia\/","url":"https:\/\/www.itakaescolapios.org\/fr\/2022\/05\/francais-cloture-des-activites-du-mouvement-calasanz-au-complexe-scolaire-bilingue-saint-joseph-calasanz-de-bafia\/","name":"- Itaka-Escolapios","isPartOf":{"@id":"https:\/\/www.itakaescolapios.org\/es\/#website"},"primaryImageOfPage":{"@id":"https:\/\/www.itakaescolapios.org\/fr\/2022\/05\/francais-cloture-des-activites-du-mouvement-calasanz-au-complexe-scolaire-bilingue-saint-joseph-calasanz-de-bafia\/#primaryimage"},"image":{"@id":"https:\/\/www.itakaescolapios.org\/fr\/2022\/05\/francais-cloture-des-activites-du-mouvement-calasanz-au-complexe-scolaire-bilingue-saint-joseph-calasanz-de-bafia\/#primaryimage"},"thumbnailUrl":"https:\/\/www.itakaescolapios.org\/wp-content\/uploads\/2022\/05\/IMG-20220527-WA0025.jpg","datePublished":"2022-05-27T22:27:58+00:00","dateModified":"2023-11-28T11:35:45+00:00","breadcrumb":{"@id":"https:\/\/www.itakaescolapios.org\/fr\/2022\/05\/francais-cloture-des-activites-du-mouvement-calasanz-au-complexe-scolaire-bilingue-saint-joseph-calasanz-de-bafia\/#breadcrumb"},"inLanguage":"fr-FR","potentialAction":[{"@type":"ReadAction","target":["https:\/\/www.itakaescolapios.org\/fr\/2022\/05\/francais-cloture-des-activites-du-mouvement-calasanz-au-complexe-scolaire-bilingue-saint-joseph-calasanz-de-bafia\/"]}]},{"@type":"ImageObject","inLanguage":"fr-FR","@id":"https:\/\/www.itakaescolapios.org\/fr\/2022\/05\/francais-cloture-des-activites-du-mouvement-calasanz-au-complexe-scolaire-bilingue-saint-joseph-calasanz-de-bafia\/#primaryimage","url":"https:\/\/www.itakaescolapios.org\/wp-content\/uploads\/2022\/05\/IMG-20220527-WA0025.jpg","contentUrl":"https:\/\/www.itakaescolapios.org\/wp-content\/uploads\/2022\/05\/IMG-20220527-WA0025.jpg","width":1080,"height":486},{"@type":"BreadcrumbList","@id":"https:\/\/www.itakaescolapios.org\/fr\/2022\/05\/francais-cloture-des-activites-du-mouvement-calasanz-au-complexe-scolaire-bilingue-saint-joseph-calasanz-de-bafia\/#breadcrumb","itemListElement":[{"@type":"ListItem","position":1,"name":"Itaka-Escolapios","item":"https:\/\/www.itakaescolapios.org\/es\/"},{"@type":"ListItem","position":2,"name":"CL\u00d4TURE DES ACTIVIT\u00c9S DU MOUVEMENT CALASANZ AU COMPLEXE SCOLAIRE BILINGUE SAINT JOSEPH CALASANZ DE BAFIA"}]},{"@type":"WebSite","@id":"https:\/\/www.itakaescolapios.org\/fr\/es\/#website","url":"https:\/\/www.itakaescolapios.org\/fr\/es\/","name":"Itaka-Escolapios","description":"Red de Itaka-Escolapios","publisher":{"@id":"https:\/\/www.itakaescolapios.org\/fr\/es\/#organization"},"potentialAction":[{"@type":"SearchAction","target":{"@type":"EntryPoint","urlTemplate":"https:\/\/www.itakaescolapios.org\/fr\/es\/?s={search_term_string}"},"query-input":{"@type":"PropertyValueSpecification","valueRequired":true,"valueName":"search_term_string"}}],"inLanguage":"fr-FR"},{"@type":"Organization","@id":"https:\/\/www.itakaescolapios.org\/fr\/es\/#organization","name":"Fundaci\u00f3 Itaka-Escolapios","url":"https:\/\/www.itakaescolapios.org\/fr\/es\/","logo":{"@type":"ImageObject","inLanguage":"fr-FR","@id":"https:\/\/www.itakaescolapios.org\/fr\/es\/#\/schema\/logo\/image\/","url":"https:\/\/www.itakaescolapios.org\/wp-content\/uploads\/2024\/04\/Logo-itakaescolapios-peque.png","contentUrl":"https:\/\/www.itakaescolapios.org\/wp-content\/uploads\/2024\/04\/Logo-itakaescolapios-peque.png","width":500,"height":199,"caption":"Fundaci\u00f3 Itaka-Escolapios"},"image":{"@id":"https:\/\/www.itakaescolapios.org\/fr\/es\/#\/schema\/logo\/image\/"}},{"@type":"Person","@id":"https:\/\/www.itakaescolapios.org\/es\/#\/schema\/person\/d2844383e29bfdfef69039672ce14eb1","name":"cameroun01","url":"https:\/\/www.itakaescolapios.org\/fr\/author\/cameroun01\/"}]}},"_links":{"self":[{"href":"https:\/\/www.itakaescolapios.org\/fr\/wp-json\/wp\/v2\/posts\/36883","targetHints":{"allow":["GET"]}}],"collection":[{"href":"https:\/\/www.itakaescolapios.org\/fr\/wp-json\/wp\/v2\/posts"}],"about":[{"href":"https:\/\/www.itakaescolapios.org\/fr\/wp-json\/wp\/v2\/types\/post"}],"author":[{"embeddable":true,"href":"https:\/\/www.itakaescolapios.org\/fr\/wp-json\/wp\/v2\/users\/15"}],"replies":[{"embeddable":true,"href":"https:\/\/www.itakaescolapios.org\/fr\/wp-json\/wp\/v2\/comments?post=36883"}],"version-history":[{"count":2,"href":"https:\/\/www.itakaescolapios.org\/fr\/wp-json\/wp\/v2\/posts\/36883\/revisions"}],"predecessor-version":[{"id":43919,"href":"https:\/\/www.itakaescolapios.org\/fr\/wp-json\/wp\/v2\/posts\/36883\/revisions\/43919"}],"wp:featuredmedia":[{"embeddable":true,"href":"https:\/\/www.itakaescolapios.org\/fr\/wp-json\/wp\/v2\/media\/36884"}],"wp:attachment":[{"href":"https:\/\/www.itakaescolapios.org\/fr\/wp-json\/wp\/v2\/media?parent=36883"}],"wp:term":[{"taxonomy":"category","embeddable":true,"href":"https:\/\/www.itakaescolapios.org\/fr\/wp-json\/wp\/v2\/categories?post=36883"},{"taxonomy":"post_tag","embeddable":true,"href":"https:\/\/www.itakaescolapios.org\/fr\/wp-json\/wp\/v2\/tags?post=36883"}],"curies":[{"name":"wp","href":"https:\/\/api.w.org\/{rel}","templated":true}]}}