{"id":36894,"date":"2022-05-28T23:43:12","date_gmt":"2022-05-28T22:43:12","guid":{"rendered":"https:\/\/www.itakaescolapios.org\/?p=36894"},"modified":"2023-11-28T12:35:45","modified_gmt":"2023-11-28T11:35:45","slug":"francais-assemblee-generale-des-volontaires-piaristes-de-la-province-dafrique-centrale-a-bafia-deuxieme-journee","status":"publish","type":"post","link":"https:\/\/www.itakaescolapios.org\/fr\/2022\/05\/francais-assemblee-generale-des-volontaires-piaristes-de-la-province-dafrique-centrale-a-bafia-deuxieme-journee\/","title":{"rendered":"ASSEMBL\u00c9E G\u00c9N\u00c9RALE DES VOLONTAIRES PIARISTES DE LA PROVINCE D'AFRIQUE CENTRALE \u00c0 BAFIA : Deuxi\u00e8me journ\u00e9e "},"content":{"rendered":"<p><span dir=\"RTL\">Ce samedi 28 mai 2022, a continu\u00e9 \u00e0 Bafia, l&rsquo;assembl\u00e9e g\u00e9n\u00e9rale des Volontaires piaristes de la Province d&rsquo;Afrique Centrale.\u00a0 Cette journ\u00e9e etant le deuxi\u00e8me jour, nous avons \u00e9t\u00e9 graci\u00e9 par l&rsquo;arriv\u00e9e des Volontaires Piaristes de Bandjoun s&rsquo;ajoutant ainsi \u00e0 ceux des autres pr\u00e9sences qui \u00e9taient repr\u00e9sent\u00e9s ( Bamendjou, Bamenda, Bafia, Yaound\u00e9 ). Au programme du jour,\u00a0 on note le reveil matinal, l&rsquo;activit\u00e9 sportive au petit matin, la prise du petit d\u00e9jeuner, meeting avec le P\u00e8re L\u00e9onard sur les motivations et le but du volontaire piariste, lecture et proposition des modifications a la constitution des Volontaires Piaristes, Repas,\u00a0 danse et autres activit\u00e9s tr\u00e8s \u00e9difiantes. La journ\u00e9e \u00e9tait tr\u00e8s mouvement\u00e9e mais int\u00e9ressante pour nous tous. La session se cl\u00f4turera demain dimanche 29 mai 2022<\/span><\/p>\n<p><img decoding=\"async\" class=\"size-full wp-image-36903 aligncenter\" src=\"https:\/\/www.itakaescolapios.org\/wp-content\/uploads\/2022\/05\/20220528_201635-scaled.jpg\" alt=\"\" width=\"2560\" height=\"1920\" srcset=\"https:\/\/www.itakaescolapios.org\/wp-content\/uploads\/2022\/05\/20220528_201635-scaled.jpg 2000w, https:\/\/www.itakaescolapios.org\/wp-content\/uploads\/2022\/05\/20220528_201635-300x225.jpg 300w, https:\/\/www.itakaescolapios.org\/wp-content\/uploads\/2022\/05\/20220528_201635-1024x768.jpg 1024w, https:\/\/www.itakaescolapios.org\/wp-content\/uploads\/2022\/05\/20220528_201635-768x576.jpg 768w, https:\/\/www.itakaescolapios.org\/wp-content\/uploads\/2022\/05\/20220528_201635-1536x1152.jpg 1536w, https:\/\/www.itakaescolapios.org\/wp-content\/uploads\/2022\/05\/20220528_201635-2048x1536.jpg 2048w, https:\/\/www.itakaescolapios.org\/wp-content\/uploads\/2022\/05\/20220528_201635-250x188.jpg 250w, https:\/\/www.itakaescolapios.org\/wp-content\/uploads\/2022\/05\/20220528_201635-510x382.jpg 510w, https:\/\/www.itakaescolapios.org\/wp-content\/uploads\/2022\/05\/20220528_201635-1080x810.jpg 1080w\" sizes=\"(max-width: 2560px) 100vw, 2560px\" \/><\/p>\n<p>&nbsp;<\/p>\n<p>&nbsp;<\/p>\n<p><img decoding=\"async\" class=\"size-full wp-image-36895 aligncenter\" src=\"https:\/\/www.itakaescolapios.org\/wp-content\/uploads\/2022\/05\/20220528_223737-scaled.jpg\" alt=\"\" width=\"2560\" height=\"1920\" srcset=\"https:\/\/www.itakaescolapios.org\/wp-content\/uploads\/2022\/05\/20220528_223737-scaled.jpg 2000w, https:\/\/www.itakaescolapios.org\/wp-content\/uploads\/2022\/05\/20220528_223737-300x225.jpg 300w, https:\/\/www.itakaescolapios.org\/wp-content\/uploads\/2022\/05\/20220528_223737-1024x768.jpg 1024w, https:\/\/www.itakaescolapios.org\/wp-content\/uploads\/2022\/05\/20220528_223737-768x576.jpg 768w, https:\/\/www.itakaescolapios.org\/wp-content\/uploads\/2022\/05\/20220528_223737-1536x1152.jpg 1536w, https:\/\/www.itakaescolapios.org\/wp-content\/uploads\/2022\/05\/20220528_223737-2048x1536.jpg 2048w, https:\/\/www.itakaescolapios.org\/wp-content\/uploads\/2022\/05\/20220528_223737-250x188.jpg 250w, https:\/\/www.itakaescolapios.org\/wp-content\/uploads\/2022\/05\/20220528_223737-510x382.jpg 510w, https:\/\/www.itakaescolapios.org\/wp-content\/uploads\/2022\/05\/20220528_223737-1080x810.jpg 1080w\" sizes=\"(max-width: 2560px) 100vw, 2560px\" \/><\/p>\n<p><img decoding=\"async\" class=\"size-full wp-image-36900 aligncenter\" src=\"https:\/\/www.itakaescolapios.org\/wp-content\/uploads\/2022\/05\/20220528_091415-scaled.jpg\" alt=\"\" width=\"2560\" height=\"1920\" srcset=\"https:\/\/www.itakaescolapios.org\/wp-content\/uploads\/2022\/05\/20220528_091415-scaled.jpg 2000w, https:\/\/www.itakaescolapios.org\/wp-content\/uploads\/2022\/05\/20220528_091415-300x225.jpg 300w, https:\/\/www.itakaescolapios.org\/wp-content\/uploads\/2022\/05\/20220528_091415-1024x768.jpg 1024w, https:\/\/www.itakaescolapios.org\/wp-content\/uploads\/2022\/05\/20220528_091415-768x576.jpg 768w, https:\/\/www.itakaescolapios.org\/wp-content\/uploads\/2022\/05\/20220528_091415-1536x1152.jpg 1536w, https:\/\/www.itakaescolapios.org\/wp-content\/uploads\/2022\/05\/20220528_091415-2048x1536.jpg 2048w, https:\/\/www.itakaescolapios.org\/wp-content\/uploads\/2022\/05\/20220528_091415-250x188.jpg 250w, https:\/\/www.itakaescolapios.org\/wp-content\/uploads\/2022\/05\/20220528_091415-510x382.jpg 510w, https:\/\/www.itakaescolapios.org\/wp-content\/uploads\/2022\/05\/20220528_091415-1080x810.jpg 1080w\" sizes=\"(max-width: 2560px) 100vw, 2560px\" \/><\/p>\n<p><img decoding=\"async\" class=\"size-full wp-image-36897 aligncenter\" src=\"https:\/\/www.itakaescolapios.org\/wp-content\/uploads\/2022\/05\/20220528_072452-scaled.jpg\" alt=\"\" width=\"2560\" height=\"1920\" srcset=\"https:\/\/www.itakaescolapios.org\/wp-content\/uploads\/2022\/05\/20220528_072452-scaled.jpg 2000w, https:\/\/www.itakaescolapios.org\/wp-content\/uploads\/2022\/05\/20220528_072452-300x225.jpg 300w, https:\/\/www.itakaescolapios.org\/wp-content\/uploads\/2022\/05\/20220528_072452-1024x768.jpg 1024w, https:\/\/www.itakaescolapios.org\/wp-content\/uploads\/2022\/05\/20220528_072452-768x576.jpg 768w, https:\/\/www.itakaescolapios.org\/wp-content\/uploads\/2022\/05\/20220528_072452-1536x1152.jpg 1536w, https:\/\/www.itakaescolapios.org\/wp-content\/uploads\/2022\/05\/20220528_072452-2048x1536.jpg 2048w, https:\/\/www.itakaescolapios.org\/wp-content\/uploads\/2022\/05\/20220528_072452-250x188.jpg 250w, https:\/\/www.itakaescolapios.org\/wp-content\/uploads\/2022\/05\/20220528_072452-510x382.jpg 510w, https:\/\/www.itakaescolapios.org\/wp-content\/uploads\/2022\/05\/20220528_072452-1080x810.jpg 1080w\" sizes=\"(max-width: 2560px) 100vw, 2560px\" \/><\/p>\n","protected":false},"excerpt":{"rendered":"<p>Ce samedi 28 mai 2022, a continu\u00e9 \u00e0 Bafia, l&rsquo;assembl\u00e9e g\u00e9n\u00e9rale des Volontaires piaristes de la Province d&rsquo;Afrique Centrale.\u00a0 Cette journ\u00e9e etant le deuxi\u00e8me jour, nous avons \u00e9t\u00e9 graci\u00e9 par [&hellip;]<\/p>\n","protected":false},"author":15,"featured_media":36902,"comment_status":"closed","ping_status":"closed","sticky":false,"template":"","format":"standard","meta":{"_et_pb_use_builder":"","_et_pb_old_content":"","_et_gb_content_width":"","footnotes":""},"categories":[53,10],"tags":[],"class_list":["post-36894","post","type-post","status-publish","format-standard","has-post-thumbnail","hentry","category-africa-central","category-camerun"],"yoast_head":"<!-- This site is optimized with the Yoast SEO plugin v27.4 - https:\/\/yoast.com\/product\/yoast-seo-wordpress\/ -->\n<title>ASSEMBL\u00c9E G\u00c9N\u00c9RALE DES VOLONTAIRES PIARISTES DE LA PROVINCE D&#039;AFRIQUE CENTRALE \u00c0 BAFIA : Deuxi\u00e8me journ\u00e9e<\/title>\n<meta name=\"description\" content=\"Ce samedi 28 mai 2022, a continu\u00e9 \u00e0 Bafia, l&#039;assembl\u00e9e g\u00e9n\u00e9rale des Volontaires piaristes de la Province d&#039;Afrique Centrale.\u00a0 Cette journ\u00e9e etant le deuxi\u00e8me jour, nous avons \u00e9t\u00e9 graci\u00e9 par l&#039;arriv\u00e9e des Volontaires Piaristes de Bandjoun s&#039;ajoutant ainsi \u00e0 ceux des autres pr\u00e9sences qui \u00e9taient repr\u00e9sent\u00e9s ( Bamendjou, Bamenda, Bafia, Yaound\u00e9 ). Au programme du\u2026\" \/>\n<meta name=\"robots\" content=\"index, follow, max-snippet:-1, max-image-preview:large, max-video-preview:-1\" \/>\n<link rel=\"canonical\" href=\"http:\/\/Ce%20samedi%2028%20mai%202022,%20a%20continu\u00e9%20\u00e0%20Bafia,%20l'assembl\u00e9e%20g\u00e9n\u00e9rale%20des%20Volontaires%20piaristes%20de%20la%20Province%20d'Afrique%20Centrale.\u00a0%20Cette%20journ\u00e9e%20etant%20le%20deuxi\u00e8me%20jour,%20nous%20avons%20\u00e9t\u00e9%20graci\u00e9%20par%20l'arriv\u00e9e%20des%20Volontaires%20Piaristes%20de%20Bandjoun%20s'ajoutant%20ainsi%20\u00e0%20ceux%20des%20autres%20pr\u00e9sences%20qui%20\u00e9taient%20repr\u00e9sent\u00e9s%20(%20Bamendjou,%20Bamenda,%20Bafia,%20Yaound\u00e9%20).%20Au%20programme%20du\u2026\" \/>\n<meta property=\"og:locale\" content=\"fr_FR\" \/>\n<meta property=\"og:type\" content=\"article\" \/>\n<meta property=\"og:title\" content=\"ASSEMBL\u00c9E G\u00c9N\u00c9RALE DES VOLONTAIRES PIARISTES DE LA PROVINCE D&#039;AFRIQUE CENTRALE \u00c0 BAFIA : Deuxi\u00e8me journ\u00e9e\" \/>\n<meta property=\"og:description\" content=\"Ce samedi 28 mai 2022, a continu\u00e9 \u00e0 Bafia, l&#039;assembl\u00e9e g\u00e9n\u00e9rale des Volontaires piaristes de la Province d&#039;Afrique Centrale.\u00a0 Cette journ\u00e9e etant le deuxi\u00e8me jour, nous avons \u00e9t\u00e9 graci\u00e9 par l&#039;arriv\u00e9e des Volontaires Piaristes de Bandjoun s&#039;ajoutant ainsi \u00e0 ceux des autres pr\u00e9sences qui \u00e9taient repr\u00e9sent\u00e9s ( Bamendjou, Bamenda, Bafia, Yaound\u00e9 ). Au programme du\u2026\" \/>\n<meta property=\"og:url\" content=\"https:\/\/www.itakaescolapios.org\/fr\/2022\/05\/francais-assemblee-generale-des-volontaires-piaristes-de-la-province-dafrique-centrale-a-bafia-deuxieme-journee\/\" \/>\n<meta property=\"og:site_name\" content=\"Itaka-Escolapios\" \/>\n<meta property=\"article:published_time\" content=\"2022-05-28T22:43:12+00:00\" \/>\n<meta property=\"article:modified_time\" content=\"2023-11-28T11:35:45+00:00\" \/>\n<meta property=\"og:image\" content=\"https:\/\/www.itakaescolapios.org\/wp-content\/uploads\/2022\/05\/20220528_091412-scaled.jpg\" \/>\n\t<meta property=\"og:image:width\" content=\"2000\" \/>\n\t<meta property=\"og:image:height\" content=\"1500\" \/>\n\t<meta property=\"og:image:type\" content=\"image\/jpeg\" \/>\n<meta name=\"author\" content=\"cameroun01\" \/>\n<meta name=\"twitter:card\" content=\"summary_large_image\" \/>\n<meta name=\"twitter:label1\" content=\"\u00c9crit par\" \/>\n\t<meta name=\"twitter:data1\" content=\"cameroun01\" \/>\n\t<meta name=\"twitter:label2\" content=\"Dur\u00e9e de lecture estim\u00e9e\" \/>\n\t<meta name=\"twitter:data2\" content=\"1 minute\" \/>\n<script type=\"application\/ld+json\" class=\"yoast-schema-graph\">{\"@context\":\"https:\\\/\\\/schema.org\",\"@graph\":[{\"@type\":\"Article\",\"@id\":\"https:\\\/\\\/www.itakaescolapios.org\\\/fr\\\/2022\\\/05\\\/francais-assemblee-generale-des-volontaires-piaristes-de-la-province-dafrique-centrale-a-bafia-deuxieme-journee\\\/#article\",\"isPartOf\":{\"@id\":\"https:\\\/\\\/www.itakaescolapios.org\\\/fr\\\/2022\\\/05\\\/francais-assemblee-generale-des-volontaires-piaristes-de-la-province-dafrique-centrale-a-bafia-deuxieme-journee\\\/\"},\"author\":{\"name\":\"cameroun01\",\"@id\":\"https:\\\/\\\/www.itakaescolapios.org\\\/es\\\/#\\\/schema\\\/person\\\/d2844383e29bfdfef69039672ce14eb1\"},\"headline\":\"ASSEMBL\u00c9E G\u00c9N\u00c9RALE DES VOLONTAIRES PIARISTES DE LA PROVINCE D'AFRIQUE CENTRALE \u00c0 BAFIA : Deuxi\u00e8me journ\u00e9e\",\"datePublished\":\"2022-05-28T22:43:12+00:00\",\"dateModified\":\"2023-11-28T11:35:45+00:00\",\"mainEntityOfPage\":{\"@id\":\"https:\\\/\\\/www.itakaescolapios.org\\\/fr\\\/2022\\\/05\\\/francais-assemblee-generale-des-volontaires-piaristes-de-la-province-dafrique-centrale-a-bafia-deuxieme-journee\\\/\"},\"wordCount\":141,\"publisher\":{\"@id\":\"https:\\\/\\\/www.itakaescolapios.org\\\/es\\\/#organization\"},\"image\":{\"@id\":\"https:\\\/\\\/www.itakaescolapios.org\\\/fr\\\/2022\\\/05\\\/francais-assemblee-generale-des-volontaires-piaristes-de-la-province-dafrique-centrale-a-bafia-deuxieme-journee\\\/#primaryimage\"},\"thumbnailUrl\":\"https:\\\/\\\/www.itakaescolapios.org\\\/wp-content\\\/uploads\\\/2022\\\/05\\\/20220528_091412-scaled.jpg\",\"articleSection\":[\"Afrique centrale\",\"Cameroun\"],\"inLanguage\":\"fr-FR\"},{\"@type\":\"WebPage\",\"@id\":\"https:\\\/\\\/www.itakaescolapios.org\\\/fr\\\/2022\\\/05\\\/francais-assemblee-generale-des-volontaires-piaristes-de-la-province-dafrique-centrale-a-bafia-deuxieme-journee\\\/\",\"url\":\"https:\\\/\\\/www.itakaescolapios.org\\\/fr\\\/2022\\\/05\\\/francais-assemblee-generale-des-volontaires-piaristes-de-la-province-dafrique-centrale-a-bafia-deuxieme-journee\\\/\",\"name\":\"- Itaka-Escolapios\",\"isPartOf\":{\"@id\":\"https:\\\/\\\/www.itakaescolapios.org\\\/es\\\/#website\"},\"primaryImageOfPage\":{\"@id\":\"https:\\\/\\\/www.itakaescolapios.org\\\/fr\\\/2022\\\/05\\\/francais-assemblee-generale-des-volontaires-piaristes-de-la-province-dafrique-centrale-a-bafia-deuxieme-journee\\\/#primaryimage\"},\"image\":{\"@id\":\"https:\\\/\\\/www.itakaescolapios.org\\\/fr\\\/2022\\\/05\\\/francais-assemblee-generale-des-volontaires-piaristes-de-la-province-dafrique-centrale-a-bafia-deuxieme-journee\\\/#primaryimage\"},\"thumbnailUrl\":\"https:\\\/\\\/www.itakaescolapios.org\\\/wp-content\\\/uploads\\\/2022\\\/05\\\/20220528_091412-scaled.jpg\",\"datePublished\":\"2022-05-28T22:43:12+00:00\",\"dateModified\":\"2023-11-28T11:35:45+00:00\",\"breadcrumb\":{\"@id\":\"https:\\\/\\\/www.itakaescolapios.org\\\/fr\\\/2022\\\/05\\\/francais-assemblee-generale-des-volontaires-piaristes-de-la-province-dafrique-centrale-a-bafia-deuxieme-journee\\\/#breadcrumb\"},\"inLanguage\":\"fr-FR\",\"potentialAction\":[{\"@type\":\"ReadAction\",\"target\":[\"https:\\\/\\\/www.itakaescolapios.org\\\/fr\\\/2022\\\/05\\\/francais-assemblee-generale-des-volontaires-piaristes-de-la-province-dafrique-centrale-a-bafia-deuxieme-journee\\\/\"]}]},{\"@type\":\"ImageObject\",\"inLanguage\":\"fr-FR\",\"@id\":\"https:\\\/\\\/www.itakaescolapios.org\\\/fr\\\/2022\\\/05\\\/francais-assemblee-generale-des-volontaires-piaristes-de-la-province-dafrique-centrale-a-bafia-deuxieme-journee\\\/#primaryimage\",\"url\":\"https:\\\/\\\/www.itakaescolapios.org\\\/wp-content\\\/uploads\\\/2022\\\/05\\\/20220528_091412-scaled.jpg\",\"contentUrl\":\"https:\\\/\\\/www.itakaescolapios.org\\\/wp-content\\\/uploads\\\/2022\\\/05\\\/20220528_091412-scaled.jpg\",\"width\":2000,\"height\":1500},{\"@type\":\"BreadcrumbList\",\"@id\":\"https:\\\/\\\/www.itakaescolapios.org\\\/fr\\\/2022\\\/05\\\/francais-assemblee-generale-des-volontaires-piaristes-de-la-province-dafrique-centrale-a-bafia-deuxieme-journee\\\/#breadcrumb\",\"itemListElement\":[{\"@type\":\"ListItem\",\"position\":1,\"name\":\"Itaka-Escolapios\",\"item\":\"https:\\\/\\\/www.itakaescolapios.org\\\/es\\\/\"},{\"@type\":\"ListItem\",\"position\":2,\"name\":\"ASSEMBL\u00c9E G\u00c9N\u00c9RALE DES VOLONTAIRES PIARISTES DE LA PROVINCE D'AFRIQUE CENTRALE \u00c0 BAFIA : Deuxi\u00e8me journ\u00e9e\"}]},{\"@type\":\"WebSite\",\"@id\":\"https:\\\/\\\/www.itakaescolapios.org\\\/fr\\\/es\\\/#website\",\"url\":\"https:\\\/\\\/www.itakaescolapios.org\\\/fr\\\/es\\\/\",\"name\":\"Itaka-Escolapios\",\"description\":\"Red de Itaka-Escolapios\",\"publisher\":{\"@id\":\"https:\\\/\\\/www.itakaescolapios.org\\\/fr\\\/es\\\/#organization\"},\"potentialAction\":[{\"@type\":\"SearchAction\",\"target\":{\"@type\":\"EntryPoint\",\"urlTemplate\":\"https:\\\/\\\/www.itakaescolapios.org\\\/fr\\\/es\\\/?s={search_term_string}\"},\"query-input\":{\"@type\":\"PropertyValueSpecification\",\"valueRequired\":true,\"valueName\":\"search_term_string\"}}],\"inLanguage\":\"fr-FR\"},{\"@type\":\"Organization\",\"@id\":\"https:\\\/\\\/www.itakaescolapios.org\\\/fr\\\/es\\\/#organization\",\"name\":\"Fundaci\u00f3 Itaka-Escolapios\",\"url\":\"https:\\\/\\\/www.itakaescolapios.org\\\/fr\\\/es\\\/\",\"logo\":{\"@type\":\"ImageObject\",\"inLanguage\":\"fr-FR\",\"@id\":\"https:\\\/\\\/www.itakaescolapios.org\\\/fr\\\/es\\\/#\\\/schema\\\/logo\\\/image\\\/\",\"url\":\"https:\\\/\\\/www.itakaescolapios.org\\\/wp-content\\\/uploads\\\/2024\\\/04\\\/Logo-itakaescolapios-peque.png\",\"contentUrl\":\"https:\\\/\\\/www.itakaescolapios.org\\\/wp-content\\\/uploads\\\/2024\\\/04\\\/Logo-itakaescolapios-peque.png\",\"width\":500,\"height\":199,\"caption\":\"Fundaci\u00f3 Itaka-Escolapios\"},\"image\":{\"@id\":\"https:\\\/\\\/www.itakaescolapios.org\\\/fr\\\/es\\\/#\\\/schema\\\/logo\\\/image\\\/\"}},{\"@type\":\"Person\",\"@id\":\"https:\\\/\\\/www.itakaescolapios.org\\\/es\\\/#\\\/schema\\\/person\\\/d2844383e29bfdfef69039672ce14eb1\",\"name\":\"cameroun01\",\"url\":\"https:\\\/\\\/www.itakaescolapios.org\\\/fr\\\/author\\\/cameroun01\\\/\"}]}<\/script>\n<!-- \/ Yoast SEO plugin. -->","yoast_head_json":{"title":"ASSEMBL\u00c9E G\u00c9N\u00c9RALE DES VOLONTAIRES PIARISTES DE LA PROVINCE D'AFRIQUE CENTRALE \u00c0 BAFIA : Deuxi\u00e8me journ\u00e9e","description":"Ce samedi 28 mai 2022, a continu\u00e9 \u00e0 Bafia, l'assembl\u00e9e g\u00e9n\u00e9rale des Volontaires piaristes de la Province d'Afrique Centrale.\u00a0 Cette journ\u00e9e etant le deuxi\u00e8me jour, nous avons \u00e9t\u00e9 graci\u00e9 par l'arriv\u00e9e des Volontaires Piaristes de Bandjoun s'ajoutant ainsi \u00e0 ceux des autres pr\u00e9sences qui \u00e9taient repr\u00e9sent\u00e9s ( Bamendjou, Bamenda, Bafia, Yaound\u00e9 ). Au programme du\u2026","robots":{"index":"index","follow":"follow","max-snippet":"max-snippet:-1","max-image-preview":"max-image-preview:large","max-video-preview":"max-video-preview:-1"},"canonical":"Ce samedi 28 mai 2022, a continu\u00e9 \u00e0 Bafia, l'assembl\u00e9e g\u00e9n\u00e9rale des Volontaires piaristes de la Province d'Afrique Centrale.\u00a0 Cette journ\u00e9e etant le deuxi\u00e8me jour, nous avons \u00e9t\u00e9 graci\u00e9 par l'arriv\u00e9e des Volontaires Piaristes de Bandjoun s'ajoutant ainsi \u00e0 ceux des autres pr\u00e9sences qui \u00e9taient repr\u00e9sent\u00e9s ( Bamendjou, Bamenda, Bafia, Yaound\u00e9 ). Au programme du\u2026","og_locale":"fr_FR","og_type":"article","og_title":"ASSEMBL\u00c9E G\u00c9N\u00c9RALE DES VOLONTAIRES PIARISTES DE LA PROVINCE D'AFRIQUE CENTRALE \u00c0 BAFIA : Deuxi\u00e8me journ\u00e9e","og_description":"Ce samedi 28 mai 2022, a continu\u00e9 \u00e0 Bafia, l'assembl\u00e9e g\u00e9n\u00e9rale des Volontaires piaristes de la Province d'Afrique Centrale.\u00a0 Cette journ\u00e9e etant le deuxi\u00e8me jour, nous avons \u00e9t\u00e9 graci\u00e9 par l'arriv\u00e9e des Volontaires Piaristes de Bandjoun s'ajoutant ainsi \u00e0 ceux des autres pr\u00e9sences qui \u00e9taient repr\u00e9sent\u00e9s ( Bamendjou, Bamenda, Bafia, Yaound\u00e9 ). Au programme du\u2026","og_url":"https:\/\/www.itakaescolapios.org\/fr\/2022\/05\/francais-assemblee-generale-des-volontaires-piaristes-de-la-province-dafrique-centrale-a-bafia-deuxieme-journee\/","og_site_name":"Itaka-Escolapios","article_published_time":"2022-05-28T22:43:12+00:00","article_modified_time":"2023-11-28T11:35:45+00:00","og_image":[{"width":2000,"height":1500,"url":"https:\/\/www.itakaescolapios.org\/wp-content\/uploads\/2022\/05\/20220528_091412-scaled.jpg","type":"image\/jpeg"}],"author":"cameroun01","twitter_card":"summary_large_image","twitter_misc":{"\u00c9crit par":"cameroun01","Dur\u00e9e de lecture estim\u00e9e":"1 minute"},"schema":{"@context":"https:\/\/schema.org","@graph":[{"@type":"Article","@id":"https:\/\/www.itakaescolapios.org\/fr\/2022\/05\/francais-assemblee-generale-des-volontaires-piaristes-de-la-province-dafrique-centrale-a-bafia-deuxieme-journee\/#article","isPartOf":{"@id":"https:\/\/www.itakaescolapios.org\/fr\/2022\/05\/francais-assemblee-generale-des-volontaires-piaristes-de-la-province-dafrique-centrale-a-bafia-deuxieme-journee\/"},"author":{"name":"cameroun01","@id":"https:\/\/www.itakaescolapios.org\/es\/#\/schema\/person\/d2844383e29bfdfef69039672ce14eb1"},"headline":"ASSEMBL\u00c9E G\u00c9N\u00c9RALE DES VOLONTAIRES PIARISTES DE LA PROVINCE D'AFRIQUE CENTRALE \u00c0 BAFIA : Deuxi\u00e8me journ\u00e9e","datePublished":"2022-05-28T22:43:12+00:00","dateModified":"2023-11-28T11:35:45+00:00","mainEntityOfPage":{"@id":"https:\/\/www.itakaescolapios.org\/fr\/2022\/05\/francais-assemblee-generale-des-volontaires-piaristes-de-la-province-dafrique-centrale-a-bafia-deuxieme-journee\/"},"wordCount":141,"publisher":{"@id":"https:\/\/www.itakaescolapios.org\/es\/#organization"},"image":{"@id":"https:\/\/www.itakaescolapios.org\/fr\/2022\/05\/francais-assemblee-generale-des-volontaires-piaristes-de-la-province-dafrique-centrale-a-bafia-deuxieme-journee\/#primaryimage"},"thumbnailUrl":"https:\/\/www.itakaescolapios.org\/wp-content\/uploads\/2022\/05\/20220528_091412-scaled.jpg","articleSection":["Afrique centrale","Cameroun"],"inLanguage":"fr-FR"},{"@type":"WebPage","@id":"https:\/\/www.itakaescolapios.org\/fr\/2022\/05\/francais-assemblee-generale-des-volontaires-piaristes-de-la-province-dafrique-centrale-a-bafia-deuxieme-journee\/","url":"https:\/\/www.itakaescolapios.org\/fr\/2022\/05\/francais-assemblee-generale-des-volontaires-piaristes-de-la-province-dafrique-centrale-a-bafia-deuxieme-journee\/","name":"- Itaka-Escolapios","isPartOf":{"@id":"https:\/\/www.itakaescolapios.org\/es\/#website"},"primaryImageOfPage":{"@id":"https:\/\/www.itakaescolapios.org\/fr\/2022\/05\/francais-assemblee-generale-des-volontaires-piaristes-de-la-province-dafrique-centrale-a-bafia-deuxieme-journee\/#primaryimage"},"image":{"@id":"https:\/\/www.itakaescolapios.org\/fr\/2022\/05\/francais-assemblee-generale-des-volontaires-piaristes-de-la-province-dafrique-centrale-a-bafia-deuxieme-journee\/#primaryimage"},"thumbnailUrl":"https:\/\/www.itakaescolapios.org\/wp-content\/uploads\/2022\/05\/20220528_091412-scaled.jpg","datePublished":"2022-05-28T22:43:12+00:00","dateModified":"2023-11-28T11:35:45+00:00","breadcrumb":{"@id":"https:\/\/www.itakaescolapios.org\/fr\/2022\/05\/francais-assemblee-generale-des-volontaires-piaristes-de-la-province-dafrique-centrale-a-bafia-deuxieme-journee\/#breadcrumb"},"inLanguage":"fr-FR","potentialAction":[{"@type":"ReadAction","target":["https:\/\/www.itakaescolapios.org\/fr\/2022\/05\/francais-assemblee-generale-des-volontaires-piaristes-de-la-province-dafrique-centrale-a-bafia-deuxieme-journee\/"]}]},{"@type":"ImageObject","inLanguage":"fr-FR","@id":"https:\/\/www.itakaescolapios.org\/fr\/2022\/05\/francais-assemblee-generale-des-volontaires-piaristes-de-la-province-dafrique-centrale-a-bafia-deuxieme-journee\/#primaryimage","url":"https:\/\/www.itakaescolapios.org\/wp-content\/uploads\/2022\/05\/20220528_091412-scaled.jpg","contentUrl":"https:\/\/www.itakaescolapios.org\/wp-content\/uploads\/2022\/05\/20220528_091412-scaled.jpg","width":2000,"height":1500},{"@type":"BreadcrumbList","@id":"https:\/\/www.itakaescolapios.org\/fr\/2022\/05\/francais-assemblee-generale-des-volontaires-piaristes-de-la-province-dafrique-centrale-a-bafia-deuxieme-journee\/#breadcrumb","itemListElement":[{"@type":"ListItem","position":1,"name":"Itaka-Escolapios","item":"https:\/\/www.itakaescolapios.org\/es\/"},{"@type":"ListItem","position":2,"name":"ASSEMBL\u00c9E G\u00c9N\u00c9RALE DES VOLONTAIRES PIARISTES DE LA PROVINCE D'AFRIQUE CENTRALE \u00c0 BAFIA : Deuxi\u00e8me journ\u00e9e"}]},{"@type":"WebSite","@id":"https:\/\/www.itakaescolapios.org\/fr\/es\/#website","url":"https:\/\/www.itakaescolapios.org\/fr\/es\/","name":"Itaka-Escolapios","description":"Red de Itaka-Escolapios","publisher":{"@id":"https:\/\/www.itakaescolapios.org\/fr\/es\/#organization"},"potentialAction":[{"@type":"SearchAction","target":{"@type":"EntryPoint","urlTemplate":"https:\/\/www.itakaescolapios.org\/fr\/es\/?s={search_term_string}"},"query-input":{"@type":"PropertyValueSpecification","valueRequired":true,"valueName":"search_term_string"}}],"inLanguage":"fr-FR"},{"@type":"Organization","@id":"https:\/\/www.itakaescolapios.org\/fr\/es\/#organization","name":"Fundaci\u00f3 Itaka-Escolapios","url":"https:\/\/www.itakaescolapios.org\/fr\/es\/","logo":{"@type":"ImageObject","inLanguage":"fr-FR","@id":"https:\/\/www.itakaescolapios.org\/fr\/es\/#\/schema\/logo\/image\/","url":"https:\/\/www.itakaescolapios.org\/wp-content\/uploads\/2024\/04\/Logo-itakaescolapios-peque.png","contentUrl":"https:\/\/www.itakaescolapios.org\/wp-content\/uploads\/2024\/04\/Logo-itakaescolapios-peque.png","width":500,"height":199,"caption":"Fundaci\u00f3 Itaka-Escolapios"},"image":{"@id":"https:\/\/www.itakaescolapios.org\/fr\/es\/#\/schema\/logo\/image\/"}},{"@type":"Person","@id":"https:\/\/www.itakaescolapios.org\/es\/#\/schema\/person\/d2844383e29bfdfef69039672ce14eb1","name":"cameroun01","url":"https:\/\/www.itakaescolapios.org\/fr\/author\/cameroun01\/"}]}},"_links":{"self":[{"href":"https:\/\/www.itakaescolapios.org\/fr\/wp-json\/wp\/v2\/posts\/36894","targetHints":{"allow":["GET"]}}],"collection":[{"href":"https:\/\/www.itakaescolapios.org\/fr\/wp-json\/wp\/v2\/posts"}],"about":[{"href":"https:\/\/www.itakaescolapios.org\/fr\/wp-json\/wp\/v2\/types\/post"}],"author":[{"embeddable":true,"href":"https:\/\/www.itakaescolapios.org\/fr\/wp-json\/wp\/v2\/users\/15"}],"replies":[{"embeddable":true,"href":"https:\/\/www.itakaescolapios.org\/fr\/wp-json\/wp\/v2\/comments?post=36894"}],"version-history":[{"count":3,"href":"https:\/\/www.itakaescolapios.org\/fr\/wp-json\/wp\/v2\/posts\/36894\/revisions"}],"predecessor-version":[{"id":43916,"href":"https:\/\/www.itakaescolapios.org\/fr\/wp-json\/wp\/v2\/posts\/36894\/revisions\/43916"}],"wp:featuredmedia":[{"embeddable":true,"href":"https:\/\/www.itakaescolapios.org\/fr\/wp-json\/wp\/v2\/media\/36902"}],"wp:attachment":[{"href":"https:\/\/www.itakaescolapios.org\/fr\/wp-json\/wp\/v2\/media?parent=36894"}],"wp:term":[{"taxonomy":"category","embeddable":true,"href":"https:\/\/www.itakaescolapios.org\/fr\/wp-json\/wp\/v2\/categories?post=36894"},{"taxonomy":"post_tag","embeddable":true,"href":"https:\/\/www.itakaescolapios.org\/fr\/wp-json\/wp\/v2\/tags?post=36894"}],"curies":[{"name":"wp","href":"https:\/\/api.w.org\/{rel}","templated":true}]}}