{"id":36906,"date":"2022-05-30T08:58:53","date_gmt":"2022-05-30T07:58:53","guid":{"rendered":"https:\/\/www.itakaescolapios.org\/?p=36906"},"modified":"2023-11-28T12:35:45","modified_gmt":"2023-11-28T11:35:45","slug":"francais-assemblee-generale-des-volontaires-piaristes-de-la-province-dafrique-centrale-a-bafia-dernier-jour","status":"publish","type":"post","link":"https:\/\/www.itakaescolapios.org\/fr\/2022\/05\/francais-assemblee-generale-des-volontaires-piaristes-de-la-province-dafrique-centrale-a-bafia-dernier-jour\/","title":{"rendered":"ASSEMBL\u00c9E G\u00c9N\u00c9RALE DES VOLONTAIRES PIARISTES DE LA PROVINCE D'AFRIQUE CENTRALE \u00c0 BAFIA : Dernier jour "},"content":{"rendered":"<p>&nbsp;<\/p>\n<p><span dir=\"RTL\">Ce Dimanche 29 mai 2022, s&rsquo;est cl\u00f4tur\u00e9e \u00e0 Bafia, l&rsquo;assembl\u00e9e g\u00e9n\u00e9rale des Volontaires piaristes de la Province d&rsquo;Afrique Centrale. Apr\u00e8s le reveil matinal, le rangement des dortoirs, le petit d\u00e9jeuner, la messe de cl\u00f4ture et les photos de famille les volontaires venus de parts et d&rsquo;autres ont repris la route pour le retour dans leurs pr\u00e9sences respectives . Ce fut une belle rencontre de partage de joie et de savoir entre les volontaires de la Province d&rsquo;Afrique Centrale . Rendez-vous l&rsquo;ann\u00e9e prochaine pour une nouvelle assembl\u00e9e g\u00e9n\u00e9rale. C<\/span><\/p>\n<p><img decoding=\"async\" class=\"size-full wp-image-36911 aligncenter\" src=\"https:\/\/www.itakaescolapios.org\/wp-content\/uploads\/2022\/05\/20220529_100213_016-scaled.jpg\" alt=\"\" width=\"2560\" height=\"1920\" srcset=\"https:\/\/www.itakaescolapios.org\/wp-content\/uploads\/2022\/05\/20220529_100213_016-scaled.jpg 2000w, https:\/\/www.itakaescolapios.org\/wp-content\/uploads\/2022\/05\/20220529_100213_016-300x225.jpg 300w, https:\/\/www.itakaescolapios.org\/wp-content\/uploads\/2022\/05\/20220529_100213_016-1024x768.jpg 1024w, https:\/\/www.itakaescolapios.org\/wp-content\/uploads\/2022\/05\/20220529_100213_016-768x576.jpg 768w, https:\/\/www.itakaescolapios.org\/wp-content\/uploads\/2022\/05\/20220529_100213_016-1536x1152.jpg 1536w, https:\/\/www.itakaescolapios.org\/wp-content\/uploads\/2022\/05\/20220529_100213_016-2048x1536.jpg 2048w, https:\/\/www.itakaescolapios.org\/wp-content\/uploads\/2022\/05\/20220529_100213_016-250x188.jpg 250w, https:\/\/www.itakaescolapios.org\/wp-content\/uploads\/2022\/05\/20220529_100213_016-510x382.jpg 510w, https:\/\/www.itakaescolapios.org\/wp-content\/uploads\/2022\/05\/20220529_100213_016-1080x810.jpg 1080w\" sizes=\"(max-width: 2560px) 100vw, 2560px\" \/><\/p>\n<p>&nbsp;<\/p>\n<p><img decoding=\"async\" class=\"size-full wp-image-36912 aligncenter\" src=\"https:\/\/www.itakaescolapios.org\/wp-content\/uploads\/2022\/05\/20220529_074535-scaled.jpg\" alt=\"\" width=\"2560\" height=\"1920\" srcset=\"https:\/\/www.itakaescolapios.org\/wp-content\/uploads\/2022\/05\/20220529_074535-scaled.jpg 2000w, https:\/\/www.itakaescolapios.org\/wp-content\/uploads\/2022\/05\/20220529_074535-300x225.jpg 300w, https:\/\/www.itakaescolapios.org\/wp-content\/uploads\/2022\/05\/20220529_074535-1024x768.jpg 1024w, https:\/\/www.itakaescolapios.org\/wp-content\/uploads\/2022\/05\/20220529_074535-768x576.jpg 768w, https:\/\/www.itakaescolapios.org\/wp-content\/uploads\/2022\/05\/20220529_074535-1536x1152.jpg 1536w, https:\/\/www.itakaescolapios.org\/wp-content\/uploads\/2022\/05\/20220529_074535-2048x1536.jpg 2048w, https:\/\/www.itakaescolapios.org\/wp-content\/uploads\/2022\/05\/20220529_074535-250x188.jpg 250w, https:\/\/www.itakaescolapios.org\/wp-content\/uploads\/2022\/05\/20220529_074535-510x382.jpg 510w, https:\/\/www.itakaescolapios.org\/wp-content\/uploads\/2022\/05\/20220529_074535-1080x810.jpg 1080w\" sizes=\"(max-width: 2560px) 100vw, 2560px\" \/><\/p>\n<p><img decoding=\"async\" class=\"size-full wp-image-36910 aligncenter\" src=\"https:\/\/www.itakaescolapios.org\/wp-content\/uploads\/2022\/05\/20220529_095929-scaled.jpg\" alt=\"\" width=\"2560\" height=\"1920\" srcset=\"https:\/\/www.itakaescolapios.org\/wp-content\/uploads\/2022\/05\/20220529_095929-scaled.jpg 2000w, https:\/\/www.itakaescolapios.org\/wp-content\/uploads\/2022\/05\/20220529_095929-300x225.jpg 300w, https:\/\/www.itakaescolapios.org\/wp-content\/uploads\/2022\/05\/20220529_095929-1024x768.jpg 1024w, https:\/\/www.itakaescolapios.org\/wp-content\/uploads\/2022\/05\/20220529_095929-768x576.jpg 768w, https:\/\/www.itakaescolapios.org\/wp-content\/uploads\/2022\/05\/20220529_095929-1536x1152.jpg 1536w, https:\/\/www.itakaescolapios.org\/wp-content\/uploads\/2022\/05\/20220529_095929-2048x1536.jpg 2048w, https:\/\/www.itakaescolapios.org\/wp-content\/uploads\/2022\/05\/20220529_095929-250x188.jpg 250w, https:\/\/www.itakaescolapios.org\/wp-content\/uploads\/2022\/05\/20220529_095929-510x382.jpg 510w, https:\/\/www.itakaescolapios.org\/wp-content\/uploads\/2022\/05\/20220529_095929-1080x810.jpg 1080w\" sizes=\"(max-width: 2560px) 100vw, 2560px\" \/><\/p>\n<p><img decoding=\"async\" class=\"size-full wp-image-36907 aligncenter\" src=\"https:\/\/www.itakaescolapios.org\/wp-content\/uploads\/2022\/05\/20220529_095135-scaled.jpg\" alt=\"\" width=\"2560\" height=\"1920\" srcset=\"https:\/\/www.itakaescolapios.org\/wp-content\/uploads\/2022\/05\/20220529_095135-scaled.jpg 2000w, https:\/\/www.itakaescolapios.org\/wp-content\/uploads\/2022\/05\/20220529_095135-300x225.jpg 300w, https:\/\/www.itakaescolapios.org\/wp-content\/uploads\/2022\/05\/20220529_095135-1024x768.jpg 1024w, https:\/\/www.itakaescolapios.org\/wp-content\/uploads\/2022\/05\/20220529_095135-768x576.jpg 768w, https:\/\/www.itakaescolapios.org\/wp-content\/uploads\/2022\/05\/20220529_095135-1536x1152.jpg 1536w, https:\/\/www.itakaescolapios.org\/wp-content\/uploads\/2022\/05\/20220529_095135-2048x1536.jpg 2048w, https:\/\/www.itakaescolapios.org\/wp-content\/uploads\/2022\/05\/20220529_095135-250x188.jpg 250w, https:\/\/www.itakaescolapios.org\/wp-content\/uploads\/2022\/05\/20220529_095135-510x382.jpg 510w, https:\/\/www.itakaescolapios.org\/wp-content\/uploads\/2022\/05\/20220529_095135-1080x810.jpg 1080w\" sizes=\"(max-width: 2560px) 100vw, 2560px\" \/><\/p>\n<p>&nbsp;<\/p>\n","protected":false},"excerpt":{"rendered":"<p>&nbsp; Ce Dimanche 29 mai 2022, s&rsquo;est cl\u00f4tur\u00e9e \u00e0 Bafia, l&rsquo;assembl\u00e9e g\u00e9n\u00e9rale des Volontaires piaristes de la Province d&rsquo;Afrique Centrale. Apr\u00e8s le reveil matinal, le rangement des dortoirs, le petit [&hellip;]<\/p>\n","protected":false},"author":15,"featured_media":36908,"comment_status":"closed","ping_status":"closed","sticky":false,"template":"","format":"standard","meta":{"_et_pb_use_builder":"","_et_pb_old_content":"","_et_gb_content_width":"","footnotes":""},"categories":[53,10],"tags":[],"class_list":["post-36906","post","type-post","status-publish","format-standard","has-post-thumbnail","hentry","category-africa-central","category-camerun"],"yoast_head":"<!-- This site is optimized with the Yoast SEO plugin v27.4 - https:\/\/yoast.com\/product\/yoast-seo-wordpress\/ -->\n<title>ASSEMBL\u00c9E G\u00c9N\u00c9RALE DES VOLONTAIRES PIARISTES DE LA PROVINCE D&#039;AFRIQUE CENTRALE \u00c0 BAFIA : Dernier jour<\/title>\n<meta name=\"description\" content=\"&nbsp; Ce Dimanche 29 mai 2022, s&#039;est cl\u00f4tur\u00e9e \u00e0 Bafia, l&#039;assembl\u00e9e g\u00e9n\u00e9rale des Volontaires piaristes de la Province d&#039;Afrique Centrale. Apr\u00e8s le reveil matinal, le rangement des dortoirs, le petit d\u00e9jeuner, la messe de cl\u00f4ture et les photos de famille les volontaires venus de parts et d&#039;autres ont repris la route pour le retour dans\u2026\" \/>\n<meta name=\"robots\" content=\"index, follow, max-snippet:-1, max-image-preview:large, max-video-preview:-1\" \/>\n<link rel=\"canonical\" href=\"http:\/\/&nbsp;%20Ce%20Dimanche%2029%20mai%202022,%20s'est%20cl\u00f4tur\u00e9e%20\u00e0%20Bafia,%20l'assembl\u00e9e%20g\u00e9n\u00e9rale%20des%20Volontaires%20piaristes%20de%20la%20Province%20d'Afrique%20Centrale.%20Apr\u00e8s%20le%20reveil%20matinal,%20le%20rangement%20des%20dortoirs,%20le%20petit%20d\u00e9jeuner,%20la%20messe%20de%20cl\u00f4ture%20et%20les%20photos%20de%20famille%20les%20volontaires%20venus%20de%20parts%20et%20d'autres%20ont%20repris%20la%20route%20pour%20le%20retour%20dans\u2026\" \/>\n<meta property=\"og:locale\" content=\"fr_FR\" \/>\n<meta property=\"og:type\" content=\"article\" \/>\n<meta property=\"og:title\" content=\"ASSEMBL\u00c9E G\u00c9N\u00c9RALE DES VOLONTAIRES PIARISTES DE LA PROVINCE D&#039;AFRIQUE CENTRALE \u00c0 BAFIA : Dernier jour\" \/>\n<meta property=\"og:description\" content=\"&nbsp; Ce Dimanche 29 mai 2022, s&#039;est cl\u00f4tur\u00e9e \u00e0 Bafia, l&#039;assembl\u00e9e g\u00e9n\u00e9rale des Volontaires piaristes de la Province d&#039;Afrique Centrale. Apr\u00e8s le reveil matinal, le rangement des dortoirs, le petit d\u00e9jeuner, la messe de cl\u00f4ture et les photos de famille les volontaires venus de parts et d&#039;autres ont repris la route pour le retour dans\u2026\" \/>\n<meta property=\"og:url\" content=\"https:\/\/www.itakaescolapios.org\/fr\/2022\/05\/francais-assemblee-generale-des-volontaires-piaristes-de-la-province-dafrique-centrale-a-bafia-dernier-jour\/\" \/>\n<meta property=\"og:site_name\" content=\"Itaka-Escolapios\" \/>\n<meta property=\"article:published_time\" content=\"2022-05-30T07:58:53+00:00\" \/>\n<meta property=\"article:modified_time\" content=\"2023-11-28T11:35:45+00:00\" \/>\n<meta property=\"og:image\" content=\"https:\/\/www.itakaescolapios.org\/wp-content\/uploads\/2022\/05\/20220529_095142-scaled.jpg\" \/>\n\t<meta property=\"og:image:width\" content=\"2000\" \/>\n\t<meta property=\"og:image:height\" content=\"1500\" \/>\n\t<meta property=\"og:image:type\" content=\"image\/jpeg\" \/>\n<meta name=\"author\" content=\"cameroun01\" \/>\n<meta name=\"twitter:card\" content=\"summary_large_image\" \/>\n<meta name=\"twitter:label1\" content=\"\u00c9crit par\" \/>\n\t<meta name=\"twitter:data1\" content=\"cameroun01\" \/>\n\t<meta name=\"twitter:label2\" content=\"Dur\u00e9e de lecture estim\u00e9e\" \/>\n\t<meta name=\"twitter:data2\" content=\"1 minute\" \/>\n<script type=\"application\/ld+json\" class=\"yoast-schema-graph\">{\"@context\":\"https:\\\/\\\/schema.org\",\"@graph\":[{\"@type\":\"Article\",\"@id\":\"https:\\\/\\\/www.itakaescolapios.org\\\/fr\\\/2022\\\/05\\\/francais-assemblee-generale-des-volontaires-piaristes-de-la-province-dafrique-centrale-a-bafia-dernier-jour\\\/#article\",\"isPartOf\":{\"@id\":\"https:\\\/\\\/www.itakaescolapios.org\\\/fr\\\/2022\\\/05\\\/francais-assemblee-generale-des-volontaires-piaristes-de-la-province-dafrique-centrale-a-bafia-dernier-jour\\\/\"},\"author\":{\"name\":\"cameroun01\",\"@id\":\"https:\\\/\\\/www.itakaescolapios.org\\\/es\\\/#\\\/schema\\\/person\\\/d2844383e29bfdfef69039672ce14eb1\"},\"headline\":\"ASSEMBL\u00c9E G\u00c9N\u00c9RALE DES VOLONTAIRES PIARISTES DE LA PROVINCE D'AFRIQUE CENTRALE \u00c0 BAFIA : Dernier jour\",\"datePublished\":\"2022-05-30T07:58:53+00:00\",\"dateModified\":\"2023-11-28T11:35:45+00:00\",\"mainEntityOfPage\":{\"@id\":\"https:\\\/\\\/www.itakaescolapios.org\\\/fr\\\/2022\\\/05\\\/francais-assemblee-generale-des-volontaires-piaristes-de-la-province-dafrique-centrale-a-bafia-dernier-jour\\\/\"},\"wordCount\":106,\"publisher\":{\"@id\":\"https:\\\/\\\/www.itakaescolapios.org\\\/es\\\/#organization\"},\"image\":{\"@id\":\"https:\\\/\\\/www.itakaescolapios.org\\\/fr\\\/2022\\\/05\\\/francais-assemblee-generale-des-volontaires-piaristes-de-la-province-dafrique-centrale-a-bafia-dernier-jour\\\/#primaryimage\"},\"thumbnailUrl\":\"https:\\\/\\\/www.itakaescolapios.org\\\/wp-content\\\/uploads\\\/2022\\\/05\\\/20220529_095142-scaled.jpg\",\"articleSection\":[\"Afrique centrale\",\"Cameroun\"],\"inLanguage\":\"fr-FR\"},{\"@type\":\"WebPage\",\"@id\":\"https:\\\/\\\/www.itakaescolapios.org\\\/fr\\\/2022\\\/05\\\/francais-assemblee-generale-des-volontaires-piaristes-de-la-province-dafrique-centrale-a-bafia-dernier-jour\\\/\",\"url\":\"https:\\\/\\\/www.itakaescolapios.org\\\/fr\\\/2022\\\/05\\\/francais-assemblee-generale-des-volontaires-piaristes-de-la-province-dafrique-centrale-a-bafia-dernier-jour\\\/\",\"name\":\"- Itaka-Escolapios\",\"isPartOf\":{\"@id\":\"https:\\\/\\\/www.itakaescolapios.org\\\/es\\\/#website\"},\"primaryImageOfPage\":{\"@id\":\"https:\\\/\\\/www.itakaescolapios.org\\\/fr\\\/2022\\\/05\\\/francais-assemblee-generale-des-volontaires-piaristes-de-la-province-dafrique-centrale-a-bafia-dernier-jour\\\/#primaryimage\"},\"image\":{\"@id\":\"https:\\\/\\\/www.itakaescolapios.org\\\/fr\\\/2022\\\/05\\\/francais-assemblee-generale-des-volontaires-piaristes-de-la-province-dafrique-centrale-a-bafia-dernier-jour\\\/#primaryimage\"},\"thumbnailUrl\":\"https:\\\/\\\/www.itakaescolapios.org\\\/wp-content\\\/uploads\\\/2022\\\/05\\\/20220529_095142-scaled.jpg\",\"datePublished\":\"2022-05-30T07:58:53+00:00\",\"dateModified\":\"2023-11-28T11:35:45+00:00\",\"breadcrumb\":{\"@id\":\"https:\\\/\\\/www.itakaescolapios.org\\\/fr\\\/2022\\\/05\\\/francais-assemblee-generale-des-volontaires-piaristes-de-la-province-dafrique-centrale-a-bafia-dernier-jour\\\/#breadcrumb\"},\"inLanguage\":\"fr-FR\",\"potentialAction\":[{\"@type\":\"ReadAction\",\"target\":[\"https:\\\/\\\/www.itakaescolapios.org\\\/fr\\\/2022\\\/05\\\/francais-assemblee-generale-des-volontaires-piaristes-de-la-province-dafrique-centrale-a-bafia-dernier-jour\\\/\"]}]},{\"@type\":\"ImageObject\",\"inLanguage\":\"fr-FR\",\"@id\":\"https:\\\/\\\/www.itakaescolapios.org\\\/fr\\\/2022\\\/05\\\/francais-assemblee-generale-des-volontaires-piaristes-de-la-province-dafrique-centrale-a-bafia-dernier-jour\\\/#primaryimage\",\"url\":\"https:\\\/\\\/www.itakaescolapios.org\\\/wp-content\\\/uploads\\\/2022\\\/05\\\/20220529_095142-scaled.jpg\",\"contentUrl\":\"https:\\\/\\\/www.itakaescolapios.org\\\/wp-content\\\/uploads\\\/2022\\\/05\\\/20220529_095142-scaled.jpg\",\"width\":2000,\"height\":1500},{\"@type\":\"BreadcrumbList\",\"@id\":\"https:\\\/\\\/www.itakaescolapios.org\\\/fr\\\/2022\\\/05\\\/francais-assemblee-generale-des-volontaires-piaristes-de-la-province-dafrique-centrale-a-bafia-dernier-jour\\\/#breadcrumb\",\"itemListElement\":[{\"@type\":\"ListItem\",\"position\":1,\"name\":\"Itaka-Escolapios\",\"item\":\"https:\\\/\\\/www.itakaescolapios.org\\\/es\\\/\"},{\"@type\":\"ListItem\",\"position\":2,\"name\":\"ASSEMBL\u00c9E G\u00c9N\u00c9RALE DES VOLONTAIRES PIARISTES DE LA PROVINCE D'AFRIQUE CENTRALE \u00c0 BAFIA : Dernier jour\"}]},{\"@type\":\"WebSite\",\"@id\":\"https:\\\/\\\/www.itakaescolapios.org\\\/fr\\\/es\\\/#website\",\"url\":\"https:\\\/\\\/www.itakaescolapios.org\\\/fr\\\/es\\\/\",\"name\":\"Itaka-Escolapios\",\"description\":\"Red de Itaka-Escolapios\",\"publisher\":{\"@id\":\"https:\\\/\\\/www.itakaescolapios.org\\\/fr\\\/es\\\/#organization\"},\"potentialAction\":[{\"@type\":\"SearchAction\",\"target\":{\"@type\":\"EntryPoint\",\"urlTemplate\":\"https:\\\/\\\/www.itakaescolapios.org\\\/fr\\\/es\\\/?s={search_term_string}\"},\"query-input\":{\"@type\":\"PropertyValueSpecification\",\"valueRequired\":true,\"valueName\":\"search_term_string\"}}],\"inLanguage\":\"fr-FR\"},{\"@type\":\"Organization\",\"@id\":\"https:\\\/\\\/www.itakaescolapios.org\\\/fr\\\/es\\\/#organization\",\"name\":\"Fundaci\u00f3 Itaka-Escolapios\",\"url\":\"https:\\\/\\\/www.itakaescolapios.org\\\/fr\\\/es\\\/\",\"logo\":{\"@type\":\"ImageObject\",\"inLanguage\":\"fr-FR\",\"@id\":\"https:\\\/\\\/www.itakaescolapios.org\\\/fr\\\/es\\\/#\\\/schema\\\/logo\\\/image\\\/\",\"url\":\"https:\\\/\\\/www.itakaescolapios.org\\\/wp-content\\\/uploads\\\/2024\\\/04\\\/Logo-itakaescolapios-peque.png\",\"contentUrl\":\"https:\\\/\\\/www.itakaescolapios.org\\\/wp-content\\\/uploads\\\/2024\\\/04\\\/Logo-itakaescolapios-peque.png\",\"width\":500,\"height\":199,\"caption\":\"Fundaci\u00f3 Itaka-Escolapios\"},\"image\":{\"@id\":\"https:\\\/\\\/www.itakaescolapios.org\\\/fr\\\/es\\\/#\\\/schema\\\/logo\\\/image\\\/\"}},{\"@type\":\"Person\",\"@id\":\"https:\\\/\\\/www.itakaescolapios.org\\\/es\\\/#\\\/schema\\\/person\\\/d2844383e29bfdfef69039672ce14eb1\",\"name\":\"cameroun01\",\"url\":\"https:\\\/\\\/www.itakaescolapios.org\\\/fr\\\/author\\\/cameroun01\\\/\"}]}<\/script>\n<!-- \/ Yoast SEO plugin. -->","yoast_head_json":{"title":"ASSEMBL\u00c9E G\u00c9N\u00c9RALE DES VOLONTAIRES PIARISTES DE LA PROVINCE D'AFRIQUE CENTRALE \u00c0 BAFIA : Dernier jour","description":"&nbsp; Ce Dimanche 29 mai 2022, s'est cl\u00f4tur\u00e9e \u00e0 Bafia, l'assembl\u00e9e g\u00e9n\u00e9rale des Volontaires piaristes de la Province d'Afrique Centrale. Apr\u00e8s le reveil matinal, le rangement des dortoirs, le petit d\u00e9jeuner, la messe de cl\u00f4ture et les photos de famille les volontaires venus de parts et d'autres ont repris la route pour le retour dans\u2026","robots":{"index":"index","follow":"follow","max-snippet":"max-snippet:-1","max-image-preview":"max-image-preview:large","max-video-preview":"max-video-preview:-1"},"canonical":"&nbsp; Ce Dimanche 29 mai 2022, s'est cl\u00f4tur\u00e9e \u00e0 Bafia, l'assembl\u00e9e g\u00e9n\u00e9rale des Volontaires piaristes de la Province d'Afrique Centrale. Apr\u00e8s le reveil matinal, le rangement des dortoirs, le petit d\u00e9jeuner, la messe de cl\u00f4ture et les photos de famille les volontaires venus de parts et d'autres ont repris la route pour le retour dans\u2026","og_locale":"fr_FR","og_type":"article","og_title":"ASSEMBL\u00c9E G\u00c9N\u00c9RALE DES VOLONTAIRES PIARISTES DE LA PROVINCE D'AFRIQUE CENTRALE \u00c0 BAFIA : Dernier jour","og_description":"&nbsp; Ce Dimanche 29 mai 2022, s'est cl\u00f4tur\u00e9e \u00e0 Bafia, l'assembl\u00e9e g\u00e9n\u00e9rale des Volontaires piaristes de la Province d'Afrique Centrale. Apr\u00e8s le reveil matinal, le rangement des dortoirs, le petit d\u00e9jeuner, la messe de cl\u00f4ture et les photos de famille les volontaires venus de parts et d'autres ont repris la route pour le retour dans\u2026","og_url":"https:\/\/www.itakaescolapios.org\/fr\/2022\/05\/francais-assemblee-generale-des-volontaires-piaristes-de-la-province-dafrique-centrale-a-bafia-dernier-jour\/","og_site_name":"Itaka-Escolapios","article_published_time":"2022-05-30T07:58:53+00:00","article_modified_time":"2023-11-28T11:35:45+00:00","og_image":[{"width":2000,"height":1500,"url":"https:\/\/www.itakaescolapios.org\/wp-content\/uploads\/2022\/05\/20220529_095142-scaled.jpg","type":"image\/jpeg"}],"author":"cameroun01","twitter_card":"summary_large_image","twitter_misc":{"\u00c9crit par":"cameroun01","Dur\u00e9e de lecture estim\u00e9e":"1 minute"},"schema":{"@context":"https:\/\/schema.org","@graph":[{"@type":"Article","@id":"https:\/\/www.itakaescolapios.org\/fr\/2022\/05\/francais-assemblee-generale-des-volontaires-piaristes-de-la-province-dafrique-centrale-a-bafia-dernier-jour\/#article","isPartOf":{"@id":"https:\/\/www.itakaescolapios.org\/fr\/2022\/05\/francais-assemblee-generale-des-volontaires-piaristes-de-la-province-dafrique-centrale-a-bafia-dernier-jour\/"},"author":{"name":"cameroun01","@id":"https:\/\/www.itakaescolapios.org\/es\/#\/schema\/person\/d2844383e29bfdfef69039672ce14eb1"},"headline":"ASSEMBL\u00c9E G\u00c9N\u00c9RALE DES VOLONTAIRES PIARISTES DE LA PROVINCE D'AFRIQUE CENTRALE \u00c0 BAFIA : Dernier jour","datePublished":"2022-05-30T07:58:53+00:00","dateModified":"2023-11-28T11:35:45+00:00","mainEntityOfPage":{"@id":"https:\/\/www.itakaescolapios.org\/fr\/2022\/05\/francais-assemblee-generale-des-volontaires-piaristes-de-la-province-dafrique-centrale-a-bafia-dernier-jour\/"},"wordCount":106,"publisher":{"@id":"https:\/\/www.itakaescolapios.org\/es\/#organization"},"image":{"@id":"https:\/\/www.itakaescolapios.org\/fr\/2022\/05\/francais-assemblee-generale-des-volontaires-piaristes-de-la-province-dafrique-centrale-a-bafia-dernier-jour\/#primaryimage"},"thumbnailUrl":"https:\/\/www.itakaescolapios.org\/wp-content\/uploads\/2022\/05\/20220529_095142-scaled.jpg","articleSection":["Afrique centrale","Cameroun"],"inLanguage":"fr-FR"},{"@type":"WebPage","@id":"https:\/\/www.itakaescolapios.org\/fr\/2022\/05\/francais-assemblee-generale-des-volontaires-piaristes-de-la-province-dafrique-centrale-a-bafia-dernier-jour\/","url":"https:\/\/www.itakaescolapios.org\/fr\/2022\/05\/francais-assemblee-generale-des-volontaires-piaristes-de-la-province-dafrique-centrale-a-bafia-dernier-jour\/","name":"- Itaka-Escolapios","isPartOf":{"@id":"https:\/\/www.itakaescolapios.org\/es\/#website"},"primaryImageOfPage":{"@id":"https:\/\/www.itakaescolapios.org\/fr\/2022\/05\/francais-assemblee-generale-des-volontaires-piaristes-de-la-province-dafrique-centrale-a-bafia-dernier-jour\/#primaryimage"},"image":{"@id":"https:\/\/www.itakaescolapios.org\/fr\/2022\/05\/francais-assemblee-generale-des-volontaires-piaristes-de-la-province-dafrique-centrale-a-bafia-dernier-jour\/#primaryimage"},"thumbnailUrl":"https:\/\/www.itakaescolapios.org\/wp-content\/uploads\/2022\/05\/20220529_095142-scaled.jpg","datePublished":"2022-05-30T07:58:53+00:00","dateModified":"2023-11-28T11:35:45+00:00","breadcrumb":{"@id":"https:\/\/www.itakaescolapios.org\/fr\/2022\/05\/francais-assemblee-generale-des-volontaires-piaristes-de-la-province-dafrique-centrale-a-bafia-dernier-jour\/#breadcrumb"},"inLanguage":"fr-FR","potentialAction":[{"@type":"ReadAction","target":["https:\/\/www.itakaescolapios.org\/fr\/2022\/05\/francais-assemblee-generale-des-volontaires-piaristes-de-la-province-dafrique-centrale-a-bafia-dernier-jour\/"]}]},{"@type":"ImageObject","inLanguage":"fr-FR","@id":"https:\/\/www.itakaescolapios.org\/fr\/2022\/05\/francais-assemblee-generale-des-volontaires-piaristes-de-la-province-dafrique-centrale-a-bafia-dernier-jour\/#primaryimage","url":"https:\/\/www.itakaescolapios.org\/wp-content\/uploads\/2022\/05\/20220529_095142-scaled.jpg","contentUrl":"https:\/\/www.itakaescolapios.org\/wp-content\/uploads\/2022\/05\/20220529_095142-scaled.jpg","width":2000,"height":1500},{"@type":"BreadcrumbList","@id":"https:\/\/www.itakaescolapios.org\/fr\/2022\/05\/francais-assemblee-generale-des-volontaires-piaristes-de-la-province-dafrique-centrale-a-bafia-dernier-jour\/#breadcrumb","itemListElement":[{"@type":"ListItem","position":1,"name":"Itaka-Escolapios","item":"https:\/\/www.itakaescolapios.org\/es\/"},{"@type":"ListItem","position":2,"name":"ASSEMBL\u00c9E G\u00c9N\u00c9RALE DES VOLONTAIRES PIARISTES DE LA PROVINCE D'AFRIQUE CENTRALE \u00c0 BAFIA : Dernier jour"}]},{"@type":"WebSite","@id":"https:\/\/www.itakaescolapios.org\/fr\/es\/#website","url":"https:\/\/www.itakaescolapios.org\/fr\/es\/","name":"Itaka-Escolapios","description":"Red de Itaka-Escolapios","publisher":{"@id":"https:\/\/www.itakaescolapios.org\/fr\/es\/#organization"},"potentialAction":[{"@type":"SearchAction","target":{"@type":"EntryPoint","urlTemplate":"https:\/\/www.itakaescolapios.org\/fr\/es\/?s={search_term_string}"},"query-input":{"@type":"PropertyValueSpecification","valueRequired":true,"valueName":"search_term_string"}}],"inLanguage":"fr-FR"},{"@type":"Organization","@id":"https:\/\/www.itakaescolapios.org\/fr\/es\/#organization","name":"Fundaci\u00f3 Itaka-Escolapios","url":"https:\/\/www.itakaescolapios.org\/fr\/es\/","logo":{"@type":"ImageObject","inLanguage":"fr-FR","@id":"https:\/\/www.itakaescolapios.org\/fr\/es\/#\/schema\/logo\/image\/","url":"https:\/\/www.itakaescolapios.org\/wp-content\/uploads\/2024\/04\/Logo-itakaescolapios-peque.png","contentUrl":"https:\/\/www.itakaescolapios.org\/wp-content\/uploads\/2024\/04\/Logo-itakaescolapios-peque.png","width":500,"height":199,"caption":"Fundaci\u00f3 Itaka-Escolapios"},"image":{"@id":"https:\/\/www.itakaescolapios.org\/fr\/es\/#\/schema\/logo\/image\/"}},{"@type":"Person","@id":"https:\/\/www.itakaescolapios.org\/es\/#\/schema\/person\/d2844383e29bfdfef69039672ce14eb1","name":"cameroun01","url":"https:\/\/www.itakaescolapios.org\/fr\/author\/cameroun01\/"}]}},"_links":{"self":[{"href":"https:\/\/www.itakaescolapios.org\/fr\/wp-json\/wp\/v2\/posts\/36906","targetHints":{"allow":["GET"]}}],"collection":[{"href":"https:\/\/www.itakaescolapios.org\/fr\/wp-json\/wp\/v2\/posts"}],"about":[{"href":"https:\/\/www.itakaescolapios.org\/fr\/wp-json\/wp\/v2\/types\/post"}],"author":[{"embeddable":true,"href":"https:\/\/www.itakaescolapios.org\/fr\/wp-json\/wp\/v2\/users\/15"}],"replies":[{"embeddable":true,"href":"https:\/\/www.itakaescolapios.org\/fr\/wp-json\/wp\/v2\/comments?post=36906"}],"version-history":[{"count":5,"href":"https:\/\/www.itakaescolapios.org\/fr\/wp-json\/wp\/v2\/posts\/36906\/revisions"}],"predecessor-version":[{"id":43915,"href":"https:\/\/www.itakaescolapios.org\/fr\/wp-json\/wp\/v2\/posts\/36906\/revisions\/43915"}],"wp:featuredmedia":[{"embeddable":true,"href":"https:\/\/www.itakaescolapios.org\/fr\/wp-json\/wp\/v2\/media\/36908"}],"wp:attachment":[{"href":"https:\/\/www.itakaescolapios.org\/fr\/wp-json\/wp\/v2\/media?parent=36906"}],"wp:term":[{"taxonomy":"category","embeddable":true,"href":"https:\/\/www.itakaescolapios.org\/fr\/wp-json\/wp\/v2\/categories?post=36906"},{"taxonomy":"post_tag","embeddable":true,"href":"https:\/\/www.itakaescolapios.org\/fr\/wp-json\/wp\/v2\/tags?post=36906"}],"curies":[{"name":"wp","href":"https:\/\/api.w.org\/{rel}","templated":true}]}}