{"id":36978,"date":"2022-06-10T11:02:34","date_gmt":"2022-06-10T10:02:34","guid":{"rendered":"https:\/\/www.itakaescolapios.org\/?p=36978"},"modified":"2023-11-28T12:35:45","modified_gmt":"2023-11-28T11:35:45","slug":"francais-cloture-de-lannee-academique-2021-2022-au-complexe-scolaire-bilingue-calasanz-de-bafia","status":"publish","type":"post","link":"https:\/\/www.itakaescolapios.org\/fr\/2022\/06\/francais-cloture-de-lannee-academique-2021-2022-au-complexe-scolaire-bilingue-calasanz-de-bafia\/","title":{"rendered":"CLOTURE DE L'ANNEE ACADEMIQUE 2021\/2022 AU COMPLEXE SCOLAIRE BILINGUE CALASANZ DE BAFIA"},"content":{"rendered":"<p style=\"text-align: justify;line-height: 150%\">Ce vendredi 10 juin 2022 a eu lieu au Complexe Scolaire Bilingue Saint Joseph Calasanz de Bafia (Cameroun), la cl\u00f4ture des activit\u00e9s de l\u2019ann\u00e9e acad\u00e9mique 2021-2022 pour le primaire. Tout a d\u00e9but\u00e9 avec une messe de cl\u00f4ture, suivi de la c\u00e9r\u00e9monie de graduation des classes d\u2019examen, la remise des primes aux cinq plus m\u00e9ritants de toutes les classes et la remise des bulletins des enfants aux parents dans les salles de classes. Apr\u00e8s ces diff\u00e9rentes activit\u00e9s nous nous sommes s\u00e9par\u00e9s avec beaucoup de joie. Rendez-vous l\u2019ann\u00e9e prochaine pour une nouvelle ann\u00e9e scolaire pleine de joie, d\u2019amour de paix et surtout de partage de connaissances.<\/p>\n<p><img decoding=\"async\" class=\"size-full wp-image-36979 aligncenter\" src=\"https:\/\/www.itakaescolapios.org\/wp-content\/uploads\/2022\/06\/IMG-20220610-WA0022.jpg\" alt=\"\" width=\"1080\" height=\"607\" srcset=\"https:\/\/www.itakaescolapios.org\/wp-content\/uploads\/2022\/06\/IMG-20220610-WA0022.jpg 1080w, https:\/\/www.itakaescolapios.org\/wp-content\/uploads\/2022\/06\/IMG-20220610-WA0022-300x169.jpg 300w, https:\/\/www.itakaescolapios.org\/wp-content\/uploads\/2022\/06\/IMG-20220610-WA0022-1024x576.jpg 1024w, https:\/\/www.itakaescolapios.org\/wp-content\/uploads\/2022\/06\/IMG-20220610-WA0022-768x432.jpg 768w, https:\/\/www.itakaescolapios.org\/wp-content\/uploads\/2022\/06\/IMG-20220610-WA0022-250x141.jpg 250w\" sizes=\"(max-width: 1080px) 100vw, 1080px\" \/><\/p>\n<p>&nbsp;<\/p>\n<div style=\"width: 640px;\" class=\"wp-video\"><video class=\"wp-video-shortcode\" id=\"video-36978-1\" width=\"640\" height=\"352\" preload=\"metadata\" controls=\"controls\"><source type=\"video\/mp4\" src=\"https:\/\/www.itakaescolapios.org\/wp-content\/uploads\/2022\/06\/VID-20220610-WA0026.mp4?_=1\" \/><a href=\"https:\/\/www.itakaescolapios.org\/wp-content\/uploads\/2022\/06\/VID-20220610-WA0026.mp4\">https:\/\/www.itakaescolapios.org\/wp-content\/uploads\/2022\/06\/VID-20220610-WA0026.mp4<\/a><\/video><\/div>\n<p><img decoding=\"async\" class=\"size-full wp-image-36984 aligncenter\" src=\"https:\/\/www.itakaescolapios.org\/wp-content\/uploads\/2022\/06\/IMG-20220610-WA0080.jpg\" alt=\"\" width=\"1080\" height=\"486\" srcset=\"https:\/\/www.itakaescolapios.org\/wp-content\/uploads\/2022\/06\/IMG-20220610-WA0080.jpg 1080w, https:\/\/www.itakaescolapios.org\/wp-content\/uploads\/2022\/06\/IMG-20220610-WA0080-300x135.jpg 300w, https:\/\/www.itakaescolapios.org\/wp-content\/uploads\/2022\/06\/IMG-20220610-WA0080-1024x461.jpg 1024w, https:\/\/www.itakaescolapios.org\/wp-content\/uploads\/2022\/06\/IMG-20220610-WA0080-768x346.jpg 768w, https:\/\/www.itakaescolapios.org\/wp-content\/uploads\/2022\/06\/IMG-20220610-WA0080-250x113.jpg 250w\" sizes=\"(max-width: 1080px) 100vw, 1080px\" \/><\/p>\n<p><img decoding=\"async\" class=\"size-full wp-image-36985 aligncenter\" src=\"https:\/\/www.itakaescolapios.org\/wp-content\/uploads\/2022\/06\/IMG-20220610-WA0038-1.jpg\" alt=\"\" width=\"1080\" height=\"607\" srcset=\"https:\/\/www.itakaescolapios.org\/wp-content\/uploads\/2022\/06\/IMG-20220610-WA0038-1.jpg 1080w, https:\/\/www.itakaescolapios.org\/wp-content\/uploads\/2022\/06\/IMG-20220610-WA0038-1-300x169.jpg 300w, https:\/\/www.itakaescolapios.org\/wp-content\/uploads\/2022\/06\/IMG-20220610-WA0038-1-1024x576.jpg 1024w, https:\/\/www.itakaescolapios.org\/wp-content\/uploads\/2022\/06\/IMG-20220610-WA0038-1-768x432.jpg 768w, https:\/\/www.itakaescolapios.org\/wp-content\/uploads\/2022\/06\/IMG-20220610-WA0038-1-250x141.jpg 250w\" sizes=\"(max-width: 1080px) 100vw, 1080px\" \/><\/p>\n","protected":false},"excerpt":{"rendered":"<p>Ce vendredi 10 juin 2022 a eu lieu au Complexe Scolaire Bilingue Saint Joseph Calasanz de Bafia (Cameroun), la cl\u00f4ture des activit\u00e9s de l\u2019ann\u00e9e acad\u00e9mique 2021-2022 pour le primaire. Tout [&hellip;]<\/p>\n","protected":false},"author":15,"featured_media":36983,"comment_status":"closed","ping_status":"closed","sticky":false,"template":"","format":"standard","meta":{"_et_pb_use_builder":"","_et_pb_old_content":"","_et_gb_content_width":"","footnotes":""},"categories":[53,10],"tags":[],"class_list":["post-36978","post","type-post","status-publish","format-standard","has-post-thumbnail","hentry","category-africa-central","category-camerun"],"yoast_head":"<!-- This site is optimized with the Yoast SEO plugin v27.4 - https:\/\/yoast.com\/product\/yoast-seo-wordpress\/ -->\n<title>CLOTURE DE L&#039;ANNEE ACADEMIQUE 2021\/2022 AU COMPLEXE SCOLAIRE BILINGUE CALASANZ DE BAFIA<\/title>\n<meta name=\"description\" content=\"Ce vendredi 10 juin 2022 a eu lieu au Complexe Scolaire Bilingue Saint Joseph Calasanz de Bafia (Cameroun), la cl\u00f4ture des activit\u00e9s de l\u2019ann\u00e9e acad\u00e9mique 2021-2022 pour le primaire. Tout a d\u00e9but\u00e9 avec une messe de cl\u00f4ture, suivi de la c\u00e9r\u00e9monie de graduation des classes d\u2019examen, la remise des primes aux cinq plus m\u00e9ritants de\u2026\" \/>\n<meta name=\"robots\" content=\"index, follow, max-snippet:-1, max-image-preview:large, max-video-preview:-1\" \/>\n<link rel=\"canonical\" href=\"http:\/\/Ce%20vendredi%2010%20juin%202022%20a%20eu%20lieu%20au%20Complexe%20Scolaire%20Bilingue%20Saint%20Joseph%20Calasanz%20de%20Bafia%20(Cameroun),%20la%20cl\u00f4ture%20des%20activit\u00e9s%20de%20l\u2019ann\u00e9e%20acad\u00e9mique%202021-2022%20pour%20le%20primaire.%20Tout%20a%20d\u00e9but\u00e9%20avec%20une%20messe%20de%20cl\u00f4ture,%20suivi%20de%20la%20c\u00e9r\u00e9monie%20de%20graduation%20des%20classes%20d\u2019examen,%20la%20remise%20des%20primes%20aux%20cinq%20plus%20m\u00e9ritants%20de\u2026\" \/>\n<meta property=\"og:locale\" content=\"fr_FR\" \/>\n<meta property=\"og:type\" content=\"article\" \/>\n<meta property=\"og:title\" content=\"CLOTURE DE L&#039;ANNEE ACADEMIQUE 2021\/2022 AU COMPLEXE SCOLAIRE BILINGUE CALASANZ DE BAFIA\" \/>\n<meta property=\"og:description\" content=\"Ce vendredi 10 juin 2022 a eu lieu au Complexe Scolaire Bilingue Saint Joseph Calasanz de Bafia (Cameroun), la cl\u00f4ture des activit\u00e9s de l\u2019ann\u00e9e acad\u00e9mique 2021-2022 pour le primaire. Tout a d\u00e9but\u00e9 avec une messe de cl\u00f4ture, suivi de la c\u00e9r\u00e9monie de graduation des classes d\u2019examen, la remise des primes aux cinq plus m\u00e9ritants de\u2026\" \/>\n<meta property=\"og:url\" content=\"https:\/\/www.itakaescolapios.org\/fr\/2022\/06\/francais-cloture-de-lannee-academique-2021-2022-au-complexe-scolaire-bilingue-calasanz-de-bafia\/\" \/>\n<meta property=\"og:site_name\" content=\"Itaka-Escolapios\" \/>\n<meta property=\"article:published_time\" content=\"2022-06-10T10:02:34+00:00\" \/>\n<meta property=\"article:modified_time\" content=\"2023-11-28T11:35:45+00:00\" \/>\n<meta property=\"og:image\" content=\"https:\/\/www.itakaescolapios.org\/wp-content\/uploads\/2022\/06\/IMG-20220610-WA0082.jpg\" \/>\n\t<meta property=\"og:image:width\" content=\"1080\" \/>\n\t<meta property=\"og:image:height\" content=\"486\" \/>\n\t<meta property=\"og:image:type\" content=\"image\/jpeg\" \/>\n<meta name=\"author\" content=\"cameroun01\" \/>\n<meta name=\"twitter:card\" content=\"summary_large_image\" \/>\n<meta name=\"twitter:label1\" content=\"\u00c9crit par\" \/>\n\t<meta name=\"twitter:data1\" content=\"cameroun01\" \/>\n\t<meta name=\"twitter:label2\" content=\"Dur\u00e9e de lecture estim\u00e9e\" \/>\n\t<meta name=\"twitter:data2\" content=\"1 minute\" \/>\n<script type=\"application\/ld+json\" class=\"yoast-schema-graph\">{\"@context\":\"https:\\\/\\\/schema.org\",\"@graph\":[{\"@type\":\"Article\",\"@id\":\"https:\\\/\\\/www.itakaescolapios.org\\\/fr\\\/2022\\\/06\\\/francais-cloture-de-lannee-academique-2021-2022-au-complexe-scolaire-bilingue-calasanz-de-bafia\\\/#article\",\"isPartOf\":{\"@id\":\"https:\\\/\\\/www.itakaescolapios.org\\\/fr\\\/2022\\\/06\\\/francais-cloture-de-lannee-academique-2021-2022-au-complexe-scolaire-bilingue-calasanz-de-bafia\\\/\"},\"author\":{\"name\":\"cameroun01\",\"@id\":\"https:\\\/\\\/www.itakaescolapios.org\\\/es\\\/#\\\/schema\\\/person\\\/d2844383e29bfdfef69039672ce14eb1\"},\"headline\":\"CLOTURE DE L'ANNEE ACADEMIQUE 2021\\\/2022 AU COMPLEXE SCOLAIRE BILINGUE CALASANZ DE BAFIA\",\"datePublished\":\"2022-06-10T10:02:34+00:00\",\"dateModified\":\"2023-11-28T11:35:45+00:00\",\"mainEntityOfPage\":{\"@id\":\"https:\\\/\\\/www.itakaescolapios.org\\\/fr\\\/2022\\\/06\\\/francais-cloture-de-lannee-academique-2021-2022-au-complexe-scolaire-bilingue-calasanz-de-bafia\\\/\"},\"wordCount\":138,\"publisher\":{\"@id\":\"https:\\\/\\\/www.itakaescolapios.org\\\/es\\\/#organization\"},\"image\":{\"@id\":\"https:\\\/\\\/www.itakaescolapios.org\\\/fr\\\/2022\\\/06\\\/francais-cloture-de-lannee-academique-2021-2022-au-complexe-scolaire-bilingue-calasanz-de-bafia\\\/#primaryimage\"},\"thumbnailUrl\":\"https:\\\/\\\/www.itakaescolapios.org\\\/wp-content\\\/uploads\\\/2022\\\/06\\\/IMG-20220610-WA0082.jpg\",\"articleSection\":[\"Afrique centrale\",\"Cameroun\"],\"inLanguage\":\"fr-FR\"},{\"@type\":\"WebPage\",\"@id\":\"https:\\\/\\\/www.itakaescolapios.org\\\/fr\\\/2022\\\/06\\\/francais-cloture-de-lannee-academique-2021-2022-au-complexe-scolaire-bilingue-calasanz-de-bafia\\\/\",\"url\":\"https:\\\/\\\/www.itakaescolapios.org\\\/fr\\\/2022\\\/06\\\/francais-cloture-de-lannee-academique-2021-2022-au-complexe-scolaire-bilingue-calasanz-de-bafia\\\/\",\"name\":\"- Itaka-Escolapios\",\"isPartOf\":{\"@id\":\"https:\\\/\\\/www.itakaescolapios.org\\\/es\\\/#website\"},\"primaryImageOfPage\":{\"@id\":\"https:\\\/\\\/www.itakaescolapios.org\\\/fr\\\/2022\\\/06\\\/francais-cloture-de-lannee-academique-2021-2022-au-complexe-scolaire-bilingue-calasanz-de-bafia\\\/#primaryimage\"},\"image\":{\"@id\":\"https:\\\/\\\/www.itakaescolapios.org\\\/fr\\\/2022\\\/06\\\/francais-cloture-de-lannee-academique-2021-2022-au-complexe-scolaire-bilingue-calasanz-de-bafia\\\/#primaryimage\"},\"thumbnailUrl\":\"https:\\\/\\\/www.itakaescolapios.org\\\/wp-content\\\/uploads\\\/2022\\\/06\\\/IMG-20220610-WA0082.jpg\",\"datePublished\":\"2022-06-10T10:02:34+00:00\",\"dateModified\":\"2023-11-28T11:35:45+00:00\",\"breadcrumb\":{\"@id\":\"https:\\\/\\\/www.itakaescolapios.org\\\/fr\\\/2022\\\/06\\\/francais-cloture-de-lannee-academique-2021-2022-au-complexe-scolaire-bilingue-calasanz-de-bafia\\\/#breadcrumb\"},\"inLanguage\":\"fr-FR\",\"potentialAction\":[{\"@type\":\"ReadAction\",\"target\":[\"https:\\\/\\\/www.itakaescolapios.org\\\/fr\\\/2022\\\/06\\\/francais-cloture-de-lannee-academique-2021-2022-au-complexe-scolaire-bilingue-calasanz-de-bafia\\\/\"]}]},{\"@type\":\"ImageObject\",\"inLanguage\":\"fr-FR\",\"@id\":\"https:\\\/\\\/www.itakaescolapios.org\\\/fr\\\/2022\\\/06\\\/francais-cloture-de-lannee-academique-2021-2022-au-complexe-scolaire-bilingue-calasanz-de-bafia\\\/#primaryimage\",\"url\":\"https:\\\/\\\/www.itakaescolapios.org\\\/wp-content\\\/uploads\\\/2022\\\/06\\\/IMG-20220610-WA0082.jpg\",\"contentUrl\":\"https:\\\/\\\/www.itakaescolapios.org\\\/wp-content\\\/uploads\\\/2022\\\/06\\\/IMG-20220610-WA0082.jpg\",\"width\":1080,\"height\":486},{\"@type\":\"BreadcrumbList\",\"@id\":\"https:\\\/\\\/www.itakaescolapios.org\\\/fr\\\/2022\\\/06\\\/francais-cloture-de-lannee-academique-2021-2022-au-complexe-scolaire-bilingue-calasanz-de-bafia\\\/#breadcrumb\",\"itemListElement\":[{\"@type\":\"ListItem\",\"position\":1,\"name\":\"Itaka-Escolapios\",\"item\":\"https:\\\/\\\/www.itakaescolapios.org\\\/es\\\/\"},{\"@type\":\"ListItem\",\"position\":2,\"name\":\"CLOTURE DE L'ANNEE ACADEMIQUE 2021\\\/2022 AU COMPLEXE SCOLAIRE BILINGUE CALASANZ DE BAFIA\"}]},{\"@type\":\"WebSite\",\"@id\":\"https:\\\/\\\/www.itakaescolapios.org\\\/fr\\\/es\\\/#website\",\"url\":\"https:\\\/\\\/www.itakaescolapios.org\\\/fr\\\/es\\\/\",\"name\":\"Itaka-Escolapios\",\"description\":\"Red de Itaka-Escolapios\",\"publisher\":{\"@id\":\"https:\\\/\\\/www.itakaescolapios.org\\\/fr\\\/es\\\/#organization\"},\"potentialAction\":[{\"@type\":\"SearchAction\",\"target\":{\"@type\":\"EntryPoint\",\"urlTemplate\":\"https:\\\/\\\/www.itakaescolapios.org\\\/fr\\\/es\\\/?s={search_term_string}\"},\"query-input\":{\"@type\":\"PropertyValueSpecification\",\"valueRequired\":true,\"valueName\":\"search_term_string\"}}],\"inLanguage\":\"fr-FR\"},{\"@type\":\"Organization\",\"@id\":\"https:\\\/\\\/www.itakaescolapios.org\\\/fr\\\/es\\\/#organization\",\"name\":\"Fundaci\u00f3 Itaka-Escolapios\",\"url\":\"https:\\\/\\\/www.itakaescolapios.org\\\/fr\\\/es\\\/\",\"logo\":{\"@type\":\"ImageObject\",\"inLanguage\":\"fr-FR\",\"@id\":\"https:\\\/\\\/www.itakaescolapios.org\\\/fr\\\/es\\\/#\\\/schema\\\/logo\\\/image\\\/\",\"url\":\"https:\\\/\\\/www.itakaescolapios.org\\\/wp-content\\\/uploads\\\/2024\\\/04\\\/Logo-itakaescolapios-peque.png\",\"contentUrl\":\"https:\\\/\\\/www.itakaescolapios.org\\\/wp-content\\\/uploads\\\/2024\\\/04\\\/Logo-itakaescolapios-peque.png\",\"width\":500,\"height\":199,\"caption\":\"Fundaci\u00f3 Itaka-Escolapios\"},\"image\":{\"@id\":\"https:\\\/\\\/www.itakaescolapios.org\\\/fr\\\/es\\\/#\\\/schema\\\/logo\\\/image\\\/\"}},{\"@type\":\"Person\",\"@id\":\"https:\\\/\\\/www.itakaescolapios.org\\\/es\\\/#\\\/schema\\\/person\\\/d2844383e29bfdfef69039672ce14eb1\",\"name\":\"cameroun01\",\"url\":\"https:\\\/\\\/www.itakaescolapios.org\\\/fr\\\/author\\\/cameroun01\\\/\"}]}<\/script>\n<!-- \/ Yoast SEO plugin. -->","yoast_head_json":{"title":"CLOTURE DE L'ANNEE ACADEMIQUE 2021\/2022 AU COMPLEXE SCOLAIRE BILINGUE CALASANZ DE BAFIA","description":"Ce vendredi 10 juin 2022 a eu lieu au Complexe Scolaire Bilingue Saint Joseph Calasanz de Bafia (Cameroun), la cl\u00f4ture des activit\u00e9s de l\u2019ann\u00e9e acad\u00e9mique 2021-2022 pour le primaire. Tout a d\u00e9but\u00e9 avec une messe de cl\u00f4ture, suivi de la c\u00e9r\u00e9monie de graduation des classes d\u2019examen, la remise des primes aux cinq plus m\u00e9ritants de\u2026","robots":{"index":"index","follow":"follow","max-snippet":"max-snippet:-1","max-image-preview":"max-image-preview:large","max-video-preview":"max-video-preview:-1"},"canonical":"Ce vendredi 10 juin 2022 a eu lieu au Complexe Scolaire Bilingue Saint Joseph Calasanz de Bafia (Cameroun), la cl\u00f4ture des activit\u00e9s de l\u2019ann\u00e9e acad\u00e9mique 2021-2022 pour le primaire. Tout a d\u00e9but\u00e9 avec une messe de cl\u00f4ture, suivi de la c\u00e9r\u00e9monie de graduation des classes d\u2019examen, la remise des primes aux cinq plus m\u00e9ritants de\u2026","og_locale":"fr_FR","og_type":"article","og_title":"CLOTURE DE L'ANNEE ACADEMIQUE 2021\/2022 AU COMPLEXE SCOLAIRE BILINGUE CALASANZ DE BAFIA","og_description":"Ce vendredi 10 juin 2022 a eu lieu au Complexe Scolaire Bilingue Saint Joseph Calasanz de Bafia (Cameroun), la cl\u00f4ture des activit\u00e9s de l\u2019ann\u00e9e acad\u00e9mique 2021-2022 pour le primaire. Tout a d\u00e9but\u00e9 avec une messe de cl\u00f4ture, suivi de la c\u00e9r\u00e9monie de graduation des classes d\u2019examen, la remise des primes aux cinq plus m\u00e9ritants de\u2026","og_url":"https:\/\/www.itakaescolapios.org\/fr\/2022\/06\/francais-cloture-de-lannee-academique-2021-2022-au-complexe-scolaire-bilingue-calasanz-de-bafia\/","og_site_name":"Itaka-Escolapios","article_published_time":"2022-06-10T10:02:34+00:00","article_modified_time":"2023-11-28T11:35:45+00:00","og_image":[{"width":1080,"height":486,"url":"https:\/\/www.itakaescolapios.org\/wp-content\/uploads\/2022\/06\/IMG-20220610-WA0082.jpg","type":"image\/jpeg"}],"author":"cameroun01","twitter_card":"summary_large_image","twitter_misc":{"\u00c9crit par":"cameroun01","Dur\u00e9e de lecture estim\u00e9e":"1 minute"},"schema":{"@context":"https:\/\/schema.org","@graph":[{"@type":"Article","@id":"https:\/\/www.itakaescolapios.org\/fr\/2022\/06\/francais-cloture-de-lannee-academique-2021-2022-au-complexe-scolaire-bilingue-calasanz-de-bafia\/#article","isPartOf":{"@id":"https:\/\/www.itakaescolapios.org\/fr\/2022\/06\/francais-cloture-de-lannee-academique-2021-2022-au-complexe-scolaire-bilingue-calasanz-de-bafia\/"},"author":{"name":"cameroun01","@id":"https:\/\/www.itakaescolapios.org\/es\/#\/schema\/person\/d2844383e29bfdfef69039672ce14eb1"},"headline":"CLOTURE DE L'ANNEE ACADEMIQUE 2021\/2022 AU COMPLEXE SCOLAIRE BILINGUE CALASANZ DE BAFIA","datePublished":"2022-06-10T10:02:34+00:00","dateModified":"2023-11-28T11:35:45+00:00","mainEntityOfPage":{"@id":"https:\/\/www.itakaescolapios.org\/fr\/2022\/06\/francais-cloture-de-lannee-academique-2021-2022-au-complexe-scolaire-bilingue-calasanz-de-bafia\/"},"wordCount":138,"publisher":{"@id":"https:\/\/www.itakaescolapios.org\/es\/#organization"},"image":{"@id":"https:\/\/www.itakaescolapios.org\/fr\/2022\/06\/francais-cloture-de-lannee-academique-2021-2022-au-complexe-scolaire-bilingue-calasanz-de-bafia\/#primaryimage"},"thumbnailUrl":"https:\/\/www.itakaescolapios.org\/wp-content\/uploads\/2022\/06\/IMG-20220610-WA0082.jpg","articleSection":["Afrique centrale","Cameroun"],"inLanguage":"fr-FR"},{"@type":"WebPage","@id":"https:\/\/www.itakaescolapios.org\/fr\/2022\/06\/francais-cloture-de-lannee-academique-2021-2022-au-complexe-scolaire-bilingue-calasanz-de-bafia\/","url":"https:\/\/www.itakaescolapios.org\/fr\/2022\/06\/francais-cloture-de-lannee-academique-2021-2022-au-complexe-scolaire-bilingue-calasanz-de-bafia\/","name":"- Itaka-Escolapios","isPartOf":{"@id":"https:\/\/www.itakaescolapios.org\/es\/#website"},"primaryImageOfPage":{"@id":"https:\/\/www.itakaescolapios.org\/fr\/2022\/06\/francais-cloture-de-lannee-academique-2021-2022-au-complexe-scolaire-bilingue-calasanz-de-bafia\/#primaryimage"},"image":{"@id":"https:\/\/www.itakaescolapios.org\/fr\/2022\/06\/francais-cloture-de-lannee-academique-2021-2022-au-complexe-scolaire-bilingue-calasanz-de-bafia\/#primaryimage"},"thumbnailUrl":"https:\/\/www.itakaescolapios.org\/wp-content\/uploads\/2022\/06\/IMG-20220610-WA0082.jpg","datePublished":"2022-06-10T10:02:34+00:00","dateModified":"2023-11-28T11:35:45+00:00","breadcrumb":{"@id":"https:\/\/www.itakaescolapios.org\/fr\/2022\/06\/francais-cloture-de-lannee-academique-2021-2022-au-complexe-scolaire-bilingue-calasanz-de-bafia\/#breadcrumb"},"inLanguage":"fr-FR","potentialAction":[{"@type":"ReadAction","target":["https:\/\/www.itakaescolapios.org\/fr\/2022\/06\/francais-cloture-de-lannee-academique-2021-2022-au-complexe-scolaire-bilingue-calasanz-de-bafia\/"]}]},{"@type":"ImageObject","inLanguage":"fr-FR","@id":"https:\/\/www.itakaescolapios.org\/fr\/2022\/06\/francais-cloture-de-lannee-academique-2021-2022-au-complexe-scolaire-bilingue-calasanz-de-bafia\/#primaryimage","url":"https:\/\/www.itakaescolapios.org\/wp-content\/uploads\/2022\/06\/IMG-20220610-WA0082.jpg","contentUrl":"https:\/\/www.itakaescolapios.org\/wp-content\/uploads\/2022\/06\/IMG-20220610-WA0082.jpg","width":1080,"height":486},{"@type":"BreadcrumbList","@id":"https:\/\/www.itakaescolapios.org\/fr\/2022\/06\/francais-cloture-de-lannee-academique-2021-2022-au-complexe-scolaire-bilingue-calasanz-de-bafia\/#breadcrumb","itemListElement":[{"@type":"ListItem","position":1,"name":"Itaka-Escolapios","item":"https:\/\/www.itakaescolapios.org\/es\/"},{"@type":"ListItem","position":2,"name":"CLOTURE DE L'ANNEE ACADEMIQUE 2021\/2022 AU COMPLEXE SCOLAIRE BILINGUE CALASANZ DE BAFIA"}]},{"@type":"WebSite","@id":"https:\/\/www.itakaescolapios.org\/fr\/es\/#website","url":"https:\/\/www.itakaescolapios.org\/fr\/es\/","name":"Itaka-Escolapios","description":"Red de Itaka-Escolapios","publisher":{"@id":"https:\/\/www.itakaescolapios.org\/fr\/es\/#organization"},"potentialAction":[{"@type":"SearchAction","target":{"@type":"EntryPoint","urlTemplate":"https:\/\/www.itakaescolapios.org\/fr\/es\/?s={search_term_string}"},"query-input":{"@type":"PropertyValueSpecification","valueRequired":true,"valueName":"search_term_string"}}],"inLanguage":"fr-FR"},{"@type":"Organization","@id":"https:\/\/www.itakaescolapios.org\/fr\/es\/#organization","name":"Fundaci\u00f3 Itaka-Escolapios","url":"https:\/\/www.itakaescolapios.org\/fr\/es\/","logo":{"@type":"ImageObject","inLanguage":"fr-FR","@id":"https:\/\/www.itakaescolapios.org\/fr\/es\/#\/schema\/logo\/image\/","url":"https:\/\/www.itakaescolapios.org\/wp-content\/uploads\/2024\/04\/Logo-itakaescolapios-peque.png","contentUrl":"https:\/\/www.itakaescolapios.org\/wp-content\/uploads\/2024\/04\/Logo-itakaescolapios-peque.png","width":500,"height":199,"caption":"Fundaci\u00f3 Itaka-Escolapios"},"image":{"@id":"https:\/\/www.itakaescolapios.org\/fr\/es\/#\/schema\/logo\/image\/"}},{"@type":"Person","@id":"https:\/\/www.itakaescolapios.org\/es\/#\/schema\/person\/d2844383e29bfdfef69039672ce14eb1","name":"cameroun01","url":"https:\/\/www.itakaescolapios.org\/fr\/author\/cameroun01\/"}]}},"_links":{"self":[{"href":"https:\/\/www.itakaescolapios.org\/fr\/wp-json\/wp\/v2\/posts\/36978","targetHints":{"allow":["GET"]}}],"collection":[{"href":"https:\/\/www.itakaescolapios.org\/fr\/wp-json\/wp\/v2\/posts"}],"about":[{"href":"https:\/\/www.itakaescolapios.org\/fr\/wp-json\/wp\/v2\/types\/post"}],"author":[{"embeddable":true,"href":"https:\/\/www.itakaescolapios.org\/fr\/wp-json\/wp\/v2\/users\/15"}],"replies":[{"embeddable":true,"href":"https:\/\/www.itakaescolapios.org\/fr\/wp-json\/wp\/v2\/comments?post=36978"}],"version-history":[{"count":3,"href":"https:\/\/www.itakaescolapios.org\/fr\/wp-json\/wp\/v2\/posts\/36978\/revisions"}],"predecessor-version":[{"id":43903,"href":"https:\/\/www.itakaescolapios.org\/fr\/wp-json\/wp\/v2\/posts\/36978\/revisions\/43903"}],"wp:featuredmedia":[{"embeddable":true,"href":"https:\/\/www.itakaescolapios.org\/fr\/wp-json\/wp\/v2\/media\/36983"}],"wp:attachment":[{"href":"https:\/\/www.itakaescolapios.org\/fr\/wp-json\/wp\/v2\/media?parent=36978"}],"wp:term":[{"taxonomy":"category","embeddable":true,"href":"https:\/\/www.itakaescolapios.org\/fr\/wp-json\/wp\/v2\/categories?post=36978"},{"taxonomy":"post_tag","embeddable":true,"href":"https:\/\/www.itakaescolapios.org\/fr\/wp-json\/wp\/v2\/tags?post=36978"}],"curies":[{"name":"wp","href":"https:\/\/api.w.org\/{rel}","templated":true}]}}