{"id":36987,"date":"2022-06-10T12:17:24","date_gmt":"2022-06-10T11:17:24","guid":{"rendered":"https:\/\/www.itakaescolapios.org\/?p=36987"},"modified":"2023-11-28T12:35:45","modified_gmt":"2023-11-28T11:35:45","slug":"francais-reunion-de-coordination-des-responsables-des-espaces-ministeriels-de-la-province-piariste-dafrique-centrale","status":"publish","type":"post","link":"https:\/\/www.itakaescolapios.org\/fr\/2022\/06\/francais-reunion-de-coordination-des-responsables-des-espaces-ministeriels-de-la-province-piariste-dafrique-centrale\/","title":{"rendered":"REUNION DE COORDINATION DES RESPONSABLES DES ESPACES MINISTERIELS DE LA PROVINCE PIARISTE D\u2019AFRIQUE CENTRALE"},"content":{"rendered":"<p>Ce vendredi 10 juin 2022 s\u2019est tenue en ligne, la r\u00e9union de coordination des responsables des espaces minist\u00e9riels de la Province Piariste d\u2019Afrique Centrale. A l\u2019ordre du jour, une Pri\u00e8re d\u2019ouverture faite par le P\u00e8re<strong> Marc, <\/strong>le mot de bienvenu du P\u00e8re<strong> Cl\u00e9ment, <\/strong>la presentation de chaque domaine <strong>(br\u00e8ve description et calendrier de juin \u00e0 ao\u00fbt):<\/strong><\/p>\n<ul>\n<li>Pr\u00e9sentation du Mouvement Calasanz par le P\u00e8re<strong> Leonard<\/strong><\/li>\n<li>Pr\u00e9sentation du Volontariat Piariste par le P\u00e8re<strong> Leonard<\/strong><\/li>\n<li>Pr\u00e9sentation du La\u00efcat\/Fraternit\u00e9 par le P\u00e8re<strong> Marc<\/strong><\/li>\n<li>Pr\u00e9sentation du R\u00e9seau des Paroisses par le P\u00e8re<strong> Godlove<\/strong><\/li>\n<li>Pr\u00e9sentation de l\u2019Ecole des Educateurs par le P\u00e8re<strong> Cl\u00e9ment<\/strong><\/li>\n<li>Pr\u00e9sentation de l\u2019Innovation P\u00e9dagogique par le P\u00e8re<strong> Cl\u00e9ment<\/strong><\/li>\n<li>Pr\u00e9sentation de l\u2019Education Non-formelle par le Fr\u00e8re<strong> Justin Bandin.<\/strong><\/li>\n<\/ul>\n<p>Dans la suite du de l\u2019ordre du jour nous notons les Echanges pour concr\u00e9tiser les activit\u00e9s des vacances, la Programmation et pr\u00e9paration de l\u2019ann\u00e9e 2022-2023 par les P\u00e8res <strong>Cl\u00e9ment et Leonarde <\/strong>, les Informations et divers puis la Pri\u00e8re finale par le P\u00e8re<strong> Godlove.<\/strong><\/p>\n<p><img decoding=\"async\" class=\"size-full wp-image-36988 aligncenter\" src=\"https:\/\/www.itakaescolapios.org\/wp-content\/uploads\/2022\/06\/IMG-20220610-WA0030.jpg\" alt=\"\" width=\"1080\" height=\"810\" srcset=\"https:\/\/www.itakaescolapios.org\/wp-content\/uploads\/2022\/06\/IMG-20220610-WA0030.jpg 1080w, https:\/\/www.itakaescolapios.org\/wp-content\/uploads\/2022\/06\/IMG-20220610-WA0030-300x225.jpg 300w, https:\/\/www.itakaescolapios.org\/wp-content\/uploads\/2022\/06\/IMG-20220610-WA0030-1024x768.jpg 1024w, https:\/\/www.itakaescolapios.org\/wp-content\/uploads\/2022\/06\/IMG-20220610-WA0030-768x576.jpg 768w, https:\/\/www.itakaescolapios.org\/wp-content\/uploads\/2022\/06\/IMG-20220610-WA0030-250x188.jpg 250w, https:\/\/www.itakaescolapios.org\/wp-content\/uploads\/2022\/06\/IMG-20220610-WA0030-510x382.jpg 510w\" sizes=\"(max-width: 1080px) 100vw, 1080px\" \/><\/p>\n<p><img decoding=\"async\" class=\"size-full wp-image-36989 aligncenter\" src=\"https:\/\/www.itakaescolapios.org\/wp-content\/uploads\/2022\/06\/IMG-20220610-WA0031.jpg\" alt=\"\" width=\"1080\" height=\"810\" srcset=\"https:\/\/www.itakaescolapios.org\/wp-content\/uploads\/2022\/06\/IMG-20220610-WA0031.jpg 1080w, https:\/\/www.itakaescolapios.org\/wp-content\/uploads\/2022\/06\/IMG-20220610-WA0031-300x225.jpg 300w, https:\/\/www.itakaescolapios.org\/wp-content\/uploads\/2022\/06\/IMG-20220610-WA0031-1024x768.jpg 1024w, https:\/\/www.itakaescolapios.org\/wp-content\/uploads\/2022\/06\/IMG-20220610-WA0031-768x576.jpg 768w, https:\/\/www.itakaescolapios.org\/wp-content\/uploads\/2022\/06\/IMG-20220610-WA0031-250x188.jpg 250w, https:\/\/www.itakaescolapios.org\/wp-content\/uploads\/2022\/06\/IMG-20220610-WA0031-510x382.jpg 510w\" sizes=\"(max-width: 1080px) 100vw, 1080px\" \/><\/p>\n","protected":false},"excerpt":{"rendered":"<p>Ce vendredi 10 juin 2022 s\u2019est tenue en ligne, la r\u00e9union de coordination des responsables des espaces minist\u00e9riels de la Province Piariste d\u2019Afrique Centrale. A l\u2019ordre du jour, une Pri\u00e8re [&hellip;]<\/p>\n","protected":false},"author":15,"featured_media":36990,"comment_status":"closed","ping_status":"closed","sticky":false,"template":"","format":"standard","meta":{"_et_pb_use_builder":"","_et_pb_old_content":"","_et_gb_content_width":"","footnotes":""},"categories":[53],"tags":[],"class_list":["post-36987","post","type-post","status-publish","format-standard","has-post-thumbnail","hentry","category-africa-central"],"yoast_head":"<!-- This site is optimized with the Yoast SEO plugin v27.4 - https:\/\/yoast.com\/product\/yoast-seo-wordpress\/ -->\n<title>REUNION DE COORDINATION DES RESPONSABLES DES ESPACES MINISTERIELS DE LA PROVINCE PIARISTE D\u2019AFRIQUE CENTRALE<\/title>\n<meta name=\"description\" content=\"Ce vendredi 10 juin 2022 s\u2019est tenue en ligne, la r\u00e9union de coordination des responsables des espaces minist\u00e9riels de la Province Piariste d\u2019Afrique Centrale. A l\u2019ordre du jour, une Pri\u00e8re d\u2019ouverture faite par le P\u00e8re Marc, le mot de bienvenu du P\u00e8re Cl\u00e9ment, la presentation de chaque domaine (br\u00e8ve description et calendrier de juin \u00e0\u2026\" \/>\n<meta name=\"robots\" content=\"index, follow, max-snippet:-1, max-image-preview:large, max-video-preview:-1\" \/>\n<link rel=\"canonical\" href=\"http:\/\/Ce%20vendredi%2010%20juin%202022%20s\u2019est%20tenue%20en%20ligne,%20la%20r\u00e9union%20de%20coordination%20des%20responsables%20des%20espaces%20minist\u00e9riels%20de%20la%20Province%20Piariste%20d\u2019Afrique%20Centrale.%20A%20l\u2019ordre%20du%20jour,%20une%20Pri\u00e8re%20d\u2019ouverture%20faite%20par%20le%20P\u00e8re%20Marc,%20le%20mot%20de%20bienvenu%20du%20P\u00e8re%20Cl\u00e9ment,%20la%20presentation%20de%20chaque%20domaine%20(br\u00e8ve%20description%20et%20calendrier%20de%20juin%20\u00e0\u2026\" \/>\n<meta property=\"og:locale\" content=\"fr_FR\" \/>\n<meta property=\"og:type\" content=\"article\" \/>\n<meta property=\"og:title\" content=\"REUNION DE COORDINATION DES RESPONSABLES DES ESPACES MINISTERIELS DE LA PROVINCE PIARISTE D\u2019AFRIQUE CENTRALE\" \/>\n<meta property=\"og:description\" content=\"Ce vendredi 10 juin 2022 s\u2019est tenue en ligne, la r\u00e9union de coordination des responsables des espaces minist\u00e9riels de la Province Piariste d\u2019Afrique Centrale. A l\u2019ordre du jour, une Pri\u00e8re d\u2019ouverture faite par le P\u00e8re Marc, le mot de bienvenu du P\u00e8re Cl\u00e9ment, la presentation de chaque domaine (br\u00e8ve description et calendrier de juin \u00e0\u2026\" \/>\n<meta property=\"og:url\" content=\"https:\/\/www.itakaescolapios.org\/fr\/2022\/06\/francais-reunion-de-coordination-des-responsables-des-espaces-ministeriels-de-la-province-piariste-dafrique-centrale\/\" \/>\n<meta property=\"og:site_name\" content=\"Itaka-Escolapios\" \/>\n<meta property=\"article:published_time\" content=\"2022-06-10T11:17:24+00:00\" \/>\n<meta property=\"article:modified_time\" content=\"2023-11-28T11:35:45+00:00\" \/>\n<meta property=\"og:image\" content=\"https:\/\/www.itakaescolapios.org\/wp-content\/uploads\/2022\/06\/IMG-20220610-WA0032.jpg\" \/>\n\t<meta property=\"og:image:width\" content=\"1080\" \/>\n\t<meta property=\"og:image:height\" content=\"810\" \/>\n\t<meta property=\"og:image:type\" content=\"image\/jpeg\" \/>\n<meta name=\"author\" content=\"cameroun01\" \/>\n<meta name=\"twitter:card\" content=\"summary_large_image\" \/>\n<meta name=\"twitter:label1\" content=\"\u00c9crit par\" \/>\n\t<meta name=\"twitter:data1\" content=\"cameroun01\" \/>\n\t<meta name=\"twitter:label2\" content=\"Dur\u00e9e de lecture estim\u00e9e\" \/>\n\t<meta name=\"twitter:data2\" content=\"1 minute\" \/>\n<script type=\"application\/ld+json\" class=\"yoast-schema-graph\">{\"@context\":\"https:\\\/\\\/schema.org\",\"@graph\":[{\"@type\":\"Article\",\"@id\":\"https:\\\/\\\/www.itakaescolapios.org\\\/fr\\\/2022\\\/06\\\/francais-reunion-de-coordination-des-responsables-des-espaces-ministeriels-de-la-province-piariste-dafrique-centrale\\\/#article\",\"isPartOf\":{\"@id\":\"https:\\\/\\\/www.itakaescolapios.org\\\/fr\\\/2022\\\/06\\\/francais-reunion-de-coordination-des-responsables-des-espaces-ministeriels-de-la-province-piariste-dafrique-centrale\\\/\"},\"author\":{\"name\":\"cameroun01\",\"@id\":\"https:\\\/\\\/www.itakaescolapios.org\\\/es\\\/#\\\/schema\\\/person\\\/d2844383e29bfdfef69039672ce14eb1\"},\"headline\":\"REUNION DE COORDINATION DES RESPONSABLES DES ESPACES MINISTERIELS DE LA PROVINCE PIARISTE D\u2019AFRIQUE CENTRALE\",\"datePublished\":\"2022-06-10T11:17:24+00:00\",\"dateModified\":\"2023-11-28T11:35:45+00:00\",\"mainEntityOfPage\":{\"@id\":\"https:\\\/\\\/www.itakaescolapios.org\\\/fr\\\/2022\\\/06\\\/francais-reunion-de-coordination-des-responsables-des-espaces-ministeriels-de-la-province-piariste-dafrique-centrale\\\/\"},\"wordCount\":200,\"publisher\":{\"@id\":\"https:\\\/\\\/www.itakaescolapios.org\\\/es\\\/#organization\"},\"image\":{\"@id\":\"https:\\\/\\\/www.itakaescolapios.org\\\/fr\\\/2022\\\/06\\\/francais-reunion-de-coordination-des-responsables-des-espaces-ministeriels-de-la-province-piariste-dafrique-centrale\\\/#primaryimage\"},\"thumbnailUrl\":\"https:\\\/\\\/www.itakaescolapios.org\\\/wp-content\\\/uploads\\\/2022\\\/06\\\/IMG-20220610-WA0032.jpg\",\"articleSection\":[\"Afrique centrale\"],\"inLanguage\":\"fr-FR\"},{\"@type\":\"WebPage\",\"@id\":\"https:\\\/\\\/www.itakaescolapios.org\\\/fr\\\/2022\\\/06\\\/francais-reunion-de-coordination-des-responsables-des-espaces-ministeriels-de-la-province-piariste-dafrique-centrale\\\/\",\"url\":\"https:\\\/\\\/www.itakaescolapios.org\\\/fr\\\/2022\\\/06\\\/francais-reunion-de-coordination-des-responsables-des-espaces-ministeriels-de-la-province-piariste-dafrique-centrale\\\/\",\"name\":\"- Itaka-Escolapios\",\"isPartOf\":{\"@id\":\"https:\\\/\\\/www.itakaescolapios.org\\\/es\\\/#website\"},\"primaryImageOfPage\":{\"@id\":\"https:\\\/\\\/www.itakaescolapios.org\\\/fr\\\/2022\\\/06\\\/francais-reunion-de-coordination-des-responsables-des-espaces-ministeriels-de-la-province-piariste-dafrique-centrale\\\/#primaryimage\"},\"image\":{\"@id\":\"https:\\\/\\\/www.itakaescolapios.org\\\/fr\\\/2022\\\/06\\\/francais-reunion-de-coordination-des-responsables-des-espaces-ministeriels-de-la-province-piariste-dafrique-centrale\\\/#primaryimage\"},\"thumbnailUrl\":\"https:\\\/\\\/www.itakaescolapios.org\\\/wp-content\\\/uploads\\\/2022\\\/06\\\/IMG-20220610-WA0032.jpg\",\"datePublished\":\"2022-06-10T11:17:24+00:00\",\"dateModified\":\"2023-11-28T11:35:45+00:00\",\"breadcrumb\":{\"@id\":\"https:\\\/\\\/www.itakaescolapios.org\\\/fr\\\/2022\\\/06\\\/francais-reunion-de-coordination-des-responsables-des-espaces-ministeriels-de-la-province-piariste-dafrique-centrale\\\/#breadcrumb\"},\"inLanguage\":\"fr-FR\",\"potentialAction\":[{\"@type\":\"ReadAction\",\"target\":[\"https:\\\/\\\/www.itakaescolapios.org\\\/fr\\\/2022\\\/06\\\/francais-reunion-de-coordination-des-responsables-des-espaces-ministeriels-de-la-province-piariste-dafrique-centrale\\\/\"]}]},{\"@type\":\"ImageObject\",\"inLanguage\":\"fr-FR\",\"@id\":\"https:\\\/\\\/www.itakaescolapios.org\\\/fr\\\/2022\\\/06\\\/francais-reunion-de-coordination-des-responsables-des-espaces-ministeriels-de-la-province-piariste-dafrique-centrale\\\/#primaryimage\",\"url\":\"https:\\\/\\\/www.itakaescolapios.org\\\/wp-content\\\/uploads\\\/2022\\\/06\\\/IMG-20220610-WA0032.jpg\",\"contentUrl\":\"https:\\\/\\\/www.itakaescolapios.org\\\/wp-content\\\/uploads\\\/2022\\\/06\\\/IMG-20220610-WA0032.jpg\",\"width\":1080,\"height\":810},{\"@type\":\"BreadcrumbList\",\"@id\":\"https:\\\/\\\/www.itakaescolapios.org\\\/fr\\\/2022\\\/06\\\/francais-reunion-de-coordination-des-responsables-des-espaces-ministeriels-de-la-province-piariste-dafrique-centrale\\\/#breadcrumb\",\"itemListElement\":[{\"@type\":\"ListItem\",\"position\":1,\"name\":\"Itaka-Escolapios\",\"item\":\"https:\\\/\\\/www.itakaescolapios.org\\\/es\\\/\"},{\"@type\":\"ListItem\",\"position\":2,\"name\":\"REUNION DE COORDINATION DES RESPONSABLES DES ESPACES MINISTERIELS DE LA PROVINCE PIARISTE D\u2019AFRIQUE CENTRALE\"}]},{\"@type\":\"WebSite\",\"@id\":\"https:\\\/\\\/www.itakaescolapios.org\\\/fr\\\/es\\\/#website\",\"url\":\"https:\\\/\\\/www.itakaescolapios.org\\\/fr\\\/es\\\/\",\"name\":\"Itaka-Escolapios\",\"description\":\"Red de Itaka-Escolapios\",\"publisher\":{\"@id\":\"https:\\\/\\\/www.itakaescolapios.org\\\/fr\\\/es\\\/#organization\"},\"potentialAction\":[{\"@type\":\"SearchAction\",\"target\":{\"@type\":\"EntryPoint\",\"urlTemplate\":\"https:\\\/\\\/www.itakaescolapios.org\\\/fr\\\/es\\\/?s={search_term_string}\"},\"query-input\":{\"@type\":\"PropertyValueSpecification\",\"valueRequired\":true,\"valueName\":\"search_term_string\"}}],\"inLanguage\":\"fr-FR\"},{\"@type\":\"Organization\",\"@id\":\"https:\\\/\\\/www.itakaescolapios.org\\\/fr\\\/es\\\/#organization\",\"name\":\"Fundaci\u00f3 Itaka-Escolapios\",\"url\":\"https:\\\/\\\/www.itakaescolapios.org\\\/fr\\\/es\\\/\",\"logo\":{\"@type\":\"ImageObject\",\"inLanguage\":\"fr-FR\",\"@id\":\"https:\\\/\\\/www.itakaescolapios.org\\\/fr\\\/es\\\/#\\\/schema\\\/logo\\\/image\\\/\",\"url\":\"https:\\\/\\\/www.itakaescolapios.org\\\/wp-content\\\/uploads\\\/2024\\\/04\\\/Logo-itakaescolapios-peque.png\",\"contentUrl\":\"https:\\\/\\\/www.itakaescolapios.org\\\/wp-content\\\/uploads\\\/2024\\\/04\\\/Logo-itakaescolapios-peque.png\",\"width\":500,\"height\":199,\"caption\":\"Fundaci\u00f3 Itaka-Escolapios\"},\"image\":{\"@id\":\"https:\\\/\\\/www.itakaescolapios.org\\\/fr\\\/es\\\/#\\\/schema\\\/logo\\\/image\\\/\"}},{\"@type\":\"Person\",\"@id\":\"https:\\\/\\\/www.itakaescolapios.org\\\/es\\\/#\\\/schema\\\/person\\\/d2844383e29bfdfef69039672ce14eb1\",\"name\":\"cameroun01\",\"url\":\"https:\\\/\\\/www.itakaescolapios.org\\\/fr\\\/author\\\/cameroun01\\\/\"}]}<\/script>\n<!-- \/ Yoast SEO plugin. -->","yoast_head_json":{"title":"REUNION DE COORDINATION DES RESPONSABLES DES ESPACES MINISTERIELS DE LA PROVINCE PIARISTE D\u2019AFRIQUE CENTRALE","description":"Ce vendredi 10 juin 2022 s\u2019est tenue en ligne, la r\u00e9union de coordination des responsables des espaces minist\u00e9riels de la Province Piariste d\u2019Afrique Centrale. A l\u2019ordre du jour, une Pri\u00e8re d\u2019ouverture faite par le P\u00e8re Marc, le mot de bienvenu du P\u00e8re Cl\u00e9ment, la presentation de chaque domaine (br\u00e8ve description et calendrier de juin \u00e0\u2026","robots":{"index":"index","follow":"follow","max-snippet":"max-snippet:-1","max-image-preview":"max-image-preview:large","max-video-preview":"max-video-preview:-1"},"canonical":"Ce vendredi 10 juin 2022 s\u2019est tenue en ligne, la r\u00e9union de coordination des responsables des espaces minist\u00e9riels de la Province Piariste d\u2019Afrique Centrale. A l\u2019ordre du jour, une Pri\u00e8re d\u2019ouverture faite par le P\u00e8re Marc, le mot de bienvenu du P\u00e8re Cl\u00e9ment, la presentation de chaque domaine (br\u00e8ve description et calendrier de juin \u00e0\u2026","og_locale":"fr_FR","og_type":"article","og_title":"REUNION DE COORDINATION DES RESPONSABLES DES ESPACES MINISTERIELS DE LA PROVINCE PIARISTE D\u2019AFRIQUE CENTRALE","og_description":"Ce vendredi 10 juin 2022 s\u2019est tenue en ligne, la r\u00e9union de coordination des responsables des espaces minist\u00e9riels de la Province Piariste d\u2019Afrique Centrale. A l\u2019ordre du jour, une Pri\u00e8re d\u2019ouverture faite par le P\u00e8re Marc, le mot de bienvenu du P\u00e8re Cl\u00e9ment, la presentation de chaque domaine (br\u00e8ve description et calendrier de juin \u00e0\u2026","og_url":"https:\/\/www.itakaescolapios.org\/fr\/2022\/06\/francais-reunion-de-coordination-des-responsables-des-espaces-ministeriels-de-la-province-piariste-dafrique-centrale\/","og_site_name":"Itaka-Escolapios","article_published_time":"2022-06-10T11:17:24+00:00","article_modified_time":"2023-11-28T11:35:45+00:00","og_image":[{"width":1080,"height":810,"url":"https:\/\/www.itakaescolapios.org\/wp-content\/uploads\/2022\/06\/IMG-20220610-WA0032.jpg","type":"image\/jpeg"}],"author":"cameroun01","twitter_card":"summary_large_image","twitter_misc":{"\u00c9crit par":"cameroun01","Dur\u00e9e de lecture estim\u00e9e":"1 minute"},"schema":{"@context":"https:\/\/schema.org","@graph":[{"@type":"Article","@id":"https:\/\/www.itakaescolapios.org\/fr\/2022\/06\/francais-reunion-de-coordination-des-responsables-des-espaces-ministeriels-de-la-province-piariste-dafrique-centrale\/#article","isPartOf":{"@id":"https:\/\/www.itakaescolapios.org\/fr\/2022\/06\/francais-reunion-de-coordination-des-responsables-des-espaces-ministeriels-de-la-province-piariste-dafrique-centrale\/"},"author":{"name":"cameroun01","@id":"https:\/\/www.itakaescolapios.org\/es\/#\/schema\/person\/d2844383e29bfdfef69039672ce14eb1"},"headline":"REUNION DE COORDINATION DES RESPONSABLES DES ESPACES MINISTERIELS DE LA PROVINCE PIARISTE D\u2019AFRIQUE CENTRALE","datePublished":"2022-06-10T11:17:24+00:00","dateModified":"2023-11-28T11:35:45+00:00","mainEntityOfPage":{"@id":"https:\/\/www.itakaescolapios.org\/fr\/2022\/06\/francais-reunion-de-coordination-des-responsables-des-espaces-ministeriels-de-la-province-piariste-dafrique-centrale\/"},"wordCount":200,"publisher":{"@id":"https:\/\/www.itakaescolapios.org\/es\/#organization"},"image":{"@id":"https:\/\/www.itakaescolapios.org\/fr\/2022\/06\/francais-reunion-de-coordination-des-responsables-des-espaces-ministeriels-de-la-province-piariste-dafrique-centrale\/#primaryimage"},"thumbnailUrl":"https:\/\/www.itakaescolapios.org\/wp-content\/uploads\/2022\/06\/IMG-20220610-WA0032.jpg","articleSection":["Afrique centrale"],"inLanguage":"fr-FR"},{"@type":"WebPage","@id":"https:\/\/www.itakaescolapios.org\/fr\/2022\/06\/francais-reunion-de-coordination-des-responsables-des-espaces-ministeriels-de-la-province-piariste-dafrique-centrale\/","url":"https:\/\/www.itakaescolapios.org\/fr\/2022\/06\/francais-reunion-de-coordination-des-responsables-des-espaces-ministeriels-de-la-province-piariste-dafrique-centrale\/","name":"- Itaka-Escolapios","isPartOf":{"@id":"https:\/\/www.itakaescolapios.org\/es\/#website"},"primaryImageOfPage":{"@id":"https:\/\/www.itakaescolapios.org\/fr\/2022\/06\/francais-reunion-de-coordination-des-responsables-des-espaces-ministeriels-de-la-province-piariste-dafrique-centrale\/#primaryimage"},"image":{"@id":"https:\/\/www.itakaescolapios.org\/fr\/2022\/06\/francais-reunion-de-coordination-des-responsables-des-espaces-ministeriels-de-la-province-piariste-dafrique-centrale\/#primaryimage"},"thumbnailUrl":"https:\/\/www.itakaescolapios.org\/wp-content\/uploads\/2022\/06\/IMG-20220610-WA0032.jpg","datePublished":"2022-06-10T11:17:24+00:00","dateModified":"2023-11-28T11:35:45+00:00","breadcrumb":{"@id":"https:\/\/www.itakaescolapios.org\/fr\/2022\/06\/francais-reunion-de-coordination-des-responsables-des-espaces-ministeriels-de-la-province-piariste-dafrique-centrale\/#breadcrumb"},"inLanguage":"fr-FR","potentialAction":[{"@type":"ReadAction","target":["https:\/\/www.itakaescolapios.org\/fr\/2022\/06\/francais-reunion-de-coordination-des-responsables-des-espaces-ministeriels-de-la-province-piariste-dafrique-centrale\/"]}]},{"@type":"ImageObject","inLanguage":"fr-FR","@id":"https:\/\/www.itakaescolapios.org\/fr\/2022\/06\/francais-reunion-de-coordination-des-responsables-des-espaces-ministeriels-de-la-province-piariste-dafrique-centrale\/#primaryimage","url":"https:\/\/www.itakaescolapios.org\/wp-content\/uploads\/2022\/06\/IMG-20220610-WA0032.jpg","contentUrl":"https:\/\/www.itakaescolapios.org\/wp-content\/uploads\/2022\/06\/IMG-20220610-WA0032.jpg","width":1080,"height":810},{"@type":"BreadcrumbList","@id":"https:\/\/www.itakaescolapios.org\/fr\/2022\/06\/francais-reunion-de-coordination-des-responsables-des-espaces-ministeriels-de-la-province-piariste-dafrique-centrale\/#breadcrumb","itemListElement":[{"@type":"ListItem","position":1,"name":"Itaka-Escolapios","item":"https:\/\/www.itakaescolapios.org\/es\/"},{"@type":"ListItem","position":2,"name":"REUNION DE COORDINATION DES RESPONSABLES DES ESPACES MINISTERIELS DE LA PROVINCE PIARISTE D\u2019AFRIQUE CENTRALE"}]},{"@type":"WebSite","@id":"https:\/\/www.itakaescolapios.org\/fr\/es\/#website","url":"https:\/\/www.itakaescolapios.org\/fr\/es\/","name":"Itaka-Escolapios","description":"Red de Itaka-Escolapios","publisher":{"@id":"https:\/\/www.itakaescolapios.org\/fr\/es\/#organization"},"potentialAction":[{"@type":"SearchAction","target":{"@type":"EntryPoint","urlTemplate":"https:\/\/www.itakaescolapios.org\/fr\/es\/?s={search_term_string}"},"query-input":{"@type":"PropertyValueSpecification","valueRequired":true,"valueName":"search_term_string"}}],"inLanguage":"fr-FR"},{"@type":"Organization","@id":"https:\/\/www.itakaescolapios.org\/fr\/es\/#organization","name":"Fundaci\u00f3 Itaka-Escolapios","url":"https:\/\/www.itakaescolapios.org\/fr\/es\/","logo":{"@type":"ImageObject","inLanguage":"fr-FR","@id":"https:\/\/www.itakaescolapios.org\/fr\/es\/#\/schema\/logo\/image\/","url":"https:\/\/www.itakaescolapios.org\/wp-content\/uploads\/2024\/04\/Logo-itakaescolapios-peque.png","contentUrl":"https:\/\/www.itakaescolapios.org\/wp-content\/uploads\/2024\/04\/Logo-itakaescolapios-peque.png","width":500,"height":199,"caption":"Fundaci\u00f3 Itaka-Escolapios"},"image":{"@id":"https:\/\/www.itakaescolapios.org\/fr\/es\/#\/schema\/logo\/image\/"}},{"@type":"Person","@id":"https:\/\/www.itakaescolapios.org\/es\/#\/schema\/person\/d2844383e29bfdfef69039672ce14eb1","name":"cameroun01","url":"https:\/\/www.itakaescolapios.org\/fr\/author\/cameroun01\/"}]}},"_links":{"self":[{"href":"https:\/\/www.itakaescolapios.org\/fr\/wp-json\/wp\/v2\/posts\/36987","targetHints":{"allow":["GET"]}}],"collection":[{"href":"https:\/\/www.itakaescolapios.org\/fr\/wp-json\/wp\/v2\/posts"}],"about":[{"href":"https:\/\/www.itakaescolapios.org\/fr\/wp-json\/wp\/v2\/types\/post"}],"author":[{"embeddable":true,"href":"https:\/\/www.itakaescolapios.org\/fr\/wp-json\/wp\/v2\/users\/15"}],"replies":[{"embeddable":true,"href":"https:\/\/www.itakaescolapios.org\/fr\/wp-json\/wp\/v2\/comments?post=36987"}],"version-history":[{"count":2,"href":"https:\/\/www.itakaescolapios.org\/fr\/wp-json\/wp\/v2\/posts\/36987\/revisions"}],"predecessor-version":[{"id":43902,"href":"https:\/\/www.itakaescolapios.org\/fr\/wp-json\/wp\/v2\/posts\/36987\/revisions\/43902"}],"wp:featuredmedia":[{"embeddable":true,"href":"https:\/\/www.itakaescolapios.org\/fr\/wp-json\/wp\/v2\/media\/36990"}],"wp:attachment":[{"href":"https:\/\/www.itakaescolapios.org\/fr\/wp-json\/wp\/v2\/media?parent=36987"}],"wp:term":[{"taxonomy":"category","embeddable":true,"href":"https:\/\/www.itakaescolapios.org\/fr\/wp-json\/wp\/v2\/categories?post=36987"},{"taxonomy":"post_tag","embeddable":true,"href":"https:\/\/www.itakaescolapios.org\/fr\/wp-json\/wp\/v2\/tags?post=36987"}],"curies":[{"name":"wp","href":"https:\/\/api.w.org\/{rel}","templated":true}]}}