{"id":37052,"date":"2022-06-16T10:02:39","date_gmt":"2022-06-16T09:02:39","guid":{"rendered":"https:\/\/www.itakaescolapios.org\/?p=37052"},"modified":"2023-11-28T12:35:44","modified_gmt":"2023-11-28T11:35:44","slug":"francais-formation-du-personnel-du-camp-de-vacance-au-complexe-scolaire-calasanz-de-malibe-gabon","status":"publish","type":"post","link":"https:\/\/www.itakaescolapios.org\/fr\/2022\/06\/francais-formation-du-personnel-du-camp-de-vacance-au-complexe-scolaire-calasanz-de-malibe-gabon\/","title":{"rendered":"FORMATION DU PERSONNEL DU CAMP DE VACANCE AU COMPLEXE SCOLAIRE CALASANZ DE MALIBE (Gabon)"},"content":{"rendered":"<p>Hier mercredi 15 juin 2022 a eu lieu la Formation du personnel du Camp de vacance au complexe scolaire Calasanz de malibe. A l\u2019ordre du jour nous notons l\u2019animation par les diff\u00e9rents participants, la pri\u00e8re d\u2019ouverture, l\u2019Organigramme du Camp (directeur, adjoints p\u00e9dagogiques, \u00e9conome, adjoint sanitaire, moniteurs), la formation portant sur le r\u00f4le et les objectifs de chaque personnel du Camp, la Pr\u00e9sentation de la fiche d&rsquo;atelier et pratique de chaque atelier, la S\u00e9curit\u00e9\u00a0 du camp, les Divers, l\u2019Animation puis la Pri\u00e8re finale. Tout s\u2019est d\u00e9roul\u00e9 comme pr\u00e9vu et les volontaires se sont pr\u00e9sent\u00e9s pour la formation. Rendez-vous au camp des vacances afin de mettre en pratique cette formation.<\/p>\n<p><img decoding=\"async\" class=\"size-full wp-image-37054 aligncenter\" src=\"https:\/\/www.itakaescolapios.org\/wp-content\/uploads\/2022\/06\/WhatsApp-Image-2022-06-15-at-13.26.24.jpeg\" alt=\"\" width=\"1080\" height=\"810\" srcset=\"https:\/\/www.itakaescolapios.org\/wp-content\/uploads\/2022\/06\/WhatsApp-Image-2022-06-15-at-13.26.24.jpeg 1080w, https:\/\/www.itakaescolapios.org\/wp-content\/uploads\/2022\/06\/WhatsApp-Image-2022-06-15-at-13.26.24-300x225.jpeg 300w, https:\/\/www.itakaescolapios.org\/wp-content\/uploads\/2022\/06\/WhatsApp-Image-2022-06-15-at-13.26.24-1024x768.jpeg 1024w, https:\/\/www.itakaescolapios.org\/wp-content\/uploads\/2022\/06\/WhatsApp-Image-2022-06-15-at-13.26.24-768x576.jpeg 768w, https:\/\/www.itakaescolapios.org\/wp-content\/uploads\/2022\/06\/WhatsApp-Image-2022-06-15-at-13.26.24-250x188.jpeg 250w, https:\/\/www.itakaescolapios.org\/wp-content\/uploads\/2022\/06\/WhatsApp-Image-2022-06-15-at-13.26.24-510x382.jpeg 510w\" sizes=\"(max-width: 1080px) 100vw, 1080px\" \/><\/p>\n<p><img decoding=\"async\" class=\"size-full wp-image-37055 aligncenter\" src=\"https:\/\/www.itakaescolapios.org\/wp-content\/uploads\/2022\/06\/WhatsApp-Image-2022-06-15-at-13.27.21.jpeg\" alt=\"\" width=\"1080\" height=\"810\" srcset=\"https:\/\/www.itakaescolapios.org\/wp-content\/uploads\/2022\/06\/WhatsApp-Image-2022-06-15-at-13.27.21.jpeg 1080w, https:\/\/www.itakaescolapios.org\/wp-content\/uploads\/2022\/06\/WhatsApp-Image-2022-06-15-at-13.27.21-300x225.jpeg 300w, https:\/\/www.itakaescolapios.org\/wp-content\/uploads\/2022\/06\/WhatsApp-Image-2022-06-15-at-13.27.21-1024x768.jpeg 1024w, https:\/\/www.itakaescolapios.org\/wp-content\/uploads\/2022\/06\/WhatsApp-Image-2022-06-15-at-13.27.21-768x576.jpeg 768w, https:\/\/www.itakaescolapios.org\/wp-content\/uploads\/2022\/06\/WhatsApp-Image-2022-06-15-at-13.27.21-250x188.jpeg 250w, https:\/\/www.itakaescolapios.org\/wp-content\/uploads\/2022\/06\/WhatsApp-Image-2022-06-15-at-13.27.21-510x382.jpeg 510w\" sizes=\"(max-width: 1080px) 100vw, 1080px\" \/><\/p>\n","protected":false},"excerpt":{"rendered":"<p>Hier mercredi 15 juin 2022 a eu lieu la Formation du personnel du Camp de vacance au complexe scolaire Calasanz de malibe. A l\u2019ordre du jour nous notons l\u2019animation par [&hellip;]<\/p>\n","protected":false},"author":15,"featured_media":37053,"comment_status":"closed","ping_status":"closed","sticky":false,"template":"","format":"standard","meta":{"_et_pb_use_builder":"","_et_pb_old_content":"","_et_gb_content_width":"","footnotes":""},"categories":[53,285],"tags":[],"class_list":["post-37052","post","type-post","status-publish","format-standard","has-post-thumbnail","hentry","category-africa-central","category-gabon"],"yoast_head":"<!-- This site is optimized with the Yoast SEO plugin v27.4 - https:\/\/yoast.com\/product\/yoast-seo-wordpress\/ -->\n<title>FORMATION DU PERSONNEL DU CAMP DE VACANCE AU COMPLEXE SCOLAIRE CALASANZ DE MALIBE (Gabon)<\/title>\n<meta name=\"description\" content=\"Hier mercredi 15 juin 2022 a eu lieu la Formation du personnel du Camp de vacance au complexe scolaire Calasanz de malibe. A l\u2019ordre du jour nous notons l\u2019animation par les diff\u00e9rents participants, la pri\u00e8re d\u2019ouverture, l\u2019Organigramme du Camp (directeur, adjoints p\u00e9dagogiques, \u00e9conome, adjoint sanitaire, moniteurs), la formation portant sur le r\u00f4le et les objectifs\u2026\" \/>\n<meta name=\"robots\" content=\"index, follow, max-snippet:-1, max-image-preview:large, max-video-preview:-1\" \/>\n<link rel=\"canonical\" href=\"http:\/\/Hier%20mercredi%2015%20juin%202022%20a%20eu%20lieu%20la%20Formation%20du%20personnel%20du%20Camp%20de%20vacance%20au%20complexe%20scolaire%20Calasanz%20de%20malibe.%20A%20l\u2019ordre%20du%20jour%20nous%20notons%20l\u2019animation%20par%20les%20diff\u00e9rents%20participants,%20la%20pri\u00e8re%20d\u2019ouverture,%20l\u2019Organigramme%20du%20Camp%20(directeur,%20adjoints%20p\u00e9dagogiques,%20\u00e9conome,%20adjoint%20sanitaire,%20moniteurs),%20la%20formation%20portant%20sur%20le%20r\u00f4le%20et%20les%20objectifs\u2026\" \/>\n<meta property=\"og:locale\" content=\"fr_FR\" \/>\n<meta property=\"og:type\" content=\"article\" \/>\n<meta property=\"og:title\" content=\"FORMATION DU PERSONNEL DU CAMP DE VACANCE AU COMPLEXE SCOLAIRE CALASANZ DE MALIBE (Gabon)\" \/>\n<meta property=\"og:description\" content=\"Hier mercredi 15 juin 2022 a eu lieu la Formation du personnel du Camp de vacance au complexe scolaire Calasanz de malibe. A l\u2019ordre du jour nous notons l\u2019animation par les diff\u00e9rents participants, la pri\u00e8re d\u2019ouverture, l\u2019Organigramme du Camp (directeur, adjoints p\u00e9dagogiques, \u00e9conome, adjoint sanitaire, moniteurs), la formation portant sur le r\u00f4le et les objectifs\u2026\" \/>\n<meta property=\"og:url\" content=\"https:\/\/www.itakaescolapios.org\/fr\/2022\/06\/francais-formation-du-personnel-du-camp-de-vacance-au-complexe-scolaire-calasanz-de-malibe-gabon\/\" \/>\n<meta property=\"og:site_name\" content=\"Itaka-Escolapios\" \/>\n<meta property=\"article:published_time\" content=\"2022-06-16T09:02:39+00:00\" \/>\n<meta property=\"article:modified_time\" content=\"2023-11-28T11:35:44+00:00\" \/>\n<meta property=\"og:image\" content=\"https:\/\/www.itakaescolapios.org\/wp-content\/uploads\/2022\/06\/WhatsApp-Image-2022-06-15-at-13.27.00.jpeg\" \/>\n\t<meta property=\"og:image:width\" content=\"1080\" \/>\n\t<meta property=\"og:image:height\" content=\"810\" \/>\n\t<meta property=\"og:image:type\" content=\"image\/jpeg\" \/>\n<meta name=\"author\" content=\"cameroun01\" \/>\n<meta name=\"twitter:card\" content=\"summary_large_image\" \/>\n<meta name=\"twitter:label1\" content=\"\u00c9crit par\" \/>\n\t<meta name=\"twitter:data1\" content=\"cameroun01\" \/>\n\t<meta name=\"twitter:label2\" content=\"Dur\u00e9e de lecture estim\u00e9e\" \/>\n\t<meta name=\"twitter:data2\" content=\"1 minute\" \/>\n<script type=\"application\/ld+json\" class=\"yoast-schema-graph\">{\"@context\":\"https:\\\/\\\/schema.org\",\"@graph\":[{\"@type\":\"Article\",\"@id\":\"https:\\\/\\\/www.itakaescolapios.org\\\/fr\\\/2022\\\/06\\\/francais-formation-du-personnel-du-camp-de-vacance-au-complexe-scolaire-calasanz-de-malibe-gabon\\\/#article\",\"isPartOf\":{\"@id\":\"https:\\\/\\\/www.itakaescolapios.org\\\/fr\\\/2022\\\/06\\\/francais-formation-du-personnel-du-camp-de-vacance-au-complexe-scolaire-calasanz-de-malibe-gabon\\\/\"},\"author\":{\"name\":\"cameroun01\",\"@id\":\"https:\\\/\\\/www.itakaescolapios.org\\\/es\\\/#\\\/schema\\\/person\\\/d2844383e29bfdfef69039672ce14eb1\"},\"headline\":\"FORMATION DU PERSONNEL DU CAMP DE VACANCE AU COMPLEXE SCOLAIRE CALASANZ DE MALIBE (Gabon)\",\"datePublished\":\"2022-06-16T09:02:39+00:00\",\"dateModified\":\"2023-11-28T11:35:44+00:00\",\"mainEntityOfPage\":{\"@id\":\"https:\\\/\\\/www.itakaescolapios.org\\\/fr\\\/2022\\\/06\\\/francais-formation-du-personnel-du-camp-de-vacance-au-complexe-scolaire-calasanz-de-malibe-gabon\\\/\"},\"wordCount\":125,\"publisher\":{\"@id\":\"https:\\\/\\\/www.itakaescolapios.org\\\/es\\\/#organization\"},\"image\":{\"@id\":\"https:\\\/\\\/www.itakaescolapios.org\\\/fr\\\/2022\\\/06\\\/francais-formation-du-personnel-du-camp-de-vacance-au-complexe-scolaire-calasanz-de-malibe-gabon\\\/#primaryimage\"},\"thumbnailUrl\":\"https:\\\/\\\/www.itakaescolapios.org\\\/wp-content\\\/uploads\\\/2022\\\/06\\\/WhatsApp-Image-2022-06-15-at-13.27.00.jpeg\",\"articleSection\":[\"Afrique centrale\",\"Gab\u00f3n\"],\"inLanguage\":\"fr-FR\"},{\"@type\":\"WebPage\",\"@id\":\"https:\\\/\\\/www.itakaescolapios.org\\\/fr\\\/2022\\\/06\\\/francais-formation-du-personnel-du-camp-de-vacance-au-complexe-scolaire-calasanz-de-malibe-gabon\\\/\",\"url\":\"https:\\\/\\\/www.itakaescolapios.org\\\/fr\\\/2022\\\/06\\\/francais-formation-du-personnel-du-camp-de-vacance-au-complexe-scolaire-calasanz-de-malibe-gabon\\\/\",\"name\":\"- Itaka-Escolapios\",\"isPartOf\":{\"@id\":\"https:\\\/\\\/www.itakaescolapios.org\\\/es\\\/#website\"},\"primaryImageOfPage\":{\"@id\":\"https:\\\/\\\/www.itakaescolapios.org\\\/fr\\\/2022\\\/06\\\/francais-formation-du-personnel-du-camp-de-vacance-au-complexe-scolaire-calasanz-de-malibe-gabon\\\/#primaryimage\"},\"image\":{\"@id\":\"https:\\\/\\\/www.itakaescolapios.org\\\/fr\\\/2022\\\/06\\\/francais-formation-du-personnel-du-camp-de-vacance-au-complexe-scolaire-calasanz-de-malibe-gabon\\\/#primaryimage\"},\"thumbnailUrl\":\"https:\\\/\\\/www.itakaescolapios.org\\\/wp-content\\\/uploads\\\/2022\\\/06\\\/WhatsApp-Image-2022-06-15-at-13.27.00.jpeg\",\"datePublished\":\"2022-06-16T09:02:39+00:00\",\"dateModified\":\"2023-11-28T11:35:44+00:00\",\"breadcrumb\":{\"@id\":\"https:\\\/\\\/www.itakaescolapios.org\\\/fr\\\/2022\\\/06\\\/francais-formation-du-personnel-du-camp-de-vacance-au-complexe-scolaire-calasanz-de-malibe-gabon\\\/#breadcrumb\"},\"inLanguage\":\"fr-FR\",\"potentialAction\":[{\"@type\":\"ReadAction\",\"target\":[\"https:\\\/\\\/www.itakaescolapios.org\\\/fr\\\/2022\\\/06\\\/francais-formation-du-personnel-du-camp-de-vacance-au-complexe-scolaire-calasanz-de-malibe-gabon\\\/\"]}]},{\"@type\":\"ImageObject\",\"inLanguage\":\"fr-FR\",\"@id\":\"https:\\\/\\\/www.itakaescolapios.org\\\/fr\\\/2022\\\/06\\\/francais-formation-du-personnel-du-camp-de-vacance-au-complexe-scolaire-calasanz-de-malibe-gabon\\\/#primaryimage\",\"url\":\"https:\\\/\\\/www.itakaescolapios.org\\\/wp-content\\\/uploads\\\/2022\\\/06\\\/WhatsApp-Image-2022-06-15-at-13.27.00.jpeg\",\"contentUrl\":\"https:\\\/\\\/www.itakaescolapios.org\\\/wp-content\\\/uploads\\\/2022\\\/06\\\/WhatsApp-Image-2022-06-15-at-13.27.00.jpeg\",\"width\":1080,\"height\":810},{\"@type\":\"BreadcrumbList\",\"@id\":\"https:\\\/\\\/www.itakaescolapios.org\\\/fr\\\/2022\\\/06\\\/francais-formation-du-personnel-du-camp-de-vacance-au-complexe-scolaire-calasanz-de-malibe-gabon\\\/#breadcrumb\",\"itemListElement\":[{\"@type\":\"ListItem\",\"position\":1,\"name\":\"Itaka-Escolapios\",\"item\":\"https:\\\/\\\/www.itakaescolapios.org\\\/es\\\/\"},{\"@type\":\"ListItem\",\"position\":2,\"name\":\"FORMATION DU PERSONNEL DU CAMP DE VACANCE AU COMPLEXE SCOLAIRE CALASANZ DE MALIBE (Gabon)\"}]},{\"@type\":\"WebSite\",\"@id\":\"https:\\\/\\\/www.itakaescolapios.org\\\/fr\\\/es\\\/#website\",\"url\":\"https:\\\/\\\/www.itakaescolapios.org\\\/fr\\\/es\\\/\",\"name\":\"Itaka-Escolapios\",\"description\":\"Red de Itaka-Escolapios\",\"publisher\":{\"@id\":\"https:\\\/\\\/www.itakaescolapios.org\\\/fr\\\/es\\\/#organization\"},\"potentialAction\":[{\"@type\":\"SearchAction\",\"target\":{\"@type\":\"EntryPoint\",\"urlTemplate\":\"https:\\\/\\\/www.itakaescolapios.org\\\/fr\\\/es\\\/?s={search_term_string}\"},\"query-input\":{\"@type\":\"PropertyValueSpecification\",\"valueRequired\":true,\"valueName\":\"search_term_string\"}}],\"inLanguage\":\"fr-FR\"},{\"@type\":\"Organization\",\"@id\":\"https:\\\/\\\/www.itakaescolapios.org\\\/fr\\\/es\\\/#organization\",\"name\":\"Fundaci\u00f3 Itaka-Escolapios\",\"url\":\"https:\\\/\\\/www.itakaescolapios.org\\\/fr\\\/es\\\/\",\"logo\":{\"@type\":\"ImageObject\",\"inLanguage\":\"fr-FR\",\"@id\":\"https:\\\/\\\/www.itakaescolapios.org\\\/fr\\\/es\\\/#\\\/schema\\\/logo\\\/image\\\/\",\"url\":\"https:\\\/\\\/www.itakaescolapios.org\\\/wp-content\\\/uploads\\\/2024\\\/04\\\/Logo-itakaescolapios-peque.png\",\"contentUrl\":\"https:\\\/\\\/www.itakaescolapios.org\\\/wp-content\\\/uploads\\\/2024\\\/04\\\/Logo-itakaescolapios-peque.png\",\"width\":500,\"height\":199,\"caption\":\"Fundaci\u00f3 Itaka-Escolapios\"},\"image\":{\"@id\":\"https:\\\/\\\/www.itakaescolapios.org\\\/fr\\\/es\\\/#\\\/schema\\\/logo\\\/image\\\/\"}},{\"@type\":\"Person\",\"@id\":\"https:\\\/\\\/www.itakaescolapios.org\\\/es\\\/#\\\/schema\\\/person\\\/d2844383e29bfdfef69039672ce14eb1\",\"name\":\"cameroun01\",\"url\":\"https:\\\/\\\/www.itakaescolapios.org\\\/fr\\\/author\\\/cameroun01\\\/\"}]}<\/script>\n<!-- \/ Yoast SEO plugin. -->","yoast_head_json":{"title":"FORMATION DU PERSONNEL DU CAMP DE VACANCE AU COMPLEXE SCOLAIRE CALASANZ DE MALIBE (Gabon)","description":"Hier mercredi 15 juin 2022 a eu lieu la Formation du personnel du Camp de vacance au complexe scolaire Calasanz de malibe. A l\u2019ordre du jour nous notons l\u2019animation par les diff\u00e9rents participants, la pri\u00e8re d\u2019ouverture, l\u2019Organigramme du Camp (directeur, adjoints p\u00e9dagogiques, \u00e9conome, adjoint sanitaire, moniteurs), la formation portant sur le r\u00f4le et les objectifs\u2026","robots":{"index":"index","follow":"follow","max-snippet":"max-snippet:-1","max-image-preview":"max-image-preview:large","max-video-preview":"max-video-preview:-1"},"canonical":"Hier mercredi 15 juin 2022 a eu lieu la Formation du personnel du Camp de vacance au complexe scolaire Calasanz de malibe. A l\u2019ordre du jour nous notons l\u2019animation par les diff\u00e9rents participants, la pri\u00e8re d\u2019ouverture, l\u2019Organigramme du Camp (directeur, adjoints p\u00e9dagogiques, \u00e9conome, adjoint sanitaire, moniteurs), la formation portant sur le r\u00f4le et les objectifs\u2026","og_locale":"fr_FR","og_type":"article","og_title":"FORMATION DU PERSONNEL DU CAMP DE VACANCE AU COMPLEXE SCOLAIRE CALASANZ DE MALIBE (Gabon)","og_description":"Hier mercredi 15 juin 2022 a eu lieu la Formation du personnel du Camp de vacance au complexe scolaire Calasanz de malibe. A l\u2019ordre du jour nous notons l\u2019animation par les diff\u00e9rents participants, la pri\u00e8re d\u2019ouverture, l\u2019Organigramme du Camp (directeur, adjoints p\u00e9dagogiques, \u00e9conome, adjoint sanitaire, moniteurs), la formation portant sur le r\u00f4le et les objectifs\u2026","og_url":"https:\/\/www.itakaescolapios.org\/fr\/2022\/06\/francais-formation-du-personnel-du-camp-de-vacance-au-complexe-scolaire-calasanz-de-malibe-gabon\/","og_site_name":"Itaka-Escolapios","article_published_time":"2022-06-16T09:02:39+00:00","article_modified_time":"2023-11-28T11:35:44+00:00","og_image":[{"width":1080,"height":810,"url":"https:\/\/www.itakaescolapios.org\/wp-content\/uploads\/2022\/06\/WhatsApp-Image-2022-06-15-at-13.27.00.jpeg","type":"image\/jpeg"}],"author":"cameroun01","twitter_card":"summary_large_image","twitter_misc":{"\u00c9crit par":"cameroun01","Dur\u00e9e de lecture estim\u00e9e":"1 minute"},"schema":{"@context":"https:\/\/schema.org","@graph":[{"@type":"Article","@id":"https:\/\/www.itakaescolapios.org\/fr\/2022\/06\/francais-formation-du-personnel-du-camp-de-vacance-au-complexe-scolaire-calasanz-de-malibe-gabon\/#article","isPartOf":{"@id":"https:\/\/www.itakaescolapios.org\/fr\/2022\/06\/francais-formation-du-personnel-du-camp-de-vacance-au-complexe-scolaire-calasanz-de-malibe-gabon\/"},"author":{"name":"cameroun01","@id":"https:\/\/www.itakaescolapios.org\/es\/#\/schema\/person\/d2844383e29bfdfef69039672ce14eb1"},"headline":"FORMATION DU PERSONNEL DU CAMP DE VACANCE AU COMPLEXE SCOLAIRE CALASANZ DE MALIBE (Gabon)","datePublished":"2022-06-16T09:02:39+00:00","dateModified":"2023-11-28T11:35:44+00:00","mainEntityOfPage":{"@id":"https:\/\/www.itakaescolapios.org\/fr\/2022\/06\/francais-formation-du-personnel-du-camp-de-vacance-au-complexe-scolaire-calasanz-de-malibe-gabon\/"},"wordCount":125,"publisher":{"@id":"https:\/\/www.itakaescolapios.org\/es\/#organization"},"image":{"@id":"https:\/\/www.itakaescolapios.org\/fr\/2022\/06\/francais-formation-du-personnel-du-camp-de-vacance-au-complexe-scolaire-calasanz-de-malibe-gabon\/#primaryimage"},"thumbnailUrl":"https:\/\/www.itakaescolapios.org\/wp-content\/uploads\/2022\/06\/WhatsApp-Image-2022-06-15-at-13.27.00.jpeg","articleSection":["Afrique centrale","Gab\u00f3n"],"inLanguage":"fr-FR"},{"@type":"WebPage","@id":"https:\/\/www.itakaescolapios.org\/fr\/2022\/06\/francais-formation-du-personnel-du-camp-de-vacance-au-complexe-scolaire-calasanz-de-malibe-gabon\/","url":"https:\/\/www.itakaescolapios.org\/fr\/2022\/06\/francais-formation-du-personnel-du-camp-de-vacance-au-complexe-scolaire-calasanz-de-malibe-gabon\/","name":"- Itaka-Escolapios","isPartOf":{"@id":"https:\/\/www.itakaescolapios.org\/es\/#website"},"primaryImageOfPage":{"@id":"https:\/\/www.itakaescolapios.org\/fr\/2022\/06\/francais-formation-du-personnel-du-camp-de-vacance-au-complexe-scolaire-calasanz-de-malibe-gabon\/#primaryimage"},"image":{"@id":"https:\/\/www.itakaescolapios.org\/fr\/2022\/06\/francais-formation-du-personnel-du-camp-de-vacance-au-complexe-scolaire-calasanz-de-malibe-gabon\/#primaryimage"},"thumbnailUrl":"https:\/\/www.itakaescolapios.org\/wp-content\/uploads\/2022\/06\/WhatsApp-Image-2022-06-15-at-13.27.00.jpeg","datePublished":"2022-06-16T09:02:39+00:00","dateModified":"2023-11-28T11:35:44+00:00","breadcrumb":{"@id":"https:\/\/www.itakaescolapios.org\/fr\/2022\/06\/francais-formation-du-personnel-du-camp-de-vacance-au-complexe-scolaire-calasanz-de-malibe-gabon\/#breadcrumb"},"inLanguage":"fr-FR","potentialAction":[{"@type":"ReadAction","target":["https:\/\/www.itakaescolapios.org\/fr\/2022\/06\/francais-formation-du-personnel-du-camp-de-vacance-au-complexe-scolaire-calasanz-de-malibe-gabon\/"]}]},{"@type":"ImageObject","inLanguage":"fr-FR","@id":"https:\/\/www.itakaescolapios.org\/fr\/2022\/06\/francais-formation-du-personnel-du-camp-de-vacance-au-complexe-scolaire-calasanz-de-malibe-gabon\/#primaryimage","url":"https:\/\/www.itakaescolapios.org\/wp-content\/uploads\/2022\/06\/WhatsApp-Image-2022-06-15-at-13.27.00.jpeg","contentUrl":"https:\/\/www.itakaescolapios.org\/wp-content\/uploads\/2022\/06\/WhatsApp-Image-2022-06-15-at-13.27.00.jpeg","width":1080,"height":810},{"@type":"BreadcrumbList","@id":"https:\/\/www.itakaescolapios.org\/fr\/2022\/06\/francais-formation-du-personnel-du-camp-de-vacance-au-complexe-scolaire-calasanz-de-malibe-gabon\/#breadcrumb","itemListElement":[{"@type":"ListItem","position":1,"name":"Itaka-Escolapios","item":"https:\/\/www.itakaescolapios.org\/es\/"},{"@type":"ListItem","position":2,"name":"FORMATION DU PERSONNEL DU CAMP DE VACANCE AU COMPLEXE SCOLAIRE CALASANZ DE MALIBE (Gabon)"}]},{"@type":"WebSite","@id":"https:\/\/www.itakaescolapios.org\/fr\/es\/#website","url":"https:\/\/www.itakaescolapios.org\/fr\/es\/","name":"Itaka-Escolapios","description":"Red de Itaka-Escolapios","publisher":{"@id":"https:\/\/www.itakaescolapios.org\/fr\/es\/#organization"},"potentialAction":[{"@type":"SearchAction","target":{"@type":"EntryPoint","urlTemplate":"https:\/\/www.itakaescolapios.org\/fr\/es\/?s={search_term_string}"},"query-input":{"@type":"PropertyValueSpecification","valueRequired":true,"valueName":"search_term_string"}}],"inLanguage":"fr-FR"},{"@type":"Organization","@id":"https:\/\/www.itakaescolapios.org\/fr\/es\/#organization","name":"Fundaci\u00f3 Itaka-Escolapios","url":"https:\/\/www.itakaescolapios.org\/fr\/es\/","logo":{"@type":"ImageObject","inLanguage":"fr-FR","@id":"https:\/\/www.itakaescolapios.org\/fr\/es\/#\/schema\/logo\/image\/","url":"https:\/\/www.itakaescolapios.org\/wp-content\/uploads\/2024\/04\/Logo-itakaescolapios-peque.png","contentUrl":"https:\/\/www.itakaescolapios.org\/wp-content\/uploads\/2024\/04\/Logo-itakaescolapios-peque.png","width":500,"height":199,"caption":"Fundaci\u00f3 Itaka-Escolapios"},"image":{"@id":"https:\/\/www.itakaescolapios.org\/fr\/es\/#\/schema\/logo\/image\/"}},{"@type":"Person","@id":"https:\/\/www.itakaescolapios.org\/es\/#\/schema\/person\/d2844383e29bfdfef69039672ce14eb1","name":"cameroun01","url":"https:\/\/www.itakaescolapios.org\/fr\/author\/cameroun01\/"}]}},"_links":{"self":[{"href":"https:\/\/www.itakaescolapios.org\/fr\/wp-json\/wp\/v2\/posts\/37052","targetHints":{"allow":["GET"]}}],"collection":[{"href":"https:\/\/www.itakaescolapios.org\/fr\/wp-json\/wp\/v2\/posts"}],"about":[{"href":"https:\/\/www.itakaescolapios.org\/fr\/wp-json\/wp\/v2\/types\/post"}],"author":[{"embeddable":true,"href":"https:\/\/www.itakaescolapios.org\/fr\/wp-json\/wp\/v2\/users\/15"}],"replies":[{"embeddable":true,"href":"https:\/\/www.itakaescolapios.org\/fr\/wp-json\/wp\/v2\/comments?post=37052"}],"version-history":[{"count":2,"href":"https:\/\/www.itakaescolapios.org\/fr\/wp-json\/wp\/v2\/posts\/37052\/revisions"}],"predecessor-version":[{"id":43888,"href":"https:\/\/www.itakaescolapios.org\/fr\/wp-json\/wp\/v2\/posts\/37052\/revisions\/43888"}],"wp:featuredmedia":[{"embeddable":true,"href":"https:\/\/www.itakaescolapios.org\/fr\/wp-json\/wp\/v2\/media\/37053"}],"wp:attachment":[{"href":"https:\/\/www.itakaescolapios.org\/fr\/wp-json\/wp\/v2\/media?parent=37052"}],"wp:term":[{"taxonomy":"category","embeddable":true,"href":"https:\/\/www.itakaescolapios.org\/fr\/wp-json\/wp\/v2\/categories?post=37052"},{"taxonomy":"post_tag","embeddable":true,"href":"https:\/\/www.itakaescolapios.org\/fr\/wp-json\/wp\/v2\/tags?post=37052"}],"curies":[{"name":"wp","href":"https:\/\/api.w.org\/{rel}","templated":true}]}}