{"id":37081,"date":"2022-06-23T17:17:44","date_gmt":"2022-06-23T16:17:44","guid":{"rendered":"https:\/\/www.itakaescolapios.org\/?p=37081"},"modified":"2023-11-28T12:35:44","modified_gmt":"2023-11-28T11:35:44","slug":"francais-deuxieme-jour-de-la-rencontre-de-la-circonscription-a-yaounde-cameroun","status":"publish","type":"post","link":"https:\/\/www.itakaescolapios.org\/fr\/2022\/06\/francais-deuxieme-jour-de-la-rencontre-de-la-circonscription-a-yaounde-cameroun\/","title":{"rendered":"DEUXIEME JOUR DE LA RENCONTRE DE LA CIRCONSCRIPTION A YAOUNDE (Cameroun)"},"content":{"rendered":"<p>Aujourd&rsquo;hui jeudi 23 juin 2022 et deuxi\u00e8me jour de la rencontre de la Circonscription \u00e0 Yaound\u00e9, les participants \u00e0 la rencontre (le Sup\u00e9rieur G\u00e9n\u00e9ral et ses Assistants, les Sup\u00e9rieurs Provinciaux et les d\u00e9l\u00e9gu\u00e9s des Provinces d&rsquo;Afrique Centrale, d&rsquo;Afrique de l&rsquo;Ouest, d&rsquo;Emaus et du Vicariat du Congo) avaient pour but r\u00e9fl\u00e9chir sur le th\u00e8me de la Durabilit\u00e9 \u00e9conomique. Cela consistait en l&rsquo;analyse de la r\u00e9alit\u00e9 des diff\u00e9rentes Provinces. La conf\u00e9rence a d\u00e9but\u00e9 aux environs de 9H00 et s\u2019est achev\u00e9e aux environs de 12h30. Divers probl\u00e8mes ont \u00e9t\u00e9 soulev\u00e9s sur le th\u00e8me de la durabilit\u00e9 \u00e9conomique.<\/p>\n<p><img decoding=\"async\" class=\"size-full wp-image-37082 aligncenter\" src=\"https:\/\/www.itakaescolapios.org\/wp-content\/uploads\/2022\/06\/20220623_092805-scaled.jpg\" alt=\"\" width=\"2560\" height=\"1920\" srcset=\"https:\/\/www.itakaescolapios.org\/wp-content\/uploads\/2022\/06\/20220623_092805-scaled.jpg 2000w, https:\/\/www.itakaescolapios.org\/wp-content\/uploads\/2022\/06\/20220623_092805-300x225.jpg 300w, https:\/\/www.itakaescolapios.org\/wp-content\/uploads\/2022\/06\/20220623_092805-1024x768.jpg 1024w, https:\/\/www.itakaescolapios.org\/wp-content\/uploads\/2022\/06\/20220623_092805-768x576.jpg 768w, https:\/\/www.itakaescolapios.org\/wp-content\/uploads\/2022\/06\/20220623_092805-1536x1152.jpg 1536w, https:\/\/www.itakaescolapios.org\/wp-content\/uploads\/2022\/06\/20220623_092805-2048x1536.jpg 2048w, https:\/\/www.itakaescolapios.org\/wp-content\/uploads\/2022\/06\/20220623_092805-250x188.jpg 250w, https:\/\/www.itakaescolapios.org\/wp-content\/uploads\/2022\/06\/20220623_092805-510x382.jpg 510w, https:\/\/www.itakaescolapios.org\/wp-content\/uploads\/2022\/06\/20220623_092805-1080x810.jpg 1080w\" sizes=\"(max-width: 2560px) 100vw, 2560px\" \/><\/p>\n<p><img decoding=\"async\" class=\"size-full wp-image-37083 aligncenter\" src=\"https:\/\/www.itakaescolapios.org\/wp-content\/uploads\/2022\/06\/20220623_092800-scaled.jpg\" alt=\"\" width=\"2560\" height=\"1920\" srcset=\"https:\/\/www.itakaescolapios.org\/wp-content\/uploads\/2022\/06\/20220623_092800-scaled.jpg 2000w, https:\/\/www.itakaescolapios.org\/wp-content\/uploads\/2022\/06\/20220623_092800-300x225.jpg 300w, https:\/\/www.itakaescolapios.org\/wp-content\/uploads\/2022\/06\/20220623_092800-1024x768.jpg 1024w, https:\/\/www.itakaescolapios.org\/wp-content\/uploads\/2022\/06\/20220623_092800-768x576.jpg 768w, https:\/\/www.itakaescolapios.org\/wp-content\/uploads\/2022\/06\/20220623_092800-1536x1152.jpg 1536w, https:\/\/www.itakaescolapios.org\/wp-content\/uploads\/2022\/06\/20220623_092800-2048x1536.jpg 2048w, https:\/\/www.itakaescolapios.org\/wp-content\/uploads\/2022\/06\/20220623_092800-250x188.jpg 250w, https:\/\/www.itakaescolapios.org\/wp-content\/uploads\/2022\/06\/20220623_092800-510x382.jpg 510w, https:\/\/www.itakaescolapios.org\/wp-content\/uploads\/2022\/06\/20220623_092800-1080x810.jpg 1080w\" sizes=\"(max-width: 2560px) 100vw, 2560px\" \/><\/p>\n<p><img decoding=\"async\" class=\"size-full wp-image-37085 aligncenter\" src=\"https:\/\/www.itakaescolapios.org\/wp-content\/uploads\/2022\/06\/20220623_092731-scaled.jpg\" alt=\"\" width=\"2560\" height=\"1920\" srcset=\"https:\/\/www.itakaescolapios.org\/wp-content\/uploads\/2022\/06\/20220623_092731-scaled.jpg 2000w, https:\/\/www.itakaescolapios.org\/wp-content\/uploads\/2022\/06\/20220623_092731-300x225.jpg 300w, https:\/\/www.itakaescolapios.org\/wp-content\/uploads\/2022\/06\/20220623_092731-1024x768.jpg 1024w, https:\/\/www.itakaescolapios.org\/wp-content\/uploads\/2022\/06\/20220623_092731-768x576.jpg 768w, https:\/\/www.itakaescolapios.org\/wp-content\/uploads\/2022\/06\/20220623_092731-1536x1152.jpg 1536w, https:\/\/www.itakaescolapios.org\/wp-content\/uploads\/2022\/06\/20220623_092731-2048x1536.jpg 2048w, https:\/\/www.itakaescolapios.org\/wp-content\/uploads\/2022\/06\/20220623_092731-250x188.jpg 250w, https:\/\/www.itakaescolapios.org\/wp-content\/uploads\/2022\/06\/20220623_092731-510x382.jpg 510w, https:\/\/www.itakaescolapios.org\/wp-content\/uploads\/2022\/06\/20220623_092731-1080x810.jpg 1080w\" sizes=\"(max-width: 2560px) 100vw, 2560px\" \/><\/p>\n","protected":false},"excerpt":{"rendered":"<p>Aujourd&rsquo;hui jeudi 23 juin 2022 et deuxi\u00e8me jour de la rencontre de la Circonscription \u00e0 Yaound\u00e9, les participants \u00e0 la rencontre (le Sup\u00e9rieur G\u00e9n\u00e9ral et ses Assistants, les Sup\u00e9rieurs Provinciaux [&hellip;]<\/p>\n","protected":false},"author":15,"featured_media":37084,"comment_status":"closed","ping_status":"closed","sticky":false,"template":"","format":"standard","meta":{"_et_pb_use_builder":"","_et_pb_old_content":"","_et_gb_content_width":"","footnotes":""},"categories":[53,10],"tags":[],"class_list":["post-37081","post","type-post","status-publish","format-standard","has-post-thumbnail","hentry","category-africa-central","category-camerun"],"yoast_head":"<!-- This site is optimized with the Yoast SEO plugin v27.4 - https:\/\/yoast.com\/product\/yoast-seo-wordpress\/ -->\n<title>DEUXIEME JOUR DE LA RENCONTRE DE LA CIRCONSCRIPTION A YAOUNDE (Cameroun)<\/title>\n<meta name=\"description\" content=\"Aujourd&#039;hui jeudi 23 juin 2022 et deuxi\u00e8me jour de la rencontre de la Circonscription \u00e0 Yaound\u00e9, les participants \u00e0 la rencontre (le Sup\u00e9rieur G\u00e9n\u00e9ral et ses Assistants, les Sup\u00e9rieurs Provinciaux et les d\u00e9l\u00e9gu\u00e9s des Provinces d&#039;Afrique Centrale, d&#039;Afrique de l&#039;Ouest, d&#039;Emaus et du Vicariat du Congo) avaient pour but r\u00e9fl\u00e9chir sur le th\u00e8me de la\u2026\" \/>\n<meta name=\"robots\" content=\"index, follow, max-snippet:-1, max-image-preview:large, max-video-preview:-1\" \/>\n<link rel=\"canonical\" href=\"http:\/\/Aujourd'hui%20jeudi%2023%20juin%202022%20et%20deuxi\u00e8me%20jour%20de%20la%20rencontre%20de%20la%20Circonscription%20\u00e0%20Yaound\u00e9,%20les%20participants%20\u00e0%20la%20rencontre%20(le%20Sup\u00e9rieur%20G\u00e9n\u00e9ral%20et%20ses%20Assistants,%20les%20Sup\u00e9rieurs%20Provinciaux%20et%20les%20d\u00e9l\u00e9gu\u00e9s%20des%20Provinces%20d'Afrique%20Centrale,%20d'Afrique%20de%20l'Ouest,%20d'Emaus%20et%20du%20Vicariat%20du%20Congo)%20avaient%20pour%20but%20r\u00e9fl\u00e9chir%20sur%20le%20th\u00e8me%20de%20la\u2026\" \/>\n<meta property=\"og:locale\" content=\"fr_FR\" \/>\n<meta property=\"og:type\" content=\"article\" \/>\n<meta property=\"og:title\" content=\"DEUXIEME JOUR DE LA RENCONTRE DE LA CIRCONSCRIPTION A YAOUNDE (Cameroun)\" \/>\n<meta property=\"og:description\" content=\"Aujourd&#039;hui jeudi 23 juin 2022 et deuxi\u00e8me jour de la rencontre de la Circonscription \u00e0 Yaound\u00e9, les participants \u00e0 la rencontre (le Sup\u00e9rieur G\u00e9n\u00e9ral et ses Assistants, les Sup\u00e9rieurs Provinciaux et les d\u00e9l\u00e9gu\u00e9s des Provinces d&#039;Afrique Centrale, d&#039;Afrique de l&#039;Ouest, d&#039;Emaus et du Vicariat du Congo) avaient pour but r\u00e9fl\u00e9chir sur le th\u00e8me de la\u2026\" \/>\n<meta property=\"og:url\" content=\"https:\/\/www.itakaescolapios.org\/fr\/2022\/06\/francais-deuxieme-jour-de-la-rencontre-de-la-circonscription-a-yaounde-cameroun\/\" \/>\n<meta property=\"og:site_name\" content=\"Itaka-Escolapios\" \/>\n<meta property=\"article:published_time\" content=\"2022-06-23T16:17:44+00:00\" \/>\n<meta property=\"article:modified_time\" content=\"2023-11-28T11:35:44+00:00\" \/>\n<meta property=\"og:image\" content=\"https:\/\/www.itakaescolapios.org\/wp-content\/uploads\/2022\/06\/20220623_092828-scaled.jpg\" \/>\n\t<meta property=\"og:image:width\" content=\"2000\" \/>\n\t<meta property=\"og:image:height\" content=\"1500\" \/>\n\t<meta property=\"og:image:type\" content=\"image\/jpeg\" \/>\n<meta name=\"author\" content=\"cameroun01\" \/>\n<meta name=\"twitter:card\" content=\"summary_large_image\" \/>\n<meta name=\"twitter:label1\" content=\"\u00c9crit par\" \/>\n\t<meta name=\"twitter:data1\" content=\"cameroun01\" \/>\n\t<meta name=\"twitter:label2\" content=\"Dur\u00e9e de lecture estim\u00e9e\" \/>\n\t<meta name=\"twitter:data2\" content=\"1 minute\" \/>\n<script type=\"application\/ld+json\" class=\"yoast-schema-graph\">{\"@context\":\"https:\\\/\\\/schema.org\",\"@graph\":[{\"@type\":\"Article\",\"@id\":\"https:\\\/\\\/www.itakaescolapios.org\\\/fr\\\/2022\\\/06\\\/francais-deuxieme-jour-de-la-rencontre-de-la-circonscription-a-yaounde-cameroun\\\/#article\",\"isPartOf\":{\"@id\":\"https:\\\/\\\/www.itakaescolapios.org\\\/fr\\\/2022\\\/06\\\/francais-deuxieme-jour-de-la-rencontre-de-la-circonscription-a-yaounde-cameroun\\\/\"},\"author\":{\"name\":\"cameroun01\",\"@id\":\"https:\\\/\\\/www.itakaescolapios.org\\\/es\\\/#\\\/schema\\\/person\\\/d2844383e29bfdfef69039672ce14eb1\"},\"headline\":\"DEUXIEME JOUR DE LA RENCONTRE DE LA CIRCONSCRIPTION A YAOUNDE (Cameroun)\",\"datePublished\":\"2022-06-23T16:17:44+00:00\",\"dateModified\":\"2023-11-28T11:35:44+00:00\",\"mainEntityOfPage\":{\"@id\":\"https:\\\/\\\/www.itakaescolapios.org\\\/fr\\\/2022\\\/06\\\/francais-deuxieme-jour-de-la-rencontre-de-la-circonscription-a-yaounde-cameroun\\\/\"},\"wordCount\":117,\"publisher\":{\"@id\":\"https:\\\/\\\/www.itakaescolapios.org\\\/es\\\/#organization\"},\"image\":{\"@id\":\"https:\\\/\\\/www.itakaescolapios.org\\\/fr\\\/2022\\\/06\\\/francais-deuxieme-jour-de-la-rencontre-de-la-circonscription-a-yaounde-cameroun\\\/#primaryimage\"},\"thumbnailUrl\":\"https:\\\/\\\/www.itakaescolapios.org\\\/wp-content\\\/uploads\\\/2022\\\/06\\\/20220623_092828-scaled.jpg\",\"articleSection\":[\"Afrique centrale\",\"Cameroun\"],\"inLanguage\":\"fr-FR\"},{\"@type\":\"WebPage\",\"@id\":\"https:\\\/\\\/www.itakaescolapios.org\\\/fr\\\/2022\\\/06\\\/francais-deuxieme-jour-de-la-rencontre-de-la-circonscription-a-yaounde-cameroun\\\/\",\"url\":\"https:\\\/\\\/www.itakaescolapios.org\\\/fr\\\/2022\\\/06\\\/francais-deuxieme-jour-de-la-rencontre-de-la-circonscription-a-yaounde-cameroun\\\/\",\"name\":\"- Itaka-Escolapios\",\"isPartOf\":{\"@id\":\"https:\\\/\\\/www.itakaescolapios.org\\\/es\\\/#website\"},\"primaryImageOfPage\":{\"@id\":\"https:\\\/\\\/www.itakaescolapios.org\\\/fr\\\/2022\\\/06\\\/francais-deuxieme-jour-de-la-rencontre-de-la-circonscription-a-yaounde-cameroun\\\/#primaryimage\"},\"image\":{\"@id\":\"https:\\\/\\\/www.itakaescolapios.org\\\/fr\\\/2022\\\/06\\\/francais-deuxieme-jour-de-la-rencontre-de-la-circonscription-a-yaounde-cameroun\\\/#primaryimage\"},\"thumbnailUrl\":\"https:\\\/\\\/www.itakaescolapios.org\\\/wp-content\\\/uploads\\\/2022\\\/06\\\/20220623_092828-scaled.jpg\",\"datePublished\":\"2022-06-23T16:17:44+00:00\",\"dateModified\":\"2023-11-28T11:35:44+00:00\",\"breadcrumb\":{\"@id\":\"https:\\\/\\\/www.itakaescolapios.org\\\/fr\\\/2022\\\/06\\\/francais-deuxieme-jour-de-la-rencontre-de-la-circonscription-a-yaounde-cameroun\\\/#breadcrumb\"},\"inLanguage\":\"fr-FR\",\"potentialAction\":[{\"@type\":\"ReadAction\",\"target\":[\"https:\\\/\\\/www.itakaescolapios.org\\\/fr\\\/2022\\\/06\\\/francais-deuxieme-jour-de-la-rencontre-de-la-circonscription-a-yaounde-cameroun\\\/\"]}]},{\"@type\":\"ImageObject\",\"inLanguage\":\"fr-FR\",\"@id\":\"https:\\\/\\\/www.itakaescolapios.org\\\/fr\\\/2022\\\/06\\\/francais-deuxieme-jour-de-la-rencontre-de-la-circonscription-a-yaounde-cameroun\\\/#primaryimage\",\"url\":\"https:\\\/\\\/www.itakaescolapios.org\\\/wp-content\\\/uploads\\\/2022\\\/06\\\/20220623_092828-scaled.jpg\",\"contentUrl\":\"https:\\\/\\\/www.itakaescolapios.org\\\/wp-content\\\/uploads\\\/2022\\\/06\\\/20220623_092828-scaled.jpg\",\"width\":2000,\"height\":1500},{\"@type\":\"BreadcrumbList\",\"@id\":\"https:\\\/\\\/www.itakaescolapios.org\\\/fr\\\/2022\\\/06\\\/francais-deuxieme-jour-de-la-rencontre-de-la-circonscription-a-yaounde-cameroun\\\/#breadcrumb\",\"itemListElement\":[{\"@type\":\"ListItem\",\"position\":1,\"name\":\"Itaka-Escolapios\",\"item\":\"https:\\\/\\\/www.itakaescolapios.org\\\/es\\\/\"},{\"@type\":\"ListItem\",\"position\":2,\"name\":\"DEUXIEME JOUR DE LA RENCONTRE DE LA CIRCONSCRIPTION A YAOUNDE (Cameroun)\"}]},{\"@type\":\"WebSite\",\"@id\":\"https:\\\/\\\/www.itakaescolapios.org\\\/fr\\\/es\\\/#website\",\"url\":\"https:\\\/\\\/www.itakaescolapios.org\\\/fr\\\/es\\\/\",\"name\":\"Itaka-Escolapios\",\"description\":\"Red de Itaka-Escolapios\",\"publisher\":{\"@id\":\"https:\\\/\\\/www.itakaescolapios.org\\\/fr\\\/es\\\/#organization\"},\"potentialAction\":[{\"@type\":\"SearchAction\",\"target\":{\"@type\":\"EntryPoint\",\"urlTemplate\":\"https:\\\/\\\/www.itakaescolapios.org\\\/fr\\\/es\\\/?s={search_term_string}\"},\"query-input\":{\"@type\":\"PropertyValueSpecification\",\"valueRequired\":true,\"valueName\":\"search_term_string\"}}],\"inLanguage\":\"fr-FR\"},{\"@type\":\"Organization\",\"@id\":\"https:\\\/\\\/www.itakaescolapios.org\\\/fr\\\/es\\\/#organization\",\"name\":\"Fundaci\u00f3 Itaka-Escolapios\",\"url\":\"https:\\\/\\\/www.itakaescolapios.org\\\/fr\\\/es\\\/\",\"logo\":{\"@type\":\"ImageObject\",\"inLanguage\":\"fr-FR\",\"@id\":\"https:\\\/\\\/www.itakaescolapios.org\\\/fr\\\/es\\\/#\\\/schema\\\/logo\\\/image\\\/\",\"url\":\"https:\\\/\\\/www.itakaescolapios.org\\\/wp-content\\\/uploads\\\/2024\\\/04\\\/Logo-itakaescolapios-peque.png\",\"contentUrl\":\"https:\\\/\\\/www.itakaescolapios.org\\\/wp-content\\\/uploads\\\/2024\\\/04\\\/Logo-itakaescolapios-peque.png\",\"width\":500,\"height\":199,\"caption\":\"Fundaci\u00f3 Itaka-Escolapios\"},\"image\":{\"@id\":\"https:\\\/\\\/www.itakaescolapios.org\\\/fr\\\/es\\\/#\\\/schema\\\/logo\\\/image\\\/\"}},{\"@type\":\"Person\",\"@id\":\"https:\\\/\\\/www.itakaescolapios.org\\\/es\\\/#\\\/schema\\\/person\\\/d2844383e29bfdfef69039672ce14eb1\",\"name\":\"cameroun01\",\"url\":\"https:\\\/\\\/www.itakaescolapios.org\\\/fr\\\/author\\\/cameroun01\\\/\"}]}<\/script>\n<!-- \/ Yoast SEO plugin. -->","yoast_head_json":{"title":"DEUXIEME JOUR DE LA RENCONTRE DE LA CIRCONSCRIPTION A YAOUNDE (Cameroun)","description":"Aujourd'hui jeudi 23 juin 2022 et deuxi\u00e8me jour de la rencontre de la Circonscription \u00e0 Yaound\u00e9, les participants \u00e0 la rencontre (le Sup\u00e9rieur G\u00e9n\u00e9ral et ses Assistants, les Sup\u00e9rieurs Provinciaux et les d\u00e9l\u00e9gu\u00e9s des Provinces d'Afrique Centrale, d'Afrique de l'Ouest, d'Emaus et du Vicariat du Congo) avaient pour but r\u00e9fl\u00e9chir sur le th\u00e8me de la\u2026","robots":{"index":"index","follow":"follow","max-snippet":"max-snippet:-1","max-image-preview":"max-image-preview:large","max-video-preview":"max-video-preview:-1"},"canonical":"Aujourd'hui jeudi 23 juin 2022 et deuxi\u00e8me jour de la rencontre de la Circonscription \u00e0 Yaound\u00e9, les participants \u00e0 la rencontre (le Sup\u00e9rieur G\u00e9n\u00e9ral et ses Assistants, les Sup\u00e9rieurs Provinciaux et les d\u00e9l\u00e9gu\u00e9s des Provinces d'Afrique Centrale, d'Afrique de l'Ouest, d'Emaus et du Vicariat du Congo) avaient pour but r\u00e9fl\u00e9chir sur le th\u00e8me de la\u2026","og_locale":"fr_FR","og_type":"article","og_title":"DEUXIEME JOUR DE LA RENCONTRE DE LA CIRCONSCRIPTION A YAOUNDE (Cameroun)","og_description":"Aujourd'hui jeudi 23 juin 2022 et deuxi\u00e8me jour de la rencontre de la Circonscription \u00e0 Yaound\u00e9, les participants \u00e0 la rencontre (le Sup\u00e9rieur G\u00e9n\u00e9ral et ses Assistants, les Sup\u00e9rieurs Provinciaux et les d\u00e9l\u00e9gu\u00e9s des Provinces d'Afrique Centrale, d'Afrique de l'Ouest, d'Emaus et du Vicariat du Congo) avaient pour but r\u00e9fl\u00e9chir sur le th\u00e8me de la\u2026","og_url":"https:\/\/www.itakaescolapios.org\/fr\/2022\/06\/francais-deuxieme-jour-de-la-rencontre-de-la-circonscription-a-yaounde-cameroun\/","og_site_name":"Itaka-Escolapios","article_published_time":"2022-06-23T16:17:44+00:00","article_modified_time":"2023-11-28T11:35:44+00:00","og_image":[{"width":2000,"height":1500,"url":"https:\/\/www.itakaescolapios.org\/wp-content\/uploads\/2022\/06\/20220623_092828-scaled.jpg","type":"image\/jpeg"}],"author":"cameroun01","twitter_card":"summary_large_image","twitter_misc":{"\u00c9crit par":"cameroun01","Dur\u00e9e de lecture estim\u00e9e":"1 minute"},"schema":{"@context":"https:\/\/schema.org","@graph":[{"@type":"Article","@id":"https:\/\/www.itakaescolapios.org\/fr\/2022\/06\/francais-deuxieme-jour-de-la-rencontre-de-la-circonscription-a-yaounde-cameroun\/#article","isPartOf":{"@id":"https:\/\/www.itakaescolapios.org\/fr\/2022\/06\/francais-deuxieme-jour-de-la-rencontre-de-la-circonscription-a-yaounde-cameroun\/"},"author":{"name":"cameroun01","@id":"https:\/\/www.itakaescolapios.org\/es\/#\/schema\/person\/d2844383e29bfdfef69039672ce14eb1"},"headline":"DEUXIEME JOUR DE LA RENCONTRE DE LA CIRCONSCRIPTION A YAOUNDE (Cameroun)","datePublished":"2022-06-23T16:17:44+00:00","dateModified":"2023-11-28T11:35:44+00:00","mainEntityOfPage":{"@id":"https:\/\/www.itakaescolapios.org\/fr\/2022\/06\/francais-deuxieme-jour-de-la-rencontre-de-la-circonscription-a-yaounde-cameroun\/"},"wordCount":117,"publisher":{"@id":"https:\/\/www.itakaescolapios.org\/es\/#organization"},"image":{"@id":"https:\/\/www.itakaescolapios.org\/fr\/2022\/06\/francais-deuxieme-jour-de-la-rencontre-de-la-circonscription-a-yaounde-cameroun\/#primaryimage"},"thumbnailUrl":"https:\/\/www.itakaescolapios.org\/wp-content\/uploads\/2022\/06\/20220623_092828-scaled.jpg","articleSection":["Afrique centrale","Cameroun"],"inLanguage":"fr-FR"},{"@type":"WebPage","@id":"https:\/\/www.itakaescolapios.org\/fr\/2022\/06\/francais-deuxieme-jour-de-la-rencontre-de-la-circonscription-a-yaounde-cameroun\/","url":"https:\/\/www.itakaescolapios.org\/fr\/2022\/06\/francais-deuxieme-jour-de-la-rencontre-de-la-circonscription-a-yaounde-cameroun\/","name":"- Itaka-Escolapios","isPartOf":{"@id":"https:\/\/www.itakaescolapios.org\/es\/#website"},"primaryImageOfPage":{"@id":"https:\/\/www.itakaescolapios.org\/fr\/2022\/06\/francais-deuxieme-jour-de-la-rencontre-de-la-circonscription-a-yaounde-cameroun\/#primaryimage"},"image":{"@id":"https:\/\/www.itakaescolapios.org\/fr\/2022\/06\/francais-deuxieme-jour-de-la-rencontre-de-la-circonscription-a-yaounde-cameroun\/#primaryimage"},"thumbnailUrl":"https:\/\/www.itakaescolapios.org\/wp-content\/uploads\/2022\/06\/20220623_092828-scaled.jpg","datePublished":"2022-06-23T16:17:44+00:00","dateModified":"2023-11-28T11:35:44+00:00","breadcrumb":{"@id":"https:\/\/www.itakaescolapios.org\/fr\/2022\/06\/francais-deuxieme-jour-de-la-rencontre-de-la-circonscription-a-yaounde-cameroun\/#breadcrumb"},"inLanguage":"fr-FR","potentialAction":[{"@type":"ReadAction","target":["https:\/\/www.itakaescolapios.org\/fr\/2022\/06\/francais-deuxieme-jour-de-la-rencontre-de-la-circonscription-a-yaounde-cameroun\/"]}]},{"@type":"ImageObject","inLanguage":"fr-FR","@id":"https:\/\/www.itakaescolapios.org\/fr\/2022\/06\/francais-deuxieme-jour-de-la-rencontre-de-la-circonscription-a-yaounde-cameroun\/#primaryimage","url":"https:\/\/www.itakaescolapios.org\/wp-content\/uploads\/2022\/06\/20220623_092828-scaled.jpg","contentUrl":"https:\/\/www.itakaescolapios.org\/wp-content\/uploads\/2022\/06\/20220623_092828-scaled.jpg","width":2000,"height":1500},{"@type":"BreadcrumbList","@id":"https:\/\/www.itakaescolapios.org\/fr\/2022\/06\/francais-deuxieme-jour-de-la-rencontre-de-la-circonscription-a-yaounde-cameroun\/#breadcrumb","itemListElement":[{"@type":"ListItem","position":1,"name":"Itaka-Escolapios","item":"https:\/\/www.itakaescolapios.org\/es\/"},{"@type":"ListItem","position":2,"name":"DEUXIEME JOUR DE LA RENCONTRE DE LA CIRCONSCRIPTION A YAOUNDE (Cameroun)"}]},{"@type":"WebSite","@id":"https:\/\/www.itakaescolapios.org\/fr\/es\/#website","url":"https:\/\/www.itakaescolapios.org\/fr\/es\/","name":"Itaka-Escolapios","description":"Red de Itaka-Escolapios","publisher":{"@id":"https:\/\/www.itakaescolapios.org\/fr\/es\/#organization"},"potentialAction":[{"@type":"SearchAction","target":{"@type":"EntryPoint","urlTemplate":"https:\/\/www.itakaescolapios.org\/fr\/es\/?s={search_term_string}"},"query-input":{"@type":"PropertyValueSpecification","valueRequired":true,"valueName":"search_term_string"}}],"inLanguage":"fr-FR"},{"@type":"Organization","@id":"https:\/\/www.itakaescolapios.org\/fr\/es\/#organization","name":"Fundaci\u00f3 Itaka-Escolapios","url":"https:\/\/www.itakaescolapios.org\/fr\/es\/","logo":{"@type":"ImageObject","inLanguage":"fr-FR","@id":"https:\/\/www.itakaescolapios.org\/fr\/es\/#\/schema\/logo\/image\/","url":"https:\/\/www.itakaescolapios.org\/wp-content\/uploads\/2024\/04\/Logo-itakaescolapios-peque.png","contentUrl":"https:\/\/www.itakaescolapios.org\/wp-content\/uploads\/2024\/04\/Logo-itakaescolapios-peque.png","width":500,"height":199,"caption":"Fundaci\u00f3 Itaka-Escolapios"},"image":{"@id":"https:\/\/www.itakaescolapios.org\/fr\/es\/#\/schema\/logo\/image\/"}},{"@type":"Person","@id":"https:\/\/www.itakaescolapios.org\/es\/#\/schema\/person\/d2844383e29bfdfef69039672ce14eb1","name":"cameroun01","url":"https:\/\/www.itakaescolapios.org\/fr\/author\/cameroun01\/"}]}},"_links":{"self":[{"href":"https:\/\/www.itakaescolapios.org\/fr\/wp-json\/wp\/v2\/posts\/37081","targetHints":{"allow":["GET"]}}],"collection":[{"href":"https:\/\/www.itakaescolapios.org\/fr\/wp-json\/wp\/v2\/posts"}],"about":[{"href":"https:\/\/www.itakaescolapios.org\/fr\/wp-json\/wp\/v2\/types\/post"}],"author":[{"embeddable":true,"href":"https:\/\/www.itakaescolapios.org\/fr\/wp-json\/wp\/v2\/users\/15"}],"replies":[{"embeddable":true,"href":"https:\/\/www.itakaescolapios.org\/fr\/wp-json\/wp\/v2\/comments?post=37081"}],"version-history":[{"count":2,"href":"https:\/\/www.itakaescolapios.org\/fr\/wp-json\/wp\/v2\/posts\/37081\/revisions"}],"predecessor-version":[{"id":43884,"href":"https:\/\/www.itakaescolapios.org\/fr\/wp-json\/wp\/v2\/posts\/37081\/revisions\/43884"}],"wp:featuredmedia":[{"embeddable":true,"href":"https:\/\/www.itakaescolapios.org\/fr\/wp-json\/wp\/v2\/media\/37084"}],"wp:attachment":[{"href":"https:\/\/www.itakaescolapios.org\/fr\/wp-json\/wp\/v2\/media?parent=37081"}],"wp:term":[{"taxonomy":"category","embeddable":true,"href":"https:\/\/www.itakaescolapios.org\/fr\/wp-json\/wp\/v2\/categories?post=37081"},{"taxonomy":"post_tag","embeddable":true,"href":"https:\/\/www.itakaescolapios.org\/fr\/wp-json\/wp\/v2\/tags?post=37081"}],"curies":[{"name":"wp","href":"https:\/\/api.w.org\/{rel}","templated":true}]}}