{"id":37178,"date":"2022-07-15T13:56:46","date_gmt":"2022-07-15T12:56:46","guid":{"rendered":"https:\/\/www.itakaescolapios.org\/?p=37178"},"modified":"2023-11-28T12:35:43","modified_gmt":"2023-11-28T11:35:43","slug":"francais-colonie-des-vacances-bandjoun-2022","status":"publish","type":"post","link":"https:\/\/www.itakaescolapios.org\/fr\/2022\/07\/francais-colonie-des-vacances-bandjoun-2022\/","title":{"rendered":"COLONIE DES VACANCES Bandjoun 2022"},"content":{"rendered":"<p>Sur l\u2019\u00e9tendue du territoire camerounais, les colonies sont en cours. Le coll\u00e8ge Polyvalent Bilingue Saint Joseph Calasanz de Bandjoun re\u00e7oit la colonie des vacances cette ann\u00e9e avec les enfants ag\u00e9s de 3 \u00e0 18 ans. Au programme Ateliers, excursions, d\u00e9couverte de la ville et de ses autorit\u00e9s, jeux olympiques, baignades et bien d&rsquo;autres.<br \/>\nCette colonie se veut sous le signe de l&rsquo;int\u00e9gration africaine et accueille les pays du S\u00e9n\u00e9gal, de la RDC, De la Guin\u00e9e \u00c9quatoriale et de la C\u00f4te d&rsquo;Ivoire sans oublier le pays h\u00f4te le Cameroun.<br \/>\nNous avons enregistr\u00e9 au jour d&rsquo;aujourd&rsquo;hui 67 enfants et 13 moniteurs.<br \/>\nLa colonie est sous la direction de tonton \u00c9ric Esp\u00e9rant avec les le fr\u00e8re C\u00e9dric Nikita comme \u00e9conome et le Fr\u00e8re Gildas , et sous l&rsquo;observation du p\u00e8re Judes. Avec pour th\u00e8me annuel \u00a0\u00bb pr\u00e8s de toi, pr\u00e8s de Calasanz, pr\u00e8s du Christ pour un monde meilleur\u00a0\u00bb et pour sous th\u00e8me AFRICAINS, VALORISONS NOTRE CULTURE DANS LA PAIX ET L&rsquo;UNIT\u00c9 le vivre ensemble, l&rsquo;amour et la charit\u00e9 sont les points phares de cette colonie.<\/p>\n<div style=\"width: 640px;\" class=\"wp-video\"><video class=\"wp-video-shortcode\" id=\"video-37178-1\" width=\"640\" height=\"352\" preload=\"metadata\" controls=\"controls\"><source type=\"video\/mp4\" src=\"https:\/\/piaristesafriquecentrale.org\/wp-content\/uploads\/2022\/07\/WhatsApp-Video-2022-07-15-at-12.12.11.mp4?_=1\" \/><a href=\"https:\/\/piaristesafriquecentrale.org\/wp-content\/uploads\/2022\/07\/WhatsApp-Video-2022-07-15-at-12.12.11.mp4\">https:\/\/piaristesafriquecentrale.org\/wp-content\/uploads\/2022\/07\/WhatsApp-Video-2022-07-15-at-12.12.11.mp4<\/a><\/video><\/div>\n<p>&nbsp;<\/p>\n<div style=\"width: 640px;\" class=\"wp-video\"><video class=\"wp-video-shortcode\" id=\"video-37178-2\" width=\"640\" height=\"352\" preload=\"metadata\" controls=\"controls\"><source type=\"video\/mp4\" src=\"https:\/\/piaristesafriquecentrale.org\/wp-content\/uploads\/2022\/07\/WhatsApp-Video-2022-07-15-at-12.12.10.mp4?_=2\" \/><a href=\"https:\/\/piaristesafriquecentrale.org\/wp-content\/uploads\/2022\/07\/WhatsApp-Video-2022-07-15-at-12.12.10.mp4\">https:\/\/piaristesafriquecentrale.org\/wp-content\/uploads\/2022\/07\/WhatsApp-Video-2022-07-15-at-12.12.10.mp4<\/a><\/video><\/div>\n<p>&nbsp;<\/p>\n<div style=\"width: 640px;\" class=\"wp-video\"><video class=\"wp-video-shortcode\" id=\"video-37178-3\" width=\"640\" height=\"352\" preload=\"metadata\" controls=\"controls\"><source type=\"video\/mp4\" src=\"https:\/\/piaristesafriquecentrale.org\/wp-content\/uploads\/2022\/07\/WhatsApp-Video-2022-07-15-at-12.12.09-1.mp4?_=3\" \/><a href=\"https:\/\/piaristesafriquecentrale.org\/wp-content\/uploads\/2022\/07\/WhatsApp-Video-2022-07-15-at-12.12.09-1.mp4\">https:\/\/piaristesafriquecentrale.org\/wp-content\/uploads\/2022\/07\/WhatsApp-Video-2022-07-15-at-12.12.09-1.mp4<\/a><\/video><\/div>\n<p>&nbsp;<\/p>\n<div style=\"width: 640px;\" class=\"wp-video\"><video class=\"wp-video-shortcode\" id=\"video-37178-4\" width=\"640\" height=\"352\" preload=\"metadata\" controls=\"controls\"><source type=\"video\/mp4\" src=\"https:\/\/piaristesafriquecentrale.org\/wp-content\/uploads\/2022\/07\/WhatsApp-Video-2022-07-15-at-12.12.09.mp4?_=4\" \/><a href=\"https:\/\/piaristesafriquecentrale.org\/wp-content\/uploads\/2022\/07\/WhatsApp-Video-2022-07-15-at-12.12.09.mp4\">https:\/\/piaristesafriquecentrale.org\/wp-content\/uploads\/2022\/07\/WhatsApp-Video-2022-07-15-at-12.12.09.mp4<\/a><\/video><\/div>\n","protected":false},"excerpt":{"rendered":"<p>Sur l\u2019\u00e9tendue du territoire camerounais, les colonies sont en cours. Le coll\u00e8ge Polyvalent Bilingue Saint Joseph Calasanz de Bandjoun re\u00e7oit la colonie des vacances cette ann\u00e9e avec les enfants ag\u00e9s [&hellip;]<\/p>\n","protected":false},"author":15,"featured_media":37179,"comment_status":"closed","ping_status":"closed","sticky":false,"template":"","format":"standard","meta":{"_et_pb_use_builder":"","_et_pb_old_content":"","_et_gb_content_width":"","footnotes":""},"categories":[53,10],"tags":[],"class_list":["post-37178","post","type-post","status-publish","format-standard","has-post-thumbnail","hentry","category-africa-central","category-camerun"],"yoast_head":"<!-- This site is optimized with the Yoast SEO plugin v27.4 - https:\/\/yoast.com\/product\/yoast-seo-wordpress\/ -->\n<title>COLONIE DES VACANCES Bandjoun 2022<\/title>\n<meta name=\"description\" content=\"Sur l\u2019\u00e9tendue du territoire camerounais, les colonies sont en cours. Le coll\u00e8ge Polyvalent Bilingue Saint Joseph Calasanz de Bandjoun re\u00e7oit la colonie des vacances cette ann\u00e9e avec les enfants ag\u00e9s de 3 \u00e0 18 ans. Au programme Ateliers, excursions, d\u00e9couverte de la ville et de ses autorit\u00e9s, jeux olympiques, baignades et bien d&#039;autres. Cette colonie\u2026\" \/>\n<meta name=\"robots\" content=\"index, follow, max-snippet:-1, max-image-preview:large, max-video-preview:-1\" \/>\n<link rel=\"canonical\" href=\"http:\/\/Sur%20l\u2019\u00e9tendue%20du%20territoire%20camerounais,%20les%20colonies%20sont%20en%20cours.%20Le%20coll\u00e8ge%20Polyvalent%20Bilingue%20Saint%20Joseph%20Calasanz%20de%20Bandjoun%20re\u00e7oit%20la%20colonie%20des%20vacances%20cette%20ann\u00e9e%20avec%20les%20enfants%20ag\u00e9s%20de%203%20\u00e0%2018%20ans.%20Au%20programme%20Ateliers,%20excursions,%20d\u00e9couverte%20de%20la%20ville%20et%20de%20ses%20autorit\u00e9s,%20jeux%20olympiques,%20baignades%20et%20bien%20d'autres.%20Cette%20colonie\u2026\" \/>\n<meta property=\"og:locale\" content=\"fr_FR\" \/>\n<meta property=\"og:type\" content=\"article\" \/>\n<meta property=\"og:title\" content=\"COLONIE DES VACANCES Bandjoun 2022\" \/>\n<meta property=\"og:description\" content=\"Sur l\u2019\u00e9tendue du territoire camerounais, les colonies sont en cours. Le coll\u00e8ge Polyvalent Bilingue Saint Joseph Calasanz de Bandjoun re\u00e7oit la colonie des vacances cette ann\u00e9e avec les enfants ag\u00e9s de 3 \u00e0 18 ans. Au programme Ateliers, excursions, d\u00e9couverte de la ville et de ses autorit\u00e9s, jeux olympiques, baignades et bien d&#039;autres. Cette colonie\u2026\" \/>\n<meta property=\"og:url\" content=\"https:\/\/www.itakaescolapios.org\/fr\/2022\/07\/francais-colonie-des-vacances-bandjoun-2022\/\" \/>\n<meta property=\"og:site_name\" content=\"Itaka-Escolapios\" \/>\n<meta property=\"article:published_time\" content=\"2022-07-15T12:56:46+00:00\" \/>\n<meta property=\"article:modified_time\" content=\"2023-11-28T11:35:43+00:00\" \/>\n<meta property=\"og:image\" content=\"https:\/\/www.itakaescolapios.org\/wp-content\/uploads\/2022\/07\/WhatsApp-Image-2022-07-14-at-20.11.55.jpeg\" \/>\n\t<meta property=\"og:image:width\" content=\"1000\" \/>\n\t<meta property=\"og:image:height\" content=\"750\" \/>\n\t<meta property=\"og:image:type\" content=\"image\/jpeg\" \/>\n<meta name=\"author\" content=\"cameroun01\" \/>\n<meta name=\"twitter:card\" content=\"summary_large_image\" \/>\n<meta name=\"twitter:label1\" content=\"\u00c9crit par\" \/>\n\t<meta name=\"twitter:data1\" content=\"cameroun01\" \/>\n\t<meta name=\"twitter:label2\" content=\"Dur\u00e9e de lecture estim\u00e9e\" \/>\n\t<meta name=\"twitter:data2\" content=\"1 minute\" \/>\n<script type=\"application\/ld+json\" class=\"yoast-schema-graph\">{\"@context\":\"https:\\\/\\\/schema.org\",\"@graph\":[{\"@type\":\"Article\",\"@id\":\"https:\\\/\\\/www.itakaescolapios.org\\\/fr\\\/2022\\\/07\\\/francais-colonie-des-vacances-bandjoun-2022\\\/#article\",\"isPartOf\":{\"@id\":\"https:\\\/\\\/www.itakaescolapios.org\\\/fr\\\/2022\\\/07\\\/francais-colonie-des-vacances-bandjoun-2022\\\/\"},\"author\":{\"name\":\"cameroun01\",\"@id\":\"https:\\\/\\\/www.itakaescolapios.org\\\/es\\\/#\\\/schema\\\/person\\\/d2844383e29bfdfef69039672ce14eb1\"},\"headline\":\"COLONIE DES VACANCES Bandjoun 2022\",\"datePublished\":\"2022-07-15T12:56:46+00:00\",\"dateModified\":\"2023-11-28T11:35:43+00:00\",\"mainEntityOfPage\":{\"@id\":\"https:\\\/\\\/www.itakaescolapios.org\\\/fr\\\/2022\\\/07\\\/francais-colonie-des-vacances-bandjoun-2022\\\/\"},\"wordCount\":262,\"publisher\":{\"@id\":\"https:\\\/\\\/www.itakaescolapios.org\\\/es\\\/#organization\"},\"image\":{\"@id\":\"https:\\\/\\\/www.itakaescolapios.org\\\/fr\\\/2022\\\/07\\\/francais-colonie-des-vacances-bandjoun-2022\\\/#primaryimage\"},\"thumbnailUrl\":\"https:\\\/\\\/www.itakaescolapios.org\\\/wp-content\\\/uploads\\\/2022\\\/07\\\/WhatsApp-Image-2022-07-14-at-20.11.55.jpeg\",\"articleSection\":[\"Afrique centrale\",\"Cameroun\"],\"inLanguage\":\"fr-FR\"},{\"@type\":\"WebPage\",\"@id\":\"https:\\\/\\\/www.itakaescolapios.org\\\/fr\\\/2022\\\/07\\\/francais-colonie-des-vacances-bandjoun-2022\\\/\",\"url\":\"https:\\\/\\\/www.itakaescolapios.org\\\/fr\\\/2022\\\/07\\\/francais-colonie-des-vacances-bandjoun-2022\\\/\",\"name\":\"- Itaka-Escolapios\",\"isPartOf\":{\"@id\":\"https:\\\/\\\/www.itakaescolapios.org\\\/es\\\/#website\"},\"primaryImageOfPage\":{\"@id\":\"https:\\\/\\\/www.itakaescolapios.org\\\/fr\\\/2022\\\/07\\\/francais-colonie-des-vacances-bandjoun-2022\\\/#primaryimage\"},\"image\":{\"@id\":\"https:\\\/\\\/www.itakaescolapios.org\\\/fr\\\/2022\\\/07\\\/francais-colonie-des-vacances-bandjoun-2022\\\/#primaryimage\"},\"thumbnailUrl\":\"https:\\\/\\\/www.itakaescolapios.org\\\/wp-content\\\/uploads\\\/2022\\\/07\\\/WhatsApp-Image-2022-07-14-at-20.11.55.jpeg\",\"datePublished\":\"2022-07-15T12:56:46+00:00\",\"dateModified\":\"2023-11-28T11:35:43+00:00\",\"breadcrumb\":{\"@id\":\"https:\\\/\\\/www.itakaescolapios.org\\\/fr\\\/2022\\\/07\\\/francais-colonie-des-vacances-bandjoun-2022\\\/#breadcrumb\"},\"inLanguage\":\"fr-FR\",\"potentialAction\":[{\"@type\":\"ReadAction\",\"target\":[\"https:\\\/\\\/www.itakaescolapios.org\\\/fr\\\/2022\\\/07\\\/francais-colonie-des-vacances-bandjoun-2022\\\/\"]}]},{\"@type\":\"ImageObject\",\"inLanguage\":\"fr-FR\",\"@id\":\"https:\\\/\\\/www.itakaescolapios.org\\\/fr\\\/2022\\\/07\\\/francais-colonie-des-vacances-bandjoun-2022\\\/#primaryimage\",\"url\":\"https:\\\/\\\/www.itakaescolapios.org\\\/wp-content\\\/uploads\\\/2022\\\/07\\\/WhatsApp-Image-2022-07-14-at-20.11.55.jpeg\",\"contentUrl\":\"https:\\\/\\\/www.itakaescolapios.org\\\/wp-content\\\/uploads\\\/2022\\\/07\\\/WhatsApp-Image-2022-07-14-at-20.11.55.jpeg\",\"width\":1000,\"height\":750},{\"@type\":\"BreadcrumbList\",\"@id\":\"https:\\\/\\\/www.itakaescolapios.org\\\/fr\\\/2022\\\/07\\\/francais-colonie-des-vacances-bandjoun-2022\\\/#breadcrumb\",\"itemListElement\":[{\"@type\":\"ListItem\",\"position\":1,\"name\":\"Itaka-Escolapios\",\"item\":\"https:\\\/\\\/www.itakaescolapios.org\\\/es\\\/\"},{\"@type\":\"ListItem\",\"position\":2,\"name\":\"COLONIE DES VACANCES Bandjoun 2022\"}]},{\"@type\":\"WebSite\",\"@id\":\"https:\\\/\\\/www.itakaescolapios.org\\\/fr\\\/es\\\/#website\",\"url\":\"https:\\\/\\\/www.itakaescolapios.org\\\/fr\\\/es\\\/\",\"name\":\"Itaka-Escolapios\",\"description\":\"Red de Itaka-Escolapios\",\"publisher\":{\"@id\":\"https:\\\/\\\/www.itakaescolapios.org\\\/fr\\\/es\\\/#organization\"},\"potentialAction\":[{\"@type\":\"SearchAction\",\"target\":{\"@type\":\"EntryPoint\",\"urlTemplate\":\"https:\\\/\\\/www.itakaescolapios.org\\\/fr\\\/es\\\/?s={search_term_string}\"},\"query-input\":{\"@type\":\"PropertyValueSpecification\",\"valueRequired\":true,\"valueName\":\"search_term_string\"}}],\"inLanguage\":\"fr-FR\"},{\"@type\":\"Organization\",\"@id\":\"https:\\\/\\\/www.itakaescolapios.org\\\/fr\\\/es\\\/#organization\",\"name\":\"Fundaci\u00f3 Itaka-Escolapios\",\"url\":\"https:\\\/\\\/www.itakaescolapios.org\\\/fr\\\/es\\\/\",\"logo\":{\"@type\":\"ImageObject\",\"inLanguage\":\"fr-FR\",\"@id\":\"https:\\\/\\\/www.itakaescolapios.org\\\/fr\\\/es\\\/#\\\/schema\\\/logo\\\/image\\\/\",\"url\":\"https:\\\/\\\/www.itakaescolapios.org\\\/wp-content\\\/uploads\\\/2024\\\/04\\\/Logo-itakaescolapios-peque.png\",\"contentUrl\":\"https:\\\/\\\/www.itakaescolapios.org\\\/wp-content\\\/uploads\\\/2024\\\/04\\\/Logo-itakaescolapios-peque.png\",\"width\":500,\"height\":199,\"caption\":\"Fundaci\u00f3 Itaka-Escolapios\"},\"image\":{\"@id\":\"https:\\\/\\\/www.itakaescolapios.org\\\/fr\\\/es\\\/#\\\/schema\\\/logo\\\/image\\\/\"}},{\"@type\":\"Person\",\"@id\":\"https:\\\/\\\/www.itakaescolapios.org\\\/es\\\/#\\\/schema\\\/person\\\/d2844383e29bfdfef69039672ce14eb1\",\"name\":\"cameroun01\",\"url\":\"https:\\\/\\\/www.itakaescolapios.org\\\/fr\\\/author\\\/cameroun01\\\/\"}]}<\/script>\n<!-- \/ Yoast SEO plugin. -->","yoast_head_json":{"title":"COLONIE DES VACANCES Bandjoun 2022","description":"Sur l\u2019\u00e9tendue du territoire camerounais, les colonies sont en cours. Le coll\u00e8ge Polyvalent Bilingue Saint Joseph Calasanz de Bandjoun re\u00e7oit la colonie des vacances cette ann\u00e9e avec les enfants ag\u00e9s de 3 \u00e0 18 ans. Au programme Ateliers, excursions, d\u00e9couverte de la ville et de ses autorit\u00e9s, jeux olympiques, baignades et bien d'autres. Cette colonie\u2026","robots":{"index":"index","follow":"follow","max-snippet":"max-snippet:-1","max-image-preview":"max-image-preview:large","max-video-preview":"max-video-preview:-1"},"canonical":"Sur l\u2019\u00e9tendue du territoire camerounais, les colonies sont en cours. Le coll\u00e8ge Polyvalent Bilingue Saint Joseph Calasanz de Bandjoun re\u00e7oit la colonie des vacances cette ann\u00e9e avec les enfants ag\u00e9s de 3 \u00e0 18 ans. Au programme Ateliers, excursions, d\u00e9couverte de la ville et de ses autorit\u00e9s, jeux olympiques, baignades et bien d'autres. Cette colonie\u2026","og_locale":"fr_FR","og_type":"article","og_title":"COLONIE DES VACANCES Bandjoun 2022","og_description":"Sur l\u2019\u00e9tendue du territoire camerounais, les colonies sont en cours. Le coll\u00e8ge Polyvalent Bilingue Saint Joseph Calasanz de Bandjoun re\u00e7oit la colonie des vacances cette ann\u00e9e avec les enfants ag\u00e9s de 3 \u00e0 18 ans. Au programme Ateliers, excursions, d\u00e9couverte de la ville et de ses autorit\u00e9s, jeux olympiques, baignades et bien d'autres. Cette colonie\u2026","og_url":"https:\/\/www.itakaescolapios.org\/fr\/2022\/07\/francais-colonie-des-vacances-bandjoun-2022\/","og_site_name":"Itaka-Escolapios","article_published_time":"2022-07-15T12:56:46+00:00","article_modified_time":"2023-11-28T11:35:43+00:00","og_image":[{"width":1000,"height":750,"url":"https:\/\/www.itakaescolapios.org\/wp-content\/uploads\/2022\/07\/WhatsApp-Image-2022-07-14-at-20.11.55.jpeg","type":"image\/jpeg"}],"author":"cameroun01","twitter_card":"summary_large_image","twitter_misc":{"\u00c9crit par":"cameroun01","Dur\u00e9e de lecture estim\u00e9e":"1 minute"},"schema":{"@context":"https:\/\/schema.org","@graph":[{"@type":"Article","@id":"https:\/\/www.itakaescolapios.org\/fr\/2022\/07\/francais-colonie-des-vacances-bandjoun-2022\/#article","isPartOf":{"@id":"https:\/\/www.itakaescolapios.org\/fr\/2022\/07\/francais-colonie-des-vacances-bandjoun-2022\/"},"author":{"name":"cameroun01","@id":"https:\/\/www.itakaescolapios.org\/es\/#\/schema\/person\/d2844383e29bfdfef69039672ce14eb1"},"headline":"COLONIE DES VACANCES Bandjoun 2022","datePublished":"2022-07-15T12:56:46+00:00","dateModified":"2023-11-28T11:35:43+00:00","mainEntityOfPage":{"@id":"https:\/\/www.itakaescolapios.org\/fr\/2022\/07\/francais-colonie-des-vacances-bandjoun-2022\/"},"wordCount":262,"publisher":{"@id":"https:\/\/www.itakaescolapios.org\/es\/#organization"},"image":{"@id":"https:\/\/www.itakaescolapios.org\/fr\/2022\/07\/francais-colonie-des-vacances-bandjoun-2022\/#primaryimage"},"thumbnailUrl":"https:\/\/www.itakaescolapios.org\/wp-content\/uploads\/2022\/07\/WhatsApp-Image-2022-07-14-at-20.11.55.jpeg","articleSection":["Afrique centrale","Cameroun"],"inLanguage":"fr-FR"},{"@type":"WebPage","@id":"https:\/\/www.itakaescolapios.org\/fr\/2022\/07\/francais-colonie-des-vacances-bandjoun-2022\/","url":"https:\/\/www.itakaescolapios.org\/fr\/2022\/07\/francais-colonie-des-vacances-bandjoun-2022\/","name":"- Itaka-Escolapios","isPartOf":{"@id":"https:\/\/www.itakaescolapios.org\/es\/#website"},"primaryImageOfPage":{"@id":"https:\/\/www.itakaescolapios.org\/fr\/2022\/07\/francais-colonie-des-vacances-bandjoun-2022\/#primaryimage"},"image":{"@id":"https:\/\/www.itakaescolapios.org\/fr\/2022\/07\/francais-colonie-des-vacances-bandjoun-2022\/#primaryimage"},"thumbnailUrl":"https:\/\/www.itakaescolapios.org\/wp-content\/uploads\/2022\/07\/WhatsApp-Image-2022-07-14-at-20.11.55.jpeg","datePublished":"2022-07-15T12:56:46+00:00","dateModified":"2023-11-28T11:35:43+00:00","breadcrumb":{"@id":"https:\/\/www.itakaescolapios.org\/fr\/2022\/07\/francais-colonie-des-vacances-bandjoun-2022\/#breadcrumb"},"inLanguage":"fr-FR","potentialAction":[{"@type":"ReadAction","target":["https:\/\/www.itakaescolapios.org\/fr\/2022\/07\/francais-colonie-des-vacances-bandjoun-2022\/"]}]},{"@type":"ImageObject","inLanguage":"fr-FR","@id":"https:\/\/www.itakaescolapios.org\/fr\/2022\/07\/francais-colonie-des-vacances-bandjoun-2022\/#primaryimage","url":"https:\/\/www.itakaescolapios.org\/wp-content\/uploads\/2022\/07\/WhatsApp-Image-2022-07-14-at-20.11.55.jpeg","contentUrl":"https:\/\/www.itakaescolapios.org\/wp-content\/uploads\/2022\/07\/WhatsApp-Image-2022-07-14-at-20.11.55.jpeg","width":1000,"height":750},{"@type":"BreadcrumbList","@id":"https:\/\/www.itakaescolapios.org\/fr\/2022\/07\/francais-colonie-des-vacances-bandjoun-2022\/#breadcrumb","itemListElement":[{"@type":"ListItem","position":1,"name":"Itaka-Escolapios","item":"https:\/\/www.itakaescolapios.org\/es\/"},{"@type":"ListItem","position":2,"name":"COLONIE DES VACANCES Bandjoun 2022"}]},{"@type":"WebSite","@id":"https:\/\/www.itakaescolapios.org\/fr\/es\/#website","url":"https:\/\/www.itakaescolapios.org\/fr\/es\/","name":"Itaka-Escolapios","description":"Red de Itaka-Escolapios","publisher":{"@id":"https:\/\/www.itakaescolapios.org\/fr\/es\/#organization"},"potentialAction":[{"@type":"SearchAction","target":{"@type":"EntryPoint","urlTemplate":"https:\/\/www.itakaescolapios.org\/fr\/es\/?s={search_term_string}"},"query-input":{"@type":"PropertyValueSpecification","valueRequired":true,"valueName":"search_term_string"}}],"inLanguage":"fr-FR"},{"@type":"Organization","@id":"https:\/\/www.itakaescolapios.org\/fr\/es\/#organization","name":"Fundaci\u00f3 Itaka-Escolapios","url":"https:\/\/www.itakaescolapios.org\/fr\/es\/","logo":{"@type":"ImageObject","inLanguage":"fr-FR","@id":"https:\/\/www.itakaescolapios.org\/fr\/es\/#\/schema\/logo\/image\/","url":"https:\/\/www.itakaescolapios.org\/wp-content\/uploads\/2024\/04\/Logo-itakaescolapios-peque.png","contentUrl":"https:\/\/www.itakaescolapios.org\/wp-content\/uploads\/2024\/04\/Logo-itakaescolapios-peque.png","width":500,"height":199,"caption":"Fundaci\u00f3 Itaka-Escolapios"},"image":{"@id":"https:\/\/www.itakaescolapios.org\/fr\/es\/#\/schema\/logo\/image\/"}},{"@type":"Person","@id":"https:\/\/www.itakaescolapios.org\/es\/#\/schema\/person\/d2844383e29bfdfef69039672ce14eb1","name":"cameroun01","url":"https:\/\/www.itakaescolapios.org\/fr\/author\/cameroun01\/"}]}},"_links":{"self":[{"href":"https:\/\/www.itakaescolapios.org\/fr\/wp-json\/wp\/v2\/posts\/37178","targetHints":{"allow":["GET"]}}],"collection":[{"href":"https:\/\/www.itakaescolapios.org\/fr\/wp-json\/wp\/v2\/posts"}],"about":[{"href":"https:\/\/www.itakaescolapios.org\/fr\/wp-json\/wp\/v2\/types\/post"}],"author":[{"embeddable":true,"href":"https:\/\/www.itakaescolapios.org\/fr\/wp-json\/wp\/v2\/users\/15"}],"replies":[{"embeddable":true,"href":"https:\/\/www.itakaescolapios.org\/fr\/wp-json\/wp\/v2\/comments?post=37178"}],"version-history":[{"count":4,"href":"https:\/\/www.itakaescolapios.org\/fr\/wp-json\/wp\/v2\/posts\/37178\/revisions"}],"predecessor-version":[{"id":43866,"href":"https:\/\/www.itakaescolapios.org\/fr\/wp-json\/wp\/v2\/posts\/37178\/revisions\/43866"}],"wp:featuredmedia":[{"embeddable":true,"href":"https:\/\/www.itakaescolapios.org\/fr\/wp-json\/wp\/v2\/media\/37179"}],"wp:attachment":[{"href":"https:\/\/www.itakaescolapios.org\/fr\/wp-json\/wp\/v2\/media?parent=37178"}],"wp:term":[{"taxonomy":"category","embeddable":true,"href":"https:\/\/www.itakaescolapios.org\/fr\/wp-json\/wp\/v2\/categories?post=37178"},{"taxonomy":"post_tag","embeddable":true,"href":"https:\/\/www.itakaescolapios.org\/fr\/wp-json\/wp\/v2\/tags?post=37178"}],"curies":[{"name":"wp","href":"https:\/\/api.w.org\/{rel}","templated":true}]}}