{"id":37324,"date":"2022-09-01T17:05:30","date_gmt":"2022-09-01T16:05:30","guid":{"rendered":"https:\/\/www.itakaescolapios.org\/?p=37324"},"modified":"2023-11-28T12:35:42","modified_gmt":"2023-11-28T11:35:42","slug":"francais-formation-des-enseignants-du-coscabic-de-bafia-cameroun-par-le-secretaire-provincial-en-charge-de-lanimation-et-linnovation-pedagogique","status":"publish","type":"post","link":"https:\/\/www.itakaescolapios.org\/fr\/2022\/09\/francais-formation-des-enseignants-du-coscabic-de-bafia-cameroun-par-le-secretaire-provincial-en-charge-de-lanimation-et-linnovation-pedagogique\/","title":{"rendered":"formation des enseignants du COSCABIC de Bafia (Cameroun) par le secr\u00e9taire provincial en charge de l\u2019animation et l\u2019innovation p\u00e9dagogique"},"content":{"rendered":"<p>Ce jour s\u2019est tenue \u00e0 Bafia la formation des enseignants du COSCABIC par le secr\u00e9taire provincial en charge de l\u2019animation et l\u2019innovation p\u00e9dagogique par ailleurs assistant provincial du minist\u00e8re et de la mission partag\u00e9e dans la Province Piariste d\u2019Afrique Centrale. Celle ci portait sur l\u2019\u00e9laboration du projet \u00e9ducatif et pastoral en tenant compte des cl\u00e9s de vie 10 et 11 sur le minist\u00e8re irrempla\u00e7able, un des noyaux adopt\u00e9 dans le 48e Chapitre G\u00e9n\u00e9ral des P\u00e8res Piaristes.<br \/>\nCe nouveau d\u00e9part marque une ferme volont\u00e9 \u00e0 grandir avec la mentalit\u00e9 de l\u2019Ordre dans une vision commune.<\/p>\n<p><img decoding=\"async\" class=\"size-full wp-image-37327 aligncenter\" src=\"https:\/\/www.itakaescolapios.org\/wp-content\/uploads\/2022\/09\/WhatsApp-Image-2022-09-01-at-5.00.13-PM.jpeg\" alt=\"\" width=\"1280\" height=\"958\" srcset=\"https:\/\/www.itakaescolapios.org\/wp-content\/uploads\/2022\/09\/WhatsApp-Image-2022-09-01-at-5.00.13-PM.jpeg 1280w, https:\/\/www.itakaescolapios.org\/wp-content\/uploads\/2022\/09\/WhatsApp-Image-2022-09-01-at-5.00.13-PM-300x225.jpeg 300w, https:\/\/www.itakaescolapios.org\/wp-content\/uploads\/2022\/09\/WhatsApp-Image-2022-09-01-at-5.00.13-PM-1024x766.jpeg 1024w, https:\/\/www.itakaescolapios.org\/wp-content\/uploads\/2022\/09\/WhatsApp-Image-2022-09-01-at-5.00.13-PM-768x575.jpeg 768w, https:\/\/www.itakaescolapios.org\/wp-content\/uploads\/2022\/09\/WhatsApp-Image-2022-09-01-at-5.00.13-PM-250x187.jpeg 250w, https:\/\/www.itakaescolapios.org\/wp-content\/uploads\/2022\/09\/WhatsApp-Image-2022-09-01-at-5.00.13-PM-510x382.jpeg 510w, https:\/\/www.itakaescolapios.org\/wp-content\/uploads\/2022\/09\/WhatsApp-Image-2022-09-01-at-5.00.13-PM-1080x808.jpeg 1080w\" sizes=\"(max-width: 1280px) 100vw, 1280px\" \/><\/p>\n","protected":false},"excerpt":{"rendered":"<p>Ce jour s\u2019est tenue \u00e0 Bafia la formation des enseignants du COSCABIC par le secr\u00e9taire provincial en charge de l\u2019animation et l\u2019innovation p\u00e9dagogique par ailleurs assistant provincial du minist\u00e8re et [&hellip;]<\/p>\n","protected":false},"author":15,"featured_media":37325,"comment_status":"closed","ping_status":"closed","sticky":false,"template":"","format":"standard","meta":{"_et_pb_use_builder":"","_et_pb_old_content":"","_et_gb_content_width":"","footnotes":""},"categories":[53,10],"tags":[],"class_list":["post-37324","post","type-post","status-publish","format-standard","has-post-thumbnail","hentry","category-africa-central","category-camerun"],"yoast_head":"<!-- This site is optimized with the Yoast SEO plugin v27.4 - https:\/\/yoast.com\/product\/yoast-seo-wordpress\/ -->\n<title>formation des enseignants du COSCABIC de Bafia (Cameroun) par le secr\u00e9taire provincial en charge de l\u2019animation et l\u2019innovation p\u00e9dagogique<\/title>\n<meta name=\"description\" content=\"Ce jour s\u2019est tenue \u00e0 Bafia la formation des enseignants du COSCABIC par le secr\u00e9taire provincial en charge de l\u2019animation et l\u2019innovation p\u00e9dagogique par ailleurs assistant provincial du minist\u00e8re et de la mission partag\u00e9e dans la Province Piariste d\u2019Afrique Centrale. Celle ci portait sur l\u2019\u00e9laboration du projet \u00e9ducatif et pastoral en tenant compte des cl\u00e9s\u2026\" \/>\n<meta name=\"robots\" content=\"index, follow, max-snippet:-1, max-image-preview:large, max-video-preview:-1\" \/>\n<link rel=\"canonical\" href=\"http:\/\/Ce%20jour%20s\u2019est%20tenue%20\u00e0%20Bafia%20la%20formation%20des%20enseignants%20du%20COSCABIC%20par%20le%20secr\u00e9taire%20provincial%20en%20charge%20de%20l\u2019animation%20et%20l\u2019innovation%20p\u00e9dagogique%20par%20ailleurs%20assistant%20provincial%20du%20minist\u00e8re%20et%20de%20la%20mission%20partag\u00e9e%20dans%20la%20Province%20Piariste%20d\u2019Afrique%20Centrale.%20Celle%20ci%20portait%20sur%20l\u2019\u00e9laboration%20du%20projet%20\u00e9ducatif%20et%20pastoral%20en%20tenant%20compte%20des%20cl\u00e9s\u2026\" \/>\n<meta property=\"og:locale\" content=\"fr_FR\" \/>\n<meta property=\"og:type\" content=\"article\" \/>\n<meta property=\"og:title\" content=\"formation des enseignants du COSCABIC de Bafia (Cameroun) par le secr\u00e9taire provincial en charge de l\u2019animation et l\u2019innovation p\u00e9dagogique\" \/>\n<meta property=\"og:description\" content=\"Ce jour s\u2019est tenue \u00e0 Bafia la formation des enseignants du COSCABIC par le secr\u00e9taire provincial en charge de l\u2019animation et l\u2019innovation p\u00e9dagogique par ailleurs assistant provincial du minist\u00e8re et de la mission partag\u00e9e dans la Province Piariste d\u2019Afrique Centrale. Celle ci portait sur l\u2019\u00e9laboration du projet \u00e9ducatif et pastoral en tenant compte des cl\u00e9s\u2026\" \/>\n<meta property=\"og:url\" content=\"https:\/\/www.itakaescolapios.org\/fr\/2022\/09\/francais-formation-des-enseignants-du-coscabic-de-bafia-cameroun-par-le-secretaire-provincial-en-charge-de-lanimation-et-linnovation-pedagogique\/\" \/>\n<meta property=\"og:site_name\" content=\"Itaka-Escolapios\" \/>\n<meta property=\"article:published_time\" content=\"2022-09-01T16:05:30+00:00\" \/>\n<meta property=\"article:modified_time\" content=\"2023-11-28T11:35:42+00:00\" \/>\n<meta property=\"og:image\" content=\"https:\/\/www.itakaescolapios.org\/wp-content\/uploads\/2022\/09\/WhatsApp-Image-2022-09-01-at-5.00.12-PM-1.jpeg\" \/>\n\t<meta property=\"og:image:width\" content=\"1280\" \/>\n\t<meta property=\"og:image:height\" content=\"958\" \/>\n\t<meta property=\"og:image:type\" content=\"image\/jpeg\" \/>\n<meta name=\"author\" content=\"cameroun01\" \/>\n<meta name=\"twitter:card\" content=\"summary_large_image\" \/>\n<meta name=\"twitter:label1\" content=\"\u00c9crit par\" \/>\n\t<meta name=\"twitter:data1\" content=\"cameroun01\" \/>\n\t<meta name=\"twitter:label2\" content=\"Dur\u00e9e de lecture estim\u00e9e\" \/>\n\t<meta name=\"twitter:data2\" content=\"1 minute\" \/>\n<script type=\"application\/ld+json\" class=\"yoast-schema-graph\">{\"@context\":\"https:\\\/\\\/schema.org\",\"@graph\":[{\"@type\":\"Article\",\"@id\":\"https:\\\/\\\/www.itakaescolapios.org\\\/fr\\\/2022\\\/09\\\/francais-formation-des-enseignants-du-coscabic-de-bafia-cameroun-par-le-secretaire-provincial-en-charge-de-lanimation-et-linnovation-pedagogique\\\/#article\",\"isPartOf\":{\"@id\":\"https:\\\/\\\/www.itakaescolapios.org\\\/fr\\\/2022\\\/09\\\/francais-formation-des-enseignants-du-coscabic-de-bafia-cameroun-par-le-secretaire-provincial-en-charge-de-lanimation-et-linnovation-pedagogique\\\/\"},\"author\":{\"name\":\"cameroun01\",\"@id\":\"https:\\\/\\\/www.itakaescolapios.org\\\/es\\\/#\\\/schema\\\/person\\\/d2844383e29bfdfef69039672ce14eb1\"},\"headline\":\"formation des enseignants du COSCABIC de Bafia (Cameroun) par le secr\u00e9taire provincial en charge de l\u2019animation et l\u2019innovation p\u00e9dagogique\",\"datePublished\":\"2022-09-01T16:05:30+00:00\",\"dateModified\":\"2023-11-28T11:35:42+00:00\",\"mainEntityOfPage\":{\"@id\":\"https:\\\/\\\/www.itakaescolapios.org\\\/fr\\\/2022\\\/09\\\/francais-formation-des-enseignants-du-coscabic-de-bafia-cameroun-par-le-secretaire-provincial-en-charge-de-lanimation-et-linnovation-pedagogique\\\/\"},\"wordCount\":108,\"publisher\":{\"@id\":\"https:\\\/\\\/www.itakaescolapios.org\\\/es\\\/#organization\"},\"image\":{\"@id\":\"https:\\\/\\\/www.itakaescolapios.org\\\/fr\\\/2022\\\/09\\\/francais-formation-des-enseignants-du-coscabic-de-bafia-cameroun-par-le-secretaire-provincial-en-charge-de-lanimation-et-linnovation-pedagogique\\\/#primaryimage\"},\"thumbnailUrl\":\"https:\\\/\\\/www.itakaescolapios.org\\\/wp-content\\\/uploads\\\/2022\\\/09\\\/WhatsApp-Image-2022-09-01-at-5.00.12-PM-1.jpeg\",\"articleSection\":[\"Afrique centrale\",\"Cameroun\"],\"inLanguage\":\"fr-FR\"},{\"@type\":\"WebPage\",\"@id\":\"https:\\\/\\\/www.itakaescolapios.org\\\/fr\\\/2022\\\/09\\\/francais-formation-des-enseignants-du-coscabic-de-bafia-cameroun-par-le-secretaire-provincial-en-charge-de-lanimation-et-linnovation-pedagogique\\\/\",\"url\":\"https:\\\/\\\/www.itakaescolapios.org\\\/fr\\\/2022\\\/09\\\/francais-formation-des-enseignants-du-coscabic-de-bafia-cameroun-par-le-secretaire-provincial-en-charge-de-lanimation-et-linnovation-pedagogique\\\/\",\"name\":\"- Itaka-Escolapios\",\"isPartOf\":{\"@id\":\"https:\\\/\\\/www.itakaescolapios.org\\\/es\\\/#website\"},\"primaryImageOfPage\":{\"@id\":\"https:\\\/\\\/www.itakaescolapios.org\\\/fr\\\/2022\\\/09\\\/francais-formation-des-enseignants-du-coscabic-de-bafia-cameroun-par-le-secretaire-provincial-en-charge-de-lanimation-et-linnovation-pedagogique\\\/#primaryimage\"},\"image\":{\"@id\":\"https:\\\/\\\/www.itakaescolapios.org\\\/fr\\\/2022\\\/09\\\/francais-formation-des-enseignants-du-coscabic-de-bafia-cameroun-par-le-secretaire-provincial-en-charge-de-lanimation-et-linnovation-pedagogique\\\/#primaryimage\"},\"thumbnailUrl\":\"https:\\\/\\\/www.itakaescolapios.org\\\/wp-content\\\/uploads\\\/2022\\\/09\\\/WhatsApp-Image-2022-09-01-at-5.00.12-PM-1.jpeg\",\"datePublished\":\"2022-09-01T16:05:30+00:00\",\"dateModified\":\"2023-11-28T11:35:42+00:00\",\"breadcrumb\":{\"@id\":\"https:\\\/\\\/www.itakaescolapios.org\\\/fr\\\/2022\\\/09\\\/francais-formation-des-enseignants-du-coscabic-de-bafia-cameroun-par-le-secretaire-provincial-en-charge-de-lanimation-et-linnovation-pedagogique\\\/#breadcrumb\"},\"inLanguage\":\"fr-FR\",\"potentialAction\":[{\"@type\":\"ReadAction\",\"target\":[\"https:\\\/\\\/www.itakaescolapios.org\\\/fr\\\/2022\\\/09\\\/francais-formation-des-enseignants-du-coscabic-de-bafia-cameroun-par-le-secretaire-provincial-en-charge-de-lanimation-et-linnovation-pedagogique\\\/\"]}]},{\"@type\":\"ImageObject\",\"inLanguage\":\"fr-FR\",\"@id\":\"https:\\\/\\\/www.itakaescolapios.org\\\/fr\\\/2022\\\/09\\\/francais-formation-des-enseignants-du-coscabic-de-bafia-cameroun-par-le-secretaire-provincial-en-charge-de-lanimation-et-linnovation-pedagogique\\\/#primaryimage\",\"url\":\"https:\\\/\\\/www.itakaescolapios.org\\\/wp-content\\\/uploads\\\/2022\\\/09\\\/WhatsApp-Image-2022-09-01-at-5.00.12-PM-1.jpeg\",\"contentUrl\":\"https:\\\/\\\/www.itakaescolapios.org\\\/wp-content\\\/uploads\\\/2022\\\/09\\\/WhatsApp-Image-2022-09-01-at-5.00.12-PM-1.jpeg\",\"width\":1280,\"height\":958},{\"@type\":\"BreadcrumbList\",\"@id\":\"https:\\\/\\\/www.itakaescolapios.org\\\/fr\\\/2022\\\/09\\\/francais-formation-des-enseignants-du-coscabic-de-bafia-cameroun-par-le-secretaire-provincial-en-charge-de-lanimation-et-linnovation-pedagogique\\\/#breadcrumb\",\"itemListElement\":[{\"@type\":\"ListItem\",\"position\":1,\"name\":\"Itaka-Escolapios\",\"item\":\"https:\\\/\\\/www.itakaescolapios.org\\\/es\\\/\"},{\"@type\":\"ListItem\",\"position\":2,\"name\":\"formation des enseignants du COSCABIC de Bafia (Cameroun) par le secr\u00e9taire provincial en charge de l\u2019animation et l\u2019innovation p\u00e9dagogique\"}]},{\"@type\":\"WebSite\",\"@id\":\"https:\\\/\\\/www.itakaescolapios.org\\\/fr\\\/es\\\/#website\",\"url\":\"https:\\\/\\\/www.itakaescolapios.org\\\/fr\\\/es\\\/\",\"name\":\"Itaka-Escolapios\",\"description\":\"Red de Itaka-Escolapios\",\"publisher\":{\"@id\":\"https:\\\/\\\/www.itakaescolapios.org\\\/fr\\\/es\\\/#organization\"},\"potentialAction\":[{\"@type\":\"SearchAction\",\"target\":{\"@type\":\"EntryPoint\",\"urlTemplate\":\"https:\\\/\\\/www.itakaescolapios.org\\\/fr\\\/es\\\/?s={search_term_string}\"},\"query-input\":{\"@type\":\"PropertyValueSpecification\",\"valueRequired\":true,\"valueName\":\"search_term_string\"}}],\"inLanguage\":\"fr-FR\"},{\"@type\":\"Organization\",\"@id\":\"https:\\\/\\\/www.itakaescolapios.org\\\/fr\\\/es\\\/#organization\",\"name\":\"Fundaci\u00f3 Itaka-Escolapios\",\"url\":\"https:\\\/\\\/www.itakaescolapios.org\\\/fr\\\/es\\\/\",\"logo\":{\"@type\":\"ImageObject\",\"inLanguage\":\"fr-FR\",\"@id\":\"https:\\\/\\\/www.itakaescolapios.org\\\/fr\\\/es\\\/#\\\/schema\\\/logo\\\/image\\\/\",\"url\":\"https:\\\/\\\/www.itakaescolapios.org\\\/wp-content\\\/uploads\\\/2024\\\/04\\\/Logo-itakaescolapios-peque.png\",\"contentUrl\":\"https:\\\/\\\/www.itakaescolapios.org\\\/wp-content\\\/uploads\\\/2024\\\/04\\\/Logo-itakaescolapios-peque.png\",\"width\":500,\"height\":199,\"caption\":\"Fundaci\u00f3 Itaka-Escolapios\"},\"image\":{\"@id\":\"https:\\\/\\\/www.itakaescolapios.org\\\/fr\\\/es\\\/#\\\/schema\\\/logo\\\/image\\\/\"}},{\"@type\":\"Person\",\"@id\":\"https:\\\/\\\/www.itakaescolapios.org\\\/es\\\/#\\\/schema\\\/person\\\/d2844383e29bfdfef69039672ce14eb1\",\"name\":\"cameroun01\",\"url\":\"https:\\\/\\\/www.itakaescolapios.org\\\/fr\\\/author\\\/cameroun01\\\/\"}]}<\/script>\n<!-- \/ Yoast SEO plugin. -->","yoast_head_json":{"title":"formation des enseignants du COSCABIC de Bafia (Cameroun) par le secr\u00e9taire provincial en charge de l\u2019animation et l\u2019innovation p\u00e9dagogique","description":"Ce jour s\u2019est tenue \u00e0 Bafia la formation des enseignants du COSCABIC par le secr\u00e9taire provincial en charge de l\u2019animation et l\u2019innovation p\u00e9dagogique par ailleurs assistant provincial du minist\u00e8re et de la mission partag\u00e9e dans la Province Piariste d\u2019Afrique Centrale. Celle ci portait sur l\u2019\u00e9laboration du projet \u00e9ducatif et pastoral en tenant compte des cl\u00e9s\u2026","robots":{"index":"index","follow":"follow","max-snippet":"max-snippet:-1","max-image-preview":"max-image-preview:large","max-video-preview":"max-video-preview:-1"},"canonical":"Ce jour s\u2019est tenue \u00e0 Bafia la formation des enseignants du COSCABIC par le secr\u00e9taire provincial en charge de l\u2019animation et l\u2019innovation p\u00e9dagogique par ailleurs assistant provincial du minist\u00e8re et de la mission partag\u00e9e dans la Province Piariste d\u2019Afrique Centrale. Celle ci portait sur l\u2019\u00e9laboration du projet \u00e9ducatif et pastoral en tenant compte des cl\u00e9s\u2026","og_locale":"fr_FR","og_type":"article","og_title":"formation des enseignants du COSCABIC de Bafia (Cameroun) par le secr\u00e9taire provincial en charge de l\u2019animation et l\u2019innovation p\u00e9dagogique","og_description":"Ce jour s\u2019est tenue \u00e0 Bafia la formation des enseignants du COSCABIC par le secr\u00e9taire provincial en charge de l\u2019animation et l\u2019innovation p\u00e9dagogique par ailleurs assistant provincial du minist\u00e8re et de la mission partag\u00e9e dans la Province Piariste d\u2019Afrique Centrale. Celle ci portait sur l\u2019\u00e9laboration du projet \u00e9ducatif et pastoral en tenant compte des cl\u00e9s\u2026","og_url":"https:\/\/www.itakaescolapios.org\/fr\/2022\/09\/francais-formation-des-enseignants-du-coscabic-de-bafia-cameroun-par-le-secretaire-provincial-en-charge-de-lanimation-et-linnovation-pedagogique\/","og_site_name":"Itaka-Escolapios","article_published_time":"2022-09-01T16:05:30+00:00","article_modified_time":"2023-11-28T11:35:42+00:00","og_image":[{"width":1280,"height":958,"url":"https:\/\/www.itakaescolapios.org\/wp-content\/uploads\/2022\/09\/WhatsApp-Image-2022-09-01-at-5.00.12-PM-1.jpeg","type":"image\/jpeg"}],"author":"cameroun01","twitter_card":"summary_large_image","twitter_misc":{"\u00c9crit par":"cameroun01","Dur\u00e9e de lecture estim\u00e9e":"1 minute"},"schema":{"@context":"https:\/\/schema.org","@graph":[{"@type":"Article","@id":"https:\/\/www.itakaescolapios.org\/fr\/2022\/09\/francais-formation-des-enseignants-du-coscabic-de-bafia-cameroun-par-le-secretaire-provincial-en-charge-de-lanimation-et-linnovation-pedagogique\/#article","isPartOf":{"@id":"https:\/\/www.itakaescolapios.org\/fr\/2022\/09\/francais-formation-des-enseignants-du-coscabic-de-bafia-cameroun-par-le-secretaire-provincial-en-charge-de-lanimation-et-linnovation-pedagogique\/"},"author":{"name":"cameroun01","@id":"https:\/\/www.itakaescolapios.org\/es\/#\/schema\/person\/d2844383e29bfdfef69039672ce14eb1"},"headline":"formation des enseignants du COSCABIC de Bafia (Cameroun) par le secr\u00e9taire provincial en charge de l\u2019animation et l\u2019innovation p\u00e9dagogique","datePublished":"2022-09-01T16:05:30+00:00","dateModified":"2023-11-28T11:35:42+00:00","mainEntityOfPage":{"@id":"https:\/\/www.itakaescolapios.org\/fr\/2022\/09\/francais-formation-des-enseignants-du-coscabic-de-bafia-cameroun-par-le-secretaire-provincial-en-charge-de-lanimation-et-linnovation-pedagogique\/"},"wordCount":108,"publisher":{"@id":"https:\/\/www.itakaescolapios.org\/es\/#organization"},"image":{"@id":"https:\/\/www.itakaescolapios.org\/fr\/2022\/09\/francais-formation-des-enseignants-du-coscabic-de-bafia-cameroun-par-le-secretaire-provincial-en-charge-de-lanimation-et-linnovation-pedagogique\/#primaryimage"},"thumbnailUrl":"https:\/\/www.itakaescolapios.org\/wp-content\/uploads\/2022\/09\/WhatsApp-Image-2022-09-01-at-5.00.12-PM-1.jpeg","articleSection":["Afrique centrale","Cameroun"],"inLanguage":"fr-FR"},{"@type":"WebPage","@id":"https:\/\/www.itakaescolapios.org\/fr\/2022\/09\/francais-formation-des-enseignants-du-coscabic-de-bafia-cameroun-par-le-secretaire-provincial-en-charge-de-lanimation-et-linnovation-pedagogique\/","url":"https:\/\/www.itakaescolapios.org\/fr\/2022\/09\/francais-formation-des-enseignants-du-coscabic-de-bafia-cameroun-par-le-secretaire-provincial-en-charge-de-lanimation-et-linnovation-pedagogique\/","name":"- Itaka-Escolapios","isPartOf":{"@id":"https:\/\/www.itakaescolapios.org\/es\/#website"},"primaryImageOfPage":{"@id":"https:\/\/www.itakaescolapios.org\/fr\/2022\/09\/francais-formation-des-enseignants-du-coscabic-de-bafia-cameroun-par-le-secretaire-provincial-en-charge-de-lanimation-et-linnovation-pedagogique\/#primaryimage"},"image":{"@id":"https:\/\/www.itakaescolapios.org\/fr\/2022\/09\/francais-formation-des-enseignants-du-coscabic-de-bafia-cameroun-par-le-secretaire-provincial-en-charge-de-lanimation-et-linnovation-pedagogique\/#primaryimage"},"thumbnailUrl":"https:\/\/www.itakaescolapios.org\/wp-content\/uploads\/2022\/09\/WhatsApp-Image-2022-09-01-at-5.00.12-PM-1.jpeg","datePublished":"2022-09-01T16:05:30+00:00","dateModified":"2023-11-28T11:35:42+00:00","breadcrumb":{"@id":"https:\/\/www.itakaescolapios.org\/fr\/2022\/09\/francais-formation-des-enseignants-du-coscabic-de-bafia-cameroun-par-le-secretaire-provincial-en-charge-de-lanimation-et-linnovation-pedagogique\/#breadcrumb"},"inLanguage":"fr-FR","potentialAction":[{"@type":"ReadAction","target":["https:\/\/www.itakaescolapios.org\/fr\/2022\/09\/francais-formation-des-enseignants-du-coscabic-de-bafia-cameroun-par-le-secretaire-provincial-en-charge-de-lanimation-et-linnovation-pedagogique\/"]}]},{"@type":"ImageObject","inLanguage":"fr-FR","@id":"https:\/\/www.itakaescolapios.org\/fr\/2022\/09\/francais-formation-des-enseignants-du-coscabic-de-bafia-cameroun-par-le-secretaire-provincial-en-charge-de-lanimation-et-linnovation-pedagogique\/#primaryimage","url":"https:\/\/www.itakaescolapios.org\/wp-content\/uploads\/2022\/09\/WhatsApp-Image-2022-09-01-at-5.00.12-PM-1.jpeg","contentUrl":"https:\/\/www.itakaescolapios.org\/wp-content\/uploads\/2022\/09\/WhatsApp-Image-2022-09-01-at-5.00.12-PM-1.jpeg","width":1280,"height":958},{"@type":"BreadcrumbList","@id":"https:\/\/www.itakaescolapios.org\/fr\/2022\/09\/francais-formation-des-enseignants-du-coscabic-de-bafia-cameroun-par-le-secretaire-provincial-en-charge-de-lanimation-et-linnovation-pedagogique\/#breadcrumb","itemListElement":[{"@type":"ListItem","position":1,"name":"Itaka-Escolapios","item":"https:\/\/www.itakaescolapios.org\/es\/"},{"@type":"ListItem","position":2,"name":"formation des enseignants du COSCABIC de Bafia (Cameroun) par le secr\u00e9taire provincial en charge de l\u2019animation et l\u2019innovation p\u00e9dagogique"}]},{"@type":"WebSite","@id":"https:\/\/www.itakaescolapios.org\/fr\/es\/#website","url":"https:\/\/www.itakaescolapios.org\/fr\/es\/","name":"Itaka-Escolapios","description":"Red de Itaka-Escolapios","publisher":{"@id":"https:\/\/www.itakaescolapios.org\/fr\/es\/#organization"},"potentialAction":[{"@type":"SearchAction","target":{"@type":"EntryPoint","urlTemplate":"https:\/\/www.itakaescolapios.org\/fr\/es\/?s={search_term_string}"},"query-input":{"@type":"PropertyValueSpecification","valueRequired":true,"valueName":"search_term_string"}}],"inLanguage":"fr-FR"},{"@type":"Organization","@id":"https:\/\/www.itakaescolapios.org\/fr\/es\/#organization","name":"Fundaci\u00f3 Itaka-Escolapios","url":"https:\/\/www.itakaescolapios.org\/fr\/es\/","logo":{"@type":"ImageObject","inLanguage":"fr-FR","@id":"https:\/\/www.itakaescolapios.org\/fr\/es\/#\/schema\/logo\/image\/","url":"https:\/\/www.itakaescolapios.org\/wp-content\/uploads\/2024\/04\/Logo-itakaescolapios-peque.png","contentUrl":"https:\/\/www.itakaescolapios.org\/wp-content\/uploads\/2024\/04\/Logo-itakaescolapios-peque.png","width":500,"height":199,"caption":"Fundaci\u00f3 Itaka-Escolapios"},"image":{"@id":"https:\/\/www.itakaescolapios.org\/fr\/es\/#\/schema\/logo\/image\/"}},{"@type":"Person","@id":"https:\/\/www.itakaescolapios.org\/es\/#\/schema\/person\/d2844383e29bfdfef69039672ce14eb1","name":"cameroun01","url":"https:\/\/www.itakaescolapios.org\/fr\/author\/cameroun01\/"}]}},"_links":{"self":[{"href":"https:\/\/www.itakaescolapios.org\/fr\/wp-json\/wp\/v2\/posts\/37324","targetHints":{"allow":["GET"]}}],"collection":[{"href":"https:\/\/www.itakaescolapios.org\/fr\/wp-json\/wp\/v2\/posts"}],"about":[{"href":"https:\/\/www.itakaescolapios.org\/fr\/wp-json\/wp\/v2\/types\/post"}],"author":[{"embeddable":true,"href":"https:\/\/www.itakaescolapios.org\/fr\/wp-json\/wp\/v2\/users\/15"}],"replies":[{"embeddable":true,"href":"https:\/\/www.itakaescolapios.org\/fr\/wp-json\/wp\/v2\/comments?post=37324"}],"version-history":[{"count":2,"href":"https:\/\/www.itakaescolapios.org\/fr\/wp-json\/wp\/v2\/posts\/37324\/revisions"}],"predecessor-version":[{"id":43843,"href":"https:\/\/www.itakaescolapios.org\/fr\/wp-json\/wp\/v2\/posts\/37324\/revisions\/43843"}],"wp:featuredmedia":[{"embeddable":true,"href":"https:\/\/www.itakaescolapios.org\/fr\/wp-json\/wp\/v2\/media\/37325"}],"wp:attachment":[{"href":"https:\/\/www.itakaescolapios.org\/fr\/wp-json\/wp\/v2\/media?parent=37324"}],"wp:term":[{"taxonomy":"category","embeddable":true,"href":"https:\/\/www.itakaescolapios.org\/fr\/wp-json\/wp\/v2\/categories?post=37324"},{"taxonomy":"post_tag","embeddable":true,"href":"https:\/\/www.itakaescolapios.org\/fr\/wp-json\/wp\/v2\/tags?post=37324"}],"curies":[{"name":"wp","href":"https:\/\/api.w.org\/{rel}","templated":true}]}}