{"id":37493,"date":"2022-10-04T10:59:20","date_gmt":"2022-10-04T09:59:20","guid":{"rendered":"https:\/\/www.itakaescolapios.org\/?p=37493"},"modified":"2023-11-28T12:35:41","modified_gmt":"2023-11-28T11:35:41","slug":"francais-rencontre-des-correspondants-locaux-et-de-lequipe-operationnelle-de-la-fondation-itaka-province-dafrique-centrale-a-bandjoun-ouest-cameroun","status":"publish","type":"post","link":"https:\/\/www.itakaescolapios.org\/fr\/2022\/10\/francais-rencontre-des-correspondants-locaux-et-de-lequipe-operationnelle-de-la-fondation-itaka-province-dafrique-centrale-a-bandjoun-ouest-cameroun\/","title":{"rendered":"RENCONTRE DES CORRESPONDANTS LOCAUX ET DE L\u2019EQUIPE OPERATIONNELLE DE LA FONDATION ITAKA PROVINCE D\u2019AFRIQUE CENTRALE A BANDJOUN : OUEST CAMEROUN"},"content":{"rendered":"<p>Vendredi 30 Septembre 2022 a eu lieu \u00e0 Bandjoun, la rencontre des correspondants locaux et de l\u2019\u00e9quipe op\u00e9rationnelle de la fondation ITAKA Escolapios Province d\u2019Afrique Centrale en vue d\u2019\u00e9valuer l\u2019ann\u00e9e pass\u00e9e et poser des fondements et objectifs pour l\u2019ann\u00e9e qui d\u00e9bute. L\u2019ann\u00e9e 2021-2022\u00a0 a \u00e9t\u00e9 en g\u00e9n\u00e9ral une ann\u00e9e de succ\u00e8s surtout en ce qui concerne les examens nationaux. A Bafia, on note 100% pour les candidats aux examens nationaux et 91,93% pour les classes interm\u00e9diaires. Dans les \u00e9coles de l\u2019ouest, on note d\u2019une mani\u00e8re g\u00e9n\u00e9rale un pourcentage de 100% aux examens nationaux pour le primaire de Bamendjou et 81,10% pour les examens nationaux au Coll\u00e8ge Polyvalent Bilingue Saint Joseph Calasanz de Bandjoun. En Guin\u00e9e Equatoriale, nous avons not\u00e9 au cours de l\u2019ann\u00e9e les ateliers de formation au centre socio\u00e9ducatif d\u2019Akurenam\u00a0: l\u2019atelier de flute, l\u2019atelier langue vernaculaire, l\u2019atelier bricolage et un atelier informatique avec des enseignants pour tous ces ateliers. Du c\u00f4t\u00e9 du Gabon, il y a eu plusieurs activit\u00e9s telles que la construction de la quasi-paroisse de Malib\u00e9, la r\u00e9habilitation de l\u2019\u00e8re de jeu (qui n\u2019a pas abouti cause de l\u2019accompagnement), le hangar pour les parents, le toilettage et la construction des salles de classes et bien d\u2019autres. Pour l\u2019ann\u00e9e qui vient de d\u00e9buter, les plans d\u2019actions ont \u00e9t\u00e9 pr\u00e9sent\u00e9s mais le point a \u00e9t\u00e9 mis sur la collaboration entre les correspondants locaux et les responsables d\u2019\u0153uvres pour le bon fonctionnement des \u0153uvres et \u00e9coles.<\/p>\n<p><img decoding=\"async\" class=\"size-full wp-image-3237 aligncenter\" src=\"https:\/\/piaristesafriquecentrale.org\/wp-content\/uploads\/2022\/10\/20220930_093112-scaled.jpg\" alt=\"\" width=\"2560\" height=\"1920\" \/><\/p>\n<p><img decoding=\"async\" class=\"size-full wp-image-3238 aligncenter\" src=\"https:\/\/piaristesafriquecentrale.org\/wp-content\/uploads\/2022\/10\/20220930_093135-scaled.jpg\" alt=\"\" width=\"2560\" height=\"1920\" \/><\/p>\n<p><img decoding=\"async\" class=\"size-full wp-image-3239 aligncenter\" src=\"https:\/\/piaristesafriquecentrale.org\/wp-content\/uploads\/2022\/10\/20220930_093132-scaled.jpg\" alt=\"\" width=\"2560\" height=\"1920\" \/><\/p>\n","protected":false},"excerpt":{"rendered":"<p>Vendredi 30 Septembre 2022 a eu lieu \u00e0 Bandjoun, la rencontre des correspondants locaux et de l\u2019\u00e9quipe op\u00e9rationnelle de la fondation ITAKA Escolapios Province d\u2019Afrique Centrale en vue d\u2019\u00e9valuer l\u2019ann\u00e9e [&hellip;]<\/p>\n","protected":false},"author":15,"featured_media":37499,"comment_status":"closed","ping_status":"closed","sticky":false,"template":"","format":"standard","meta":{"_et_pb_use_builder":"","_et_pb_old_content":"","_et_gb_content_width":"","footnotes":""},"categories":[53,10],"tags":[],"class_list":["post-37493","post","type-post","status-publish","format-standard","has-post-thumbnail","hentry","category-africa-central","category-camerun"],"yoast_head":"<!-- This site is optimized with the Yoast SEO plugin v27.4 - https:\/\/yoast.com\/product\/yoast-seo-wordpress\/ -->\n<title>RENCONTRE DES CORRESPONDANTS LOCAUX ET DE L\u2019EQUIPE OPERATIONNELLE DE LA FONDATION ITAKA PROVINCE D\u2019AFRIQUE CENTRALE A BANDJOUN : OUEST CAMEROUN<\/title>\n<meta name=\"description\" content=\"Vendredi 30 Septembre 2022 a eu lieu \u00e0 Bandjoun, la rencontre des correspondants locaux et de l\u2019\u00e9quipe op\u00e9rationnelle de la fondation ITAKA Escolapios Province d\u2019Afrique Centrale en vue d\u2019\u00e9valuer l\u2019ann\u00e9e pass\u00e9e et poser des fondements et objectifs pour l\u2019ann\u00e9e qui d\u00e9bute. L\u2019ann\u00e9e 2021-2022\u00a0 a \u00e9t\u00e9 en g\u00e9n\u00e9ral une ann\u00e9e de succ\u00e8s surtout en ce qui\u2026\" \/>\n<meta name=\"robots\" content=\"index, follow, max-snippet:-1, max-image-preview:large, max-video-preview:-1\" \/>\n<link rel=\"canonical\" href=\"http:\/\/Vendredi%2030%20Septembre%202022%20a%20eu%20lieu%20\u00e0%20Bandjoun,%20la%20rencontre%20des%20correspondants%20locaux%20et%20de%20l\u2019\u00e9quipe%20op\u00e9rationnelle%20de%20la%20fondation%20ITAKA%20Escolapios%20Province%20d\u2019Afrique%20Centrale%20en%20vue%20d\u2019\u00e9valuer%20l\u2019ann\u00e9e%20pass\u00e9e%20et%20poser%20des%20fondements%20et%20objectifs%20pour%20l\u2019ann\u00e9e%20qui%20d\u00e9bute.%20L\u2019ann\u00e9e%202021-2022\u00a0%20a%20\u00e9t\u00e9%20en%20g\u00e9n\u00e9ral%20une%20ann\u00e9e%20de%20succ\u00e8s%20surtout%20en%20ce%20qui\u2026\" \/>\n<meta property=\"og:locale\" content=\"fr_FR\" \/>\n<meta property=\"og:type\" content=\"article\" \/>\n<meta property=\"og:title\" content=\"RENCONTRE DES CORRESPONDANTS LOCAUX ET DE L\u2019EQUIPE OPERATIONNELLE DE LA FONDATION ITAKA PROVINCE D\u2019AFRIQUE CENTRALE A BANDJOUN : OUEST CAMEROUN\" \/>\n<meta property=\"og:description\" content=\"Vendredi 30 Septembre 2022 a eu lieu \u00e0 Bandjoun, la rencontre des correspondants locaux et de l\u2019\u00e9quipe op\u00e9rationnelle de la fondation ITAKA Escolapios Province d\u2019Afrique Centrale en vue d\u2019\u00e9valuer l\u2019ann\u00e9e pass\u00e9e et poser des fondements et objectifs pour l\u2019ann\u00e9e qui d\u00e9bute. L\u2019ann\u00e9e 2021-2022\u00a0 a \u00e9t\u00e9 en g\u00e9n\u00e9ral une ann\u00e9e de succ\u00e8s surtout en ce qui\u2026\" \/>\n<meta property=\"og:url\" content=\"https:\/\/www.itakaescolapios.org\/fr\/2022\/10\/francais-rencontre-des-correspondants-locaux-et-de-lequipe-operationnelle-de-la-fondation-itaka-province-dafrique-centrale-a-bandjoun-ouest-cameroun\/\" \/>\n<meta property=\"og:site_name\" content=\"Itaka-Escolapios\" \/>\n<meta property=\"article:published_time\" content=\"2022-10-04T09:59:20+00:00\" \/>\n<meta property=\"article:modified_time\" content=\"2023-11-28T11:35:41+00:00\" \/>\n<meta property=\"og:image\" content=\"https:\/\/www.itakaescolapios.org\/wp-content\/uploads\/2022\/10\/20220930_093112-1-scaled.jpg\" \/>\n\t<meta property=\"og:image:width\" content=\"2000\" \/>\n\t<meta property=\"og:image:height\" content=\"1500\" \/>\n\t<meta property=\"og:image:type\" content=\"image\/jpeg\" \/>\n<meta name=\"author\" content=\"cameroun01\" \/>\n<meta name=\"twitter:card\" content=\"summary_large_image\" \/>\n<meta name=\"twitter:label1\" content=\"\u00c9crit par\" \/>\n\t<meta name=\"twitter:data1\" content=\"cameroun01\" \/>\n\t<meta name=\"twitter:label2\" content=\"Dur\u00e9e de lecture estim\u00e9e\" \/>\n\t<meta name=\"twitter:data2\" content=\"1 minute\" \/>\n<script type=\"application\/ld+json\" class=\"yoast-schema-graph\">{\"@context\":\"https:\\\/\\\/schema.org\",\"@graph\":[{\"@type\":\"Article\",\"@id\":\"https:\\\/\\\/www.itakaescolapios.org\\\/fr\\\/2022\\\/10\\\/francais-rencontre-des-correspondants-locaux-et-de-lequipe-operationnelle-de-la-fondation-itaka-province-dafrique-centrale-a-bandjoun-ouest-cameroun\\\/#article\",\"isPartOf\":{\"@id\":\"https:\\\/\\\/www.itakaescolapios.org\\\/fr\\\/2022\\\/10\\\/francais-rencontre-des-correspondants-locaux-et-de-lequipe-operationnelle-de-la-fondation-itaka-province-dafrique-centrale-a-bandjoun-ouest-cameroun\\\/\"},\"author\":{\"name\":\"cameroun01\",\"@id\":\"https:\\\/\\\/www.itakaescolapios.org\\\/es\\\/#\\\/schema\\\/person\\\/d2844383e29bfdfef69039672ce14eb1\"},\"headline\":\"RENCONTRE DES CORRESPONDANTS LOCAUX ET DE L\u2019EQUIPE OPERATIONNELLE DE LA FONDATION ITAKA PROVINCE D\u2019AFRIQUE CENTRALE A BANDJOUN : OUEST CAMEROUN\",\"datePublished\":\"2022-10-04T09:59:20+00:00\",\"dateModified\":\"2023-11-28T11:35:41+00:00\",\"mainEntityOfPage\":{\"@id\":\"https:\\\/\\\/www.itakaescolapios.org\\\/fr\\\/2022\\\/10\\\/francais-rencontre-des-correspondants-locaux-et-de-lequipe-operationnelle-de-la-fondation-itaka-province-dafrique-centrale-a-bandjoun-ouest-cameroun\\\/\"},\"wordCount\":275,\"publisher\":{\"@id\":\"https:\\\/\\\/www.itakaescolapios.org\\\/es\\\/#organization\"},\"image\":{\"@id\":\"https:\\\/\\\/www.itakaescolapios.org\\\/fr\\\/2022\\\/10\\\/francais-rencontre-des-correspondants-locaux-et-de-lequipe-operationnelle-de-la-fondation-itaka-province-dafrique-centrale-a-bandjoun-ouest-cameroun\\\/#primaryimage\"},\"thumbnailUrl\":\"https:\\\/\\\/www.itakaescolapios.org\\\/wp-content\\\/uploads\\\/2022\\\/10\\\/20220930_093112-1-scaled.jpg\",\"articleSection\":[\"Afrique centrale\",\"Cameroun\"],\"inLanguage\":\"fr-FR\"},{\"@type\":\"WebPage\",\"@id\":\"https:\\\/\\\/www.itakaescolapios.org\\\/fr\\\/2022\\\/10\\\/francais-rencontre-des-correspondants-locaux-et-de-lequipe-operationnelle-de-la-fondation-itaka-province-dafrique-centrale-a-bandjoun-ouest-cameroun\\\/\",\"url\":\"https:\\\/\\\/www.itakaescolapios.org\\\/fr\\\/2022\\\/10\\\/francais-rencontre-des-correspondants-locaux-et-de-lequipe-operationnelle-de-la-fondation-itaka-province-dafrique-centrale-a-bandjoun-ouest-cameroun\\\/\",\"name\":\"- Itaka-Escolapios\",\"isPartOf\":{\"@id\":\"https:\\\/\\\/www.itakaescolapios.org\\\/es\\\/#website\"},\"primaryImageOfPage\":{\"@id\":\"https:\\\/\\\/www.itakaescolapios.org\\\/fr\\\/2022\\\/10\\\/francais-rencontre-des-correspondants-locaux-et-de-lequipe-operationnelle-de-la-fondation-itaka-province-dafrique-centrale-a-bandjoun-ouest-cameroun\\\/#primaryimage\"},\"image\":{\"@id\":\"https:\\\/\\\/www.itakaescolapios.org\\\/fr\\\/2022\\\/10\\\/francais-rencontre-des-correspondants-locaux-et-de-lequipe-operationnelle-de-la-fondation-itaka-province-dafrique-centrale-a-bandjoun-ouest-cameroun\\\/#primaryimage\"},\"thumbnailUrl\":\"https:\\\/\\\/www.itakaescolapios.org\\\/wp-content\\\/uploads\\\/2022\\\/10\\\/20220930_093112-1-scaled.jpg\",\"datePublished\":\"2022-10-04T09:59:20+00:00\",\"dateModified\":\"2023-11-28T11:35:41+00:00\",\"breadcrumb\":{\"@id\":\"https:\\\/\\\/www.itakaescolapios.org\\\/fr\\\/2022\\\/10\\\/francais-rencontre-des-correspondants-locaux-et-de-lequipe-operationnelle-de-la-fondation-itaka-province-dafrique-centrale-a-bandjoun-ouest-cameroun\\\/#breadcrumb\"},\"inLanguage\":\"fr-FR\",\"potentialAction\":[{\"@type\":\"ReadAction\",\"target\":[\"https:\\\/\\\/www.itakaescolapios.org\\\/fr\\\/2022\\\/10\\\/francais-rencontre-des-correspondants-locaux-et-de-lequipe-operationnelle-de-la-fondation-itaka-province-dafrique-centrale-a-bandjoun-ouest-cameroun\\\/\"]}]},{\"@type\":\"ImageObject\",\"inLanguage\":\"fr-FR\",\"@id\":\"https:\\\/\\\/www.itakaescolapios.org\\\/fr\\\/2022\\\/10\\\/francais-rencontre-des-correspondants-locaux-et-de-lequipe-operationnelle-de-la-fondation-itaka-province-dafrique-centrale-a-bandjoun-ouest-cameroun\\\/#primaryimage\",\"url\":\"https:\\\/\\\/www.itakaescolapios.org\\\/wp-content\\\/uploads\\\/2022\\\/10\\\/20220930_093112-1-scaled.jpg\",\"contentUrl\":\"https:\\\/\\\/www.itakaescolapios.org\\\/wp-content\\\/uploads\\\/2022\\\/10\\\/20220930_093112-1-scaled.jpg\",\"width\":2000,\"height\":1500},{\"@type\":\"BreadcrumbList\",\"@id\":\"https:\\\/\\\/www.itakaescolapios.org\\\/fr\\\/2022\\\/10\\\/francais-rencontre-des-correspondants-locaux-et-de-lequipe-operationnelle-de-la-fondation-itaka-province-dafrique-centrale-a-bandjoun-ouest-cameroun\\\/#breadcrumb\",\"itemListElement\":[{\"@type\":\"ListItem\",\"position\":1,\"name\":\"Itaka-Escolapios\",\"item\":\"https:\\\/\\\/www.itakaescolapios.org\\\/es\\\/\"},{\"@type\":\"ListItem\",\"position\":2,\"name\":\"RENCONTRE DES CORRESPONDANTS LOCAUX ET DE L\u2019EQUIPE OPERATIONNELLE DE LA FONDATION ITAKA PROVINCE D\u2019AFRIQUE CENTRALE A BANDJOUN : OUEST CAMEROUN\"}]},{\"@type\":\"WebSite\",\"@id\":\"https:\\\/\\\/www.itakaescolapios.org\\\/fr\\\/es\\\/#website\",\"url\":\"https:\\\/\\\/www.itakaescolapios.org\\\/fr\\\/es\\\/\",\"name\":\"Itaka-Escolapios\",\"description\":\"Red de Itaka-Escolapios\",\"publisher\":{\"@id\":\"https:\\\/\\\/www.itakaescolapios.org\\\/fr\\\/es\\\/#organization\"},\"potentialAction\":[{\"@type\":\"SearchAction\",\"target\":{\"@type\":\"EntryPoint\",\"urlTemplate\":\"https:\\\/\\\/www.itakaescolapios.org\\\/fr\\\/es\\\/?s={search_term_string}\"},\"query-input\":{\"@type\":\"PropertyValueSpecification\",\"valueRequired\":true,\"valueName\":\"search_term_string\"}}],\"inLanguage\":\"fr-FR\"},{\"@type\":\"Organization\",\"@id\":\"https:\\\/\\\/www.itakaescolapios.org\\\/fr\\\/es\\\/#organization\",\"name\":\"Fundaci\u00f3 Itaka-Escolapios\",\"url\":\"https:\\\/\\\/www.itakaescolapios.org\\\/fr\\\/es\\\/\",\"logo\":{\"@type\":\"ImageObject\",\"inLanguage\":\"fr-FR\",\"@id\":\"https:\\\/\\\/www.itakaescolapios.org\\\/fr\\\/es\\\/#\\\/schema\\\/logo\\\/image\\\/\",\"url\":\"https:\\\/\\\/www.itakaescolapios.org\\\/wp-content\\\/uploads\\\/2024\\\/04\\\/Logo-itakaescolapios-peque.png\",\"contentUrl\":\"https:\\\/\\\/www.itakaescolapios.org\\\/wp-content\\\/uploads\\\/2024\\\/04\\\/Logo-itakaescolapios-peque.png\",\"width\":500,\"height\":199,\"caption\":\"Fundaci\u00f3 Itaka-Escolapios\"},\"image\":{\"@id\":\"https:\\\/\\\/www.itakaescolapios.org\\\/fr\\\/es\\\/#\\\/schema\\\/logo\\\/image\\\/\"}},{\"@type\":\"Person\",\"@id\":\"https:\\\/\\\/www.itakaescolapios.org\\\/es\\\/#\\\/schema\\\/person\\\/d2844383e29bfdfef69039672ce14eb1\",\"name\":\"cameroun01\",\"url\":\"https:\\\/\\\/www.itakaescolapios.org\\\/fr\\\/author\\\/cameroun01\\\/\"}]}<\/script>\n<!-- \/ Yoast SEO plugin. -->","yoast_head_json":{"title":"RENCONTRE DES CORRESPONDANTS LOCAUX ET DE L\u2019EQUIPE OPERATIONNELLE DE LA FONDATION ITAKA PROVINCE D\u2019AFRIQUE CENTRALE A BANDJOUN : OUEST CAMEROUN","description":"Vendredi 30 Septembre 2022 a eu lieu \u00e0 Bandjoun, la rencontre des correspondants locaux et de l\u2019\u00e9quipe op\u00e9rationnelle de la fondation ITAKA Escolapios Province d\u2019Afrique Centrale en vue d\u2019\u00e9valuer l\u2019ann\u00e9e pass\u00e9e et poser des fondements et objectifs pour l\u2019ann\u00e9e qui d\u00e9bute. L\u2019ann\u00e9e 2021-2022\u00a0 a \u00e9t\u00e9 en g\u00e9n\u00e9ral une ann\u00e9e de succ\u00e8s surtout en ce qui\u2026","robots":{"index":"index","follow":"follow","max-snippet":"max-snippet:-1","max-image-preview":"max-image-preview:large","max-video-preview":"max-video-preview:-1"},"canonical":"Vendredi 30 Septembre 2022 a eu lieu \u00e0 Bandjoun, la rencontre des correspondants locaux et de l\u2019\u00e9quipe op\u00e9rationnelle de la fondation ITAKA Escolapios Province d\u2019Afrique Centrale en vue d\u2019\u00e9valuer l\u2019ann\u00e9e pass\u00e9e et poser des fondements et objectifs pour l\u2019ann\u00e9e qui d\u00e9bute. L\u2019ann\u00e9e 2021-2022\u00a0 a \u00e9t\u00e9 en g\u00e9n\u00e9ral une ann\u00e9e de succ\u00e8s surtout en ce qui\u2026","og_locale":"fr_FR","og_type":"article","og_title":"RENCONTRE DES CORRESPONDANTS LOCAUX ET DE L\u2019EQUIPE OPERATIONNELLE DE LA FONDATION ITAKA PROVINCE D\u2019AFRIQUE CENTRALE A BANDJOUN : OUEST CAMEROUN","og_description":"Vendredi 30 Septembre 2022 a eu lieu \u00e0 Bandjoun, la rencontre des correspondants locaux et de l\u2019\u00e9quipe op\u00e9rationnelle de la fondation ITAKA Escolapios Province d\u2019Afrique Centrale en vue d\u2019\u00e9valuer l\u2019ann\u00e9e pass\u00e9e et poser des fondements et objectifs pour l\u2019ann\u00e9e qui d\u00e9bute. L\u2019ann\u00e9e 2021-2022\u00a0 a \u00e9t\u00e9 en g\u00e9n\u00e9ral une ann\u00e9e de succ\u00e8s surtout en ce qui\u2026","og_url":"https:\/\/www.itakaescolapios.org\/fr\/2022\/10\/francais-rencontre-des-correspondants-locaux-et-de-lequipe-operationnelle-de-la-fondation-itaka-province-dafrique-centrale-a-bandjoun-ouest-cameroun\/","og_site_name":"Itaka-Escolapios","article_published_time":"2022-10-04T09:59:20+00:00","article_modified_time":"2023-11-28T11:35:41+00:00","og_image":[{"width":2000,"height":1500,"url":"https:\/\/www.itakaescolapios.org\/wp-content\/uploads\/2022\/10\/20220930_093112-1-scaled.jpg","type":"image\/jpeg"}],"author":"cameroun01","twitter_card":"summary_large_image","twitter_misc":{"\u00c9crit par":"cameroun01","Dur\u00e9e de lecture estim\u00e9e":"1 minute"},"schema":{"@context":"https:\/\/schema.org","@graph":[{"@type":"Article","@id":"https:\/\/www.itakaescolapios.org\/fr\/2022\/10\/francais-rencontre-des-correspondants-locaux-et-de-lequipe-operationnelle-de-la-fondation-itaka-province-dafrique-centrale-a-bandjoun-ouest-cameroun\/#article","isPartOf":{"@id":"https:\/\/www.itakaescolapios.org\/fr\/2022\/10\/francais-rencontre-des-correspondants-locaux-et-de-lequipe-operationnelle-de-la-fondation-itaka-province-dafrique-centrale-a-bandjoun-ouest-cameroun\/"},"author":{"name":"cameroun01","@id":"https:\/\/www.itakaescolapios.org\/es\/#\/schema\/person\/d2844383e29bfdfef69039672ce14eb1"},"headline":"RENCONTRE DES CORRESPONDANTS LOCAUX ET DE L\u2019EQUIPE OPERATIONNELLE DE LA FONDATION ITAKA PROVINCE D\u2019AFRIQUE CENTRALE A BANDJOUN : OUEST CAMEROUN","datePublished":"2022-10-04T09:59:20+00:00","dateModified":"2023-11-28T11:35:41+00:00","mainEntityOfPage":{"@id":"https:\/\/www.itakaescolapios.org\/fr\/2022\/10\/francais-rencontre-des-correspondants-locaux-et-de-lequipe-operationnelle-de-la-fondation-itaka-province-dafrique-centrale-a-bandjoun-ouest-cameroun\/"},"wordCount":275,"publisher":{"@id":"https:\/\/www.itakaescolapios.org\/es\/#organization"},"image":{"@id":"https:\/\/www.itakaescolapios.org\/fr\/2022\/10\/francais-rencontre-des-correspondants-locaux-et-de-lequipe-operationnelle-de-la-fondation-itaka-province-dafrique-centrale-a-bandjoun-ouest-cameroun\/#primaryimage"},"thumbnailUrl":"https:\/\/www.itakaescolapios.org\/wp-content\/uploads\/2022\/10\/20220930_093112-1-scaled.jpg","articleSection":["Afrique centrale","Cameroun"],"inLanguage":"fr-FR"},{"@type":"WebPage","@id":"https:\/\/www.itakaescolapios.org\/fr\/2022\/10\/francais-rencontre-des-correspondants-locaux-et-de-lequipe-operationnelle-de-la-fondation-itaka-province-dafrique-centrale-a-bandjoun-ouest-cameroun\/","url":"https:\/\/www.itakaescolapios.org\/fr\/2022\/10\/francais-rencontre-des-correspondants-locaux-et-de-lequipe-operationnelle-de-la-fondation-itaka-province-dafrique-centrale-a-bandjoun-ouest-cameroun\/","name":"- Itaka-Escolapios","isPartOf":{"@id":"https:\/\/www.itakaescolapios.org\/es\/#website"},"primaryImageOfPage":{"@id":"https:\/\/www.itakaescolapios.org\/fr\/2022\/10\/francais-rencontre-des-correspondants-locaux-et-de-lequipe-operationnelle-de-la-fondation-itaka-province-dafrique-centrale-a-bandjoun-ouest-cameroun\/#primaryimage"},"image":{"@id":"https:\/\/www.itakaescolapios.org\/fr\/2022\/10\/francais-rencontre-des-correspondants-locaux-et-de-lequipe-operationnelle-de-la-fondation-itaka-province-dafrique-centrale-a-bandjoun-ouest-cameroun\/#primaryimage"},"thumbnailUrl":"https:\/\/www.itakaescolapios.org\/wp-content\/uploads\/2022\/10\/20220930_093112-1-scaled.jpg","datePublished":"2022-10-04T09:59:20+00:00","dateModified":"2023-11-28T11:35:41+00:00","breadcrumb":{"@id":"https:\/\/www.itakaescolapios.org\/fr\/2022\/10\/francais-rencontre-des-correspondants-locaux-et-de-lequipe-operationnelle-de-la-fondation-itaka-province-dafrique-centrale-a-bandjoun-ouest-cameroun\/#breadcrumb"},"inLanguage":"fr-FR","potentialAction":[{"@type":"ReadAction","target":["https:\/\/www.itakaescolapios.org\/fr\/2022\/10\/francais-rencontre-des-correspondants-locaux-et-de-lequipe-operationnelle-de-la-fondation-itaka-province-dafrique-centrale-a-bandjoun-ouest-cameroun\/"]}]},{"@type":"ImageObject","inLanguage":"fr-FR","@id":"https:\/\/www.itakaescolapios.org\/fr\/2022\/10\/francais-rencontre-des-correspondants-locaux-et-de-lequipe-operationnelle-de-la-fondation-itaka-province-dafrique-centrale-a-bandjoun-ouest-cameroun\/#primaryimage","url":"https:\/\/www.itakaescolapios.org\/wp-content\/uploads\/2022\/10\/20220930_093112-1-scaled.jpg","contentUrl":"https:\/\/www.itakaescolapios.org\/wp-content\/uploads\/2022\/10\/20220930_093112-1-scaled.jpg","width":2000,"height":1500},{"@type":"BreadcrumbList","@id":"https:\/\/www.itakaescolapios.org\/fr\/2022\/10\/francais-rencontre-des-correspondants-locaux-et-de-lequipe-operationnelle-de-la-fondation-itaka-province-dafrique-centrale-a-bandjoun-ouest-cameroun\/#breadcrumb","itemListElement":[{"@type":"ListItem","position":1,"name":"Itaka-Escolapios","item":"https:\/\/www.itakaescolapios.org\/es\/"},{"@type":"ListItem","position":2,"name":"RENCONTRE DES CORRESPONDANTS LOCAUX ET DE L\u2019EQUIPE OPERATIONNELLE DE LA FONDATION ITAKA PROVINCE D\u2019AFRIQUE CENTRALE A BANDJOUN : OUEST CAMEROUN"}]},{"@type":"WebSite","@id":"https:\/\/www.itakaescolapios.org\/fr\/es\/#website","url":"https:\/\/www.itakaescolapios.org\/fr\/es\/","name":"Itaka-Escolapios","description":"Red de Itaka-Escolapios","publisher":{"@id":"https:\/\/www.itakaescolapios.org\/fr\/es\/#organization"},"potentialAction":[{"@type":"SearchAction","target":{"@type":"EntryPoint","urlTemplate":"https:\/\/www.itakaescolapios.org\/fr\/es\/?s={search_term_string}"},"query-input":{"@type":"PropertyValueSpecification","valueRequired":true,"valueName":"search_term_string"}}],"inLanguage":"fr-FR"},{"@type":"Organization","@id":"https:\/\/www.itakaescolapios.org\/fr\/es\/#organization","name":"Fundaci\u00f3 Itaka-Escolapios","url":"https:\/\/www.itakaescolapios.org\/fr\/es\/","logo":{"@type":"ImageObject","inLanguage":"fr-FR","@id":"https:\/\/www.itakaescolapios.org\/fr\/es\/#\/schema\/logo\/image\/","url":"https:\/\/www.itakaescolapios.org\/wp-content\/uploads\/2024\/04\/Logo-itakaescolapios-peque.png","contentUrl":"https:\/\/www.itakaescolapios.org\/wp-content\/uploads\/2024\/04\/Logo-itakaescolapios-peque.png","width":500,"height":199,"caption":"Fundaci\u00f3 Itaka-Escolapios"},"image":{"@id":"https:\/\/www.itakaescolapios.org\/fr\/es\/#\/schema\/logo\/image\/"}},{"@type":"Person","@id":"https:\/\/www.itakaescolapios.org\/es\/#\/schema\/person\/d2844383e29bfdfef69039672ce14eb1","name":"cameroun01","url":"https:\/\/www.itakaescolapios.org\/fr\/author\/cameroun01\/"}]}},"_links":{"self":[{"href":"https:\/\/www.itakaescolapios.org\/fr\/wp-json\/wp\/v2\/posts\/37493","targetHints":{"allow":["GET"]}}],"collection":[{"href":"https:\/\/www.itakaescolapios.org\/fr\/wp-json\/wp\/v2\/posts"}],"about":[{"href":"https:\/\/www.itakaescolapios.org\/fr\/wp-json\/wp\/v2\/types\/post"}],"author":[{"embeddable":true,"href":"https:\/\/www.itakaescolapios.org\/fr\/wp-json\/wp\/v2\/users\/15"}],"replies":[{"embeddable":true,"href":"https:\/\/www.itakaescolapios.org\/fr\/wp-json\/wp\/v2\/comments?post=37493"}],"version-history":[{"count":2,"href":"https:\/\/www.itakaescolapios.org\/fr\/wp-json\/wp\/v2\/posts\/37493\/revisions"}],"predecessor-version":[{"id":43816,"href":"https:\/\/www.itakaescolapios.org\/fr\/wp-json\/wp\/v2\/posts\/37493\/revisions\/43816"}],"wp:featuredmedia":[{"embeddable":true,"href":"https:\/\/www.itakaescolapios.org\/fr\/wp-json\/wp\/v2\/media\/37499"}],"wp:attachment":[{"href":"https:\/\/www.itakaescolapios.org\/fr\/wp-json\/wp\/v2\/media?parent=37493"}],"wp:term":[{"taxonomy":"category","embeddable":true,"href":"https:\/\/www.itakaescolapios.org\/fr\/wp-json\/wp\/v2\/categories?post=37493"},{"taxonomy":"post_tag","embeddable":true,"href":"https:\/\/www.itakaescolapios.org\/fr\/wp-json\/wp\/v2\/tags?post=37493"}],"curies":[{"name":"wp","href":"https:\/\/api.w.org\/{rel}","templated":true}]}}