{"id":37557,"date":"2022-10-10T11:37:03","date_gmt":"2022-10-10T10:37:03","guid":{"rendered":"https:\/\/www.itakaescolapios.org\/?p=37557"},"modified":"2023-11-28T12:35:41","modified_gmt":"2023-11-28T11:35:41","slug":"francais-messe-de-la-rentree-scolaire-pour-les-ecoles-de-bamendjou-ouest-cameroun","status":"publish","type":"post","link":"https:\/\/www.itakaescolapios.org\/fr\/2022\/10\/francais-messe-de-la-rentree-scolaire-pour-les-ecoles-de-bamendjou-ouest-cameroun\/","title":{"rendered":"MESSE DE LA RENTREE SCOLAIRE POUR LES ECOLES DE BAMENDJOU (Ouest Cameroun)"},"content":{"rendered":"<p>Le vendredi 07 Octobre 2022 a eu lieu \u00e0 la Paroisse Saint Antoine de Padoue de Bamendjou (Ouest Cameroun), la messe de la rentr\u00e9e scolaire pour les \u00e9l\u00e8ves des \u00e9coles de Bamendjou. Anim\u00e9e par le P\u00e8re Cl\u00e9ment TSANGA assist\u00e9 par le P\u00e8re Peter AFOUKEZE, la c\u00e9r\u00e9monie a \u00e9t\u00e9 belle et tous les \u00e9l\u00e8ves ont particip\u00e9s \u00e0 la c\u00e9l\u00e9bration eucharistique. Pendant la c\u00e9l\u00e9bration, le P\u00e8re Cl\u00e9ment nous a instruits sur le th\u00e8me de la campagne annuelle \u00ab ta voix \u00bb ainsi que le lancement et le v\u00e9cu du mouvement Calasanz \u00e0 Bamendjou tout au long de l\u2019ann\u00e9e. Pendant l\u2019ann\u00e9e chacun doit \u00e9couter l\u2019autre : entre \u00e9l\u00e8ves, enseignants et responsable des \u00e9coles, l\u2019\u00e9coute doit \u00eatre mutuelle tout au long de l\u2019ann\u00e9e. Les enfants ainsi que les enseignants ont fait preuve d\u2019un grand \u00e9lan de solidarit\u00e9 au moment de l\u2019offertoire : ils ont fait des offrandes en nature avec beaucoup de joie et de gait\u00e9 de c\u0153ur.<\/p>\n<p><img decoding=\"async\" class=\"size-full wp-image-37547 aligncenter\" src=\"https:\/\/www.itakaescolapios.org\/wp-content\/uploads\/2022\/10\/20221007_092839-scaled.jpg\" alt=\"\" width=\"2560\" height=\"1920\" srcset=\"https:\/\/www.itakaescolapios.org\/wp-content\/uploads\/2022\/10\/20221007_092839-scaled.jpg 2000w, https:\/\/www.itakaescolapios.org\/wp-content\/uploads\/2022\/10\/20221007_092839-300x225.jpg 300w, https:\/\/www.itakaescolapios.org\/wp-content\/uploads\/2022\/10\/20221007_092839-1024x768.jpg 1024w, https:\/\/www.itakaescolapios.org\/wp-content\/uploads\/2022\/10\/20221007_092839-768x576.jpg 768w, https:\/\/www.itakaescolapios.org\/wp-content\/uploads\/2022\/10\/20221007_092839-1536x1152.jpg 1536w, https:\/\/www.itakaescolapios.org\/wp-content\/uploads\/2022\/10\/20221007_092839-2048x1536.jpg 2048w, https:\/\/www.itakaescolapios.org\/wp-content\/uploads\/2022\/10\/20221007_092839-250x188.jpg 250w, https:\/\/www.itakaescolapios.org\/wp-content\/uploads\/2022\/10\/20221007_092839-510x382.jpg 510w, https:\/\/www.itakaescolapios.org\/wp-content\/uploads\/2022\/10\/20221007_092839-1080x810.jpg 1080w\" sizes=\"(max-width: 2560px) 100vw, 2560px\" \/><\/p>\n<p><img decoding=\"async\" class=\"size-full wp-image-37546 aligncenter\" src=\"https:\/\/www.itakaescolapios.org\/wp-content\/uploads\/2022\/10\/20221007_092833-scaled.jpg\" alt=\"\" width=\"2560\" height=\"1920\" srcset=\"https:\/\/www.itakaescolapios.org\/wp-content\/uploads\/2022\/10\/20221007_092833-scaled.jpg 2000w, https:\/\/www.itakaescolapios.org\/wp-content\/uploads\/2022\/10\/20221007_092833-300x225.jpg 300w, https:\/\/www.itakaescolapios.org\/wp-content\/uploads\/2022\/10\/20221007_092833-1024x768.jpg 1024w, https:\/\/www.itakaescolapios.org\/wp-content\/uploads\/2022\/10\/20221007_092833-768x576.jpg 768w, https:\/\/www.itakaescolapios.org\/wp-content\/uploads\/2022\/10\/20221007_092833-1536x1152.jpg 1536w, https:\/\/www.itakaescolapios.org\/wp-content\/uploads\/2022\/10\/20221007_092833-2048x1536.jpg 2048w, https:\/\/www.itakaescolapios.org\/wp-content\/uploads\/2022\/10\/20221007_092833-250x188.jpg 250w, https:\/\/www.itakaescolapios.org\/wp-content\/uploads\/2022\/10\/20221007_092833-510x382.jpg 510w, https:\/\/www.itakaescolapios.org\/wp-content\/uploads\/2022\/10\/20221007_092833-1080x810.jpg 1080w\" sizes=\"(max-width: 2560px) 100vw, 2560px\" \/><\/p>\n","protected":false},"excerpt":{"rendered":"<p>Le vendredi 07 Octobre 2022 a eu lieu \u00e0 la Paroisse Saint Antoine de Padoue de Bamendjou (Ouest Cameroun), la messe de la rentr\u00e9e scolaire pour les \u00e9l\u00e8ves des \u00e9coles [&hellip;]<\/p>\n","protected":false},"author":15,"featured_media":37554,"comment_status":"closed","ping_status":"closed","sticky":false,"template":"","format":"standard","meta":{"_et_pb_use_builder":"","_et_pb_old_content":"","_et_gb_content_width":"","footnotes":""},"categories":[53,10],"tags":[],"class_list":["post-37557","post","type-post","status-publish","format-standard","has-post-thumbnail","hentry","category-africa-central","category-camerun"],"yoast_head":"<!-- This site is optimized with the Yoast SEO plugin v27.4 - https:\/\/yoast.com\/product\/yoast-seo-wordpress\/ -->\n<title>MESSE DE LA RENTREE SCOLAIRE POUR LES ECOLES DE BAMENDJOU (Ouest Cameroun)<\/title>\n<meta name=\"description\" content=\"Le vendredi 07 Octobre 2022 a eu lieu \u00e0 la Paroisse Saint Antoine de Padoue de Bamendjou (Ouest Cameroun), la messe de la rentr\u00e9e scolaire pour les \u00e9l\u00e8ves des \u00e9coles de Bamendjou. Anim\u00e9e par le P\u00e8re Cl\u00e9ment TSANGA assist\u00e9 par le P\u00e8re Peter AFOUKEZE, la c\u00e9r\u00e9monie a \u00e9t\u00e9 belle et tous les \u00e9l\u00e8ves ont particip\u00e9s\u2026\" \/>\n<meta name=\"robots\" content=\"index, follow, max-snippet:-1, max-image-preview:large, max-video-preview:-1\" \/>\n<link rel=\"canonical\" href=\"http:\/\/Le%20vendredi%2007%20Octobre%202022%20a%20eu%20lieu%20\u00e0%20la%20Paroisse%20Saint%20Antoine%20de%20Padoue%20de%20Bamendjou%20(Ouest%20Cameroun),%20la%20messe%20de%20la%20rentr\u00e9e%20scolaire%20pour%20les%20\u00e9l\u00e8ves%20des%20\u00e9coles%20de%20Bamendjou.%20Anim\u00e9e%20par%20le%20P\u00e8re%20Cl\u00e9ment%20TSANGA%20assist\u00e9%20par%20le%20P\u00e8re%20Peter%20AFOUKEZE,%20la%20c\u00e9r\u00e9monie%20a%20\u00e9t\u00e9%20belle%20et%20tous%20les%20\u00e9l\u00e8ves%20ont%20particip\u00e9s\u2026\" \/>\n<meta property=\"og:locale\" content=\"fr_FR\" \/>\n<meta property=\"og:type\" content=\"article\" \/>\n<meta property=\"og:title\" content=\"MESSE DE LA RENTREE SCOLAIRE POUR LES ECOLES DE BAMENDJOU (Ouest Cameroun)\" \/>\n<meta property=\"og:description\" content=\"Le vendredi 07 Octobre 2022 a eu lieu \u00e0 la Paroisse Saint Antoine de Padoue de Bamendjou (Ouest Cameroun), la messe de la rentr\u00e9e scolaire pour les \u00e9l\u00e8ves des \u00e9coles de Bamendjou. Anim\u00e9e par le P\u00e8re Cl\u00e9ment TSANGA assist\u00e9 par le P\u00e8re Peter AFOUKEZE, la c\u00e9r\u00e9monie a \u00e9t\u00e9 belle et tous les \u00e9l\u00e8ves ont particip\u00e9s\u2026\" \/>\n<meta property=\"og:url\" content=\"https:\/\/www.itakaescolapios.org\/fr\/2022\/10\/francais-messe-de-la-rentree-scolaire-pour-les-ecoles-de-bamendjou-ouest-cameroun\/\" \/>\n<meta property=\"og:site_name\" content=\"Itaka-Escolapios\" \/>\n<meta property=\"article:published_time\" content=\"2022-10-10T10:37:03+00:00\" \/>\n<meta property=\"article:modified_time\" content=\"2023-11-28T11:35:41+00:00\" \/>\n<meta property=\"og:image\" content=\"https:\/\/www.itakaescolapios.org\/wp-content\/uploads\/2022\/10\/20221007_104141-scaled.jpg\" \/>\n\t<meta property=\"og:image:width\" content=\"2000\" \/>\n\t<meta property=\"og:image:height\" content=\"1500\" \/>\n\t<meta property=\"og:image:type\" content=\"image\/jpeg\" \/>\n<meta name=\"author\" content=\"cameroun01\" \/>\n<meta name=\"twitter:card\" content=\"summary_large_image\" \/>\n<meta name=\"twitter:label1\" content=\"\u00c9crit par\" \/>\n\t<meta name=\"twitter:data1\" content=\"cameroun01\" \/>\n\t<meta name=\"twitter:label2\" content=\"Dur\u00e9e de lecture estim\u00e9e\" \/>\n\t<meta name=\"twitter:data2\" content=\"1 minute\" \/>\n<script type=\"application\/ld+json\" class=\"yoast-schema-graph\">{\"@context\":\"https:\\\/\\\/schema.org\",\"@graph\":[{\"@type\":\"Article\",\"@id\":\"https:\\\/\\\/www.itakaescolapios.org\\\/fr\\\/2022\\\/10\\\/francais-messe-de-la-rentree-scolaire-pour-les-ecoles-de-bamendjou-ouest-cameroun\\\/#article\",\"isPartOf\":{\"@id\":\"https:\\\/\\\/www.itakaescolapios.org\\\/fr\\\/2022\\\/10\\\/francais-messe-de-la-rentree-scolaire-pour-les-ecoles-de-bamendjou-ouest-cameroun\\\/\"},\"author\":{\"name\":\"cameroun01\",\"@id\":\"https:\\\/\\\/www.itakaescolapios.org\\\/es\\\/#\\\/schema\\\/person\\\/d2844383e29bfdfef69039672ce14eb1\"},\"headline\":\"MESSE DE LA RENTREE SCOLAIRE POUR LES ECOLES DE BAMENDJOU (Ouest Cameroun)\",\"datePublished\":\"2022-10-10T10:37:03+00:00\",\"dateModified\":\"2023-11-28T11:35:41+00:00\",\"mainEntityOfPage\":{\"@id\":\"https:\\\/\\\/www.itakaescolapios.org\\\/fr\\\/2022\\\/10\\\/francais-messe-de-la-rentree-scolaire-pour-les-ecoles-de-bamendjou-ouest-cameroun\\\/\"},\"wordCount\":176,\"publisher\":{\"@id\":\"https:\\\/\\\/www.itakaescolapios.org\\\/es\\\/#organization\"},\"image\":{\"@id\":\"https:\\\/\\\/www.itakaescolapios.org\\\/fr\\\/2022\\\/10\\\/francais-messe-de-la-rentree-scolaire-pour-les-ecoles-de-bamendjou-ouest-cameroun\\\/#primaryimage\"},\"thumbnailUrl\":\"https:\\\/\\\/www.itakaescolapios.org\\\/wp-content\\\/uploads\\\/2022\\\/10\\\/20221007_104141-scaled.jpg\",\"articleSection\":[\"Afrique centrale\",\"Cameroun\"],\"inLanguage\":\"fr-FR\"},{\"@type\":\"WebPage\",\"@id\":\"https:\\\/\\\/www.itakaescolapios.org\\\/fr\\\/2022\\\/10\\\/francais-messe-de-la-rentree-scolaire-pour-les-ecoles-de-bamendjou-ouest-cameroun\\\/\",\"url\":\"https:\\\/\\\/www.itakaescolapios.org\\\/fr\\\/2022\\\/10\\\/francais-messe-de-la-rentree-scolaire-pour-les-ecoles-de-bamendjou-ouest-cameroun\\\/\",\"name\":\"- Itaka-Escolapios\",\"isPartOf\":{\"@id\":\"https:\\\/\\\/www.itakaescolapios.org\\\/es\\\/#website\"},\"primaryImageOfPage\":{\"@id\":\"https:\\\/\\\/www.itakaescolapios.org\\\/fr\\\/2022\\\/10\\\/francais-messe-de-la-rentree-scolaire-pour-les-ecoles-de-bamendjou-ouest-cameroun\\\/#primaryimage\"},\"image\":{\"@id\":\"https:\\\/\\\/www.itakaescolapios.org\\\/fr\\\/2022\\\/10\\\/francais-messe-de-la-rentree-scolaire-pour-les-ecoles-de-bamendjou-ouest-cameroun\\\/#primaryimage\"},\"thumbnailUrl\":\"https:\\\/\\\/www.itakaescolapios.org\\\/wp-content\\\/uploads\\\/2022\\\/10\\\/20221007_104141-scaled.jpg\",\"datePublished\":\"2022-10-10T10:37:03+00:00\",\"dateModified\":\"2023-11-28T11:35:41+00:00\",\"breadcrumb\":{\"@id\":\"https:\\\/\\\/www.itakaescolapios.org\\\/fr\\\/2022\\\/10\\\/francais-messe-de-la-rentree-scolaire-pour-les-ecoles-de-bamendjou-ouest-cameroun\\\/#breadcrumb\"},\"inLanguage\":\"fr-FR\",\"potentialAction\":[{\"@type\":\"ReadAction\",\"target\":[\"https:\\\/\\\/www.itakaescolapios.org\\\/fr\\\/2022\\\/10\\\/francais-messe-de-la-rentree-scolaire-pour-les-ecoles-de-bamendjou-ouest-cameroun\\\/\"]}]},{\"@type\":\"ImageObject\",\"inLanguage\":\"fr-FR\",\"@id\":\"https:\\\/\\\/www.itakaescolapios.org\\\/fr\\\/2022\\\/10\\\/francais-messe-de-la-rentree-scolaire-pour-les-ecoles-de-bamendjou-ouest-cameroun\\\/#primaryimage\",\"url\":\"https:\\\/\\\/www.itakaescolapios.org\\\/wp-content\\\/uploads\\\/2022\\\/10\\\/20221007_104141-scaled.jpg\",\"contentUrl\":\"https:\\\/\\\/www.itakaescolapios.org\\\/wp-content\\\/uploads\\\/2022\\\/10\\\/20221007_104141-scaled.jpg\",\"width\":2000,\"height\":1500},{\"@type\":\"BreadcrumbList\",\"@id\":\"https:\\\/\\\/www.itakaescolapios.org\\\/fr\\\/2022\\\/10\\\/francais-messe-de-la-rentree-scolaire-pour-les-ecoles-de-bamendjou-ouest-cameroun\\\/#breadcrumb\",\"itemListElement\":[{\"@type\":\"ListItem\",\"position\":1,\"name\":\"Itaka-Escolapios\",\"item\":\"https:\\\/\\\/www.itakaescolapios.org\\\/es\\\/\"},{\"@type\":\"ListItem\",\"position\":2,\"name\":\"MESSE DE LA RENTREE SCOLAIRE POUR LES ECOLES DE BAMENDJOU (Ouest Cameroun)\"}]},{\"@type\":\"WebSite\",\"@id\":\"https:\\\/\\\/www.itakaescolapios.org\\\/fr\\\/es\\\/#website\",\"url\":\"https:\\\/\\\/www.itakaescolapios.org\\\/fr\\\/es\\\/\",\"name\":\"Itaka-Escolapios\",\"description\":\"Red de Itaka-Escolapios\",\"publisher\":{\"@id\":\"https:\\\/\\\/www.itakaescolapios.org\\\/fr\\\/es\\\/#organization\"},\"potentialAction\":[{\"@type\":\"SearchAction\",\"target\":{\"@type\":\"EntryPoint\",\"urlTemplate\":\"https:\\\/\\\/www.itakaescolapios.org\\\/fr\\\/es\\\/?s={search_term_string}\"},\"query-input\":{\"@type\":\"PropertyValueSpecification\",\"valueRequired\":true,\"valueName\":\"search_term_string\"}}],\"inLanguage\":\"fr-FR\"},{\"@type\":\"Organization\",\"@id\":\"https:\\\/\\\/www.itakaescolapios.org\\\/fr\\\/es\\\/#organization\",\"name\":\"Fundaci\u00f3 Itaka-Escolapios\",\"url\":\"https:\\\/\\\/www.itakaescolapios.org\\\/fr\\\/es\\\/\",\"logo\":{\"@type\":\"ImageObject\",\"inLanguage\":\"fr-FR\",\"@id\":\"https:\\\/\\\/www.itakaescolapios.org\\\/fr\\\/es\\\/#\\\/schema\\\/logo\\\/image\\\/\",\"url\":\"https:\\\/\\\/www.itakaescolapios.org\\\/wp-content\\\/uploads\\\/2024\\\/04\\\/Logo-itakaescolapios-peque.png\",\"contentUrl\":\"https:\\\/\\\/www.itakaescolapios.org\\\/wp-content\\\/uploads\\\/2024\\\/04\\\/Logo-itakaescolapios-peque.png\",\"width\":500,\"height\":199,\"caption\":\"Fundaci\u00f3 Itaka-Escolapios\"},\"image\":{\"@id\":\"https:\\\/\\\/www.itakaescolapios.org\\\/fr\\\/es\\\/#\\\/schema\\\/logo\\\/image\\\/\"}},{\"@type\":\"Person\",\"@id\":\"https:\\\/\\\/www.itakaescolapios.org\\\/es\\\/#\\\/schema\\\/person\\\/d2844383e29bfdfef69039672ce14eb1\",\"name\":\"cameroun01\",\"url\":\"https:\\\/\\\/www.itakaescolapios.org\\\/fr\\\/author\\\/cameroun01\\\/\"}]}<\/script>\n<!-- \/ Yoast SEO plugin. -->","yoast_head_json":{"title":"MESSE DE LA RENTREE SCOLAIRE POUR LES ECOLES DE BAMENDJOU (Ouest Cameroun)","description":"Le vendredi 07 Octobre 2022 a eu lieu \u00e0 la Paroisse Saint Antoine de Padoue de Bamendjou (Ouest Cameroun), la messe de la rentr\u00e9e scolaire pour les \u00e9l\u00e8ves des \u00e9coles de Bamendjou. Anim\u00e9e par le P\u00e8re Cl\u00e9ment TSANGA assist\u00e9 par le P\u00e8re Peter AFOUKEZE, la c\u00e9r\u00e9monie a \u00e9t\u00e9 belle et tous les \u00e9l\u00e8ves ont particip\u00e9s\u2026","robots":{"index":"index","follow":"follow","max-snippet":"max-snippet:-1","max-image-preview":"max-image-preview:large","max-video-preview":"max-video-preview:-1"},"canonical":"Le vendredi 07 Octobre 2022 a eu lieu \u00e0 la Paroisse Saint Antoine de Padoue de Bamendjou (Ouest Cameroun), la messe de la rentr\u00e9e scolaire pour les \u00e9l\u00e8ves des \u00e9coles de Bamendjou. Anim\u00e9e par le P\u00e8re Cl\u00e9ment TSANGA assist\u00e9 par le P\u00e8re Peter AFOUKEZE, la c\u00e9r\u00e9monie a \u00e9t\u00e9 belle et tous les \u00e9l\u00e8ves ont particip\u00e9s\u2026","og_locale":"fr_FR","og_type":"article","og_title":"MESSE DE LA RENTREE SCOLAIRE POUR LES ECOLES DE BAMENDJOU (Ouest Cameroun)","og_description":"Le vendredi 07 Octobre 2022 a eu lieu \u00e0 la Paroisse Saint Antoine de Padoue de Bamendjou (Ouest Cameroun), la messe de la rentr\u00e9e scolaire pour les \u00e9l\u00e8ves des \u00e9coles de Bamendjou. Anim\u00e9e par le P\u00e8re Cl\u00e9ment TSANGA assist\u00e9 par le P\u00e8re Peter AFOUKEZE, la c\u00e9r\u00e9monie a \u00e9t\u00e9 belle et tous les \u00e9l\u00e8ves ont particip\u00e9s\u2026","og_url":"https:\/\/www.itakaescolapios.org\/fr\/2022\/10\/francais-messe-de-la-rentree-scolaire-pour-les-ecoles-de-bamendjou-ouest-cameroun\/","og_site_name":"Itaka-Escolapios","article_published_time":"2022-10-10T10:37:03+00:00","article_modified_time":"2023-11-28T11:35:41+00:00","og_image":[{"width":2000,"height":1500,"url":"https:\/\/www.itakaescolapios.org\/wp-content\/uploads\/2022\/10\/20221007_104141-scaled.jpg","type":"image\/jpeg"}],"author":"cameroun01","twitter_card":"summary_large_image","twitter_misc":{"\u00c9crit par":"cameroun01","Dur\u00e9e de lecture estim\u00e9e":"1 minute"},"schema":{"@context":"https:\/\/schema.org","@graph":[{"@type":"Article","@id":"https:\/\/www.itakaescolapios.org\/fr\/2022\/10\/francais-messe-de-la-rentree-scolaire-pour-les-ecoles-de-bamendjou-ouest-cameroun\/#article","isPartOf":{"@id":"https:\/\/www.itakaescolapios.org\/fr\/2022\/10\/francais-messe-de-la-rentree-scolaire-pour-les-ecoles-de-bamendjou-ouest-cameroun\/"},"author":{"name":"cameroun01","@id":"https:\/\/www.itakaescolapios.org\/es\/#\/schema\/person\/d2844383e29bfdfef69039672ce14eb1"},"headline":"MESSE DE LA RENTREE SCOLAIRE POUR LES ECOLES DE BAMENDJOU (Ouest Cameroun)","datePublished":"2022-10-10T10:37:03+00:00","dateModified":"2023-11-28T11:35:41+00:00","mainEntityOfPage":{"@id":"https:\/\/www.itakaescolapios.org\/fr\/2022\/10\/francais-messe-de-la-rentree-scolaire-pour-les-ecoles-de-bamendjou-ouest-cameroun\/"},"wordCount":176,"publisher":{"@id":"https:\/\/www.itakaescolapios.org\/es\/#organization"},"image":{"@id":"https:\/\/www.itakaescolapios.org\/fr\/2022\/10\/francais-messe-de-la-rentree-scolaire-pour-les-ecoles-de-bamendjou-ouest-cameroun\/#primaryimage"},"thumbnailUrl":"https:\/\/www.itakaescolapios.org\/wp-content\/uploads\/2022\/10\/20221007_104141-scaled.jpg","articleSection":["Afrique centrale","Cameroun"],"inLanguage":"fr-FR"},{"@type":"WebPage","@id":"https:\/\/www.itakaescolapios.org\/fr\/2022\/10\/francais-messe-de-la-rentree-scolaire-pour-les-ecoles-de-bamendjou-ouest-cameroun\/","url":"https:\/\/www.itakaescolapios.org\/fr\/2022\/10\/francais-messe-de-la-rentree-scolaire-pour-les-ecoles-de-bamendjou-ouest-cameroun\/","name":"- Itaka-Escolapios","isPartOf":{"@id":"https:\/\/www.itakaescolapios.org\/es\/#website"},"primaryImageOfPage":{"@id":"https:\/\/www.itakaescolapios.org\/fr\/2022\/10\/francais-messe-de-la-rentree-scolaire-pour-les-ecoles-de-bamendjou-ouest-cameroun\/#primaryimage"},"image":{"@id":"https:\/\/www.itakaescolapios.org\/fr\/2022\/10\/francais-messe-de-la-rentree-scolaire-pour-les-ecoles-de-bamendjou-ouest-cameroun\/#primaryimage"},"thumbnailUrl":"https:\/\/www.itakaescolapios.org\/wp-content\/uploads\/2022\/10\/20221007_104141-scaled.jpg","datePublished":"2022-10-10T10:37:03+00:00","dateModified":"2023-11-28T11:35:41+00:00","breadcrumb":{"@id":"https:\/\/www.itakaescolapios.org\/fr\/2022\/10\/francais-messe-de-la-rentree-scolaire-pour-les-ecoles-de-bamendjou-ouest-cameroun\/#breadcrumb"},"inLanguage":"fr-FR","potentialAction":[{"@type":"ReadAction","target":["https:\/\/www.itakaescolapios.org\/fr\/2022\/10\/francais-messe-de-la-rentree-scolaire-pour-les-ecoles-de-bamendjou-ouest-cameroun\/"]}]},{"@type":"ImageObject","inLanguage":"fr-FR","@id":"https:\/\/www.itakaescolapios.org\/fr\/2022\/10\/francais-messe-de-la-rentree-scolaire-pour-les-ecoles-de-bamendjou-ouest-cameroun\/#primaryimage","url":"https:\/\/www.itakaescolapios.org\/wp-content\/uploads\/2022\/10\/20221007_104141-scaled.jpg","contentUrl":"https:\/\/www.itakaescolapios.org\/wp-content\/uploads\/2022\/10\/20221007_104141-scaled.jpg","width":2000,"height":1500},{"@type":"BreadcrumbList","@id":"https:\/\/www.itakaescolapios.org\/fr\/2022\/10\/francais-messe-de-la-rentree-scolaire-pour-les-ecoles-de-bamendjou-ouest-cameroun\/#breadcrumb","itemListElement":[{"@type":"ListItem","position":1,"name":"Itaka-Escolapios","item":"https:\/\/www.itakaescolapios.org\/es\/"},{"@type":"ListItem","position":2,"name":"MESSE DE LA RENTREE SCOLAIRE POUR LES ECOLES DE BAMENDJOU (Ouest Cameroun)"}]},{"@type":"WebSite","@id":"https:\/\/www.itakaescolapios.org\/fr\/es\/#website","url":"https:\/\/www.itakaescolapios.org\/fr\/es\/","name":"Itaka-Escolapios","description":"Red de Itaka-Escolapios","publisher":{"@id":"https:\/\/www.itakaescolapios.org\/fr\/es\/#organization"},"potentialAction":[{"@type":"SearchAction","target":{"@type":"EntryPoint","urlTemplate":"https:\/\/www.itakaescolapios.org\/fr\/es\/?s={search_term_string}"},"query-input":{"@type":"PropertyValueSpecification","valueRequired":true,"valueName":"search_term_string"}}],"inLanguage":"fr-FR"},{"@type":"Organization","@id":"https:\/\/www.itakaescolapios.org\/fr\/es\/#organization","name":"Fundaci\u00f3 Itaka-Escolapios","url":"https:\/\/www.itakaescolapios.org\/fr\/es\/","logo":{"@type":"ImageObject","inLanguage":"fr-FR","@id":"https:\/\/www.itakaescolapios.org\/fr\/es\/#\/schema\/logo\/image\/","url":"https:\/\/www.itakaescolapios.org\/wp-content\/uploads\/2024\/04\/Logo-itakaescolapios-peque.png","contentUrl":"https:\/\/www.itakaescolapios.org\/wp-content\/uploads\/2024\/04\/Logo-itakaescolapios-peque.png","width":500,"height":199,"caption":"Fundaci\u00f3 Itaka-Escolapios"},"image":{"@id":"https:\/\/www.itakaescolapios.org\/fr\/es\/#\/schema\/logo\/image\/"}},{"@type":"Person","@id":"https:\/\/www.itakaescolapios.org\/es\/#\/schema\/person\/d2844383e29bfdfef69039672ce14eb1","name":"cameroun01","url":"https:\/\/www.itakaescolapios.org\/fr\/author\/cameroun01\/"}]}},"_links":{"self":[{"href":"https:\/\/www.itakaescolapios.org\/fr\/wp-json\/wp\/v2\/posts\/37557","targetHints":{"allow":["GET"]}}],"collection":[{"href":"https:\/\/www.itakaescolapios.org\/fr\/wp-json\/wp\/v2\/posts"}],"about":[{"href":"https:\/\/www.itakaescolapios.org\/fr\/wp-json\/wp\/v2\/types\/post"}],"author":[{"embeddable":true,"href":"https:\/\/www.itakaescolapios.org\/fr\/wp-json\/wp\/v2\/users\/15"}],"replies":[{"embeddable":true,"href":"https:\/\/www.itakaescolapios.org\/fr\/wp-json\/wp\/v2\/comments?post=37557"}],"version-history":[{"count":3,"href":"https:\/\/www.itakaescolapios.org\/fr\/wp-json\/wp\/v2\/posts\/37557\/revisions"}],"predecessor-version":[{"id":43810,"href":"https:\/\/www.itakaescolapios.org\/fr\/wp-json\/wp\/v2\/posts\/37557\/revisions\/43810"}],"wp:featuredmedia":[{"embeddable":true,"href":"https:\/\/www.itakaescolapios.org\/fr\/wp-json\/wp\/v2\/media\/37554"}],"wp:attachment":[{"href":"https:\/\/www.itakaescolapios.org\/fr\/wp-json\/wp\/v2\/media?parent=37557"}],"wp:term":[{"taxonomy":"category","embeddable":true,"href":"https:\/\/www.itakaescolapios.org\/fr\/wp-json\/wp\/v2\/categories?post=37557"},{"taxonomy":"post_tag","embeddable":true,"href":"https:\/\/www.itakaescolapios.org\/fr\/wp-json\/wp\/v2\/tags?post=37557"}],"curies":[{"name":"wp","href":"https:\/\/api.w.org\/{rel}","templated":true}]}}