{"id":37568,"date":"2022-10-10T13:33:40","date_gmt":"2022-10-10T12:33:40","guid":{"rendered":"https:\/\/www.itakaescolapios.org\/?p=37568"},"modified":"2023-11-28T12:35:41","modified_gmt":"2023-11-28T11:35:41","slug":"francais-reunion-de-partage-dinformations-relative-aux-projets-doctroi-de-bourse-et-dapport-nutritionnelle-dans-les-07-ecoles-piaristes-de-bamendjou","status":"publish","type":"post","link":"https:\/\/www.itakaescolapios.org\/fr\/2022\/10\/francais-reunion-de-partage-dinformations-relative-aux-projets-doctroi-de-bourse-et-dapport-nutritionnelle-dans-les-07-ecoles-piaristes-de-bamendjou\/","title":{"rendered":"R\u00e9union de partage d\u2019informations relative aux projets d\u2019octroi de bourse et d\u2019apport nutritionnelle dans les 07 \u00e9coles piaristes de Bamendjou"},"content":{"rendered":"<p>Le jeudi 06 Octobre 2022 a eu lieu \u00e0 Bamendjou (R\u00e9gion de l\u2019Ouest Cameroun) une r\u00e9union avec l\u2019\u00e9quipe de si\u00e8ge du bureau ITAKA Ouest , le charg\u00e9 des projets, la charg\u00e9 de la Communication, les responsables de la communaut\u00e9 de Bamendjou, l\u2019assistant Provincial en charge du minist\u00e8re et de la mission partag\u00e9e (P\u00e8re Cl\u00e9ment TSANGA) et le Sup\u00e9rieur Provincial le P\u00e8re Evaristus AKEM en vue de voir comment pr\u00e9parer, organiser et justifier les activit\u00e9s desdits projets \u00e0 Bamendjou. Comment vont se d\u00e9rouler les projets, quelles sont les r\u00e9alit\u00e9s, comment y faire face etc. Qui fera quoi pendant l\u2019ann\u00e9e ? Quelles sont les responsabilit\u00e9s de chacun ?<\/p>\n<p>Telles sont les questions auxquelles il fallait trouver des r\u00e9ponses durant la rencontre.<\/p>\n<p><img decoding=\"async\" class=\"size-full wp-image-37561 aligncenter\" src=\"https:\/\/www.itakaescolapios.org\/wp-content\/uploads\/2022\/10\/20221006_100314-scaled.jpg\" alt=\"\" width=\"2560\" height=\"1920\" srcset=\"https:\/\/www.itakaescolapios.org\/wp-content\/uploads\/2022\/10\/20221006_100314-scaled.jpg 2000w, https:\/\/www.itakaescolapios.org\/wp-content\/uploads\/2022\/10\/20221006_100314-300x225.jpg 300w, https:\/\/www.itakaescolapios.org\/wp-content\/uploads\/2022\/10\/20221006_100314-1024x768.jpg 1024w, https:\/\/www.itakaescolapios.org\/wp-content\/uploads\/2022\/10\/20221006_100314-768x576.jpg 768w, https:\/\/www.itakaescolapios.org\/wp-content\/uploads\/2022\/10\/20221006_100314-1536x1152.jpg 1536w, https:\/\/www.itakaescolapios.org\/wp-content\/uploads\/2022\/10\/20221006_100314-2048x1536.jpg 2048w, https:\/\/www.itakaescolapios.org\/wp-content\/uploads\/2022\/10\/20221006_100314-250x188.jpg 250w, https:\/\/www.itakaescolapios.org\/wp-content\/uploads\/2022\/10\/20221006_100314-510x382.jpg 510w, https:\/\/www.itakaescolapios.org\/wp-content\/uploads\/2022\/10\/20221006_100314-1080x810.jpg 1080w\" sizes=\"(max-width: 2560px) 100vw, 2560px\" \/><\/p>\n<p><img decoding=\"async\" class=\"size-full wp-image-37563 aligncenter\" src=\"https:\/\/www.itakaescolapios.org\/wp-content\/uploads\/2022\/10\/20221006_100322-scaled.jpg\" alt=\"\" width=\"2560\" height=\"1920\" srcset=\"https:\/\/www.itakaescolapios.org\/wp-content\/uploads\/2022\/10\/20221006_100322-scaled.jpg 2000w, https:\/\/www.itakaescolapios.org\/wp-content\/uploads\/2022\/10\/20221006_100322-300x225.jpg 300w, https:\/\/www.itakaescolapios.org\/wp-content\/uploads\/2022\/10\/20221006_100322-1024x768.jpg 1024w, https:\/\/www.itakaescolapios.org\/wp-content\/uploads\/2022\/10\/20221006_100322-768x576.jpg 768w, https:\/\/www.itakaescolapios.org\/wp-content\/uploads\/2022\/10\/20221006_100322-1536x1152.jpg 1536w, https:\/\/www.itakaescolapios.org\/wp-content\/uploads\/2022\/10\/20221006_100322-2048x1536.jpg 2048w, https:\/\/www.itakaescolapios.org\/wp-content\/uploads\/2022\/10\/20221006_100322-250x188.jpg 250w, https:\/\/www.itakaescolapios.org\/wp-content\/uploads\/2022\/10\/20221006_100322-510x382.jpg 510w, https:\/\/www.itakaescolapios.org\/wp-content\/uploads\/2022\/10\/20221006_100322-1080x810.jpg 1080w\" sizes=\"(max-width: 2560px) 100vw, 2560px\" \/><\/p>\n","protected":false},"excerpt":{"rendered":"<p>Le jeudi 06 Octobre 2022 a eu lieu \u00e0 Bamendjou (R\u00e9gion de l\u2019Ouest Cameroun) une r\u00e9union avec l\u2019\u00e9quipe de si\u00e8ge du bureau ITAKA Ouest , le charg\u00e9 des projets, la [&hellip;]<\/p>\n","protected":false},"author":15,"featured_media":37566,"comment_status":"closed","ping_status":"closed","sticky":false,"template":"","format":"standard","meta":{"_et_pb_use_builder":"","_et_pb_old_content":"","_et_gb_content_width":"","footnotes":""},"categories":[53,10],"tags":[],"class_list":["post-37568","post","type-post","status-publish","format-standard","has-post-thumbnail","hentry","category-africa-central","category-camerun"],"yoast_head":"<!-- This site is optimized with the Yoast SEO plugin v27.4 - https:\/\/yoast.com\/product\/yoast-seo-wordpress\/ -->\n<title>R\u00e9union de partage d\u2019informations relative aux projets d\u2019octroi de bourse et d\u2019apport nutritionnelle dans les 07 \u00e9coles piaristes de Bamendjou<\/title>\n<meta name=\"description\" content=\"Le jeudi 06 Octobre 2022 a eu lieu \u00e0 Bamendjou (R\u00e9gion de l\u2019Ouest Cameroun) une r\u00e9union avec l\u2019\u00e9quipe de si\u00e8ge du bureau ITAKA Ouest , le charg\u00e9 des projets, la charg\u00e9 de la Communication, les responsables de la communaut\u00e9 de Bamendjou, l\u2019assistant Provincial en charge du minist\u00e8re et de la mission partag\u00e9e (P\u00e8re Cl\u00e9ment TSANGA)\u2026\" \/>\n<meta name=\"robots\" content=\"index, follow, max-snippet:-1, max-image-preview:large, max-video-preview:-1\" \/>\n<link rel=\"canonical\" href=\"http:\/\/Le%20jeudi%2006%20Octobre%202022%20a%20eu%20lieu%20\u00e0%20Bamendjou%20(R\u00e9gion%20de%20l\u2019Ouest%20Cameroun)%20une%20r\u00e9union%20avec%20l\u2019\u00e9quipe%20de%20si\u00e8ge%20du%20bureau%20ITAKA%20Ouest%20,%20le%20charg\u00e9%20des%20projets,%20la%20charg\u00e9%20de%20la%20Communication,%20les%20responsables%20de%20la%20communaut\u00e9%20de%20Bamendjou,%20l\u2019assistant%20Provincial%20en%20charge%20du%20minist\u00e8re%20et%20de%20la%20mission%20partag\u00e9e%20(P\u00e8re%20Cl\u00e9ment%20TSANGA)\u2026\" \/>\n<meta property=\"og:locale\" content=\"fr_FR\" \/>\n<meta property=\"og:type\" content=\"article\" \/>\n<meta property=\"og:title\" content=\"R\u00e9union de partage d\u2019informations relative aux projets d\u2019octroi de bourse et d\u2019apport nutritionnelle dans les 07 \u00e9coles piaristes de Bamendjou\" \/>\n<meta property=\"og:description\" content=\"Le jeudi 06 Octobre 2022 a eu lieu \u00e0 Bamendjou (R\u00e9gion de l\u2019Ouest Cameroun) une r\u00e9union avec l\u2019\u00e9quipe de si\u00e8ge du bureau ITAKA Ouest , le charg\u00e9 des projets, la charg\u00e9 de la Communication, les responsables de la communaut\u00e9 de Bamendjou, l\u2019assistant Provincial en charge du minist\u00e8re et de la mission partag\u00e9e (P\u00e8re Cl\u00e9ment TSANGA)\u2026\" \/>\n<meta property=\"og:url\" content=\"https:\/\/www.itakaescolapios.org\/fr\/2022\/10\/francais-reunion-de-partage-dinformations-relative-aux-projets-doctroi-de-bourse-et-dapport-nutritionnelle-dans-les-07-ecoles-piaristes-de-bamendjou\/\" \/>\n<meta property=\"og:site_name\" content=\"Itaka-Escolapios\" \/>\n<meta property=\"article:published_time\" content=\"2022-10-10T12:33:40+00:00\" \/>\n<meta property=\"article:modified_time\" content=\"2023-11-28T11:35:41+00:00\" \/>\n<meta property=\"og:image\" content=\"https:\/\/www.itakaescolapios.org\/wp-content\/uploads\/2022\/10\/20221006_100333-scaled.jpg\" \/>\n\t<meta property=\"og:image:width\" content=\"2000\" \/>\n\t<meta property=\"og:image:height\" content=\"1500\" \/>\n\t<meta property=\"og:image:type\" content=\"image\/jpeg\" \/>\n<meta name=\"author\" content=\"cameroun01\" \/>\n<meta name=\"twitter:card\" content=\"summary_large_image\" \/>\n<meta name=\"twitter:label1\" content=\"\u00c9crit par\" \/>\n\t<meta name=\"twitter:data1\" content=\"cameroun01\" \/>\n\t<meta name=\"twitter:label2\" content=\"Dur\u00e9e de lecture estim\u00e9e\" \/>\n\t<meta name=\"twitter:data2\" content=\"1 minute\" \/>\n<script type=\"application\/ld+json\" class=\"yoast-schema-graph\">{\"@context\":\"https:\\\/\\\/schema.org\",\"@graph\":[{\"@type\":\"Article\",\"@id\":\"https:\\\/\\\/www.itakaescolapios.org\\\/fr\\\/2022\\\/10\\\/francais-reunion-de-partage-dinformations-relative-aux-projets-doctroi-de-bourse-et-dapport-nutritionnelle-dans-les-07-ecoles-piaristes-de-bamendjou\\\/#article\",\"isPartOf\":{\"@id\":\"https:\\\/\\\/www.itakaescolapios.org\\\/fr\\\/2022\\\/10\\\/francais-reunion-de-partage-dinformations-relative-aux-projets-doctroi-de-bourse-et-dapport-nutritionnelle-dans-les-07-ecoles-piaristes-de-bamendjou\\\/\"},\"author\":{\"name\":\"cameroun01\",\"@id\":\"https:\\\/\\\/www.itakaescolapios.org\\\/es\\\/#\\\/schema\\\/person\\\/d2844383e29bfdfef69039672ce14eb1\"},\"headline\":\"R\u00e9union de partage d\u2019informations relative aux projets d\u2019octroi de bourse et d\u2019apport nutritionnelle dans les 07 \u00e9coles piaristes de Bamendjou\",\"datePublished\":\"2022-10-10T12:33:40+00:00\",\"dateModified\":\"2023-11-28T11:35:41+00:00\",\"mainEntityOfPage\":{\"@id\":\"https:\\\/\\\/www.itakaescolapios.org\\\/fr\\\/2022\\\/10\\\/francais-reunion-de-partage-dinformations-relative-aux-projets-doctroi-de-bourse-et-dapport-nutritionnelle-dans-les-07-ecoles-piaristes-de-bamendjou\\\/\"},\"wordCount\":134,\"publisher\":{\"@id\":\"https:\\\/\\\/www.itakaescolapios.org\\\/es\\\/#organization\"},\"image\":{\"@id\":\"https:\\\/\\\/www.itakaescolapios.org\\\/fr\\\/2022\\\/10\\\/francais-reunion-de-partage-dinformations-relative-aux-projets-doctroi-de-bourse-et-dapport-nutritionnelle-dans-les-07-ecoles-piaristes-de-bamendjou\\\/#primaryimage\"},\"thumbnailUrl\":\"https:\\\/\\\/www.itakaescolapios.org\\\/wp-content\\\/uploads\\\/2022\\\/10\\\/20221006_100333-scaled.jpg\",\"articleSection\":[\"Afrique centrale\",\"Cameroun\"],\"inLanguage\":\"fr-FR\"},{\"@type\":\"WebPage\",\"@id\":\"https:\\\/\\\/www.itakaescolapios.org\\\/fr\\\/2022\\\/10\\\/francais-reunion-de-partage-dinformations-relative-aux-projets-doctroi-de-bourse-et-dapport-nutritionnelle-dans-les-07-ecoles-piaristes-de-bamendjou\\\/\",\"url\":\"https:\\\/\\\/www.itakaescolapios.org\\\/fr\\\/2022\\\/10\\\/francais-reunion-de-partage-dinformations-relative-aux-projets-doctroi-de-bourse-et-dapport-nutritionnelle-dans-les-07-ecoles-piaristes-de-bamendjou\\\/\",\"name\":\"- Itaka-Escolapios\",\"isPartOf\":{\"@id\":\"https:\\\/\\\/www.itakaescolapios.org\\\/es\\\/#website\"},\"primaryImageOfPage\":{\"@id\":\"https:\\\/\\\/www.itakaescolapios.org\\\/fr\\\/2022\\\/10\\\/francais-reunion-de-partage-dinformations-relative-aux-projets-doctroi-de-bourse-et-dapport-nutritionnelle-dans-les-07-ecoles-piaristes-de-bamendjou\\\/#primaryimage\"},\"image\":{\"@id\":\"https:\\\/\\\/www.itakaescolapios.org\\\/fr\\\/2022\\\/10\\\/francais-reunion-de-partage-dinformations-relative-aux-projets-doctroi-de-bourse-et-dapport-nutritionnelle-dans-les-07-ecoles-piaristes-de-bamendjou\\\/#primaryimage\"},\"thumbnailUrl\":\"https:\\\/\\\/www.itakaescolapios.org\\\/wp-content\\\/uploads\\\/2022\\\/10\\\/20221006_100333-scaled.jpg\",\"datePublished\":\"2022-10-10T12:33:40+00:00\",\"dateModified\":\"2023-11-28T11:35:41+00:00\",\"breadcrumb\":{\"@id\":\"https:\\\/\\\/www.itakaescolapios.org\\\/fr\\\/2022\\\/10\\\/francais-reunion-de-partage-dinformations-relative-aux-projets-doctroi-de-bourse-et-dapport-nutritionnelle-dans-les-07-ecoles-piaristes-de-bamendjou\\\/#breadcrumb\"},\"inLanguage\":\"fr-FR\",\"potentialAction\":[{\"@type\":\"ReadAction\",\"target\":[\"https:\\\/\\\/www.itakaescolapios.org\\\/fr\\\/2022\\\/10\\\/francais-reunion-de-partage-dinformations-relative-aux-projets-doctroi-de-bourse-et-dapport-nutritionnelle-dans-les-07-ecoles-piaristes-de-bamendjou\\\/\"]}]},{\"@type\":\"ImageObject\",\"inLanguage\":\"fr-FR\",\"@id\":\"https:\\\/\\\/www.itakaescolapios.org\\\/fr\\\/2022\\\/10\\\/francais-reunion-de-partage-dinformations-relative-aux-projets-doctroi-de-bourse-et-dapport-nutritionnelle-dans-les-07-ecoles-piaristes-de-bamendjou\\\/#primaryimage\",\"url\":\"https:\\\/\\\/www.itakaescolapios.org\\\/wp-content\\\/uploads\\\/2022\\\/10\\\/20221006_100333-scaled.jpg\",\"contentUrl\":\"https:\\\/\\\/www.itakaescolapios.org\\\/wp-content\\\/uploads\\\/2022\\\/10\\\/20221006_100333-scaled.jpg\",\"width\":2000,\"height\":1500},{\"@type\":\"BreadcrumbList\",\"@id\":\"https:\\\/\\\/www.itakaescolapios.org\\\/fr\\\/2022\\\/10\\\/francais-reunion-de-partage-dinformations-relative-aux-projets-doctroi-de-bourse-et-dapport-nutritionnelle-dans-les-07-ecoles-piaristes-de-bamendjou\\\/#breadcrumb\",\"itemListElement\":[{\"@type\":\"ListItem\",\"position\":1,\"name\":\"Itaka-Escolapios\",\"item\":\"https:\\\/\\\/www.itakaescolapios.org\\\/es\\\/\"},{\"@type\":\"ListItem\",\"position\":2,\"name\":\"R\u00e9union de partage d\u2019informations relative aux projets d\u2019octroi de bourse et d\u2019apport nutritionnelle dans les 07 \u00e9coles piaristes de Bamendjou\"}]},{\"@type\":\"WebSite\",\"@id\":\"https:\\\/\\\/www.itakaescolapios.org\\\/fr\\\/es\\\/#website\",\"url\":\"https:\\\/\\\/www.itakaescolapios.org\\\/fr\\\/es\\\/\",\"name\":\"Itaka-Escolapios\",\"description\":\"Red de Itaka-Escolapios\",\"publisher\":{\"@id\":\"https:\\\/\\\/www.itakaescolapios.org\\\/fr\\\/es\\\/#organization\"},\"potentialAction\":[{\"@type\":\"SearchAction\",\"target\":{\"@type\":\"EntryPoint\",\"urlTemplate\":\"https:\\\/\\\/www.itakaescolapios.org\\\/fr\\\/es\\\/?s={search_term_string}\"},\"query-input\":{\"@type\":\"PropertyValueSpecification\",\"valueRequired\":true,\"valueName\":\"search_term_string\"}}],\"inLanguage\":\"fr-FR\"},{\"@type\":\"Organization\",\"@id\":\"https:\\\/\\\/www.itakaescolapios.org\\\/fr\\\/es\\\/#organization\",\"name\":\"Fundaci\u00f3 Itaka-Escolapios\",\"url\":\"https:\\\/\\\/www.itakaescolapios.org\\\/fr\\\/es\\\/\",\"logo\":{\"@type\":\"ImageObject\",\"inLanguage\":\"fr-FR\",\"@id\":\"https:\\\/\\\/www.itakaescolapios.org\\\/fr\\\/es\\\/#\\\/schema\\\/logo\\\/image\\\/\",\"url\":\"https:\\\/\\\/www.itakaescolapios.org\\\/wp-content\\\/uploads\\\/2024\\\/04\\\/Logo-itakaescolapios-peque.png\",\"contentUrl\":\"https:\\\/\\\/www.itakaescolapios.org\\\/wp-content\\\/uploads\\\/2024\\\/04\\\/Logo-itakaescolapios-peque.png\",\"width\":500,\"height\":199,\"caption\":\"Fundaci\u00f3 Itaka-Escolapios\"},\"image\":{\"@id\":\"https:\\\/\\\/www.itakaescolapios.org\\\/fr\\\/es\\\/#\\\/schema\\\/logo\\\/image\\\/\"}},{\"@type\":\"Person\",\"@id\":\"https:\\\/\\\/www.itakaescolapios.org\\\/es\\\/#\\\/schema\\\/person\\\/d2844383e29bfdfef69039672ce14eb1\",\"name\":\"cameroun01\",\"url\":\"https:\\\/\\\/www.itakaescolapios.org\\\/fr\\\/author\\\/cameroun01\\\/\"}]}<\/script>\n<!-- \/ Yoast SEO plugin. -->","yoast_head_json":{"title":"R\u00e9union de partage d\u2019informations relative aux projets d\u2019octroi de bourse et d\u2019apport nutritionnelle dans les 07 \u00e9coles piaristes de Bamendjou","description":"Le jeudi 06 Octobre 2022 a eu lieu \u00e0 Bamendjou (R\u00e9gion de l\u2019Ouest Cameroun) une r\u00e9union avec l\u2019\u00e9quipe de si\u00e8ge du bureau ITAKA Ouest , le charg\u00e9 des projets, la charg\u00e9 de la Communication, les responsables de la communaut\u00e9 de Bamendjou, l\u2019assistant Provincial en charge du minist\u00e8re et de la mission partag\u00e9e (P\u00e8re Cl\u00e9ment TSANGA)\u2026","robots":{"index":"index","follow":"follow","max-snippet":"max-snippet:-1","max-image-preview":"max-image-preview:large","max-video-preview":"max-video-preview:-1"},"canonical":"Le jeudi 06 Octobre 2022 a eu lieu \u00e0 Bamendjou (R\u00e9gion de l\u2019Ouest Cameroun) une r\u00e9union avec l\u2019\u00e9quipe de si\u00e8ge du bureau ITAKA Ouest , le charg\u00e9 des projets, la charg\u00e9 de la Communication, les responsables de la communaut\u00e9 de Bamendjou, l\u2019assistant Provincial en charge du minist\u00e8re et de la mission partag\u00e9e (P\u00e8re Cl\u00e9ment TSANGA)\u2026","og_locale":"fr_FR","og_type":"article","og_title":"R\u00e9union de partage d\u2019informations relative aux projets d\u2019octroi de bourse et d\u2019apport nutritionnelle dans les 07 \u00e9coles piaristes de Bamendjou","og_description":"Le jeudi 06 Octobre 2022 a eu lieu \u00e0 Bamendjou (R\u00e9gion de l\u2019Ouest Cameroun) une r\u00e9union avec l\u2019\u00e9quipe de si\u00e8ge du bureau ITAKA Ouest , le charg\u00e9 des projets, la charg\u00e9 de la Communication, les responsables de la communaut\u00e9 de Bamendjou, l\u2019assistant Provincial en charge du minist\u00e8re et de la mission partag\u00e9e (P\u00e8re Cl\u00e9ment TSANGA)\u2026","og_url":"https:\/\/www.itakaescolapios.org\/fr\/2022\/10\/francais-reunion-de-partage-dinformations-relative-aux-projets-doctroi-de-bourse-et-dapport-nutritionnelle-dans-les-07-ecoles-piaristes-de-bamendjou\/","og_site_name":"Itaka-Escolapios","article_published_time":"2022-10-10T12:33:40+00:00","article_modified_time":"2023-11-28T11:35:41+00:00","og_image":[{"width":2000,"height":1500,"url":"https:\/\/www.itakaescolapios.org\/wp-content\/uploads\/2022\/10\/20221006_100333-scaled.jpg","type":"image\/jpeg"}],"author":"cameroun01","twitter_card":"summary_large_image","twitter_misc":{"\u00c9crit par":"cameroun01","Dur\u00e9e de lecture estim\u00e9e":"1 minute"},"schema":{"@context":"https:\/\/schema.org","@graph":[{"@type":"Article","@id":"https:\/\/www.itakaescolapios.org\/fr\/2022\/10\/francais-reunion-de-partage-dinformations-relative-aux-projets-doctroi-de-bourse-et-dapport-nutritionnelle-dans-les-07-ecoles-piaristes-de-bamendjou\/#article","isPartOf":{"@id":"https:\/\/www.itakaescolapios.org\/fr\/2022\/10\/francais-reunion-de-partage-dinformations-relative-aux-projets-doctroi-de-bourse-et-dapport-nutritionnelle-dans-les-07-ecoles-piaristes-de-bamendjou\/"},"author":{"name":"cameroun01","@id":"https:\/\/www.itakaescolapios.org\/es\/#\/schema\/person\/d2844383e29bfdfef69039672ce14eb1"},"headline":"R\u00e9union de partage d\u2019informations relative aux projets d\u2019octroi de bourse et d\u2019apport nutritionnelle dans les 07 \u00e9coles piaristes de Bamendjou","datePublished":"2022-10-10T12:33:40+00:00","dateModified":"2023-11-28T11:35:41+00:00","mainEntityOfPage":{"@id":"https:\/\/www.itakaescolapios.org\/fr\/2022\/10\/francais-reunion-de-partage-dinformations-relative-aux-projets-doctroi-de-bourse-et-dapport-nutritionnelle-dans-les-07-ecoles-piaristes-de-bamendjou\/"},"wordCount":134,"publisher":{"@id":"https:\/\/www.itakaescolapios.org\/es\/#organization"},"image":{"@id":"https:\/\/www.itakaescolapios.org\/fr\/2022\/10\/francais-reunion-de-partage-dinformations-relative-aux-projets-doctroi-de-bourse-et-dapport-nutritionnelle-dans-les-07-ecoles-piaristes-de-bamendjou\/#primaryimage"},"thumbnailUrl":"https:\/\/www.itakaescolapios.org\/wp-content\/uploads\/2022\/10\/20221006_100333-scaled.jpg","articleSection":["Afrique centrale","Cameroun"],"inLanguage":"fr-FR"},{"@type":"WebPage","@id":"https:\/\/www.itakaescolapios.org\/fr\/2022\/10\/francais-reunion-de-partage-dinformations-relative-aux-projets-doctroi-de-bourse-et-dapport-nutritionnelle-dans-les-07-ecoles-piaristes-de-bamendjou\/","url":"https:\/\/www.itakaescolapios.org\/fr\/2022\/10\/francais-reunion-de-partage-dinformations-relative-aux-projets-doctroi-de-bourse-et-dapport-nutritionnelle-dans-les-07-ecoles-piaristes-de-bamendjou\/","name":"- Itaka-Escolapios","isPartOf":{"@id":"https:\/\/www.itakaescolapios.org\/es\/#website"},"primaryImageOfPage":{"@id":"https:\/\/www.itakaescolapios.org\/fr\/2022\/10\/francais-reunion-de-partage-dinformations-relative-aux-projets-doctroi-de-bourse-et-dapport-nutritionnelle-dans-les-07-ecoles-piaristes-de-bamendjou\/#primaryimage"},"image":{"@id":"https:\/\/www.itakaescolapios.org\/fr\/2022\/10\/francais-reunion-de-partage-dinformations-relative-aux-projets-doctroi-de-bourse-et-dapport-nutritionnelle-dans-les-07-ecoles-piaristes-de-bamendjou\/#primaryimage"},"thumbnailUrl":"https:\/\/www.itakaescolapios.org\/wp-content\/uploads\/2022\/10\/20221006_100333-scaled.jpg","datePublished":"2022-10-10T12:33:40+00:00","dateModified":"2023-11-28T11:35:41+00:00","breadcrumb":{"@id":"https:\/\/www.itakaescolapios.org\/fr\/2022\/10\/francais-reunion-de-partage-dinformations-relative-aux-projets-doctroi-de-bourse-et-dapport-nutritionnelle-dans-les-07-ecoles-piaristes-de-bamendjou\/#breadcrumb"},"inLanguage":"fr-FR","potentialAction":[{"@type":"ReadAction","target":["https:\/\/www.itakaescolapios.org\/fr\/2022\/10\/francais-reunion-de-partage-dinformations-relative-aux-projets-doctroi-de-bourse-et-dapport-nutritionnelle-dans-les-07-ecoles-piaristes-de-bamendjou\/"]}]},{"@type":"ImageObject","inLanguage":"fr-FR","@id":"https:\/\/www.itakaescolapios.org\/fr\/2022\/10\/francais-reunion-de-partage-dinformations-relative-aux-projets-doctroi-de-bourse-et-dapport-nutritionnelle-dans-les-07-ecoles-piaristes-de-bamendjou\/#primaryimage","url":"https:\/\/www.itakaescolapios.org\/wp-content\/uploads\/2022\/10\/20221006_100333-scaled.jpg","contentUrl":"https:\/\/www.itakaescolapios.org\/wp-content\/uploads\/2022\/10\/20221006_100333-scaled.jpg","width":2000,"height":1500},{"@type":"BreadcrumbList","@id":"https:\/\/www.itakaescolapios.org\/fr\/2022\/10\/francais-reunion-de-partage-dinformations-relative-aux-projets-doctroi-de-bourse-et-dapport-nutritionnelle-dans-les-07-ecoles-piaristes-de-bamendjou\/#breadcrumb","itemListElement":[{"@type":"ListItem","position":1,"name":"Itaka-Escolapios","item":"https:\/\/www.itakaescolapios.org\/es\/"},{"@type":"ListItem","position":2,"name":"R\u00e9union de partage d\u2019informations relative aux projets d\u2019octroi de bourse et d\u2019apport nutritionnelle dans les 07 \u00e9coles piaristes de Bamendjou"}]},{"@type":"WebSite","@id":"https:\/\/www.itakaescolapios.org\/fr\/es\/#website","url":"https:\/\/www.itakaescolapios.org\/fr\/es\/","name":"Itaka-Escolapios","description":"Red de Itaka-Escolapios","publisher":{"@id":"https:\/\/www.itakaescolapios.org\/fr\/es\/#organization"},"potentialAction":[{"@type":"SearchAction","target":{"@type":"EntryPoint","urlTemplate":"https:\/\/www.itakaescolapios.org\/fr\/es\/?s={search_term_string}"},"query-input":{"@type":"PropertyValueSpecification","valueRequired":true,"valueName":"search_term_string"}}],"inLanguage":"fr-FR"},{"@type":"Organization","@id":"https:\/\/www.itakaescolapios.org\/fr\/es\/#organization","name":"Fundaci\u00f3 Itaka-Escolapios","url":"https:\/\/www.itakaescolapios.org\/fr\/es\/","logo":{"@type":"ImageObject","inLanguage":"fr-FR","@id":"https:\/\/www.itakaescolapios.org\/fr\/es\/#\/schema\/logo\/image\/","url":"https:\/\/www.itakaescolapios.org\/wp-content\/uploads\/2024\/04\/Logo-itakaescolapios-peque.png","contentUrl":"https:\/\/www.itakaescolapios.org\/wp-content\/uploads\/2024\/04\/Logo-itakaescolapios-peque.png","width":500,"height":199,"caption":"Fundaci\u00f3 Itaka-Escolapios"},"image":{"@id":"https:\/\/www.itakaescolapios.org\/fr\/es\/#\/schema\/logo\/image\/"}},{"@type":"Person","@id":"https:\/\/www.itakaescolapios.org\/es\/#\/schema\/person\/d2844383e29bfdfef69039672ce14eb1","name":"cameroun01","url":"https:\/\/www.itakaescolapios.org\/fr\/author\/cameroun01\/"}]}},"_links":{"self":[{"href":"https:\/\/www.itakaescolapios.org\/fr\/wp-json\/wp\/v2\/posts\/37568","targetHints":{"allow":["GET"]}}],"collection":[{"href":"https:\/\/www.itakaescolapios.org\/fr\/wp-json\/wp\/v2\/posts"}],"about":[{"href":"https:\/\/www.itakaescolapios.org\/fr\/wp-json\/wp\/v2\/types\/post"}],"author":[{"embeddable":true,"href":"https:\/\/www.itakaescolapios.org\/fr\/wp-json\/wp\/v2\/users\/15"}],"replies":[{"embeddable":true,"href":"https:\/\/www.itakaescolapios.org\/fr\/wp-json\/wp\/v2\/comments?post=37568"}],"version-history":[{"count":2,"href":"https:\/\/www.itakaescolapios.org\/fr\/wp-json\/wp\/v2\/posts\/37568\/revisions"}],"predecessor-version":[{"id":43809,"href":"https:\/\/www.itakaescolapios.org\/fr\/wp-json\/wp\/v2\/posts\/37568\/revisions\/43809"}],"wp:featuredmedia":[{"embeddable":true,"href":"https:\/\/www.itakaescolapios.org\/fr\/wp-json\/wp\/v2\/media\/37566"}],"wp:attachment":[{"href":"https:\/\/www.itakaescolapios.org\/fr\/wp-json\/wp\/v2\/media?parent=37568"}],"wp:term":[{"taxonomy":"category","embeddable":true,"href":"https:\/\/www.itakaescolapios.org\/fr\/wp-json\/wp\/v2\/categories?post=37568"},{"taxonomy":"post_tag","embeddable":true,"href":"https:\/\/www.itakaescolapios.org\/fr\/wp-json\/wp\/v2\/tags?post=37568"}],"curies":[{"name":"wp","href":"https:\/\/api.w.org\/{rel}","templated":true}]}}