{"id":37573,"date":"2022-10-10T16:37:11","date_gmt":"2022-10-10T15:37:11","guid":{"rendered":"https:\/\/www.itakaescolapios.org\/?p=37573"},"modified":"2023-11-28T12:35:41","modified_gmt":"2023-11-28T11:35:41","slug":"francais-rencontre-du-conseil-provincial-des-piaristes-de-lafrique-centrale-sur-levaluation-des-annees-communautaires-et-sur-la-planification-et-programmation-des-chapitres-locaux","status":"publish","type":"post","link":"https:\/\/www.itakaescolapios.org\/fr\/2022\/10\/francais-rencontre-du-conseil-provincial-des-piaristes-de-lafrique-centrale-sur-levaluation-des-annees-communautaires-et-sur-la-planification-et-programmation-des-chapitres-locaux\/","title":{"rendered":"Rencontre du conseil provincial des piaristes de l\u2019Afrique Centrale sur l\u2019\u00e9valuation des ann\u00e9es communautaires et sur la planification et programmation des chapitres locaux et provincial qui se d\u00e9rouleront respectivement au mois de novembre \u00e0 d\u00e9cembre et en avril"},"content":{"rendered":"<p>Ce Lundi 10 Octobre 2022 s&rsquo;est t\u00e9nu au Cameroun la rencontre du conseil provincial des piaristes de l\u2019Afrique Centrale sur l\u2019\u00e9valuation des ann\u00e9es communautaires et sur la planification et programmation des chapitres locaux et provincial qui se d\u00e9rouleront respectivement au mois de novembre \u00e0 d\u00e9cembre et en avril.<\/p>\n<p><img decoding=\"async\" class=\"size-full wp-image-37574 aligncenter\" src=\"https:\/\/www.itakaescolapios.org\/wp-content\/uploads\/2022\/10\/WhatsApp-Image-2022-10-10-at-4.26.41-PM.jpeg\" alt=\"\" width=\"1000\" height=\"750\" srcset=\"https:\/\/www.itakaescolapios.org\/wp-content\/uploads\/2022\/10\/WhatsApp-Image-2022-10-10-at-4.26.41-PM.jpeg 1000w, https:\/\/www.itakaescolapios.org\/wp-content\/uploads\/2022\/10\/WhatsApp-Image-2022-10-10-at-4.26.41-PM-300x225.jpeg 300w, https:\/\/www.itakaescolapios.org\/wp-content\/uploads\/2022\/10\/WhatsApp-Image-2022-10-10-at-4.26.41-PM-768x576.jpeg 768w, https:\/\/www.itakaescolapios.org\/wp-content\/uploads\/2022\/10\/WhatsApp-Image-2022-10-10-at-4.26.41-PM-250x188.jpeg 250w, https:\/\/www.itakaescolapios.org\/wp-content\/uploads\/2022\/10\/WhatsApp-Image-2022-10-10-at-4.26.41-PM-510x382.jpeg 510w\" sizes=\"(max-width: 1000px) 100vw, 1000px\" \/><\/p>\n<p><img decoding=\"async\" class=\"size-full wp-image-37575 aligncenter\" src=\"https:\/\/www.itakaescolapios.org\/wp-content\/uploads\/2022\/10\/WhatsApp-Image-2022-10-10-at-4.26.42-PM.jpeg\" alt=\"\" width=\"1000\" height=\"750\" srcset=\"https:\/\/www.itakaescolapios.org\/wp-content\/uploads\/2022\/10\/WhatsApp-Image-2022-10-10-at-4.26.42-PM.jpeg 1000w, https:\/\/www.itakaescolapios.org\/wp-content\/uploads\/2022\/10\/WhatsApp-Image-2022-10-10-at-4.26.42-PM-300x225.jpeg 300w, https:\/\/www.itakaescolapios.org\/wp-content\/uploads\/2022\/10\/WhatsApp-Image-2022-10-10-at-4.26.42-PM-768x576.jpeg 768w, https:\/\/www.itakaescolapios.org\/wp-content\/uploads\/2022\/10\/WhatsApp-Image-2022-10-10-at-4.26.42-PM-250x188.jpeg 250w, https:\/\/www.itakaescolapios.org\/wp-content\/uploads\/2022\/10\/WhatsApp-Image-2022-10-10-at-4.26.42-PM-510x382.jpeg 510w\" sizes=\"(max-width: 1000px) 100vw, 1000px\" \/><\/p>\n","protected":false},"excerpt":{"rendered":"<p>Ce Lundi 10 Octobre 2022 s&rsquo;est t\u00e9nu au Cameroun la rencontre du conseil provincial des piaristes de l\u2019Afrique Centrale sur l\u2019\u00e9valuation des ann\u00e9es communautaires et sur la planification et programmation [&hellip;]<\/p>\n","protected":false},"author":15,"featured_media":37575,"comment_status":"closed","ping_status":"closed","sticky":false,"template":"","format":"standard","meta":{"_et_pb_use_builder":"","_et_pb_old_content":"","_et_gb_content_width":"","footnotes":""},"categories":[53,10],"tags":[],"class_list":["post-37573","post","type-post","status-publish","format-standard","has-post-thumbnail","hentry","category-africa-central","category-camerun"],"yoast_head":"<!-- This site is optimized with the Yoast SEO plugin v27.4 - https:\/\/yoast.com\/product\/yoast-seo-wordpress\/ -->\n<title>Rencontre du conseil provincial des piaristes de l\u2019Afrique Centrale sur l\u2019\u00e9valuation des ann\u00e9es communautaires et sur la planification et programmation des chapitres locaux et provincial qui se d\u00e9rouleront respectivement au mois de novembre \u00e0 d\u00e9cembre et en avril<\/title>\n<meta name=\"description\" content=\"Ce Lundi 10 Octobre 2022 s&#039;est t\u00e9nu au Cameroun la rencontre du conseil provincial des piaristes de l\u2019Afrique Centrale sur l\u2019\u00e9valuation des ann\u00e9es communautaires et sur la planification et programmation des chapitres locaux et provincial qui se d\u00e9rouleront respectivement au mois de novembre \u00e0 d\u00e9cembre et en avril.\" \/>\n<meta name=\"robots\" content=\"index, follow, max-snippet:-1, max-image-preview:large, max-video-preview:-1\" \/>\n<link rel=\"canonical\" href=\"http:\/\/Ce%20Lundi%2010%20Octobre%202022%20s'est%20t\u00e9nu%20au%20Cameroun%20la%20rencontre%20du%20conseil%20provincial%20des%20piaristes%20de%20l\u2019Afrique%20Centrale%20sur%20l\u2019\u00e9valuation%20des%20ann\u00e9es%20communautaires%20et%20sur%20la%20planification%20et%20programmation%20des%20chapitres%20locaux%20et%20provincial%20qui%20se%20d\u00e9rouleront%20respectivement%20au%20mois%20de%20novembre%20\u00e0%20d\u00e9cembre%20et%20en%20avril.\" \/>\n<meta property=\"og:locale\" content=\"fr_FR\" \/>\n<meta property=\"og:type\" content=\"article\" \/>\n<meta property=\"og:title\" content=\"Rencontre du conseil provincial des piaristes de l\u2019Afrique Centrale sur l\u2019\u00e9valuation des ann\u00e9es communautaires et sur la planification et programmation des chapitres locaux et provincial qui se d\u00e9rouleront respectivement au mois de novembre \u00e0 d\u00e9cembre et en avril\" \/>\n<meta property=\"og:description\" content=\"Ce Lundi 10 Octobre 2022 s&#039;est t\u00e9nu au Cameroun la rencontre du conseil provincial des piaristes de l\u2019Afrique Centrale sur l\u2019\u00e9valuation des ann\u00e9es communautaires et sur la planification et programmation des chapitres locaux et provincial qui se d\u00e9rouleront respectivement au mois de novembre \u00e0 d\u00e9cembre et en avril.\" \/>\n<meta property=\"og:url\" content=\"https:\/\/www.itakaescolapios.org\/fr\/2022\/10\/francais-rencontre-du-conseil-provincial-des-piaristes-de-lafrique-centrale-sur-levaluation-des-annees-communautaires-et-sur-la-planification-et-programmation-des-chapitres-locaux\/\" \/>\n<meta property=\"og:site_name\" content=\"Itaka-Escolapios\" \/>\n<meta property=\"article:published_time\" content=\"2022-10-10T15:37:11+00:00\" \/>\n<meta property=\"article:modified_time\" content=\"2023-11-28T11:35:41+00:00\" \/>\n<meta property=\"og:image\" content=\"https:\/\/www.itakaescolapios.org\/wp-content\/uploads\/2022\/10\/WhatsApp-Image-2022-10-10-at-4.26.42-PM.jpeg\" \/>\n\t<meta property=\"og:image:width\" content=\"1000\" \/>\n\t<meta property=\"og:image:height\" content=\"750\" \/>\n\t<meta property=\"og:image:type\" content=\"image\/jpeg\" \/>\n<meta name=\"author\" content=\"cameroun01\" \/>\n<meta name=\"twitter:card\" content=\"summary_large_image\" \/>\n<meta name=\"twitter:label1\" content=\"\u00c9crit par\" \/>\n\t<meta name=\"twitter:data1\" content=\"cameroun01\" \/>\n<script type=\"application\/ld+json\" class=\"yoast-schema-graph\">{\"@context\":\"https:\\\/\\\/schema.org\",\"@graph\":[{\"@type\":\"Article\",\"@id\":\"https:\\\/\\\/www.itakaescolapios.org\\\/fr\\\/2022\\\/10\\\/francais-rencontre-du-conseil-provincial-des-piaristes-de-lafrique-centrale-sur-levaluation-des-annees-communautaires-et-sur-la-planification-et-programmation-des-chapitres-locaux\\\/#article\",\"isPartOf\":{\"@id\":\"https:\\\/\\\/www.itakaescolapios.org\\\/fr\\\/2022\\\/10\\\/francais-rencontre-du-conseil-provincial-des-piaristes-de-lafrique-centrale-sur-levaluation-des-annees-communautaires-et-sur-la-planification-et-programmation-des-chapitres-locaux\\\/\"},\"author\":{\"name\":\"cameroun01\",\"@id\":\"https:\\\/\\\/www.itakaescolapios.org\\\/es\\\/#\\\/schema\\\/person\\\/d2844383e29bfdfef69039672ce14eb1\"},\"headline\":\"Rencontre du conseil provincial des piaristes de l\u2019Afrique Centrale sur l\u2019\u00e9valuation des ann\u00e9es communautaires et sur la planification et programmation des chapitres locaux et provincial qui se d\u00e9rouleront respectivement au mois de novembre \u00e0 d\u00e9cembre et en avril\",\"datePublished\":\"2022-10-10T15:37:11+00:00\",\"dateModified\":\"2023-11-28T11:35:41+00:00\",\"mainEntityOfPage\":{\"@id\":\"https:\\\/\\\/www.itakaescolapios.org\\\/fr\\\/2022\\\/10\\\/francais-rencontre-du-conseil-provincial-des-piaristes-de-lafrique-centrale-sur-levaluation-des-annees-communautaires-et-sur-la-planification-et-programmation-des-chapitres-locaux\\\/\"},\"wordCount\":53,\"publisher\":{\"@id\":\"https:\\\/\\\/www.itakaescolapios.org\\\/es\\\/#organization\"},\"image\":{\"@id\":\"https:\\\/\\\/www.itakaescolapios.org\\\/fr\\\/2022\\\/10\\\/francais-rencontre-du-conseil-provincial-des-piaristes-de-lafrique-centrale-sur-levaluation-des-annees-communautaires-et-sur-la-planification-et-programmation-des-chapitres-locaux\\\/#primaryimage\"},\"thumbnailUrl\":\"https:\\\/\\\/www.itakaescolapios.org\\\/wp-content\\\/uploads\\\/2022\\\/10\\\/WhatsApp-Image-2022-10-10-at-4.26.42-PM.jpeg\",\"articleSection\":[\"Afrique centrale\",\"Cameroun\"],\"inLanguage\":\"fr-FR\"},{\"@type\":\"WebPage\",\"@id\":\"https:\\\/\\\/www.itakaescolapios.org\\\/fr\\\/2022\\\/10\\\/francais-rencontre-du-conseil-provincial-des-piaristes-de-lafrique-centrale-sur-levaluation-des-annees-communautaires-et-sur-la-planification-et-programmation-des-chapitres-locaux\\\/\",\"url\":\"https:\\\/\\\/www.itakaescolapios.org\\\/fr\\\/2022\\\/10\\\/francais-rencontre-du-conseil-provincial-des-piaristes-de-lafrique-centrale-sur-levaluation-des-annees-communautaires-et-sur-la-planification-et-programmation-des-chapitres-locaux\\\/\",\"name\":\"- Itaka-Escolapios\",\"isPartOf\":{\"@id\":\"https:\\\/\\\/www.itakaescolapios.org\\\/es\\\/#website\"},\"primaryImageOfPage\":{\"@id\":\"https:\\\/\\\/www.itakaescolapios.org\\\/fr\\\/2022\\\/10\\\/francais-rencontre-du-conseil-provincial-des-piaristes-de-lafrique-centrale-sur-levaluation-des-annees-communautaires-et-sur-la-planification-et-programmation-des-chapitres-locaux\\\/#primaryimage\"},\"image\":{\"@id\":\"https:\\\/\\\/www.itakaescolapios.org\\\/fr\\\/2022\\\/10\\\/francais-rencontre-du-conseil-provincial-des-piaristes-de-lafrique-centrale-sur-levaluation-des-annees-communautaires-et-sur-la-planification-et-programmation-des-chapitres-locaux\\\/#primaryimage\"},\"thumbnailUrl\":\"https:\\\/\\\/www.itakaescolapios.org\\\/wp-content\\\/uploads\\\/2022\\\/10\\\/WhatsApp-Image-2022-10-10-at-4.26.42-PM.jpeg\",\"datePublished\":\"2022-10-10T15:37:11+00:00\",\"dateModified\":\"2023-11-28T11:35:41+00:00\",\"breadcrumb\":{\"@id\":\"https:\\\/\\\/www.itakaescolapios.org\\\/fr\\\/2022\\\/10\\\/francais-rencontre-du-conseil-provincial-des-piaristes-de-lafrique-centrale-sur-levaluation-des-annees-communautaires-et-sur-la-planification-et-programmation-des-chapitres-locaux\\\/#breadcrumb\"},\"inLanguage\":\"fr-FR\",\"potentialAction\":[{\"@type\":\"ReadAction\",\"target\":[\"https:\\\/\\\/www.itakaescolapios.org\\\/fr\\\/2022\\\/10\\\/francais-rencontre-du-conseil-provincial-des-piaristes-de-lafrique-centrale-sur-levaluation-des-annees-communautaires-et-sur-la-planification-et-programmation-des-chapitres-locaux\\\/\"]}]},{\"@type\":\"ImageObject\",\"inLanguage\":\"fr-FR\",\"@id\":\"https:\\\/\\\/www.itakaescolapios.org\\\/fr\\\/2022\\\/10\\\/francais-rencontre-du-conseil-provincial-des-piaristes-de-lafrique-centrale-sur-levaluation-des-annees-communautaires-et-sur-la-planification-et-programmation-des-chapitres-locaux\\\/#primaryimage\",\"url\":\"https:\\\/\\\/www.itakaescolapios.org\\\/wp-content\\\/uploads\\\/2022\\\/10\\\/WhatsApp-Image-2022-10-10-at-4.26.42-PM.jpeg\",\"contentUrl\":\"https:\\\/\\\/www.itakaescolapios.org\\\/wp-content\\\/uploads\\\/2022\\\/10\\\/WhatsApp-Image-2022-10-10-at-4.26.42-PM.jpeg\",\"width\":1000,\"height\":750},{\"@type\":\"BreadcrumbList\",\"@id\":\"https:\\\/\\\/www.itakaescolapios.org\\\/fr\\\/2022\\\/10\\\/francais-rencontre-du-conseil-provincial-des-piaristes-de-lafrique-centrale-sur-levaluation-des-annees-communautaires-et-sur-la-planification-et-programmation-des-chapitres-locaux\\\/#breadcrumb\",\"itemListElement\":[{\"@type\":\"ListItem\",\"position\":1,\"name\":\"Itaka-Escolapios\",\"item\":\"https:\\\/\\\/www.itakaescolapios.org\\\/es\\\/\"},{\"@type\":\"ListItem\",\"position\":2,\"name\":\"Rencontre du conseil provincial des piaristes de l\u2019Afrique Centrale sur l\u2019\u00e9valuation des ann\u00e9es communautaires et sur la planification et programmation des chapitres locaux et provincial qui se d\u00e9rouleront respectivement au mois de novembre \u00e0 d\u00e9cembre et en avril\"}]},{\"@type\":\"WebSite\",\"@id\":\"https:\\\/\\\/www.itakaescolapios.org\\\/fr\\\/es\\\/#website\",\"url\":\"https:\\\/\\\/www.itakaescolapios.org\\\/fr\\\/es\\\/\",\"name\":\"Itaka-Escolapios\",\"description\":\"Red de Itaka-Escolapios\",\"publisher\":{\"@id\":\"https:\\\/\\\/www.itakaescolapios.org\\\/fr\\\/es\\\/#organization\"},\"potentialAction\":[{\"@type\":\"SearchAction\",\"target\":{\"@type\":\"EntryPoint\",\"urlTemplate\":\"https:\\\/\\\/www.itakaescolapios.org\\\/fr\\\/es\\\/?s={search_term_string}\"},\"query-input\":{\"@type\":\"PropertyValueSpecification\",\"valueRequired\":true,\"valueName\":\"search_term_string\"}}],\"inLanguage\":\"fr-FR\"},{\"@type\":\"Organization\",\"@id\":\"https:\\\/\\\/www.itakaescolapios.org\\\/fr\\\/es\\\/#organization\",\"name\":\"Fundaci\u00f3 Itaka-Escolapios\",\"url\":\"https:\\\/\\\/www.itakaescolapios.org\\\/fr\\\/es\\\/\",\"logo\":{\"@type\":\"ImageObject\",\"inLanguage\":\"fr-FR\",\"@id\":\"https:\\\/\\\/www.itakaescolapios.org\\\/fr\\\/es\\\/#\\\/schema\\\/logo\\\/image\\\/\",\"url\":\"https:\\\/\\\/www.itakaescolapios.org\\\/wp-content\\\/uploads\\\/2024\\\/04\\\/Logo-itakaescolapios-peque.png\",\"contentUrl\":\"https:\\\/\\\/www.itakaescolapios.org\\\/wp-content\\\/uploads\\\/2024\\\/04\\\/Logo-itakaescolapios-peque.png\",\"width\":500,\"height\":199,\"caption\":\"Fundaci\u00f3 Itaka-Escolapios\"},\"image\":{\"@id\":\"https:\\\/\\\/www.itakaescolapios.org\\\/fr\\\/es\\\/#\\\/schema\\\/logo\\\/image\\\/\"}},{\"@type\":\"Person\",\"@id\":\"https:\\\/\\\/www.itakaescolapios.org\\\/es\\\/#\\\/schema\\\/person\\\/d2844383e29bfdfef69039672ce14eb1\",\"name\":\"cameroun01\",\"url\":\"https:\\\/\\\/www.itakaescolapios.org\\\/fr\\\/author\\\/cameroun01\\\/\"}]}<\/script>\n<!-- \/ Yoast SEO plugin. -->","yoast_head_json":{"title":"Rencontre du conseil provincial des piaristes de l\u2019Afrique Centrale sur l\u2019\u00e9valuation des ann\u00e9es communautaires et sur la planification et programmation des chapitres locaux et provincial qui se d\u00e9rouleront respectivement au mois de novembre \u00e0 d\u00e9cembre et en avril","description":"Ce Lundi 10 Octobre 2022 s'est t\u00e9nu au Cameroun la rencontre du conseil provincial des piaristes de l\u2019Afrique Centrale sur l\u2019\u00e9valuation des ann\u00e9es communautaires et sur la planification et programmation des chapitres locaux et provincial qui se d\u00e9rouleront respectivement au mois de novembre \u00e0 d\u00e9cembre et en avril.","robots":{"index":"index","follow":"follow","max-snippet":"max-snippet:-1","max-image-preview":"max-image-preview:large","max-video-preview":"max-video-preview:-1"},"canonical":"Ce Lundi 10 Octobre 2022 s'est t\u00e9nu au Cameroun la rencontre du conseil provincial des piaristes de l\u2019Afrique Centrale sur l\u2019\u00e9valuation des ann\u00e9es communautaires et sur la planification et programmation des chapitres locaux et provincial qui se d\u00e9rouleront respectivement au mois de novembre \u00e0 d\u00e9cembre et en avril.","og_locale":"fr_FR","og_type":"article","og_title":"Rencontre du conseil provincial des piaristes de l\u2019Afrique Centrale sur l\u2019\u00e9valuation des ann\u00e9es communautaires et sur la planification et programmation des chapitres locaux et provincial qui se d\u00e9rouleront respectivement au mois de novembre \u00e0 d\u00e9cembre et en avril","og_description":"Ce Lundi 10 Octobre 2022 s'est t\u00e9nu au Cameroun la rencontre du conseil provincial des piaristes de l\u2019Afrique Centrale sur l\u2019\u00e9valuation des ann\u00e9es communautaires et sur la planification et programmation des chapitres locaux et provincial qui se d\u00e9rouleront respectivement au mois de novembre \u00e0 d\u00e9cembre et en avril.","og_url":"https:\/\/www.itakaescolapios.org\/fr\/2022\/10\/francais-rencontre-du-conseil-provincial-des-piaristes-de-lafrique-centrale-sur-levaluation-des-annees-communautaires-et-sur-la-planification-et-programmation-des-chapitres-locaux\/","og_site_name":"Itaka-Escolapios","article_published_time":"2022-10-10T15:37:11+00:00","article_modified_time":"2023-11-28T11:35:41+00:00","og_image":[{"width":1000,"height":750,"url":"https:\/\/www.itakaescolapios.org\/wp-content\/uploads\/2022\/10\/WhatsApp-Image-2022-10-10-at-4.26.42-PM.jpeg","type":"image\/jpeg"}],"author":"cameroun01","twitter_card":"summary_large_image","twitter_misc":{"\u00c9crit par":"cameroun01"},"schema":{"@context":"https:\/\/schema.org","@graph":[{"@type":"Article","@id":"https:\/\/www.itakaescolapios.org\/fr\/2022\/10\/francais-rencontre-du-conseil-provincial-des-piaristes-de-lafrique-centrale-sur-levaluation-des-annees-communautaires-et-sur-la-planification-et-programmation-des-chapitres-locaux\/#article","isPartOf":{"@id":"https:\/\/www.itakaescolapios.org\/fr\/2022\/10\/francais-rencontre-du-conseil-provincial-des-piaristes-de-lafrique-centrale-sur-levaluation-des-annees-communautaires-et-sur-la-planification-et-programmation-des-chapitres-locaux\/"},"author":{"name":"cameroun01","@id":"https:\/\/www.itakaescolapios.org\/es\/#\/schema\/person\/d2844383e29bfdfef69039672ce14eb1"},"headline":"Rencontre du conseil provincial des piaristes de l\u2019Afrique Centrale sur l\u2019\u00e9valuation des ann\u00e9es communautaires et sur la planification et programmation des chapitres locaux et provincial qui se d\u00e9rouleront respectivement au mois de novembre \u00e0 d\u00e9cembre et en avril","datePublished":"2022-10-10T15:37:11+00:00","dateModified":"2023-11-28T11:35:41+00:00","mainEntityOfPage":{"@id":"https:\/\/www.itakaescolapios.org\/fr\/2022\/10\/francais-rencontre-du-conseil-provincial-des-piaristes-de-lafrique-centrale-sur-levaluation-des-annees-communautaires-et-sur-la-planification-et-programmation-des-chapitres-locaux\/"},"wordCount":53,"publisher":{"@id":"https:\/\/www.itakaescolapios.org\/es\/#organization"},"image":{"@id":"https:\/\/www.itakaescolapios.org\/fr\/2022\/10\/francais-rencontre-du-conseil-provincial-des-piaristes-de-lafrique-centrale-sur-levaluation-des-annees-communautaires-et-sur-la-planification-et-programmation-des-chapitres-locaux\/#primaryimage"},"thumbnailUrl":"https:\/\/www.itakaescolapios.org\/wp-content\/uploads\/2022\/10\/WhatsApp-Image-2022-10-10-at-4.26.42-PM.jpeg","articleSection":["Afrique centrale","Cameroun"],"inLanguage":"fr-FR"},{"@type":"WebPage","@id":"https:\/\/www.itakaescolapios.org\/fr\/2022\/10\/francais-rencontre-du-conseil-provincial-des-piaristes-de-lafrique-centrale-sur-levaluation-des-annees-communautaires-et-sur-la-planification-et-programmation-des-chapitres-locaux\/","url":"https:\/\/www.itakaescolapios.org\/fr\/2022\/10\/francais-rencontre-du-conseil-provincial-des-piaristes-de-lafrique-centrale-sur-levaluation-des-annees-communautaires-et-sur-la-planification-et-programmation-des-chapitres-locaux\/","name":"- Itaka-Escolapios","isPartOf":{"@id":"https:\/\/www.itakaescolapios.org\/es\/#website"},"primaryImageOfPage":{"@id":"https:\/\/www.itakaescolapios.org\/fr\/2022\/10\/francais-rencontre-du-conseil-provincial-des-piaristes-de-lafrique-centrale-sur-levaluation-des-annees-communautaires-et-sur-la-planification-et-programmation-des-chapitres-locaux\/#primaryimage"},"image":{"@id":"https:\/\/www.itakaescolapios.org\/fr\/2022\/10\/francais-rencontre-du-conseil-provincial-des-piaristes-de-lafrique-centrale-sur-levaluation-des-annees-communautaires-et-sur-la-planification-et-programmation-des-chapitres-locaux\/#primaryimage"},"thumbnailUrl":"https:\/\/www.itakaescolapios.org\/wp-content\/uploads\/2022\/10\/WhatsApp-Image-2022-10-10-at-4.26.42-PM.jpeg","datePublished":"2022-10-10T15:37:11+00:00","dateModified":"2023-11-28T11:35:41+00:00","breadcrumb":{"@id":"https:\/\/www.itakaescolapios.org\/fr\/2022\/10\/francais-rencontre-du-conseil-provincial-des-piaristes-de-lafrique-centrale-sur-levaluation-des-annees-communautaires-et-sur-la-planification-et-programmation-des-chapitres-locaux\/#breadcrumb"},"inLanguage":"fr-FR","potentialAction":[{"@type":"ReadAction","target":["https:\/\/www.itakaescolapios.org\/fr\/2022\/10\/francais-rencontre-du-conseil-provincial-des-piaristes-de-lafrique-centrale-sur-levaluation-des-annees-communautaires-et-sur-la-planification-et-programmation-des-chapitres-locaux\/"]}]},{"@type":"ImageObject","inLanguage":"fr-FR","@id":"https:\/\/www.itakaescolapios.org\/fr\/2022\/10\/francais-rencontre-du-conseil-provincial-des-piaristes-de-lafrique-centrale-sur-levaluation-des-annees-communautaires-et-sur-la-planification-et-programmation-des-chapitres-locaux\/#primaryimage","url":"https:\/\/www.itakaescolapios.org\/wp-content\/uploads\/2022\/10\/WhatsApp-Image-2022-10-10-at-4.26.42-PM.jpeg","contentUrl":"https:\/\/www.itakaescolapios.org\/wp-content\/uploads\/2022\/10\/WhatsApp-Image-2022-10-10-at-4.26.42-PM.jpeg","width":1000,"height":750},{"@type":"BreadcrumbList","@id":"https:\/\/www.itakaescolapios.org\/fr\/2022\/10\/francais-rencontre-du-conseil-provincial-des-piaristes-de-lafrique-centrale-sur-levaluation-des-annees-communautaires-et-sur-la-planification-et-programmation-des-chapitres-locaux\/#breadcrumb","itemListElement":[{"@type":"ListItem","position":1,"name":"Itaka-Escolapios","item":"https:\/\/www.itakaescolapios.org\/es\/"},{"@type":"ListItem","position":2,"name":"Rencontre du conseil provincial des piaristes de l\u2019Afrique Centrale sur l\u2019\u00e9valuation des ann\u00e9es communautaires et sur la planification et programmation des chapitres locaux et provincial qui se d\u00e9rouleront respectivement au mois de novembre \u00e0 d\u00e9cembre et en avril"}]},{"@type":"WebSite","@id":"https:\/\/www.itakaescolapios.org\/fr\/es\/#website","url":"https:\/\/www.itakaescolapios.org\/fr\/es\/","name":"Itaka-Escolapios","description":"Red de Itaka-Escolapios","publisher":{"@id":"https:\/\/www.itakaescolapios.org\/fr\/es\/#organization"},"potentialAction":[{"@type":"SearchAction","target":{"@type":"EntryPoint","urlTemplate":"https:\/\/www.itakaescolapios.org\/fr\/es\/?s={search_term_string}"},"query-input":{"@type":"PropertyValueSpecification","valueRequired":true,"valueName":"search_term_string"}}],"inLanguage":"fr-FR"},{"@type":"Organization","@id":"https:\/\/www.itakaescolapios.org\/fr\/es\/#organization","name":"Fundaci\u00f3 Itaka-Escolapios","url":"https:\/\/www.itakaescolapios.org\/fr\/es\/","logo":{"@type":"ImageObject","inLanguage":"fr-FR","@id":"https:\/\/www.itakaescolapios.org\/fr\/es\/#\/schema\/logo\/image\/","url":"https:\/\/www.itakaescolapios.org\/wp-content\/uploads\/2024\/04\/Logo-itakaescolapios-peque.png","contentUrl":"https:\/\/www.itakaescolapios.org\/wp-content\/uploads\/2024\/04\/Logo-itakaescolapios-peque.png","width":500,"height":199,"caption":"Fundaci\u00f3 Itaka-Escolapios"},"image":{"@id":"https:\/\/www.itakaescolapios.org\/fr\/es\/#\/schema\/logo\/image\/"}},{"@type":"Person","@id":"https:\/\/www.itakaescolapios.org\/es\/#\/schema\/person\/d2844383e29bfdfef69039672ce14eb1","name":"cameroun01","url":"https:\/\/www.itakaescolapios.org\/fr\/author\/cameroun01\/"}]}},"_links":{"self":[{"href":"https:\/\/www.itakaescolapios.org\/fr\/wp-json\/wp\/v2\/posts\/37573","targetHints":{"allow":["GET"]}}],"collection":[{"href":"https:\/\/www.itakaescolapios.org\/fr\/wp-json\/wp\/v2\/posts"}],"about":[{"href":"https:\/\/www.itakaescolapios.org\/fr\/wp-json\/wp\/v2\/types\/post"}],"author":[{"embeddable":true,"href":"https:\/\/www.itakaescolapios.org\/fr\/wp-json\/wp\/v2\/users\/15"}],"replies":[{"embeddable":true,"href":"https:\/\/www.itakaescolapios.org\/fr\/wp-json\/wp\/v2\/comments?post=37573"}],"version-history":[{"count":2,"href":"https:\/\/www.itakaescolapios.org\/fr\/wp-json\/wp\/v2\/posts\/37573\/revisions"}],"predecessor-version":[{"id":43807,"href":"https:\/\/www.itakaescolapios.org\/fr\/wp-json\/wp\/v2\/posts\/37573\/revisions\/43807"}],"wp:featuredmedia":[{"embeddable":true,"href":"https:\/\/www.itakaescolapios.org\/fr\/wp-json\/wp\/v2\/media\/37575"}],"wp:attachment":[{"href":"https:\/\/www.itakaescolapios.org\/fr\/wp-json\/wp\/v2\/media?parent=37573"}],"wp:term":[{"taxonomy":"category","embeddable":true,"href":"https:\/\/www.itakaescolapios.org\/fr\/wp-json\/wp\/v2\/categories?post=37573"},{"taxonomy":"post_tag","embeddable":true,"href":"https:\/\/www.itakaescolapios.org\/fr\/wp-json\/wp\/v2\/tags?post=37573"}],"curies":[{"name":"wp","href":"https:\/\/api.w.org\/{rel}","templated":true}]}}