{"id":37580,"date":"2022-10-12T09:51:42","date_gmt":"2022-10-12T08:51:42","guid":{"rendered":"https:\/\/www.itakaescolapios.org\/?p=37580"},"modified":"2023-11-28T12:35:41","modified_gmt":"2023-11-28T11:35:41","slug":"francais-deuxieme-session-de-formation-des-entraineurs-de-lecole-socio-sportive-de-la-fondation-real-madrid","status":"publish","type":"post","link":"https:\/\/www.itakaescolapios.org\/fr\/2022\/10\/francais-deuxieme-session-de-formation-des-entraineurs-de-lecole-socio-sportive-de-la-fondation-real-madrid\/","title":{"rendered":"Deuxi\u00e8me session de formation des entraineurs de l'\u00e9cole socio-sportive de la Fondation Real Madrid"},"content":{"rendered":"<p>Du 11 au 13 octobre 2022, l&rsquo;\u00e9cole socio sportive de la fondation real madrid\u00a0 (FRM) organise une session de formation et de renforcement des capacit\u00e9s des entraineurs de football et de basketball. Cette formation dirig\u00e9e par ADRIAN du d\u00e9partement formation de la fondation real Madrid . La philosophie FRM \u00a0\u00bbpour une \u00e9ducation real: valeurs et sports\u00a0\u00bb est d&rsquo;encourager les valeurs \u00e9ducatives \u00e0 travers le basketball et le football.<\/p>\n<p><img decoding=\"async\" class=\"size-full wp-image-37581 aligncenter\" src=\"https:\/\/www.itakaescolapios.org\/wp-content\/uploads\/2022\/10\/WhatsApp-Image-2022-10-11-at-3.12.57-PM.jpeg\" alt=\"\" width=\"1080\" height=\"810\" srcset=\"https:\/\/www.itakaescolapios.org\/wp-content\/uploads\/2022\/10\/WhatsApp-Image-2022-10-11-at-3.12.57-PM.jpeg 1080w, https:\/\/www.itakaescolapios.org\/wp-content\/uploads\/2022\/10\/WhatsApp-Image-2022-10-11-at-3.12.57-PM-300x225.jpeg 300w, https:\/\/www.itakaescolapios.org\/wp-content\/uploads\/2022\/10\/WhatsApp-Image-2022-10-11-at-3.12.57-PM-1024x768.jpeg 1024w, https:\/\/www.itakaescolapios.org\/wp-content\/uploads\/2022\/10\/WhatsApp-Image-2022-10-11-at-3.12.57-PM-768x576.jpeg 768w, https:\/\/www.itakaescolapios.org\/wp-content\/uploads\/2022\/10\/WhatsApp-Image-2022-10-11-at-3.12.57-PM-250x188.jpeg 250w, https:\/\/www.itakaescolapios.org\/wp-content\/uploads\/2022\/10\/WhatsApp-Image-2022-10-11-at-3.12.57-PM-510x382.jpeg 510w\" sizes=\"(max-width: 1080px) 100vw, 1080px\" \/><\/p>\n","protected":false},"excerpt":{"rendered":"<p>Du 11 au 13 octobre 2022, l&rsquo;\u00e9cole socio sportive de la fondation real madrid\u00a0 (FRM) organise une session de formation et de renforcement des capacit\u00e9s des entraineurs de football et [&hellip;]<\/p>\n","protected":false},"author":15,"featured_media":37582,"comment_status":"closed","ping_status":"closed","sticky":false,"template":"","format":"standard","meta":{"_et_pb_use_builder":"","_et_pb_old_content":"","_et_gb_content_width":"","footnotes":""},"categories":[53,285],"tags":[],"class_list":["post-37580","post","type-post","status-publish","format-standard","has-post-thumbnail","hentry","category-africa-central","category-gabon"],"yoast_head":"<!-- This site is optimized with the Yoast SEO plugin v27.4 - https:\/\/yoast.com\/product\/yoast-seo-wordpress\/ -->\n<title>Deuxi\u00e8me session de formation des entraineurs de l&#039;\u00e9cole socio-sportive de la Fondation Real Madrid<\/title>\n<meta name=\"description\" content=\"Du 11 au 13 octobre 2022, l&#039;\u00e9cole socio sportive de la fondation real madrid\u00a0 (FRM) organise une session de formation et de renforcement des capacit\u00e9s des entraineurs de football et de basketball. Cette formation dirig\u00e9e par ADRIAN du d\u00e9partement formation de la fondation real Madrid . La philosophie FRM &#039;&#039;pour une \u00e9ducation real: valeurs et\u2026\" \/>\n<meta name=\"robots\" content=\"index, follow, max-snippet:-1, max-image-preview:large, max-video-preview:-1\" \/>\n<link rel=\"canonical\" href=\"\" \/>\n<meta property=\"og:locale\" content=\"fr_FR\" \/>\n<meta property=\"og:type\" content=\"article\" \/>\n<meta property=\"og:title\" content=\"Deuxi\u00e8me session de formation des entraineurs de l&#039;\u00e9cole socio-sportive de la Fondation Real Madrid\" \/>\n<meta property=\"og:description\" content=\"Du 11 au 13 octobre 2022, l&#039;\u00e9cole socio sportive de la fondation real madrid\u00a0 (FRM) organise une session de formation et de renforcement des capacit\u00e9s des entraineurs de football et de basketball. Cette formation dirig\u00e9e par ADRIAN du d\u00e9partement formation de la fondation real Madrid . La philosophie FRM &#039;&#039;pour une \u00e9ducation real: valeurs et\u2026\" \/>\n<meta property=\"og:url\" content=\"https:\/\/www.itakaescolapios.org\/fr\/2022\/10\/francais-deuxieme-session-de-formation-des-entraineurs-de-lecole-socio-sportive-de-la-fondation-real-madrid\/\" \/>\n<meta property=\"og:site_name\" content=\"Itaka-Escolapios\" \/>\n<meta property=\"article:published_time\" content=\"2022-10-12T08:51:42+00:00\" \/>\n<meta property=\"article:modified_time\" content=\"2023-11-28T11:35:41+00:00\" \/>\n<meta property=\"og:image\" content=\"https:\/\/www.itakaescolapios.org\/wp-content\/uploads\/2022\/10\/WhatsApp-Image-2022-10-11-at-3.12.33-PM.jpeg\" \/>\n\t<meta property=\"og:image:width\" content=\"1080\" \/>\n\t<meta property=\"og:image:height\" content=\"810\" \/>\n\t<meta property=\"og:image:type\" content=\"image\/jpeg\" \/>\n<meta name=\"author\" content=\"cameroun01\" \/>\n<meta name=\"twitter:card\" content=\"summary_large_image\" \/>\n<meta name=\"twitter:label1\" content=\"\u00c9crit par\" \/>\n\t<meta name=\"twitter:data1\" content=\"cameroun01\" \/>\n<script type=\"application\/ld+json\" class=\"yoast-schema-graph\">{\"@context\":\"https:\\\/\\\/schema.org\",\"@graph\":[{\"@type\":\"Article\",\"@id\":\"https:\\\/\\\/www.itakaescolapios.org\\\/fr\\\/2022\\\/10\\\/francais-deuxieme-session-de-formation-des-entraineurs-de-lecole-socio-sportive-de-la-fondation-real-madrid\\\/#article\",\"isPartOf\":{\"@id\":\"https:\\\/\\\/www.itakaescolapios.org\\\/fr\\\/2022\\\/10\\\/francais-deuxieme-session-de-formation-des-entraineurs-de-lecole-socio-sportive-de-la-fondation-real-madrid\\\/\"},\"author\":{\"name\":\"cameroun01\",\"@id\":\"https:\\\/\\\/www.itakaescolapios.org\\\/es\\\/#\\\/schema\\\/person\\\/d2844383e29bfdfef69039672ce14eb1\"},\"headline\":\"Deuxi\u00e8me session de formation des entraineurs de l'\u00e9cole socio-sportive de la Fondation Real Madrid\",\"datePublished\":\"2022-10-12T08:51:42+00:00\",\"dateModified\":\"2023-11-28T11:35:41+00:00\",\"mainEntityOfPage\":{\"@id\":\"https:\\\/\\\/www.itakaescolapios.org\\\/fr\\\/2022\\\/10\\\/francais-deuxieme-session-de-formation-des-entraineurs-de-lecole-socio-sportive-de-la-fondation-real-madrid\\\/\"},\"wordCount\":69,\"publisher\":{\"@id\":\"https:\\\/\\\/www.itakaescolapios.org\\\/es\\\/#organization\"},\"image\":{\"@id\":\"https:\\\/\\\/www.itakaescolapios.org\\\/fr\\\/2022\\\/10\\\/francais-deuxieme-session-de-formation-des-entraineurs-de-lecole-socio-sportive-de-la-fondation-real-madrid\\\/#primaryimage\"},\"thumbnailUrl\":\"https:\\\/\\\/www.itakaescolapios.org\\\/wp-content\\\/uploads\\\/2022\\\/10\\\/WhatsApp-Image-2022-10-11-at-3.12.33-PM.jpeg\",\"articleSection\":[\"Afrique centrale\",\"Gab\u00f3n\"],\"inLanguage\":\"fr-FR\"},{\"@type\":\"WebPage\",\"@id\":\"https:\\\/\\\/www.itakaescolapios.org\\\/fr\\\/2022\\\/10\\\/francais-deuxieme-session-de-formation-des-entraineurs-de-lecole-socio-sportive-de-la-fondation-real-madrid\\\/\",\"url\":\"https:\\\/\\\/www.itakaescolapios.org\\\/fr\\\/2022\\\/10\\\/francais-deuxieme-session-de-formation-des-entraineurs-de-lecole-socio-sportive-de-la-fondation-real-madrid\\\/\",\"name\":\"- Itaka-Escolapios\",\"isPartOf\":{\"@id\":\"https:\\\/\\\/www.itakaescolapios.org\\\/es\\\/#website\"},\"primaryImageOfPage\":{\"@id\":\"https:\\\/\\\/www.itakaescolapios.org\\\/fr\\\/2022\\\/10\\\/francais-deuxieme-session-de-formation-des-entraineurs-de-lecole-socio-sportive-de-la-fondation-real-madrid\\\/#primaryimage\"},\"image\":{\"@id\":\"https:\\\/\\\/www.itakaescolapios.org\\\/fr\\\/2022\\\/10\\\/francais-deuxieme-session-de-formation-des-entraineurs-de-lecole-socio-sportive-de-la-fondation-real-madrid\\\/#primaryimage\"},\"thumbnailUrl\":\"https:\\\/\\\/www.itakaescolapios.org\\\/wp-content\\\/uploads\\\/2022\\\/10\\\/WhatsApp-Image-2022-10-11-at-3.12.33-PM.jpeg\",\"datePublished\":\"2022-10-12T08:51:42+00:00\",\"dateModified\":\"2023-11-28T11:35:41+00:00\",\"breadcrumb\":{\"@id\":\"https:\\\/\\\/www.itakaescolapios.org\\\/fr\\\/2022\\\/10\\\/francais-deuxieme-session-de-formation-des-entraineurs-de-lecole-socio-sportive-de-la-fondation-real-madrid\\\/#breadcrumb\"},\"inLanguage\":\"fr-FR\",\"potentialAction\":[{\"@type\":\"ReadAction\",\"target\":[\"https:\\\/\\\/www.itakaescolapios.org\\\/fr\\\/2022\\\/10\\\/francais-deuxieme-session-de-formation-des-entraineurs-de-lecole-socio-sportive-de-la-fondation-real-madrid\\\/\"]}]},{\"@type\":\"ImageObject\",\"inLanguage\":\"fr-FR\",\"@id\":\"https:\\\/\\\/www.itakaescolapios.org\\\/fr\\\/2022\\\/10\\\/francais-deuxieme-session-de-formation-des-entraineurs-de-lecole-socio-sportive-de-la-fondation-real-madrid\\\/#primaryimage\",\"url\":\"https:\\\/\\\/www.itakaescolapios.org\\\/wp-content\\\/uploads\\\/2022\\\/10\\\/WhatsApp-Image-2022-10-11-at-3.12.33-PM.jpeg\",\"contentUrl\":\"https:\\\/\\\/www.itakaescolapios.org\\\/wp-content\\\/uploads\\\/2022\\\/10\\\/WhatsApp-Image-2022-10-11-at-3.12.33-PM.jpeg\",\"width\":1080,\"height\":810},{\"@type\":\"BreadcrumbList\",\"@id\":\"https:\\\/\\\/www.itakaescolapios.org\\\/fr\\\/2022\\\/10\\\/francais-deuxieme-session-de-formation-des-entraineurs-de-lecole-socio-sportive-de-la-fondation-real-madrid\\\/#breadcrumb\",\"itemListElement\":[{\"@type\":\"ListItem\",\"position\":1,\"name\":\"Itaka-Escolapios\",\"item\":\"https:\\\/\\\/www.itakaescolapios.org\\\/es\\\/\"},{\"@type\":\"ListItem\",\"position\":2,\"name\":\"Deuxi\u00e8me session de formation des entraineurs de l'\u00e9cole socio-sportive de la Fondation Real Madrid\"}]},{\"@type\":\"WebSite\",\"@id\":\"https:\\\/\\\/www.itakaescolapios.org\\\/fr\\\/es\\\/#website\",\"url\":\"https:\\\/\\\/www.itakaescolapios.org\\\/fr\\\/es\\\/\",\"name\":\"Itaka-Escolapios\",\"description\":\"Red de Itaka-Escolapios\",\"publisher\":{\"@id\":\"https:\\\/\\\/www.itakaescolapios.org\\\/fr\\\/es\\\/#organization\"},\"potentialAction\":[{\"@type\":\"SearchAction\",\"target\":{\"@type\":\"EntryPoint\",\"urlTemplate\":\"https:\\\/\\\/www.itakaescolapios.org\\\/fr\\\/es\\\/?s={search_term_string}\"},\"query-input\":{\"@type\":\"PropertyValueSpecification\",\"valueRequired\":true,\"valueName\":\"search_term_string\"}}],\"inLanguage\":\"fr-FR\"},{\"@type\":\"Organization\",\"@id\":\"https:\\\/\\\/www.itakaescolapios.org\\\/fr\\\/es\\\/#organization\",\"name\":\"Fundaci\u00f3 Itaka-Escolapios\",\"url\":\"https:\\\/\\\/www.itakaescolapios.org\\\/fr\\\/es\\\/\",\"logo\":{\"@type\":\"ImageObject\",\"inLanguage\":\"fr-FR\",\"@id\":\"https:\\\/\\\/www.itakaescolapios.org\\\/fr\\\/es\\\/#\\\/schema\\\/logo\\\/image\\\/\",\"url\":\"https:\\\/\\\/www.itakaescolapios.org\\\/wp-content\\\/uploads\\\/2024\\\/04\\\/Logo-itakaescolapios-peque.png\",\"contentUrl\":\"https:\\\/\\\/www.itakaescolapios.org\\\/wp-content\\\/uploads\\\/2024\\\/04\\\/Logo-itakaescolapios-peque.png\",\"width\":500,\"height\":199,\"caption\":\"Fundaci\u00f3 Itaka-Escolapios\"},\"image\":{\"@id\":\"https:\\\/\\\/www.itakaescolapios.org\\\/fr\\\/es\\\/#\\\/schema\\\/logo\\\/image\\\/\"}},{\"@type\":\"Person\",\"@id\":\"https:\\\/\\\/www.itakaescolapios.org\\\/es\\\/#\\\/schema\\\/person\\\/d2844383e29bfdfef69039672ce14eb1\",\"name\":\"cameroun01\",\"url\":\"https:\\\/\\\/www.itakaescolapios.org\\\/fr\\\/author\\\/cameroun01\\\/\"}]}<\/script>\n<!-- \/ Yoast SEO plugin. -->","yoast_head_json":{"title":"Deuxi\u00e8me session de formation des entraineurs de l'\u00e9cole socio-sportive de la Fondation Real Madrid","description":"Du 11 au 13 octobre 2022, l'\u00e9cole socio sportive de la fondation real madrid\u00a0 (FRM) organise une session de formation et de renforcement des capacit\u00e9s des entraineurs de football et de basketball. Cette formation dirig\u00e9e par ADRIAN du d\u00e9partement formation de la fondation real Madrid . La philosophie FRM ''pour une \u00e9ducation real: valeurs et\u2026","robots":{"index":"index","follow":"follow","max-snippet":"max-snippet:-1","max-image-preview":"max-image-preview:large","max-video-preview":"max-video-preview:-1"},"canonical":"Du 11 au 13 octobre 2022, l'\u00e9cole socio sportive de la fondation real madrid\u00a0 (FRM) organise une session de formation et de renforcement des capacit\u00e9s des entraineurs de football et de basketball. Cette formation dirig\u00e9e par ADRIAN du d\u00e9partement formation de la fondation real Madrid . La philosophie FRM ''pour une \u00e9ducation real: valeurs et\u2026","og_locale":"fr_FR","og_type":"article","og_title":"Deuxi\u00e8me session de formation des entraineurs de l'\u00e9cole socio-sportive de la Fondation Real Madrid","og_description":"Du 11 au 13 octobre 2022, l'\u00e9cole socio sportive de la fondation real madrid\u00a0 (FRM) organise une session de formation et de renforcement des capacit\u00e9s des entraineurs de football et de basketball. Cette formation dirig\u00e9e par ADRIAN du d\u00e9partement formation de la fondation real Madrid . La philosophie FRM ''pour une \u00e9ducation real: valeurs et\u2026","og_url":"https:\/\/www.itakaescolapios.org\/fr\/2022\/10\/francais-deuxieme-session-de-formation-des-entraineurs-de-lecole-socio-sportive-de-la-fondation-real-madrid\/","og_site_name":"Itaka-Escolapios","article_published_time":"2022-10-12T08:51:42+00:00","article_modified_time":"2023-11-28T11:35:41+00:00","og_image":[{"width":1080,"height":810,"url":"https:\/\/www.itakaescolapios.org\/wp-content\/uploads\/2022\/10\/WhatsApp-Image-2022-10-11-at-3.12.33-PM.jpeg","type":"image\/jpeg"}],"author":"cameroun01","twitter_card":"summary_large_image","twitter_misc":{"\u00c9crit par":"cameroun01"},"schema":{"@context":"https:\/\/schema.org","@graph":[{"@type":"Article","@id":"https:\/\/www.itakaescolapios.org\/fr\/2022\/10\/francais-deuxieme-session-de-formation-des-entraineurs-de-lecole-socio-sportive-de-la-fondation-real-madrid\/#article","isPartOf":{"@id":"https:\/\/www.itakaescolapios.org\/fr\/2022\/10\/francais-deuxieme-session-de-formation-des-entraineurs-de-lecole-socio-sportive-de-la-fondation-real-madrid\/"},"author":{"name":"cameroun01","@id":"https:\/\/www.itakaescolapios.org\/es\/#\/schema\/person\/d2844383e29bfdfef69039672ce14eb1"},"headline":"Deuxi\u00e8me session de formation des entraineurs de l'\u00e9cole socio-sportive de la Fondation Real Madrid","datePublished":"2022-10-12T08:51:42+00:00","dateModified":"2023-11-28T11:35:41+00:00","mainEntityOfPage":{"@id":"https:\/\/www.itakaescolapios.org\/fr\/2022\/10\/francais-deuxieme-session-de-formation-des-entraineurs-de-lecole-socio-sportive-de-la-fondation-real-madrid\/"},"wordCount":69,"publisher":{"@id":"https:\/\/www.itakaescolapios.org\/es\/#organization"},"image":{"@id":"https:\/\/www.itakaescolapios.org\/fr\/2022\/10\/francais-deuxieme-session-de-formation-des-entraineurs-de-lecole-socio-sportive-de-la-fondation-real-madrid\/#primaryimage"},"thumbnailUrl":"https:\/\/www.itakaescolapios.org\/wp-content\/uploads\/2022\/10\/WhatsApp-Image-2022-10-11-at-3.12.33-PM.jpeg","articleSection":["Afrique centrale","Gab\u00f3n"],"inLanguage":"fr-FR"},{"@type":"WebPage","@id":"https:\/\/www.itakaescolapios.org\/fr\/2022\/10\/francais-deuxieme-session-de-formation-des-entraineurs-de-lecole-socio-sportive-de-la-fondation-real-madrid\/","url":"https:\/\/www.itakaescolapios.org\/fr\/2022\/10\/francais-deuxieme-session-de-formation-des-entraineurs-de-lecole-socio-sportive-de-la-fondation-real-madrid\/","name":"- Itaka-Escolapios","isPartOf":{"@id":"https:\/\/www.itakaescolapios.org\/es\/#website"},"primaryImageOfPage":{"@id":"https:\/\/www.itakaescolapios.org\/fr\/2022\/10\/francais-deuxieme-session-de-formation-des-entraineurs-de-lecole-socio-sportive-de-la-fondation-real-madrid\/#primaryimage"},"image":{"@id":"https:\/\/www.itakaescolapios.org\/fr\/2022\/10\/francais-deuxieme-session-de-formation-des-entraineurs-de-lecole-socio-sportive-de-la-fondation-real-madrid\/#primaryimage"},"thumbnailUrl":"https:\/\/www.itakaescolapios.org\/wp-content\/uploads\/2022\/10\/WhatsApp-Image-2022-10-11-at-3.12.33-PM.jpeg","datePublished":"2022-10-12T08:51:42+00:00","dateModified":"2023-11-28T11:35:41+00:00","breadcrumb":{"@id":"https:\/\/www.itakaescolapios.org\/fr\/2022\/10\/francais-deuxieme-session-de-formation-des-entraineurs-de-lecole-socio-sportive-de-la-fondation-real-madrid\/#breadcrumb"},"inLanguage":"fr-FR","potentialAction":[{"@type":"ReadAction","target":["https:\/\/www.itakaescolapios.org\/fr\/2022\/10\/francais-deuxieme-session-de-formation-des-entraineurs-de-lecole-socio-sportive-de-la-fondation-real-madrid\/"]}]},{"@type":"ImageObject","inLanguage":"fr-FR","@id":"https:\/\/www.itakaescolapios.org\/fr\/2022\/10\/francais-deuxieme-session-de-formation-des-entraineurs-de-lecole-socio-sportive-de-la-fondation-real-madrid\/#primaryimage","url":"https:\/\/www.itakaescolapios.org\/wp-content\/uploads\/2022\/10\/WhatsApp-Image-2022-10-11-at-3.12.33-PM.jpeg","contentUrl":"https:\/\/www.itakaescolapios.org\/wp-content\/uploads\/2022\/10\/WhatsApp-Image-2022-10-11-at-3.12.33-PM.jpeg","width":1080,"height":810},{"@type":"BreadcrumbList","@id":"https:\/\/www.itakaescolapios.org\/fr\/2022\/10\/francais-deuxieme-session-de-formation-des-entraineurs-de-lecole-socio-sportive-de-la-fondation-real-madrid\/#breadcrumb","itemListElement":[{"@type":"ListItem","position":1,"name":"Itaka-Escolapios","item":"https:\/\/www.itakaescolapios.org\/es\/"},{"@type":"ListItem","position":2,"name":"Deuxi\u00e8me session de formation des entraineurs de l'\u00e9cole socio-sportive de la Fondation Real Madrid"}]},{"@type":"WebSite","@id":"https:\/\/www.itakaescolapios.org\/fr\/es\/#website","url":"https:\/\/www.itakaescolapios.org\/fr\/es\/","name":"Itaka-Escolapios","description":"Red de Itaka-Escolapios","publisher":{"@id":"https:\/\/www.itakaescolapios.org\/fr\/es\/#organization"},"potentialAction":[{"@type":"SearchAction","target":{"@type":"EntryPoint","urlTemplate":"https:\/\/www.itakaescolapios.org\/fr\/es\/?s={search_term_string}"},"query-input":{"@type":"PropertyValueSpecification","valueRequired":true,"valueName":"search_term_string"}}],"inLanguage":"fr-FR"},{"@type":"Organization","@id":"https:\/\/www.itakaescolapios.org\/fr\/es\/#organization","name":"Fundaci\u00f3 Itaka-Escolapios","url":"https:\/\/www.itakaescolapios.org\/fr\/es\/","logo":{"@type":"ImageObject","inLanguage":"fr-FR","@id":"https:\/\/www.itakaescolapios.org\/fr\/es\/#\/schema\/logo\/image\/","url":"https:\/\/www.itakaescolapios.org\/wp-content\/uploads\/2024\/04\/Logo-itakaescolapios-peque.png","contentUrl":"https:\/\/www.itakaescolapios.org\/wp-content\/uploads\/2024\/04\/Logo-itakaescolapios-peque.png","width":500,"height":199,"caption":"Fundaci\u00f3 Itaka-Escolapios"},"image":{"@id":"https:\/\/www.itakaescolapios.org\/fr\/es\/#\/schema\/logo\/image\/"}},{"@type":"Person","@id":"https:\/\/www.itakaescolapios.org\/es\/#\/schema\/person\/d2844383e29bfdfef69039672ce14eb1","name":"cameroun01","url":"https:\/\/www.itakaescolapios.org\/fr\/author\/cameroun01\/"}]}},"_links":{"self":[{"href":"https:\/\/www.itakaescolapios.org\/fr\/wp-json\/wp\/v2\/posts\/37580","targetHints":{"allow":["GET"]}}],"collection":[{"href":"https:\/\/www.itakaescolapios.org\/fr\/wp-json\/wp\/v2\/posts"}],"about":[{"href":"https:\/\/www.itakaescolapios.org\/fr\/wp-json\/wp\/v2\/types\/post"}],"author":[{"embeddable":true,"href":"https:\/\/www.itakaescolapios.org\/fr\/wp-json\/wp\/v2\/users\/15"}],"replies":[{"embeddable":true,"href":"https:\/\/www.itakaescolapios.org\/fr\/wp-json\/wp\/v2\/comments?post=37580"}],"version-history":[{"count":2,"href":"https:\/\/www.itakaescolapios.org\/fr\/wp-json\/wp\/v2\/posts\/37580\/revisions"}],"predecessor-version":[{"id":43806,"href":"https:\/\/www.itakaescolapios.org\/fr\/wp-json\/wp\/v2\/posts\/37580\/revisions\/43806"}],"wp:featuredmedia":[{"embeddable":true,"href":"https:\/\/www.itakaescolapios.org\/fr\/wp-json\/wp\/v2\/media\/37582"}],"wp:attachment":[{"href":"https:\/\/www.itakaescolapios.org\/fr\/wp-json\/wp\/v2\/media?parent=37580"}],"wp:term":[{"taxonomy":"category","embeddable":true,"href":"https:\/\/www.itakaescolapios.org\/fr\/wp-json\/wp\/v2\/categories?post=37580"},{"taxonomy":"post_tag","embeddable":true,"href":"https:\/\/www.itakaescolapios.org\/fr\/wp-json\/wp\/v2\/tags?post=37580"}],"curies":[{"name":"wp","href":"https:\/\/api.w.org\/{rel}","templated":true}]}}