{"id":37584,"date":"2022-10-12T09:58:43","date_gmt":"2022-10-12T08:58:43","guid":{"rendered":"https:\/\/www.itakaescolapios.org\/?p=37584"},"modified":"2023-11-28T12:35:41","modified_gmt":"2023-11-28T11:35:41","slug":"francais-journee-internationale-des-filles-au-complexe-scolaire-calasanz","status":"publish","type":"post","link":"https:\/\/www.itakaescolapios.org\/fr\/2022\/10\/francais-journee-internationale-des-filles-au-complexe-scolaire-calasanz\/","title":{"rendered":"Journ\u00e9e Internationale des Filles au Complexe Scolaire Calasanz"},"content":{"rendered":"<p>L\u2019ONU reconna\u00eet officiellement le 11 octobre comme \u00e9tant la journ\u00e9e internationale des filles. L&rsquo;acc\u00e8s \u00e0 l\u2019\u00e9ducation\u00a0 (des filles) est un instrument puissant car \u00ab\u00a0La femme est l&rsquo;avenir de l&rsquo;homme\u00a0\u00bb. La situation des filles, bien qu&rsquo;elle ait \u00e9volu\u00e9e, demeure pr\u00e9occupante dans certains coins du Gabon. Les filles sont encore discrimin\u00e9es en mati\u00e8re de scolarit\u00e9. Quand la famille n&rsquo;a pas suffisamment des moyens, on scolarise le gar\u00e7on au d\u00e9triment de la fille. Beaucoup de filles sont mari\u00e9es avant l&rsquo;\u00e2ge de leur majorit\u00e9, et au plus offrant. Les grossesses pr\u00e9coces et hors mariage poussent les jeunes filles \u00e0 abandonner les \u00e9tudes. Les travaux m\u00e9nagers emp\u00eachent \u00e9galement les petites filles \u00e0 avoir les m\u00eames performances que les gar\u00e7ons, ceci parce qu&rsquo;elles n&rsquo;ont pas le m\u00eame temps de repos, d&rsquo;\u00e9tude personnelle, elles arrivent en classe fatigu\u00e9es. Le complexe scolaire Calasanz sensibilise pour changer cet \u00e9tat des choses, \u00e0 l&rsquo;occasion de cette journ\u00e9e du 11 octobre qui n&rsquo;est pas encore suffisamment connue.<\/p>\n<p><img decoding=\"async\" class=\"size-full wp-image-37585 aligncenter\" src=\"https:\/\/www.itakaescolapios.org\/wp-content\/uploads\/2022\/10\/WhatsApp-Image-2022-10-12-at-5.25.12-AM.jpeg\" alt=\"\" width=\"1000\" height=\"752\" srcset=\"https:\/\/www.itakaescolapios.org\/wp-content\/uploads\/2022\/10\/WhatsApp-Image-2022-10-12-at-5.25.12-AM.jpeg 1000w, https:\/\/www.itakaescolapios.org\/wp-content\/uploads\/2022\/10\/WhatsApp-Image-2022-10-12-at-5.25.12-AM-300x226.jpeg 300w, https:\/\/www.itakaescolapios.org\/wp-content\/uploads\/2022\/10\/WhatsApp-Image-2022-10-12-at-5.25.12-AM-768x578.jpeg 768w, https:\/\/www.itakaescolapios.org\/wp-content\/uploads\/2022\/10\/WhatsApp-Image-2022-10-12-at-5.25.12-AM-250x188.jpeg 250w\" sizes=\"(max-width: 1000px) 100vw, 1000px\" \/><\/p>\n","protected":false},"excerpt":{"rendered":"<p>L\u2019ONU reconna\u00eet officiellement le 11 octobre comme \u00e9tant la journ\u00e9e internationale des filles. L&rsquo;acc\u00e8s \u00e0 l\u2019\u00e9ducation\u00a0 (des filles) est un instrument puissant car \u00ab\u00a0La femme est l&rsquo;avenir de l&rsquo;homme\u00a0\u00bb. La [&hellip;]<\/p>\n","protected":false},"author":15,"featured_media":37588,"comment_status":"closed","ping_status":"closed","sticky":false,"template":"","format":"standard","meta":{"_et_pb_use_builder":"","_et_pb_old_content":"","_et_gb_content_width":"","footnotes":""},"categories":[53,285],"tags":[],"class_list":["post-37584","post","type-post","status-publish","format-standard","has-post-thumbnail","hentry","category-africa-central","category-gabon"],"yoast_head":"<!-- This site is optimized with the Yoast SEO plugin v27.4 - https:\/\/yoast.com\/product\/yoast-seo-wordpress\/ -->\n<title>Journ\u00e9e Internationale des Filles au Complexe Scolaire Calasanz<\/title>\n<meta name=\"description\" content=\"L\u2019ONU reconna\u00eet officiellement le 11 octobre comme \u00e9tant la journ\u00e9e internationale des filles. L&#039;acc\u00e8s \u00e0 l\u2019\u00e9ducation\u00a0 (des filles) est un instrument puissant car &quot;La femme est l&#039;avenir de l&#039;homme&quot;. La situation des filles, bien qu&#039;elle ait \u00e9volu\u00e9e, demeure pr\u00e9occupante dans certains coins du Gabon. Les filles sont encore discrimin\u00e9es en mati\u00e8re de scolarit\u00e9. Quand la\u2026\" \/>\n<meta name=\"robots\" content=\"index, follow, max-snippet:-1, max-image-preview:large, max-video-preview:-1\" \/>\n<link rel=\"canonical\" href=\"http:\/\/L\u2019ONU%20reconna\u00eet%20officiellement%20le%2011%20octobre%20comme%20\u00e9tant%20la%20journ\u00e9e%20internationale%20des%20filles.%20L'acc\u00e8s%20\u00e0%20l\u2019\u00e9ducation\u00a0%20(des%20filles)%20est%20un%20instrument%20puissant%20car%20La%20femme%20est%20l'avenir%20de%20l'homme.%20La%20situation%20des%20filles,%20bien%20qu'elle%20ait%20\u00e9volu\u00e9e,%20demeure%20pr\u00e9occupante%20dans%20certains%20coins%20du%20Gabon.%20Les%20filles%20sont%20encore%20discrimin\u00e9es%20en%20mati\u00e8re%20de%20scolarit\u00e9.%20Quand%20la\u2026\" \/>\n<meta property=\"og:locale\" content=\"fr_FR\" \/>\n<meta property=\"og:type\" content=\"article\" \/>\n<meta property=\"og:title\" content=\"Journ\u00e9e Internationale des Filles au Complexe Scolaire Calasanz\" \/>\n<meta property=\"og:description\" content=\"L\u2019ONU reconna\u00eet officiellement le 11 octobre comme \u00e9tant la journ\u00e9e internationale des filles. L&#039;acc\u00e8s \u00e0 l\u2019\u00e9ducation\u00a0 (des filles) est un instrument puissant car &quot;La femme est l&#039;avenir de l&#039;homme&quot;. La situation des filles, bien qu&#039;elle ait \u00e9volu\u00e9e, demeure pr\u00e9occupante dans certains coins du Gabon. Les filles sont encore discrimin\u00e9es en mati\u00e8re de scolarit\u00e9. Quand la\u2026\" \/>\n<meta property=\"og:url\" content=\"https:\/\/www.itakaescolapios.org\/fr\/2022\/10\/francais-journee-internationale-des-filles-au-complexe-scolaire-calasanz\/\" \/>\n<meta property=\"og:site_name\" content=\"Itaka-Escolapios\" \/>\n<meta property=\"article:published_time\" content=\"2022-10-12T08:58:43+00:00\" \/>\n<meta property=\"article:modified_time\" content=\"2023-11-28T11:35:41+00:00\" \/>\n<meta property=\"og:image\" content=\"https:\/\/www.itakaescolapios.org\/wp-content\/uploads\/2022\/10\/WhatsApp-Image-2022-10-12-at-5.25.13-AM.jpeg\" \/>\n\t<meta property=\"og:image:width\" content=\"1000\" \/>\n\t<meta property=\"og:image:height\" content=\"752\" \/>\n\t<meta property=\"og:image:type\" content=\"image\/jpeg\" \/>\n<meta name=\"author\" content=\"cameroun01\" \/>\n<meta name=\"twitter:card\" content=\"summary_large_image\" \/>\n<meta name=\"twitter:label1\" content=\"\u00c9crit par\" \/>\n\t<meta name=\"twitter:data1\" content=\"cameroun01\" \/>\n\t<meta name=\"twitter:label2\" content=\"Dur\u00e9e de lecture estim\u00e9e\" \/>\n\t<meta name=\"twitter:data2\" content=\"1 minute\" \/>\n<script type=\"application\/ld+json\" class=\"yoast-schema-graph\">{\"@context\":\"https:\\\/\\\/schema.org\",\"@graph\":[{\"@type\":\"Article\",\"@id\":\"https:\\\/\\\/www.itakaescolapios.org\\\/fr\\\/2022\\\/10\\\/francais-journee-internationale-des-filles-au-complexe-scolaire-calasanz\\\/#article\",\"isPartOf\":{\"@id\":\"https:\\\/\\\/www.itakaescolapios.org\\\/fr\\\/2022\\\/10\\\/francais-journee-internationale-des-filles-au-complexe-scolaire-calasanz\\\/\"},\"author\":{\"name\":\"cameroun01\",\"@id\":\"https:\\\/\\\/www.itakaescolapios.org\\\/es\\\/#\\\/schema\\\/person\\\/d2844383e29bfdfef69039672ce14eb1\"},\"headline\":\"Journ\u00e9e Internationale des Filles au Complexe Scolaire Calasanz\",\"datePublished\":\"2022-10-12T08:58:43+00:00\",\"dateModified\":\"2023-11-28T11:35:41+00:00\",\"mainEntityOfPage\":{\"@id\":\"https:\\\/\\\/www.itakaescolapios.org\\\/fr\\\/2022\\\/10\\\/francais-journee-internationale-des-filles-au-complexe-scolaire-calasanz\\\/\"},\"wordCount\":182,\"publisher\":{\"@id\":\"https:\\\/\\\/www.itakaescolapios.org\\\/es\\\/#organization\"},\"image\":{\"@id\":\"https:\\\/\\\/www.itakaescolapios.org\\\/fr\\\/2022\\\/10\\\/francais-journee-internationale-des-filles-au-complexe-scolaire-calasanz\\\/#primaryimage\"},\"thumbnailUrl\":\"https:\\\/\\\/www.itakaescolapios.org\\\/wp-content\\\/uploads\\\/2022\\\/10\\\/WhatsApp-Image-2022-10-12-at-5.25.13-AM.jpeg\",\"articleSection\":[\"Afrique centrale\",\"Gab\u00f3n\"],\"inLanguage\":\"fr-FR\"},{\"@type\":\"WebPage\",\"@id\":\"https:\\\/\\\/www.itakaescolapios.org\\\/fr\\\/2022\\\/10\\\/francais-journee-internationale-des-filles-au-complexe-scolaire-calasanz\\\/\",\"url\":\"https:\\\/\\\/www.itakaescolapios.org\\\/fr\\\/2022\\\/10\\\/francais-journee-internationale-des-filles-au-complexe-scolaire-calasanz\\\/\",\"name\":\"- Itaka-Escolapios\",\"isPartOf\":{\"@id\":\"https:\\\/\\\/www.itakaescolapios.org\\\/es\\\/#website\"},\"primaryImageOfPage\":{\"@id\":\"https:\\\/\\\/www.itakaescolapios.org\\\/fr\\\/2022\\\/10\\\/francais-journee-internationale-des-filles-au-complexe-scolaire-calasanz\\\/#primaryimage\"},\"image\":{\"@id\":\"https:\\\/\\\/www.itakaescolapios.org\\\/fr\\\/2022\\\/10\\\/francais-journee-internationale-des-filles-au-complexe-scolaire-calasanz\\\/#primaryimage\"},\"thumbnailUrl\":\"https:\\\/\\\/www.itakaescolapios.org\\\/wp-content\\\/uploads\\\/2022\\\/10\\\/WhatsApp-Image-2022-10-12-at-5.25.13-AM.jpeg\",\"datePublished\":\"2022-10-12T08:58:43+00:00\",\"dateModified\":\"2023-11-28T11:35:41+00:00\",\"breadcrumb\":{\"@id\":\"https:\\\/\\\/www.itakaescolapios.org\\\/fr\\\/2022\\\/10\\\/francais-journee-internationale-des-filles-au-complexe-scolaire-calasanz\\\/#breadcrumb\"},\"inLanguage\":\"fr-FR\",\"potentialAction\":[{\"@type\":\"ReadAction\",\"target\":[\"https:\\\/\\\/www.itakaescolapios.org\\\/fr\\\/2022\\\/10\\\/francais-journee-internationale-des-filles-au-complexe-scolaire-calasanz\\\/\"]}]},{\"@type\":\"ImageObject\",\"inLanguage\":\"fr-FR\",\"@id\":\"https:\\\/\\\/www.itakaescolapios.org\\\/fr\\\/2022\\\/10\\\/francais-journee-internationale-des-filles-au-complexe-scolaire-calasanz\\\/#primaryimage\",\"url\":\"https:\\\/\\\/www.itakaescolapios.org\\\/wp-content\\\/uploads\\\/2022\\\/10\\\/WhatsApp-Image-2022-10-12-at-5.25.13-AM.jpeg\",\"contentUrl\":\"https:\\\/\\\/www.itakaescolapios.org\\\/wp-content\\\/uploads\\\/2022\\\/10\\\/WhatsApp-Image-2022-10-12-at-5.25.13-AM.jpeg\",\"width\":1000,\"height\":752},{\"@type\":\"BreadcrumbList\",\"@id\":\"https:\\\/\\\/www.itakaescolapios.org\\\/fr\\\/2022\\\/10\\\/francais-journee-internationale-des-filles-au-complexe-scolaire-calasanz\\\/#breadcrumb\",\"itemListElement\":[{\"@type\":\"ListItem\",\"position\":1,\"name\":\"Itaka-Escolapios\",\"item\":\"https:\\\/\\\/www.itakaescolapios.org\\\/es\\\/\"},{\"@type\":\"ListItem\",\"position\":2,\"name\":\"Journ\u00e9e Internationale des Filles au Complexe Scolaire Calasanz\"}]},{\"@type\":\"WebSite\",\"@id\":\"https:\\\/\\\/www.itakaescolapios.org\\\/fr\\\/es\\\/#website\",\"url\":\"https:\\\/\\\/www.itakaescolapios.org\\\/fr\\\/es\\\/\",\"name\":\"Itaka-Escolapios\",\"description\":\"Red de Itaka-Escolapios\",\"publisher\":{\"@id\":\"https:\\\/\\\/www.itakaescolapios.org\\\/fr\\\/es\\\/#organization\"},\"potentialAction\":[{\"@type\":\"SearchAction\",\"target\":{\"@type\":\"EntryPoint\",\"urlTemplate\":\"https:\\\/\\\/www.itakaescolapios.org\\\/fr\\\/es\\\/?s={search_term_string}\"},\"query-input\":{\"@type\":\"PropertyValueSpecification\",\"valueRequired\":true,\"valueName\":\"search_term_string\"}}],\"inLanguage\":\"fr-FR\"},{\"@type\":\"Organization\",\"@id\":\"https:\\\/\\\/www.itakaescolapios.org\\\/fr\\\/es\\\/#organization\",\"name\":\"Fundaci\u00f3 Itaka-Escolapios\",\"url\":\"https:\\\/\\\/www.itakaescolapios.org\\\/fr\\\/es\\\/\",\"logo\":{\"@type\":\"ImageObject\",\"inLanguage\":\"fr-FR\",\"@id\":\"https:\\\/\\\/www.itakaescolapios.org\\\/fr\\\/es\\\/#\\\/schema\\\/logo\\\/image\\\/\",\"url\":\"https:\\\/\\\/www.itakaescolapios.org\\\/wp-content\\\/uploads\\\/2024\\\/04\\\/Logo-itakaescolapios-peque.png\",\"contentUrl\":\"https:\\\/\\\/www.itakaescolapios.org\\\/wp-content\\\/uploads\\\/2024\\\/04\\\/Logo-itakaescolapios-peque.png\",\"width\":500,\"height\":199,\"caption\":\"Fundaci\u00f3 Itaka-Escolapios\"},\"image\":{\"@id\":\"https:\\\/\\\/www.itakaescolapios.org\\\/fr\\\/es\\\/#\\\/schema\\\/logo\\\/image\\\/\"}},{\"@type\":\"Person\",\"@id\":\"https:\\\/\\\/www.itakaescolapios.org\\\/es\\\/#\\\/schema\\\/person\\\/d2844383e29bfdfef69039672ce14eb1\",\"name\":\"cameroun01\",\"url\":\"https:\\\/\\\/www.itakaescolapios.org\\\/fr\\\/author\\\/cameroun01\\\/\"}]}<\/script>\n<!-- \/ Yoast SEO plugin. -->","yoast_head_json":{"title":"Journ\u00e9e Internationale des Filles au Complexe Scolaire Calasanz","description":"L\u2019ONU reconna\u00eet officiellement le 11 octobre comme \u00e9tant la journ\u00e9e internationale des filles. L'acc\u00e8s \u00e0 l\u2019\u00e9ducation\u00a0 (des filles) est un instrument puissant car \"La femme est l'avenir de l'homme\". La situation des filles, bien qu'elle ait \u00e9volu\u00e9e, demeure pr\u00e9occupante dans certains coins du Gabon. Les filles sont encore discrimin\u00e9es en mati\u00e8re de scolarit\u00e9. Quand la\u2026","robots":{"index":"index","follow":"follow","max-snippet":"max-snippet:-1","max-image-preview":"max-image-preview:large","max-video-preview":"max-video-preview:-1"},"canonical":"L\u2019ONU reconna\u00eet officiellement le 11 octobre comme \u00e9tant la journ\u00e9e internationale des filles. L'acc\u00e8s \u00e0 l\u2019\u00e9ducation\u00a0 (des filles) est un instrument puissant car \"La femme est l'avenir de l'homme\". La situation des filles, bien qu'elle ait \u00e9volu\u00e9e, demeure pr\u00e9occupante dans certains coins du Gabon. Les filles sont encore discrimin\u00e9es en mati\u00e8re de scolarit\u00e9. Quand la\u2026","og_locale":"fr_FR","og_type":"article","og_title":"Journ\u00e9e Internationale des Filles au Complexe Scolaire Calasanz","og_description":"L\u2019ONU reconna\u00eet officiellement le 11 octobre comme \u00e9tant la journ\u00e9e internationale des filles. L'acc\u00e8s \u00e0 l\u2019\u00e9ducation\u00a0 (des filles) est un instrument puissant car \"La femme est l'avenir de l'homme\". La situation des filles, bien qu'elle ait \u00e9volu\u00e9e, demeure pr\u00e9occupante dans certains coins du Gabon. Les filles sont encore discrimin\u00e9es en mati\u00e8re de scolarit\u00e9. Quand la\u2026","og_url":"https:\/\/www.itakaescolapios.org\/fr\/2022\/10\/francais-journee-internationale-des-filles-au-complexe-scolaire-calasanz\/","og_site_name":"Itaka-Escolapios","article_published_time":"2022-10-12T08:58:43+00:00","article_modified_time":"2023-11-28T11:35:41+00:00","og_image":[{"width":1000,"height":752,"url":"https:\/\/www.itakaescolapios.org\/wp-content\/uploads\/2022\/10\/WhatsApp-Image-2022-10-12-at-5.25.13-AM.jpeg","type":"image\/jpeg"}],"author":"cameroun01","twitter_card":"summary_large_image","twitter_misc":{"\u00c9crit par":"cameroun01","Dur\u00e9e de lecture estim\u00e9e":"1 minute"},"schema":{"@context":"https:\/\/schema.org","@graph":[{"@type":"Article","@id":"https:\/\/www.itakaescolapios.org\/fr\/2022\/10\/francais-journee-internationale-des-filles-au-complexe-scolaire-calasanz\/#article","isPartOf":{"@id":"https:\/\/www.itakaescolapios.org\/fr\/2022\/10\/francais-journee-internationale-des-filles-au-complexe-scolaire-calasanz\/"},"author":{"name":"cameroun01","@id":"https:\/\/www.itakaescolapios.org\/es\/#\/schema\/person\/d2844383e29bfdfef69039672ce14eb1"},"headline":"Journ\u00e9e Internationale des Filles au Complexe Scolaire Calasanz","datePublished":"2022-10-12T08:58:43+00:00","dateModified":"2023-11-28T11:35:41+00:00","mainEntityOfPage":{"@id":"https:\/\/www.itakaescolapios.org\/fr\/2022\/10\/francais-journee-internationale-des-filles-au-complexe-scolaire-calasanz\/"},"wordCount":182,"publisher":{"@id":"https:\/\/www.itakaescolapios.org\/es\/#organization"},"image":{"@id":"https:\/\/www.itakaescolapios.org\/fr\/2022\/10\/francais-journee-internationale-des-filles-au-complexe-scolaire-calasanz\/#primaryimage"},"thumbnailUrl":"https:\/\/www.itakaescolapios.org\/wp-content\/uploads\/2022\/10\/WhatsApp-Image-2022-10-12-at-5.25.13-AM.jpeg","articleSection":["Afrique centrale","Gab\u00f3n"],"inLanguage":"fr-FR"},{"@type":"WebPage","@id":"https:\/\/www.itakaescolapios.org\/fr\/2022\/10\/francais-journee-internationale-des-filles-au-complexe-scolaire-calasanz\/","url":"https:\/\/www.itakaescolapios.org\/fr\/2022\/10\/francais-journee-internationale-des-filles-au-complexe-scolaire-calasanz\/","name":"- Itaka-Escolapios","isPartOf":{"@id":"https:\/\/www.itakaescolapios.org\/es\/#website"},"primaryImageOfPage":{"@id":"https:\/\/www.itakaescolapios.org\/fr\/2022\/10\/francais-journee-internationale-des-filles-au-complexe-scolaire-calasanz\/#primaryimage"},"image":{"@id":"https:\/\/www.itakaescolapios.org\/fr\/2022\/10\/francais-journee-internationale-des-filles-au-complexe-scolaire-calasanz\/#primaryimage"},"thumbnailUrl":"https:\/\/www.itakaescolapios.org\/wp-content\/uploads\/2022\/10\/WhatsApp-Image-2022-10-12-at-5.25.13-AM.jpeg","datePublished":"2022-10-12T08:58:43+00:00","dateModified":"2023-11-28T11:35:41+00:00","breadcrumb":{"@id":"https:\/\/www.itakaescolapios.org\/fr\/2022\/10\/francais-journee-internationale-des-filles-au-complexe-scolaire-calasanz\/#breadcrumb"},"inLanguage":"fr-FR","potentialAction":[{"@type":"ReadAction","target":["https:\/\/www.itakaescolapios.org\/fr\/2022\/10\/francais-journee-internationale-des-filles-au-complexe-scolaire-calasanz\/"]}]},{"@type":"ImageObject","inLanguage":"fr-FR","@id":"https:\/\/www.itakaescolapios.org\/fr\/2022\/10\/francais-journee-internationale-des-filles-au-complexe-scolaire-calasanz\/#primaryimage","url":"https:\/\/www.itakaescolapios.org\/wp-content\/uploads\/2022\/10\/WhatsApp-Image-2022-10-12-at-5.25.13-AM.jpeg","contentUrl":"https:\/\/www.itakaescolapios.org\/wp-content\/uploads\/2022\/10\/WhatsApp-Image-2022-10-12-at-5.25.13-AM.jpeg","width":1000,"height":752},{"@type":"BreadcrumbList","@id":"https:\/\/www.itakaescolapios.org\/fr\/2022\/10\/francais-journee-internationale-des-filles-au-complexe-scolaire-calasanz\/#breadcrumb","itemListElement":[{"@type":"ListItem","position":1,"name":"Itaka-Escolapios","item":"https:\/\/www.itakaescolapios.org\/es\/"},{"@type":"ListItem","position":2,"name":"Journ\u00e9e Internationale des Filles au Complexe Scolaire Calasanz"}]},{"@type":"WebSite","@id":"https:\/\/www.itakaescolapios.org\/fr\/es\/#website","url":"https:\/\/www.itakaescolapios.org\/fr\/es\/","name":"Itaka-Escolapios","description":"Red de Itaka-Escolapios","publisher":{"@id":"https:\/\/www.itakaescolapios.org\/fr\/es\/#organization"},"potentialAction":[{"@type":"SearchAction","target":{"@type":"EntryPoint","urlTemplate":"https:\/\/www.itakaescolapios.org\/fr\/es\/?s={search_term_string}"},"query-input":{"@type":"PropertyValueSpecification","valueRequired":true,"valueName":"search_term_string"}}],"inLanguage":"fr-FR"},{"@type":"Organization","@id":"https:\/\/www.itakaescolapios.org\/fr\/es\/#organization","name":"Fundaci\u00f3 Itaka-Escolapios","url":"https:\/\/www.itakaescolapios.org\/fr\/es\/","logo":{"@type":"ImageObject","inLanguage":"fr-FR","@id":"https:\/\/www.itakaescolapios.org\/fr\/es\/#\/schema\/logo\/image\/","url":"https:\/\/www.itakaescolapios.org\/wp-content\/uploads\/2024\/04\/Logo-itakaescolapios-peque.png","contentUrl":"https:\/\/www.itakaescolapios.org\/wp-content\/uploads\/2024\/04\/Logo-itakaescolapios-peque.png","width":500,"height":199,"caption":"Fundaci\u00f3 Itaka-Escolapios"},"image":{"@id":"https:\/\/www.itakaescolapios.org\/fr\/es\/#\/schema\/logo\/image\/"}},{"@type":"Person","@id":"https:\/\/www.itakaescolapios.org\/es\/#\/schema\/person\/d2844383e29bfdfef69039672ce14eb1","name":"cameroun01","url":"https:\/\/www.itakaescolapios.org\/fr\/author\/cameroun01\/"}]}},"_links":{"self":[{"href":"https:\/\/www.itakaescolapios.org\/fr\/wp-json\/wp\/v2\/posts\/37584","targetHints":{"allow":["GET"]}}],"collection":[{"href":"https:\/\/www.itakaescolapios.org\/fr\/wp-json\/wp\/v2\/posts"}],"about":[{"href":"https:\/\/www.itakaescolapios.org\/fr\/wp-json\/wp\/v2\/types\/post"}],"author":[{"embeddable":true,"href":"https:\/\/www.itakaescolapios.org\/fr\/wp-json\/wp\/v2\/users\/15"}],"replies":[{"embeddable":true,"href":"https:\/\/www.itakaescolapios.org\/fr\/wp-json\/wp\/v2\/comments?post=37584"}],"version-history":[{"count":2,"href":"https:\/\/www.itakaescolapios.org\/fr\/wp-json\/wp\/v2\/posts\/37584\/revisions"}],"predecessor-version":[{"id":43805,"href":"https:\/\/www.itakaescolapios.org\/fr\/wp-json\/wp\/v2\/posts\/37584\/revisions\/43805"}],"wp:featuredmedia":[{"embeddable":true,"href":"https:\/\/www.itakaescolapios.org\/fr\/wp-json\/wp\/v2\/media\/37588"}],"wp:attachment":[{"href":"https:\/\/www.itakaescolapios.org\/fr\/wp-json\/wp\/v2\/media?parent=37584"}],"wp:term":[{"taxonomy":"category","embeddable":true,"href":"https:\/\/www.itakaescolapios.org\/fr\/wp-json\/wp\/v2\/categories?post=37584"},{"taxonomy":"post_tag","embeddable":true,"href":"https:\/\/www.itakaescolapios.org\/fr\/wp-json\/wp\/v2\/tags?post=37584"}],"curies":[{"name":"wp","href":"https:\/\/api.w.org\/{rel}","templated":true}]}}