{"id":37614,"date":"2022-10-18T11:23:57","date_gmt":"2022-10-18T10:23:57","guid":{"rendered":"https:\/\/www.itakaescolapios.org\/?p=37614"},"modified":"2023-11-28T12:35:40","modified_gmt":"2023-11-28T11:35:40","slug":"francais-rencontre-des-responsables-doeuvres-correspondants-locaux-et-bureau-itaka-afrique-centrale","status":"publish","type":"post","link":"https:\/\/www.itakaescolapios.org\/fr\/2022\/10\/francais-rencontre-des-responsables-doeuvres-correspondants-locaux-et-bureau-itaka-afrique-centrale\/","title":{"rendered":"RENCONTRE DES RESPONSABLES D\u2019\u0152UVRES, CORRESPONDANTS LOCAUX ET BUREAU ITAKA AFRIQUE CENTRALE"},"content":{"rendered":"<p>Vendredi 14 octobre dernier a eu lieu \u00e0 bamendjou la rencontre des responsables d\u2019\u0153uvres, correspondants locaux et le bureau ITAKA Afrique Centrale, en vue du lancement des activit\u00e9s dans les diff\u00e9rents si\u00e8ges. Etaient pr\u00e9sents \u00e0 ladite r\u00e9union, les responsables d\u2019\u0153uvres des diff\u00e9rentes pr\u00e9sences (Ouest, Centre, Nord-ouest, Guin\u00e9e Equatoriale, Gabon), les responsables des bureaux ITAKA des diff\u00e9rentes pr\u00e9sences ainsi que le bureau ITAKA de la province d\u2019Afrique Centrale. Chaque responsable a pr\u00e9sent\u00e9 ses objectifs, ses difficult\u00e9s ainsi que ses projections pour l\u2019ann\u00e9e qui a d\u00e9but\u00e9 le mois dernier. La r\u00e9union s\u2019est termin\u00e9e aux environs de 14H10 autour d\u2019un repas \u00e0 la communaut\u00e9 de\u00a0 Bamendjou.<\/p>\n<p><img decoding=\"async\" class=\"size-full wp-image-37615 aligncenter\" src=\"https:\/\/www.itakaescolapios.org\/wp-content\/uploads\/2022\/10\/20221014_104239-scaled.jpg\" alt=\"\" width=\"2560\" height=\"1920\" srcset=\"https:\/\/www.itakaescolapios.org\/wp-content\/uploads\/2022\/10\/20221014_104239-scaled.jpg 2000w, https:\/\/www.itakaescolapios.org\/wp-content\/uploads\/2022\/10\/20221014_104239-300x225.jpg 300w, https:\/\/www.itakaescolapios.org\/wp-content\/uploads\/2022\/10\/20221014_104239-1024x768.jpg 1024w, https:\/\/www.itakaescolapios.org\/wp-content\/uploads\/2022\/10\/20221014_104239-768x576.jpg 768w, https:\/\/www.itakaescolapios.org\/wp-content\/uploads\/2022\/10\/20221014_104239-1536x1152.jpg 1536w, https:\/\/www.itakaescolapios.org\/wp-content\/uploads\/2022\/10\/20221014_104239-2048x1536.jpg 2048w, https:\/\/www.itakaescolapios.org\/wp-content\/uploads\/2022\/10\/20221014_104239-250x188.jpg 250w, https:\/\/www.itakaescolapios.org\/wp-content\/uploads\/2022\/10\/20221014_104239-510x382.jpg 510w, https:\/\/www.itakaescolapios.org\/wp-content\/uploads\/2022\/10\/20221014_104239-1080x810.jpg 1080w\" sizes=\"(max-width: 2560px) 100vw, 2560px\" \/><\/p>\n<p><img decoding=\"async\" class=\"size-full wp-image-37618 aligncenter\" src=\"https:\/\/www.itakaescolapios.org\/wp-content\/uploads\/2022\/10\/20221014_104334-scaled.jpg\" alt=\"\" width=\"2560\" height=\"1920\" srcset=\"https:\/\/www.itakaescolapios.org\/wp-content\/uploads\/2022\/10\/20221014_104334-scaled.jpg 2000w, https:\/\/www.itakaescolapios.org\/wp-content\/uploads\/2022\/10\/20221014_104334-300x225.jpg 300w, https:\/\/www.itakaescolapios.org\/wp-content\/uploads\/2022\/10\/20221014_104334-1024x768.jpg 1024w, https:\/\/www.itakaescolapios.org\/wp-content\/uploads\/2022\/10\/20221014_104334-768x576.jpg 768w, https:\/\/www.itakaescolapios.org\/wp-content\/uploads\/2022\/10\/20221014_104334-1536x1152.jpg 1536w, https:\/\/www.itakaescolapios.org\/wp-content\/uploads\/2022\/10\/20221014_104334-2048x1536.jpg 2048w, https:\/\/www.itakaescolapios.org\/wp-content\/uploads\/2022\/10\/20221014_104334-250x188.jpg 250w, https:\/\/www.itakaescolapios.org\/wp-content\/uploads\/2022\/10\/20221014_104334-510x382.jpg 510w, https:\/\/www.itakaescolapios.org\/wp-content\/uploads\/2022\/10\/20221014_104334-1080x810.jpg 1080w\" sizes=\"(max-width: 2560px) 100vw, 2560px\" \/><\/p>\n","protected":false},"excerpt":{"rendered":"<p>Vendredi 14 octobre dernier a eu lieu \u00e0 bamendjou la rencontre des responsables d\u2019\u0153uvres, correspondants locaux et le bureau ITAKA Afrique Centrale, en vue du lancement des activit\u00e9s dans les [&hellip;]<\/p>\n","protected":false},"author":15,"featured_media":37622,"comment_status":"closed","ping_status":"closed","sticky":false,"template":"","format":"standard","meta":{"_et_pb_use_builder":"","_et_pb_old_content":"","_et_gb_content_width":"","footnotes":""},"categories":[53,10],"tags":[],"class_list":["post-37614","post","type-post","status-publish","format-standard","has-post-thumbnail","hentry","category-africa-central","category-camerun"],"yoast_head":"<!-- This site is optimized with the Yoast SEO plugin v27.4 - https:\/\/yoast.com\/product\/yoast-seo-wordpress\/ -->\n<title>RENCONTRE DES RESPONSABLES D\u2019\u0152UVRES, CORRESPONDANTS LOCAUX ET BUREAU ITAKA AFRIQUE CENTRALE<\/title>\n<meta name=\"description\" content=\"Vendredi 14 octobre dernier a eu lieu \u00e0 bamendjou la rencontre des responsables d\u2019\u0153uvres, correspondants locaux et le bureau ITAKA Afrique Centrale, en vue du lancement des activit\u00e9s dans les diff\u00e9rents si\u00e8ges. Etaient pr\u00e9sents \u00e0 ladite r\u00e9union, les responsables d\u2019\u0153uvres des diff\u00e9rentes pr\u00e9sences (Ouest, Centre, Nord-ouest, Guin\u00e9e Equatoriale, Gabon), les responsables des bureaux ITAKA des\u2026\" \/>\n<meta name=\"robots\" content=\"index, follow, max-snippet:-1, max-image-preview:large, max-video-preview:-1\" \/>\n<link rel=\"canonical\" href=\"http:\/\/Vendredi%2014%20octobre%20dernier%20a%20eu%20lieu%20\u00e0%20bamendjou%20la%20rencontre%20des%20responsables%20d\u2019\u0153uvres,%20correspondants%20locaux%20et%20le%20bureau%20ITAKA%20Afrique%20Centrale,%20en%20vue%20du%20lancement%20des%20activit\u00e9s%20dans%20les%20diff\u00e9rents%20si\u00e8ges.%20Etaient%20pr\u00e9sents%20\u00e0%20ladite%20r\u00e9union,%20les%20responsables%20d\u2019\u0153uvres%20des%20diff\u00e9rentes%20pr\u00e9sences%20(Ouest,%20Centre,%20Nord-ouest,%20Guin\u00e9e%20Equatoriale,%20Gabon),%20les%20responsables%20des%20bureaux%20ITAKA%20des\u2026\" \/>\n<meta property=\"og:locale\" content=\"fr_FR\" \/>\n<meta property=\"og:type\" content=\"article\" \/>\n<meta property=\"og:title\" content=\"RENCONTRE DES RESPONSABLES D\u2019\u0152UVRES, CORRESPONDANTS LOCAUX ET BUREAU ITAKA AFRIQUE CENTRALE\" \/>\n<meta property=\"og:description\" content=\"Vendredi 14 octobre dernier a eu lieu \u00e0 bamendjou la rencontre des responsables d\u2019\u0153uvres, correspondants locaux et le bureau ITAKA Afrique Centrale, en vue du lancement des activit\u00e9s dans les diff\u00e9rents si\u00e8ges. Etaient pr\u00e9sents \u00e0 ladite r\u00e9union, les responsables d\u2019\u0153uvres des diff\u00e9rentes pr\u00e9sences (Ouest, Centre, Nord-ouest, Guin\u00e9e Equatoriale, Gabon), les responsables des bureaux ITAKA des\u2026\" \/>\n<meta property=\"og:url\" content=\"https:\/\/www.itakaescolapios.org\/fr\/2022\/10\/francais-rencontre-des-responsables-doeuvres-correspondants-locaux-et-bureau-itaka-afrique-centrale\/\" \/>\n<meta property=\"og:site_name\" content=\"Itaka-Escolapios\" \/>\n<meta property=\"article:published_time\" content=\"2022-10-18T10:23:57+00:00\" \/>\n<meta property=\"article:modified_time\" content=\"2023-11-28T11:35:40+00:00\" \/>\n<meta property=\"og:image\" content=\"https:\/\/www.itakaescolapios.org\/wp-content\/uploads\/2022\/10\/20221014_113631-scaled.jpg\" \/>\n\t<meta property=\"og:image:width\" content=\"2000\" \/>\n\t<meta property=\"og:image:height\" content=\"1500\" \/>\n\t<meta property=\"og:image:type\" content=\"image\/jpeg\" \/>\n<meta name=\"author\" content=\"cameroun01\" \/>\n<meta name=\"twitter:card\" content=\"summary_large_image\" \/>\n<meta name=\"twitter:label1\" content=\"\u00c9crit par\" \/>\n\t<meta name=\"twitter:data1\" content=\"cameroun01\" \/>\n\t<meta name=\"twitter:label2\" content=\"Dur\u00e9e de lecture estim\u00e9e\" \/>\n\t<meta name=\"twitter:data2\" content=\"1 minute\" \/>\n<script type=\"application\/ld+json\" class=\"yoast-schema-graph\">{\"@context\":\"https:\\\/\\\/schema.org\",\"@graph\":[{\"@type\":\"Article\",\"@id\":\"https:\\\/\\\/www.itakaescolapios.org\\\/fr\\\/2022\\\/10\\\/francais-rencontre-des-responsables-doeuvres-correspondants-locaux-et-bureau-itaka-afrique-centrale\\\/#article\",\"isPartOf\":{\"@id\":\"https:\\\/\\\/www.itakaescolapios.org\\\/fr\\\/2022\\\/10\\\/francais-rencontre-des-responsables-doeuvres-correspondants-locaux-et-bureau-itaka-afrique-centrale\\\/\"},\"author\":{\"name\":\"cameroun01\",\"@id\":\"https:\\\/\\\/www.itakaescolapios.org\\\/es\\\/#\\\/schema\\\/person\\\/d2844383e29bfdfef69039672ce14eb1\"},\"headline\":\"RENCONTRE DES RESPONSABLES D\u2019\u0152UVRES, CORRESPONDANTS LOCAUX ET BUREAU ITAKA AFRIQUE CENTRALE\",\"datePublished\":\"2022-10-18T10:23:57+00:00\",\"dateModified\":\"2023-11-28T11:35:40+00:00\",\"mainEntityOfPage\":{\"@id\":\"https:\\\/\\\/www.itakaescolapios.org\\\/fr\\\/2022\\\/10\\\/francais-rencontre-des-responsables-doeuvres-correspondants-locaux-et-bureau-itaka-afrique-centrale\\\/\"},\"wordCount\":122,\"publisher\":{\"@id\":\"https:\\\/\\\/www.itakaescolapios.org\\\/es\\\/#organization\"},\"image\":{\"@id\":\"https:\\\/\\\/www.itakaescolapios.org\\\/fr\\\/2022\\\/10\\\/francais-rencontre-des-responsables-doeuvres-correspondants-locaux-et-bureau-itaka-afrique-centrale\\\/#primaryimage\"},\"thumbnailUrl\":\"https:\\\/\\\/www.itakaescolapios.org\\\/wp-content\\\/uploads\\\/2022\\\/10\\\/20221014_113631-scaled.jpg\",\"articleSection\":[\"Afrique centrale\",\"Cameroun\"],\"inLanguage\":\"fr-FR\"},{\"@type\":\"WebPage\",\"@id\":\"https:\\\/\\\/www.itakaescolapios.org\\\/fr\\\/2022\\\/10\\\/francais-rencontre-des-responsables-doeuvres-correspondants-locaux-et-bureau-itaka-afrique-centrale\\\/\",\"url\":\"https:\\\/\\\/www.itakaescolapios.org\\\/fr\\\/2022\\\/10\\\/francais-rencontre-des-responsables-doeuvres-correspondants-locaux-et-bureau-itaka-afrique-centrale\\\/\",\"name\":\"- Itaka-Escolapios\",\"isPartOf\":{\"@id\":\"https:\\\/\\\/www.itakaescolapios.org\\\/es\\\/#website\"},\"primaryImageOfPage\":{\"@id\":\"https:\\\/\\\/www.itakaescolapios.org\\\/fr\\\/2022\\\/10\\\/francais-rencontre-des-responsables-doeuvres-correspondants-locaux-et-bureau-itaka-afrique-centrale\\\/#primaryimage\"},\"image\":{\"@id\":\"https:\\\/\\\/www.itakaescolapios.org\\\/fr\\\/2022\\\/10\\\/francais-rencontre-des-responsables-doeuvres-correspondants-locaux-et-bureau-itaka-afrique-centrale\\\/#primaryimage\"},\"thumbnailUrl\":\"https:\\\/\\\/www.itakaescolapios.org\\\/wp-content\\\/uploads\\\/2022\\\/10\\\/20221014_113631-scaled.jpg\",\"datePublished\":\"2022-10-18T10:23:57+00:00\",\"dateModified\":\"2023-11-28T11:35:40+00:00\",\"breadcrumb\":{\"@id\":\"https:\\\/\\\/www.itakaescolapios.org\\\/fr\\\/2022\\\/10\\\/francais-rencontre-des-responsables-doeuvres-correspondants-locaux-et-bureau-itaka-afrique-centrale\\\/#breadcrumb\"},\"inLanguage\":\"fr-FR\",\"potentialAction\":[{\"@type\":\"ReadAction\",\"target\":[\"https:\\\/\\\/www.itakaescolapios.org\\\/fr\\\/2022\\\/10\\\/francais-rencontre-des-responsables-doeuvres-correspondants-locaux-et-bureau-itaka-afrique-centrale\\\/\"]}]},{\"@type\":\"ImageObject\",\"inLanguage\":\"fr-FR\",\"@id\":\"https:\\\/\\\/www.itakaescolapios.org\\\/fr\\\/2022\\\/10\\\/francais-rencontre-des-responsables-doeuvres-correspondants-locaux-et-bureau-itaka-afrique-centrale\\\/#primaryimage\",\"url\":\"https:\\\/\\\/www.itakaescolapios.org\\\/wp-content\\\/uploads\\\/2022\\\/10\\\/20221014_113631-scaled.jpg\",\"contentUrl\":\"https:\\\/\\\/www.itakaescolapios.org\\\/wp-content\\\/uploads\\\/2022\\\/10\\\/20221014_113631-scaled.jpg\",\"width\":2000,\"height\":1500},{\"@type\":\"BreadcrumbList\",\"@id\":\"https:\\\/\\\/www.itakaescolapios.org\\\/fr\\\/2022\\\/10\\\/francais-rencontre-des-responsables-doeuvres-correspondants-locaux-et-bureau-itaka-afrique-centrale\\\/#breadcrumb\",\"itemListElement\":[{\"@type\":\"ListItem\",\"position\":1,\"name\":\"Itaka-Escolapios\",\"item\":\"https:\\\/\\\/www.itakaescolapios.org\\\/es\\\/\"},{\"@type\":\"ListItem\",\"position\":2,\"name\":\"RENCONTRE DES RESPONSABLES D\u2019\u0152UVRES, CORRESPONDANTS LOCAUX ET BUREAU ITAKA AFRIQUE CENTRALE\"}]},{\"@type\":\"WebSite\",\"@id\":\"https:\\\/\\\/www.itakaescolapios.org\\\/fr\\\/es\\\/#website\",\"url\":\"https:\\\/\\\/www.itakaescolapios.org\\\/fr\\\/es\\\/\",\"name\":\"Itaka-Escolapios\",\"description\":\"Red de Itaka-Escolapios\",\"publisher\":{\"@id\":\"https:\\\/\\\/www.itakaescolapios.org\\\/fr\\\/es\\\/#organization\"},\"potentialAction\":[{\"@type\":\"SearchAction\",\"target\":{\"@type\":\"EntryPoint\",\"urlTemplate\":\"https:\\\/\\\/www.itakaescolapios.org\\\/fr\\\/es\\\/?s={search_term_string}\"},\"query-input\":{\"@type\":\"PropertyValueSpecification\",\"valueRequired\":true,\"valueName\":\"search_term_string\"}}],\"inLanguage\":\"fr-FR\"},{\"@type\":\"Organization\",\"@id\":\"https:\\\/\\\/www.itakaescolapios.org\\\/fr\\\/es\\\/#organization\",\"name\":\"Fundaci\u00f3 Itaka-Escolapios\",\"url\":\"https:\\\/\\\/www.itakaescolapios.org\\\/fr\\\/es\\\/\",\"logo\":{\"@type\":\"ImageObject\",\"inLanguage\":\"fr-FR\",\"@id\":\"https:\\\/\\\/www.itakaescolapios.org\\\/fr\\\/es\\\/#\\\/schema\\\/logo\\\/image\\\/\",\"url\":\"https:\\\/\\\/www.itakaescolapios.org\\\/wp-content\\\/uploads\\\/2024\\\/04\\\/Logo-itakaescolapios-peque.png\",\"contentUrl\":\"https:\\\/\\\/www.itakaescolapios.org\\\/wp-content\\\/uploads\\\/2024\\\/04\\\/Logo-itakaescolapios-peque.png\",\"width\":500,\"height\":199,\"caption\":\"Fundaci\u00f3 Itaka-Escolapios\"},\"image\":{\"@id\":\"https:\\\/\\\/www.itakaescolapios.org\\\/fr\\\/es\\\/#\\\/schema\\\/logo\\\/image\\\/\"}},{\"@type\":\"Person\",\"@id\":\"https:\\\/\\\/www.itakaescolapios.org\\\/es\\\/#\\\/schema\\\/person\\\/d2844383e29bfdfef69039672ce14eb1\",\"name\":\"cameroun01\",\"url\":\"https:\\\/\\\/www.itakaescolapios.org\\\/fr\\\/author\\\/cameroun01\\\/\"}]}<\/script>\n<!-- \/ Yoast SEO plugin. -->","yoast_head_json":{"title":"RENCONTRE DES RESPONSABLES D\u2019\u0152UVRES, CORRESPONDANTS LOCAUX ET BUREAU ITAKA AFRIQUE CENTRALE","description":"Vendredi 14 octobre dernier a eu lieu \u00e0 bamendjou la rencontre des responsables d\u2019\u0153uvres, correspondants locaux et le bureau ITAKA Afrique Centrale, en vue du lancement des activit\u00e9s dans les diff\u00e9rents si\u00e8ges. Etaient pr\u00e9sents \u00e0 ladite r\u00e9union, les responsables d\u2019\u0153uvres des diff\u00e9rentes pr\u00e9sences (Ouest, Centre, Nord-ouest, Guin\u00e9e Equatoriale, Gabon), les responsables des bureaux ITAKA des\u2026","robots":{"index":"index","follow":"follow","max-snippet":"max-snippet:-1","max-image-preview":"max-image-preview:large","max-video-preview":"max-video-preview:-1"},"canonical":"Vendredi 14 octobre dernier a eu lieu \u00e0 bamendjou la rencontre des responsables d\u2019\u0153uvres, correspondants locaux et le bureau ITAKA Afrique Centrale, en vue du lancement des activit\u00e9s dans les diff\u00e9rents si\u00e8ges. Etaient pr\u00e9sents \u00e0 ladite r\u00e9union, les responsables d\u2019\u0153uvres des diff\u00e9rentes pr\u00e9sences (Ouest, Centre, Nord-ouest, Guin\u00e9e Equatoriale, Gabon), les responsables des bureaux ITAKA des\u2026","og_locale":"fr_FR","og_type":"article","og_title":"RENCONTRE DES RESPONSABLES D\u2019\u0152UVRES, CORRESPONDANTS LOCAUX ET BUREAU ITAKA AFRIQUE CENTRALE","og_description":"Vendredi 14 octobre dernier a eu lieu \u00e0 bamendjou la rencontre des responsables d\u2019\u0153uvres, correspondants locaux et le bureau ITAKA Afrique Centrale, en vue du lancement des activit\u00e9s dans les diff\u00e9rents si\u00e8ges. Etaient pr\u00e9sents \u00e0 ladite r\u00e9union, les responsables d\u2019\u0153uvres des diff\u00e9rentes pr\u00e9sences (Ouest, Centre, Nord-ouest, Guin\u00e9e Equatoriale, Gabon), les responsables des bureaux ITAKA des\u2026","og_url":"https:\/\/www.itakaescolapios.org\/fr\/2022\/10\/francais-rencontre-des-responsables-doeuvres-correspondants-locaux-et-bureau-itaka-afrique-centrale\/","og_site_name":"Itaka-Escolapios","article_published_time":"2022-10-18T10:23:57+00:00","article_modified_time":"2023-11-28T11:35:40+00:00","og_image":[{"width":2000,"height":1500,"url":"https:\/\/www.itakaescolapios.org\/wp-content\/uploads\/2022\/10\/20221014_113631-scaled.jpg","type":"image\/jpeg"}],"author":"cameroun01","twitter_card":"summary_large_image","twitter_misc":{"\u00c9crit par":"cameroun01","Dur\u00e9e de lecture estim\u00e9e":"1 minute"},"schema":{"@context":"https:\/\/schema.org","@graph":[{"@type":"Article","@id":"https:\/\/www.itakaescolapios.org\/fr\/2022\/10\/francais-rencontre-des-responsables-doeuvres-correspondants-locaux-et-bureau-itaka-afrique-centrale\/#article","isPartOf":{"@id":"https:\/\/www.itakaescolapios.org\/fr\/2022\/10\/francais-rencontre-des-responsables-doeuvres-correspondants-locaux-et-bureau-itaka-afrique-centrale\/"},"author":{"name":"cameroun01","@id":"https:\/\/www.itakaescolapios.org\/es\/#\/schema\/person\/d2844383e29bfdfef69039672ce14eb1"},"headline":"RENCONTRE DES RESPONSABLES D\u2019\u0152UVRES, CORRESPONDANTS LOCAUX ET BUREAU ITAKA AFRIQUE CENTRALE","datePublished":"2022-10-18T10:23:57+00:00","dateModified":"2023-11-28T11:35:40+00:00","mainEntityOfPage":{"@id":"https:\/\/www.itakaescolapios.org\/fr\/2022\/10\/francais-rencontre-des-responsables-doeuvres-correspondants-locaux-et-bureau-itaka-afrique-centrale\/"},"wordCount":122,"publisher":{"@id":"https:\/\/www.itakaescolapios.org\/es\/#organization"},"image":{"@id":"https:\/\/www.itakaescolapios.org\/fr\/2022\/10\/francais-rencontre-des-responsables-doeuvres-correspondants-locaux-et-bureau-itaka-afrique-centrale\/#primaryimage"},"thumbnailUrl":"https:\/\/www.itakaescolapios.org\/wp-content\/uploads\/2022\/10\/20221014_113631-scaled.jpg","articleSection":["Afrique centrale","Cameroun"],"inLanguage":"fr-FR"},{"@type":"WebPage","@id":"https:\/\/www.itakaescolapios.org\/fr\/2022\/10\/francais-rencontre-des-responsables-doeuvres-correspondants-locaux-et-bureau-itaka-afrique-centrale\/","url":"https:\/\/www.itakaescolapios.org\/fr\/2022\/10\/francais-rencontre-des-responsables-doeuvres-correspondants-locaux-et-bureau-itaka-afrique-centrale\/","name":"- Itaka-Escolapios","isPartOf":{"@id":"https:\/\/www.itakaescolapios.org\/es\/#website"},"primaryImageOfPage":{"@id":"https:\/\/www.itakaescolapios.org\/fr\/2022\/10\/francais-rencontre-des-responsables-doeuvres-correspondants-locaux-et-bureau-itaka-afrique-centrale\/#primaryimage"},"image":{"@id":"https:\/\/www.itakaescolapios.org\/fr\/2022\/10\/francais-rencontre-des-responsables-doeuvres-correspondants-locaux-et-bureau-itaka-afrique-centrale\/#primaryimage"},"thumbnailUrl":"https:\/\/www.itakaescolapios.org\/wp-content\/uploads\/2022\/10\/20221014_113631-scaled.jpg","datePublished":"2022-10-18T10:23:57+00:00","dateModified":"2023-11-28T11:35:40+00:00","breadcrumb":{"@id":"https:\/\/www.itakaescolapios.org\/fr\/2022\/10\/francais-rencontre-des-responsables-doeuvres-correspondants-locaux-et-bureau-itaka-afrique-centrale\/#breadcrumb"},"inLanguage":"fr-FR","potentialAction":[{"@type":"ReadAction","target":["https:\/\/www.itakaescolapios.org\/fr\/2022\/10\/francais-rencontre-des-responsables-doeuvres-correspondants-locaux-et-bureau-itaka-afrique-centrale\/"]}]},{"@type":"ImageObject","inLanguage":"fr-FR","@id":"https:\/\/www.itakaescolapios.org\/fr\/2022\/10\/francais-rencontre-des-responsables-doeuvres-correspondants-locaux-et-bureau-itaka-afrique-centrale\/#primaryimage","url":"https:\/\/www.itakaescolapios.org\/wp-content\/uploads\/2022\/10\/20221014_113631-scaled.jpg","contentUrl":"https:\/\/www.itakaescolapios.org\/wp-content\/uploads\/2022\/10\/20221014_113631-scaled.jpg","width":2000,"height":1500},{"@type":"BreadcrumbList","@id":"https:\/\/www.itakaescolapios.org\/fr\/2022\/10\/francais-rencontre-des-responsables-doeuvres-correspondants-locaux-et-bureau-itaka-afrique-centrale\/#breadcrumb","itemListElement":[{"@type":"ListItem","position":1,"name":"Itaka-Escolapios","item":"https:\/\/www.itakaescolapios.org\/es\/"},{"@type":"ListItem","position":2,"name":"RENCONTRE DES RESPONSABLES D\u2019\u0152UVRES, CORRESPONDANTS LOCAUX ET BUREAU ITAKA AFRIQUE CENTRALE"}]},{"@type":"WebSite","@id":"https:\/\/www.itakaescolapios.org\/fr\/es\/#website","url":"https:\/\/www.itakaescolapios.org\/fr\/es\/","name":"Itaka-Escolapios","description":"Red de Itaka-Escolapios","publisher":{"@id":"https:\/\/www.itakaescolapios.org\/fr\/es\/#organization"},"potentialAction":[{"@type":"SearchAction","target":{"@type":"EntryPoint","urlTemplate":"https:\/\/www.itakaescolapios.org\/fr\/es\/?s={search_term_string}"},"query-input":{"@type":"PropertyValueSpecification","valueRequired":true,"valueName":"search_term_string"}}],"inLanguage":"fr-FR"},{"@type":"Organization","@id":"https:\/\/www.itakaescolapios.org\/fr\/es\/#organization","name":"Fundaci\u00f3 Itaka-Escolapios","url":"https:\/\/www.itakaescolapios.org\/fr\/es\/","logo":{"@type":"ImageObject","inLanguage":"fr-FR","@id":"https:\/\/www.itakaescolapios.org\/fr\/es\/#\/schema\/logo\/image\/","url":"https:\/\/www.itakaescolapios.org\/wp-content\/uploads\/2024\/04\/Logo-itakaescolapios-peque.png","contentUrl":"https:\/\/www.itakaescolapios.org\/wp-content\/uploads\/2024\/04\/Logo-itakaescolapios-peque.png","width":500,"height":199,"caption":"Fundaci\u00f3 Itaka-Escolapios"},"image":{"@id":"https:\/\/www.itakaescolapios.org\/fr\/es\/#\/schema\/logo\/image\/"}},{"@type":"Person","@id":"https:\/\/www.itakaescolapios.org\/es\/#\/schema\/person\/d2844383e29bfdfef69039672ce14eb1","name":"cameroun01","url":"https:\/\/www.itakaescolapios.org\/fr\/author\/cameroun01\/"}]}},"_links":{"self":[{"href":"https:\/\/www.itakaescolapios.org\/fr\/wp-json\/wp\/v2\/posts\/37614","targetHints":{"allow":["GET"]}}],"collection":[{"href":"https:\/\/www.itakaescolapios.org\/fr\/wp-json\/wp\/v2\/posts"}],"about":[{"href":"https:\/\/www.itakaescolapios.org\/fr\/wp-json\/wp\/v2\/types\/post"}],"author":[{"embeddable":true,"href":"https:\/\/www.itakaescolapios.org\/fr\/wp-json\/wp\/v2\/users\/15"}],"replies":[{"embeddable":true,"href":"https:\/\/www.itakaescolapios.org\/fr\/wp-json\/wp\/v2\/comments?post=37614"}],"version-history":[{"count":2,"href":"https:\/\/www.itakaescolapios.org\/fr\/wp-json\/wp\/v2\/posts\/37614\/revisions"}],"predecessor-version":[{"id":43798,"href":"https:\/\/www.itakaescolapios.org\/fr\/wp-json\/wp\/v2\/posts\/37614\/revisions\/43798"}],"wp:featuredmedia":[{"embeddable":true,"href":"https:\/\/www.itakaescolapios.org\/fr\/wp-json\/wp\/v2\/media\/37622"}],"wp:attachment":[{"href":"https:\/\/www.itakaescolapios.org\/fr\/wp-json\/wp\/v2\/media?parent=37614"}],"wp:term":[{"taxonomy":"category","embeddable":true,"href":"https:\/\/www.itakaescolapios.org\/fr\/wp-json\/wp\/v2\/categories?post=37614"},{"taxonomy":"post_tag","embeddable":true,"href":"https:\/\/www.itakaescolapios.org\/fr\/wp-json\/wp\/v2\/tags?post=37614"}],"curies":[{"name":"wp","href":"https:\/\/api.w.org\/{rel}","templated":true}]}}