{"id":3791,"date":"2012-12-16T09:29:53","date_gmt":"2012-12-16T08:29:53","guid":{"rendered":"https:\/\/www.itakaescolapios.org\/?p=3791"},"modified":"2023-11-28T12:39:32","modified_gmt":"2023-11-28T11:39:32","slug":"nuevo-autobus-escolar-en-bandjoun","status":"publish","type":"post","link":"https:\/\/www.itakaescolapios.org\/fr\/2012\/12\/nuevo-autobus-escolar-en-bandjoun\/","title":{"rendered":"Nouveau bus scolaire \u00e0 Bandjoun."},"content":{"rendered":"<p><span style=\"color: #0000ff\">Cette nouvelle acquisition permet d\u2019am\u00e9liorer les conditions de transport des \u00e9l\u00e8ves du Coll\u00e8ge Technique Calasanz (CTC).<\/span><\/p>\n<p>Depuis la semaine derni\u00e8re notre Centre de Formation Professionnelle dispose d\u2019un nouveau moyen de transport, plus commode et plus rapide. Ce bus, d\u2019une capacit\u00e9 de 35 places, servira au transport d\u2019une grande partie des 302 \u00e9l\u00e8ves que compte d\u00e9j\u00e0 le coll\u00e8ge qui est \u00e0 sa sixi\u00e8me ann\u00e9e de fonctionnement. Notons que la plupart des \u00e9l\u00e8ves vivent dans les villes de Bafoussam et Bandjoun situ\u00e9es respectivement \u00e0 5 et 12 kilom\u00e8tres du CTC.<\/p>\n","protected":false},"excerpt":{"rendered":"<p>Cette nouvelle acquisition permet d\u2019am\u00e9liorer les conditions de transport des \u00e9l\u00e8ves du Coll\u00e8ge Technique Calasanz (CTC). Depuis la semaine derni\u00e8re notre Centre de Formation Professionnelle dispose d\u2019un nouveau moyen de [&hellip;]<\/p>\n","protected":false},"author":16,"featured_media":3794,"comment_status":"closed","ping_status":"closed","sticky":false,"template":"","format":"standard","meta":{"_et_pb_use_builder":"","_et_pb_old_content":"","_et_gb_content_width":"","footnotes":""},"categories":[10],"tags":[],"class_list":["post-3791","post","type-post","status-publish","format-standard","has-post-thumbnail","hentry","category-camerun"],"yoast_head":"<!-- This site is optimized with the Yoast SEO plugin v27.4 - https:\/\/yoast.com\/product\/yoast-seo-wordpress\/ -->\n<title>Nouveau bus scolaire \u00e0 Bandjoun.<\/title>\n<meta name=\"description\" content=\"Cette nouvelle acquisition permet d\u2019am\u00e9liorer les conditions de transport des \u00e9l\u00e8ves du Coll\u00e8ge Technique Calasanz (CTC). Depuis la semaine derni\u00e8re notre Centre de Formation Professionnelle dispose d\u2019un nouveau moyen de transport, plus commode et plus rapide. Ce bus, d\u2019une capacit\u00e9 de 35 places, servira au transport d\u2019une grande partie des 302 \u00e9l\u00e8ves que compte d\u00e9j\u00e0\u2026\" \/>\n<meta name=\"robots\" content=\"index, follow, max-snippet:-1, max-image-preview:large, max-video-preview:-1\" \/>\n<link rel=\"canonical\" href=\"http:\/\/Cette%20nouvelle%20acquisition%20permet%20d\u2019am\u00e9liorer%20les%20conditions%20de%20transport%20des%20\u00e9l\u00e8ves%20du%20Coll\u00e8ge%20Technique%20Calasanz%20(CTC).%20Depuis%20la%20semaine%20derni\u00e8re%20notre%20Centre%20de%20Formation%20Professionnelle%20dispose%20d\u2019un%20nouveau%20moyen%20de%20transport,%20plus%20commode%20et%20plus%20rapide.%20Ce%20bus,%20d\u2019une%20capacit\u00e9%20de%2035%20places,%20servira%20au%20transport%20d\u2019une%20grande%20partie%20des%20302%20\u00e9l\u00e8ves%20que%20compte%20d\u00e9j\u00e0\u2026\" \/>\n<meta property=\"og:locale\" content=\"fr_FR\" \/>\n<meta property=\"og:type\" content=\"article\" \/>\n<meta property=\"og:title\" content=\"Nouveau bus scolaire \u00e0 Bandjoun.\" \/>\n<meta property=\"og:description\" content=\"Cette nouvelle acquisition permet d\u2019am\u00e9liorer les conditions de transport des \u00e9l\u00e8ves du Coll\u00e8ge Technique Calasanz (CTC). Depuis la semaine derni\u00e8re notre Centre de Formation Professionnelle dispose d\u2019un nouveau moyen de transport, plus commode et plus rapide. Ce bus, d\u2019une capacit\u00e9 de 35 places, servira au transport d\u2019une grande partie des 302 \u00e9l\u00e8ves que compte d\u00e9j\u00e0\u2026\" \/>\n<meta property=\"og:url\" content=\"https:\/\/www.itakaescolapios.org\/fr\/2012\/12\/nuevo-autobus-escolar-en-bandjoun\/\" \/>\n<meta property=\"og:site_name\" content=\"Itaka-Escolapios\" \/>\n<meta property=\"article:published_time\" content=\"2012-12-16T08:29:53+00:00\" \/>\n<meta property=\"article:modified_time\" content=\"2023-11-28T11:39:32+00:00\" \/>\n<meta property=\"og:image\" content=\"https:\/\/www.itakaescolapios.org\/wp-content\/uploads\/2012\/10\/IMG_0231.jpg\" \/>\n\t<meta property=\"og:image:width\" content=\"2000\" \/>\n\t<meta property=\"og:image:height\" content=\"1333\" \/>\n\t<meta property=\"og:image:type\" content=\"image\/jpeg\" \/>\n<meta name=\"author\" content=\"cameroun02\" \/>\n<meta name=\"twitter:card\" content=\"summary_large_image\" \/>\n<meta name=\"twitter:label1\" content=\"\u00c9crit par\" \/>\n\t<meta name=\"twitter:data1\" content=\"cameroun02\" \/>\n<script type=\"application\/ld+json\" class=\"yoast-schema-graph\">{\"@context\":\"https:\\\/\\\/schema.org\",\"@graph\":[{\"@type\":\"Article\",\"@id\":\"https:\\\/\\\/www.itakaescolapios.org\\\/fr\\\/2012\\\/12\\\/nuevo-autobus-escolar-en-bandjoun\\\/#article\",\"isPartOf\":{\"@id\":\"https:\\\/\\\/www.itakaescolapios.org\\\/fr\\\/2012\\\/12\\\/nuevo-autobus-escolar-en-bandjoun\\\/\"},\"author\":{\"name\":\"cameroun02\",\"@id\":\"https:\\\/\\\/www.itakaescolapios.org\\\/es\\\/#\\\/schema\\\/person\\\/9274f8b80c7385b5aae18a7831c4a9c5\"},\"headline\":\"Nouveau bus scolaire \u00e0 Bandjoun.\",\"datePublished\":\"2012-12-16T08:29:53+00:00\",\"dateModified\":\"2023-11-28T11:39:32+00:00\",\"mainEntityOfPage\":{\"@id\":\"https:\\\/\\\/www.itakaescolapios.org\\\/fr\\\/2012\\\/12\\\/nuevo-autobus-escolar-en-bandjoun\\\/\"},\"wordCount\":104,\"publisher\":{\"@id\":\"https:\\\/\\\/www.itakaescolapios.org\\\/es\\\/#organization\"},\"image\":{\"@id\":\"https:\\\/\\\/www.itakaescolapios.org\\\/fr\\\/2012\\\/12\\\/nuevo-autobus-escolar-en-bandjoun\\\/#primaryimage\"},\"thumbnailUrl\":\"https:\\\/\\\/www.itakaescolapios.org\\\/wp-content\\\/uploads\\\/2012\\\/10\\\/IMG_0231.jpg\",\"articleSection\":[\"Cameroun\"],\"inLanguage\":\"fr-FR\"},{\"@type\":\"WebPage\",\"@id\":\"https:\\\/\\\/www.itakaescolapios.org\\\/fr\\\/2012\\\/12\\\/nuevo-autobus-escolar-en-bandjoun\\\/\",\"url\":\"https:\\\/\\\/www.itakaescolapios.org\\\/fr\\\/2012\\\/12\\\/nuevo-autobus-escolar-en-bandjoun\\\/\",\"name\":\"Nuevo autob\u00fas escolar en Bandjoun. - Itaka-Escolapios\",\"isPartOf\":{\"@id\":\"https:\\\/\\\/www.itakaescolapios.org\\\/es\\\/#website\"},\"primaryImageOfPage\":{\"@id\":\"https:\\\/\\\/www.itakaescolapios.org\\\/fr\\\/2012\\\/12\\\/nuevo-autobus-escolar-en-bandjoun\\\/#primaryimage\"},\"image\":{\"@id\":\"https:\\\/\\\/www.itakaescolapios.org\\\/fr\\\/2012\\\/12\\\/nuevo-autobus-escolar-en-bandjoun\\\/#primaryimage\"},\"thumbnailUrl\":\"https:\\\/\\\/www.itakaescolapios.org\\\/wp-content\\\/uploads\\\/2012\\\/10\\\/IMG_0231.jpg\",\"datePublished\":\"2012-12-16T08:29:53+00:00\",\"dateModified\":\"2023-11-28T11:39:32+00:00\",\"breadcrumb\":{\"@id\":\"https:\\\/\\\/www.itakaescolapios.org\\\/fr\\\/2012\\\/12\\\/nuevo-autobus-escolar-en-bandjoun\\\/#breadcrumb\"},\"inLanguage\":\"fr-FR\",\"potentialAction\":[{\"@type\":\"ReadAction\",\"target\":[\"https:\\\/\\\/www.itakaescolapios.org\\\/fr\\\/2012\\\/12\\\/nuevo-autobus-escolar-en-bandjoun\\\/\"]}]},{\"@type\":\"ImageObject\",\"inLanguage\":\"fr-FR\",\"@id\":\"https:\\\/\\\/www.itakaescolapios.org\\\/fr\\\/2012\\\/12\\\/nuevo-autobus-escolar-en-bandjoun\\\/#primaryimage\",\"url\":\"https:\\\/\\\/www.itakaescolapios.org\\\/wp-content\\\/uploads\\\/2012\\\/10\\\/IMG_0231.jpg\",\"contentUrl\":\"https:\\\/\\\/www.itakaescolapios.org\\\/wp-content\\\/uploads\\\/2012\\\/10\\\/IMG_0231.jpg\",\"width\":2000,\"height\":1333},{\"@type\":\"BreadcrumbList\",\"@id\":\"https:\\\/\\\/www.itakaescolapios.org\\\/fr\\\/2012\\\/12\\\/nuevo-autobus-escolar-en-bandjoun\\\/#breadcrumb\",\"itemListElement\":[{\"@type\":\"ListItem\",\"position\":1,\"name\":\"Itaka-Escolapios\",\"item\":\"https:\\\/\\\/www.itakaescolapios.org\\\/es\\\/\"},{\"@type\":\"ListItem\",\"position\":2,\"name\":\"Nouveau bus scolaire \u00e0 Bandjoun.\"}]},{\"@type\":\"WebSite\",\"@id\":\"https:\\\/\\\/www.itakaescolapios.org\\\/fr\\\/es\\\/#website\",\"url\":\"https:\\\/\\\/www.itakaescolapios.org\\\/fr\\\/es\\\/\",\"name\":\"Itaka-Escolapios\",\"description\":\"Red de Itaka-Escolapios\",\"publisher\":{\"@id\":\"https:\\\/\\\/www.itakaescolapios.org\\\/fr\\\/es\\\/#organization\"},\"potentialAction\":[{\"@type\":\"SearchAction\",\"target\":{\"@type\":\"EntryPoint\",\"urlTemplate\":\"https:\\\/\\\/www.itakaescolapios.org\\\/fr\\\/es\\\/?s={search_term_string}\"},\"query-input\":{\"@type\":\"PropertyValueSpecification\",\"valueRequired\":true,\"valueName\":\"search_term_string\"}}],\"inLanguage\":\"fr-FR\"},{\"@type\":\"Organization\",\"@id\":\"https:\\\/\\\/www.itakaescolapios.org\\\/fr\\\/es\\\/#organization\",\"name\":\"Fundaci\u00f3 Itaka-Escolapios\",\"url\":\"https:\\\/\\\/www.itakaescolapios.org\\\/fr\\\/es\\\/\",\"logo\":{\"@type\":\"ImageObject\",\"inLanguage\":\"fr-FR\",\"@id\":\"https:\\\/\\\/www.itakaescolapios.org\\\/fr\\\/es\\\/#\\\/schema\\\/logo\\\/image\\\/\",\"url\":\"https:\\\/\\\/www.itakaescolapios.org\\\/wp-content\\\/uploads\\\/2024\\\/04\\\/Logo-itakaescolapios-peque.png\",\"contentUrl\":\"https:\\\/\\\/www.itakaescolapios.org\\\/wp-content\\\/uploads\\\/2024\\\/04\\\/Logo-itakaescolapios-peque.png\",\"width\":500,\"height\":199,\"caption\":\"Fundaci\u00f3 Itaka-Escolapios\"},\"image\":{\"@id\":\"https:\\\/\\\/www.itakaescolapios.org\\\/fr\\\/es\\\/#\\\/schema\\\/logo\\\/image\\\/\"}},{\"@type\":\"Person\",\"@id\":\"https:\\\/\\\/www.itakaescolapios.org\\\/es\\\/#\\\/schema\\\/person\\\/9274f8b80c7385b5aae18a7831c4a9c5\",\"name\":\"cameroun02\",\"url\":\"https:\\\/\\\/www.itakaescolapios.org\\\/fr\\\/author\\\/cameroun02\\\/\"}]}<\/script>\n<!-- \/ Yoast SEO plugin. -->","yoast_head_json":{"title":"Nouveau bus scolaire \u00e0 Bandjoun.","description":"Cette nouvelle acquisition permet d\u2019am\u00e9liorer les conditions de transport des \u00e9l\u00e8ves du Coll\u00e8ge Technique Calasanz (CTC). Depuis la semaine derni\u00e8re notre Centre de Formation Professionnelle dispose d\u2019un nouveau moyen de transport, plus commode et plus rapide. Ce bus, d\u2019une capacit\u00e9 de 35 places, servira au transport d\u2019une grande partie des 302 \u00e9l\u00e8ves que compte d\u00e9j\u00e0\u2026","robots":{"index":"index","follow":"follow","max-snippet":"max-snippet:-1","max-image-preview":"max-image-preview:large","max-video-preview":"max-video-preview:-1"},"canonical":"Cette nouvelle acquisition permet d\u2019am\u00e9liorer les conditions de transport des \u00e9l\u00e8ves du Coll\u00e8ge Technique Calasanz (CTC). Depuis la semaine derni\u00e8re notre Centre de Formation Professionnelle dispose d\u2019un nouveau moyen de transport, plus commode et plus rapide. Ce bus, d\u2019une capacit\u00e9 de 35 places, servira au transport d\u2019une grande partie des 302 \u00e9l\u00e8ves que compte d\u00e9j\u00e0\u2026","og_locale":"fr_FR","og_type":"article","og_title":"Nouveau bus scolaire \u00e0 Bandjoun.","og_description":"Cette nouvelle acquisition permet d\u2019am\u00e9liorer les conditions de transport des \u00e9l\u00e8ves du Coll\u00e8ge Technique Calasanz (CTC). Depuis la semaine derni\u00e8re notre Centre de Formation Professionnelle dispose d\u2019un nouveau moyen de transport, plus commode et plus rapide. Ce bus, d\u2019une capacit\u00e9 de 35 places, servira au transport d\u2019une grande partie des 302 \u00e9l\u00e8ves que compte d\u00e9j\u00e0\u2026","og_url":"https:\/\/www.itakaescolapios.org\/fr\/2012\/12\/nuevo-autobus-escolar-en-bandjoun\/","og_site_name":"Itaka-Escolapios","article_published_time":"2012-12-16T08:29:53+00:00","article_modified_time":"2023-11-28T11:39:32+00:00","og_image":[{"width":2000,"height":1333,"url":"https:\/\/www.itakaescolapios.org\/wp-content\/uploads\/2012\/10\/IMG_0231.jpg","type":"image\/jpeg"}],"author":"cameroun02","twitter_card":"summary_large_image","twitter_misc":{"\u00c9crit par":"cameroun02"},"schema":{"@context":"https:\/\/schema.org","@graph":[{"@type":"Article","@id":"https:\/\/www.itakaescolapios.org\/fr\/2012\/12\/nuevo-autobus-escolar-en-bandjoun\/#article","isPartOf":{"@id":"https:\/\/www.itakaescolapios.org\/fr\/2012\/12\/nuevo-autobus-escolar-en-bandjoun\/"},"author":{"name":"cameroun02","@id":"https:\/\/www.itakaescolapios.org\/es\/#\/schema\/person\/9274f8b80c7385b5aae18a7831c4a9c5"},"headline":"Nouveau bus scolaire \u00e0 Bandjoun.","datePublished":"2012-12-16T08:29:53+00:00","dateModified":"2023-11-28T11:39:32+00:00","mainEntityOfPage":{"@id":"https:\/\/www.itakaescolapios.org\/fr\/2012\/12\/nuevo-autobus-escolar-en-bandjoun\/"},"wordCount":104,"publisher":{"@id":"https:\/\/www.itakaescolapios.org\/es\/#organization"},"image":{"@id":"https:\/\/www.itakaescolapios.org\/fr\/2012\/12\/nuevo-autobus-escolar-en-bandjoun\/#primaryimage"},"thumbnailUrl":"https:\/\/www.itakaescolapios.org\/wp-content\/uploads\/2012\/10\/IMG_0231.jpg","articleSection":["Cameroun"],"inLanguage":"fr-FR"},{"@type":"WebPage","@id":"https:\/\/www.itakaescolapios.org\/fr\/2012\/12\/nuevo-autobus-escolar-en-bandjoun\/","url":"https:\/\/www.itakaescolapios.org\/fr\/2012\/12\/nuevo-autobus-escolar-en-bandjoun\/","name":"Nuevo autob\u00fas escolar en Bandjoun. - Itaka-Escolapios","isPartOf":{"@id":"https:\/\/www.itakaescolapios.org\/es\/#website"},"primaryImageOfPage":{"@id":"https:\/\/www.itakaescolapios.org\/fr\/2012\/12\/nuevo-autobus-escolar-en-bandjoun\/#primaryimage"},"image":{"@id":"https:\/\/www.itakaescolapios.org\/fr\/2012\/12\/nuevo-autobus-escolar-en-bandjoun\/#primaryimage"},"thumbnailUrl":"https:\/\/www.itakaescolapios.org\/wp-content\/uploads\/2012\/10\/IMG_0231.jpg","datePublished":"2012-12-16T08:29:53+00:00","dateModified":"2023-11-28T11:39:32+00:00","breadcrumb":{"@id":"https:\/\/www.itakaescolapios.org\/fr\/2012\/12\/nuevo-autobus-escolar-en-bandjoun\/#breadcrumb"},"inLanguage":"fr-FR","potentialAction":[{"@type":"ReadAction","target":["https:\/\/www.itakaescolapios.org\/fr\/2012\/12\/nuevo-autobus-escolar-en-bandjoun\/"]}]},{"@type":"ImageObject","inLanguage":"fr-FR","@id":"https:\/\/www.itakaescolapios.org\/fr\/2012\/12\/nuevo-autobus-escolar-en-bandjoun\/#primaryimage","url":"https:\/\/www.itakaescolapios.org\/wp-content\/uploads\/2012\/10\/IMG_0231.jpg","contentUrl":"https:\/\/www.itakaescolapios.org\/wp-content\/uploads\/2012\/10\/IMG_0231.jpg","width":2000,"height":1333},{"@type":"BreadcrumbList","@id":"https:\/\/www.itakaescolapios.org\/fr\/2012\/12\/nuevo-autobus-escolar-en-bandjoun\/#breadcrumb","itemListElement":[{"@type":"ListItem","position":1,"name":"Itaka-Escolapios","item":"https:\/\/www.itakaescolapios.org\/es\/"},{"@type":"ListItem","position":2,"name":"Nouveau bus scolaire \u00e0 Bandjoun."}]},{"@type":"WebSite","@id":"https:\/\/www.itakaescolapios.org\/fr\/es\/#website","url":"https:\/\/www.itakaescolapios.org\/fr\/es\/","name":"Itaka-Escolapios","description":"Red de Itaka-Escolapios","publisher":{"@id":"https:\/\/www.itakaescolapios.org\/fr\/es\/#organization"},"potentialAction":[{"@type":"SearchAction","target":{"@type":"EntryPoint","urlTemplate":"https:\/\/www.itakaescolapios.org\/fr\/es\/?s={search_term_string}"},"query-input":{"@type":"PropertyValueSpecification","valueRequired":true,"valueName":"search_term_string"}}],"inLanguage":"fr-FR"},{"@type":"Organization","@id":"https:\/\/www.itakaescolapios.org\/fr\/es\/#organization","name":"Fundaci\u00f3 Itaka-Escolapios","url":"https:\/\/www.itakaescolapios.org\/fr\/es\/","logo":{"@type":"ImageObject","inLanguage":"fr-FR","@id":"https:\/\/www.itakaescolapios.org\/fr\/es\/#\/schema\/logo\/image\/","url":"https:\/\/www.itakaescolapios.org\/wp-content\/uploads\/2024\/04\/Logo-itakaescolapios-peque.png","contentUrl":"https:\/\/www.itakaescolapios.org\/wp-content\/uploads\/2024\/04\/Logo-itakaescolapios-peque.png","width":500,"height":199,"caption":"Fundaci\u00f3 Itaka-Escolapios"},"image":{"@id":"https:\/\/www.itakaescolapios.org\/fr\/es\/#\/schema\/logo\/image\/"}},{"@type":"Person","@id":"https:\/\/www.itakaescolapios.org\/es\/#\/schema\/person\/9274f8b80c7385b5aae18a7831c4a9c5","name":"cameroun02","url":"https:\/\/www.itakaescolapios.org\/fr\/author\/cameroun02\/"}]}},"_links":{"self":[{"href":"https:\/\/www.itakaescolapios.org\/fr\/wp-json\/wp\/v2\/posts\/3791","targetHints":{"allow":["GET"]}}],"collection":[{"href":"https:\/\/www.itakaescolapios.org\/fr\/wp-json\/wp\/v2\/posts"}],"about":[{"href":"https:\/\/www.itakaescolapios.org\/fr\/wp-json\/wp\/v2\/types\/post"}],"author":[{"embeddable":true,"href":"https:\/\/www.itakaescolapios.org\/fr\/wp-json\/wp\/v2\/users\/16"}],"replies":[{"embeddable":true,"href":"https:\/\/www.itakaescolapios.org\/fr\/wp-json\/wp\/v2\/comments?post=3791"}],"version-history":[{"count":9,"href":"https:\/\/www.itakaescolapios.org\/fr\/wp-json\/wp\/v2\/posts\/3791\/revisions"}],"predecessor-version":[{"id":49846,"href":"https:\/\/www.itakaescolapios.org\/fr\/wp-json\/wp\/v2\/posts\/3791\/revisions\/49846"}],"wp:featuredmedia":[{"embeddable":true,"href":"https:\/\/www.itakaescolapios.org\/fr\/wp-json\/wp\/v2\/media\/3794"}],"wp:attachment":[{"href":"https:\/\/www.itakaescolapios.org\/fr\/wp-json\/wp\/v2\/media?parent=3791"}],"wp:term":[{"taxonomy":"category","embeddable":true,"href":"https:\/\/www.itakaescolapios.org\/fr\/wp-json\/wp\/v2\/categories?post=3791"},{"taxonomy":"post_tag","embeddable":true,"href":"https:\/\/www.itakaescolapios.org\/fr\/wp-json\/wp\/v2\/tags?post=3791"}],"curies":[{"name":"wp","href":"https:\/\/api.w.org\/{rel}","templated":true}]}}