{"id":37937,"date":"2022-11-17T14:50:56","date_gmt":"2022-11-17T13:50:56","guid":{"rendered":"https:\/\/www.itakaescolapios.org\/?p=37937"},"modified":"2023-11-28T12:35:39","modified_gmt":"2023-11-28T11:35:39","slug":"francais-celebration-de-la-21eme-edition-de-la-journee-mondiale-de-la-philosophie-au-complexe-polyvalent-bilingue-saint-joseph-calasanz-de-bandjoun","status":"publish","type":"post","link":"https:\/\/www.itakaescolapios.org\/fr\/2022\/11\/francais-celebration-de-la-21eme-edition-de-la-journee-mondiale-de-la-philosophie-au-complexe-polyvalent-bilingue-saint-joseph-calasanz-de-bandjoun\/","title":{"rendered":"C\u00e9l\u00e9bration de la 21eme Edition de la journ\u00e9e mondiale de la Philosophie au Complexe Polyvalent Bilingue Saint Joseph Calasanz de Bandjoun"},"content":{"rendered":"<p>Ce jeudi 17 novembre 2022 s\u2019est c\u00e9l\u00e9br\u00e9e sur l\u2019\u00e9chelle mondiale, la journ\u00e9e de la philosophie. Au Coll\u00e8ge Technique Bilingue Saint Joseph Calasanz, cette journ\u00e9e a \u00e9t\u00e9 meubl\u00e9e par un programme d\u2019activit\u00e9 bien d\u00e9fini. On peut noter ici la messe d\u2019ouverture, le discours du principal, le discours du d\u00e9l\u00e9gu\u00e9 d\u00e9partemental des enseignements secondaires du KOUNG-KHI, la Pr\u00e9sentation des objectifs de la journ\u00e9e, le D\u00e9bat autour du th\u00e8me \u00ab\u00a0la Philosophie peut elle aussi contribuer \u00e0 rendre une cit\u00e9 \u00e9mergente ?\u00a0\u00bb par les \u00e9l\u00e8ves, un match des incollables opposant les Litt\u00e9raires \u00a0et les Scientifiques, une Conf\u00e9rence Bilingue avec tous les enseignants et mod\u00e9r\u00e9e par Mr MEDJOMOU HUGUES BERTRAND Et MT SAH SINCLAIR sur le th\u00e8me de la journ\u00e9e\u00a0: \u00ab\u00a0Philosophie et \u00c9mergence de la cit\u00e9\u00a0\u00bb et la remise des prix aux vainqueurs du match des incollables.<\/p>\n<p><img decoding=\"async\" class=\"size-full wp-image-37940 aligncenter\" src=\"https:\/\/www.itakaescolapios.org\/wp-content\/uploads\/2022\/11\/WhatsApp-Image-2022-11-17-at-1.36.50-PM.jpeg\" alt=\"\" width=\"1080\" height=\"810\" srcset=\"https:\/\/www.itakaescolapios.org\/wp-content\/uploads\/2022\/11\/WhatsApp-Image-2022-11-17-at-1.36.50-PM.jpeg 1080w, https:\/\/www.itakaescolapios.org\/wp-content\/uploads\/2022\/11\/WhatsApp-Image-2022-11-17-at-1.36.50-PM-300x225.jpeg 300w, https:\/\/www.itakaescolapios.org\/wp-content\/uploads\/2022\/11\/WhatsApp-Image-2022-11-17-at-1.36.50-PM-1024x768.jpeg 1024w, https:\/\/www.itakaescolapios.org\/wp-content\/uploads\/2022\/11\/WhatsApp-Image-2022-11-17-at-1.36.50-PM-768x576.jpeg 768w, https:\/\/www.itakaescolapios.org\/wp-content\/uploads\/2022\/11\/WhatsApp-Image-2022-11-17-at-1.36.50-PM-250x188.jpeg 250w, https:\/\/www.itakaescolapios.org\/wp-content\/uploads\/2022\/11\/WhatsApp-Image-2022-11-17-at-1.36.50-PM-510x382.jpeg 510w\" sizes=\"(max-width: 1080px) 100vw, 1080px\" \/><\/p>\n","protected":false},"excerpt":{"rendered":"<p>Ce jeudi 17 novembre 2022 s\u2019est c\u00e9l\u00e9br\u00e9e sur l\u2019\u00e9chelle mondiale, la journ\u00e9e de la philosophie. Au Coll\u00e8ge Technique Bilingue Saint Joseph Calasanz, cette journ\u00e9e a \u00e9t\u00e9 meubl\u00e9e par un programme [&hellip;]<\/p>\n","protected":false},"author":15,"featured_media":37939,"comment_status":"closed","ping_status":"closed","sticky":false,"template":"","format":"standard","meta":{"_et_pb_use_builder":"","_et_pb_old_content":"","_et_gb_content_width":"","footnotes":""},"categories":[53,10],"tags":[],"class_list":["post-37937","post","type-post","status-publish","format-standard","has-post-thumbnail","hentry","category-africa-central","category-camerun"],"yoast_head":"<!-- This site is optimized with the Yoast SEO plugin v27.4 - https:\/\/yoast.com\/product\/yoast-seo-wordpress\/ -->\n<title>C\u00e9l\u00e9bration de la 21eme Edition de la journ\u00e9e mondiale de la Philosophie au Complexe Polyvalent Bilingue Saint Joseph Calasanz de Bandjoun<\/title>\n<meta name=\"description\" content=\"Ce jeudi 17 novembre 2022 s\u2019est c\u00e9l\u00e9br\u00e9e sur l\u2019\u00e9chelle mondiale, la journ\u00e9e de la philosophie. Au Coll\u00e8ge Technique Bilingue Saint Joseph Calasanz, cette journ\u00e9e a \u00e9t\u00e9 meubl\u00e9e par un programme d\u2019activit\u00e9 bien d\u00e9fini. On peut noter ici la messe d\u2019ouverture, le discours du principal, le discours du d\u00e9l\u00e9gu\u00e9 d\u00e9partemental des enseignements secondaires du KOUNG-KHI, la\u2026\" \/>\n<meta name=\"robots\" content=\"index, follow, max-snippet:-1, max-image-preview:large, max-video-preview:-1\" \/>\n<link rel=\"canonical\" href=\"http:\/\/Ce%20jeudi%2017%20novembre%202022%20s\u2019est%20c\u00e9l\u00e9br\u00e9e%20sur%20l\u2019\u00e9chelle%20mondiale,%20la%20journ\u00e9e%20de%20la%20philosophie.%20Au%20Coll\u00e8ge%20Technique%20Bilingue%20Saint%20Joseph%20Calasanz,%20cette%20journ\u00e9e%20a%20\u00e9t\u00e9%20meubl\u00e9e%20par%20un%20programme%20d\u2019activit\u00e9%20bien%20d\u00e9fini.%20On%20peut%20noter%20ici%20la%20messe%20d\u2019ouverture,%20le%20discours%20du%20principal,%20le%20discours%20du%20d\u00e9l\u00e9gu\u00e9%20d\u00e9partemental%20des%20enseignements%20secondaires%20du%20KOUNG-KHI,%20la\u2026\" \/>\n<meta property=\"og:locale\" content=\"fr_FR\" \/>\n<meta property=\"og:type\" content=\"article\" \/>\n<meta property=\"og:title\" content=\"C\u00e9l\u00e9bration de la 21eme Edition de la journ\u00e9e mondiale de la Philosophie au Complexe Polyvalent Bilingue Saint Joseph Calasanz de Bandjoun\" \/>\n<meta property=\"og:description\" content=\"Ce jeudi 17 novembre 2022 s\u2019est c\u00e9l\u00e9br\u00e9e sur l\u2019\u00e9chelle mondiale, la journ\u00e9e de la philosophie. Au Coll\u00e8ge Technique Bilingue Saint Joseph Calasanz, cette journ\u00e9e a \u00e9t\u00e9 meubl\u00e9e par un programme d\u2019activit\u00e9 bien d\u00e9fini. On peut noter ici la messe d\u2019ouverture, le discours du principal, le discours du d\u00e9l\u00e9gu\u00e9 d\u00e9partemental des enseignements secondaires du KOUNG-KHI, la\u2026\" \/>\n<meta property=\"og:url\" content=\"https:\/\/www.itakaescolapios.org\/fr\/2022\/11\/francais-celebration-de-la-21eme-edition-de-la-journee-mondiale-de-la-philosophie-au-complexe-polyvalent-bilingue-saint-joseph-calasanz-de-bandjoun\/\" \/>\n<meta property=\"og:site_name\" content=\"Itaka-Escolapios\" \/>\n<meta property=\"article:published_time\" content=\"2022-11-17T13:50:56+00:00\" \/>\n<meta property=\"article:modified_time\" content=\"2023-11-28T11:35:39+00:00\" \/>\n<meta property=\"og:image\" content=\"https:\/\/www.itakaescolapios.org\/wp-content\/uploads\/2022\/11\/WhatsApp-Image-2022-11-17-at-1.37.40-PM.jpeg\" \/>\n\t<meta property=\"og:image:width\" content=\"1080\" \/>\n\t<meta property=\"og:image:height\" content=\"810\" \/>\n\t<meta property=\"og:image:type\" content=\"image\/jpeg\" \/>\n<meta name=\"author\" content=\"cameroun01\" \/>\n<meta name=\"twitter:card\" content=\"summary_large_image\" \/>\n<meta name=\"twitter:label1\" content=\"\u00c9crit par\" \/>\n\t<meta name=\"twitter:data1\" content=\"cameroun01\" \/>\n\t<meta name=\"twitter:label2\" content=\"Dur\u00e9e de lecture estim\u00e9e\" \/>\n\t<meta name=\"twitter:data2\" content=\"1 minute\" \/>\n<script type=\"application\/ld+json\" class=\"yoast-schema-graph\">{\"@context\":\"https:\\\/\\\/schema.org\",\"@graph\":[{\"@type\":\"Article\",\"@id\":\"https:\\\/\\\/www.itakaescolapios.org\\\/fr\\\/2022\\\/11\\\/francais-celebration-de-la-21eme-edition-de-la-journee-mondiale-de-la-philosophie-au-complexe-polyvalent-bilingue-saint-joseph-calasanz-de-bandjoun\\\/#article\",\"isPartOf\":{\"@id\":\"https:\\\/\\\/www.itakaescolapios.org\\\/fr\\\/2022\\\/11\\\/francais-celebration-de-la-21eme-edition-de-la-journee-mondiale-de-la-philosophie-au-complexe-polyvalent-bilingue-saint-joseph-calasanz-de-bandjoun\\\/\"},\"author\":{\"name\":\"cameroun01\",\"@id\":\"https:\\\/\\\/www.itakaescolapios.org\\\/es\\\/#\\\/schema\\\/person\\\/d2844383e29bfdfef69039672ce14eb1\"},\"headline\":\"C\u00e9l\u00e9bration de la 21eme Edition de la journ\u00e9e mondiale de la Philosophie au Complexe Polyvalent Bilingue Saint Joseph Calasanz de Bandjoun\",\"datePublished\":\"2022-11-17T13:50:56+00:00\",\"dateModified\":\"2023-11-28T11:35:39+00:00\",\"mainEntityOfPage\":{\"@id\":\"https:\\\/\\\/www.itakaescolapios.org\\\/fr\\\/2022\\\/11\\\/francais-celebration-de-la-21eme-edition-de-la-journee-mondiale-de-la-philosophie-au-complexe-polyvalent-bilingue-saint-joseph-calasanz-de-bandjoun\\\/\"},\"wordCount\":155,\"publisher\":{\"@id\":\"https:\\\/\\\/www.itakaescolapios.org\\\/es\\\/#organization\"},\"image\":{\"@id\":\"https:\\\/\\\/www.itakaescolapios.org\\\/fr\\\/2022\\\/11\\\/francais-celebration-de-la-21eme-edition-de-la-journee-mondiale-de-la-philosophie-au-complexe-polyvalent-bilingue-saint-joseph-calasanz-de-bandjoun\\\/#primaryimage\"},\"thumbnailUrl\":\"https:\\\/\\\/www.itakaescolapios.org\\\/wp-content\\\/uploads\\\/2022\\\/11\\\/WhatsApp-Image-2022-11-17-at-1.37.40-PM.jpeg\",\"articleSection\":[\"Afrique centrale\",\"Cameroun\"],\"inLanguage\":\"fr-FR\"},{\"@type\":\"WebPage\",\"@id\":\"https:\\\/\\\/www.itakaescolapios.org\\\/fr\\\/2022\\\/11\\\/francais-celebration-de-la-21eme-edition-de-la-journee-mondiale-de-la-philosophie-au-complexe-polyvalent-bilingue-saint-joseph-calasanz-de-bandjoun\\\/\",\"url\":\"https:\\\/\\\/www.itakaescolapios.org\\\/fr\\\/2022\\\/11\\\/francais-celebration-de-la-21eme-edition-de-la-journee-mondiale-de-la-philosophie-au-complexe-polyvalent-bilingue-saint-joseph-calasanz-de-bandjoun\\\/\",\"name\":\"- Itaka-Escolapios\",\"isPartOf\":{\"@id\":\"https:\\\/\\\/www.itakaescolapios.org\\\/es\\\/#website\"},\"primaryImageOfPage\":{\"@id\":\"https:\\\/\\\/www.itakaescolapios.org\\\/fr\\\/2022\\\/11\\\/francais-celebration-de-la-21eme-edition-de-la-journee-mondiale-de-la-philosophie-au-complexe-polyvalent-bilingue-saint-joseph-calasanz-de-bandjoun\\\/#primaryimage\"},\"image\":{\"@id\":\"https:\\\/\\\/www.itakaescolapios.org\\\/fr\\\/2022\\\/11\\\/francais-celebration-de-la-21eme-edition-de-la-journee-mondiale-de-la-philosophie-au-complexe-polyvalent-bilingue-saint-joseph-calasanz-de-bandjoun\\\/#primaryimage\"},\"thumbnailUrl\":\"https:\\\/\\\/www.itakaescolapios.org\\\/wp-content\\\/uploads\\\/2022\\\/11\\\/WhatsApp-Image-2022-11-17-at-1.37.40-PM.jpeg\",\"datePublished\":\"2022-11-17T13:50:56+00:00\",\"dateModified\":\"2023-11-28T11:35:39+00:00\",\"breadcrumb\":{\"@id\":\"https:\\\/\\\/www.itakaescolapios.org\\\/fr\\\/2022\\\/11\\\/francais-celebration-de-la-21eme-edition-de-la-journee-mondiale-de-la-philosophie-au-complexe-polyvalent-bilingue-saint-joseph-calasanz-de-bandjoun\\\/#breadcrumb\"},\"inLanguage\":\"fr-FR\",\"potentialAction\":[{\"@type\":\"ReadAction\",\"target\":[\"https:\\\/\\\/www.itakaescolapios.org\\\/fr\\\/2022\\\/11\\\/francais-celebration-de-la-21eme-edition-de-la-journee-mondiale-de-la-philosophie-au-complexe-polyvalent-bilingue-saint-joseph-calasanz-de-bandjoun\\\/\"]}]},{\"@type\":\"ImageObject\",\"inLanguage\":\"fr-FR\",\"@id\":\"https:\\\/\\\/www.itakaescolapios.org\\\/fr\\\/2022\\\/11\\\/francais-celebration-de-la-21eme-edition-de-la-journee-mondiale-de-la-philosophie-au-complexe-polyvalent-bilingue-saint-joseph-calasanz-de-bandjoun\\\/#primaryimage\",\"url\":\"https:\\\/\\\/www.itakaescolapios.org\\\/wp-content\\\/uploads\\\/2022\\\/11\\\/WhatsApp-Image-2022-11-17-at-1.37.40-PM.jpeg\",\"contentUrl\":\"https:\\\/\\\/www.itakaescolapios.org\\\/wp-content\\\/uploads\\\/2022\\\/11\\\/WhatsApp-Image-2022-11-17-at-1.37.40-PM.jpeg\",\"width\":1080,\"height\":810},{\"@type\":\"BreadcrumbList\",\"@id\":\"https:\\\/\\\/www.itakaescolapios.org\\\/fr\\\/2022\\\/11\\\/francais-celebration-de-la-21eme-edition-de-la-journee-mondiale-de-la-philosophie-au-complexe-polyvalent-bilingue-saint-joseph-calasanz-de-bandjoun\\\/#breadcrumb\",\"itemListElement\":[{\"@type\":\"ListItem\",\"position\":1,\"name\":\"Itaka-Escolapios\",\"item\":\"https:\\\/\\\/www.itakaescolapios.org\\\/es\\\/\"},{\"@type\":\"ListItem\",\"position\":2,\"name\":\"C\u00e9l\u00e9bration de la 21eme Edition de la journ\u00e9e mondiale de la Philosophie au Complexe Polyvalent Bilingue Saint Joseph Calasanz de Bandjoun\"}]},{\"@type\":\"WebSite\",\"@id\":\"https:\\\/\\\/www.itakaescolapios.org\\\/fr\\\/es\\\/#website\",\"url\":\"https:\\\/\\\/www.itakaescolapios.org\\\/fr\\\/es\\\/\",\"name\":\"Itaka-Escolapios\",\"description\":\"Red de Itaka-Escolapios\",\"publisher\":{\"@id\":\"https:\\\/\\\/www.itakaescolapios.org\\\/fr\\\/es\\\/#organization\"},\"potentialAction\":[{\"@type\":\"SearchAction\",\"target\":{\"@type\":\"EntryPoint\",\"urlTemplate\":\"https:\\\/\\\/www.itakaescolapios.org\\\/fr\\\/es\\\/?s={search_term_string}\"},\"query-input\":{\"@type\":\"PropertyValueSpecification\",\"valueRequired\":true,\"valueName\":\"search_term_string\"}}],\"inLanguage\":\"fr-FR\"},{\"@type\":\"Organization\",\"@id\":\"https:\\\/\\\/www.itakaescolapios.org\\\/fr\\\/es\\\/#organization\",\"name\":\"Fundaci\u00f3 Itaka-Escolapios\",\"url\":\"https:\\\/\\\/www.itakaescolapios.org\\\/fr\\\/es\\\/\",\"logo\":{\"@type\":\"ImageObject\",\"inLanguage\":\"fr-FR\",\"@id\":\"https:\\\/\\\/www.itakaescolapios.org\\\/fr\\\/es\\\/#\\\/schema\\\/logo\\\/image\\\/\",\"url\":\"https:\\\/\\\/www.itakaescolapios.org\\\/wp-content\\\/uploads\\\/2024\\\/04\\\/Logo-itakaescolapios-peque.png\",\"contentUrl\":\"https:\\\/\\\/www.itakaescolapios.org\\\/wp-content\\\/uploads\\\/2024\\\/04\\\/Logo-itakaescolapios-peque.png\",\"width\":500,\"height\":199,\"caption\":\"Fundaci\u00f3 Itaka-Escolapios\"},\"image\":{\"@id\":\"https:\\\/\\\/www.itakaescolapios.org\\\/fr\\\/es\\\/#\\\/schema\\\/logo\\\/image\\\/\"}},{\"@type\":\"Person\",\"@id\":\"https:\\\/\\\/www.itakaescolapios.org\\\/es\\\/#\\\/schema\\\/person\\\/d2844383e29bfdfef69039672ce14eb1\",\"name\":\"cameroun01\",\"url\":\"https:\\\/\\\/www.itakaescolapios.org\\\/fr\\\/author\\\/cameroun01\\\/\"}]}<\/script>\n<!-- \/ Yoast SEO plugin. -->","yoast_head_json":{"title":"C\u00e9l\u00e9bration de la 21eme Edition de la journ\u00e9e mondiale de la Philosophie au Complexe Polyvalent Bilingue Saint Joseph Calasanz de Bandjoun","description":"Ce jeudi 17 novembre 2022 s\u2019est c\u00e9l\u00e9br\u00e9e sur l\u2019\u00e9chelle mondiale, la journ\u00e9e de la philosophie. Au Coll\u00e8ge Technique Bilingue Saint Joseph Calasanz, cette journ\u00e9e a \u00e9t\u00e9 meubl\u00e9e par un programme d\u2019activit\u00e9 bien d\u00e9fini. On peut noter ici la messe d\u2019ouverture, le discours du principal, le discours du d\u00e9l\u00e9gu\u00e9 d\u00e9partemental des enseignements secondaires du KOUNG-KHI, la\u2026","robots":{"index":"index","follow":"follow","max-snippet":"max-snippet:-1","max-image-preview":"max-image-preview:large","max-video-preview":"max-video-preview:-1"},"canonical":"Ce jeudi 17 novembre 2022 s\u2019est c\u00e9l\u00e9br\u00e9e sur l\u2019\u00e9chelle mondiale, la journ\u00e9e de la philosophie. Au Coll\u00e8ge Technique Bilingue Saint Joseph Calasanz, cette journ\u00e9e a \u00e9t\u00e9 meubl\u00e9e par un programme d\u2019activit\u00e9 bien d\u00e9fini. On peut noter ici la messe d\u2019ouverture, le discours du principal, le discours du d\u00e9l\u00e9gu\u00e9 d\u00e9partemental des enseignements secondaires du KOUNG-KHI, la\u2026","og_locale":"fr_FR","og_type":"article","og_title":"C\u00e9l\u00e9bration de la 21eme Edition de la journ\u00e9e mondiale de la Philosophie au Complexe Polyvalent Bilingue Saint Joseph Calasanz de Bandjoun","og_description":"Ce jeudi 17 novembre 2022 s\u2019est c\u00e9l\u00e9br\u00e9e sur l\u2019\u00e9chelle mondiale, la journ\u00e9e de la philosophie. Au Coll\u00e8ge Technique Bilingue Saint Joseph Calasanz, cette journ\u00e9e a \u00e9t\u00e9 meubl\u00e9e par un programme d\u2019activit\u00e9 bien d\u00e9fini. On peut noter ici la messe d\u2019ouverture, le discours du principal, le discours du d\u00e9l\u00e9gu\u00e9 d\u00e9partemental des enseignements secondaires du KOUNG-KHI, la\u2026","og_url":"https:\/\/www.itakaescolapios.org\/fr\/2022\/11\/francais-celebration-de-la-21eme-edition-de-la-journee-mondiale-de-la-philosophie-au-complexe-polyvalent-bilingue-saint-joseph-calasanz-de-bandjoun\/","og_site_name":"Itaka-Escolapios","article_published_time":"2022-11-17T13:50:56+00:00","article_modified_time":"2023-11-28T11:35:39+00:00","og_image":[{"width":1080,"height":810,"url":"https:\/\/www.itakaescolapios.org\/wp-content\/uploads\/2022\/11\/WhatsApp-Image-2022-11-17-at-1.37.40-PM.jpeg","type":"image\/jpeg"}],"author":"cameroun01","twitter_card":"summary_large_image","twitter_misc":{"\u00c9crit par":"cameroun01","Dur\u00e9e de lecture estim\u00e9e":"1 minute"},"schema":{"@context":"https:\/\/schema.org","@graph":[{"@type":"Article","@id":"https:\/\/www.itakaescolapios.org\/fr\/2022\/11\/francais-celebration-de-la-21eme-edition-de-la-journee-mondiale-de-la-philosophie-au-complexe-polyvalent-bilingue-saint-joseph-calasanz-de-bandjoun\/#article","isPartOf":{"@id":"https:\/\/www.itakaescolapios.org\/fr\/2022\/11\/francais-celebration-de-la-21eme-edition-de-la-journee-mondiale-de-la-philosophie-au-complexe-polyvalent-bilingue-saint-joseph-calasanz-de-bandjoun\/"},"author":{"name":"cameroun01","@id":"https:\/\/www.itakaescolapios.org\/es\/#\/schema\/person\/d2844383e29bfdfef69039672ce14eb1"},"headline":"C\u00e9l\u00e9bration de la 21eme Edition de la journ\u00e9e mondiale de la Philosophie au Complexe Polyvalent Bilingue Saint Joseph Calasanz de Bandjoun","datePublished":"2022-11-17T13:50:56+00:00","dateModified":"2023-11-28T11:35:39+00:00","mainEntityOfPage":{"@id":"https:\/\/www.itakaescolapios.org\/fr\/2022\/11\/francais-celebration-de-la-21eme-edition-de-la-journee-mondiale-de-la-philosophie-au-complexe-polyvalent-bilingue-saint-joseph-calasanz-de-bandjoun\/"},"wordCount":155,"publisher":{"@id":"https:\/\/www.itakaescolapios.org\/es\/#organization"},"image":{"@id":"https:\/\/www.itakaescolapios.org\/fr\/2022\/11\/francais-celebration-de-la-21eme-edition-de-la-journee-mondiale-de-la-philosophie-au-complexe-polyvalent-bilingue-saint-joseph-calasanz-de-bandjoun\/#primaryimage"},"thumbnailUrl":"https:\/\/www.itakaescolapios.org\/wp-content\/uploads\/2022\/11\/WhatsApp-Image-2022-11-17-at-1.37.40-PM.jpeg","articleSection":["Afrique centrale","Cameroun"],"inLanguage":"fr-FR"},{"@type":"WebPage","@id":"https:\/\/www.itakaescolapios.org\/fr\/2022\/11\/francais-celebration-de-la-21eme-edition-de-la-journee-mondiale-de-la-philosophie-au-complexe-polyvalent-bilingue-saint-joseph-calasanz-de-bandjoun\/","url":"https:\/\/www.itakaescolapios.org\/fr\/2022\/11\/francais-celebration-de-la-21eme-edition-de-la-journee-mondiale-de-la-philosophie-au-complexe-polyvalent-bilingue-saint-joseph-calasanz-de-bandjoun\/","name":"- Itaka-Escolapios","isPartOf":{"@id":"https:\/\/www.itakaescolapios.org\/es\/#website"},"primaryImageOfPage":{"@id":"https:\/\/www.itakaescolapios.org\/fr\/2022\/11\/francais-celebration-de-la-21eme-edition-de-la-journee-mondiale-de-la-philosophie-au-complexe-polyvalent-bilingue-saint-joseph-calasanz-de-bandjoun\/#primaryimage"},"image":{"@id":"https:\/\/www.itakaescolapios.org\/fr\/2022\/11\/francais-celebration-de-la-21eme-edition-de-la-journee-mondiale-de-la-philosophie-au-complexe-polyvalent-bilingue-saint-joseph-calasanz-de-bandjoun\/#primaryimage"},"thumbnailUrl":"https:\/\/www.itakaescolapios.org\/wp-content\/uploads\/2022\/11\/WhatsApp-Image-2022-11-17-at-1.37.40-PM.jpeg","datePublished":"2022-11-17T13:50:56+00:00","dateModified":"2023-11-28T11:35:39+00:00","breadcrumb":{"@id":"https:\/\/www.itakaescolapios.org\/fr\/2022\/11\/francais-celebration-de-la-21eme-edition-de-la-journee-mondiale-de-la-philosophie-au-complexe-polyvalent-bilingue-saint-joseph-calasanz-de-bandjoun\/#breadcrumb"},"inLanguage":"fr-FR","potentialAction":[{"@type":"ReadAction","target":["https:\/\/www.itakaescolapios.org\/fr\/2022\/11\/francais-celebration-de-la-21eme-edition-de-la-journee-mondiale-de-la-philosophie-au-complexe-polyvalent-bilingue-saint-joseph-calasanz-de-bandjoun\/"]}]},{"@type":"ImageObject","inLanguage":"fr-FR","@id":"https:\/\/www.itakaescolapios.org\/fr\/2022\/11\/francais-celebration-de-la-21eme-edition-de-la-journee-mondiale-de-la-philosophie-au-complexe-polyvalent-bilingue-saint-joseph-calasanz-de-bandjoun\/#primaryimage","url":"https:\/\/www.itakaescolapios.org\/wp-content\/uploads\/2022\/11\/WhatsApp-Image-2022-11-17-at-1.37.40-PM.jpeg","contentUrl":"https:\/\/www.itakaescolapios.org\/wp-content\/uploads\/2022\/11\/WhatsApp-Image-2022-11-17-at-1.37.40-PM.jpeg","width":1080,"height":810},{"@type":"BreadcrumbList","@id":"https:\/\/www.itakaescolapios.org\/fr\/2022\/11\/francais-celebration-de-la-21eme-edition-de-la-journee-mondiale-de-la-philosophie-au-complexe-polyvalent-bilingue-saint-joseph-calasanz-de-bandjoun\/#breadcrumb","itemListElement":[{"@type":"ListItem","position":1,"name":"Itaka-Escolapios","item":"https:\/\/www.itakaescolapios.org\/es\/"},{"@type":"ListItem","position":2,"name":"C\u00e9l\u00e9bration de la 21eme Edition de la journ\u00e9e mondiale de la Philosophie au Complexe Polyvalent Bilingue Saint Joseph Calasanz de Bandjoun"}]},{"@type":"WebSite","@id":"https:\/\/www.itakaescolapios.org\/fr\/es\/#website","url":"https:\/\/www.itakaescolapios.org\/fr\/es\/","name":"Itaka-Escolapios","description":"Red de Itaka-Escolapios","publisher":{"@id":"https:\/\/www.itakaescolapios.org\/fr\/es\/#organization"},"potentialAction":[{"@type":"SearchAction","target":{"@type":"EntryPoint","urlTemplate":"https:\/\/www.itakaescolapios.org\/fr\/es\/?s={search_term_string}"},"query-input":{"@type":"PropertyValueSpecification","valueRequired":true,"valueName":"search_term_string"}}],"inLanguage":"fr-FR"},{"@type":"Organization","@id":"https:\/\/www.itakaescolapios.org\/fr\/es\/#organization","name":"Fundaci\u00f3 Itaka-Escolapios","url":"https:\/\/www.itakaescolapios.org\/fr\/es\/","logo":{"@type":"ImageObject","inLanguage":"fr-FR","@id":"https:\/\/www.itakaescolapios.org\/fr\/es\/#\/schema\/logo\/image\/","url":"https:\/\/www.itakaescolapios.org\/wp-content\/uploads\/2024\/04\/Logo-itakaescolapios-peque.png","contentUrl":"https:\/\/www.itakaescolapios.org\/wp-content\/uploads\/2024\/04\/Logo-itakaescolapios-peque.png","width":500,"height":199,"caption":"Fundaci\u00f3 Itaka-Escolapios"},"image":{"@id":"https:\/\/www.itakaescolapios.org\/fr\/es\/#\/schema\/logo\/image\/"}},{"@type":"Person","@id":"https:\/\/www.itakaescolapios.org\/es\/#\/schema\/person\/d2844383e29bfdfef69039672ce14eb1","name":"cameroun01","url":"https:\/\/www.itakaescolapios.org\/fr\/author\/cameroun01\/"}]}},"_links":{"self":[{"href":"https:\/\/www.itakaescolapios.org\/fr\/wp-json\/wp\/v2\/posts\/37937","targetHints":{"allow":["GET"]}}],"collection":[{"href":"https:\/\/www.itakaescolapios.org\/fr\/wp-json\/wp\/v2\/posts"}],"about":[{"href":"https:\/\/www.itakaescolapios.org\/fr\/wp-json\/wp\/v2\/types\/post"}],"author":[{"embeddable":true,"href":"https:\/\/www.itakaescolapios.org\/fr\/wp-json\/wp\/v2\/users\/15"}],"replies":[{"embeddable":true,"href":"https:\/\/www.itakaescolapios.org\/fr\/wp-json\/wp\/v2\/comments?post=37937"}],"version-history":[{"count":2,"href":"https:\/\/www.itakaescolapios.org\/fr\/wp-json\/wp\/v2\/posts\/37937\/revisions"}],"predecessor-version":[{"id":43771,"href":"https:\/\/www.itakaescolapios.org\/fr\/wp-json\/wp\/v2\/posts\/37937\/revisions\/43771"}],"wp:featuredmedia":[{"embeddable":true,"href":"https:\/\/www.itakaescolapios.org\/fr\/wp-json\/wp\/v2\/media\/37939"}],"wp:attachment":[{"href":"https:\/\/www.itakaescolapios.org\/fr\/wp-json\/wp\/v2\/media?parent=37937"}],"wp:term":[{"taxonomy":"category","embeddable":true,"href":"https:\/\/www.itakaescolapios.org\/fr\/wp-json\/wp\/v2\/categories?post=37937"},{"taxonomy":"post_tag","embeddable":true,"href":"https:\/\/www.itakaescolapios.org\/fr\/wp-json\/wp\/v2\/tags?post=37937"}],"curies":[{"name":"wp","href":"https:\/\/api.w.org\/{rel}","templated":true}]}}