{"id":37942,"date":"2022-11-18T10:23:47","date_gmt":"2022-11-18T09:23:47","guid":{"rendered":"https:\/\/www.itakaescolapios.org\/?p=37942"},"modified":"2023-11-28T12:35:39","modified_gmt":"2023-11-28T11:35:39","slug":"francais-organisation-de-la-semaine-calasanzienne-au-complexe-scolaire-integral-bilingue-saint-joseph-calasanz-de-bafia","status":"publish","type":"post","link":"https:\/\/www.itakaescolapios.org\/fr\/2022\/11\/francais-organisation-de-la-semaine-calasanzienne-au-complexe-scolaire-integral-bilingue-saint-joseph-calasanz-de-bafia\/","title":{"rendered":"ORGANISATION DE LA SEMAINE CALASANZIENNE AU COMPLEXE SCOLAIRE INTEGRAL BILINGUE SAINT JOSEPH CALASANZ DE BAFIA"},"content":{"rendered":"<p>Ce Vendredi 18 Novembre s\u2019est tenu au Complexe Scolaire Int\u00e9gral Bilingue Saint Joseph Calasanz de Bafia, le rassemblement pr\u00e9paratoire en vue de l&rsquo;organisation de la semaine Calasanzienne. Il \u00e9tait question de pr\u00e9senter les d\u00e9l\u00e9gu\u00e9s des \u00e9l\u00e8ves qui vont repr\u00e9senter l\u2019\u00e9cole cette ann\u00e9e. Les enfants et les enseignants se sont rassembl\u00e9s et les taches ont \u00e9t\u00e9 d\u00e9finies pour tous.<\/p>\n<p>&nbsp;<\/p>\n<p><img decoding=\"async\" class=\"size-full wp-image-37945 aligncenter\" src=\"https:\/\/www.itakaescolapios.org\/wp-content\/uploads\/2022\/11\/WhatsApp-Image-2022-11-18-at-8.04.18-AM.jpeg\" alt=\"\" width=\"984\" height=\"432\" srcset=\"https:\/\/www.itakaescolapios.org\/wp-content\/uploads\/2022\/11\/WhatsApp-Image-2022-11-18-at-8.04.18-AM.jpeg 984w, https:\/\/www.itakaescolapios.org\/wp-content\/uploads\/2022\/11\/WhatsApp-Image-2022-11-18-at-8.04.18-AM-300x132.jpeg 300w, https:\/\/www.itakaescolapios.org\/wp-content\/uploads\/2022\/11\/WhatsApp-Image-2022-11-18-at-8.04.18-AM-768x337.jpeg 768w, https:\/\/www.itakaescolapios.org\/wp-content\/uploads\/2022\/11\/WhatsApp-Image-2022-11-18-at-8.04.18-AM-250x110.jpeg 250w\" sizes=\"(max-width: 984px) 100vw, 984px\" \/><\/p>\n","protected":false},"excerpt":{"rendered":"<p>Ce Vendredi 18 Novembre s\u2019est tenu au Complexe Scolaire Int\u00e9gral Bilingue Saint Joseph Calasanz de Bafia, le rassemblement pr\u00e9paratoire en vue de l&rsquo;organisation de la semaine Calasanzienne. Il \u00e9tait question [&hellip;]<\/p>\n","protected":false},"author":15,"featured_media":37944,"comment_status":"closed","ping_status":"closed","sticky":false,"template":"","format":"standard","meta":{"_et_pb_use_builder":"","_et_pb_old_content":"","_et_gb_content_width":"","footnotes":""},"categories":[53,10],"tags":[],"class_list":["post-37942","post","type-post","status-publish","format-standard","has-post-thumbnail","hentry","category-africa-central","category-camerun"],"yoast_head":"<!-- This site is optimized with the Yoast SEO plugin v27.4 - https:\/\/yoast.com\/product\/yoast-seo-wordpress\/ -->\n<title>ORGANISATION DE LA SEMAINE CALASANZIENNE AU COMPLEXE SCOLAIRE INTEGRAL BILINGUE SAINT JOSEPH CALASANZ DE BAFIA<\/title>\n<meta name=\"description\" content=\"Ce Vendredi 18 Novembre s\u2019est tenu au Complexe Scolaire Int\u00e9gral Bilingue Saint Joseph Calasanz de Bafia, le rassemblement pr\u00e9paratoire en vue de l&#039;organisation de la semaine Calasanzienne. Il \u00e9tait question de pr\u00e9senter les d\u00e9l\u00e9gu\u00e9s des \u00e9l\u00e8ves qui vont repr\u00e9senter l\u2019\u00e9cole cette ann\u00e9e. Les enfants et les enseignants se sont rassembl\u00e9s et les taches ont \u00e9t\u00e9\u2026\" \/>\n<meta name=\"robots\" content=\"index, follow, max-snippet:-1, max-image-preview:large, max-video-preview:-1\" \/>\n<link rel=\"canonical\" href=\"http:\/\/Ce%20Vendredi%2018%20Novembre%20s\u2019est%20tenu%20au%20Complexe%20Scolaire%20Int\u00e9gral%20Bilingue%20Saint%20Joseph%20Calasanz%20de%20Bafia,%20le%20rassemblement%20pr\u00e9paratoire%20en%20vue%20de%20l'organisation%20de%20la%20semaine%20Calasanzienne.%20Il%20\u00e9tait%20question%20de%20pr\u00e9senter%20les%20d\u00e9l\u00e9gu\u00e9s%20des%20\u00e9l\u00e8ves%20qui%20vont%20repr\u00e9senter%20l\u2019\u00e9cole%20cette%20ann\u00e9e.%20Les%20enfants%20et%20les%20enseignants%20se%20sont%20rassembl\u00e9s%20et%20les%20taches%20ont%20\u00e9t\u00e9\u2026\" \/>\n<meta property=\"og:locale\" content=\"fr_FR\" \/>\n<meta property=\"og:type\" content=\"article\" \/>\n<meta property=\"og:title\" content=\"ORGANISATION DE LA SEMAINE CALASANZIENNE AU COMPLEXE SCOLAIRE INTEGRAL BILINGUE SAINT JOSEPH CALASANZ DE BAFIA\" \/>\n<meta property=\"og:description\" content=\"Ce Vendredi 18 Novembre s\u2019est tenu au Complexe Scolaire Int\u00e9gral Bilingue Saint Joseph Calasanz de Bafia, le rassemblement pr\u00e9paratoire en vue de l&#039;organisation de la semaine Calasanzienne. Il \u00e9tait question de pr\u00e9senter les d\u00e9l\u00e9gu\u00e9s des \u00e9l\u00e8ves qui vont repr\u00e9senter l\u2019\u00e9cole cette ann\u00e9e. Les enfants et les enseignants se sont rassembl\u00e9s et les taches ont \u00e9t\u00e9\u2026\" \/>\n<meta property=\"og:url\" content=\"https:\/\/www.itakaescolapios.org\/fr\/2022\/11\/francais-organisation-de-la-semaine-calasanzienne-au-complexe-scolaire-integral-bilingue-saint-joseph-calasanz-de-bafia\/\" \/>\n<meta property=\"og:site_name\" content=\"Itaka-Escolapios\" \/>\n<meta property=\"article:published_time\" content=\"2022-11-18T09:23:47+00:00\" \/>\n<meta property=\"article:modified_time\" content=\"2023-11-28T11:35:39+00:00\" \/>\n<meta property=\"og:image\" content=\"https:\/\/www.itakaescolapios.org\/wp-content\/uploads\/2022\/11\/WhatsApp-Image-2022-11-18-at-8.04.19-AM.jpeg\" \/>\n\t<meta property=\"og:image:width\" content=\"984\" \/>\n\t<meta property=\"og:image:height\" content=\"432\" \/>\n\t<meta property=\"og:image:type\" content=\"image\/jpeg\" \/>\n<meta name=\"author\" content=\"cameroun01\" \/>\n<meta name=\"twitter:card\" content=\"summary_large_image\" \/>\n<meta name=\"twitter:label1\" content=\"\u00c9crit par\" \/>\n\t<meta name=\"twitter:data1\" content=\"cameroun01\" \/>\n<script type=\"application\/ld+json\" class=\"yoast-schema-graph\">{\"@context\":\"https:\\\/\\\/schema.org\",\"@graph\":[{\"@type\":\"Article\",\"@id\":\"https:\\\/\\\/www.itakaescolapios.org\\\/fr\\\/2022\\\/11\\\/francais-organisation-de-la-semaine-calasanzienne-au-complexe-scolaire-integral-bilingue-saint-joseph-calasanz-de-bafia\\\/#article\",\"isPartOf\":{\"@id\":\"https:\\\/\\\/www.itakaescolapios.org\\\/fr\\\/2022\\\/11\\\/francais-organisation-de-la-semaine-calasanzienne-au-complexe-scolaire-integral-bilingue-saint-joseph-calasanz-de-bafia\\\/\"},\"author\":{\"name\":\"cameroun01\",\"@id\":\"https:\\\/\\\/www.itakaescolapios.org\\\/es\\\/#\\\/schema\\\/person\\\/d2844383e29bfdfef69039672ce14eb1\"},\"headline\":\"ORGANISATION DE LA SEMAINE CALASANZIENNE AU COMPLEXE SCOLAIRE INTEGRAL BILINGUE SAINT JOSEPH CALASANZ DE BAFIA\",\"datePublished\":\"2022-11-18T09:23:47+00:00\",\"dateModified\":\"2023-11-28T11:35:39+00:00\",\"mainEntityOfPage\":{\"@id\":\"https:\\\/\\\/www.itakaescolapios.org\\\/fr\\\/2022\\\/11\\\/francais-organisation-de-la-semaine-calasanzienne-au-complexe-scolaire-integral-bilingue-saint-joseph-calasanz-de-bafia\\\/\"},\"wordCount\":73,\"publisher\":{\"@id\":\"https:\\\/\\\/www.itakaescolapios.org\\\/es\\\/#organization\"},\"image\":{\"@id\":\"https:\\\/\\\/www.itakaescolapios.org\\\/fr\\\/2022\\\/11\\\/francais-organisation-de-la-semaine-calasanzienne-au-complexe-scolaire-integral-bilingue-saint-joseph-calasanz-de-bafia\\\/#primaryimage\"},\"thumbnailUrl\":\"https:\\\/\\\/www.itakaescolapios.org\\\/wp-content\\\/uploads\\\/2022\\\/11\\\/WhatsApp-Image-2022-11-18-at-8.04.19-AM.jpeg\",\"articleSection\":[\"Afrique centrale\",\"Cameroun\"],\"inLanguage\":\"fr-FR\"},{\"@type\":\"WebPage\",\"@id\":\"https:\\\/\\\/www.itakaescolapios.org\\\/fr\\\/2022\\\/11\\\/francais-organisation-de-la-semaine-calasanzienne-au-complexe-scolaire-integral-bilingue-saint-joseph-calasanz-de-bafia\\\/\",\"url\":\"https:\\\/\\\/www.itakaescolapios.org\\\/fr\\\/2022\\\/11\\\/francais-organisation-de-la-semaine-calasanzienne-au-complexe-scolaire-integral-bilingue-saint-joseph-calasanz-de-bafia\\\/\",\"name\":\"- Itaka-Escolapios\",\"isPartOf\":{\"@id\":\"https:\\\/\\\/www.itakaescolapios.org\\\/es\\\/#website\"},\"primaryImageOfPage\":{\"@id\":\"https:\\\/\\\/www.itakaescolapios.org\\\/fr\\\/2022\\\/11\\\/francais-organisation-de-la-semaine-calasanzienne-au-complexe-scolaire-integral-bilingue-saint-joseph-calasanz-de-bafia\\\/#primaryimage\"},\"image\":{\"@id\":\"https:\\\/\\\/www.itakaescolapios.org\\\/fr\\\/2022\\\/11\\\/francais-organisation-de-la-semaine-calasanzienne-au-complexe-scolaire-integral-bilingue-saint-joseph-calasanz-de-bafia\\\/#primaryimage\"},\"thumbnailUrl\":\"https:\\\/\\\/www.itakaescolapios.org\\\/wp-content\\\/uploads\\\/2022\\\/11\\\/WhatsApp-Image-2022-11-18-at-8.04.19-AM.jpeg\",\"datePublished\":\"2022-11-18T09:23:47+00:00\",\"dateModified\":\"2023-11-28T11:35:39+00:00\",\"breadcrumb\":{\"@id\":\"https:\\\/\\\/www.itakaescolapios.org\\\/fr\\\/2022\\\/11\\\/francais-organisation-de-la-semaine-calasanzienne-au-complexe-scolaire-integral-bilingue-saint-joseph-calasanz-de-bafia\\\/#breadcrumb\"},\"inLanguage\":\"fr-FR\",\"potentialAction\":[{\"@type\":\"ReadAction\",\"target\":[\"https:\\\/\\\/www.itakaescolapios.org\\\/fr\\\/2022\\\/11\\\/francais-organisation-de-la-semaine-calasanzienne-au-complexe-scolaire-integral-bilingue-saint-joseph-calasanz-de-bafia\\\/\"]}]},{\"@type\":\"ImageObject\",\"inLanguage\":\"fr-FR\",\"@id\":\"https:\\\/\\\/www.itakaescolapios.org\\\/fr\\\/2022\\\/11\\\/francais-organisation-de-la-semaine-calasanzienne-au-complexe-scolaire-integral-bilingue-saint-joseph-calasanz-de-bafia\\\/#primaryimage\",\"url\":\"https:\\\/\\\/www.itakaescolapios.org\\\/wp-content\\\/uploads\\\/2022\\\/11\\\/WhatsApp-Image-2022-11-18-at-8.04.19-AM.jpeg\",\"contentUrl\":\"https:\\\/\\\/www.itakaescolapios.org\\\/wp-content\\\/uploads\\\/2022\\\/11\\\/WhatsApp-Image-2022-11-18-at-8.04.19-AM.jpeg\",\"width\":984,\"height\":432},{\"@type\":\"BreadcrumbList\",\"@id\":\"https:\\\/\\\/www.itakaescolapios.org\\\/fr\\\/2022\\\/11\\\/francais-organisation-de-la-semaine-calasanzienne-au-complexe-scolaire-integral-bilingue-saint-joseph-calasanz-de-bafia\\\/#breadcrumb\",\"itemListElement\":[{\"@type\":\"ListItem\",\"position\":1,\"name\":\"Itaka-Escolapios\",\"item\":\"https:\\\/\\\/www.itakaescolapios.org\\\/es\\\/\"},{\"@type\":\"ListItem\",\"position\":2,\"name\":\"ORGANISATION DE LA SEMAINE CALASANZIENNE AU COMPLEXE SCOLAIRE INTEGRAL BILINGUE SAINT JOSEPH CALASANZ DE BAFIA\"}]},{\"@type\":\"WebSite\",\"@id\":\"https:\\\/\\\/www.itakaescolapios.org\\\/fr\\\/es\\\/#website\",\"url\":\"https:\\\/\\\/www.itakaescolapios.org\\\/fr\\\/es\\\/\",\"name\":\"Itaka-Escolapios\",\"description\":\"Red de Itaka-Escolapios\",\"publisher\":{\"@id\":\"https:\\\/\\\/www.itakaescolapios.org\\\/fr\\\/es\\\/#organization\"},\"potentialAction\":[{\"@type\":\"SearchAction\",\"target\":{\"@type\":\"EntryPoint\",\"urlTemplate\":\"https:\\\/\\\/www.itakaescolapios.org\\\/fr\\\/es\\\/?s={search_term_string}\"},\"query-input\":{\"@type\":\"PropertyValueSpecification\",\"valueRequired\":true,\"valueName\":\"search_term_string\"}}],\"inLanguage\":\"fr-FR\"},{\"@type\":\"Organization\",\"@id\":\"https:\\\/\\\/www.itakaescolapios.org\\\/fr\\\/es\\\/#organization\",\"name\":\"Fundaci\u00f3 Itaka-Escolapios\",\"url\":\"https:\\\/\\\/www.itakaescolapios.org\\\/fr\\\/es\\\/\",\"logo\":{\"@type\":\"ImageObject\",\"inLanguage\":\"fr-FR\",\"@id\":\"https:\\\/\\\/www.itakaescolapios.org\\\/fr\\\/es\\\/#\\\/schema\\\/logo\\\/image\\\/\",\"url\":\"https:\\\/\\\/www.itakaescolapios.org\\\/wp-content\\\/uploads\\\/2024\\\/04\\\/Logo-itakaescolapios-peque.png\",\"contentUrl\":\"https:\\\/\\\/www.itakaescolapios.org\\\/wp-content\\\/uploads\\\/2024\\\/04\\\/Logo-itakaescolapios-peque.png\",\"width\":500,\"height\":199,\"caption\":\"Fundaci\u00f3 Itaka-Escolapios\"},\"image\":{\"@id\":\"https:\\\/\\\/www.itakaescolapios.org\\\/fr\\\/es\\\/#\\\/schema\\\/logo\\\/image\\\/\"}},{\"@type\":\"Person\",\"@id\":\"https:\\\/\\\/www.itakaescolapios.org\\\/es\\\/#\\\/schema\\\/person\\\/d2844383e29bfdfef69039672ce14eb1\",\"name\":\"cameroun01\",\"url\":\"https:\\\/\\\/www.itakaescolapios.org\\\/fr\\\/author\\\/cameroun01\\\/\"}]}<\/script>\n<!-- \/ Yoast SEO plugin. -->","yoast_head_json":{"title":"ORGANISATION DE LA SEMAINE CALASANZIENNE AU COMPLEXE SCOLAIRE INTEGRAL BILINGUE SAINT JOSEPH CALASANZ DE BAFIA","description":"Ce Vendredi 18 Novembre s\u2019est tenu au Complexe Scolaire Int\u00e9gral Bilingue Saint Joseph Calasanz de Bafia, le rassemblement pr\u00e9paratoire en vue de l'organisation de la semaine Calasanzienne. Il \u00e9tait question de pr\u00e9senter les d\u00e9l\u00e9gu\u00e9s des \u00e9l\u00e8ves qui vont repr\u00e9senter l\u2019\u00e9cole cette ann\u00e9e. Les enfants et les enseignants se sont rassembl\u00e9s et les taches ont \u00e9t\u00e9\u2026","robots":{"index":"index","follow":"follow","max-snippet":"max-snippet:-1","max-image-preview":"max-image-preview:large","max-video-preview":"max-video-preview:-1"},"canonical":"Ce Vendredi 18 Novembre s\u2019est tenu au Complexe Scolaire Int\u00e9gral Bilingue Saint Joseph Calasanz de Bafia, le rassemblement pr\u00e9paratoire en vue de l'organisation de la semaine Calasanzienne. Il \u00e9tait question de pr\u00e9senter les d\u00e9l\u00e9gu\u00e9s des \u00e9l\u00e8ves qui vont repr\u00e9senter l\u2019\u00e9cole cette ann\u00e9e. Les enfants et les enseignants se sont rassembl\u00e9s et les taches ont \u00e9t\u00e9\u2026","og_locale":"fr_FR","og_type":"article","og_title":"ORGANISATION DE LA SEMAINE CALASANZIENNE AU COMPLEXE SCOLAIRE INTEGRAL BILINGUE SAINT JOSEPH CALASANZ DE BAFIA","og_description":"Ce Vendredi 18 Novembre s\u2019est tenu au Complexe Scolaire Int\u00e9gral Bilingue Saint Joseph Calasanz de Bafia, le rassemblement pr\u00e9paratoire en vue de l'organisation de la semaine Calasanzienne. Il \u00e9tait question de pr\u00e9senter les d\u00e9l\u00e9gu\u00e9s des \u00e9l\u00e8ves qui vont repr\u00e9senter l\u2019\u00e9cole cette ann\u00e9e. Les enfants et les enseignants se sont rassembl\u00e9s et les taches ont \u00e9t\u00e9\u2026","og_url":"https:\/\/www.itakaescolapios.org\/fr\/2022\/11\/francais-organisation-de-la-semaine-calasanzienne-au-complexe-scolaire-integral-bilingue-saint-joseph-calasanz-de-bafia\/","og_site_name":"Itaka-Escolapios","article_published_time":"2022-11-18T09:23:47+00:00","article_modified_time":"2023-11-28T11:35:39+00:00","og_image":[{"width":984,"height":432,"url":"https:\/\/www.itakaescolapios.org\/wp-content\/uploads\/2022\/11\/WhatsApp-Image-2022-11-18-at-8.04.19-AM.jpeg","type":"image\/jpeg"}],"author":"cameroun01","twitter_card":"summary_large_image","twitter_misc":{"\u00c9crit par":"cameroun01"},"schema":{"@context":"https:\/\/schema.org","@graph":[{"@type":"Article","@id":"https:\/\/www.itakaescolapios.org\/fr\/2022\/11\/francais-organisation-de-la-semaine-calasanzienne-au-complexe-scolaire-integral-bilingue-saint-joseph-calasanz-de-bafia\/#article","isPartOf":{"@id":"https:\/\/www.itakaescolapios.org\/fr\/2022\/11\/francais-organisation-de-la-semaine-calasanzienne-au-complexe-scolaire-integral-bilingue-saint-joseph-calasanz-de-bafia\/"},"author":{"name":"cameroun01","@id":"https:\/\/www.itakaescolapios.org\/es\/#\/schema\/person\/d2844383e29bfdfef69039672ce14eb1"},"headline":"ORGANISATION DE LA SEMAINE CALASANZIENNE AU COMPLEXE SCOLAIRE INTEGRAL BILINGUE SAINT JOSEPH CALASANZ DE BAFIA","datePublished":"2022-11-18T09:23:47+00:00","dateModified":"2023-11-28T11:35:39+00:00","mainEntityOfPage":{"@id":"https:\/\/www.itakaescolapios.org\/fr\/2022\/11\/francais-organisation-de-la-semaine-calasanzienne-au-complexe-scolaire-integral-bilingue-saint-joseph-calasanz-de-bafia\/"},"wordCount":73,"publisher":{"@id":"https:\/\/www.itakaescolapios.org\/es\/#organization"},"image":{"@id":"https:\/\/www.itakaescolapios.org\/fr\/2022\/11\/francais-organisation-de-la-semaine-calasanzienne-au-complexe-scolaire-integral-bilingue-saint-joseph-calasanz-de-bafia\/#primaryimage"},"thumbnailUrl":"https:\/\/www.itakaescolapios.org\/wp-content\/uploads\/2022\/11\/WhatsApp-Image-2022-11-18-at-8.04.19-AM.jpeg","articleSection":["Afrique centrale","Cameroun"],"inLanguage":"fr-FR"},{"@type":"WebPage","@id":"https:\/\/www.itakaescolapios.org\/fr\/2022\/11\/francais-organisation-de-la-semaine-calasanzienne-au-complexe-scolaire-integral-bilingue-saint-joseph-calasanz-de-bafia\/","url":"https:\/\/www.itakaescolapios.org\/fr\/2022\/11\/francais-organisation-de-la-semaine-calasanzienne-au-complexe-scolaire-integral-bilingue-saint-joseph-calasanz-de-bafia\/","name":"- Itaka-Escolapios","isPartOf":{"@id":"https:\/\/www.itakaescolapios.org\/es\/#website"},"primaryImageOfPage":{"@id":"https:\/\/www.itakaescolapios.org\/fr\/2022\/11\/francais-organisation-de-la-semaine-calasanzienne-au-complexe-scolaire-integral-bilingue-saint-joseph-calasanz-de-bafia\/#primaryimage"},"image":{"@id":"https:\/\/www.itakaescolapios.org\/fr\/2022\/11\/francais-organisation-de-la-semaine-calasanzienne-au-complexe-scolaire-integral-bilingue-saint-joseph-calasanz-de-bafia\/#primaryimage"},"thumbnailUrl":"https:\/\/www.itakaescolapios.org\/wp-content\/uploads\/2022\/11\/WhatsApp-Image-2022-11-18-at-8.04.19-AM.jpeg","datePublished":"2022-11-18T09:23:47+00:00","dateModified":"2023-11-28T11:35:39+00:00","breadcrumb":{"@id":"https:\/\/www.itakaescolapios.org\/fr\/2022\/11\/francais-organisation-de-la-semaine-calasanzienne-au-complexe-scolaire-integral-bilingue-saint-joseph-calasanz-de-bafia\/#breadcrumb"},"inLanguage":"fr-FR","potentialAction":[{"@type":"ReadAction","target":["https:\/\/www.itakaescolapios.org\/fr\/2022\/11\/francais-organisation-de-la-semaine-calasanzienne-au-complexe-scolaire-integral-bilingue-saint-joseph-calasanz-de-bafia\/"]}]},{"@type":"ImageObject","inLanguage":"fr-FR","@id":"https:\/\/www.itakaescolapios.org\/fr\/2022\/11\/francais-organisation-de-la-semaine-calasanzienne-au-complexe-scolaire-integral-bilingue-saint-joseph-calasanz-de-bafia\/#primaryimage","url":"https:\/\/www.itakaescolapios.org\/wp-content\/uploads\/2022\/11\/WhatsApp-Image-2022-11-18-at-8.04.19-AM.jpeg","contentUrl":"https:\/\/www.itakaescolapios.org\/wp-content\/uploads\/2022\/11\/WhatsApp-Image-2022-11-18-at-8.04.19-AM.jpeg","width":984,"height":432},{"@type":"BreadcrumbList","@id":"https:\/\/www.itakaescolapios.org\/fr\/2022\/11\/francais-organisation-de-la-semaine-calasanzienne-au-complexe-scolaire-integral-bilingue-saint-joseph-calasanz-de-bafia\/#breadcrumb","itemListElement":[{"@type":"ListItem","position":1,"name":"Itaka-Escolapios","item":"https:\/\/www.itakaescolapios.org\/es\/"},{"@type":"ListItem","position":2,"name":"ORGANISATION DE LA SEMAINE CALASANZIENNE AU COMPLEXE SCOLAIRE INTEGRAL BILINGUE SAINT JOSEPH CALASANZ DE BAFIA"}]},{"@type":"WebSite","@id":"https:\/\/www.itakaescolapios.org\/fr\/es\/#website","url":"https:\/\/www.itakaescolapios.org\/fr\/es\/","name":"Itaka-Escolapios","description":"Red de Itaka-Escolapios","publisher":{"@id":"https:\/\/www.itakaescolapios.org\/fr\/es\/#organization"},"potentialAction":[{"@type":"SearchAction","target":{"@type":"EntryPoint","urlTemplate":"https:\/\/www.itakaescolapios.org\/fr\/es\/?s={search_term_string}"},"query-input":{"@type":"PropertyValueSpecification","valueRequired":true,"valueName":"search_term_string"}}],"inLanguage":"fr-FR"},{"@type":"Organization","@id":"https:\/\/www.itakaescolapios.org\/fr\/es\/#organization","name":"Fundaci\u00f3 Itaka-Escolapios","url":"https:\/\/www.itakaescolapios.org\/fr\/es\/","logo":{"@type":"ImageObject","inLanguage":"fr-FR","@id":"https:\/\/www.itakaescolapios.org\/fr\/es\/#\/schema\/logo\/image\/","url":"https:\/\/www.itakaescolapios.org\/wp-content\/uploads\/2024\/04\/Logo-itakaescolapios-peque.png","contentUrl":"https:\/\/www.itakaescolapios.org\/wp-content\/uploads\/2024\/04\/Logo-itakaescolapios-peque.png","width":500,"height":199,"caption":"Fundaci\u00f3 Itaka-Escolapios"},"image":{"@id":"https:\/\/www.itakaescolapios.org\/fr\/es\/#\/schema\/logo\/image\/"}},{"@type":"Person","@id":"https:\/\/www.itakaescolapios.org\/es\/#\/schema\/person\/d2844383e29bfdfef69039672ce14eb1","name":"cameroun01","url":"https:\/\/www.itakaescolapios.org\/fr\/author\/cameroun01\/"}]}},"_links":{"self":[{"href":"https:\/\/www.itakaescolapios.org\/fr\/wp-json\/wp\/v2\/posts\/37942","targetHints":{"allow":["GET"]}}],"collection":[{"href":"https:\/\/www.itakaescolapios.org\/fr\/wp-json\/wp\/v2\/posts"}],"about":[{"href":"https:\/\/www.itakaescolapios.org\/fr\/wp-json\/wp\/v2\/types\/post"}],"author":[{"embeddable":true,"href":"https:\/\/www.itakaescolapios.org\/fr\/wp-json\/wp\/v2\/users\/15"}],"replies":[{"embeddable":true,"href":"https:\/\/www.itakaescolapios.org\/fr\/wp-json\/wp\/v2\/comments?post=37942"}],"version-history":[{"count":3,"href":"https:\/\/www.itakaescolapios.org\/fr\/wp-json\/wp\/v2\/posts\/37942\/revisions"}],"predecessor-version":[{"id":43770,"href":"https:\/\/www.itakaescolapios.org\/fr\/wp-json\/wp\/v2\/posts\/37942\/revisions\/43770"}],"wp:featuredmedia":[{"embeddable":true,"href":"https:\/\/www.itakaescolapios.org\/fr\/wp-json\/wp\/v2\/media\/37944"}],"wp:attachment":[{"href":"https:\/\/www.itakaescolapios.org\/fr\/wp-json\/wp\/v2\/media?parent=37942"}],"wp:term":[{"taxonomy":"category","embeddable":true,"href":"https:\/\/www.itakaescolapios.org\/fr\/wp-json\/wp\/v2\/categories?post=37942"},{"taxonomy":"post_tag","embeddable":true,"href":"https:\/\/www.itakaescolapios.org\/fr\/wp-json\/wp\/v2\/tags?post=37942"}],"curies":[{"name":"wp","href":"https:\/\/api.w.org\/{rel}","templated":true}]}}