{"id":37952,"date":"2022-11-21T21:51:09","date_gmt":"2022-11-21T20:51:09","guid":{"rendered":"https:\/\/www.itakaescolapios.org\/?p=37952"},"modified":"2023-11-28T12:35:39","modified_gmt":"2023-11-28T11:35:39","slug":"francais-lancement-de-la-semaine-calasanzienne-au-complexe-bilingue-calasanz-de-malibe","status":"publish","type":"post","link":"https:\/\/www.itakaescolapios.org\/fr\/2022\/11\/francais-lancement-de-la-semaine-calasanzienne-au-complexe-bilingue-calasanz-de-malibe\/","title":{"rendered":"Lancement de la semaine Calasanzienne au complexe bilingue Calasanz de Malibe"},"content":{"rendered":"<p>C&rsquo;est la semaine Calasanzienne&#8230;\ud83c\udf7e\ud83e\udd42\ud83c\udf89\ud83c\udf8a. Un moment de joie, de partage et d&rsquo;amour pour tous les enfants de Calasanz. Au complexe scolaire Calasanz de Malibe, Nous avons d\u00e9but\u00e9 les festivit\u00e9s par la messe d&rsquo;ouverture dite par le pere serge andre Fouda directeur du complexe scolaire calasanz de malibe. Il a rappel\u00e9 dans son hom\u00e9lie ce que nous c\u00e9l\u00e9brons cette semaine et pourquoi.Ainsi nous c\u00e9l\u00e9brons Saint joseph calasanz fete normalement prevu le 25 aout mais c\u00e9l\u00e9br\u00e9 le 27 novembre dans les \u00e9coles car la priorit\u00e9 des peres piaristes et des collaborateurs des ecoles pies sont \u00a0\u00bb les enfants\u00a0\u00bb surtout l&rsquo;education des enfants pauvres&#8230;<\/p>\n<p>Ensuite nous avons eu une projection sur l&rsquo;histoire de calasanz.<\/p>\n<p>Puis nous avons clotur\u00e9 avec l&rsquo;animation.<\/p>\n<p>Rendez vous demain pour la suite du programme avec surtout le match enseignant(es) vs Eleves.<\/p>\n<p><img decoding=\"async\" class=\"size-full wp-image-37950 aligncenter\" src=\"https:\/\/www.itakaescolapios.org\/wp-content\/uploads\/2022\/05\/IMG-20221121-WA0064.jpg\" alt=\"\" width=\"816\" height=\"612\" srcset=\"https:\/\/www.itakaescolapios.org\/wp-content\/uploads\/2022\/05\/IMG-20221121-WA0064.jpg 816w, https:\/\/www.itakaescolapios.org\/wp-content\/uploads\/2022\/05\/IMG-20221121-WA0064-300x225.jpg 300w, https:\/\/www.itakaescolapios.org\/wp-content\/uploads\/2022\/05\/IMG-20221121-WA0064-768x576.jpg 768w, https:\/\/www.itakaescolapios.org\/wp-content\/uploads\/2022\/05\/IMG-20221121-WA0064-250x188.jpg 250w, https:\/\/www.itakaescolapios.org\/wp-content\/uploads\/2022\/05\/IMG-20221121-WA0064-510x382.jpg 510w\" sizes=\"(max-width: 816px) 100vw, 816px\" \/><\/p>\n","protected":false},"excerpt":{"rendered":"<p>C&rsquo;est la semaine Calasanzienne&#8230;\ud83c\udf7e\ud83e\udd42\ud83c\udf89\ud83c\udf8a. Un moment de joie, de partage et d&rsquo;amour pour tous les enfants de Calasanz. Au complexe scolaire Calasanz de Malibe, Nous avons d\u00e9but\u00e9 les festivit\u00e9s par [&hellip;]<\/p>\n","protected":false},"author":15,"featured_media":37950,"comment_status":"closed","ping_status":"closed","sticky":false,"template":"","format":"standard","meta":{"_et_pb_use_builder":"","_et_pb_old_content":"","_et_gb_content_width":"","footnotes":""},"categories":[53,285],"tags":[],"class_list":["post-37952","post","type-post","status-publish","format-standard","has-post-thumbnail","hentry","category-africa-central","category-gabon"],"yoast_head":"<!-- This site is optimized with the Yoast SEO plugin v27.4 - https:\/\/yoast.com\/product\/yoast-seo-wordpress\/ -->\n<title>Lancement de la semaine Calasanzienne au complexe bilingue Calasanz de Malibe<\/title>\n<meta name=\"description\" content=\"C&#039;est la semaine Calasanzienne...\ud83c\udf7e\ud83e\udd42\ud83c\udf89\ud83c\udf8a. Un moment de joie, de partage et d&#039;amour pour tous les enfants de Calasanz. Au complexe scolaire Calasanz de Malibe, Nous avons d\u00e9but\u00e9 les festivit\u00e9s par la messe d&#039;ouverture dite par le pere serge andre Fouda directeur du complexe scolaire calasanz de malibe. Il a rappel\u00e9 dans son hom\u00e9lie ce que\u2026\" \/>\n<meta name=\"robots\" content=\"index, follow, max-snippet:-1, max-image-preview:large, max-video-preview:-1\" \/>\n<link rel=\"canonical\" href=\"http:\/\/C'est%20la%20semaine%20Calasanzienne...\ud83c\udf7e\ud83e\udd42\ud83c\udf89\ud83c\udf8a.%20Un%20moment%20de%20joie,%20de%20partage%20et%20d'amour%20pour%20tous%20les%20enfants%20de%20Calasanz.%20Au%20complexe%20scolaire%20Calasanz%20de%20Malibe,%20Nous%20avons%20d\u00e9but\u00e9%20les%20festivit\u00e9s%20par%20la%20messe%20d'ouverture%20dite%20par%20le%20pere%20serge%20andre%20Fouda%20directeur%20du%20complexe%20scolaire%20calasanz%20de%20malibe.%20Il%20a%20rappel\u00e9%20dans%20son%20hom\u00e9lie%20ce%20que\u2026\" \/>\n<meta property=\"og:locale\" content=\"fr_FR\" \/>\n<meta property=\"og:type\" content=\"article\" \/>\n<meta property=\"og:title\" content=\"Lancement de la semaine Calasanzienne au complexe bilingue Calasanz de Malibe\" \/>\n<meta property=\"og:description\" content=\"C&#039;est la semaine Calasanzienne...\ud83c\udf7e\ud83e\udd42\ud83c\udf89\ud83c\udf8a. Un moment de joie, de partage et d&#039;amour pour tous les enfants de Calasanz. Au complexe scolaire Calasanz de Malibe, Nous avons d\u00e9but\u00e9 les festivit\u00e9s par la messe d&#039;ouverture dite par le pere serge andre Fouda directeur du complexe scolaire calasanz de malibe. Il a rappel\u00e9 dans son hom\u00e9lie ce que\u2026\" \/>\n<meta property=\"og:url\" content=\"https:\/\/www.itakaescolapios.org\/fr\/2022\/11\/francais-lancement-de-la-semaine-calasanzienne-au-complexe-bilingue-calasanz-de-malibe\/\" \/>\n<meta property=\"og:site_name\" content=\"Itaka-Escolapios\" \/>\n<meta property=\"article:published_time\" content=\"2022-11-21T20:51:09+00:00\" \/>\n<meta property=\"article:modified_time\" content=\"2023-11-28T11:35:39+00:00\" \/>\n<meta property=\"og:image\" content=\"https:\/\/www.itakaescolapios.org\/wp-content\/uploads\/2022\/05\/IMG-20221121-WA0064.jpg\" \/>\n\t<meta property=\"og:image:width\" content=\"816\" \/>\n\t<meta property=\"og:image:height\" content=\"612\" \/>\n\t<meta property=\"og:image:type\" content=\"image\/jpeg\" \/>\n<meta name=\"author\" content=\"cameroun01\" \/>\n<meta name=\"twitter:card\" content=\"summary_large_image\" \/>\n<meta name=\"twitter:label1\" content=\"\u00c9crit par\" \/>\n\t<meta name=\"twitter:data1\" content=\"cameroun01\" \/>\n\t<meta name=\"twitter:label2\" content=\"Dur\u00e9e de lecture estim\u00e9e\" \/>\n\t<meta name=\"twitter:data2\" content=\"1 minute\" \/>\n<script type=\"application\/ld+json\" class=\"yoast-schema-graph\">{\"@context\":\"https:\\\/\\\/schema.org\",\"@graph\":[{\"@type\":\"Article\",\"@id\":\"https:\\\/\\\/www.itakaescolapios.org\\\/fr\\\/2022\\\/11\\\/francais-lancement-de-la-semaine-calasanzienne-au-complexe-bilingue-calasanz-de-malibe\\\/#article\",\"isPartOf\":{\"@id\":\"https:\\\/\\\/www.itakaescolapios.org\\\/fr\\\/2022\\\/11\\\/francais-lancement-de-la-semaine-calasanzienne-au-complexe-bilingue-calasanz-de-malibe\\\/\"},\"author\":{\"name\":\"cameroun01\",\"@id\":\"https:\\\/\\\/www.itakaescolapios.org\\\/es\\\/#\\\/schema\\\/person\\\/d2844383e29bfdfef69039672ce14eb1\"},\"headline\":\"Lancement de la semaine Calasanzienne au complexe bilingue Calasanz de Malibe\",\"datePublished\":\"2022-11-21T20:51:09+00:00\",\"dateModified\":\"2023-11-28T11:35:39+00:00\",\"mainEntityOfPage\":{\"@id\":\"https:\\\/\\\/www.itakaescolapios.org\\\/fr\\\/2022\\\/11\\\/francais-lancement-de-la-semaine-calasanzienne-au-complexe-bilingue-calasanz-de-malibe\\\/\"},\"wordCount\":147,\"publisher\":{\"@id\":\"https:\\\/\\\/www.itakaescolapios.org\\\/es\\\/#organization\"},\"image\":{\"@id\":\"https:\\\/\\\/www.itakaescolapios.org\\\/fr\\\/2022\\\/11\\\/francais-lancement-de-la-semaine-calasanzienne-au-complexe-bilingue-calasanz-de-malibe\\\/#primaryimage\"},\"thumbnailUrl\":\"https:\\\/\\\/www.itakaescolapios.org\\\/wp-content\\\/uploads\\\/2022\\\/05\\\/IMG-20221121-WA0064.jpg\",\"articleSection\":[\"Afrique centrale\",\"Gab\u00f3n\"],\"inLanguage\":\"fr-FR\"},{\"@type\":\"WebPage\",\"@id\":\"https:\\\/\\\/www.itakaescolapios.org\\\/fr\\\/2022\\\/11\\\/francais-lancement-de-la-semaine-calasanzienne-au-complexe-bilingue-calasanz-de-malibe\\\/\",\"url\":\"https:\\\/\\\/www.itakaescolapios.org\\\/fr\\\/2022\\\/11\\\/francais-lancement-de-la-semaine-calasanzienne-au-complexe-bilingue-calasanz-de-malibe\\\/\",\"name\":\"- Itaka-Escolapios\",\"isPartOf\":{\"@id\":\"https:\\\/\\\/www.itakaescolapios.org\\\/es\\\/#website\"},\"primaryImageOfPage\":{\"@id\":\"https:\\\/\\\/www.itakaescolapios.org\\\/fr\\\/2022\\\/11\\\/francais-lancement-de-la-semaine-calasanzienne-au-complexe-bilingue-calasanz-de-malibe\\\/#primaryimage\"},\"image\":{\"@id\":\"https:\\\/\\\/www.itakaescolapios.org\\\/fr\\\/2022\\\/11\\\/francais-lancement-de-la-semaine-calasanzienne-au-complexe-bilingue-calasanz-de-malibe\\\/#primaryimage\"},\"thumbnailUrl\":\"https:\\\/\\\/www.itakaescolapios.org\\\/wp-content\\\/uploads\\\/2022\\\/05\\\/IMG-20221121-WA0064.jpg\",\"datePublished\":\"2022-11-21T20:51:09+00:00\",\"dateModified\":\"2023-11-28T11:35:39+00:00\",\"breadcrumb\":{\"@id\":\"https:\\\/\\\/www.itakaescolapios.org\\\/fr\\\/2022\\\/11\\\/francais-lancement-de-la-semaine-calasanzienne-au-complexe-bilingue-calasanz-de-malibe\\\/#breadcrumb\"},\"inLanguage\":\"fr-FR\",\"potentialAction\":[{\"@type\":\"ReadAction\",\"target\":[\"https:\\\/\\\/www.itakaescolapios.org\\\/fr\\\/2022\\\/11\\\/francais-lancement-de-la-semaine-calasanzienne-au-complexe-bilingue-calasanz-de-malibe\\\/\"]}]},{\"@type\":\"ImageObject\",\"inLanguage\":\"fr-FR\",\"@id\":\"https:\\\/\\\/www.itakaescolapios.org\\\/fr\\\/2022\\\/11\\\/francais-lancement-de-la-semaine-calasanzienne-au-complexe-bilingue-calasanz-de-malibe\\\/#primaryimage\",\"url\":\"https:\\\/\\\/www.itakaescolapios.org\\\/wp-content\\\/uploads\\\/2022\\\/05\\\/IMG-20221121-WA0064.jpg\",\"contentUrl\":\"https:\\\/\\\/www.itakaescolapios.org\\\/wp-content\\\/uploads\\\/2022\\\/05\\\/IMG-20221121-WA0064.jpg\",\"width\":816,\"height\":612},{\"@type\":\"BreadcrumbList\",\"@id\":\"https:\\\/\\\/www.itakaescolapios.org\\\/fr\\\/2022\\\/11\\\/francais-lancement-de-la-semaine-calasanzienne-au-complexe-bilingue-calasanz-de-malibe\\\/#breadcrumb\",\"itemListElement\":[{\"@type\":\"ListItem\",\"position\":1,\"name\":\"Itaka-Escolapios\",\"item\":\"https:\\\/\\\/www.itakaescolapios.org\\\/es\\\/\"},{\"@type\":\"ListItem\",\"position\":2,\"name\":\"Lancement de la semaine Calasanzienne au complexe bilingue Calasanz de Malibe\"}]},{\"@type\":\"WebSite\",\"@id\":\"https:\\\/\\\/www.itakaescolapios.org\\\/fr\\\/es\\\/#website\",\"url\":\"https:\\\/\\\/www.itakaescolapios.org\\\/fr\\\/es\\\/\",\"name\":\"Itaka-Escolapios\",\"description\":\"Red de Itaka-Escolapios\",\"publisher\":{\"@id\":\"https:\\\/\\\/www.itakaescolapios.org\\\/fr\\\/es\\\/#organization\"},\"potentialAction\":[{\"@type\":\"SearchAction\",\"target\":{\"@type\":\"EntryPoint\",\"urlTemplate\":\"https:\\\/\\\/www.itakaescolapios.org\\\/fr\\\/es\\\/?s={search_term_string}\"},\"query-input\":{\"@type\":\"PropertyValueSpecification\",\"valueRequired\":true,\"valueName\":\"search_term_string\"}}],\"inLanguage\":\"fr-FR\"},{\"@type\":\"Organization\",\"@id\":\"https:\\\/\\\/www.itakaescolapios.org\\\/fr\\\/es\\\/#organization\",\"name\":\"Fundaci\u00f3 Itaka-Escolapios\",\"url\":\"https:\\\/\\\/www.itakaescolapios.org\\\/fr\\\/es\\\/\",\"logo\":{\"@type\":\"ImageObject\",\"inLanguage\":\"fr-FR\",\"@id\":\"https:\\\/\\\/www.itakaescolapios.org\\\/fr\\\/es\\\/#\\\/schema\\\/logo\\\/image\\\/\",\"url\":\"https:\\\/\\\/www.itakaescolapios.org\\\/wp-content\\\/uploads\\\/2024\\\/04\\\/Logo-itakaescolapios-peque.png\",\"contentUrl\":\"https:\\\/\\\/www.itakaescolapios.org\\\/wp-content\\\/uploads\\\/2024\\\/04\\\/Logo-itakaescolapios-peque.png\",\"width\":500,\"height\":199,\"caption\":\"Fundaci\u00f3 Itaka-Escolapios\"},\"image\":{\"@id\":\"https:\\\/\\\/www.itakaescolapios.org\\\/fr\\\/es\\\/#\\\/schema\\\/logo\\\/image\\\/\"}},{\"@type\":\"Person\",\"@id\":\"https:\\\/\\\/www.itakaescolapios.org\\\/es\\\/#\\\/schema\\\/person\\\/d2844383e29bfdfef69039672ce14eb1\",\"name\":\"cameroun01\",\"url\":\"https:\\\/\\\/www.itakaescolapios.org\\\/fr\\\/author\\\/cameroun01\\\/\"}]}<\/script>\n<!-- \/ Yoast SEO plugin. -->","yoast_head_json":{"title":"Lancement de la semaine Calasanzienne au complexe bilingue Calasanz de Malibe","description":"C'est la semaine Calasanzienne...\ud83c\udf7e\ud83e\udd42\ud83c\udf89\ud83c\udf8a. Un moment de joie, de partage et d'amour pour tous les enfants de Calasanz. Au complexe scolaire Calasanz de Malibe, Nous avons d\u00e9but\u00e9 les festivit\u00e9s par la messe d'ouverture dite par le pere serge andre Fouda directeur du complexe scolaire calasanz de malibe. Il a rappel\u00e9 dans son hom\u00e9lie ce que\u2026","robots":{"index":"index","follow":"follow","max-snippet":"max-snippet:-1","max-image-preview":"max-image-preview:large","max-video-preview":"max-video-preview:-1"},"canonical":"C'est la semaine Calasanzienne...\ud83c\udf7e\ud83e\udd42\ud83c\udf89\ud83c\udf8a. Un moment de joie, de partage et d'amour pour tous les enfants de Calasanz. Au complexe scolaire Calasanz de Malibe, Nous avons d\u00e9but\u00e9 les festivit\u00e9s par la messe d'ouverture dite par le pere serge andre Fouda directeur du complexe scolaire calasanz de malibe. Il a rappel\u00e9 dans son hom\u00e9lie ce que\u2026","og_locale":"fr_FR","og_type":"article","og_title":"Lancement de la semaine Calasanzienne au complexe bilingue Calasanz de Malibe","og_description":"C'est la semaine Calasanzienne...\ud83c\udf7e\ud83e\udd42\ud83c\udf89\ud83c\udf8a. Un moment de joie, de partage et d'amour pour tous les enfants de Calasanz. Au complexe scolaire Calasanz de Malibe, Nous avons d\u00e9but\u00e9 les festivit\u00e9s par la messe d'ouverture dite par le pere serge andre Fouda directeur du complexe scolaire calasanz de malibe. Il a rappel\u00e9 dans son hom\u00e9lie ce que\u2026","og_url":"https:\/\/www.itakaescolapios.org\/fr\/2022\/11\/francais-lancement-de-la-semaine-calasanzienne-au-complexe-bilingue-calasanz-de-malibe\/","og_site_name":"Itaka-Escolapios","article_published_time":"2022-11-21T20:51:09+00:00","article_modified_time":"2023-11-28T11:35:39+00:00","og_image":[{"width":816,"height":612,"url":"https:\/\/www.itakaescolapios.org\/wp-content\/uploads\/2022\/05\/IMG-20221121-WA0064.jpg","type":"image\/jpeg"}],"author":"cameroun01","twitter_card":"summary_large_image","twitter_misc":{"\u00c9crit par":"cameroun01","Dur\u00e9e de lecture estim\u00e9e":"1 minute"},"schema":{"@context":"https:\/\/schema.org","@graph":[{"@type":"Article","@id":"https:\/\/www.itakaescolapios.org\/fr\/2022\/11\/francais-lancement-de-la-semaine-calasanzienne-au-complexe-bilingue-calasanz-de-malibe\/#article","isPartOf":{"@id":"https:\/\/www.itakaescolapios.org\/fr\/2022\/11\/francais-lancement-de-la-semaine-calasanzienne-au-complexe-bilingue-calasanz-de-malibe\/"},"author":{"name":"cameroun01","@id":"https:\/\/www.itakaescolapios.org\/es\/#\/schema\/person\/d2844383e29bfdfef69039672ce14eb1"},"headline":"Lancement de la semaine Calasanzienne au complexe bilingue Calasanz de Malibe","datePublished":"2022-11-21T20:51:09+00:00","dateModified":"2023-11-28T11:35:39+00:00","mainEntityOfPage":{"@id":"https:\/\/www.itakaescolapios.org\/fr\/2022\/11\/francais-lancement-de-la-semaine-calasanzienne-au-complexe-bilingue-calasanz-de-malibe\/"},"wordCount":147,"publisher":{"@id":"https:\/\/www.itakaescolapios.org\/es\/#organization"},"image":{"@id":"https:\/\/www.itakaescolapios.org\/fr\/2022\/11\/francais-lancement-de-la-semaine-calasanzienne-au-complexe-bilingue-calasanz-de-malibe\/#primaryimage"},"thumbnailUrl":"https:\/\/www.itakaescolapios.org\/wp-content\/uploads\/2022\/05\/IMG-20221121-WA0064.jpg","articleSection":["Afrique centrale","Gab\u00f3n"],"inLanguage":"fr-FR"},{"@type":"WebPage","@id":"https:\/\/www.itakaescolapios.org\/fr\/2022\/11\/francais-lancement-de-la-semaine-calasanzienne-au-complexe-bilingue-calasanz-de-malibe\/","url":"https:\/\/www.itakaescolapios.org\/fr\/2022\/11\/francais-lancement-de-la-semaine-calasanzienne-au-complexe-bilingue-calasanz-de-malibe\/","name":"- Itaka-Escolapios","isPartOf":{"@id":"https:\/\/www.itakaescolapios.org\/es\/#website"},"primaryImageOfPage":{"@id":"https:\/\/www.itakaescolapios.org\/fr\/2022\/11\/francais-lancement-de-la-semaine-calasanzienne-au-complexe-bilingue-calasanz-de-malibe\/#primaryimage"},"image":{"@id":"https:\/\/www.itakaescolapios.org\/fr\/2022\/11\/francais-lancement-de-la-semaine-calasanzienne-au-complexe-bilingue-calasanz-de-malibe\/#primaryimage"},"thumbnailUrl":"https:\/\/www.itakaescolapios.org\/wp-content\/uploads\/2022\/05\/IMG-20221121-WA0064.jpg","datePublished":"2022-11-21T20:51:09+00:00","dateModified":"2023-11-28T11:35:39+00:00","breadcrumb":{"@id":"https:\/\/www.itakaescolapios.org\/fr\/2022\/11\/francais-lancement-de-la-semaine-calasanzienne-au-complexe-bilingue-calasanz-de-malibe\/#breadcrumb"},"inLanguage":"fr-FR","potentialAction":[{"@type":"ReadAction","target":["https:\/\/www.itakaescolapios.org\/fr\/2022\/11\/francais-lancement-de-la-semaine-calasanzienne-au-complexe-bilingue-calasanz-de-malibe\/"]}]},{"@type":"ImageObject","inLanguage":"fr-FR","@id":"https:\/\/www.itakaescolapios.org\/fr\/2022\/11\/francais-lancement-de-la-semaine-calasanzienne-au-complexe-bilingue-calasanz-de-malibe\/#primaryimage","url":"https:\/\/www.itakaescolapios.org\/wp-content\/uploads\/2022\/05\/IMG-20221121-WA0064.jpg","contentUrl":"https:\/\/www.itakaescolapios.org\/wp-content\/uploads\/2022\/05\/IMG-20221121-WA0064.jpg","width":816,"height":612},{"@type":"BreadcrumbList","@id":"https:\/\/www.itakaescolapios.org\/fr\/2022\/11\/francais-lancement-de-la-semaine-calasanzienne-au-complexe-bilingue-calasanz-de-malibe\/#breadcrumb","itemListElement":[{"@type":"ListItem","position":1,"name":"Itaka-Escolapios","item":"https:\/\/www.itakaescolapios.org\/es\/"},{"@type":"ListItem","position":2,"name":"Lancement de la semaine Calasanzienne au complexe bilingue Calasanz de Malibe"}]},{"@type":"WebSite","@id":"https:\/\/www.itakaescolapios.org\/fr\/es\/#website","url":"https:\/\/www.itakaescolapios.org\/fr\/es\/","name":"Itaka-Escolapios","description":"Red de Itaka-Escolapios","publisher":{"@id":"https:\/\/www.itakaescolapios.org\/fr\/es\/#organization"},"potentialAction":[{"@type":"SearchAction","target":{"@type":"EntryPoint","urlTemplate":"https:\/\/www.itakaescolapios.org\/fr\/es\/?s={search_term_string}"},"query-input":{"@type":"PropertyValueSpecification","valueRequired":true,"valueName":"search_term_string"}}],"inLanguage":"fr-FR"},{"@type":"Organization","@id":"https:\/\/www.itakaescolapios.org\/fr\/es\/#organization","name":"Fundaci\u00f3 Itaka-Escolapios","url":"https:\/\/www.itakaescolapios.org\/fr\/es\/","logo":{"@type":"ImageObject","inLanguage":"fr-FR","@id":"https:\/\/www.itakaescolapios.org\/fr\/es\/#\/schema\/logo\/image\/","url":"https:\/\/www.itakaescolapios.org\/wp-content\/uploads\/2024\/04\/Logo-itakaescolapios-peque.png","contentUrl":"https:\/\/www.itakaescolapios.org\/wp-content\/uploads\/2024\/04\/Logo-itakaescolapios-peque.png","width":500,"height":199,"caption":"Fundaci\u00f3 Itaka-Escolapios"},"image":{"@id":"https:\/\/www.itakaescolapios.org\/fr\/es\/#\/schema\/logo\/image\/"}},{"@type":"Person","@id":"https:\/\/www.itakaescolapios.org\/es\/#\/schema\/person\/d2844383e29bfdfef69039672ce14eb1","name":"cameroun01","url":"https:\/\/www.itakaescolapios.org\/fr\/author\/cameroun01\/"}]}},"_links":{"self":[{"href":"https:\/\/www.itakaescolapios.org\/fr\/wp-json\/wp\/v2\/posts\/37952","targetHints":{"allow":["GET"]}}],"collection":[{"href":"https:\/\/www.itakaescolapios.org\/fr\/wp-json\/wp\/v2\/posts"}],"about":[{"href":"https:\/\/www.itakaescolapios.org\/fr\/wp-json\/wp\/v2\/types\/post"}],"author":[{"embeddable":true,"href":"https:\/\/www.itakaescolapios.org\/fr\/wp-json\/wp\/v2\/users\/15"}],"replies":[{"embeddable":true,"href":"https:\/\/www.itakaescolapios.org\/fr\/wp-json\/wp\/v2\/comments?post=37952"}],"version-history":[{"count":2,"href":"https:\/\/www.itakaescolapios.org\/fr\/wp-json\/wp\/v2\/posts\/37952\/revisions"}],"predecessor-version":[{"id":43765,"href":"https:\/\/www.itakaescolapios.org\/fr\/wp-json\/wp\/v2\/posts\/37952\/revisions\/43765"}],"wp:featuredmedia":[{"embeddable":true,"href":"https:\/\/www.itakaescolapios.org\/fr\/wp-json\/wp\/v2\/media\/37950"}],"wp:attachment":[{"href":"https:\/\/www.itakaescolapios.org\/fr\/wp-json\/wp\/v2\/media?parent=37952"}],"wp:term":[{"taxonomy":"category","embeddable":true,"href":"https:\/\/www.itakaescolapios.org\/fr\/wp-json\/wp\/v2\/categories?post=37952"},{"taxonomy":"post_tag","embeddable":true,"href":"https:\/\/www.itakaescolapios.org\/fr\/wp-json\/wp\/v2\/tags?post=37952"}],"curies":[{"name":"wp","href":"https:\/\/api.w.org\/{rel}","templated":true}]}}