{"id":38088,"date":"2022-12-15T15:24:23","date_gmt":"2022-12-15T14:24:23","guid":{"rendered":"https:\/\/www.itakaescolapios.org\/?p=38088"},"modified":"2023-11-28T12:35:38","modified_gmt":"2023-11-28T11:35:38","slug":"francais-larbre-de-noel-a-lecole-bilingue-saint-joseph-calasanz-dabobo-yaounde","status":"publish","type":"post","link":"https:\/\/www.itakaescolapios.org\/fr\/2022\/12\/francais-larbre-de-noel-a-lecole-bilingue-saint-joseph-calasanz-dabobo-yaounde\/","title":{"rendered":"L\u2019ARBRE DE NOEL A L\u2019ECOLE BILINGUE SAINT JOSEPH CALASANZ D\u2019ABOBO YAOUNDE"},"content":{"rendered":"<p>Aujourd\u2019hui,\u00a0 jeudi 15 d\u00e9cembre 2022 s\u2019est tenu \u00e0 l\u2019Ecole Bilingue Saint Joseph Calasanz d\u2019Abobo Yaound\u00e9, la c\u00e9l\u00e9bration de l\u2019arbre de no\u00ebl pour les enfants de la maternelle et du primaire. Au programme danses, chants, r\u00e9cits, sketchs, remise des cadeaux, photo de famille et reception des parents venus soutenir leurs enfants. C\u2019\u00e9tait une journ\u00e9e pleine d\u2019\u00e9motions et d\u2019ondes positives. Tout est bien qui finit bien. Rendez-vous en 2023 pour la reprise des cours.<\/p>\n<p><img decoding=\"async\" class=\"size-full wp-image-3428 aligncenter\" src=\"https:\/\/piaristesafriquecentrale.org\/wp-content\/uploads\/2022\/12\/WhatsApp-Image-2022-12-15-at-2.17.21-PM.jpeg\" alt=\"\" width=\"1080\" height=\"810\" \/><\/p>\n<p><img decoding=\"async\" class=\"size-full wp-image-3429 aligncenter\" src=\"https:\/\/piaristesafriquecentrale.org\/wp-content\/uploads\/2022\/12\/WhatsApp-Image-2022-12-15-at-2.17.20-PM-2.jpeg\" alt=\"\" width=\"1080\" height=\"810\" \/><\/p>\n<div style=\"width: 848px;\" class=\"wp-video\"><video class=\"wp-video-shortcode\" id=\"video-38088-1\" width=\"848\" height=\"480\" preload=\"metadata\" controls=\"controls\"><source type=\"video\/mp4\" src=\"https:\/\/piaristesafriquecentrale.org\/wp-content\/uploads\/2022\/12\/WhatsApp-Video-2022-12-15-at-1.48.20-PM.mp4?_=1\" \/><a href=\"https:\/\/piaristesafriquecentrale.org\/wp-content\/uploads\/2022\/12\/WhatsApp-Video-2022-12-15-at-1.48.20-PM.mp4\">https:\/\/piaristesafriquecentrale.org\/wp-content\/uploads\/2022\/12\/WhatsApp-Video-2022-12-15-at-1.48.20-PM.mp4<\/a><\/video><\/div>\n<div style=\"width: 848px;\" class=\"wp-video\"><video class=\"wp-video-shortcode\" id=\"video-38088-2\" width=\"848\" height=\"480\" preload=\"metadata\" controls=\"controls\"><source type=\"video\/mp4\" src=\"https:\/\/piaristesafriquecentrale.org\/wp-content\/uploads\/2022\/12\/WhatsApp-Video-2022-12-15-at-1.47.45-PM.mp4?_=2\" \/><a href=\"https:\/\/piaristesafriquecentrale.org\/wp-content\/uploads\/2022\/12\/WhatsApp-Video-2022-12-15-at-1.47.45-PM.mp4\">https:\/\/piaristesafriquecentrale.org\/wp-content\/uploads\/2022\/12\/WhatsApp-Video-2022-12-15-at-1.47.45-PM.mp4<\/a><\/video><\/div>\n<p><img decoding=\"async\" class=\"size-full wp-image-3441 aligncenter\" src=\"https:\/\/piaristesafriquecentrale.org\/wp-content\/uploads\/2022\/12\/WhatsApp-Image-2022-12-15-at-1.40.28-PM.jpeg\" alt=\"\" width=\"1080\" height=\"810\" \/><\/p>\n","protected":false},"excerpt":{"rendered":"<p>Aujourd\u2019hui,\u00a0 jeudi 15 d\u00e9cembre 2022 s\u2019est tenu \u00e0 l\u2019Ecole Bilingue Saint Joseph Calasanz d\u2019Abobo Yaound\u00e9, la c\u00e9l\u00e9bration de l\u2019arbre de no\u00ebl pour les enfants de la maternelle et du primaire. [&hellip;]<\/p>\n","protected":false},"author":15,"featured_media":38091,"comment_status":"closed","ping_status":"closed","sticky":false,"template":"","format":"standard","meta":{"_et_pb_use_builder":"","_et_pb_old_content":"","_et_gb_content_width":"","footnotes":""},"categories":[53,10],"tags":[],"class_list":["post-38088","post","type-post","status-publish","format-standard","has-post-thumbnail","hentry","category-africa-central","category-camerun"],"yoast_head":"<!-- This site is optimized with the Yoast SEO plugin v27.4 - https:\/\/yoast.com\/product\/yoast-seo-wordpress\/ -->\n<title>L\u2019ARBRE DE NOEL A L\u2019ECOLE BILINGUE SAINT JOSEPH CALASANZ D\u2019ABOBO YAOUNDE<\/title>\n<meta name=\"description\" content=\"Aujourd\u2019hui,\u00a0 jeudi 15 d\u00e9cembre 2022 s\u2019est tenu \u00e0 l\u2019Ecole Bilingue Saint Joseph Calasanz d\u2019Abobo Yaound\u00e9, la c\u00e9l\u00e9bration de l\u2019arbre de no\u00ebl pour les enfants de la maternelle et du primaire. Au programme danses, chants, r\u00e9cits, sketchs, remise des cadeaux, photo de famille et reception des parents venus soutenir leurs enfants. C\u2019\u00e9tait une journ\u00e9e pleine d\u2019\u00e9motions\u2026\" \/>\n<meta name=\"robots\" content=\"index, follow, max-snippet:-1, max-image-preview:large, max-video-preview:-1\" \/>\n<link rel=\"canonical\" href=\"http:\/\/Aujourd\u2019hui,\u00a0%20jeudi%2015%20d\u00e9cembre%202022%20s\u2019est%20tenu%20\u00e0%20l\u2019Ecole%20Bilingue%20Saint%20Joseph%20Calasanz%20d\u2019Abobo%20Yaound\u00e9,%20la%20c\u00e9l\u00e9bration%20de%20l\u2019arbre%20de%20no\u00ebl%20pour%20les%20enfants%20de%20la%20maternelle%20et%20du%20primaire.%20Au%20programme%20danses,%20chants,%20r\u00e9cits,%20sketchs,%20remise%20des%20cadeaux,%20photo%20de%20famille%20et%20reception%20des%20parents%20venus%20soutenir%20leurs%20enfants.%20C\u2019\u00e9tait%20une%20journ\u00e9e%20pleine%20d\u2019\u00e9motions\u2026\" \/>\n<meta property=\"og:locale\" content=\"fr_FR\" \/>\n<meta property=\"og:type\" content=\"article\" \/>\n<meta property=\"og:title\" content=\"L\u2019ARBRE DE NOEL A L\u2019ECOLE BILINGUE SAINT JOSEPH CALASANZ D\u2019ABOBO YAOUNDE\" \/>\n<meta property=\"og:description\" content=\"Aujourd\u2019hui,\u00a0 jeudi 15 d\u00e9cembre 2022 s\u2019est tenu \u00e0 l\u2019Ecole Bilingue Saint Joseph Calasanz d\u2019Abobo Yaound\u00e9, la c\u00e9l\u00e9bration de l\u2019arbre de no\u00ebl pour les enfants de la maternelle et du primaire. Au programme danses, chants, r\u00e9cits, sketchs, remise des cadeaux, photo de famille et reception des parents venus soutenir leurs enfants. C\u2019\u00e9tait une journ\u00e9e pleine d\u2019\u00e9motions\u2026\" \/>\n<meta property=\"og:url\" content=\"https:\/\/www.itakaescolapios.org\/fr\/2022\/12\/francais-larbre-de-noel-a-lecole-bilingue-saint-joseph-calasanz-dabobo-yaounde\/\" \/>\n<meta property=\"og:site_name\" content=\"Itaka-Escolapios\" \/>\n<meta property=\"article:published_time\" content=\"2022-12-15T14:24:23+00:00\" \/>\n<meta property=\"article:modified_time\" content=\"2023-11-28T11:35:38+00:00\" \/>\n<meta property=\"og:image\" content=\"https:\/\/www.itakaescolapios.org\/wp-content\/uploads\/2022\/12\/WhatsApp-Image-2022-12-15-at-2.17.20-PM-1.jpeg\" \/>\n\t<meta property=\"og:image:width\" content=\"1080\" \/>\n\t<meta property=\"og:image:height\" content=\"810\" \/>\n\t<meta property=\"og:image:type\" content=\"image\/jpeg\" \/>\n<meta name=\"author\" content=\"cameroun01\" \/>\n<meta name=\"twitter:card\" content=\"summary_large_image\" \/>\n<meta name=\"twitter:label1\" content=\"\u00c9crit par\" \/>\n\t<meta name=\"twitter:data1\" content=\"cameroun01\" \/>\n\t<meta name=\"twitter:label2\" content=\"Dur\u00e9e de lecture estim\u00e9e\" \/>\n\t<meta name=\"twitter:data2\" content=\"1 minute\" \/>\n<script type=\"application\/ld+json\" class=\"yoast-schema-graph\">{\"@context\":\"https:\\\/\\\/schema.org\",\"@graph\":[{\"@type\":\"Article\",\"@id\":\"https:\\\/\\\/www.itakaescolapios.org\\\/fr\\\/2022\\\/12\\\/francais-larbre-de-noel-a-lecole-bilingue-saint-joseph-calasanz-dabobo-yaounde\\\/#article\",\"isPartOf\":{\"@id\":\"https:\\\/\\\/www.itakaescolapios.org\\\/fr\\\/2022\\\/12\\\/francais-larbre-de-noel-a-lecole-bilingue-saint-joseph-calasanz-dabobo-yaounde\\\/\"},\"author\":{\"name\":\"cameroun01\",\"@id\":\"https:\\\/\\\/www.itakaescolapios.org\\\/es\\\/#\\\/schema\\\/person\\\/d2844383e29bfdfef69039672ce14eb1\"},\"headline\":\"L\u2019ARBRE DE NOEL A L\u2019ECOLE BILINGUE SAINT JOSEPH CALASANZ D\u2019ABOBO YAOUNDE\",\"datePublished\":\"2022-12-15T14:24:23+00:00\",\"dateModified\":\"2023-11-28T11:35:38+00:00\",\"mainEntityOfPage\":{\"@id\":\"https:\\\/\\\/www.itakaescolapios.org\\\/fr\\\/2022\\\/12\\\/francais-larbre-de-noel-a-lecole-bilingue-saint-joseph-calasanz-dabobo-yaounde\\\/\"},\"wordCount\":115,\"publisher\":{\"@id\":\"https:\\\/\\\/www.itakaescolapios.org\\\/es\\\/#organization\"},\"image\":{\"@id\":\"https:\\\/\\\/www.itakaescolapios.org\\\/fr\\\/2022\\\/12\\\/francais-larbre-de-noel-a-lecole-bilingue-saint-joseph-calasanz-dabobo-yaounde\\\/#primaryimage\"},\"thumbnailUrl\":\"https:\\\/\\\/www.itakaescolapios.org\\\/wp-content\\\/uploads\\\/2022\\\/12\\\/WhatsApp-Image-2022-12-15-at-2.17.20-PM-1.jpeg\",\"articleSection\":[\"Afrique centrale\",\"Cameroun\"],\"inLanguage\":\"fr-FR\"},{\"@type\":\"WebPage\",\"@id\":\"https:\\\/\\\/www.itakaescolapios.org\\\/fr\\\/2022\\\/12\\\/francais-larbre-de-noel-a-lecole-bilingue-saint-joseph-calasanz-dabobo-yaounde\\\/\",\"url\":\"https:\\\/\\\/www.itakaescolapios.org\\\/fr\\\/2022\\\/12\\\/francais-larbre-de-noel-a-lecole-bilingue-saint-joseph-calasanz-dabobo-yaounde\\\/\",\"name\":\"- Itaka-Escolapios\",\"isPartOf\":{\"@id\":\"https:\\\/\\\/www.itakaescolapios.org\\\/es\\\/#website\"},\"primaryImageOfPage\":{\"@id\":\"https:\\\/\\\/www.itakaescolapios.org\\\/fr\\\/2022\\\/12\\\/francais-larbre-de-noel-a-lecole-bilingue-saint-joseph-calasanz-dabobo-yaounde\\\/#primaryimage\"},\"image\":{\"@id\":\"https:\\\/\\\/www.itakaescolapios.org\\\/fr\\\/2022\\\/12\\\/francais-larbre-de-noel-a-lecole-bilingue-saint-joseph-calasanz-dabobo-yaounde\\\/#primaryimage\"},\"thumbnailUrl\":\"https:\\\/\\\/www.itakaescolapios.org\\\/wp-content\\\/uploads\\\/2022\\\/12\\\/WhatsApp-Image-2022-12-15-at-2.17.20-PM-1.jpeg\",\"datePublished\":\"2022-12-15T14:24:23+00:00\",\"dateModified\":\"2023-11-28T11:35:38+00:00\",\"breadcrumb\":{\"@id\":\"https:\\\/\\\/www.itakaescolapios.org\\\/fr\\\/2022\\\/12\\\/francais-larbre-de-noel-a-lecole-bilingue-saint-joseph-calasanz-dabobo-yaounde\\\/#breadcrumb\"},\"inLanguage\":\"fr-FR\",\"potentialAction\":[{\"@type\":\"ReadAction\",\"target\":[\"https:\\\/\\\/www.itakaescolapios.org\\\/fr\\\/2022\\\/12\\\/francais-larbre-de-noel-a-lecole-bilingue-saint-joseph-calasanz-dabobo-yaounde\\\/\"]}]},{\"@type\":\"ImageObject\",\"inLanguage\":\"fr-FR\",\"@id\":\"https:\\\/\\\/www.itakaescolapios.org\\\/fr\\\/2022\\\/12\\\/francais-larbre-de-noel-a-lecole-bilingue-saint-joseph-calasanz-dabobo-yaounde\\\/#primaryimage\",\"url\":\"https:\\\/\\\/www.itakaescolapios.org\\\/wp-content\\\/uploads\\\/2022\\\/12\\\/WhatsApp-Image-2022-12-15-at-2.17.20-PM-1.jpeg\",\"contentUrl\":\"https:\\\/\\\/www.itakaescolapios.org\\\/wp-content\\\/uploads\\\/2022\\\/12\\\/WhatsApp-Image-2022-12-15-at-2.17.20-PM-1.jpeg\",\"width\":1080,\"height\":810},{\"@type\":\"BreadcrumbList\",\"@id\":\"https:\\\/\\\/www.itakaescolapios.org\\\/fr\\\/2022\\\/12\\\/francais-larbre-de-noel-a-lecole-bilingue-saint-joseph-calasanz-dabobo-yaounde\\\/#breadcrumb\",\"itemListElement\":[{\"@type\":\"ListItem\",\"position\":1,\"name\":\"Itaka-Escolapios\",\"item\":\"https:\\\/\\\/www.itakaescolapios.org\\\/es\\\/\"},{\"@type\":\"ListItem\",\"position\":2,\"name\":\"L\u2019ARBRE DE NOEL A L\u2019ECOLE BILINGUE SAINT JOSEPH CALASANZ D\u2019ABOBO YAOUNDE\"}]},{\"@type\":\"WebSite\",\"@id\":\"https:\\\/\\\/www.itakaescolapios.org\\\/fr\\\/es\\\/#website\",\"url\":\"https:\\\/\\\/www.itakaescolapios.org\\\/fr\\\/es\\\/\",\"name\":\"Itaka-Escolapios\",\"description\":\"Red de Itaka-Escolapios\",\"publisher\":{\"@id\":\"https:\\\/\\\/www.itakaescolapios.org\\\/fr\\\/es\\\/#organization\"},\"potentialAction\":[{\"@type\":\"SearchAction\",\"target\":{\"@type\":\"EntryPoint\",\"urlTemplate\":\"https:\\\/\\\/www.itakaescolapios.org\\\/fr\\\/es\\\/?s={search_term_string}\"},\"query-input\":{\"@type\":\"PropertyValueSpecification\",\"valueRequired\":true,\"valueName\":\"search_term_string\"}}],\"inLanguage\":\"fr-FR\"},{\"@type\":\"Organization\",\"@id\":\"https:\\\/\\\/www.itakaescolapios.org\\\/fr\\\/es\\\/#organization\",\"name\":\"Fundaci\u00f3 Itaka-Escolapios\",\"url\":\"https:\\\/\\\/www.itakaescolapios.org\\\/fr\\\/es\\\/\",\"logo\":{\"@type\":\"ImageObject\",\"inLanguage\":\"fr-FR\",\"@id\":\"https:\\\/\\\/www.itakaescolapios.org\\\/fr\\\/es\\\/#\\\/schema\\\/logo\\\/image\\\/\",\"url\":\"https:\\\/\\\/www.itakaescolapios.org\\\/wp-content\\\/uploads\\\/2024\\\/04\\\/Logo-itakaescolapios-peque.png\",\"contentUrl\":\"https:\\\/\\\/www.itakaescolapios.org\\\/wp-content\\\/uploads\\\/2024\\\/04\\\/Logo-itakaescolapios-peque.png\",\"width\":500,\"height\":199,\"caption\":\"Fundaci\u00f3 Itaka-Escolapios\"},\"image\":{\"@id\":\"https:\\\/\\\/www.itakaescolapios.org\\\/fr\\\/es\\\/#\\\/schema\\\/logo\\\/image\\\/\"}},{\"@type\":\"Person\",\"@id\":\"https:\\\/\\\/www.itakaescolapios.org\\\/es\\\/#\\\/schema\\\/person\\\/d2844383e29bfdfef69039672ce14eb1\",\"name\":\"cameroun01\",\"url\":\"https:\\\/\\\/www.itakaescolapios.org\\\/fr\\\/author\\\/cameroun01\\\/\"}]}<\/script>\n<!-- \/ Yoast SEO plugin. -->","yoast_head_json":{"title":"L\u2019ARBRE DE NOEL A L\u2019ECOLE BILINGUE SAINT JOSEPH CALASANZ D\u2019ABOBO YAOUNDE","description":"Aujourd\u2019hui,\u00a0 jeudi 15 d\u00e9cembre 2022 s\u2019est tenu \u00e0 l\u2019Ecole Bilingue Saint Joseph Calasanz d\u2019Abobo Yaound\u00e9, la c\u00e9l\u00e9bration de l\u2019arbre de no\u00ebl pour les enfants de la maternelle et du primaire. Au programme danses, chants, r\u00e9cits, sketchs, remise des cadeaux, photo de famille et reception des parents venus soutenir leurs enfants. C\u2019\u00e9tait une journ\u00e9e pleine d\u2019\u00e9motions\u2026","robots":{"index":"index","follow":"follow","max-snippet":"max-snippet:-1","max-image-preview":"max-image-preview:large","max-video-preview":"max-video-preview:-1"},"canonical":"Aujourd\u2019hui,\u00a0 jeudi 15 d\u00e9cembre 2022 s\u2019est tenu \u00e0 l\u2019Ecole Bilingue Saint Joseph Calasanz d\u2019Abobo Yaound\u00e9, la c\u00e9l\u00e9bration de l\u2019arbre de no\u00ebl pour les enfants de la maternelle et du primaire. Au programme danses, chants, r\u00e9cits, sketchs, remise des cadeaux, photo de famille et reception des parents venus soutenir leurs enfants. C\u2019\u00e9tait une journ\u00e9e pleine d\u2019\u00e9motions\u2026","og_locale":"fr_FR","og_type":"article","og_title":"L\u2019ARBRE DE NOEL A L\u2019ECOLE BILINGUE SAINT JOSEPH CALASANZ D\u2019ABOBO YAOUNDE","og_description":"Aujourd\u2019hui,\u00a0 jeudi 15 d\u00e9cembre 2022 s\u2019est tenu \u00e0 l\u2019Ecole Bilingue Saint Joseph Calasanz d\u2019Abobo Yaound\u00e9, la c\u00e9l\u00e9bration de l\u2019arbre de no\u00ebl pour les enfants de la maternelle et du primaire. Au programme danses, chants, r\u00e9cits, sketchs, remise des cadeaux, photo de famille et reception des parents venus soutenir leurs enfants. C\u2019\u00e9tait une journ\u00e9e pleine d\u2019\u00e9motions\u2026","og_url":"https:\/\/www.itakaescolapios.org\/fr\/2022\/12\/francais-larbre-de-noel-a-lecole-bilingue-saint-joseph-calasanz-dabobo-yaounde\/","og_site_name":"Itaka-Escolapios","article_published_time":"2022-12-15T14:24:23+00:00","article_modified_time":"2023-11-28T11:35:38+00:00","og_image":[{"width":1080,"height":810,"url":"https:\/\/www.itakaescolapios.org\/wp-content\/uploads\/2022\/12\/WhatsApp-Image-2022-12-15-at-2.17.20-PM-1.jpeg","type":"image\/jpeg"}],"author":"cameroun01","twitter_card":"summary_large_image","twitter_misc":{"\u00c9crit par":"cameroun01","Dur\u00e9e de lecture estim\u00e9e":"1 minute"},"schema":{"@context":"https:\/\/schema.org","@graph":[{"@type":"Article","@id":"https:\/\/www.itakaescolapios.org\/fr\/2022\/12\/francais-larbre-de-noel-a-lecole-bilingue-saint-joseph-calasanz-dabobo-yaounde\/#article","isPartOf":{"@id":"https:\/\/www.itakaescolapios.org\/fr\/2022\/12\/francais-larbre-de-noel-a-lecole-bilingue-saint-joseph-calasanz-dabobo-yaounde\/"},"author":{"name":"cameroun01","@id":"https:\/\/www.itakaescolapios.org\/es\/#\/schema\/person\/d2844383e29bfdfef69039672ce14eb1"},"headline":"L\u2019ARBRE DE NOEL A L\u2019ECOLE BILINGUE SAINT JOSEPH CALASANZ D\u2019ABOBO YAOUNDE","datePublished":"2022-12-15T14:24:23+00:00","dateModified":"2023-11-28T11:35:38+00:00","mainEntityOfPage":{"@id":"https:\/\/www.itakaescolapios.org\/fr\/2022\/12\/francais-larbre-de-noel-a-lecole-bilingue-saint-joseph-calasanz-dabobo-yaounde\/"},"wordCount":115,"publisher":{"@id":"https:\/\/www.itakaescolapios.org\/es\/#organization"},"image":{"@id":"https:\/\/www.itakaescolapios.org\/fr\/2022\/12\/francais-larbre-de-noel-a-lecole-bilingue-saint-joseph-calasanz-dabobo-yaounde\/#primaryimage"},"thumbnailUrl":"https:\/\/www.itakaescolapios.org\/wp-content\/uploads\/2022\/12\/WhatsApp-Image-2022-12-15-at-2.17.20-PM-1.jpeg","articleSection":["Afrique centrale","Cameroun"],"inLanguage":"fr-FR"},{"@type":"WebPage","@id":"https:\/\/www.itakaescolapios.org\/fr\/2022\/12\/francais-larbre-de-noel-a-lecole-bilingue-saint-joseph-calasanz-dabobo-yaounde\/","url":"https:\/\/www.itakaescolapios.org\/fr\/2022\/12\/francais-larbre-de-noel-a-lecole-bilingue-saint-joseph-calasanz-dabobo-yaounde\/","name":"- Itaka-Escolapios","isPartOf":{"@id":"https:\/\/www.itakaescolapios.org\/es\/#website"},"primaryImageOfPage":{"@id":"https:\/\/www.itakaescolapios.org\/fr\/2022\/12\/francais-larbre-de-noel-a-lecole-bilingue-saint-joseph-calasanz-dabobo-yaounde\/#primaryimage"},"image":{"@id":"https:\/\/www.itakaescolapios.org\/fr\/2022\/12\/francais-larbre-de-noel-a-lecole-bilingue-saint-joseph-calasanz-dabobo-yaounde\/#primaryimage"},"thumbnailUrl":"https:\/\/www.itakaescolapios.org\/wp-content\/uploads\/2022\/12\/WhatsApp-Image-2022-12-15-at-2.17.20-PM-1.jpeg","datePublished":"2022-12-15T14:24:23+00:00","dateModified":"2023-11-28T11:35:38+00:00","breadcrumb":{"@id":"https:\/\/www.itakaescolapios.org\/fr\/2022\/12\/francais-larbre-de-noel-a-lecole-bilingue-saint-joseph-calasanz-dabobo-yaounde\/#breadcrumb"},"inLanguage":"fr-FR","potentialAction":[{"@type":"ReadAction","target":["https:\/\/www.itakaescolapios.org\/fr\/2022\/12\/francais-larbre-de-noel-a-lecole-bilingue-saint-joseph-calasanz-dabobo-yaounde\/"]}]},{"@type":"ImageObject","inLanguage":"fr-FR","@id":"https:\/\/www.itakaescolapios.org\/fr\/2022\/12\/francais-larbre-de-noel-a-lecole-bilingue-saint-joseph-calasanz-dabobo-yaounde\/#primaryimage","url":"https:\/\/www.itakaescolapios.org\/wp-content\/uploads\/2022\/12\/WhatsApp-Image-2022-12-15-at-2.17.20-PM-1.jpeg","contentUrl":"https:\/\/www.itakaescolapios.org\/wp-content\/uploads\/2022\/12\/WhatsApp-Image-2022-12-15-at-2.17.20-PM-1.jpeg","width":1080,"height":810},{"@type":"BreadcrumbList","@id":"https:\/\/www.itakaescolapios.org\/fr\/2022\/12\/francais-larbre-de-noel-a-lecole-bilingue-saint-joseph-calasanz-dabobo-yaounde\/#breadcrumb","itemListElement":[{"@type":"ListItem","position":1,"name":"Itaka-Escolapios","item":"https:\/\/www.itakaescolapios.org\/es\/"},{"@type":"ListItem","position":2,"name":"L\u2019ARBRE DE NOEL A L\u2019ECOLE BILINGUE SAINT JOSEPH CALASANZ D\u2019ABOBO YAOUNDE"}]},{"@type":"WebSite","@id":"https:\/\/www.itakaescolapios.org\/fr\/es\/#website","url":"https:\/\/www.itakaescolapios.org\/fr\/es\/","name":"Itaka-Escolapios","description":"Red de Itaka-Escolapios","publisher":{"@id":"https:\/\/www.itakaescolapios.org\/fr\/es\/#organization"},"potentialAction":[{"@type":"SearchAction","target":{"@type":"EntryPoint","urlTemplate":"https:\/\/www.itakaescolapios.org\/fr\/es\/?s={search_term_string}"},"query-input":{"@type":"PropertyValueSpecification","valueRequired":true,"valueName":"search_term_string"}}],"inLanguage":"fr-FR"},{"@type":"Organization","@id":"https:\/\/www.itakaescolapios.org\/fr\/es\/#organization","name":"Fundaci\u00f3 Itaka-Escolapios","url":"https:\/\/www.itakaescolapios.org\/fr\/es\/","logo":{"@type":"ImageObject","inLanguage":"fr-FR","@id":"https:\/\/www.itakaescolapios.org\/fr\/es\/#\/schema\/logo\/image\/","url":"https:\/\/www.itakaescolapios.org\/wp-content\/uploads\/2024\/04\/Logo-itakaescolapios-peque.png","contentUrl":"https:\/\/www.itakaescolapios.org\/wp-content\/uploads\/2024\/04\/Logo-itakaescolapios-peque.png","width":500,"height":199,"caption":"Fundaci\u00f3 Itaka-Escolapios"},"image":{"@id":"https:\/\/www.itakaescolapios.org\/fr\/es\/#\/schema\/logo\/image\/"}},{"@type":"Person","@id":"https:\/\/www.itakaescolapios.org\/es\/#\/schema\/person\/d2844383e29bfdfef69039672ce14eb1","name":"cameroun01","url":"https:\/\/www.itakaescolapios.org\/fr\/author\/cameroun01\/"}]}},"_links":{"self":[{"href":"https:\/\/www.itakaescolapios.org\/fr\/wp-json\/wp\/v2\/posts\/38088","targetHints":{"allow":["GET"]}}],"collection":[{"href":"https:\/\/www.itakaescolapios.org\/fr\/wp-json\/wp\/v2\/posts"}],"about":[{"href":"https:\/\/www.itakaescolapios.org\/fr\/wp-json\/wp\/v2\/types\/post"}],"author":[{"embeddable":true,"href":"https:\/\/www.itakaescolapios.org\/fr\/wp-json\/wp\/v2\/users\/15"}],"replies":[{"embeddable":true,"href":"https:\/\/www.itakaescolapios.org\/fr\/wp-json\/wp\/v2\/comments?post=38088"}],"version-history":[{"count":2,"href":"https:\/\/www.itakaescolapios.org\/fr\/wp-json\/wp\/v2\/posts\/38088\/revisions"}],"predecessor-version":[{"id":43748,"href":"https:\/\/www.itakaescolapios.org\/fr\/wp-json\/wp\/v2\/posts\/38088\/revisions\/43748"}],"wp:featuredmedia":[{"embeddable":true,"href":"https:\/\/www.itakaescolapios.org\/fr\/wp-json\/wp\/v2\/media\/38091"}],"wp:attachment":[{"href":"https:\/\/www.itakaescolapios.org\/fr\/wp-json\/wp\/v2\/media?parent=38088"}],"wp:term":[{"taxonomy":"category","embeddable":true,"href":"https:\/\/www.itakaescolapios.org\/fr\/wp-json\/wp\/v2\/categories?post=38088"},{"taxonomy":"post_tag","embeddable":true,"href":"https:\/\/www.itakaescolapios.org\/fr\/wp-json\/wp\/v2\/tags?post=38088"}],"curies":[{"name":"wp","href":"https:\/\/api.w.org\/{rel}","templated":true}]}}