{"id":38195,"date":"2022-12-22T15:19:43","date_gmt":"2022-12-22T14:19:43","guid":{"rendered":"https:\/\/www.itakaescolapios.org\/?p=38195"},"modified":"2023-11-28T12:35:38","modified_gmt":"2023-11-28T11:35:38","slug":"recoleccion-en-la-capilla-san-michel-detetak-yaounde","status":"publish","type":"post","link":"https:\/\/www.itakaescolapios.org\/fr\/2022\/12\/recoleccion-en-la-capilla-san-michel-detetak-yaounde\/","title":{"rendered":"RECOLLECTION A LA CHAPELLE SAINT BASILE D\u2019ETETAK Yaound\u00e9"},"content":{"rendered":"<p>Pour cette fin d\u2019ann\u00e9e 2022, les correspondants locaux du Cameroun, ont pris part \u00e0 une recollection spirituelle pendant la journ\u00e9e du 21 d\u00e9cembre 2022. Au programme d\u00e9part de H10 pour Etetak, arriv\u00e9e et installation, pr\u00e9sentation du th\u00e8me, m\u00e9ditation personnelle, adoration et confession, messe, fin de la recollection et repas de famille. C\u2019\u00e9tait un moment de pri\u00e8re, de partage et de communion fraternelle entre les personnes pr\u00e9sentes et Dieu.<\/p>\n<p><img decoding=\"async\" class=\"size-full wp-image-3470 aligncenter\" src=\"https:\/\/piaristesafriquecentrale.org\/wp-content\/uploads\/2022\/12\/20221221_113019-scaled.jpg\" alt=\"\" width=\"2560\" height=\"1920\" \/><\/p>\n<p><img decoding=\"async\" class=\"size-full wp-image-3471 aligncenter\" src=\"https:\/\/piaristesafriquecentrale.org\/wp-content\/uploads\/2022\/12\/20221221_113313-scaled.jpg\" alt=\"\" width=\"2560\" height=\"1920\" \/><\/p>\n<p><img decoding=\"async\" class=\"size-full wp-image-3472 aligncenter\" src=\"https:\/\/piaristesafriquecentrale.org\/wp-content\/uploads\/2022\/12\/20221221_113324-scaled.jpg\" alt=\"\" width=\"2560\" height=\"1920\" \/><\/p>\n","protected":false},"excerpt":{"rendered":"<p>Pour cette fin d\u2019ann\u00e9e 2022, les correspondants locaux du Cameroun, ont pris part \u00e0 une recollection spirituelle pendant la journ\u00e9e du 21 d\u00e9cembre 2022. Au programme d\u00e9part de H10 pour [&hellip;]<\/p>\n","protected":false},"author":15,"featured_media":38196,"comment_status":"closed","ping_status":"closed","sticky":false,"template":"","format":"standard","meta":{"_et_pb_use_builder":"","_et_pb_old_content":"","_et_gb_content_width":"","footnotes":""},"categories":[53,10],"tags":[],"class_list":["post-38195","post","type-post","status-publish","format-standard","has-post-thumbnail","hentry","category-africa-central","category-camerun"],"yoast_head":"<!-- This site is optimized with the Yoast SEO plugin v27.4 - https:\/\/yoast.com\/product\/yoast-seo-wordpress\/ -->\n<title>RECOLLECTION A LA CHAPELLE SAINT BASILE D\u2019ETETAK Yaound\u00e9<\/title>\n<meta name=\"description\" content=\"Pour cette fin d\u2019ann\u00e9e 2022, les correspondants locaux du Cameroun, ont pris part \u00e0 une recollection spirituelle pendant la journ\u00e9e du 21 d\u00e9cembre 2022. Au programme d\u00e9part de H10 pour Etetak, arriv\u00e9e et installation, pr\u00e9sentation du th\u00e8me, m\u00e9ditation personnelle, adoration et confession, messe, fin de la recollection et repas de famille. C\u2019\u00e9tait un moment de\u2026\" \/>\n<meta name=\"robots\" content=\"index, follow, max-snippet:-1, max-image-preview:large, max-video-preview:-1\" \/>\n<link rel=\"canonical\" href=\"http:\/\/Pour%20cette%20fin%20d\u2019ann\u00e9e%202022,%20les%20correspondants%20locaux%20du%20Cameroun,%20ont%20pris%20part%20\u00e0%20une%20recollection%20spirituelle%20pendant%20la%20journ\u00e9e%20du%2021%20d\u00e9cembre%202022.%20Au%20programme%20d\u00e9part%20de%20H10%20pour%20Etetak,%20arriv\u00e9e%20et%20installation,%20pr\u00e9sentation%20du%20th\u00e8me,%20m\u00e9ditation%20personnelle,%20adoration%20et%20confession,%20messe,%20fin%20de%20la%20recollection%20et%20repas%20de%20famille.%20C\u2019\u00e9tait%20un%20moment%20de\u2026\" \/>\n<meta property=\"og:locale\" content=\"fr_FR\" \/>\n<meta property=\"og:type\" content=\"article\" \/>\n<meta property=\"og:title\" content=\"RECOLLECTION A LA CHAPELLE SAINT BASILE D\u2019ETETAK Yaound\u00e9\" \/>\n<meta property=\"og:description\" content=\"Pour cette fin d\u2019ann\u00e9e 2022, les correspondants locaux du Cameroun, ont pris part \u00e0 une recollection spirituelle pendant la journ\u00e9e du 21 d\u00e9cembre 2022. Au programme d\u00e9part de H10 pour Etetak, arriv\u00e9e et installation, pr\u00e9sentation du th\u00e8me, m\u00e9ditation personnelle, adoration et confession, messe, fin de la recollection et repas de famille. C\u2019\u00e9tait un moment de\u2026\" \/>\n<meta property=\"og:url\" content=\"https:\/\/www.itakaescolapios.org\/fr\/2022\/12\/recoleccion-en-la-capilla-san-michel-detetak-yaounde\/\" \/>\n<meta property=\"og:site_name\" content=\"Itaka-Escolapios\" \/>\n<meta property=\"article:published_time\" content=\"2022-12-22T14:19:43+00:00\" \/>\n<meta property=\"article:modified_time\" content=\"2023-11-28T11:35:38+00:00\" \/>\n<meta property=\"og:image\" content=\"https:\/\/www.itakaescolapios.org\/wp-content\/uploads\/2022\/12\/20221221_121601-scaled.jpg\" \/>\n\t<meta property=\"og:image:width\" content=\"2000\" \/>\n\t<meta property=\"og:image:height\" content=\"1500\" \/>\n\t<meta property=\"og:image:type\" content=\"image\/jpeg\" \/>\n<meta name=\"author\" content=\"cameroun01\" \/>\n<meta name=\"twitter:card\" content=\"summary_large_image\" \/>\n<meta name=\"twitter:label1\" content=\"\u00c9crit par\" \/>\n\t<meta name=\"twitter:data1\" content=\"cameroun01\" \/>\n<script type=\"application\/ld+json\" class=\"yoast-schema-graph\">{\"@context\":\"https:\\\/\\\/schema.org\",\"@graph\":[{\"@type\":\"Article\",\"@id\":\"https:\\\/\\\/www.itakaescolapios.org\\\/fr\\\/2022\\\/12\\\/recoleccion-en-la-capilla-san-michel-detetak-yaounde\\\/#article\",\"isPartOf\":{\"@id\":\"https:\\\/\\\/www.itakaescolapios.org\\\/fr\\\/2022\\\/12\\\/recoleccion-en-la-capilla-san-michel-detetak-yaounde\\\/\"},\"author\":{\"name\":\"cameroun01\",\"@id\":\"https:\\\/\\\/www.itakaescolapios.org\\\/es\\\/#\\\/schema\\\/person\\\/d2844383e29bfdfef69039672ce14eb1\"},\"headline\":\"RECOLLECTION A LA CHAPELLE SAINT BASILE D\u2019ETETAK Yaound\u00e9\",\"datePublished\":\"2022-12-22T14:19:43+00:00\",\"dateModified\":\"2023-11-28T11:35:38+00:00\",\"mainEntityOfPage\":{\"@id\":\"https:\\\/\\\/www.itakaescolapios.org\\\/fr\\\/2022\\\/12\\\/recoleccion-en-la-capilla-san-michel-detetak-yaounde\\\/\"},\"wordCount\":84,\"publisher\":{\"@id\":\"https:\\\/\\\/www.itakaescolapios.org\\\/es\\\/#organization\"},\"image\":{\"@id\":\"https:\\\/\\\/www.itakaescolapios.org\\\/fr\\\/2022\\\/12\\\/recoleccion-en-la-capilla-san-michel-detetak-yaounde\\\/#primaryimage\"},\"thumbnailUrl\":\"https:\\\/\\\/www.itakaescolapios.org\\\/wp-content\\\/uploads\\\/2022\\\/12\\\/20221221_121601-scaled.jpg\",\"articleSection\":[\"Afrique centrale\",\"Cameroun\"],\"inLanguage\":\"fr-FR\"},{\"@type\":\"WebPage\",\"@id\":\"https:\\\/\\\/www.itakaescolapios.org\\\/fr\\\/2022\\\/12\\\/recoleccion-en-la-capilla-san-michel-detetak-yaounde\\\/\",\"url\":\"https:\\\/\\\/www.itakaescolapios.org\\\/fr\\\/2022\\\/12\\\/recoleccion-en-la-capilla-san-michel-detetak-yaounde\\\/\",\"name\":\"RECOLECCI\u00d3N EN LA CAPILLA SAN BASILE D'ETETAK Yaound\u00e9 - Itaka-Escolapios\",\"isPartOf\":{\"@id\":\"https:\\\/\\\/www.itakaescolapios.org\\\/es\\\/#website\"},\"primaryImageOfPage\":{\"@id\":\"https:\\\/\\\/www.itakaescolapios.org\\\/fr\\\/2022\\\/12\\\/recoleccion-en-la-capilla-san-michel-detetak-yaounde\\\/#primaryimage\"},\"image\":{\"@id\":\"https:\\\/\\\/www.itakaescolapios.org\\\/fr\\\/2022\\\/12\\\/recoleccion-en-la-capilla-san-michel-detetak-yaounde\\\/#primaryimage\"},\"thumbnailUrl\":\"https:\\\/\\\/www.itakaescolapios.org\\\/wp-content\\\/uploads\\\/2022\\\/12\\\/20221221_121601-scaled.jpg\",\"datePublished\":\"2022-12-22T14:19:43+00:00\",\"dateModified\":\"2023-11-28T11:35:38+00:00\",\"breadcrumb\":{\"@id\":\"https:\\\/\\\/www.itakaescolapios.org\\\/fr\\\/2022\\\/12\\\/recoleccion-en-la-capilla-san-michel-detetak-yaounde\\\/#breadcrumb\"},\"inLanguage\":\"fr-FR\",\"potentialAction\":[{\"@type\":\"ReadAction\",\"target\":[\"https:\\\/\\\/www.itakaescolapios.org\\\/fr\\\/2022\\\/12\\\/recoleccion-en-la-capilla-san-michel-detetak-yaounde\\\/\"]}]},{\"@type\":\"ImageObject\",\"inLanguage\":\"fr-FR\",\"@id\":\"https:\\\/\\\/www.itakaescolapios.org\\\/fr\\\/2022\\\/12\\\/recoleccion-en-la-capilla-san-michel-detetak-yaounde\\\/#primaryimage\",\"url\":\"https:\\\/\\\/www.itakaescolapios.org\\\/wp-content\\\/uploads\\\/2022\\\/12\\\/20221221_121601-scaled.jpg\",\"contentUrl\":\"https:\\\/\\\/www.itakaescolapios.org\\\/wp-content\\\/uploads\\\/2022\\\/12\\\/20221221_121601-scaled.jpg\",\"width\":2000,\"height\":1500},{\"@type\":\"BreadcrumbList\",\"@id\":\"https:\\\/\\\/www.itakaescolapios.org\\\/fr\\\/2022\\\/12\\\/recoleccion-en-la-capilla-san-michel-detetak-yaounde\\\/#breadcrumb\",\"itemListElement\":[{\"@type\":\"ListItem\",\"position\":1,\"name\":\"Itaka-Escolapios\",\"item\":\"https:\\\/\\\/www.itakaescolapios.org\\\/es\\\/\"},{\"@type\":\"ListItem\",\"position\":2,\"name\":\"RECOLLECTION A LA CHAPELLE SAINT BASILE D\u2019ETETAK Yaound\u00e9\"}]},{\"@type\":\"WebSite\",\"@id\":\"https:\\\/\\\/www.itakaescolapios.org\\\/fr\\\/es\\\/#website\",\"url\":\"https:\\\/\\\/www.itakaescolapios.org\\\/fr\\\/es\\\/\",\"name\":\"Itaka-Escolapios\",\"description\":\"Red de Itaka-Escolapios\",\"publisher\":{\"@id\":\"https:\\\/\\\/www.itakaescolapios.org\\\/fr\\\/es\\\/#organization\"},\"potentialAction\":[{\"@type\":\"SearchAction\",\"target\":{\"@type\":\"EntryPoint\",\"urlTemplate\":\"https:\\\/\\\/www.itakaescolapios.org\\\/fr\\\/es\\\/?s={search_term_string}\"},\"query-input\":{\"@type\":\"PropertyValueSpecification\",\"valueRequired\":true,\"valueName\":\"search_term_string\"}}],\"inLanguage\":\"fr-FR\"},{\"@type\":\"Organization\",\"@id\":\"https:\\\/\\\/www.itakaescolapios.org\\\/fr\\\/es\\\/#organization\",\"name\":\"Fundaci\u00f3 Itaka-Escolapios\",\"url\":\"https:\\\/\\\/www.itakaescolapios.org\\\/fr\\\/es\\\/\",\"logo\":{\"@type\":\"ImageObject\",\"inLanguage\":\"fr-FR\",\"@id\":\"https:\\\/\\\/www.itakaescolapios.org\\\/fr\\\/es\\\/#\\\/schema\\\/logo\\\/image\\\/\",\"url\":\"https:\\\/\\\/www.itakaescolapios.org\\\/wp-content\\\/uploads\\\/2024\\\/04\\\/Logo-itakaescolapios-peque.png\",\"contentUrl\":\"https:\\\/\\\/www.itakaescolapios.org\\\/wp-content\\\/uploads\\\/2024\\\/04\\\/Logo-itakaescolapios-peque.png\",\"width\":500,\"height\":199,\"caption\":\"Fundaci\u00f3 Itaka-Escolapios\"},\"image\":{\"@id\":\"https:\\\/\\\/www.itakaescolapios.org\\\/fr\\\/es\\\/#\\\/schema\\\/logo\\\/image\\\/\"}},{\"@type\":\"Person\",\"@id\":\"https:\\\/\\\/www.itakaescolapios.org\\\/es\\\/#\\\/schema\\\/person\\\/d2844383e29bfdfef69039672ce14eb1\",\"name\":\"cameroun01\",\"url\":\"https:\\\/\\\/www.itakaescolapios.org\\\/fr\\\/author\\\/cameroun01\\\/\"}]}<\/script>\n<!-- \/ Yoast SEO plugin. -->","yoast_head_json":{"title":"RECOLLECTION A LA CHAPELLE SAINT BASILE D\u2019ETETAK Yaound\u00e9","description":"Pour cette fin d\u2019ann\u00e9e 2022, les correspondants locaux du Cameroun, ont pris part \u00e0 une recollection spirituelle pendant la journ\u00e9e du 21 d\u00e9cembre 2022. Au programme d\u00e9part de H10 pour Etetak, arriv\u00e9e et installation, pr\u00e9sentation du th\u00e8me, m\u00e9ditation personnelle, adoration et confession, messe, fin de la recollection et repas de famille. C\u2019\u00e9tait un moment de\u2026","robots":{"index":"index","follow":"follow","max-snippet":"max-snippet:-1","max-image-preview":"max-image-preview:large","max-video-preview":"max-video-preview:-1"},"canonical":"Pour cette fin d\u2019ann\u00e9e 2022, les correspondants locaux du Cameroun, ont pris part \u00e0 une recollection spirituelle pendant la journ\u00e9e du 21 d\u00e9cembre 2022. Au programme d\u00e9part de H10 pour Etetak, arriv\u00e9e et installation, pr\u00e9sentation du th\u00e8me, m\u00e9ditation personnelle, adoration et confession, messe, fin de la recollection et repas de famille. C\u2019\u00e9tait un moment de\u2026","og_locale":"fr_FR","og_type":"article","og_title":"RECOLLECTION A LA CHAPELLE SAINT BASILE D\u2019ETETAK Yaound\u00e9","og_description":"Pour cette fin d\u2019ann\u00e9e 2022, les correspondants locaux du Cameroun, ont pris part \u00e0 une recollection spirituelle pendant la journ\u00e9e du 21 d\u00e9cembre 2022. Au programme d\u00e9part de H10 pour Etetak, arriv\u00e9e et installation, pr\u00e9sentation du th\u00e8me, m\u00e9ditation personnelle, adoration et confession, messe, fin de la recollection et repas de famille. C\u2019\u00e9tait un moment de\u2026","og_url":"https:\/\/www.itakaescolapios.org\/fr\/2022\/12\/recoleccion-en-la-capilla-san-michel-detetak-yaounde\/","og_site_name":"Itaka-Escolapios","article_published_time":"2022-12-22T14:19:43+00:00","article_modified_time":"2023-11-28T11:35:38+00:00","og_image":[{"width":2000,"height":1500,"url":"https:\/\/www.itakaescolapios.org\/wp-content\/uploads\/2022\/12\/20221221_121601-scaled.jpg","type":"image\/jpeg"}],"author":"cameroun01","twitter_card":"summary_large_image","twitter_misc":{"\u00c9crit par":"cameroun01"},"schema":{"@context":"https:\/\/schema.org","@graph":[{"@type":"Article","@id":"https:\/\/www.itakaescolapios.org\/fr\/2022\/12\/recoleccion-en-la-capilla-san-michel-detetak-yaounde\/#article","isPartOf":{"@id":"https:\/\/www.itakaescolapios.org\/fr\/2022\/12\/recoleccion-en-la-capilla-san-michel-detetak-yaounde\/"},"author":{"name":"cameroun01","@id":"https:\/\/www.itakaescolapios.org\/es\/#\/schema\/person\/d2844383e29bfdfef69039672ce14eb1"},"headline":"RECOLLECTION A LA CHAPELLE SAINT BASILE D\u2019ETETAK Yaound\u00e9","datePublished":"2022-12-22T14:19:43+00:00","dateModified":"2023-11-28T11:35:38+00:00","mainEntityOfPage":{"@id":"https:\/\/www.itakaescolapios.org\/fr\/2022\/12\/recoleccion-en-la-capilla-san-michel-detetak-yaounde\/"},"wordCount":84,"publisher":{"@id":"https:\/\/www.itakaescolapios.org\/es\/#organization"},"image":{"@id":"https:\/\/www.itakaescolapios.org\/fr\/2022\/12\/recoleccion-en-la-capilla-san-michel-detetak-yaounde\/#primaryimage"},"thumbnailUrl":"https:\/\/www.itakaescolapios.org\/wp-content\/uploads\/2022\/12\/20221221_121601-scaled.jpg","articleSection":["Afrique centrale","Cameroun"],"inLanguage":"fr-FR"},{"@type":"WebPage","@id":"https:\/\/www.itakaescolapios.org\/fr\/2022\/12\/recoleccion-en-la-capilla-san-michel-detetak-yaounde\/","url":"https:\/\/www.itakaescolapios.org\/fr\/2022\/12\/recoleccion-en-la-capilla-san-michel-detetak-yaounde\/","name":"RECOLECCI\u00d3N EN LA CAPILLA SAN BASILE D'ETETAK Yaound\u00e9 - Itaka-Escolapios","isPartOf":{"@id":"https:\/\/www.itakaescolapios.org\/es\/#website"},"primaryImageOfPage":{"@id":"https:\/\/www.itakaescolapios.org\/fr\/2022\/12\/recoleccion-en-la-capilla-san-michel-detetak-yaounde\/#primaryimage"},"image":{"@id":"https:\/\/www.itakaescolapios.org\/fr\/2022\/12\/recoleccion-en-la-capilla-san-michel-detetak-yaounde\/#primaryimage"},"thumbnailUrl":"https:\/\/www.itakaescolapios.org\/wp-content\/uploads\/2022\/12\/20221221_121601-scaled.jpg","datePublished":"2022-12-22T14:19:43+00:00","dateModified":"2023-11-28T11:35:38+00:00","breadcrumb":{"@id":"https:\/\/www.itakaescolapios.org\/fr\/2022\/12\/recoleccion-en-la-capilla-san-michel-detetak-yaounde\/#breadcrumb"},"inLanguage":"fr-FR","potentialAction":[{"@type":"ReadAction","target":["https:\/\/www.itakaescolapios.org\/fr\/2022\/12\/recoleccion-en-la-capilla-san-michel-detetak-yaounde\/"]}]},{"@type":"ImageObject","inLanguage":"fr-FR","@id":"https:\/\/www.itakaescolapios.org\/fr\/2022\/12\/recoleccion-en-la-capilla-san-michel-detetak-yaounde\/#primaryimage","url":"https:\/\/www.itakaescolapios.org\/wp-content\/uploads\/2022\/12\/20221221_121601-scaled.jpg","contentUrl":"https:\/\/www.itakaescolapios.org\/wp-content\/uploads\/2022\/12\/20221221_121601-scaled.jpg","width":2000,"height":1500},{"@type":"BreadcrumbList","@id":"https:\/\/www.itakaescolapios.org\/fr\/2022\/12\/recoleccion-en-la-capilla-san-michel-detetak-yaounde\/#breadcrumb","itemListElement":[{"@type":"ListItem","position":1,"name":"Itaka-Escolapios","item":"https:\/\/www.itakaescolapios.org\/es\/"},{"@type":"ListItem","position":2,"name":"RECOLLECTION A LA CHAPELLE SAINT BASILE D\u2019ETETAK Yaound\u00e9"}]},{"@type":"WebSite","@id":"https:\/\/www.itakaescolapios.org\/fr\/es\/#website","url":"https:\/\/www.itakaescolapios.org\/fr\/es\/","name":"Itaka-Escolapios","description":"Red de Itaka-Escolapios","publisher":{"@id":"https:\/\/www.itakaescolapios.org\/fr\/es\/#organization"},"potentialAction":[{"@type":"SearchAction","target":{"@type":"EntryPoint","urlTemplate":"https:\/\/www.itakaescolapios.org\/fr\/es\/?s={search_term_string}"},"query-input":{"@type":"PropertyValueSpecification","valueRequired":true,"valueName":"search_term_string"}}],"inLanguage":"fr-FR"},{"@type":"Organization","@id":"https:\/\/www.itakaescolapios.org\/fr\/es\/#organization","name":"Fundaci\u00f3 Itaka-Escolapios","url":"https:\/\/www.itakaescolapios.org\/fr\/es\/","logo":{"@type":"ImageObject","inLanguage":"fr-FR","@id":"https:\/\/www.itakaescolapios.org\/fr\/es\/#\/schema\/logo\/image\/","url":"https:\/\/www.itakaescolapios.org\/wp-content\/uploads\/2024\/04\/Logo-itakaescolapios-peque.png","contentUrl":"https:\/\/www.itakaescolapios.org\/wp-content\/uploads\/2024\/04\/Logo-itakaescolapios-peque.png","width":500,"height":199,"caption":"Fundaci\u00f3 Itaka-Escolapios"},"image":{"@id":"https:\/\/www.itakaescolapios.org\/fr\/es\/#\/schema\/logo\/image\/"}},{"@type":"Person","@id":"https:\/\/www.itakaescolapios.org\/es\/#\/schema\/person\/d2844383e29bfdfef69039672ce14eb1","name":"cameroun01","url":"https:\/\/www.itakaescolapios.org\/fr\/author\/cameroun01\/"}]}},"_links":{"self":[{"href":"https:\/\/www.itakaescolapios.org\/fr\/wp-json\/wp\/v2\/posts\/38195","targetHints":{"allow":["GET"]}}],"collection":[{"href":"https:\/\/www.itakaescolapios.org\/fr\/wp-json\/wp\/v2\/posts"}],"about":[{"href":"https:\/\/www.itakaescolapios.org\/fr\/wp-json\/wp\/v2\/types\/post"}],"author":[{"embeddable":true,"href":"https:\/\/www.itakaescolapios.org\/fr\/wp-json\/wp\/v2\/users\/15"}],"replies":[{"embeddable":true,"href":"https:\/\/www.itakaescolapios.org\/fr\/wp-json\/wp\/v2\/comments?post=38195"}],"version-history":[{"count":4,"href":"https:\/\/www.itakaescolapios.org\/fr\/wp-json\/wp\/v2\/posts\/38195\/revisions"}],"predecessor-version":[{"id":43740,"href":"https:\/\/www.itakaescolapios.org\/fr\/wp-json\/wp\/v2\/posts\/38195\/revisions\/43740"}],"wp:featuredmedia":[{"embeddable":true,"href":"https:\/\/www.itakaescolapios.org\/fr\/wp-json\/wp\/v2\/media\/38196"}],"wp:attachment":[{"href":"https:\/\/www.itakaescolapios.org\/fr\/wp-json\/wp\/v2\/media?parent=38195"}],"wp:term":[{"taxonomy":"category","embeddable":true,"href":"https:\/\/www.itakaescolapios.org\/fr\/wp-json\/wp\/v2\/categories?post=38195"},{"taxonomy":"post_tag","embeddable":true,"href":"https:\/\/www.itakaescolapios.org\/fr\/wp-json\/wp\/v2\/tags?post=38195"}],"curies":[{"name":"wp","href":"https:\/\/api.w.org\/{rel}","templated":true}]}}