{"id":38276,"date":"2023-01-04T14:09:51","date_gmt":"2023-01-04T13:09:51","guid":{"rendered":"https:\/\/www.itakaescolapios.org\/?p=38276"},"modified":"2023-11-28T12:35:38","modified_gmt":"2023-11-28T11:35:38","slug":"francais-celebration-de-la-noel-en-famille-avec-les-enfants-de-la-paroisse-du-bapteme-de-jesus-et-saint-ambroise-de-la-cite-verte-yaounde","status":"publish","type":"post","link":"https:\/\/www.itakaescolapios.org\/fr\/2023\/01\/francais-celebration-de-la-noel-en-famille-avec-les-enfants-de-la-paroisse-du-bapteme-de-jesus-et-saint-ambroise-de-la-cite-verte-yaounde\/","title":{"rendered":"C\u00e9l\u00e9bration de la No\u00ebl en famille Avec les enfants de la Paroisse du Bapt\u00eame de J\u00e9sus et saint Ambroise de la cit\u00e9 verte\u00a0 Yaound\u00e9"},"content":{"rendered":"<p>Aujourd&rsquo;hui samedi 24 d\u00e9cembre 2022 s&rsquo;est tenue \u00e0 la Paroisse du Bapt\u00eame de J\u00e9sus et saint Ambroise de la cit\u00e9 verte\u00a0 Yaound\u00e9 ( Cameroun ) la c\u00e9l\u00e9bration de la no\u00ebl en famille avec les enfants . Au programme jeux, danse, pri\u00e8re, chants, arriv\u00e9e du p\u00e8re no\u00ebl, la distribution des cadeaux puis la photo de famille. La journ\u00e9e \u00e9tait mouvement\u00e9e et pleine d&rsquo;\u00e9motions que nous avons ensemble partag\u00e9. Ce fut une tr\u00e8s belle exp\u00e9rience. Les enfants \u00e9taient joyeux et avec nous, ils ont partag\u00e9 la joie de la venu au monde de l&rsquo;enfant J\u00e9sus, \u00e0 la mani\u00e8re Piariste.<\/p>\n<p><img decoding=\"async\" class=\"size-full wp-image-3515 aligncenter\" src=\"https:\/\/piaristesafriquecentrale.org\/wp-content\/uploads\/2022\/12\/IMG-20221224-WA0056.jpg\" alt=\"\" width=\"1080\" height=\"810\" \/><\/p>\n<p><img decoding=\"async\" class=\"size-full wp-image-3513 aligncenter\" src=\"https:\/\/piaristesafriquecentrale.org\/wp-content\/uploads\/2022\/12\/IMG-20221224-WA0061.jpg\" alt=\"\" width=\"1080\" height=\"810\" \/><\/p>\n","protected":false},"excerpt":{"rendered":"<p>Aujourd&rsquo;hui samedi 24 d\u00e9cembre 2022 s&rsquo;est tenue \u00e0 la Paroisse du Bapt\u00eame de J\u00e9sus et saint Ambroise de la cit\u00e9 verte\u00a0 Yaound\u00e9 ( Cameroun ) la c\u00e9l\u00e9bration de la no\u00ebl [&hellip;]<\/p>\n","protected":false},"author":15,"featured_media":38277,"comment_status":"closed","ping_status":"closed","sticky":false,"template":"","format":"standard","meta":{"_et_pb_use_builder":"","_et_pb_old_content":"","_et_gb_content_width":"","footnotes":""},"categories":[53,10],"tags":[],"class_list":["post-38276","post","type-post","status-publish","format-standard","has-post-thumbnail","hentry","category-africa-central","category-camerun"],"yoast_head":"<!-- This site is optimized with the Yoast SEO plugin v27.4 - https:\/\/yoast.com\/product\/yoast-seo-wordpress\/ -->\n<title>C\u00e9l\u00e9bration de la No\u00ebl en famille Avec les enfants de la Paroisse du Bapt\u00eame de J\u00e9sus et saint Ambroise de la cit\u00e9 verte\u00a0 Yaound\u00e9<\/title>\n<meta name=\"description\" content=\"Aujourd&#039;hui samedi 24 d\u00e9cembre 2022 s&#039;est tenue \u00e0 la Paroisse du Bapt\u00eame de J\u00e9sus et saint Ambroise de la cit\u00e9 verte\u00a0 Yaound\u00e9 ( Cameroun ) la c\u00e9l\u00e9bration de la no\u00ebl en famille avec les enfants . Au programme jeux, danse, pri\u00e8re, chants, arriv\u00e9e du p\u00e8re no\u00ebl, la distribution des cadeaux puis la photo de famille.\u2026\" \/>\n<meta name=\"robots\" content=\"index, follow, max-snippet:-1, max-image-preview:large, max-video-preview:-1\" \/>\n<link rel=\"canonical\" href=\"http:\/\/Aujourd'hui%20samedi%2024%20d\u00e9cembre%202022%20s'est%20tenue%20\u00e0%20la%20Paroisse%20du%20Bapt\u00eame%20de%20J\u00e9sus%20et%20saint%20Ambroise%20de%20la%20cit\u00e9%20verte\u00a0%20Yaound\u00e9%20(%20Cameroun%20)%20la%20c\u00e9l\u00e9bration%20de%20la%20no\u00ebl%20en%20famille%20avec%20les%20enfants%20.%20Au%20programme%20jeux,%20danse,%20pri\u00e8re,%20chants,%20arriv\u00e9e%20du%20p\u00e8re%20no\u00ebl,%20la%20distribution%20des%20cadeaux%20puis%20la%20photo%20de%20famille.\u2026\" \/>\n<meta property=\"og:locale\" content=\"fr_FR\" \/>\n<meta property=\"og:type\" content=\"article\" \/>\n<meta property=\"og:title\" content=\"C\u00e9l\u00e9bration de la No\u00ebl en famille Avec les enfants de la Paroisse du Bapt\u00eame de J\u00e9sus et saint Ambroise de la cit\u00e9 verte\u00a0 Yaound\u00e9\" \/>\n<meta property=\"og:description\" content=\"Aujourd&#039;hui samedi 24 d\u00e9cembre 2022 s&#039;est tenue \u00e0 la Paroisse du Bapt\u00eame de J\u00e9sus et saint Ambroise de la cit\u00e9 verte\u00a0 Yaound\u00e9 ( Cameroun ) la c\u00e9l\u00e9bration de la no\u00ebl en famille avec les enfants . Au programme jeux, danse, pri\u00e8re, chants, arriv\u00e9e du p\u00e8re no\u00ebl, la distribution des cadeaux puis la photo de famille.\u2026\" \/>\n<meta property=\"og:url\" content=\"https:\/\/www.itakaescolapios.org\/fr\/2023\/01\/francais-celebration-de-la-noel-en-famille-avec-les-enfants-de-la-paroisse-du-bapteme-de-jesus-et-saint-ambroise-de-la-cite-verte-yaounde\/\" \/>\n<meta property=\"og:site_name\" content=\"Itaka-Escolapios\" \/>\n<meta property=\"article:published_time\" content=\"2023-01-04T13:09:51+00:00\" \/>\n<meta property=\"article:modified_time\" content=\"2023-11-28T11:35:38+00:00\" \/>\n<meta property=\"og:image\" content=\"https:\/\/www.itakaescolapios.org\/wp-content\/uploads\/2023\/01\/IMG-20221224-WA0061.jpg\" \/>\n\t<meta property=\"og:image:width\" content=\"1080\" \/>\n\t<meta property=\"og:image:height\" content=\"810\" \/>\n\t<meta property=\"og:image:type\" content=\"image\/jpeg\" \/>\n<meta name=\"author\" content=\"cameroun01\" \/>\n<meta name=\"twitter:card\" content=\"summary_large_image\" \/>\n<meta name=\"twitter:label1\" content=\"\u00c9crit par\" \/>\n\t<meta name=\"twitter:data1\" content=\"cameroun01\" \/>\n\t<meta name=\"twitter:label2\" content=\"Dur\u00e9e de lecture estim\u00e9e\" \/>\n\t<meta name=\"twitter:data2\" content=\"1 minute\" \/>\n<script type=\"application\/ld+json\" class=\"yoast-schema-graph\">{\"@context\":\"https:\\\/\\\/schema.org\",\"@graph\":[{\"@type\":\"Article\",\"@id\":\"https:\\\/\\\/www.itakaescolapios.org\\\/fr\\\/2023\\\/01\\\/francais-celebration-de-la-noel-en-famille-avec-les-enfants-de-la-paroisse-du-bapteme-de-jesus-et-saint-ambroise-de-la-cite-verte-yaounde\\\/#article\",\"isPartOf\":{\"@id\":\"https:\\\/\\\/www.itakaescolapios.org\\\/fr\\\/2023\\\/01\\\/francais-celebration-de-la-noel-en-famille-avec-les-enfants-de-la-paroisse-du-bapteme-de-jesus-et-saint-ambroise-de-la-cite-verte-yaounde\\\/\"},\"author\":{\"name\":\"cameroun01\",\"@id\":\"https:\\\/\\\/www.itakaescolapios.org\\\/es\\\/#\\\/schema\\\/person\\\/d2844383e29bfdfef69039672ce14eb1\"},\"headline\":\"C\u00e9l\u00e9bration de la No\u00ebl en famille Avec les enfants de la Paroisse du Bapt\u00eame de J\u00e9sus et saint Ambroise de la cit\u00e9 verte\u00a0 Yaound\u00e9\",\"datePublished\":\"2023-01-04T13:09:51+00:00\",\"dateModified\":\"2023-11-28T11:35:38+00:00\",\"mainEntityOfPage\":{\"@id\":\"https:\\\/\\\/www.itakaescolapios.org\\\/fr\\\/2023\\\/01\\\/francais-celebration-de-la-noel-en-famille-avec-les-enfants-de-la-paroisse-du-bapteme-de-jesus-et-saint-ambroise-de-la-cite-verte-yaounde\\\/\"},\"wordCount\":111,\"publisher\":{\"@id\":\"https:\\\/\\\/www.itakaescolapios.org\\\/es\\\/#organization\"},\"image\":{\"@id\":\"https:\\\/\\\/www.itakaescolapios.org\\\/fr\\\/2023\\\/01\\\/francais-celebration-de-la-noel-en-famille-avec-les-enfants-de-la-paroisse-du-bapteme-de-jesus-et-saint-ambroise-de-la-cite-verte-yaounde\\\/#primaryimage\"},\"thumbnailUrl\":\"https:\\\/\\\/www.itakaescolapios.org\\\/wp-content\\\/uploads\\\/2023\\\/01\\\/IMG-20221224-WA0061.jpg\",\"articleSection\":[\"Afrique centrale\",\"Cameroun\"],\"inLanguage\":\"fr-FR\"},{\"@type\":\"WebPage\",\"@id\":\"https:\\\/\\\/www.itakaescolapios.org\\\/fr\\\/2023\\\/01\\\/francais-celebration-de-la-noel-en-famille-avec-les-enfants-de-la-paroisse-du-bapteme-de-jesus-et-saint-ambroise-de-la-cite-verte-yaounde\\\/\",\"url\":\"https:\\\/\\\/www.itakaescolapios.org\\\/fr\\\/2023\\\/01\\\/francais-celebration-de-la-noel-en-famille-avec-les-enfants-de-la-paroisse-du-bapteme-de-jesus-et-saint-ambroise-de-la-cite-verte-yaounde\\\/\",\"name\":\"- Itaka-Escolapios\",\"isPartOf\":{\"@id\":\"https:\\\/\\\/www.itakaescolapios.org\\\/es\\\/#website\"},\"primaryImageOfPage\":{\"@id\":\"https:\\\/\\\/www.itakaescolapios.org\\\/fr\\\/2023\\\/01\\\/francais-celebration-de-la-noel-en-famille-avec-les-enfants-de-la-paroisse-du-bapteme-de-jesus-et-saint-ambroise-de-la-cite-verte-yaounde\\\/#primaryimage\"},\"image\":{\"@id\":\"https:\\\/\\\/www.itakaescolapios.org\\\/fr\\\/2023\\\/01\\\/francais-celebration-de-la-noel-en-famille-avec-les-enfants-de-la-paroisse-du-bapteme-de-jesus-et-saint-ambroise-de-la-cite-verte-yaounde\\\/#primaryimage\"},\"thumbnailUrl\":\"https:\\\/\\\/www.itakaescolapios.org\\\/wp-content\\\/uploads\\\/2023\\\/01\\\/IMG-20221224-WA0061.jpg\",\"datePublished\":\"2023-01-04T13:09:51+00:00\",\"dateModified\":\"2023-11-28T11:35:38+00:00\",\"breadcrumb\":{\"@id\":\"https:\\\/\\\/www.itakaescolapios.org\\\/fr\\\/2023\\\/01\\\/francais-celebration-de-la-noel-en-famille-avec-les-enfants-de-la-paroisse-du-bapteme-de-jesus-et-saint-ambroise-de-la-cite-verte-yaounde\\\/#breadcrumb\"},\"inLanguage\":\"fr-FR\",\"potentialAction\":[{\"@type\":\"ReadAction\",\"target\":[\"https:\\\/\\\/www.itakaescolapios.org\\\/fr\\\/2023\\\/01\\\/francais-celebration-de-la-noel-en-famille-avec-les-enfants-de-la-paroisse-du-bapteme-de-jesus-et-saint-ambroise-de-la-cite-verte-yaounde\\\/\"]}]},{\"@type\":\"ImageObject\",\"inLanguage\":\"fr-FR\",\"@id\":\"https:\\\/\\\/www.itakaescolapios.org\\\/fr\\\/2023\\\/01\\\/francais-celebration-de-la-noel-en-famille-avec-les-enfants-de-la-paroisse-du-bapteme-de-jesus-et-saint-ambroise-de-la-cite-verte-yaounde\\\/#primaryimage\",\"url\":\"https:\\\/\\\/www.itakaescolapios.org\\\/wp-content\\\/uploads\\\/2023\\\/01\\\/IMG-20221224-WA0061.jpg\",\"contentUrl\":\"https:\\\/\\\/www.itakaescolapios.org\\\/wp-content\\\/uploads\\\/2023\\\/01\\\/IMG-20221224-WA0061.jpg\",\"width\":1080,\"height\":810},{\"@type\":\"BreadcrumbList\",\"@id\":\"https:\\\/\\\/www.itakaescolapios.org\\\/fr\\\/2023\\\/01\\\/francais-celebration-de-la-noel-en-famille-avec-les-enfants-de-la-paroisse-du-bapteme-de-jesus-et-saint-ambroise-de-la-cite-verte-yaounde\\\/#breadcrumb\",\"itemListElement\":[{\"@type\":\"ListItem\",\"position\":1,\"name\":\"Itaka-Escolapios\",\"item\":\"https:\\\/\\\/www.itakaescolapios.org\\\/es\\\/\"},{\"@type\":\"ListItem\",\"position\":2,\"name\":\"C\u00e9l\u00e9bration de la No\u00ebl en famille Avec les enfants de la Paroisse du Bapt\u00eame de J\u00e9sus et saint Ambroise de la cit\u00e9 verte\u00a0 Yaound\u00e9\"}]},{\"@type\":\"WebSite\",\"@id\":\"https:\\\/\\\/www.itakaescolapios.org\\\/fr\\\/es\\\/#website\",\"url\":\"https:\\\/\\\/www.itakaescolapios.org\\\/fr\\\/es\\\/\",\"name\":\"Itaka-Escolapios\",\"description\":\"Red de Itaka-Escolapios\",\"publisher\":{\"@id\":\"https:\\\/\\\/www.itakaescolapios.org\\\/fr\\\/es\\\/#organization\"},\"potentialAction\":[{\"@type\":\"SearchAction\",\"target\":{\"@type\":\"EntryPoint\",\"urlTemplate\":\"https:\\\/\\\/www.itakaescolapios.org\\\/fr\\\/es\\\/?s={search_term_string}\"},\"query-input\":{\"@type\":\"PropertyValueSpecification\",\"valueRequired\":true,\"valueName\":\"search_term_string\"}}],\"inLanguage\":\"fr-FR\"},{\"@type\":\"Organization\",\"@id\":\"https:\\\/\\\/www.itakaescolapios.org\\\/fr\\\/es\\\/#organization\",\"name\":\"Fundaci\u00f3 Itaka-Escolapios\",\"url\":\"https:\\\/\\\/www.itakaescolapios.org\\\/fr\\\/es\\\/\",\"logo\":{\"@type\":\"ImageObject\",\"inLanguage\":\"fr-FR\",\"@id\":\"https:\\\/\\\/www.itakaescolapios.org\\\/fr\\\/es\\\/#\\\/schema\\\/logo\\\/image\\\/\",\"url\":\"https:\\\/\\\/www.itakaescolapios.org\\\/wp-content\\\/uploads\\\/2024\\\/04\\\/Logo-itakaescolapios-peque.png\",\"contentUrl\":\"https:\\\/\\\/www.itakaescolapios.org\\\/wp-content\\\/uploads\\\/2024\\\/04\\\/Logo-itakaescolapios-peque.png\",\"width\":500,\"height\":199,\"caption\":\"Fundaci\u00f3 Itaka-Escolapios\"},\"image\":{\"@id\":\"https:\\\/\\\/www.itakaescolapios.org\\\/fr\\\/es\\\/#\\\/schema\\\/logo\\\/image\\\/\"}},{\"@type\":\"Person\",\"@id\":\"https:\\\/\\\/www.itakaescolapios.org\\\/es\\\/#\\\/schema\\\/person\\\/d2844383e29bfdfef69039672ce14eb1\",\"name\":\"cameroun01\",\"url\":\"https:\\\/\\\/www.itakaescolapios.org\\\/fr\\\/author\\\/cameroun01\\\/\"}]}<\/script>\n<!-- \/ Yoast SEO plugin. -->","yoast_head_json":{"title":"C\u00e9l\u00e9bration de la No\u00ebl en famille Avec les enfants de la Paroisse du Bapt\u00eame de J\u00e9sus et saint Ambroise de la cit\u00e9 verte\u00a0 Yaound\u00e9","description":"Aujourd'hui samedi 24 d\u00e9cembre 2022 s'est tenue \u00e0 la Paroisse du Bapt\u00eame de J\u00e9sus et saint Ambroise de la cit\u00e9 verte\u00a0 Yaound\u00e9 ( Cameroun ) la c\u00e9l\u00e9bration de la no\u00ebl en famille avec les enfants . Au programme jeux, danse, pri\u00e8re, chants, arriv\u00e9e du p\u00e8re no\u00ebl, la distribution des cadeaux puis la photo de famille.\u2026","robots":{"index":"index","follow":"follow","max-snippet":"max-snippet:-1","max-image-preview":"max-image-preview:large","max-video-preview":"max-video-preview:-1"},"canonical":"Aujourd'hui samedi 24 d\u00e9cembre 2022 s'est tenue \u00e0 la Paroisse du Bapt\u00eame de J\u00e9sus et saint Ambroise de la cit\u00e9 verte\u00a0 Yaound\u00e9 ( Cameroun ) la c\u00e9l\u00e9bration de la no\u00ebl en famille avec les enfants . Au programme jeux, danse, pri\u00e8re, chants, arriv\u00e9e du p\u00e8re no\u00ebl, la distribution des cadeaux puis la photo de famille.\u2026","og_locale":"fr_FR","og_type":"article","og_title":"C\u00e9l\u00e9bration de la No\u00ebl en famille Avec les enfants de la Paroisse du Bapt\u00eame de J\u00e9sus et saint Ambroise de la cit\u00e9 verte\u00a0 Yaound\u00e9","og_description":"Aujourd'hui samedi 24 d\u00e9cembre 2022 s'est tenue \u00e0 la Paroisse du Bapt\u00eame de J\u00e9sus et saint Ambroise de la cit\u00e9 verte\u00a0 Yaound\u00e9 ( Cameroun ) la c\u00e9l\u00e9bration de la no\u00ebl en famille avec les enfants . Au programme jeux, danse, pri\u00e8re, chants, arriv\u00e9e du p\u00e8re no\u00ebl, la distribution des cadeaux puis la photo de famille.\u2026","og_url":"https:\/\/www.itakaescolapios.org\/fr\/2023\/01\/francais-celebration-de-la-noel-en-famille-avec-les-enfants-de-la-paroisse-du-bapteme-de-jesus-et-saint-ambroise-de-la-cite-verte-yaounde\/","og_site_name":"Itaka-Escolapios","article_published_time":"2023-01-04T13:09:51+00:00","article_modified_time":"2023-11-28T11:35:38+00:00","og_image":[{"width":1080,"height":810,"url":"https:\/\/www.itakaescolapios.org\/wp-content\/uploads\/2023\/01\/IMG-20221224-WA0061.jpg","type":"image\/jpeg"}],"author":"cameroun01","twitter_card":"summary_large_image","twitter_misc":{"\u00c9crit par":"cameroun01","Dur\u00e9e de lecture estim\u00e9e":"1 minute"},"schema":{"@context":"https:\/\/schema.org","@graph":[{"@type":"Article","@id":"https:\/\/www.itakaescolapios.org\/fr\/2023\/01\/francais-celebration-de-la-noel-en-famille-avec-les-enfants-de-la-paroisse-du-bapteme-de-jesus-et-saint-ambroise-de-la-cite-verte-yaounde\/#article","isPartOf":{"@id":"https:\/\/www.itakaescolapios.org\/fr\/2023\/01\/francais-celebration-de-la-noel-en-famille-avec-les-enfants-de-la-paroisse-du-bapteme-de-jesus-et-saint-ambroise-de-la-cite-verte-yaounde\/"},"author":{"name":"cameroun01","@id":"https:\/\/www.itakaescolapios.org\/es\/#\/schema\/person\/d2844383e29bfdfef69039672ce14eb1"},"headline":"C\u00e9l\u00e9bration de la No\u00ebl en famille Avec les enfants de la Paroisse du Bapt\u00eame de J\u00e9sus et saint Ambroise de la cit\u00e9 verte\u00a0 Yaound\u00e9","datePublished":"2023-01-04T13:09:51+00:00","dateModified":"2023-11-28T11:35:38+00:00","mainEntityOfPage":{"@id":"https:\/\/www.itakaescolapios.org\/fr\/2023\/01\/francais-celebration-de-la-noel-en-famille-avec-les-enfants-de-la-paroisse-du-bapteme-de-jesus-et-saint-ambroise-de-la-cite-verte-yaounde\/"},"wordCount":111,"publisher":{"@id":"https:\/\/www.itakaescolapios.org\/es\/#organization"},"image":{"@id":"https:\/\/www.itakaescolapios.org\/fr\/2023\/01\/francais-celebration-de-la-noel-en-famille-avec-les-enfants-de-la-paroisse-du-bapteme-de-jesus-et-saint-ambroise-de-la-cite-verte-yaounde\/#primaryimage"},"thumbnailUrl":"https:\/\/www.itakaescolapios.org\/wp-content\/uploads\/2023\/01\/IMG-20221224-WA0061.jpg","articleSection":["Afrique centrale","Cameroun"],"inLanguage":"fr-FR"},{"@type":"WebPage","@id":"https:\/\/www.itakaescolapios.org\/fr\/2023\/01\/francais-celebration-de-la-noel-en-famille-avec-les-enfants-de-la-paroisse-du-bapteme-de-jesus-et-saint-ambroise-de-la-cite-verte-yaounde\/","url":"https:\/\/www.itakaescolapios.org\/fr\/2023\/01\/francais-celebration-de-la-noel-en-famille-avec-les-enfants-de-la-paroisse-du-bapteme-de-jesus-et-saint-ambroise-de-la-cite-verte-yaounde\/","name":"- Itaka-Escolapios","isPartOf":{"@id":"https:\/\/www.itakaescolapios.org\/es\/#website"},"primaryImageOfPage":{"@id":"https:\/\/www.itakaescolapios.org\/fr\/2023\/01\/francais-celebration-de-la-noel-en-famille-avec-les-enfants-de-la-paroisse-du-bapteme-de-jesus-et-saint-ambroise-de-la-cite-verte-yaounde\/#primaryimage"},"image":{"@id":"https:\/\/www.itakaescolapios.org\/fr\/2023\/01\/francais-celebration-de-la-noel-en-famille-avec-les-enfants-de-la-paroisse-du-bapteme-de-jesus-et-saint-ambroise-de-la-cite-verte-yaounde\/#primaryimage"},"thumbnailUrl":"https:\/\/www.itakaescolapios.org\/wp-content\/uploads\/2023\/01\/IMG-20221224-WA0061.jpg","datePublished":"2023-01-04T13:09:51+00:00","dateModified":"2023-11-28T11:35:38+00:00","breadcrumb":{"@id":"https:\/\/www.itakaescolapios.org\/fr\/2023\/01\/francais-celebration-de-la-noel-en-famille-avec-les-enfants-de-la-paroisse-du-bapteme-de-jesus-et-saint-ambroise-de-la-cite-verte-yaounde\/#breadcrumb"},"inLanguage":"fr-FR","potentialAction":[{"@type":"ReadAction","target":["https:\/\/www.itakaescolapios.org\/fr\/2023\/01\/francais-celebration-de-la-noel-en-famille-avec-les-enfants-de-la-paroisse-du-bapteme-de-jesus-et-saint-ambroise-de-la-cite-verte-yaounde\/"]}]},{"@type":"ImageObject","inLanguage":"fr-FR","@id":"https:\/\/www.itakaescolapios.org\/fr\/2023\/01\/francais-celebration-de-la-noel-en-famille-avec-les-enfants-de-la-paroisse-du-bapteme-de-jesus-et-saint-ambroise-de-la-cite-verte-yaounde\/#primaryimage","url":"https:\/\/www.itakaescolapios.org\/wp-content\/uploads\/2023\/01\/IMG-20221224-WA0061.jpg","contentUrl":"https:\/\/www.itakaescolapios.org\/wp-content\/uploads\/2023\/01\/IMG-20221224-WA0061.jpg","width":1080,"height":810},{"@type":"BreadcrumbList","@id":"https:\/\/www.itakaescolapios.org\/fr\/2023\/01\/francais-celebration-de-la-noel-en-famille-avec-les-enfants-de-la-paroisse-du-bapteme-de-jesus-et-saint-ambroise-de-la-cite-verte-yaounde\/#breadcrumb","itemListElement":[{"@type":"ListItem","position":1,"name":"Itaka-Escolapios","item":"https:\/\/www.itakaescolapios.org\/es\/"},{"@type":"ListItem","position":2,"name":"C\u00e9l\u00e9bration de la No\u00ebl en famille Avec les enfants de la Paroisse du Bapt\u00eame de J\u00e9sus et saint Ambroise de la cit\u00e9 verte\u00a0 Yaound\u00e9"}]},{"@type":"WebSite","@id":"https:\/\/www.itakaescolapios.org\/fr\/es\/#website","url":"https:\/\/www.itakaescolapios.org\/fr\/es\/","name":"Itaka-Escolapios","description":"Red de Itaka-Escolapios","publisher":{"@id":"https:\/\/www.itakaescolapios.org\/fr\/es\/#organization"},"potentialAction":[{"@type":"SearchAction","target":{"@type":"EntryPoint","urlTemplate":"https:\/\/www.itakaescolapios.org\/fr\/es\/?s={search_term_string}"},"query-input":{"@type":"PropertyValueSpecification","valueRequired":true,"valueName":"search_term_string"}}],"inLanguage":"fr-FR"},{"@type":"Organization","@id":"https:\/\/www.itakaescolapios.org\/fr\/es\/#organization","name":"Fundaci\u00f3 Itaka-Escolapios","url":"https:\/\/www.itakaescolapios.org\/fr\/es\/","logo":{"@type":"ImageObject","inLanguage":"fr-FR","@id":"https:\/\/www.itakaescolapios.org\/fr\/es\/#\/schema\/logo\/image\/","url":"https:\/\/www.itakaescolapios.org\/wp-content\/uploads\/2024\/04\/Logo-itakaescolapios-peque.png","contentUrl":"https:\/\/www.itakaescolapios.org\/wp-content\/uploads\/2024\/04\/Logo-itakaescolapios-peque.png","width":500,"height":199,"caption":"Fundaci\u00f3 Itaka-Escolapios"},"image":{"@id":"https:\/\/www.itakaescolapios.org\/fr\/es\/#\/schema\/logo\/image\/"}},{"@type":"Person","@id":"https:\/\/www.itakaescolapios.org\/es\/#\/schema\/person\/d2844383e29bfdfef69039672ce14eb1","name":"cameroun01","url":"https:\/\/www.itakaescolapios.org\/fr\/author\/cameroun01\/"}]}},"_links":{"self":[{"href":"https:\/\/www.itakaescolapios.org\/fr\/wp-json\/wp\/v2\/posts\/38276","targetHints":{"allow":["GET"]}}],"collection":[{"href":"https:\/\/www.itakaescolapios.org\/fr\/wp-json\/wp\/v2\/posts"}],"about":[{"href":"https:\/\/www.itakaescolapios.org\/fr\/wp-json\/wp\/v2\/types\/post"}],"author":[{"embeddable":true,"href":"https:\/\/www.itakaescolapios.org\/fr\/wp-json\/wp\/v2\/users\/15"}],"replies":[{"embeddable":true,"href":"https:\/\/www.itakaescolapios.org\/fr\/wp-json\/wp\/v2\/comments?post=38276"}],"version-history":[{"count":2,"href":"https:\/\/www.itakaescolapios.org\/fr\/wp-json\/wp\/v2\/posts\/38276\/revisions"}],"predecessor-version":[{"id":43732,"href":"https:\/\/www.itakaescolapios.org\/fr\/wp-json\/wp\/v2\/posts\/38276\/revisions\/43732"}],"wp:featuredmedia":[{"embeddable":true,"href":"https:\/\/www.itakaescolapios.org\/fr\/wp-json\/wp\/v2\/media\/38277"}],"wp:attachment":[{"href":"https:\/\/www.itakaescolapios.org\/fr\/wp-json\/wp\/v2\/media?parent=38276"}],"wp:term":[{"taxonomy":"category","embeddable":true,"href":"https:\/\/www.itakaescolapios.org\/fr\/wp-json\/wp\/v2\/categories?post=38276"},{"taxonomy":"post_tag","embeddable":true,"href":"https:\/\/www.itakaescolapios.org\/fr\/wp-json\/wp\/v2\/tags?post=38276"}],"curies":[{"name":"wp","href":"https:\/\/api.w.org\/{rel}","templated":true}]}}