{"id":38296,"date":"2023-01-09T10:54:12","date_gmt":"2023-01-09T09:54:12","guid":{"rendered":"https:\/\/www.itakaescolapios.org\/?p=38296"},"modified":"2023-11-28T12:35:38","modified_gmt":"2023-11-28T11:35:38","slug":"francais-reunion-mensuelle-des-volontaires-piaristes-de-malibe-gabon","status":"publish","type":"post","link":"https:\/\/www.itakaescolapios.org\/fr\/2023\/01\/francais-reunion-mensuelle-des-volontaires-piaristes-de-malibe-gabon\/","title":{"rendered":"REUNION MENSUELLE DES VOLONTAIRES PIARISTES DE MALIBE (Gabon)"},"content":{"rendered":"<p>Hier dimanche 8 d\u00e9cembre, s\u2019est tenu \u00e0 Malib\u00e9 (Gabon) la r\u00e9union mensuelle des volontaires piaristes. A l\u2019ordre du jour nous avons eu une pri\u00e8re d\u2019ouverture, la pri\u00e8re du volontaire Piariste, la Formation des volontaires sur la \u00a0\u00bb connaissance, philosophie profil et d\u00e9fis du volontariat piaristes\u00a0\u00bb,\u00a0 la pr\u00e9paration P\u00e2ques juv\u00e9niles les divers puis la pri\u00e8re de cl\u00f4ture. Les volontaires ont r\u00e9pondus pr\u00e9sent \u00e0 cette invitation et tout s\u2019est bien pass\u00e9. Les id\u00e9es ont \u00e9t\u00e9 partag\u00e9es en vue de bien g\u00e9rer les activit\u00e9s \u00e0 venir.<\/p>\n","protected":false},"excerpt":{"rendered":"<p>Hier dimanche 8 d\u00e9cembre, s\u2019est tenu \u00e0 Malib\u00e9 (Gabon) la r\u00e9union mensuelle des volontaires piaristes. A l\u2019ordre du jour nous avons eu une pri\u00e8re d\u2019ouverture, la pri\u00e8re du volontaire Piariste, [&hellip;]<\/p>\n","protected":false},"author":15,"featured_media":38297,"comment_status":"closed","ping_status":"closed","sticky":false,"template":"","format":"standard","meta":{"_et_pb_use_builder":"","_et_pb_old_content":"","_et_gb_content_width":"","footnotes":""},"categories":[53,285],"tags":[],"class_list":["post-38296","post","type-post","status-publish","format-standard","has-post-thumbnail","hentry","category-africa-central","category-gabon"],"yoast_head":"<!-- This site is optimized with the Yoast SEO plugin v27.4 - https:\/\/yoast.com\/product\/yoast-seo-wordpress\/ -->\n<title>REUNION MENSUELLE DES VOLONTAIRES PIARISTES DE MALIBE (Gabon)<\/title>\n<meta name=\"description\" content=\"Hier dimanche 8 d\u00e9cembre, s\u2019est tenu \u00e0 Malib\u00e9 (Gabon) la r\u00e9union mensuelle des volontaires piaristes. A l\u2019ordre du jour nous avons eu une pri\u00e8re d\u2019ouverture, la pri\u00e8re du volontaire Piariste, la Formation des volontaires sur la &#039;&#039; connaissance, philosophie profil et d\u00e9fis du volontariat piaristes&#039;&#039;,\u00a0 la pr\u00e9paration P\u00e2ques juv\u00e9niles les divers puis la pri\u00e8re de\u2026\" \/>\n<meta name=\"robots\" content=\"index, follow, max-snippet:-1, max-image-preview:large, max-video-preview:-1\" \/>\n<link rel=\"canonical\" href=\"http:\/\/Hier%20dimanche%208%20d\u00e9cembre,%20s\u2019est%20tenu%20\u00e0%20Malib\u00e9%20(Gabon)%20la%20r\u00e9union%20mensuelle%20des%20volontaires%20piaristes.%20A%20l\u2019ordre%20du%20jour%20nous%20avons%20eu%20une%20pri\u00e8re%20d\u2019ouverture,%20la%20pri\u00e8re%20du%20volontaire%20Piariste,%20la%20Formation%20des%20volontaires%20sur%20la%20''%20connaissance,%20philosophie%20profil%20et%20d\u00e9fis%20du%20volontariat%20piaristes'',\u00a0%20la%20pr\u00e9paration%20P\u00e2ques%20juv\u00e9niles%20les%20divers%20puis%20la%20pri\u00e8re%20de\u2026\" \/>\n<meta property=\"og:locale\" content=\"fr_FR\" \/>\n<meta property=\"og:type\" content=\"article\" \/>\n<meta property=\"og:title\" content=\"REUNION MENSUELLE DES VOLONTAIRES PIARISTES DE MALIBE (Gabon)\" \/>\n<meta property=\"og:description\" content=\"Hier dimanche 8 d\u00e9cembre, s\u2019est tenu \u00e0 Malib\u00e9 (Gabon) la r\u00e9union mensuelle des volontaires piaristes. A l\u2019ordre du jour nous avons eu une pri\u00e8re d\u2019ouverture, la pri\u00e8re du volontaire Piariste, la Formation des volontaires sur la &#039;&#039; connaissance, philosophie profil et d\u00e9fis du volontariat piaristes&#039;&#039;,\u00a0 la pr\u00e9paration P\u00e2ques juv\u00e9niles les divers puis la pri\u00e8re de\u2026\" \/>\n<meta property=\"og:url\" content=\"https:\/\/www.itakaescolapios.org\/fr\/2023\/01\/francais-reunion-mensuelle-des-volontaires-piaristes-de-malibe-gabon\/\" \/>\n<meta property=\"og:site_name\" content=\"Itaka-Escolapios\" \/>\n<meta property=\"article:published_time\" content=\"2023-01-09T09:54:12+00:00\" \/>\n<meta property=\"article:modified_time\" content=\"2023-11-28T11:35:38+00:00\" \/>\n<meta property=\"og:image\" content=\"https:\/\/www.itakaescolapios.org\/wp-content\/uploads\/2023\/01\/WhatsApp-Image-2023-01-08-at-2.41.11-PM.jpeg\" \/>\n\t<meta property=\"og:image:width\" content=\"1080\" \/>\n\t<meta property=\"og:image:height\" content=\"810\" \/>\n\t<meta property=\"og:image:type\" content=\"image\/jpeg\" \/>\n<meta name=\"author\" content=\"cameroun01\" \/>\n<meta name=\"twitter:card\" content=\"summary_large_image\" \/>\n<meta name=\"twitter:label1\" content=\"\u00c9crit par\" \/>\n\t<meta name=\"twitter:data1\" content=\"cameroun01\" \/>\n\t<meta name=\"twitter:label2\" content=\"Dur\u00e9e de lecture estim\u00e9e\" \/>\n\t<meta name=\"twitter:data2\" content=\"1 minute\" \/>\n<script type=\"application\/ld+json\" class=\"yoast-schema-graph\">{\"@context\":\"https:\\\/\\\/schema.org\",\"@graph\":[{\"@type\":\"Article\",\"@id\":\"https:\\\/\\\/www.itakaescolapios.org\\\/fr\\\/2023\\\/01\\\/francais-reunion-mensuelle-des-volontaires-piaristes-de-malibe-gabon\\\/#article\",\"isPartOf\":{\"@id\":\"https:\\\/\\\/www.itakaescolapios.org\\\/fr\\\/2023\\\/01\\\/francais-reunion-mensuelle-des-volontaires-piaristes-de-malibe-gabon\\\/\"},\"author\":{\"name\":\"cameroun01\",\"@id\":\"https:\\\/\\\/www.itakaescolapios.org\\\/es\\\/#\\\/schema\\\/person\\\/d2844383e29bfdfef69039672ce14eb1\"},\"headline\":\"REUNION MENSUELLE DES VOLONTAIRES PIARISTES DE MALIBE (Gabon)\",\"datePublished\":\"2023-01-09T09:54:12+00:00\",\"dateModified\":\"2023-11-28T11:35:38+00:00\",\"mainEntityOfPage\":{\"@id\":\"https:\\\/\\\/www.itakaescolapios.org\\\/fr\\\/2023\\\/01\\\/francais-reunion-mensuelle-des-volontaires-piaristes-de-malibe-gabon\\\/\"},\"wordCount\":99,\"publisher\":{\"@id\":\"https:\\\/\\\/www.itakaescolapios.org\\\/es\\\/#organization\"},\"image\":{\"@id\":\"https:\\\/\\\/www.itakaescolapios.org\\\/fr\\\/2023\\\/01\\\/francais-reunion-mensuelle-des-volontaires-piaristes-de-malibe-gabon\\\/#primaryimage\"},\"thumbnailUrl\":\"https:\\\/\\\/www.itakaescolapios.org\\\/wp-content\\\/uploads\\\/2023\\\/01\\\/WhatsApp-Image-2023-01-08-at-2.41.11-PM.jpeg\",\"articleSection\":[\"Afrique centrale\",\"Gab\u00f3n\"],\"inLanguage\":\"fr-FR\"},{\"@type\":\"WebPage\",\"@id\":\"https:\\\/\\\/www.itakaescolapios.org\\\/fr\\\/2023\\\/01\\\/francais-reunion-mensuelle-des-volontaires-piaristes-de-malibe-gabon\\\/\",\"url\":\"https:\\\/\\\/www.itakaescolapios.org\\\/fr\\\/2023\\\/01\\\/francais-reunion-mensuelle-des-volontaires-piaristes-de-malibe-gabon\\\/\",\"name\":\"- Itaka-Escolapios\",\"isPartOf\":{\"@id\":\"https:\\\/\\\/www.itakaescolapios.org\\\/es\\\/#website\"},\"primaryImageOfPage\":{\"@id\":\"https:\\\/\\\/www.itakaescolapios.org\\\/fr\\\/2023\\\/01\\\/francais-reunion-mensuelle-des-volontaires-piaristes-de-malibe-gabon\\\/#primaryimage\"},\"image\":{\"@id\":\"https:\\\/\\\/www.itakaescolapios.org\\\/fr\\\/2023\\\/01\\\/francais-reunion-mensuelle-des-volontaires-piaristes-de-malibe-gabon\\\/#primaryimage\"},\"thumbnailUrl\":\"https:\\\/\\\/www.itakaescolapios.org\\\/wp-content\\\/uploads\\\/2023\\\/01\\\/WhatsApp-Image-2023-01-08-at-2.41.11-PM.jpeg\",\"datePublished\":\"2023-01-09T09:54:12+00:00\",\"dateModified\":\"2023-11-28T11:35:38+00:00\",\"breadcrumb\":{\"@id\":\"https:\\\/\\\/www.itakaescolapios.org\\\/fr\\\/2023\\\/01\\\/francais-reunion-mensuelle-des-volontaires-piaristes-de-malibe-gabon\\\/#breadcrumb\"},\"inLanguage\":\"fr-FR\",\"potentialAction\":[{\"@type\":\"ReadAction\",\"target\":[\"https:\\\/\\\/www.itakaescolapios.org\\\/fr\\\/2023\\\/01\\\/francais-reunion-mensuelle-des-volontaires-piaristes-de-malibe-gabon\\\/\"]}]},{\"@type\":\"ImageObject\",\"inLanguage\":\"fr-FR\",\"@id\":\"https:\\\/\\\/www.itakaescolapios.org\\\/fr\\\/2023\\\/01\\\/francais-reunion-mensuelle-des-volontaires-piaristes-de-malibe-gabon\\\/#primaryimage\",\"url\":\"https:\\\/\\\/www.itakaescolapios.org\\\/wp-content\\\/uploads\\\/2023\\\/01\\\/WhatsApp-Image-2023-01-08-at-2.41.11-PM.jpeg\",\"contentUrl\":\"https:\\\/\\\/www.itakaescolapios.org\\\/wp-content\\\/uploads\\\/2023\\\/01\\\/WhatsApp-Image-2023-01-08-at-2.41.11-PM.jpeg\",\"width\":1080,\"height\":810},{\"@type\":\"BreadcrumbList\",\"@id\":\"https:\\\/\\\/www.itakaescolapios.org\\\/fr\\\/2023\\\/01\\\/francais-reunion-mensuelle-des-volontaires-piaristes-de-malibe-gabon\\\/#breadcrumb\",\"itemListElement\":[{\"@type\":\"ListItem\",\"position\":1,\"name\":\"Itaka-Escolapios\",\"item\":\"https:\\\/\\\/www.itakaescolapios.org\\\/es\\\/\"},{\"@type\":\"ListItem\",\"position\":2,\"name\":\"REUNION MENSUELLE DES VOLONTAIRES PIARISTES DE MALIBE (Gabon)\"}]},{\"@type\":\"WebSite\",\"@id\":\"https:\\\/\\\/www.itakaescolapios.org\\\/fr\\\/es\\\/#website\",\"url\":\"https:\\\/\\\/www.itakaescolapios.org\\\/fr\\\/es\\\/\",\"name\":\"Itaka-Escolapios\",\"description\":\"Red de Itaka-Escolapios\",\"publisher\":{\"@id\":\"https:\\\/\\\/www.itakaescolapios.org\\\/fr\\\/es\\\/#organization\"},\"potentialAction\":[{\"@type\":\"SearchAction\",\"target\":{\"@type\":\"EntryPoint\",\"urlTemplate\":\"https:\\\/\\\/www.itakaescolapios.org\\\/fr\\\/es\\\/?s={search_term_string}\"},\"query-input\":{\"@type\":\"PropertyValueSpecification\",\"valueRequired\":true,\"valueName\":\"search_term_string\"}}],\"inLanguage\":\"fr-FR\"},{\"@type\":\"Organization\",\"@id\":\"https:\\\/\\\/www.itakaescolapios.org\\\/fr\\\/es\\\/#organization\",\"name\":\"Fundaci\u00f3 Itaka-Escolapios\",\"url\":\"https:\\\/\\\/www.itakaescolapios.org\\\/fr\\\/es\\\/\",\"logo\":{\"@type\":\"ImageObject\",\"inLanguage\":\"fr-FR\",\"@id\":\"https:\\\/\\\/www.itakaescolapios.org\\\/fr\\\/es\\\/#\\\/schema\\\/logo\\\/image\\\/\",\"url\":\"https:\\\/\\\/www.itakaescolapios.org\\\/wp-content\\\/uploads\\\/2024\\\/04\\\/Logo-itakaescolapios-peque.png\",\"contentUrl\":\"https:\\\/\\\/www.itakaescolapios.org\\\/wp-content\\\/uploads\\\/2024\\\/04\\\/Logo-itakaescolapios-peque.png\",\"width\":500,\"height\":199,\"caption\":\"Fundaci\u00f3 Itaka-Escolapios\"},\"image\":{\"@id\":\"https:\\\/\\\/www.itakaescolapios.org\\\/fr\\\/es\\\/#\\\/schema\\\/logo\\\/image\\\/\"}},{\"@type\":\"Person\",\"@id\":\"https:\\\/\\\/www.itakaescolapios.org\\\/es\\\/#\\\/schema\\\/person\\\/d2844383e29bfdfef69039672ce14eb1\",\"name\":\"cameroun01\",\"url\":\"https:\\\/\\\/www.itakaescolapios.org\\\/fr\\\/author\\\/cameroun01\\\/\"}]}<\/script>\n<!-- \/ Yoast SEO plugin. -->","yoast_head_json":{"title":"REUNION MENSUELLE DES VOLONTAIRES PIARISTES DE MALIBE (Gabon)","description":"Hier dimanche 8 d\u00e9cembre, s\u2019est tenu \u00e0 Malib\u00e9 (Gabon) la r\u00e9union mensuelle des volontaires piaristes. A l\u2019ordre du jour nous avons eu une pri\u00e8re d\u2019ouverture, la pri\u00e8re du volontaire Piariste, la Formation des volontaires sur la '' connaissance, philosophie profil et d\u00e9fis du volontariat piaristes'',\u00a0 la pr\u00e9paration P\u00e2ques juv\u00e9niles les divers puis la pri\u00e8re de\u2026","robots":{"index":"index","follow":"follow","max-snippet":"max-snippet:-1","max-image-preview":"max-image-preview:large","max-video-preview":"max-video-preview:-1"},"canonical":"Hier dimanche 8 d\u00e9cembre, s\u2019est tenu \u00e0 Malib\u00e9 (Gabon) la r\u00e9union mensuelle des volontaires piaristes. A l\u2019ordre du jour nous avons eu une pri\u00e8re d\u2019ouverture, la pri\u00e8re du volontaire Piariste, la Formation des volontaires sur la '' connaissance, philosophie profil et d\u00e9fis du volontariat piaristes'',\u00a0 la pr\u00e9paration P\u00e2ques juv\u00e9niles les divers puis la pri\u00e8re de\u2026","og_locale":"fr_FR","og_type":"article","og_title":"REUNION MENSUELLE DES VOLONTAIRES PIARISTES DE MALIBE (Gabon)","og_description":"Hier dimanche 8 d\u00e9cembre, s\u2019est tenu \u00e0 Malib\u00e9 (Gabon) la r\u00e9union mensuelle des volontaires piaristes. A l\u2019ordre du jour nous avons eu une pri\u00e8re d\u2019ouverture, la pri\u00e8re du volontaire Piariste, la Formation des volontaires sur la '' connaissance, philosophie profil et d\u00e9fis du volontariat piaristes'',\u00a0 la pr\u00e9paration P\u00e2ques juv\u00e9niles les divers puis la pri\u00e8re de\u2026","og_url":"https:\/\/www.itakaescolapios.org\/fr\/2023\/01\/francais-reunion-mensuelle-des-volontaires-piaristes-de-malibe-gabon\/","og_site_name":"Itaka-Escolapios","article_published_time":"2023-01-09T09:54:12+00:00","article_modified_time":"2023-11-28T11:35:38+00:00","og_image":[{"width":1080,"height":810,"url":"https:\/\/www.itakaescolapios.org\/wp-content\/uploads\/2023\/01\/WhatsApp-Image-2023-01-08-at-2.41.11-PM.jpeg","type":"image\/jpeg"}],"author":"cameroun01","twitter_card":"summary_large_image","twitter_misc":{"\u00c9crit par":"cameroun01","Dur\u00e9e de lecture estim\u00e9e":"1 minute"},"schema":{"@context":"https:\/\/schema.org","@graph":[{"@type":"Article","@id":"https:\/\/www.itakaescolapios.org\/fr\/2023\/01\/francais-reunion-mensuelle-des-volontaires-piaristes-de-malibe-gabon\/#article","isPartOf":{"@id":"https:\/\/www.itakaescolapios.org\/fr\/2023\/01\/francais-reunion-mensuelle-des-volontaires-piaristes-de-malibe-gabon\/"},"author":{"name":"cameroun01","@id":"https:\/\/www.itakaescolapios.org\/es\/#\/schema\/person\/d2844383e29bfdfef69039672ce14eb1"},"headline":"REUNION MENSUELLE DES VOLONTAIRES PIARISTES DE MALIBE (Gabon)","datePublished":"2023-01-09T09:54:12+00:00","dateModified":"2023-11-28T11:35:38+00:00","mainEntityOfPage":{"@id":"https:\/\/www.itakaescolapios.org\/fr\/2023\/01\/francais-reunion-mensuelle-des-volontaires-piaristes-de-malibe-gabon\/"},"wordCount":99,"publisher":{"@id":"https:\/\/www.itakaescolapios.org\/es\/#organization"},"image":{"@id":"https:\/\/www.itakaescolapios.org\/fr\/2023\/01\/francais-reunion-mensuelle-des-volontaires-piaristes-de-malibe-gabon\/#primaryimage"},"thumbnailUrl":"https:\/\/www.itakaescolapios.org\/wp-content\/uploads\/2023\/01\/WhatsApp-Image-2023-01-08-at-2.41.11-PM.jpeg","articleSection":["Afrique centrale","Gab\u00f3n"],"inLanguage":"fr-FR"},{"@type":"WebPage","@id":"https:\/\/www.itakaescolapios.org\/fr\/2023\/01\/francais-reunion-mensuelle-des-volontaires-piaristes-de-malibe-gabon\/","url":"https:\/\/www.itakaescolapios.org\/fr\/2023\/01\/francais-reunion-mensuelle-des-volontaires-piaristes-de-malibe-gabon\/","name":"- Itaka-Escolapios","isPartOf":{"@id":"https:\/\/www.itakaescolapios.org\/es\/#website"},"primaryImageOfPage":{"@id":"https:\/\/www.itakaescolapios.org\/fr\/2023\/01\/francais-reunion-mensuelle-des-volontaires-piaristes-de-malibe-gabon\/#primaryimage"},"image":{"@id":"https:\/\/www.itakaescolapios.org\/fr\/2023\/01\/francais-reunion-mensuelle-des-volontaires-piaristes-de-malibe-gabon\/#primaryimage"},"thumbnailUrl":"https:\/\/www.itakaescolapios.org\/wp-content\/uploads\/2023\/01\/WhatsApp-Image-2023-01-08-at-2.41.11-PM.jpeg","datePublished":"2023-01-09T09:54:12+00:00","dateModified":"2023-11-28T11:35:38+00:00","breadcrumb":{"@id":"https:\/\/www.itakaescolapios.org\/fr\/2023\/01\/francais-reunion-mensuelle-des-volontaires-piaristes-de-malibe-gabon\/#breadcrumb"},"inLanguage":"fr-FR","potentialAction":[{"@type":"ReadAction","target":["https:\/\/www.itakaescolapios.org\/fr\/2023\/01\/francais-reunion-mensuelle-des-volontaires-piaristes-de-malibe-gabon\/"]}]},{"@type":"ImageObject","inLanguage":"fr-FR","@id":"https:\/\/www.itakaescolapios.org\/fr\/2023\/01\/francais-reunion-mensuelle-des-volontaires-piaristes-de-malibe-gabon\/#primaryimage","url":"https:\/\/www.itakaescolapios.org\/wp-content\/uploads\/2023\/01\/WhatsApp-Image-2023-01-08-at-2.41.11-PM.jpeg","contentUrl":"https:\/\/www.itakaescolapios.org\/wp-content\/uploads\/2023\/01\/WhatsApp-Image-2023-01-08-at-2.41.11-PM.jpeg","width":1080,"height":810},{"@type":"BreadcrumbList","@id":"https:\/\/www.itakaescolapios.org\/fr\/2023\/01\/francais-reunion-mensuelle-des-volontaires-piaristes-de-malibe-gabon\/#breadcrumb","itemListElement":[{"@type":"ListItem","position":1,"name":"Itaka-Escolapios","item":"https:\/\/www.itakaescolapios.org\/es\/"},{"@type":"ListItem","position":2,"name":"REUNION MENSUELLE DES VOLONTAIRES PIARISTES DE MALIBE (Gabon)"}]},{"@type":"WebSite","@id":"https:\/\/www.itakaescolapios.org\/fr\/es\/#website","url":"https:\/\/www.itakaescolapios.org\/fr\/es\/","name":"Itaka-Escolapios","description":"Red de Itaka-Escolapios","publisher":{"@id":"https:\/\/www.itakaescolapios.org\/fr\/es\/#organization"},"potentialAction":[{"@type":"SearchAction","target":{"@type":"EntryPoint","urlTemplate":"https:\/\/www.itakaescolapios.org\/fr\/es\/?s={search_term_string}"},"query-input":{"@type":"PropertyValueSpecification","valueRequired":true,"valueName":"search_term_string"}}],"inLanguage":"fr-FR"},{"@type":"Organization","@id":"https:\/\/www.itakaescolapios.org\/fr\/es\/#organization","name":"Fundaci\u00f3 Itaka-Escolapios","url":"https:\/\/www.itakaescolapios.org\/fr\/es\/","logo":{"@type":"ImageObject","inLanguage":"fr-FR","@id":"https:\/\/www.itakaescolapios.org\/fr\/es\/#\/schema\/logo\/image\/","url":"https:\/\/www.itakaescolapios.org\/wp-content\/uploads\/2024\/04\/Logo-itakaescolapios-peque.png","contentUrl":"https:\/\/www.itakaescolapios.org\/wp-content\/uploads\/2024\/04\/Logo-itakaescolapios-peque.png","width":500,"height":199,"caption":"Fundaci\u00f3 Itaka-Escolapios"},"image":{"@id":"https:\/\/www.itakaescolapios.org\/fr\/es\/#\/schema\/logo\/image\/"}},{"@type":"Person","@id":"https:\/\/www.itakaescolapios.org\/es\/#\/schema\/person\/d2844383e29bfdfef69039672ce14eb1","name":"cameroun01","url":"https:\/\/www.itakaescolapios.org\/fr\/author\/cameroun01\/"}]}},"_links":{"self":[{"href":"https:\/\/www.itakaescolapios.org\/fr\/wp-json\/wp\/v2\/posts\/38296","targetHints":{"allow":["GET"]}}],"collection":[{"href":"https:\/\/www.itakaescolapios.org\/fr\/wp-json\/wp\/v2\/posts"}],"about":[{"href":"https:\/\/www.itakaescolapios.org\/fr\/wp-json\/wp\/v2\/types\/post"}],"author":[{"embeddable":true,"href":"https:\/\/www.itakaescolapios.org\/fr\/wp-json\/wp\/v2\/users\/15"}],"replies":[{"embeddable":true,"href":"https:\/\/www.itakaescolapios.org\/fr\/wp-json\/wp\/v2\/comments?post=38296"}],"version-history":[{"count":3,"href":"https:\/\/www.itakaescolapios.org\/fr\/wp-json\/wp\/v2\/posts\/38296\/revisions"}],"predecessor-version":[{"id":43731,"href":"https:\/\/www.itakaescolapios.org\/fr\/wp-json\/wp\/v2\/posts\/38296\/revisions\/43731"}],"wp:featuredmedia":[{"embeddable":true,"href":"https:\/\/www.itakaescolapios.org\/fr\/wp-json\/wp\/v2\/media\/38297"}],"wp:attachment":[{"href":"https:\/\/www.itakaescolapios.org\/fr\/wp-json\/wp\/v2\/media?parent=38296"}],"wp:term":[{"taxonomy":"category","embeddable":true,"href":"https:\/\/www.itakaescolapios.org\/fr\/wp-json\/wp\/v2\/categories?post=38296"},{"taxonomy":"post_tag","embeddable":true,"href":"https:\/\/www.itakaescolapios.org\/fr\/wp-json\/wp\/v2\/tags?post=38296"}],"curies":[{"name":"wp","href":"https:\/\/api.w.org\/{rel}","templated":true}]}}