{"id":38344,"date":"2023-01-25T10:20:43","date_gmt":"2023-01-25T09:20:43","guid":{"rendered":"https:\/\/www.itakaescolapios.org\/?p=38344"},"modified":"2023-11-28T12:35:37","modified_gmt":"2023-11-28T11:35:37","slug":"english-mass-of-january-25-2023-in-honor-of-saint-joseph-of-calasanz-at-the-coscabic-in-bafia","status":"publish","type":"post","link":"https:\/\/www.itakaescolapios.org\/fr\/2023\/01\/english-mass-of-january-25-2023-in-honor-of-saint-joseph-of-calasanz-at-the-coscabic-in-bafia\/","title":{"rendered":"MESSE DU 25 JANVIER 2023 EN L'HONNEUR DE SAINT JOSEPH DE CALASANZ AU COSCABIC DE BAFIA"},"content":{"rendered":"<p>Il est de coutume chaque 25 du mois au Complexe Scolaire Int\u00e9grale Bilingue Calasanz de Bafia, de faire une c\u00e9l\u00e9bration eucharistique en l\u2019honneur de Saint Joseph Calasanz, avec les enfants ainsi que le corps\u00a0 administratif et professorale. Le th\u00e8me trait\u00e9 ce 25 janvier durant la pr\u00e9dication du P\u00e8re Brice \u00e9tait la paix. D\u2019apr\u00e8s les enfants, pour avoir la Paix, il faut changer nos mauvaises habitudes, nos mauvais comportements, il faut pardonner, partager et \u00e9viter les conflits. Cette messe \u00e9tait riche d&rsquo;enseignements pour tous. Les Pri\u00e8res ont \u00e9t\u00e9 faites pour nos dirigeants et pour la paix dans le monde. La messe a pris fin avec l\u2019Hymne \u00e0 Saint Joseph de Calasanz.<\/p>\n<div style=\"width: 640px;\" class=\"wp-video\"><video class=\"wp-video-shortcode\" id=\"video-38344-1\" width=\"640\" height=\"352\" preload=\"metadata\" controls=\"controls\"><source type=\"video\/mp4\" src=\"https:\/\/www.itakaescolapios.org\/wp-content\/uploads\/2023\/01\/WhatsApp-Video-2023-01-25-at-8.38.28-AM.mp4?_=1\" \/><a href=\"https:\/\/www.itakaescolapios.org\/wp-content\/uploads\/2023\/01\/WhatsApp-Video-2023-01-25-at-8.38.28-AM.mp4\">https:\/\/www.itakaescolapios.org\/wp-content\/uploads\/2023\/01\/WhatsApp-Video-2023-01-25-at-8.38.28-AM.mp4<\/a><\/video><\/div>\n<p><img decoding=\"async\" class=\"size-full wp-image-38349 aligncenter\" src=\"https:\/\/www.itakaescolapios.org\/wp-content\/uploads\/2023\/01\/WhatsApp-Image-2023-01-25-at-8.29.31-AM.jpeg\" alt=\"\" width=\"1080\" height=\"486\" srcset=\"https:\/\/www.itakaescolapios.org\/wp-content\/uploads\/2023\/01\/WhatsApp-Image-2023-01-25-at-8.29.31-AM.jpeg 1080w, https:\/\/www.itakaescolapios.org\/wp-content\/uploads\/2023\/01\/WhatsApp-Image-2023-01-25-at-8.29.31-AM-300x135.jpeg 300w, https:\/\/www.itakaescolapios.org\/wp-content\/uploads\/2023\/01\/WhatsApp-Image-2023-01-25-at-8.29.31-AM-1024x461.jpeg 1024w, https:\/\/www.itakaescolapios.org\/wp-content\/uploads\/2023\/01\/WhatsApp-Image-2023-01-25-at-8.29.31-AM-768x346.jpeg 768w, https:\/\/www.itakaescolapios.org\/wp-content\/uploads\/2023\/01\/WhatsApp-Image-2023-01-25-at-8.29.31-AM-250x113.jpeg 250w\" sizes=\"(max-width: 1080px) 100vw, 1080px\" \/><\/p>\n<p><img decoding=\"async\" class=\"size-full wp-image-38350 aligncenter\" src=\"https:\/\/www.itakaescolapios.org\/wp-content\/uploads\/2023\/01\/WhatsApp-Image-2023-01-25-at-8.29.29-AM.jpeg\" alt=\"\" width=\"1080\" height=\"486\" srcset=\"https:\/\/www.itakaescolapios.org\/wp-content\/uploads\/2023\/01\/WhatsApp-Image-2023-01-25-at-8.29.29-AM.jpeg 1080w, https:\/\/www.itakaescolapios.org\/wp-content\/uploads\/2023\/01\/WhatsApp-Image-2023-01-25-at-8.29.29-AM-300x135.jpeg 300w, https:\/\/www.itakaescolapios.org\/wp-content\/uploads\/2023\/01\/WhatsApp-Image-2023-01-25-at-8.29.29-AM-1024x461.jpeg 1024w, https:\/\/www.itakaescolapios.org\/wp-content\/uploads\/2023\/01\/WhatsApp-Image-2023-01-25-at-8.29.29-AM-768x346.jpeg 768w, https:\/\/www.itakaescolapios.org\/wp-content\/uploads\/2023\/01\/WhatsApp-Image-2023-01-25-at-8.29.29-AM-250x113.jpeg 250w\" sizes=\"(max-width: 1080px) 100vw, 1080px\" \/><\/p>\n","protected":false},"excerpt":{"rendered":"<p>Il est de coutume chaque 25 du mois au Complexe Scolaire Int\u00e9grale Bilingue Calasanz de Bafia, de faire une c\u00e9l\u00e9bration eucharistique en l\u2019honneur de Saint Joseph Calasanz, avec les enfants [&hellip;]<\/p>\n","protected":false},"author":15,"featured_media":38348,"comment_status":"closed","ping_status":"closed","sticky":false,"template":"","format":"standard","meta":{"_et_pb_use_builder":"","_et_pb_old_content":"","_et_gb_content_width":"","footnotes":""},"categories":[53,10],"tags":[],"class_list":["post-38344","post","type-post","status-publish","format-standard","has-post-thumbnail","hentry","category-africa-central","category-camerun"],"yoast_head":"<!-- This site is optimized with the Yoast SEO plugin v27.4 - https:\/\/yoast.com\/product\/yoast-seo-wordpress\/ -->\n<title>MESSE DU 25 JANVIER 2023 EN L&#039;HONNEUR DE SAINT JOSEPH DE CALASANZ AU COSCABIC DE BAFIA<\/title>\n<meta name=\"description\" content=\"Il est de coutume chaque 25 du mois au Complexe Scolaire Int\u00e9grale Bilingue Calasanz de Bafia, de faire une c\u00e9l\u00e9bration eucharistique en l\u2019honneur de Saint Joseph Calasanz, avec les enfants ainsi que le corps\u00a0 administratif et professorale. Le th\u00e8me trait\u00e9 ce 25 janvier durant la pr\u00e9dication du P\u00e8re Brice \u00e9tait la paix. D\u2019apr\u00e8s les enfants,\u2026\" \/>\n<meta name=\"robots\" content=\"index, follow, max-snippet:-1, max-image-preview:large, max-video-preview:-1\" \/>\n<link rel=\"canonical\" href=\"http:\/\/Il%20est%20de%20coutume%20chaque%2025%20du%20mois%20au%20Complexe%20Scolaire%20Int\u00e9grale%20Bilingue%20Calasanz%20de%20Bafia,%20de%20faire%20une%20c\u00e9l\u00e9bration%20eucharistique%20en%20l\u2019honneur%20de%20Saint%20Joseph%20Calasanz,%20avec%20les%20enfants%20ainsi%20que%20le%20corps\u00a0%20administratif%20et%20professorale.%20Le%20th\u00e8me%20trait\u00e9%20ce%2025%20janvier%20durant%20la%20pr\u00e9dication%20du%20P\u00e8re%20Brice%20\u00e9tait%20la%20paix.%20D\u2019apr\u00e8s%20les%20enfants,\u2026\" \/>\n<meta property=\"og:locale\" content=\"fr_FR\" \/>\n<meta property=\"og:type\" content=\"article\" \/>\n<meta property=\"og:title\" content=\"MESSE DU 25 JANVIER 2023 EN L&#039;HONNEUR DE SAINT JOSEPH DE CALASANZ AU COSCABIC DE BAFIA\" \/>\n<meta property=\"og:description\" content=\"Il est de coutume chaque 25 du mois au Complexe Scolaire Int\u00e9grale Bilingue Calasanz de Bafia, de faire une c\u00e9l\u00e9bration eucharistique en l\u2019honneur de Saint Joseph Calasanz, avec les enfants ainsi que le corps\u00a0 administratif et professorale. Le th\u00e8me trait\u00e9 ce 25 janvier durant la pr\u00e9dication du P\u00e8re Brice \u00e9tait la paix. D\u2019apr\u00e8s les enfants,\u2026\" \/>\n<meta property=\"og:url\" content=\"https:\/\/www.itakaescolapios.org\/fr\/2023\/01\/english-mass-of-january-25-2023-in-honor-of-saint-joseph-of-calasanz-at-the-coscabic-in-bafia\/\" \/>\n<meta property=\"og:site_name\" content=\"Itaka-Escolapios\" \/>\n<meta property=\"article:published_time\" content=\"2023-01-25T09:20:43+00:00\" \/>\n<meta property=\"article:modified_time\" content=\"2023-11-28T11:35:37+00:00\" \/>\n<meta property=\"og:image\" content=\"https:\/\/www.itakaescolapios.org\/wp-content\/uploads\/2023\/01\/WhatsApp-Image-2023-01-25-at-8.32.02-AM.jpeg\" \/>\n\t<meta property=\"og:image:width\" content=\"1080\" \/>\n\t<meta property=\"og:image:height\" content=\"486\" \/>\n\t<meta property=\"og:image:type\" content=\"image\/jpeg\" \/>\n<meta name=\"author\" content=\"cameroun01\" \/>\n<meta name=\"twitter:card\" content=\"summary_large_image\" \/>\n<meta name=\"twitter:label1\" content=\"\u00c9crit par\" \/>\n\t<meta name=\"twitter:data1\" content=\"cameroun01\" \/>\n\t<meta name=\"twitter:label2\" content=\"Dur\u00e9e de lecture estim\u00e9e\" \/>\n\t<meta name=\"twitter:data2\" content=\"1 minute\" \/>\n<script type=\"application\/ld+json\" class=\"yoast-schema-graph\">{\"@context\":\"https:\\\/\\\/schema.org\",\"@graph\":[{\"@type\":\"Article\",\"@id\":\"https:\\\/\\\/www.itakaescolapios.org\\\/fr\\\/2023\\\/01\\\/english-mass-of-january-25-2023-in-honor-of-saint-joseph-of-calasanz-at-the-coscabic-in-bafia\\\/#article\",\"isPartOf\":{\"@id\":\"https:\\\/\\\/www.itakaescolapios.org\\\/fr\\\/2023\\\/01\\\/english-mass-of-january-25-2023-in-honor-of-saint-joseph-of-calasanz-at-the-coscabic-in-bafia\\\/\"},\"author\":{\"name\":\"cameroun01\",\"@id\":\"https:\\\/\\\/www.itakaescolapios.org\\\/es\\\/#\\\/schema\\\/person\\\/d2844383e29bfdfef69039672ce14eb1\"},\"headline\":\"MESSE DU 25 JANVIER 2023 EN L'HONNEUR DE SAINT JOSEPH DE CALASANZ AU COSCABIC DE BAFIA\",\"datePublished\":\"2023-01-25T09:20:43+00:00\",\"dateModified\":\"2023-11-28T11:35:37+00:00\",\"mainEntityOfPage\":{\"@id\":\"https:\\\/\\\/www.itakaescolapios.org\\\/fr\\\/2023\\\/01\\\/english-mass-of-january-25-2023-in-honor-of-saint-joseph-of-calasanz-at-the-coscabic-in-bafia\\\/\"},\"wordCount\":261,\"publisher\":{\"@id\":\"https:\\\/\\\/www.itakaescolapios.org\\\/es\\\/#organization\"},\"image\":{\"@id\":\"https:\\\/\\\/www.itakaescolapios.org\\\/fr\\\/2023\\\/01\\\/english-mass-of-january-25-2023-in-honor-of-saint-joseph-of-calasanz-at-the-coscabic-in-bafia\\\/#primaryimage\"},\"thumbnailUrl\":\"https:\\\/\\\/www.itakaescolapios.org\\\/wp-content\\\/uploads\\\/2023\\\/01\\\/WhatsApp-Image-2023-01-25-at-8.32.02-AM.jpeg\",\"articleSection\":[\"Afrique centrale\",\"Cameroun\"],\"inLanguage\":\"fr-FR\"},{\"@type\":\"WebPage\",\"@id\":\"https:\\\/\\\/www.itakaescolapios.org\\\/fr\\\/2023\\\/01\\\/english-mass-of-january-25-2023-in-honor-of-saint-joseph-of-calasanz-at-the-coscabic-in-bafia\\\/\",\"url\":\"https:\\\/\\\/www.itakaescolapios.org\\\/fr\\\/2023\\\/01\\\/english-mass-of-january-25-2023-in-honor-of-saint-joseph-of-calasanz-at-the-coscabic-in-bafia\\\/\",\"name\":\"- Itaka-Escolapios\",\"isPartOf\":{\"@id\":\"https:\\\/\\\/www.itakaescolapios.org\\\/es\\\/#website\"},\"primaryImageOfPage\":{\"@id\":\"https:\\\/\\\/www.itakaescolapios.org\\\/fr\\\/2023\\\/01\\\/english-mass-of-january-25-2023-in-honor-of-saint-joseph-of-calasanz-at-the-coscabic-in-bafia\\\/#primaryimage\"},\"image\":{\"@id\":\"https:\\\/\\\/www.itakaescolapios.org\\\/fr\\\/2023\\\/01\\\/english-mass-of-january-25-2023-in-honor-of-saint-joseph-of-calasanz-at-the-coscabic-in-bafia\\\/#primaryimage\"},\"thumbnailUrl\":\"https:\\\/\\\/www.itakaescolapios.org\\\/wp-content\\\/uploads\\\/2023\\\/01\\\/WhatsApp-Image-2023-01-25-at-8.32.02-AM.jpeg\",\"datePublished\":\"2023-01-25T09:20:43+00:00\",\"dateModified\":\"2023-11-28T11:35:37+00:00\",\"breadcrumb\":{\"@id\":\"https:\\\/\\\/www.itakaescolapios.org\\\/fr\\\/2023\\\/01\\\/english-mass-of-january-25-2023-in-honor-of-saint-joseph-of-calasanz-at-the-coscabic-in-bafia\\\/#breadcrumb\"},\"inLanguage\":\"fr-FR\",\"potentialAction\":[{\"@type\":\"ReadAction\",\"target\":[\"https:\\\/\\\/www.itakaescolapios.org\\\/fr\\\/2023\\\/01\\\/english-mass-of-january-25-2023-in-honor-of-saint-joseph-of-calasanz-at-the-coscabic-in-bafia\\\/\"]}]},{\"@type\":\"ImageObject\",\"inLanguage\":\"fr-FR\",\"@id\":\"https:\\\/\\\/www.itakaescolapios.org\\\/fr\\\/2023\\\/01\\\/english-mass-of-january-25-2023-in-honor-of-saint-joseph-of-calasanz-at-the-coscabic-in-bafia\\\/#primaryimage\",\"url\":\"https:\\\/\\\/www.itakaescolapios.org\\\/wp-content\\\/uploads\\\/2023\\\/01\\\/WhatsApp-Image-2023-01-25-at-8.32.02-AM.jpeg\",\"contentUrl\":\"https:\\\/\\\/www.itakaescolapios.org\\\/wp-content\\\/uploads\\\/2023\\\/01\\\/WhatsApp-Image-2023-01-25-at-8.32.02-AM.jpeg\",\"width\":1080,\"height\":486},{\"@type\":\"BreadcrumbList\",\"@id\":\"https:\\\/\\\/www.itakaescolapios.org\\\/fr\\\/2023\\\/01\\\/english-mass-of-january-25-2023-in-honor-of-saint-joseph-of-calasanz-at-the-coscabic-in-bafia\\\/#breadcrumb\",\"itemListElement\":[{\"@type\":\"ListItem\",\"position\":1,\"name\":\"Itaka-Escolapios\",\"item\":\"https:\\\/\\\/www.itakaescolapios.org\\\/es\\\/\"},{\"@type\":\"ListItem\",\"position\":2,\"name\":\"MESSE DU 25 JANVIER 2023 EN L'HONNEUR DE SAINT JOSEPH DE CALASANZ AU COSCABIC DE BAFIA\"}]},{\"@type\":\"WebSite\",\"@id\":\"https:\\\/\\\/www.itakaescolapios.org\\\/fr\\\/es\\\/#website\",\"url\":\"https:\\\/\\\/www.itakaescolapios.org\\\/fr\\\/es\\\/\",\"name\":\"Itaka-Escolapios\",\"description\":\"Red de Itaka-Escolapios\",\"publisher\":{\"@id\":\"https:\\\/\\\/www.itakaescolapios.org\\\/fr\\\/es\\\/#organization\"},\"potentialAction\":[{\"@type\":\"SearchAction\",\"target\":{\"@type\":\"EntryPoint\",\"urlTemplate\":\"https:\\\/\\\/www.itakaescolapios.org\\\/fr\\\/es\\\/?s={search_term_string}\"},\"query-input\":{\"@type\":\"PropertyValueSpecification\",\"valueRequired\":true,\"valueName\":\"search_term_string\"}}],\"inLanguage\":\"fr-FR\"},{\"@type\":\"Organization\",\"@id\":\"https:\\\/\\\/www.itakaescolapios.org\\\/fr\\\/es\\\/#organization\",\"name\":\"Fundaci\u00f3 Itaka-Escolapios\",\"url\":\"https:\\\/\\\/www.itakaescolapios.org\\\/fr\\\/es\\\/\",\"logo\":{\"@type\":\"ImageObject\",\"inLanguage\":\"fr-FR\",\"@id\":\"https:\\\/\\\/www.itakaescolapios.org\\\/fr\\\/es\\\/#\\\/schema\\\/logo\\\/image\\\/\",\"url\":\"https:\\\/\\\/www.itakaescolapios.org\\\/wp-content\\\/uploads\\\/2024\\\/04\\\/Logo-itakaescolapios-peque.png\",\"contentUrl\":\"https:\\\/\\\/www.itakaescolapios.org\\\/wp-content\\\/uploads\\\/2024\\\/04\\\/Logo-itakaescolapios-peque.png\",\"width\":500,\"height\":199,\"caption\":\"Fundaci\u00f3 Itaka-Escolapios\"},\"image\":{\"@id\":\"https:\\\/\\\/www.itakaescolapios.org\\\/fr\\\/es\\\/#\\\/schema\\\/logo\\\/image\\\/\"}},{\"@type\":\"Person\",\"@id\":\"https:\\\/\\\/www.itakaescolapios.org\\\/es\\\/#\\\/schema\\\/person\\\/d2844383e29bfdfef69039672ce14eb1\",\"name\":\"cameroun01\",\"url\":\"https:\\\/\\\/www.itakaescolapios.org\\\/fr\\\/author\\\/cameroun01\\\/\"}]}<\/script>\n<!-- \/ Yoast SEO plugin. -->","yoast_head_json":{"title":"MESSE DU 25 JANVIER 2023 EN L'HONNEUR DE SAINT JOSEPH DE CALASANZ AU COSCABIC DE BAFIA","description":"Il est de coutume chaque 25 du mois au Complexe Scolaire Int\u00e9grale Bilingue Calasanz de Bafia, de faire une c\u00e9l\u00e9bration eucharistique en l\u2019honneur de Saint Joseph Calasanz, avec les enfants ainsi que le corps\u00a0 administratif et professorale. Le th\u00e8me trait\u00e9 ce 25 janvier durant la pr\u00e9dication du P\u00e8re Brice \u00e9tait la paix. D\u2019apr\u00e8s les enfants,\u2026","robots":{"index":"index","follow":"follow","max-snippet":"max-snippet:-1","max-image-preview":"max-image-preview:large","max-video-preview":"max-video-preview:-1"},"canonical":"Il est de coutume chaque 25 du mois au Complexe Scolaire Int\u00e9grale Bilingue Calasanz de Bafia, de faire une c\u00e9l\u00e9bration eucharistique en l\u2019honneur de Saint Joseph Calasanz, avec les enfants ainsi que le corps\u00a0 administratif et professorale. Le th\u00e8me trait\u00e9 ce 25 janvier durant la pr\u00e9dication du P\u00e8re Brice \u00e9tait la paix. D\u2019apr\u00e8s les enfants,\u2026","og_locale":"fr_FR","og_type":"article","og_title":"MESSE DU 25 JANVIER 2023 EN L'HONNEUR DE SAINT JOSEPH DE CALASANZ AU COSCABIC DE BAFIA","og_description":"Il est de coutume chaque 25 du mois au Complexe Scolaire Int\u00e9grale Bilingue Calasanz de Bafia, de faire une c\u00e9l\u00e9bration eucharistique en l\u2019honneur de Saint Joseph Calasanz, avec les enfants ainsi que le corps\u00a0 administratif et professorale. Le th\u00e8me trait\u00e9 ce 25 janvier durant la pr\u00e9dication du P\u00e8re Brice \u00e9tait la paix. D\u2019apr\u00e8s les enfants,\u2026","og_url":"https:\/\/www.itakaescolapios.org\/fr\/2023\/01\/english-mass-of-january-25-2023-in-honor-of-saint-joseph-of-calasanz-at-the-coscabic-in-bafia\/","og_site_name":"Itaka-Escolapios","article_published_time":"2023-01-25T09:20:43+00:00","article_modified_time":"2023-11-28T11:35:37+00:00","og_image":[{"width":1080,"height":486,"url":"https:\/\/www.itakaescolapios.org\/wp-content\/uploads\/2023\/01\/WhatsApp-Image-2023-01-25-at-8.32.02-AM.jpeg","type":"image\/jpeg"}],"author":"cameroun01","twitter_card":"summary_large_image","twitter_misc":{"\u00c9crit par":"cameroun01","Dur\u00e9e de lecture estim\u00e9e":"1 minute"},"schema":{"@context":"https:\/\/schema.org","@graph":[{"@type":"Article","@id":"https:\/\/www.itakaescolapios.org\/fr\/2023\/01\/english-mass-of-january-25-2023-in-honor-of-saint-joseph-of-calasanz-at-the-coscabic-in-bafia\/#article","isPartOf":{"@id":"https:\/\/www.itakaescolapios.org\/fr\/2023\/01\/english-mass-of-january-25-2023-in-honor-of-saint-joseph-of-calasanz-at-the-coscabic-in-bafia\/"},"author":{"name":"cameroun01","@id":"https:\/\/www.itakaescolapios.org\/es\/#\/schema\/person\/d2844383e29bfdfef69039672ce14eb1"},"headline":"MESSE DU 25 JANVIER 2023 EN L'HONNEUR DE SAINT JOSEPH DE CALASANZ AU COSCABIC DE BAFIA","datePublished":"2023-01-25T09:20:43+00:00","dateModified":"2023-11-28T11:35:37+00:00","mainEntityOfPage":{"@id":"https:\/\/www.itakaescolapios.org\/fr\/2023\/01\/english-mass-of-january-25-2023-in-honor-of-saint-joseph-of-calasanz-at-the-coscabic-in-bafia\/"},"wordCount":261,"publisher":{"@id":"https:\/\/www.itakaescolapios.org\/es\/#organization"},"image":{"@id":"https:\/\/www.itakaescolapios.org\/fr\/2023\/01\/english-mass-of-january-25-2023-in-honor-of-saint-joseph-of-calasanz-at-the-coscabic-in-bafia\/#primaryimage"},"thumbnailUrl":"https:\/\/www.itakaescolapios.org\/wp-content\/uploads\/2023\/01\/WhatsApp-Image-2023-01-25-at-8.32.02-AM.jpeg","articleSection":["Afrique centrale","Cameroun"],"inLanguage":"fr-FR"},{"@type":"WebPage","@id":"https:\/\/www.itakaescolapios.org\/fr\/2023\/01\/english-mass-of-january-25-2023-in-honor-of-saint-joseph-of-calasanz-at-the-coscabic-in-bafia\/","url":"https:\/\/www.itakaescolapios.org\/fr\/2023\/01\/english-mass-of-january-25-2023-in-honor-of-saint-joseph-of-calasanz-at-the-coscabic-in-bafia\/","name":"- Itaka-Escolapios","isPartOf":{"@id":"https:\/\/www.itakaescolapios.org\/es\/#website"},"primaryImageOfPage":{"@id":"https:\/\/www.itakaescolapios.org\/fr\/2023\/01\/english-mass-of-january-25-2023-in-honor-of-saint-joseph-of-calasanz-at-the-coscabic-in-bafia\/#primaryimage"},"image":{"@id":"https:\/\/www.itakaescolapios.org\/fr\/2023\/01\/english-mass-of-january-25-2023-in-honor-of-saint-joseph-of-calasanz-at-the-coscabic-in-bafia\/#primaryimage"},"thumbnailUrl":"https:\/\/www.itakaescolapios.org\/wp-content\/uploads\/2023\/01\/WhatsApp-Image-2023-01-25-at-8.32.02-AM.jpeg","datePublished":"2023-01-25T09:20:43+00:00","dateModified":"2023-11-28T11:35:37+00:00","breadcrumb":{"@id":"https:\/\/www.itakaescolapios.org\/fr\/2023\/01\/english-mass-of-january-25-2023-in-honor-of-saint-joseph-of-calasanz-at-the-coscabic-in-bafia\/#breadcrumb"},"inLanguage":"fr-FR","potentialAction":[{"@type":"ReadAction","target":["https:\/\/www.itakaescolapios.org\/fr\/2023\/01\/english-mass-of-january-25-2023-in-honor-of-saint-joseph-of-calasanz-at-the-coscabic-in-bafia\/"]}]},{"@type":"ImageObject","inLanguage":"fr-FR","@id":"https:\/\/www.itakaescolapios.org\/fr\/2023\/01\/english-mass-of-january-25-2023-in-honor-of-saint-joseph-of-calasanz-at-the-coscabic-in-bafia\/#primaryimage","url":"https:\/\/www.itakaescolapios.org\/wp-content\/uploads\/2023\/01\/WhatsApp-Image-2023-01-25-at-8.32.02-AM.jpeg","contentUrl":"https:\/\/www.itakaescolapios.org\/wp-content\/uploads\/2023\/01\/WhatsApp-Image-2023-01-25-at-8.32.02-AM.jpeg","width":1080,"height":486},{"@type":"BreadcrumbList","@id":"https:\/\/www.itakaescolapios.org\/fr\/2023\/01\/english-mass-of-january-25-2023-in-honor-of-saint-joseph-of-calasanz-at-the-coscabic-in-bafia\/#breadcrumb","itemListElement":[{"@type":"ListItem","position":1,"name":"Itaka-Escolapios","item":"https:\/\/www.itakaescolapios.org\/es\/"},{"@type":"ListItem","position":2,"name":"MESSE DU 25 JANVIER 2023 EN L'HONNEUR DE SAINT JOSEPH DE CALASANZ AU COSCABIC DE BAFIA"}]},{"@type":"WebSite","@id":"https:\/\/www.itakaescolapios.org\/fr\/es\/#website","url":"https:\/\/www.itakaescolapios.org\/fr\/es\/","name":"Itaka-Escolapios","description":"Red de Itaka-Escolapios","publisher":{"@id":"https:\/\/www.itakaescolapios.org\/fr\/es\/#organization"},"potentialAction":[{"@type":"SearchAction","target":{"@type":"EntryPoint","urlTemplate":"https:\/\/www.itakaescolapios.org\/fr\/es\/?s={search_term_string}"},"query-input":{"@type":"PropertyValueSpecification","valueRequired":true,"valueName":"search_term_string"}}],"inLanguage":"fr-FR"},{"@type":"Organization","@id":"https:\/\/www.itakaescolapios.org\/fr\/es\/#organization","name":"Fundaci\u00f3 Itaka-Escolapios","url":"https:\/\/www.itakaescolapios.org\/fr\/es\/","logo":{"@type":"ImageObject","inLanguage":"fr-FR","@id":"https:\/\/www.itakaescolapios.org\/fr\/es\/#\/schema\/logo\/image\/","url":"https:\/\/www.itakaescolapios.org\/wp-content\/uploads\/2024\/04\/Logo-itakaescolapios-peque.png","contentUrl":"https:\/\/www.itakaescolapios.org\/wp-content\/uploads\/2024\/04\/Logo-itakaescolapios-peque.png","width":500,"height":199,"caption":"Fundaci\u00f3 Itaka-Escolapios"},"image":{"@id":"https:\/\/www.itakaescolapios.org\/fr\/es\/#\/schema\/logo\/image\/"}},{"@type":"Person","@id":"https:\/\/www.itakaescolapios.org\/es\/#\/schema\/person\/d2844383e29bfdfef69039672ce14eb1","name":"cameroun01","url":"https:\/\/www.itakaescolapios.org\/fr\/author\/cameroun01\/"}]}},"_links":{"self":[{"href":"https:\/\/www.itakaescolapios.org\/fr\/wp-json\/wp\/v2\/posts\/38344","targetHints":{"allow":["GET"]}}],"collection":[{"href":"https:\/\/www.itakaescolapios.org\/fr\/wp-json\/wp\/v2\/posts"}],"about":[{"href":"https:\/\/www.itakaescolapios.org\/fr\/wp-json\/wp\/v2\/types\/post"}],"author":[{"embeddable":true,"href":"https:\/\/www.itakaescolapios.org\/fr\/wp-json\/wp\/v2\/users\/15"}],"replies":[{"embeddable":true,"href":"https:\/\/www.itakaescolapios.org\/fr\/wp-json\/wp\/v2\/comments?post=38344"}],"version-history":[{"count":2,"href":"https:\/\/www.itakaescolapios.org\/fr\/wp-json\/wp\/v2\/posts\/38344\/revisions"}],"predecessor-version":[{"id":43720,"href":"https:\/\/www.itakaescolapios.org\/fr\/wp-json\/wp\/v2\/posts\/38344\/revisions\/43720"}],"wp:featuredmedia":[{"embeddable":true,"href":"https:\/\/www.itakaescolapios.org\/fr\/wp-json\/wp\/v2\/media\/38348"}],"wp:attachment":[{"href":"https:\/\/www.itakaescolapios.org\/fr\/wp-json\/wp\/v2\/media?parent=38344"}],"wp:term":[{"taxonomy":"category","embeddable":true,"href":"https:\/\/www.itakaescolapios.org\/fr\/wp-json\/wp\/v2\/categories?post=38344"},{"taxonomy":"post_tag","embeddable":true,"href":"https:\/\/www.itakaescolapios.org\/fr\/wp-json\/wp\/v2\/tags?post=38344"}],"curies":[{"name":"wp","href":"https:\/\/api.w.org\/{rel}","templated":true}]}}