{"id":38352,"date":"2023-01-25T11:04:58","date_gmt":"2023-01-25T10:04:58","guid":{"rendered":"https:\/\/www.itakaescolapios.org\/?p=38352"},"modified":"2023-11-28T12:35:37","modified_gmt":"2023-11-28T11:35:37","slug":"english-last-tuesday-january-24-2023-was-the-turn-of-the-parish-of-derriere-la-prison-and-champ-la-paix-evangelical-church-of-gabon-to-receive-the-parish-of-saint-louis-marie-grignon-de-montfor","status":"publish","type":"post","link":"https:\/\/www.itakaescolapios.org\/fr\/2023\/01\/english-last-tuesday-january-24-2023-was-the-turn-of-the-parish-of-derriere-la-prison-and-champ-la-paix-evangelical-church-of-gabon-to-receive-the-parish-of-saint-louis-marie-grignon-de-montfor\/","title":{"rendered":"SEMAINE DE PRIERE POUR L'UNITE DES CHRETIENS (Malib\u00e9 \u2013 Gabon)"},"content":{"rendered":"<div id=\"tw-target-text-container\" class=\"tw-ta-container F0azHf tw-nfl\">\n<p id=\"tw-target-text\" class=\"tw-data-text tw-text-large tw-ta\" dir=\"ltr\" data-placeholder=\"Traduction\"><span class=\"Y2IQFc\" lang=\"en\">Last Tuesday, January 24, 2023, it was the turn of the Parish of Derri\u00e8re la Prison et le Champ la Paix (Evangelical Church of Gabon) to receive the parish of Saint Louis Marie GRIGNON DE MONTFORT for a Chair Exchange on the occasion of the week prayer for Christian unity. \u00ab\u00a0Each time you did it to one of these least&#8230; You did it to Me\u00a0\u00bb: This is the theme of this year&rsquo;s Ecumenical Celebration for Christian Unity. The mass went well, especially the sermon was very edifying: let&rsquo;s do good around us.<\/span><\/p>\n<\/div>\n<p><img decoding=\"async\" class=\"size-full wp-image-38354 aligncenter\" src=\"https:\/\/www.itakaescolapios.org\/wp-content\/uploads\/2023\/01\/WhatsApp-Image-2023-01-25-at-10.11.42-AM.jpeg\" alt=\"\" width=\"1080\" height=\"486\" srcset=\"https:\/\/www.itakaescolapios.org\/wp-content\/uploads\/2023\/01\/WhatsApp-Image-2023-01-25-at-10.11.42-AM.jpeg 1080w, https:\/\/www.itakaescolapios.org\/wp-content\/uploads\/2023\/01\/WhatsApp-Image-2023-01-25-at-10.11.42-AM-300x135.jpeg 300w, https:\/\/www.itakaescolapios.org\/wp-content\/uploads\/2023\/01\/WhatsApp-Image-2023-01-25-at-10.11.42-AM-1024x461.jpeg 1024w, https:\/\/www.itakaescolapios.org\/wp-content\/uploads\/2023\/01\/WhatsApp-Image-2023-01-25-at-10.11.42-AM-768x346.jpeg 768w, https:\/\/www.itakaescolapios.org\/wp-content\/uploads\/2023\/01\/WhatsApp-Image-2023-01-25-at-10.11.42-AM-250x113.jpeg 250w\" sizes=\"(max-width: 1080px) 100vw, 1080px\" \/><\/p>\n<p><img decoding=\"async\" class=\"size-full wp-image-38355 aligncenter\" src=\"https:\/\/www.itakaescolapios.org\/wp-content\/uploads\/2023\/01\/WhatsApp-Image-2023-01-25-at-10.10.44-AM.jpeg\" alt=\"\" width=\"1080\" height=\"486\" srcset=\"https:\/\/www.itakaescolapios.org\/wp-content\/uploads\/2023\/01\/WhatsApp-Image-2023-01-25-at-10.10.44-AM.jpeg 1080w, https:\/\/www.itakaescolapios.org\/wp-content\/uploads\/2023\/01\/WhatsApp-Image-2023-01-25-at-10.10.44-AM-300x135.jpeg 300w, https:\/\/www.itakaescolapios.org\/wp-content\/uploads\/2023\/01\/WhatsApp-Image-2023-01-25-at-10.10.44-AM-1024x461.jpeg 1024w, https:\/\/www.itakaescolapios.org\/wp-content\/uploads\/2023\/01\/WhatsApp-Image-2023-01-25-at-10.10.44-AM-768x346.jpeg 768w, https:\/\/www.itakaescolapios.org\/wp-content\/uploads\/2023\/01\/WhatsApp-Image-2023-01-25-at-10.10.44-AM-250x113.jpeg 250w\" sizes=\"(max-width: 1080px) 100vw, 1080px\" \/><\/p>\n<p><img decoding=\"async\" class=\"size-full wp-image-38357 aligncenter\" src=\"https:\/\/www.itakaescolapios.org\/wp-content\/uploads\/2023\/01\/WhatsApp-Image-2023-01-25-at-10.09.39-AM.jpeg\" alt=\"\" width=\"1080\" height=\"486\" srcset=\"https:\/\/www.itakaescolapios.org\/wp-content\/uploads\/2023\/01\/WhatsApp-Image-2023-01-25-at-10.09.39-AM.jpeg 1080w, https:\/\/www.itakaescolapios.org\/wp-content\/uploads\/2023\/01\/WhatsApp-Image-2023-01-25-at-10.09.39-AM-300x135.jpeg 300w, https:\/\/www.itakaescolapios.org\/wp-content\/uploads\/2023\/01\/WhatsApp-Image-2023-01-25-at-10.09.39-AM-1024x461.jpeg 1024w, https:\/\/www.itakaescolapios.org\/wp-content\/uploads\/2023\/01\/WhatsApp-Image-2023-01-25-at-10.09.39-AM-768x346.jpeg 768w, https:\/\/www.itakaescolapios.org\/wp-content\/uploads\/2023\/01\/WhatsApp-Image-2023-01-25-at-10.09.39-AM-250x113.jpeg 250w\" sizes=\"(max-width: 1080px) 100vw, 1080px\" \/><\/p>\n<p><img decoding=\"async\" class=\"size-full wp-image-38358 aligncenter\" src=\"https:\/\/www.itakaescolapios.org\/wp-content\/uploads\/2023\/01\/WhatsApp-Image-2023-01-25-at-10.08.19-AM.jpeg\" alt=\"\" width=\"1080\" height=\"486\" srcset=\"https:\/\/www.itakaescolapios.org\/wp-content\/uploads\/2023\/01\/WhatsApp-Image-2023-01-25-at-10.08.19-AM.jpeg 1080w, https:\/\/www.itakaescolapios.org\/wp-content\/uploads\/2023\/01\/WhatsApp-Image-2023-01-25-at-10.08.19-AM-300x135.jpeg 300w, https:\/\/www.itakaescolapios.org\/wp-content\/uploads\/2023\/01\/WhatsApp-Image-2023-01-25-at-10.08.19-AM-1024x461.jpeg 1024w, https:\/\/www.itakaescolapios.org\/wp-content\/uploads\/2023\/01\/WhatsApp-Image-2023-01-25-at-10.08.19-AM-768x346.jpeg 768w, https:\/\/www.itakaescolapios.org\/wp-content\/uploads\/2023\/01\/WhatsApp-Image-2023-01-25-at-10.08.19-AM-250x113.jpeg 250w\" sizes=\"(max-width: 1080px) 100vw, 1080px\" \/><\/p>\n","protected":false},"excerpt":{"rendered":"<p>Last Tuesday, January 24, 2023, it was the turn of the Parish of Derri\u00e8re la Prison et le Champ la Paix (Evangelical Church of Gabon) to receive the parish of [&hellip;]<\/p>\n","protected":false},"author":15,"featured_media":38353,"comment_status":"closed","ping_status":"closed","sticky":false,"template":"","format":"standard","meta":{"_et_pb_use_builder":"","_et_pb_old_content":"","_et_gb_content_width":"","footnotes":""},"categories":[53,285],"tags":[],"class_list":["post-38352","post","type-post","status-publish","format-standard","has-post-thumbnail","hentry","category-africa-central","category-gabon"],"yoast_head":"<!-- This site is optimized with the Yoast SEO plugin v27.4 - https:\/\/yoast.com\/product\/yoast-seo-wordpress\/ -->\n<title>SEMAINE DE PRIERE POUR L&#039;UNITE DES CHRETIENS (Malib\u00e9 \u2013 Gabon)<\/title>\n<meta name=\"description\" content=\"Last Tuesday, January 24, 2023, it was the turn of the Parish of Derri\u00e8re la Prison et le Champ la Paix (Evangelical Church of Gabon) to receive the parish of Saint Louis Marie GRIGNON DE MONTFORT for a Chair Exchange on the occasion of the week prayer for Christian unity. &quot;Each time you did it\u2026\" \/>\n<meta name=\"robots\" content=\"index, follow, max-snippet:-1, max-image-preview:large, max-video-preview:-1\" \/>\n<link rel=\"canonical\" href=\"http:\/\/Last%20Tuesday,%20January%2024,%202023,%20it%20was%20the%20turn%20of%20the%20Parish%20of%20Derri\u00e8re%20la%20Prison%20et%20le%20Champ%20la%20Paix%20(Evangelical%20Church%20of%20Gabon)%20to%20receive%20the%20parish%20of%20Saint%20Louis%20Marie%20GRIGNON%20DE%20MONTFORT%20for%20a%20Chair%20Exchange%20on%20the%20occasion%20of%20the%20week%20prayer%20for%20Christian%20unity.%20Each%20time%20you%20did%20it\u2026\" \/>\n<meta property=\"og:locale\" content=\"fr_FR\" \/>\n<meta property=\"og:type\" content=\"article\" \/>\n<meta property=\"og:title\" content=\"SEMAINE DE PRIERE POUR L&#039;UNITE DES CHRETIENS (Malib\u00e9 \u2013 Gabon)\" \/>\n<meta property=\"og:description\" content=\"Last Tuesday, January 24, 2023, it was the turn of the Parish of Derri\u00e8re la Prison et le Champ la Paix (Evangelical Church of Gabon) to receive the parish of Saint Louis Marie GRIGNON DE MONTFORT for a Chair Exchange on the occasion of the week prayer for Christian unity. &quot;Each time you did it\u2026\" \/>\n<meta property=\"og:url\" content=\"https:\/\/www.itakaescolapios.org\/fr\/2023\/01\/english-last-tuesday-january-24-2023-was-the-turn-of-the-parish-of-derriere-la-prison-and-champ-la-paix-evangelical-church-of-gabon-to-receive-the-parish-of-saint-louis-marie-grignon-de-montfor\/\" \/>\n<meta property=\"og:site_name\" content=\"Itaka-Escolapios\" \/>\n<meta property=\"article:published_time\" content=\"2023-01-25T10:04:58+00:00\" \/>\n<meta property=\"article:modified_time\" content=\"2023-11-28T11:35:37+00:00\" \/>\n<meta property=\"og:image\" content=\"https:\/\/www.itakaescolapios.org\/wp-content\/uploads\/2023\/01\/WhatsApp-Image-2023-01-25-at-10.12.54-AM.jpeg\" \/>\n\t<meta property=\"og:image:width\" content=\"1080\" \/>\n\t<meta property=\"og:image:height\" content=\"486\" \/>\n\t<meta property=\"og:image:type\" content=\"image\/jpeg\" \/>\n<meta name=\"author\" content=\"cameroun01\" \/>\n<meta name=\"twitter:card\" content=\"summary_large_image\" \/>\n<meta name=\"twitter:label1\" content=\"\u00c9crit par\" \/>\n\t<meta name=\"twitter:data1\" content=\"cameroun01\" \/>\n\t<meta name=\"twitter:label2\" content=\"Dur\u00e9e de lecture estim\u00e9e\" \/>\n\t<meta name=\"twitter:data2\" content=\"1 minute\" \/>\n<script type=\"application\/ld+json\" class=\"yoast-schema-graph\">{\"@context\":\"https:\\\/\\\/schema.org\",\"@graph\":[{\"@type\":\"Article\",\"@id\":\"https:\\\/\\\/www.itakaescolapios.org\\\/fr\\\/2023\\\/01\\\/english-last-tuesday-january-24-2023-was-the-turn-of-the-parish-of-derriere-la-prison-and-champ-la-paix-evangelical-church-of-gabon-to-receive-the-parish-of-saint-louis-marie-grignon-de-montfor\\\/#article\",\"isPartOf\":{\"@id\":\"https:\\\/\\\/www.itakaescolapios.org\\\/fr\\\/2023\\\/01\\\/english-last-tuesday-january-24-2023-was-the-turn-of-the-parish-of-derriere-la-prison-and-champ-la-paix-evangelical-church-of-gabon-to-receive-the-parish-of-saint-louis-marie-grignon-de-montfor\\\/\"},\"author\":{\"name\":\"cameroun01\",\"@id\":\"https:\\\/\\\/www.itakaescolapios.org\\\/es\\\/#\\\/schema\\\/person\\\/d2844383e29bfdfef69039672ce14eb1\"},\"headline\":\"SEMAINE DE PRIERE POUR L'UNITE DES CHRETIENS (Malib\u00e9 \u2013 Gabon)\",\"datePublished\":\"2023-01-25T10:04:58+00:00\",\"dateModified\":\"2023-11-28T11:35:37+00:00\",\"mainEntityOfPage\":{\"@id\":\"https:\\\/\\\/www.itakaescolapios.org\\\/fr\\\/2023\\\/01\\\/english-last-tuesday-january-24-2023-was-the-turn-of-the-parish-of-derriere-la-prison-and-champ-la-paix-evangelical-church-of-gabon-to-receive-the-parish-of-saint-louis-marie-grignon-de-montfor\\\/\"},\"wordCount\":187,\"publisher\":{\"@id\":\"https:\\\/\\\/www.itakaescolapios.org\\\/es\\\/#organization\"},\"image\":{\"@id\":\"https:\\\/\\\/www.itakaescolapios.org\\\/fr\\\/2023\\\/01\\\/english-last-tuesday-january-24-2023-was-the-turn-of-the-parish-of-derriere-la-prison-and-champ-la-paix-evangelical-church-of-gabon-to-receive-the-parish-of-saint-louis-marie-grignon-de-montfor\\\/#primaryimage\"},\"thumbnailUrl\":\"https:\\\/\\\/www.itakaescolapios.org\\\/wp-content\\\/uploads\\\/2023\\\/01\\\/WhatsApp-Image-2023-01-25-at-10.12.54-AM.jpeg\",\"articleSection\":[\"Afrique centrale\",\"Gab\u00f3n\"],\"inLanguage\":\"fr-FR\"},{\"@type\":\"WebPage\",\"@id\":\"https:\\\/\\\/www.itakaescolapios.org\\\/fr\\\/2023\\\/01\\\/english-last-tuesday-january-24-2023-was-the-turn-of-the-parish-of-derriere-la-prison-and-champ-la-paix-evangelical-church-of-gabon-to-receive-the-parish-of-saint-louis-marie-grignon-de-montfor\\\/\",\"url\":\"https:\\\/\\\/www.itakaescolapios.org\\\/fr\\\/2023\\\/01\\\/english-last-tuesday-january-24-2023-was-the-turn-of-the-parish-of-derriere-la-prison-and-champ-la-paix-evangelical-church-of-gabon-to-receive-the-parish-of-saint-louis-marie-grignon-de-montfor\\\/\",\"name\":\"- Itaka-Escolapios\",\"isPartOf\":{\"@id\":\"https:\\\/\\\/www.itakaescolapios.org\\\/es\\\/#website\"},\"primaryImageOfPage\":{\"@id\":\"https:\\\/\\\/www.itakaescolapios.org\\\/fr\\\/2023\\\/01\\\/english-last-tuesday-january-24-2023-was-the-turn-of-the-parish-of-derriere-la-prison-and-champ-la-paix-evangelical-church-of-gabon-to-receive-the-parish-of-saint-louis-marie-grignon-de-montfor\\\/#primaryimage\"},\"image\":{\"@id\":\"https:\\\/\\\/www.itakaescolapios.org\\\/fr\\\/2023\\\/01\\\/english-last-tuesday-january-24-2023-was-the-turn-of-the-parish-of-derriere-la-prison-and-champ-la-paix-evangelical-church-of-gabon-to-receive-the-parish-of-saint-louis-marie-grignon-de-montfor\\\/#primaryimage\"},\"thumbnailUrl\":\"https:\\\/\\\/www.itakaescolapios.org\\\/wp-content\\\/uploads\\\/2023\\\/01\\\/WhatsApp-Image-2023-01-25-at-10.12.54-AM.jpeg\",\"datePublished\":\"2023-01-25T10:04:58+00:00\",\"dateModified\":\"2023-11-28T11:35:37+00:00\",\"breadcrumb\":{\"@id\":\"https:\\\/\\\/www.itakaescolapios.org\\\/fr\\\/2023\\\/01\\\/english-last-tuesday-january-24-2023-was-the-turn-of-the-parish-of-derriere-la-prison-and-champ-la-paix-evangelical-church-of-gabon-to-receive-the-parish-of-saint-louis-marie-grignon-de-montfor\\\/#breadcrumb\"},\"inLanguage\":\"fr-FR\",\"potentialAction\":[{\"@type\":\"ReadAction\",\"target\":[\"https:\\\/\\\/www.itakaescolapios.org\\\/fr\\\/2023\\\/01\\\/english-last-tuesday-january-24-2023-was-the-turn-of-the-parish-of-derriere-la-prison-and-champ-la-paix-evangelical-church-of-gabon-to-receive-the-parish-of-saint-louis-marie-grignon-de-montfor\\\/\"]}]},{\"@type\":\"ImageObject\",\"inLanguage\":\"fr-FR\",\"@id\":\"https:\\\/\\\/www.itakaescolapios.org\\\/fr\\\/2023\\\/01\\\/english-last-tuesday-january-24-2023-was-the-turn-of-the-parish-of-derriere-la-prison-and-champ-la-paix-evangelical-church-of-gabon-to-receive-the-parish-of-saint-louis-marie-grignon-de-montfor\\\/#primaryimage\",\"url\":\"https:\\\/\\\/www.itakaescolapios.org\\\/wp-content\\\/uploads\\\/2023\\\/01\\\/WhatsApp-Image-2023-01-25-at-10.12.54-AM.jpeg\",\"contentUrl\":\"https:\\\/\\\/www.itakaescolapios.org\\\/wp-content\\\/uploads\\\/2023\\\/01\\\/WhatsApp-Image-2023-01-25-at-10.12.54-AM.jpeg\",\"width\":1080,\"height\":486},{\"@type\":\"BreadcrumbList\",\"@id\":\"https:\\\/\\\/www.itakaescolapios.org\\\/fr\\\/2023\\\/01\\\/english-last-tuesday-january-24-2023-was-the-turn-of-the-parish-of-derriere-la-prison-and-champ-la-paix-evangelical-church-of-gabon-to-receive-the-parish-of-saint-louis-marie-grignon-de-montfor\\\/#breadcrumb\",\"itemListElement\":[{\"@type\":\"ListItem\",\"position\":1,\"name\":\"Itaka-Escolapios\",\"item\":\"https:\\\/\\\/www.itakaescolapios.org\\\/es\\\/\"},{\"@type\":\"ListItem\",\"position\":2,\"name\":\"SEMAINE DE PRIERE POUR L'UNITE DES CHRETIENS (Malib\u00e9 \u2013 Gabon)\"}]},{\"@type\":\"WebSite\",\"@id\":\"https:\\\/\\\/www.itakaescolapios.org\\\/fr\\\/es\\\/#website\",\"url\":\"https:\\\/\\\/www.itakaescolapios.org\\\/fr\\\/es\\\/\",\"name\":\"Itaka-Escolapios\",\"description\":\"Red de Itaka-Escolapios\",\"publisher\":{\"@id\":\"https:\\\/\\\/www.itakaescolapios.org\\\/fr\\\/es\\\/#organization\"},\"potentialAction\":[{\"@type\":\"SearchAction\",\"target\":{\"@type\":\"EntryPoint\",\"urlTemplate\":\"https:\\\/\\\/www.itakaescolapios.org\\\/fr\\\/es\\\/?s={search_term_string}\"},\"query-input\":{\"@type\":\"PropertyValueSpecification\",\"valueRequired\":true,\"valueName\":\"search_term_string\"}}],\"inLanguage\":\"fr-FR\"},{\"@type\":\"Organization\",\"@id\":\"https:\\\/\\\/www.itakaescolapios.org\\\/fr\\\/es\\\/#organization\",\"name\":\"Fundaci\u00f3 Itaka-Escolapios\",\"url\":\"https:\\\/\\\/www.itakaescolapios.org\\\/fr\\\/es\\\/\",\"logo\":{\"@type\":\"ImageObject\",\"inLanguage\":\"fr-FR\",\"@id\":\"https:\\\/\\\/www.itakaescolapios.org\\\/fr\\\/es\\\/#\\\/schema\\\/logo\\\/image\\\/\",\"url\":\"https:\\\/\\\/www.itakaescolapios.org\\\/wp-content\\\/uploads\\\/2024\\\/04\\\/Logo-itakaescolapios-peque.png\",\"contentUrl\":\"https:\\\/\\\/www.itakaescolapios.org\\\/wp-content\\\/uploads\\\/2024\\\/04\\\/Logo-itakaescolapios-peque.png\",\"width\":500,\"height\":199,\"caption\":\"Fundaci\u00f3 Itaka-Escolapios\"},\"image\":{\"@id\":\"https:\\\/\\\/www.itakaescolapios.org\\\/fr\\\/es\\\/#\\\/schema\\\/logo\\\/image\\\/\"}},{\"@type\":\"Person\",\"@id\":\"https:\\\/\\\/www.itakaescolapios.org\\\/es\\\/#\\\/schema\\\/person\\\/d2844383e29bfdfef69039672ce14eb1\",\"name\":\"cameroun01\",\"url\":\"https:\\\/\\\/www.itakaescolapios.org\\\/fr\\\/author\\\/cameroun01\\\/\"}]}<\/script>\n<!-- \/ Yoast SEO plugin. -->","yoast_head_json":{"title":"SEMAINE DE PRIERE POUR L'UNITE DES CHRETIENS (Malib\u00e9 \u2013 Gabon)","description":"Last Tuesday, January 24, 2023, it was the turn of the Parish of Derri\u00e8re la Prison et le Champ la Paix (Evangelical Church of Gabon) to receive the parish of Saint Louis Marie GRIGNON DE MONTFORT for a Chair Exchange on the occasion of the week prayer for Christian unity. \"Each time you did it\u2026","robots":{"index":"index","follow":"follow","max-snippet":"max-snippet:-1","max-image-preview":"max-image-preview:large","max-video-preview":"max-video-preview:-1"},"canonical":"Last Tuesday, January 24, 2023, it was the turn of the Parish of Derri\u00e8re la Prison et le Champ la Paix (Evangelical Church of Gabon) to receive the parish of Saint Louis Marie GRIGNON DE MONTFORT for a Chair Exchange on the occasion of the week prayer for Christian unity. \"Each time you did it\u2026","og_locale":"fr_FR","og_type":"article","og_title":"SEMAINE DE PRIERE POUR L'UNITE DES CHRETIENS (Malib\u00e9 \u2013 Gabon)","og_description":"Last Tuesday, January 24, 2023, it was the turn of the Parish of Derri\u00e8re la Prison et le Champ la Paix (Evangelical Church of Gabon) to receive the parish of Saint Louis Marie GRIGNON DE MONTFORT for a Chair Exchange on the occasion of the week prayer for Christian unity. \"Each time you did it\u2026","og_url":"https:\/\/www.itakaescolapios.org\/fr\/2023\/01\/english-last-tuesday-january-24-2023-was-the-turn-of-the-parish-of-derriere-la-prison-and-champ-la-paix-evangelical-church-of-gabon-to-receive-the-parish-of-saint-louis-marie-grignon-de-montfor\/","og_site_name":"Itaka-Escolapios","article_published_time":"2023-01-25T10:04:58+00:00","article_modified_time":"2023-11-28T11:35:37+00:00","og_image":[{"width":1080,"height":486,"url":"https:\/\/www.itakaescolapios.org\/wp-content\/uploads\/2023\/01\/WhatsApp-Image-2023-01-25-at-10.12.54-AM.jpeg","type":"image\/jpeg"}],"author":"cameroun01","twitter_card":"summary_large_image","twitter_misc":{"\u00c9crit par":"cameroun01","Dur\u00e9e de lecture estim\u00e9e":"1 minute"},"schema":{"@context":"https:\/\/schema.org","@graph":[{"@type":"Article","@id":"https:\/\/www.itakaescolapios.org\/fr\/2023\/01\/english-last-tuesday-january-24-2023-was-the-turn-of-the-parish-of-derriere-la-prison-and-champ-la-paix-evangelical-church-of-gabon-to-receive-the-parish-of-saint-louis-marie-grignon-de-montfor\/#article","isPartOf":{"@id":"https:\/\/www.itakaescolapios.org\/fr\/2023\/01\/english-last-tuesday-january-24-2023-was-the-turn-of-the-parish-of-derriere-la-prison-and-champ-la-paix-evangelical-church-of-gabon-to-receive-the-parish-of-saint-louis-marie-grignon-de-montfor\/"},"author":{"name":"cameroun01","@id":"https:\/\/www.itakaescolapios.org\/es\/#\/schema\/person\/d2844383e29bfdfef69039672ce14eb1"},"headline":"SEMAINE DE PRIERE POUR L'UNITE DES CHRETIENS (Malib\u00e9 \u2013 Gabon)","datePublished":"2023-01-25T10:04:58+00:00","dateModified":"2023-11-28T11:35:37+00:00","mainEntityOfPage":{"@id":"https:\/\/www.itakaescolapios.org\/fr\/2023\/01\/english-last-tuesday-january-24-2023-was-the-turn-of-the-parish-of-derriere-la-prison-and-champ-la-paix-evangelical-church-of-gabon-to-receive-the-parish-of-saint-louis-marie-grignon-de-montfor\/"},"wordCount":187,"publisher":{"@id":"https:\/\/www.itakaescolapios.org\/es\/#organization"},"image":{"@id":"https:\/\/www.itakaescolapios.org\/fr\/2023\/01\/english-last-tuesday-january-24-2023-was-the-turn-of-the-parish-of-derriere-la-prison-and-champ-la-paix-evangelical-church-of-gabon-to-receive-the-parish-of-saint-louis-marie-grignon-de-montfor\/#primaryimage"},"thumbnailUrl":"https:\/\/www.itakaescolapios.org\/wp-content\/uploads\/2023\/01\/WhatsApp-Image-2023-01-25-at-10.12.54-AM.jpeg","articleSection":["Afrique centrale","Gab\u00f3n"],"inLanguage":"fr-FR"},{"@type":"WebPage","@id":"https:\/\/www.itakaescolapios.org\/fr\/2023\/01\/english-last-tuesday-january-24-2023-was-the-turn-of-the-parish-of-derriere-la-prison-and-champ-la-paix-evangelical-church-of-gabon-to-receive-the-parish-of-saint-louis-marie-grignon-de-montfor\/","url":"https:\/\/www.itakaescolapios.org\/fr\/2023\/01\/english-last-tuesday-january-24-2023-was-the-turn-of-the-parish-of-derriere-la-prison-and-champ-la-paix-evangelical-church-of-gabon-to-receive-the-parish-of-saint-louis-marie-grignon-de-montfor\/","name":"- Itaka-Escolapios","isPartOf":{"@id":"https:\/\/www.itakaescolapios.org\/es\/#website"},"primaryImageOfPage":{"@id":"https:\/\/www.itakaescolapios.org\/fr\/2023\/01\/english-last-tuesday-january-24-2023-was-the-turn-of-the-parish-of-derriere-la-prison-and-champ-la-paix-evangelical-church-of-gabon-to-receive-the-parish-of-saint-louis-marie-grignon-de-montfor\/#primaryimage"},"image":{"@id":"https:\/\/www.itakaescolapios.org\/fr\/2023\/01\/english-last-tuesday-january-24-2023-was-the-turn-of-the-parish-of-derriere-la-prison-and-champ-la-paix-evangelical-church-of-gabon-to-receive-the-parish-of-saint-louis-marie-grignon-de-montfor\/#primaryimage"},"thumbnailUrl":"https:\/\/www.itakaescolapios.org\/wp-content\/uploads\/2023\/01\/WhatsApp-Image-2023-01-25-at-10.12.54-AM.jpeg","datePublished":"2023-01-25T10:04:58+00:00","dateModified":"2023-11-28T11:35:37+00:00","breadcrumb":{"@id":"https:\/\/www.itakaescolapios.org\/fr\/2023\/01\/english-last-tuesday-january-24-2023-was-the-turn-of-the-parish-of-derriere-la-prison-and-champ-la-paix-evangelical-church-of-gabon-to-receive-the-parish-of-saint-louis-marie-grignon-de-montfor\/#breadcrumb"},"inLanguage":"fr-FR","potentialAction":[{"@type":"ReadAction","target":["https:\/\/www.itakaescolapios.org\/fr\/2023\/01\/english-last-tuesday-january-24-2023-was-the-turn-of-the-parish-of-derriere-la-prison-and-champ-la-paix-evangelical-church-of-gabon-to-receive-the-parish-of-saint-louis-marie-grignon-de-montfor\/"]}]},{"@type":"ImageObject","inLanguage":"fr-FR","@id":"https:\/\/www.itakaescolapios.org\/fr\/2023\/01\/english-last-tuesday-january-24-2023-was-the-turn-of-the-parish-of-derriere-la-prison-and-champ-la-paix-evangelical-church-of-gabon-to-receive-the-parish-of-saint-louis-marie-grignon-de-montfor\/#primaryimage","url":"https:\/\/www.itakaescolapios.org\/wp-content\/uploads\/2023\/01\/WhatsApp-Image-2023-01-25-at-10.12.54-AM.jpeg","contentUrl":"https:\/\/www.itakaescolapios.org\/wp-content\/uploads\/2023\/01\/WhatsApp-Image-2023-01-25-at-10.12.54-AM.jpeg","width":1080,"height":486},{"@type":"BreadcrumbList","@id":"https:\/\/www.itakaescolapios.org\/fr\/2023\/01\/english-last-tuesday-january-24-2023-was-the-turn-of-the-parish-of-derriere-la-prison-and-champ-la-paix-evangelical-church-of-gabon-to-receive-the-parish-of-saint-louis-marie-grignon-de-montfor\/#breadcrumb","itemListElement":[{"@type":"ListItem","position":1,"name":"Itaka-Escolapios","item":"https:\/\/www.itakaescolapios.org\/es\/"},{"@type":"ListItem","position":2,"name":"SEMAINE DE PRIERE POUR L'UNITE DES CHRETIENS (Malib\u00e9 \u2013 Gabon)"}]},{"@type":"WebSite","@id":"https:\/\/www.itakaescolapios.org\/fr\/es\/#website","url":"https:\/\/www.itakaescolapios.org\/fr\/es\/","name":"Itaka-Escolapios","description":"Red de Itaka-Escolapios","publisher":{"@id":"https:\/\/www.itakaescolapios.org\/fr\/es\/#organization"},"potentialAction":[{"@type":"SearchAction","target":{"@type":"EntryPoint","urlTemplate":"https:\/\/www.itakaescolapios.org\/fr\/es\/?s={search_term_string}"},"query-input":{"@type":"PropertyValueSpecification","valueRequired":true,"valueName":"search_term_string"}}],"inLanguage":"fr-FR"},{"@type":"Organization","@id":"https:\/\/www.itakaescolapios.org\/fr\/es\/#organization","name":"Fundaci\u00f3 Itaka-Escolapios","url":"https:\/\/www.itakaescolapios.org\/fr\/es\/","logo":{"@type":"ImageObject","inLanguage":"fr-FR","@id":"https:\/\/www.itakaescolapios.org\/fr\/es\/#\/schema\/logo\/image\/","url":"https:\/\/www.itakaescolapios.org\/wp-content\/uploads\/2024\/04\/Logo-itakaescolapios-peque.png","contentUrl":"https:\/\/www.itakaescolapios.org\/wp-content\/uploads\/2024\/04\/Logo-itakaescolapios-peque.png","width":500,"height":199,"caption":"Fundaci\u00f3 Itaka-Escolapios"},"image":{"@id":"https:\/\/www.itakaescolapios.org\/fr\/es\/#\/schema\/logo\/image\/"}},{"@type":"Person","@id":"https:\/\/www.itakaescolapios.org\/es\/#\/schema\/person\/d2844383e29bfdfef69039672ce14eb1","name":"cameroun01","url":"https:\/\/www.itakaescolapios.org\/fr\/author\/cameroun01\/"}]}},"_links":{"self":[{"href":"https:\/\/www.itakaescolapios.org\/fr\/wp-json\/wp\/v2\/posts\/38352","targetHints":{"allow":["GET"]}}],"collection":[{"href":"https:\/\/www.itakaescolapios.org\/fr\/wp-json\/wp\/v2\/posts"}],"about":[{"href":"https:\/\/www.itakaescolapios.org\/fr\/wp-json\/wp\/v2\/types\/post"}],"author":[{"embeddable":true,"href":"https:\/\/www.itakaescolapios.org\/fr\/wp-json\/wp\/v2\/users\/15"}],"replies":[{"embeddable":true,"href":"https:\/\/www.itakaescolapios.org\/fr\/wp-json\/wp\/v2\/comments?post=38352"}],"version-history":[{"count":4,"href":"https:\/\/www.itakaescolapios.org\/fr\/wp-json\/wp\/v2\/posts\/38352\/revisions"}],"predecessor-version":[{"id":43719,"href":"https:\/\/www.itakaescolapios.org\/fr\/wp-json\/wp\/v2\/posts\/38352\/revisions\/43719"}],"wp:featuredmedia":[{"embeddable":true,"href":"https:\/\/www.itakaescolapios.org\/fr\/wp-json\/wp\/v2\/media\/38353"}],"wp:attachment":[{"href":"https:\/\/www.itakaescolapios.org\/fr\/wp-json\/wp\/v2\/media?parent=38352"}],"wp:term":[{"taxonomy":"category","embeddable":true,"href":"https:\/\/www.itakaescolapios.org\/fr\/wp-json\/wp\/v2\/categories?post=38352"},{"taxonomy":"post_tag","embeddable":true,"href":"https:\/\/www.itakaescolapios.org\/fr\/wp-json\/wp\/v2\/tags?post=38352"}],"curies":[{"name":"wp","href":"https:\/\/api.w.org\/{rel}","templated":true}]}}