{"id":38399,"date":"2023-01-27T12:50:23","date_gmt":"2023-01-27T11:50:23","guid":{"rendered":"https:\/\/www.itakaescolapios.org\/?p=38399"},"modified":"2023-11-28T12:35:37","modified_gmt":"2023-11-28T11:35:37","slug":"english-closing-of-peace-week-at-coscabic-bafia","status":"publish","type":"post","link":"https:\/\/www.itakaescolapios.org\/fr\/2023\/01\/english-closing-of-peace-week-at-coscabic-bafia\/","title":{"rendered":"CLOTURE DE LA SEMAINE DE LA PAIX AU COSCABIC BAFIA"},"content":{"rendered":"<p>Ce vendredi 27 janvier 2023\u00a0 a eu lieu \u00e0 Bafia (Cameroun) , la cl\u00f4ture de la semaine de la paix, \u00e0 travers plusieurs activit\u00e9s. Au programme : marche avec les enfants pour la paix et diverses prestations (chants, r\u00e9cits et sketch). C\u2019\u00e9tait une journ\u00e9e de paix, de c\u00e9l\u00e9bration et de joie. A leur fa\u00e7on, les tout petits ont c\u00e9l\u00e9br\u00e9 la paix, et ont manifest\u00e9 leur d\u00e9sir de tranquillit\u00e9 et d\u2019amour dans le monde en g\u00e9n\u00e9ral et au Cameroun en particulier.<\/p>\n<p>&nbsp;<\/p>\n<div style=\"width: 640px;\" class=\"wp-video\"><video class=\"wp-video-shortcode\" id=\"video-38399-1\" width=\"640\" height=\"352\" preload=\"metadata\" controls=\"controls\"><source type=\"video\/mp4\" src=\"https:\/\/www.itakaescolapios.org\/wp-content\/uploads\/2023\/01\/WhatsApp-Video-2023-01-27-at-10.21.22-AM.mp4?_=1\" \/><a href=\"https:\/\/www.itakaescolapios.org\/wp-content\/uploads\/2023\/01\/WhatsApp-Video-2023-01-27-at-10.21.22-AM.mp4\">https:\/\/www.itakaescolapios.org\/wp-content\/uploads\/2023\/01\/WhatsApp-Video-2023-01-27-at-10.21.22-AM.mp4<\/a><\/video><\/div>\n<p><img decoding=\"async\" class=\"size-full wp-image-38401 aligncenter\" src=\"https:\/\/www.itakaescolapios.org\/wp-content\/uploads\/2023\/01\/WhatsApp-Image-2023-01-27-at-12.24.11-PM-1.jpeg\" alt=\"\" width=\"960\" height=\"540\" srcset=\"https:\/\/www.itakaescolapios.org\/wp-content\/uploads\/2023\/01\/WhatsApp-Image-2023-01-27-at-12.24.11-PM-1.jpeg 960w, https:\/\/www.itakaescolapios.org\/wp-content\/uploads\/2023\/01\/WhatsApp-Image-2023-01-27-at-12.24.11-PM-1-300x169.jpeg 300w, https:\/\/www.itakaescolapios.org\/wp-content\/uploads\/2023\/01\/WhatsApp-Image-2023-01-27-at-12.24.11-PM-1-768x432.jpeg 768w, https:\/\/www.itakaescolapios.org\/wp-content\/uploads\/2023\/01\/WhatsApp-Image-2023-01-27-at-12.24.11-PM-1-250x141.jpeg 250w\" sizes=\"(max-width: 960px) 100vw, 960px\" \/><\/p>\n<p><img decoding=\"async\" class=\"size-full wp-image-38402 aligncenter\" src=\"https:\/\/www.itakaescolapios.org\/wp-content\/uploads\/2023\/01\/WhatsApp-Image-2023-01-27-at-12.24.11-PM.jpeg\" alt=\"\" width=\"960\" height=\"540\" srcset=\"https:\/\/www.itakaescolapios.org\/wp-content\/uploads\/2023\/01\/WhatsApp-Image-2023-01-27-at-12.24.11-PM.jpeg 960w, https:\/\/www.itakaescolapios.org\/wp-content\/uploads\/2023\/01\/WhatsApp-Image-2023-01-27-at-12.24.11-PM-300x169.jpeg 300w, https:\/\/www.itakaescolapios.org\/wp-content\/uploads\/2023\/01\/WhatsApp-Image-2023-01-27-at-12.24.11-PM-768x432.jpeg 768w, https:\/\/www.itakaescolapios.org\/wp-content\/uploads\/2023\/01\/WhatsApp-Image-2023-01-27-at-12.24.11-PM-250x141.jpeg 250w\" sizes=\"(max-width: 960px) 100vw, 960px\" \/><\/p>\n<p><img decoding=\"async\" class=\"size-full wp-image-38403 aligncenter\" src=\"https:\/\/www.itakaescolapios.org\/wp-content\/uploads\/2023\/01\/WhatsApp-Image-2023-01-27-at-12.24.10-PM.jpeg\" alt=\"\" width=\"1080\" height=\"486\" srcset=\"https:\/\/www.itakaescolapios.org\/wp-content\/uploads\/2023\/01\/WhatsApp-Image-2023-01-27-at-12.24.10-PM.jpeg 1080w, https:\/\/www.itakaescolapios.org\/wp-content\/uploads\/2023\/01\/WhatsApp-Image-2023-01-27-at-12.24.10-PM-300x135.jpeg 300w, https:\/\/www.itakaescolapios.org\/wp-content\/uploads\/2023\/01\/WhatsApp-Image-2023-01-27-at-12.24.10-PM-1024x461.jpeg 1024w, https:\/\/www.itakaescolapios.org\/wp-content\/uploads\/2023\/01\/WhatsApp-Image-2023-01-27-at-12.24.10-PM-768x346.jpeg 768w, https:\/\/www.itakaescolapios.org\/wp-content\/uploads\/2023\/01\/WhatsApp-Image-2023-01-27-at-12.24.10-PM-250x113.jpeg 250w\" sizes=\"(max-width: 1080px) 100vw, 1080px\" \/><\/p>\n<p><img decoding=\"async\" class=\"size-full wp-image-38405 aligncenter\" src=\"https:\/\/www.itakaescolapios.org\/wp-content\/uploads\/2023\/01\/WhatsApp-Image-2023-01-27-at-12.24.06-PM.jpeg\" alt=\"\" width=\"1080\" height=\"486\" srcset=\"https:\/\/www.itakaescolapios.org\/wp-content\/uploads\/2023\/01\/WhatsApp-Image-2023-01-27-at-12.24.06-PM.jpeg 1080w, https:\/\/www.itakaescolapios.org\/wp-content\/uploads\/2023\/01\/WhatsApp-Image-2023-01-27-at-12.24.06-PM-300x135.jpeg 300w, https:\/\/www.itakaescolapios.org\/wp-content\/uploads\/2023\/01\/WhatsApp-Image-2023-01-27-at-12.24.06-PM-1024x461.jpeg 1024w, https:\/\/www.itakaescolapios.org\/wp-content\/uploads\/2023\/01\/WhatsApp-Image-2023-01-27-at-12.24.06-PM-768x346.jpeg 768w, https:\/\/www.itakaescolapios.org\/wp-content\/uploads\/2023\/01\/WhatsApp-Image-2023-01-27-at-12.24.06-PM-250x113.jpeg 250w\" sizes=\"(max-width: 1080px) 100vw, 1080px\" \/><\/p>\n","protected":false},"excerpt":{"rendered":"<p>Ce vendredi 27 janvier 2023\u00a0 a eu lieu \u00e0 Bafia (Cameroun) , la cl\u00f4ture de la semaine de la paix, \u00e0 travers plusieurs activit\u00e9s. Au programme : marche avec les [&hellip;]<\/p>\n","protected":false},"author":15,"featured_media":38401,"comment_status":"closed","ping_status":"closed","sticky":false,"template":"","format":"standard","meta":{"_et_pb_use_builder":"","_et_pb_old_content":"","_et_gb_content_width":"","footnotes":""},"categories":[53,10],"tags":[],"class_list":["post-38399","post","type-post","status-publish","format-standard","has-post-thumbnail","hentry","category-africa-central","category-camerun"],"yoast_head":"<!-- This site is optimized with the Yoast SEO plugin v27.4 - https:\/\/yoast.com\/product\/yoast-seo-wordpress\/ -->\n<title>CLOTURE DE LA SEMAINE DE LA PAIX AU COSCABIC BAFIA<\/title>\n<meta name=\"description\" content=\"Ce vendredi 27 janvier 2023\u00a0 a eu lieu \u00e0 Bafia (Cameroun) , la cl\u00f4ture de la semaine de la paix, \u00e0 travers plusieurs activit\u00e9s. Au programme : marche avec les enfants pour la paix et diverses prestations (chants, r\u00e9cits et sketch). C\u2019\u00e9tait une journ\u00e9e de paix, de c\u00e9l\u00e9bration et de joie. A leur fa\u00e7on, les\u2026\" \/>\n<meta name=\"robots\" content=\"index, follow, max-snippet:-1, max-image-preview:large, max-video-preview:-1\" \/>\n<link rel=\"canonical\" href=\"\" \/>\n<meta property=\"og:locale\" content=\"fr_FR\" \/>\n<meta property=\"og:type\" content=\"article\" \/>\n<meta property=\"og:title\" content=\"CLOTURE DE LA SEMAINE DE LA PAIX AU COSCABIC BAFIA\" \/>\n<meta property=\"og:description\" content=\"Ce vendredi 27 janvier 2023\u00a0 a eu lieu \u00e0 Bafia (Cameroun) , la cl\u00f4ture de la semaine de la paix, \u00e0 travers plusieurs activit\u00e9s. Au programme : marche avec les enfants pour la paix et diverses prestations (chants, r\u00e9cits et sketch). C\u2019\u00e9tait une journ\u00e9e de paix, de c\u00e9l\u00e9bration et de joie. A leur fa\u00e7on, les\u2026\" \/>\n<meta property=\"og:url\" content=\"https:\/\/www.itakaescolapios.org\/fr\/2023\/01\/english-closing-of-peace-week-at-coscabic-bafia\/\" \/>\n<meta property=\"og:site_name\" content=\"Itaka-Escolapios\" \/>\n<meta property=\"article:published_time\" content=\"2023-01-27T11:50:23+00:00\" \/>\n<meta property=\"article:modified_time\" content=\"2023-11-28T11:35:37+00:00\" \/>\n<meta property=\"og:image\" content=\"https:\/\/www.itakaescolapios.org\/wp-content\/uploads\/2023\/01\/WhatsApp-Image-2023-01-27-at-12.24.11-PM-1.jpeg\" \/>\n\t<meta property=\"og:image:width\" content=\"960\" \/>\n\t<meta property=\"og:image:height\" content=\"540\" \/>\n\t<meta property=\"og:image:type\" content=\"image\/jpeg\" \/>\n<meta name=\"author\" content=\"cameroun01\" \/>\n<meta name=\"twitter:card\" content=\"summary_large_image\" \/>\n<meta name=\"twitter:label1\" content=\"\u00c9crit par\" \/>\n\t<meta name=\"twitter:data1\" content=\"cameroun01\" \/>\n\t<meta name=\"twitter:label2\" content=\"Dur\u00e9e de lecture estim\u00e9e\" \/>\n\t<meta name=\"twitter:data2\" content=\"1 minute\" \/>\n<script type=\"application\/ld+json\" class=\"yoast-schema-graph\">{\"@context\":\"https:\\\/\\\/schema.org\",\"@graph\":[{\"@type\":\"Article\",\"@id\":\"https:\\\/\\\/www.itakaescolapios.org\\\/fr\\\/2023\\\/01\\\/english-closing-of-peace-week-at-coscabic-bafia\\\/#article\",\"isPartOf\":{\"@id\":\"https:\\\/\\\/www.itakaescolapios.org\\\/fr\\\/2023\\\/01\\\/english-closing-of-peace-week-at-coscabic-bafia\\\/\"},\"author\":{\"name\":\"cameroun01\",\"@id\":\"https:\\\/\\\/www.itakaescolapios.org\\\/es\\\/#\\\/schema\\\/person\\\/d2844383e29bfdfef69039672ce14eb1\"},\"headline\":\"CLOTURE DE LA SEMAINE DE LA PAIX AU COSCABIC BAFIA\",\"datePublished\":\"2023-01-27T11:50:23+00:00\",\"dateModified\":\"2023-11-28T11:35:37+00:00\",\"mainEntityOfPage\":{\"@id\":\"https:\\\/\\\/www.itakaescolapios.org\\\/fr\\\/2023\\\/01\\\/english-closing-of-peace-week-at-coscabic-bafia\\\/\"},\"wordCount\":195,\"publisher\":{\"@id\":\"https:\\\/\\\/www.itakaescolapios.org\\\/es\\\/#organization\"},\"image\":{\"@id\":\"https:\\\/\\\/www.itakaescolapios.org\\\/fr\\\/2023\\\/01\\\/english-closing-of-peace-week-at-coscabic-bafia\\\/#primaryimage\"},\"thumbnailUrl\":\"https:\\\/\\\/www.itakaescolapios.org\\\/wp-content\\\/uploads\\\/2023\\\/01\\\/WhatsApp-Image-2023-01-27-at-12.24.11-PM-1.jpeg\",\"articleSection\":[\"Afrique centrale\",\"Cameroun\"],\"inLanguage\":\"fr-FR\"},{\"@type\":\"WebPage\",\"@id\":\"https:\\\/\\\/www.itakaescolapios.org\\\/fr\\\/2023\\\/01\\\/english-closing-of-peace-week-at-coscabic-bafia\\\/\",\"url\":\"https:\\\/\\\/www.itakaescolapios.org\\\/fr\\\/2023\\\/01\\\/english-closing-of-peace-week-at-coscabic-bafia\\\/\",\"name\":\"- Itaka-Escolapios\",\"isPartOf\":{\"@id\":\"https:\\\/\\\/www.itakaescolapios.org\\\/es\\\/#website\"},\"primaryImageOfPage\":{\"@id\":\"https:\\\/\\\/www.itakaescolapios.org\\\/fr\\\/2023\\\/01\\\/english-closing-of-peace-week-at-coscabic-bafia\\\/#primaryimage\"},\"image\":{\"@id\":\"https:\\\/\\\/www.itakaescolapios.org\\\/fr\\\/2023\\\/01\\\/english-closing-of-peace-week-at-coscabic-bafia\\\/#primaryimage\"},\"thumbnailUrl\":\"https:\\\/\\\/www.itakaescolapios.org\\\/wp-content\\\/uploads\\\/2023\\\/01\\\/WhatsApp-Image-2023-01-27-at-12.24.11-PM-1.jpeg\",\"datePublished\":\"2023-01-27T11:50:23+00:00\",\"dateModified\":\"2023-11-28T11:35:37+00:00\",\"breadcrumb\":{\"@id\":\"https:\\\/\\\/www.itakaescolapios.org\\\/fr\\\/2023\\\/01\\\/english-closing-of-peace-week-at-coscabic-bafia\\\/#breadcrumb\"},\"inLanguage\":\"fr-FR\",\"potentialAction\":[{\"@type\":\"ReadAction\",\"target\":[\"https:\\\/\\\/www.itakaescolapios.org\\\/fr\\\/2023\\\/01\\\/english-closing-of-peace-week-at-coscabic-bafia\\\/\"]}]},{\"@type\":\"ImageObject\",\"inLanguage\":\"fr-FR\",\"@id\":\"https:\\\/\\\/www.itakaescolapios.org\\\/fr\\\/2023\\\/01\\\/english-closing-of-peace-week-at-coscabic-bafia\\\/#primaryimage\",\"url\":\"https:\\\/\\\/www.itakaescolapios.org\\\/wp-content\\\/uploads\\\/2023\\\/01\\\/WhatsApp-Image-2023-01-27-at-12.24.11-PM-1.jpeg\",\"contentUrl\":\"https:\\\/\\\/www.itakaescolapios.org\\\/wp-content\\\/uploads\\\/2023\\\/01\\\/WhatsApp-Image-2023-01-27-at-12.24.11-PM-1.jpeg\",\"width\":960,\"height\":540},{\"@type\":\"BreadcrumbList\",\"@id\":\"https:\\\/\\\/www.itakaescolapios.org\\\/fr\\\/2023\\\/01\\\/english-closing-of-peace-week-at-coscabic-bafia\\\/#breadcrumb\",\"itemListElement\":[{\"@type\":\"ListItem\",\"position\":1,\"name\":\"Itaka-Escolapios\",\"item\":\"https:\\\/\\\/www.itakaescolapios.org\\\/es\\\/\"},{\"@type\":\"ListItem\",\"position\":2,\"name\":\"CLOTURE DE LA SEMAINE DE LA PAIX AU COSCABIC BAFIA\"}]},{\"@type\":\"WebSite\",\"@id\":\"https:\\\/\\\/www.itakaescolapios.org\\\/fr\\\/es\\\/#website\",\"url\":\"https:\\\/\\\/www.itakaescolapios.org\\\/fr\\\/es\\\/\",\"name\":\"Itaka-Escolapios\",\"description\":\"Red de Itaka-Escolapios\",\"publisher\":{\"@id\":\"https:\\\/\\\/www.itakaescolapios.org\\\/fr\\\/es\\\/#organization\"},\"potentialAction\":[{\"@type\":\"SearchAction\",\"target\":{\"@type\":\"EntryPoint\",\"urlTemplate\":\"https:\\\/\\\/www.itakaescolapios.org\\\/fr\\\/es\\\/?s={search_term_string}\"},\"query-input\":{\"@type\":\"PropertyValueSpecification\",\"valueRequired\":true,\"valueName\":\"search_term_string\"}}],\"inLanguage\":\"fr-FR\"},{\"@type\":\"Organization\",\"@id\":\"https:\\\/\\\/www.itakaescolapios.org\\\/fr\\\/es\\\/#organization\",\"name\":\"Fundaci\u00f3 Itaka-Escolapios\",\"url\":\"https:\\\/\\\/www.itakaescolapios.org\\\/fr\\\/es\\\/\",\"logo\":{\"@type\":\"ImageObject\",\"inLanguage\":\"fr-FR\",\"@id\":\"https:\\\/\\\/www.itakaescolapios.org\\\/fr\\\/es\\\/#\\\/schema\\\/logo\\\/image\\\/\",\"url\":\"https:\\\/\\\/www.itakaescolapios.org\\\/wp-content\\\/uploads\\\/2024\\\/04\\\/Logo-itakaescolapios-peque.png\",\"contentUrl\":\"https:\\\/\\\/www.itakaescolapios.org\\\/wp-content\\\/uploads\\\/2024\\\/04\\\/Logo-itakaescolapios-peque.png\",\"width\":500,\"height\":199,\"caption\":\"Fundaci\u00f3 Itaka-Escolapios\"},\"image\":{\"@id\":\"https:\\\/\\\/www.itakaescolapios.org\\\/fr\\\/es\\\/#\\\/schema\\\/logo\\\/image\\\/\"}},{\"@type\":\"Person\",\"@id\":\"https:\\\/\\\/www.itakaescolapios.org\\\/es\\\/#\\\/schema\\\/person\\\/d2844383e29bfdfef69039672ce14eb1\",\"name\":\"cameroun01\",\"url\":\"https:\\\/\\\/www.itakaescolapios.org\\\/fr\\\/author\\\/cameroun01\\\/\"}]}<\/script>\n<!-- \/ Yoast SEO plugin. -->","yoast_head_json":{"title":"CLOTURE DE LA SEMAINE DE LA PAIX AU COSCABIC BAFIA","description":"Ce vendredi 27 janvier 2023\u00a0 a eu lieu \u00e0 Bafia (Cameroun) , la cl\u00f4ture de la semaine de la paix, \u00e0 travers plusieurs activit\u00e9s. Au programme : marche avec les enfants pour la paix et diverses prestations (chants, r\u00e9cits et sketch). C\u2019\u00e9tait une journ\u00e9e de paix, de c\u00e9l\u00e9bration et de joie. A leur fa\u00e7on, les\u2026","robots":{"index":"index","follow":"follow","max-snippet":"max-snippet:-1","max-image-preview":"max-image-preview:large","max-video-preview":"max-video-preview:-1"},"canonical":"Ce vendredi 27 janvier 2023\u00a0 a eu lieu \u00e0 Bafia (Cameroun) , la cl\u00f4ture de la semaine de la paix, \u00e0 travers plusieurs activit\u00e9s. Au programme : marche avec les enfants pour la paix et diverses prestations (chants, r\u00e9cits et sketch). C\u2019\u00e9tait une journ\u00e9e de paix, de c\u00e9l\u00e9bration et de joie. A leur fa\u00e7on, les\u2026","og_locale":"fr_FR","og_type":"article","og_title":"CLOTURE DE LA SEMAINE DE LA PAIX AU COSCABIC BAFIA","og_description":"Ce vendredi 27 janvier 2023\u00a0 a eu lieu \u00e0 Bafia (Cameroun) , la cl\u00f4ture de la semaine de la paix, \u00e0 travers plusieurs activit\u00e9s. Au programme : marche avec les enfants pour la paix et diverses prestations (chants, r\u00e9cits et sketch). C\u2019\u00e9tait une journ\u00e9e de paix, de c\u00e9l\u00e9bration et de joie. A leur fa\u00e7on, les\u2026","og_url":"https:\/\/www.itakaescolapios.org\/fr\/2023\/01\/english-closing-of-peace-week-at-coscabic-bafia\/","og_site_name":"Itaka-Escolapios","article_published_time":"2023-01-27T11:50:23+00:00","article_modified_time":"2023-11-28T11:35:37+00:00","og_image":[{"width":960,"height":540,"url":"https:\/\/www.itakaescolapios.org\/wp-content\/uploads\/2023\/01\/WhatsApp-Image-2023-01-27-at-12.24.11-PM-1.jpeg","type":"image\/jpeg"}],"author":"cameroun01","twitter_card":"summary_large_image","twitter_misc":{"\u00c9crit par":"cameroun01","Dur\u00e9e de lecture estim\u00e9e":"1 minute"},"schema":{"@context":"https:\/\/schema.org","@graph":[{"@type":"Article","@id":"https:\/\/www.itakaescolapios.org\/fr\/2023\/01\/english-closing-of-peace-week-at-coscabic-bafia\/#article","isPartOf":{"@id":"https:\/\/www.itakaescolapios.org\/fr\/2023\/01\/english-closing-of-peace-week-at-coscabic-bafia\/"},"author":{"name":"cameroun01","@id":"https:\/\/www.itakaescolapios.org\/es\/#\/schema\/person\/d2844383e29bfdfef69039672ce14eb1"},"headline":"CLOTURE DE LA SEMAINE DE LA PAIX AU COSCABIC BAFIA","datePublished":"2023-01-27T11:50:23+00:00","dateModified":"2023-11-28T11:35:37+00:00","mainEntityOfPage":{"@id":"https:\/\/www.itakaescolapios.org\/fr\/2023\/01\/english-closing-of-peace-week-at-coscabic-bafia\/"},"wordCount":195,"publisher":{"@id":"https:\/\/www.itakaescolapios.org\/es\/#organization"},"image":{"@id":"https:\/\/www.itakaescolapios.org\/fr\/2023\/01\/english-closing-of-peace-week-at-coscabic-bafia\/#primaryimage"},"thumbnailUrl":"https:\/\/www.itakaescolapios.org\/wp-content\/uploads\/2023\/01\/WhatsApp-Image-2023-01-27-at-12.24.11-PM-1.jpeg","articleSection":["Afrique centrale","Cameroun"],"inLanguage":"fr-FR"},{"@type":"WebPage","@id":"https:\/\/www.itakaescolapios.org\/fr\/2023\/01\/english-closing-of-peace-week-at-coscabic-bafia\/","url":"https:\/\/www.itakaescolapios.org\/fr\/2023\/01\/english-closing-of-peace-week-at-coscabic-bafia\/","name":"- Itaka-Escolapios","isPartOf":{"@id":"https:\/\/www.itakaescolapios.org\/es\/#website"},"primaryImageOfPage":{"@id":"https:\/\/www.itakaescolapios.org\/fr\/2023\/01\/english-closing-of-peace-week-at-coscabic-bafia\/#primaryimage"},"image":{"@id":"https:\/\/www.itakaescolapios.org\/fr\/2023\/01\/english-closing-of-peace-week-at-coscabic-bafia\/#primaryimage"},"thumbnailUrl":"https:\/\/www.itakaescolapios.org\/wp-content\/uploads\/2023\/01\/WhatsApp-Image-2023-01-27-at-12.24.11-PM-1.jpeg","datePublished":"2023-01-27T11:50:23+00:00","dateModified":"2023-11-28T11:35:37+00:00","breadcrumb":{"@id":"https:\/\/www.itakaescolapios.org\/fr\/2023\/01\/english-closing-of-peace-week-at-coscabic-bafia\/#breadcrumb"},"inLanguage":"fr-FR","potentialAction":[{"@type":"ReadAction","target":["https:\/\/www.itakaescolapios.org\/fr\/2023\/01\/english-closing-of-peace-week-at-coscabic-bafia\/"]}]},{"@type":"ImageObject","inLanguage":"fr-FR","@id":"https:\/\/www.itakaescolapios.org\/fr\/2023\/01\/english-closing-of-peace-week-at-coscabic-bafia\/#primaryimage","url":"https:\/\/www.itakaescolapios.org\/wp-content\/uploads\/2023\/01\/WhatsApp-Image-2023-01-27-at-12.24.11-PM-1.jpeg","contentUrl":"https:\/\/www.itakaescolapios.org\/wp-content\/uploads\/2023\/01\/WhatsApp-Image-2023-01-27-at-12.24.11-PM-1.jpeg","width":960,"height":540},{"@type":"BreadcrumbList","@id":"https:\/\/www.itakaescolapios.org\/fr\/2023\/01\/english-closing-of-peace-week-at-coscabic-bafia\/#breadcrumb","itemListElement":[{"@type":"ListItem","position":1,"name":"Itaka-Escolapios","item":"https:\/\/www.itakaescolapios.org\/es\/"},{"@type":"ListItem","position":2,"name":"CLOTURE DE LA SEMAINE DE LA PAIX AU COSCABIC BAFIA"}]},{"@type":"WebSite","@id":"https:\/\/www.itakaescolapios.org\/fr\/es\/#website","url":"https:\/\/www.itakaescolapios.org\/fr\/es\/","name":"Itaka-Escolapios","description":"Red de Itaka-Escolapios","publisher":{"@id":"https:\/\/www.itakaescolapios.org\/fr\/es\/#organization"},"potentialAction":[{"@type":"SearchAction","target":{"@type":"EntryPoint","urlTemplate":"https:\/\/www.itakaescolapios.org\/fr\/es\/?s={search_term_string}"},"query-input":{"@type":"PropertyValueSpecification","valueRequired":true,"valueName":"search_term_string"}}],"inLanguage":"fr-FR"},{"@type":"Organization","@id":"https:\/\/www.itakaescolapios.org\/fr\/es\/#organization","name":"Fundaci\u00f3 Itaka-Escolapios","url":"https:\/\/www.itakaescolapios.org\/fr\/es\/","logo":{"@type":"ImageObject","inLanguage":"fr-FR","@id":"https:\/\/www.itakaescolapios.org\/fr\/es\/#\/schema\/logo\/image\/","url":"https:\/\/www.itakaescolapios.org\/wp-content\/uploads\/2024\/04\/Logo-itakaescolapios-peque.png","contentUrl":"https:\/\/www.itakaescolapios.org\/wp-content\/uploads\/2024\/04\/Logo-itakaescolapios-peque.png","width":500,"height":199,"caption":"Fundaci\u00f3 Itaka-Escolapios"},"image":{"@id":"https:\/\/www.itakaescolapios.org\/fr\/es\/#\/schema\/logo\/image\/"}},{"@type":"Person","@id":"https:\/\/www.itakaescolapios.org\/es\/#\/schema\/person\/d2844383e29bfdfef69039672ce14eb1","name":"cameroun01","url":"https:\/\/www.itakaescolapios.org\/fr\/author\/cameroun01\/"}]}},"_links":{"self":[{"href":"https:\/\/www.itakaescolapios.org\/fr\/wp-json\/wp\/v2\/posts\/38399","targetHints":{"allow":["GET"]}}],"collection":[{"href":"https:\/\/www.itakaescolapios.org\/fr\/wp-json\/wp\/v2\/posts"}],"about":[{"href":"https:\/\/www.itakaescolapios.org\/fr\/wp-json\/wp\/v2\/types\/post"}],"author":[{"embeddable":true,"href":"https:\/\/www.itakaescolapios.org\/fr\/wp-json\/wp\/v2\/users\/15"}],"replies":[{"embeddable":true,"href":"https:\/\/www.itakaescolapios.org\/fr\/wp-json\/wp\/v2\/comments?post=38399"}],"version-history":[{"count":2,"href":"https:\/\/www.itakaescolapios.org\/fr\/wp-json\/wp\/v2\/posts\/38399\/revisions"}],"predecessor-version":[{"id":43717,"href":"https:\/\/www.itakaescolapios.org\/fr\/wp-json\/wp\/v2\/posts\/38399\/revisions\/43717"}],"wp:featuredmedia":[{"embeddable":true,"href":"https:\/\/www.itakaescolapios.org\/fr\/wp-json\/wp\/v2\/media\/38401"}],"wp:attachment":[{"href":"https:\/\/www.itakaescolapios.org\/fr\/wp-json\/wp\/v2\/media?parent=38399"}],"wp:term":[{"taxonomy":"category","embeddable":true,"href":"https:\/\/www.itakaescolapios.org\/fr\/wp-json\/wp\/v2\/categories?post=38399"},{"taxonomy":"post_tag","embeddable":true,"href":"https:\/\/www.itakaescolapios.org\/fr\/wp-json\/wp\/v2\/tags?post=38399"}],"curies":[{"name":"wp","href":"https:\/\/api.w.org\/{rel}","templated":true}]}}