{"id":38409,"date":"2023-01-30T09:43:33","date_gmt":"2023-01-30T08:43:33","guid":{"rendered":"https:\/\/www.itakaescolapios.org\/?p=38409"},"modified":"2023-11-28T12:35:37","modified_gmt":"2023-11-28T11:35:37","slug":"english-peace-week-closing-in-malibe-gabon","status":"publish","type":"post","link":"https:\/\/www.itakaescolapios.org\/fr\/2023\/01\/english-peace-week-closing-in-malibe-gabon\/","title":{"rendered":"CLOTURE SEMAINE DE LA PAIX MALIBE GABON"},"content":{"rendered":"<p>Vendredi dernier, 27 janvier 2023, s\u2019est cl\u00f4tur\u00e9e la Semaine de la paix au complexe scolaire Calasanz de Malib\u00e9 ( Gabon). Nous avons eu durant toute la semaine des sensibilisations sur la paix dans les salles de classes avec les enfants et le corps administratif et professoral de l\u2019\u00e9cole. Pour la cl\u00f4ture de la semaine, nous avons effectu\u00e9 vendredi 27 janvier, une marche de Paix avec des affiches, puis plusieurs autres activit\u00e9s : r\u00e9cits, danses, chants, etc. En g\u00e9n\u00e9ral nous pouvons dire que tout s\u2019est bien pass\u00e9 et nous nous sommes bien amus\u00e9s tout en passant notre message de paix.<\/p>\n<p><img decoding=\"async\" class=\"size-full wp-image-38412 aligncenter\" src=\"https:\/\/www.itakaescolapios.org\/wp-content\/uploads\/2023\/01\/WhatsApp-Image-2023-01-27-at-3.23.58-PM.jpeg\" alt=\"\" width=\"780\" height=\"1040\" srcset=\"https:\/\/www.itakaescolapios.org\/wp-content\/uploads\/2023\/01\/WhatsApp-Image-2023-01-27-at-3.23.58-PM.jpeg 780w, https:\/\/www.itakaescolapios.org\/wp-content\/uploads\/2023\/01\/WhatsApp-Image-2023-01-27-at-3.23.58-PM-225x300.jpeg 225w, https:\/\/www.itakaescolapios.org\/wp-content\/uploads\/2023\/01\/WhatsApp-Image-2023-01-27-at-3.23.58-PM-768x1024.jpeg 768w, https:\/\/www.itakaescolapios.org\/wp-content\/uploads\/2023\/01\/WhatsApp-Image-2023-01-27-at-3.23.58-PM-250x333.jpeg 250w\" sizes=\"(max-width: 780px) 100vw, 780px\" \/><\/p>\n<p>&nbsp;<\/p>\n<div style=\"width: 640px;\" class=\"wp-video\"><video class=\"wp-video-shortcode\" id=\"video-38409-1\" width=\"640\" height=\"352\" preload=\"metadata\" controls=\"controls\"><source type=\"video\/mp4\" src=\"https:\/\/www.itakaescolapios.org\/wp-content\/uploads\/2023\/01\/WhatsApp-Video-2023-01-27-at-3.23.28-PM.mp4?_=1\" \/><a href=\"https:\/\/www.itakaescolapios.org\/wp-content\/uploads\/2023\/01\/WhatsApp-Video-2023-01-27-at-3.23.28-PM.mp4\">https:\/\/www.itakaescolapios.org\/wp-content\/uploads\/2023\/01\/WhatsApp-Video-2023-01-27-at-3.23.28-PM.mp4<\/a><\/video><\/div>\n","protected":false},"excerpt":{"rendered":"<p>Vendredi dernier, 27 janvier 2023, s\u2019est cl\u00f4tur\u00e9e la Semaine de la paix au complexe scolaire Calasanz de Malib\u00e9 ( Gabon). Nous avons eu durant toute la semaine des sensibilisations sur [&hellip;]<\/p>\n","protected":false},"author":15,"featured_media":38410,"comment_status":"closed","ping_status":"closed","sticky":false,"template":"","format":"standard","meta":{"_et_pb_use_builder":"","_et_pb_old_content":"","_et_gb_content_width":"","footnotes":""},"categories":[53,285],"tags":[],"class_list":["post-38409","post","type-post","status-publish","format-standard","has-post-thumbnail","hentry","category-africa-central","category-gabon"],"yoast_head":"<!-- This site is optimized with the Yoast SEO plugin v27.4 - https:\/\/yoast.com\/product\/yoast-seo-wordpress\/ -->\n<title>CLOTURE SEMAINE DE LA PAIX MALIBE GABON<\/title>\n<meta name=\"description\" content=\"Vendredi dernier, 27 janvier 2023, s\u2019est cl\u00f4tur\u00e9e la Semaine de la paix au complexe scolaire Calasanz de Malib\u00e9 ( Gabon). Nous avons eu durant toute la semaine des sensibilisations sur la paix dans les salles de classes avec les enfants et le corps administratif et professoral de l\u2019\u00e9cole. Pour la cl\u00f4ture de la semaine, nous\u2026\" \/>\n<meta name=\"robots\" content=\"index, follow, max-snippet:-1, max-image-preview:large, max-video-preview:-1\" \/>\n<link rel=\"canonical\" href=\"http:\/\/Vendredi%20dernier,%2027%20janvier%202023,%20s\u2019est%20cl\u00f4tur\u00e9e%20la%20Semaine%20de%20la%20paix%20au%20complexe%20scolaire%20Calasanz%20de%20Malib\u00e9%20(%20Gabon).%20Nous%20avons%20eu%20durant%20toute%20la%20semaine%20des%20sensibilisations%20sur%20la%20paix%20dans%20les%20salles%20de%20classes%20avec%20les%20enfants%20et%20le%20corps%20administratif%20et%20professoral%20de%20l\u2019\u00e9cole.%20Pour%20la%20cl\u00f4ture%20de%20la%20semaine,%20nous\u2026\" \/>\n<meta property=\"og:locale\" content=\"fr_FR\" \/>\n<meta property=\"og:type\" content=\"article\" \/>\n<meta property=\"og:title\" content=\"CLOTURE SEMAINE DE LA PAIX MALIBE GABON\" \/>\n<meta property=\"og:description\" content=\"Vendredi dernier, 27 janvier 2023, s\u2019est cl\u00f4tur\u00e9e la Semaine de la paix au complexe scolaire Calasanz de Malib\u00e9 ( Gabon). Nous avons eu durant toute la semaine des sensibilisations sur la paix dans les salles de classes avec les enfants et le corps administratif et professoral de l\u2019\u00e9cole. Pour la cl\u00f4ture de la semaine, nous\u2026\" \/>\n<meta property=\"og:url\" content=\"https:\/\/www.itakaescolapios.org\/fr\/2023\/01\/english-peace-week-closing-in-malibe-gabon\/\" \/>\n<meta property=\"og:site_name\" content=\"Itaka-Escolapios\" \/>\n<meta property=\"article:published_time\" content=\"2023-01-30T08:43:33+00:00\" \/>\n<meta property=\"article:modified_time\" content=\"2023-11-28T11:35:37+00:00\" \/>\n<meta property=\"og:image\" content=\"https:\/\/www.itakaescolapios.org\/wp-content\/uploads\/2023\/01\/WhatsApp-Image-2023-01-27-at-3.23.59-PM.jpeg\" \/>\n\t<meta property=\"og:image:width\" content=\"1040\" \/>\n\t<meta property=\"og:image:height\" content=\"780\" \/>\n\t<meta property=\"og:image:type\" content=\"image\/jpeg\" \/>\n<meta name=\"author\" content=\"cameroun01\" \/>\n<meta name=\"twitter:card\" content=\"summary_large_image\" \/>\n<meta name=\"twitter:label1\" content=\"\u00c9crit par\" \/>\n\t<meta name=\"twitter:data1\" content=\"cameroun01\" \/>\n\t<meta name=\"twitter:label2\" content=\"Dur\u00e9e de lecture estim\u00e9e\" \/>\n\t<meta name=\"twitter:data2\" content=\"1 minute\" \/>\n<script type=\"application\/ld+json\" class=\"yoast-schema-graph\">{\"@context\":\"https:\\\/\\\/schema.org\",\"@graph\":[{\"@type\":\"Article\",\"@id\":\"https:\\\/\\\/www.itakaescolapios.org\\\/fr\\\/2023\\\/01\\\/english-peace-week-closing-in-malibe-gabon\\\/#article\",\"isPartOf\":{\"@id\":\"https:\\\/\\\/www.itakaescolapios.org\\\/fr\\\/2023\\\/01\\\/english-peace-week-closing-in-malibe-gabon\\\/\"},\"author\":{\"name\":\"cameroun01\",\"@id\":\"https:\\\/\\\/www.itakaescolapios.org\\\/es\\\/#\\\/schema\\\/person\\\/d2844383e29bfdfef69039672ce14eb1\"},\"headline\":\"CLOTURE SEMAINE DE LA PAIX MALIBE GABON\",\"datePublished\":\"2023-01-30T08:43:33+00:00\",\"dateModified\":\"2023-11-28T11:35:37+00:00\",\"mainEntityOfPage\":{\"@id\":\"https:\\\/\\\/www.itakaescolapios.org\\\/fr\\\/2023\\\/01\\\/english-peace-week-closing-in-malibe-gabon\\\/\"},\"wordCount\":227,\"publisher\":{\"@id\":\"https:\\\/\\\/www.itakaescolapios.org\\\/es\\\/#organization\"},\"image\":{\"@id\":\"https:\\\/\\\/www.itakaescolapios.org\\\/fr\\\/2023\\\/01\\\/english-peace-week-closing-in-malibe-gabon\\\/#primaryimage\"},\"thumbnailUrl\":\"https:\\\/\\\/www.itakaescolapios.org\\\/wp-content\\\/uploads\\\/2023\\\/01\\\/WhatsApp-Image-2023-01-27-at-3.23.59-PM.jpeg\",\"articleSection\":[\"Afrique centrale\",\"Gab\u00f3n\"],\"inLanguage\":\"fr-FR\"},{\"@type\":\"WebPage\",\"@id\":\"https:\\\/\\\/www.itakaescolapios.org\\\/fr\\\/2023\\\/01\\\/english-peace-week-closing-in-malibe-gabon\\\/\",\"url\":\"https:\\\/\\\/www.itakaescolapios.org\\\/fr\\\/2023\\\/01\\\/english-peace-week-closing-in-malibe-gabon\\\/\",\"name\":\"- Itaka-Escolapios\",\"isPartOf\":{\"@id\":\"https:\\\/\\\/www.itakaescolapios.org\\\/es\\\/#website\"},\"primaryImageOfPage\":{\"@id\":\"https:\\\/\\\/www.itakaescolapios.org\\\/fr\\\/2023\\\/01\\\/english-peace-week-closing-in-malibe-gabon\\\/#primaryimage\"},\"image\":{\"@id\":\"https:\\\/\\\/www.itakaescolapios.org\\\/fr\\\/2023\\\/01\\\/english-peace-week-closing-in-malibe-gabon\\\/#primaryimage\"},\"thumbnailUrl\":\"https:\\\/\\\/www.itakaescolapios.org\\\/wp-content\\\/uploads\\\/2023\\\/01\\\/WhatsApp-Image-2023-01-27-at-3.23.59-PM.jpeg\",\"datePublished\":\"2023-01-30T08:43:33+00:00\",\"dateModified\":\"2023-11-28T11:35:37+00:00\",\"breadcrumb\":{\"@id\":\"https:\\\/\\\/www.itakaescolapios.org\\\/fr\\\/2023\\\/01\\\/english-peace-week-closing-in-malibe-gabon\\\/#breadcrumb\"},\"inLanguage\":\"fr-FR\",\"potentialAction\":[{\"@type\":\"ReadAction\",\"target\":[\"https:\\\/\\\/www.itakaescolapios.org\\\/fr\\\/2023\\\/01\\\/english-peace-week-closing-in-malibe-gabon\\\/\"]}]},{\"@type\":\"ImageObject\",\"inLanguage\":\"fr-FR\",\"@id\":\"https:\\\/\\\/www.itakaescolapios.org\\\/fr\\\/2023\\\/01\\\/english-peace-week-closing-in-malibe-gabon\\\/#primaryimage\",\"url\":\"https:\\\/\\\/www.itakaescolapios.org\\\/wp-content\\\/uploads\\\/2023\\\/01\\\/WhatsApp-Image-2023-01-27-at-3.23.59-PM.jpeg\",\"contentUrl\":\"https:\\\/\\\/www.itakaescolapios.org\\\/wp-content\\\/uploads\\\/2023\\\/01\\\/WhatsApp-Image-2023-01-27-at-3.23.59-PM.jpeg\",\"width\":1040,\"height\":780},{\"@type\":\"BreadcrumbList\",\"@id\":\"https:\\\/\\\/www.itakaescolapios.org\\\/fr\\\/2023\\\/01\\\/english-peace-week-closing-in-malibe-gabon\\\/#breadcrumb\",\"itemListElement\":[{\"@type\":\"ListItem\",\"position\":1,\"name\":\"Itaka-Escolapios\",\"item\":\"https:\\\/\\\/www.itakaescolapios.org\\\/es\\\/\"},{\"@type\":\"ListItem\",\"position\":2,\"name\":\"CLOTURE SEMAINE DE LA PAIX MALIBE GABON\"}]},{\"@type\":\"WebSite\",\"@id\":\"https:\\\/\\\/www.itakaescolapios.org\\\/fr\\\/es\\\/#website\",\"url\":\"https:\\\/\\\/www.itakaescolapios.org\\\/fr\\\/es\\\/\",\"name\":\"Itaka-Escolapios\",\"description\":\"Red de Itaka-Escolapios\",\"publisher\":{\"@id\":\"https:\\\/\\\/www.itakaescolapios.org\\\/fr\\\/es\\\/#organization\"},\"potentialAction\":[{\"@type\":\"SearchAction\",\"target\":{\"@type\":\"EntryPoint\",\"urlTemplate\":\"https:\\\/\\\/www.itakaescolapios.org\\\/fr\\\/es\\\/?s={search_term_string}\"},\"query-input\":{\"@type\":\"PropertyValueSpecification\",\"valueRequired\":true,\"valueName\":\"search_term_string\"}}],\"inLanguage\":\"fr-FR\"},{\"@type\":\"Organization\",\"@id\":\"https:\\\/\\\/www.itakaescolapios.org\\\/fr\\\/es\\\/#organization\",\"name\":\"Fundaci\u00f3 Itaka-Escolapios\",\"url\":\"https:\\\/\\\/www.itakaescolapios.org\\\/fr\\\/es\\\/\",\"logo\":{\"@type\":\"ImageObject\",\"inLanguage\":\"fr-FR\",\"@id\":\"https:\\\/\\\/www.itakaescolapios.org\\\/fr\\\/es\\\/#\\\/schema\\\/logo\\\/image\\\/\",\"url\":\"https:\\\/\\\/www.itakaescolapios.org\\\/wp-content\\\/uploads\\\/2024\\\/04\\\/Logo-itakaescolapios-peque.png\",\"contentUrl\":\"https:\\\/\\\/www.itakaescolapios.org\\\/wp-content\\\/uploads\\\/2024\\\/04\\\/Logo-itakaescolapios-peque.png\",\"width\":500,\"height\":199,\"caption\":\"Fundaci\u00f3 Itaka-Escolapios\"},\"image\":{\"@id\":\"https:\\\/\\\/www.itakaescolapios.org\\\/fr\\\/es\\\/#\\\/schema\\\/logo\\\/image\\\/\"}},{\"@type\":\"Person\",\"@id\":\"https:\\\/\\\/www.itakaescolapios.org\\\/es\\\/#\\\/schema\\\/person\\\/d2844383e29bfdfef69039672ce14eb1\",\"name\":\"cameroun01\",\"url\":\"https:\\\/\\\/www.itakaescolapios.org\\\/fr\\\/author\\\/cameroun01\\\/\"}]}<\/script>\n<!-- \/ Yoast SEO plugin. -->","yoast_head_json":{"title":"CLOTURE SEMAINE DE LA PAIX MALIBE GABON","description":"Vendredi dernier, 27 janvier 2023, s\u2019est cl\u00f4tur\u00e9e la Semaine de la paix au complexe scolaire Calasanz de Malib\u00e9 ( Gabon). Nous avons eu durant toute la semaine des sensibilisations sur la paix dans les salles de classes avec les enfants et le corps administratif et professoral de l\u2019\u00e9cole. Pour la cl\u00f4ture de la semaine, nous\u2026","robots":{"index":"index","follow":"follow","max-snippet":"max-snippet:-1","max-image-preview":"max-image-preview:large","max-video-preview":"max-video-preview:-1"},"canonical":"Vendredi dernier, 27 janvier 2023, s\u2019est cl\u00f4tur\u00e9e la Semaine de la paix au complexe scolaire Calasanz de Malib\u00e9 ( Gabon). Nous avons eu durant toute la semaine des sensibilisations sur la paix dans les salles de classes avec les enfants et le corps administratif et professoral de l\u2019\u00e9cole. Pour la cl\u00f4ture de la semaine, nous\u2026","og_locale":"fr_FR","og_type":"article","og_title":"CLOTURE SEMAINE DE LA PAIX MALIBE GABON","og_description":"Vendredi dernier, 27 janvier 2023, s\u2019est cl\u00f4tur\u00e9e la Semaine de la paix au complexe scolaire Calasanz de Malib\u00e9 ( Gabon). Nous avons eu durant toute la semaine des sensibilisations sur la paix dans les salles de classes avec les enfants et le corps administratif et professoral de l\u2019\u00e9cole. Pour la cl\u00f4ture de la semaine, nous\u2026","og_url":"https:\/\/www.itakaescolapios.org\/fr\/2023\/01\/english-peace-week-closing-in-malibe-gabon\/","og_site_name":"Itaka-Escolapios","article_published_time":"2023-01-30T08:43:33+00:00","article_modified_time":"2023-11-28T11:35:37+00:00","og_image":[{"width":1040,"height":780,"url":"https:\/\/www.itakaescolapios.org\/wp-content\/uploads\/2023\/01\/WhatsApp-Image-2023-01-27-at-3.23.59-PM.jpeg","type":"image\/jpeg"}],"author":"cameroun01","twitter_card":"summary_large_image","twitter_misc":{"\u00c9crit par":"cameroun01","Dur\u00e9e de lecture estim\u00e9e":"1 minute"},"schema":{"@context":"https:\/\/schema.org","@graph":[{"@type":"Article","@id":"https:\/\/www.itakaescolapios.org\/fr\/2023\/01\/english-peace-week-closing-in-malibe-gabon\/#article","isPartOf":{"@id":"https:\/\/www.itakaescolapios.org\/fr\/2023\/01\/english-peace-week-closing-in-malibe-gabon\/"},"author":{"name":"cameroun01","@id":"https:\/\/www.itakaescolapios.org\/es\/#\/schema\/person\/d2844383e29bfdfef69039672ce14eb1"},"headline":"CLOTURE SEMAINE DE LA PAIX MALIBE GABON","datePublished":"2023-01-30T08:43:33+00:00","dateModified":"2023-11-28T11:35:37+00:00","mainEntityOfPage":{"@id":"https:\/\/www.itakaescolapios.org\/fr\/2023\/01\/english-peace-week-closing-in-malibe-gabon\/"},"wordCount":227,"publisher":{"@id":"https:\/\/www.itakaescolapios.org\/es\/#organization"},"image":{"@id":"https:\/\/www.itakaescolapios.org\/fr\/2023\/01\/english-peace-week-closing-in-malibe-gabon\/#primaryimage"},"thumbnailUrl":"https:\/\/www.itakaescolapios.org\/wp-content\/uploads\/2023\/01\/WhatsApp-Image-2023-01-27-at-3.23.59-PM.jpeg","articleSection":["Afrique centrale","Gab\u00f3n"],"inLanguage":"fr-FR"},{"@type":"WebPage","@id":"https:\/\/www.itakaescolapios.org\/fr\/2023\/01\/english-peace-week-closing-in-malibe-gabon\/","url":"https:\/\/www.itakaescolapios.org\/fr\/2023\/01\/english-peace-week-closing-in-malibe-gabon\/","name":"- Itaka-Escolapios","isPartOf":{"@id":"https:\/\/www.itakaescolapios.org\/es\/#website"},"primaryImageOfPage":{"@id":"https:\/\/www.itakaescolapios.org\/fr\/2023\/01\/english-peace-week-closing-in-malibe-gabon\/#primaryimage"},"image":{"@id":"https:\/\/www.itakaescolapios.org\/fr\/2023\/01\/english-peace-week-closing-in-malibe-gabon\/#primaryimage"},"thumbnailUrl":"https:\/\/www.itakaescolapios.org\/wp-content\/uploads\/2023\/01\/WhatsApp-Image-2023-01-27-at-3.23.59-PM.jpeg","datePublished":"2023-01-30T08:43:33+00:00","dateModified":"2023-11-28T11:35:37+00:00","breadcrumb":{"@id":"https:\/\/www.itakaescolapios.org\/fr\/2023\/01\/english-peace-week-closing-in-malibe-gabon\/#breadcrumb"},"inLanguage":"fr-FR","potentialAction":[{"@type":"ReadAction","target":["https:\/\/www.itakaescolapios.org\/fr\/2023\/01\/english-peace-week-closing-in-malibe-gabon\/"]}]},{"@type":"ImageObject","inLanguage":"fr-FR","@id":"https:\/\/www.itakaescolapios.org\/fr\/2023\/01\/english-peace-week-closing-in-malibe-gabon\/#primaryimage","url":"https:\/\/www.itakaescolapios.org\/wp-content\/uploads\/2023\/01\/WhatsApp-Image-2023-01-27-at-3.23.59-PM.jpeg","contentUrl":"https:\/\/www.itakaescolapios.org\/wp-content\/uploads\/2023\/01\/WhatsApp-Image-2023-01-27-at-3.23.59-PM.jpeg","width":1040,"height":780},{"@type":"BreadcrumbList","@id":"https:\/\/www.itakaescolapios.org\/fr\/2023\/01\/english-peace-week-closing-in-malibe-gabon\/#breadcrumb","itemListElement":[{"@type":"ListItem","position":1,"name":"Itaka-Escolapios","item":"https:\/\/www.itakaescolapios.org\/es\/"},{"@type":"ListItem","position":2,"name":"CLOTURE SEMAINE DE LA PAIX MALIBE GABON"}]},{"@type":"WebSite","@id":"https:\/\/www.itakaescolapios.org\/fr\/es\/#website","url":"https:\/\/www.itakaescolapios.org\/fr\/es\/","name":"Itaka-Escolapios","description":"Red de Itaka-Escolapios","publisher":{"@id":"https:\/\/www.itakaescolapios.org\/fr\/es\/#organization"},"potentialAction":[{"@type":"SearchAction","target":{"@type":"EntryPoint","urlTemplate":"https:\/\/www.itakaescolapios.org\/fr\/es\/?s={search_term_string}"},"query-input":{"@type":"PropertyValueSpecification","valueRequired":true,"valueName":"search_term_string"}}],"inLanguage":"fr-FR"},{"@type":"Organization","@id":"https:\/\/www.itakaescolapios.org\/fr\/es\/#organization","name":"Fundaci\u00f3 Itaka-Escolapios","url":"https:\/\/www.itakaescolapios.org\/fr\/es\/","logo":{"@type":"ImageObject","inLanguage":"fr-FR","@id":"https:\/\/www.itakaescolapios.org\/fr\/es\/#\/schema\/logo\/image\/","url":"https:\/\/www.itakaescolapios.org\/wp-content\/uploads\/2024\/04\/Logo-itakaescolapios-peque.png","contentUrl":"https:\/\/www.itakaescolapios.org\/wp-content\/uploads\/2024\/04\/Logo-itakaescolapios-peque.png","width":500,"height":199,"caption":"Fundaci\u00f3 Itaka-Escolapios"},"image":{"@id":"https:\/\/www.itakaescolapios.org\/fr\/es\/#\/schema\/logo\/image\/"}},{"@type":"Person","@id":"https:\/\/www.itakaescolapios.org\/es\/#\/schema\/person\/d2844383e29bfdfef69039672ce14eb1","name":"cameroun01","url":"https:\/\/www.itakaescolapios.org\/fr\/author\/cameroun01\/"}]}},"_links":{"self":[{"href":"https:\/\/www.itakaescolapios.org\/fr\/wp-json\/wp\/v2\/posts\/38409","targetHints":{"allow":["GET"]}}],"collection":[{"href":"https:\/\/www.itakaescolapios.org\/fr\/wp-json\/wp\/v2\/posts"}],"about":[{"href":"https:\/\/www.itakaescolapios.org\/fr\/wp-json\/wp\/v2\/types\/post"}],"author":[{"embeddable":true,"href":"https:\/\/www.itakaescolapios.org\/fr\/wp-json\/wp\/v2\/users\/15"}],"replies":[{"embeddable":true,"href":"https:\/\/www.itakaescolapios.org\/fr\/wp-json\/wp\/v2\/comments?post=38409"}],"version-history":[{"count":2,"href":"https:\/\/www.itakaescolapios.org\/fr\/wp-json\/wp\/v2\/posts\/38409\/revisions"}],"predecessor-version":[{"id":43716,"href":"https:\/\/www.itakaescolapios.org\/fr\/wp-json\/wp\/v2\/posts\/38409\/revisions\/43716"}],"wp:featuredmedia":[{"embeddable":true,"href":"https:\/\/www.itakaescolapios.org\/fr\/wp-json\/wp\/v2\/media\/38410"}],"wp:attachment":[{"href":"https:\/\/www.itakaescolapios.org\/fr\/wp-json\/wp\/v2\/media?parent=38409"}],"wp:term":[{"taxonomy":"category","embeddable":true,"href":"https:\/\/www.itakaescolapios.org\/fr\/wp-json\/wp\/v2\/categories?post=38409"},{"taxonomy":"post_tag","embeddable":true,"href":"https:\/\/www.itakaescolapios.org\/fr\/wp-json\/wp\/v2\/tags?post=38409"}],"curies":[{"name":"wp","href":"https:\/\/api.w.org\/{rel}","templated":true}]}}