{"id":38515,"date":"2023-02-13T11:00:18","date_gmt":"2023-02-13T10:00:18","guid":{"rendered":"https:\/\/www.itakaescolapios.org\/?p=38515"},"modified":"2023-11-28T12:35:37","modified_gmt":"2023-11-28T11:35:37","slug":"english-choralie-2023-at-the-calasanz-school-complex-in-malibe-6th-edition","status":"publish","type":"post","link":"https:\/\/www.itakaescolapios.org\/fr\/2023\/02\/english-choralie-2023-at-the-calasanz-school-complex-in-malibe-6th-edition\/","title":{"rendered":"CHORALIE 2023 AU COMPLEXE SCOLAIRE CALASANZ DE MALIBE (6eme \u00e9dition)"},"content":{"rendered":"<p>Sur le th\u00e8me \u00a0\u00bbmarie se leva, et s&rsquo;en alla en h\u00e2te \u00a0\u00bb, s\u2019est tenu samedi dernier 11 fevrier 2023, la 6eme \u00e9dition des choralies, au complexe scolaire Calasanz de Malib\u00e9 (Gabon)\u00a0: il s\u2019agit d\u2019un concours de chants, organis\u00e9 chaque ann\u00e9e pour la f\u00eate de la jeunesse, mettant en comp\u00e9tition les chorales de divers \u00e9tablissements invit\u00e9s. Cette ann\u00e9e \u00e0 Malib\u00e9, les \u00e9tablissement qui ont pris part etaient du nombre de 9\u00a0 pour le secondaire (le Lyc\u00e9e d\u2019application Nelson Mandela, le Lyc\u00e9e Monseigneur Bessieux, le Lyc\u00e9e Don Bosco, le Lyc\u00e9e et Coll\u00e8ge Quaben, le Coll\u00e8ge Sainte Marie, l\u2019Institut Catholique Calasanz, \u00a0le Complexe scolaire Divin Amour, Le Lyc\u00e9e et coll\u00e8ge Saint esprit et le Coll\u00e8ge Bessieux) et deux pour le primaire (Complexe Scolaire Divin Amour et le Complexe Scolaire Calasanz). C\u2019\u00e9tait un moment de joie et de c\u00e9l\u00e9bration.<\/p>\n<p><img decoding=\"async\" class=\"size-full wp-image-3610 aligncenter\" src=\"https:\/\/piaristesafriquecentrale.org\/wp-content\/uploads\/2023\/02\/WhatsApp-Image-2023-02-11-at-20.24.33-1.jpeg\" alt=\"\" width=\"1600\" height=\"1204\" \/><\/p>\n<p><img decoding=\"async\" class=\"size-full wp-image-3616 aligncenter\" src=\"https:\/\/piaristesafriquecentrale.org\/wp-content\/uploads\/2023\/02\/WhatsApp-Image-2023-02-11-at-16.41.44.jpeg\" alt=\"\" width=\"719\" height=\"409\" \/><\/p>\n<p><img decoding=\"async\" class=\"size-full wp-image-3612 aligncenter\" src=\"https:\/\/piaristesafriquecentrale.org\/wp-content\/uploads\/2023\/02\/WhatsApp-Image-2023-02-11-at-16.24.59-1.jpeg\" alt=\"\" width=\"1040\" height=\"780\" \/><\/p>\n","protected":false},"excerpt":{"rendered":"<p>Sur le th\u00e8me \u00a0\u00bbmarie se leva, et s&rsquo;en alla en h\u00e2te \u00a0\u00bb, s\u2019est tenu samedi dernier 11 fevrier 2023, la 6eme \u00e9dition des choralies, au complexe scolaire Calasanz de Malib\u00e9 [&hellip;]<\/p>\n","protected":false},"author":15,"featured_media":38521,"comment_status":"closed","ping_status":"closed","sticky":false,"template":"","format":"standard","meta":{"_et_pb_use_builder":"","_et_pb_old_content":"","_et_gb_content_width":"","footnotes":""},"categories":[53,285],"tags":[],"class_list":["post-38515","post","type-post","status-publish","format-standard","has-post-thumbnail","hentry","category-africa-central","category-gabon"],"yoast_head":"<!-- This site is optimized with the Yoast SEO plugin v27.4 - https:\/\/yoast.com\/product\/yoast-seo-wordpress\/ -->\n<title>CHORALIE 2023 AU COMPLEXE SCOLAIRE CALASANZ DE MALIBE (6eme \u00e9dition)<\/title>\n<meta name=\"description\" content=\"Sur le th\u00e8me &#039;&#039;marie se leva, et s&#039;en alla en h\u00e2te &#039;&#039;, s\u2019est tenu samedi dernier 11 fevrier 2023, la 6eme \u00e9dition des choralies, au complexe scolaire Calasanz de Malib\u00e9 (Gabon)\u00a0: il s\u2019agit d\u2019un concours de chants, organis\u00e9 chaque ann\u00e9e pour la f\u00eate de la jeunesse, mettant en comp\u00e9tition les chorales de divers \u00e9tablissements invit\u00e9s.\u2026\" \/>\n<meta name=\"robots\" content=\"index, follow, max-snippet:-1, max-image-preview:large, max-video-preview:-1\" \/>\n<link rel=\"canonical\" href=\"\" \/>\n<meta property=\"og:locale\" content=\"fr_FR\" \/>\n<meta property=\"og:type\" content=\"article\" \/>\n<meta property=\"og:title\" content=\"CHORALIE 2023 AU COMPLEXE SCOLAIRE CALASANZ DE MALIBE (6eme \u00e9dition)\" \/>\n<meta property=\"og:description\" content=\"Sur le th\u00e8me &#039;&#039;marie se leva, et s&#039;en alla en h\u00e2te &#039;&#039;, s\u2019est tenu samedi dernier 11 fevrier 2023, la 6eme \u00e9dition des choralies, au complexe scolaire Calasanz de Malib\u00e9 (Gabon)\u00a0: il s\u2019agit d\u2019un concours de chants, organis\u00e9 chaque ann\u00e9e pour la f\u00eate de la jeunesse, mettant en comp\u00e9tition les chorales de divers \u00e9tablissements invit\u00e9s.\u2026\" \/>\n<meta property=\"og:url\" content=\"https:\/\/www.itakaescolapios.org\/fr\/2023\/02\/english-choralie-2023-at-the-calasanz-school-complex-in-malibe-6th-edition\/\" \/>\n<meta property=\"og:site_name\" content=\"Itaka-Escolapios\" \/>\n<meta property=\"article:published_time\" content=\"2023-02-13T10:00:18+00:00\" \/>\n<meta property=\"article:modified_time\" content=\"2023-11-28T11:35:37+00:00\" \/>\n<meta property=\"og:image\" content=\"https:\/\/www.itakaescolapios.org\/wp-content\/uploads\/2023\/02\/WhatsApp-Image-2023-02-10-at-21.37.15.jpeg\" \/>\n\t<meta property=\"og:image:width\" content=\"1600\" \/>\n\t<meta property=\"og:image:height\" content=\"1204\" \/>\n\t<meta property=\"og:image:type\" content=\"image\/jpeg\" \/>\n<meta name=\"author\" content=\"cameroun01\" \/>\n<meta name=\"twitter:card\" content=\"summary_large_image\" \/>\n<meta name=\"twitter:label1\" content=\"\u00c9crit par\" \/>\n\t<meta name=\"twitter:data1\" content=\"cameroun01\" \/>\n\t<meta name=\"twitter:label2\" content=\"Dur\u00e9e de lecture estim\u00e9e\" \/>\n\t<meta name=\"twitter:data2\" content=\"1 minute\" \/>\n<script type=\"application\/ld+json\" class=\"yoast-schema-graph\">{\"@context\":\"https:\\\/\\\/schema.org\",\"@graph\":[{\"@type\":\"Article\",\"@id\":\"https:\\\/\\\/www.itakaescolapios.org\\\/fr\\\/2023\\\/02\\\/english-choralie-2023-at-the-calasanz-school-complex-in-malibe-6th-edition\\\/#article\",\"isPartOf\":{\"@id\":\"https:\\\/\\\/www.itakaescolapios.org\\\/fr\\\/2023\\\/02\\\/english-choralie-2023-at-the-calasanz-school-complex-in-malibe-6th-edition\\\/\"},\"author\":{\"name\":\"cameroun01\",\"@id\":\"https:\\\/\\\/www.itakaescolapios.org\\\/es\\\/#\\\/schema\\\/person\\\/d2844383e29bfdfef69039672ce14eb1\"},\"headline\":\"CHORALIE 2023 AU COMPLEXE SCOLAIRE CALASANZ DE MALIBE (6eme \u00e9dition)\",\"datePublished\":\"2023-02-13T10:00:18+00:00\",\"dateModified\":\"2023-11-28T11:35:37+00:00\",\"mainEntityOfPage\":{\"@id\":\"https:\\\/\\\/www.itakaescolapios.org\\\/fr\\\/2023\\\/02\\\/english-choralie-2023-at-the-calasanz-school-complex-in-malibe-6th-edition\\\/\"},\"wordCount\":294,\"publisher\":{\"@id\":\"https:\\\/\\\/www.itakaescolapios.org\\\/es\\\/#organization\"},\"image\":{\"@id\":\"https:\\\/\\\/www.itakaescolapios.org\\\/fr\\\/2023\\\/02\\\/english-choralie-2023-at-the-calasanz-school-complex-in-malibe-6th-edition\\\/#primaryimage\"},\"thumbnailUrl\":\"https:\\\/\\\/www.itakaescolapios.org\\\/wp-content\\\/uploads\\\/2023\\\/02\\\/WhatsApp-Image-2023-02-10-at-21.37.15.jpeg\",\"articleSection\":[\"Afrique centrale\",\"Gab\u00f3n\"],\"inLanguage\":\"fr-FR\"},{\"@type\":\"WebPage\",\"@id\":\"https:\\\/\\\/www.itakaescolapios.org\\\/fr\\\/2023\\\/02\\\/english-choralie-2023-at-the-calasanz-school-complex-in-malibe-6th-edition\\\/\",\"url\":\"https:\\\/\\\/www.itakaescolapios.org\\\/fr\\\/2023\\\/02\\\/english-choralie-2023-at-the-calasanz-school-complex-in-malibe-6th-edition\\\/\",\"name\":\"- Itaka-Escolapios\",\"isPartOf\":{\"@id\":\"https:\\\/\\\/www.itakaescolapios.org\\\/es\\\/#website\"},\"primaryImageOfPage\":{\"@id\":\"https:\\\/\\\/www.itakaescolapios.org\\\/fr\\\/2023\\\/02\\\/english-choralie-2023-at-the-calasanz-school-complex-in-malibe-6th-edition\\\/#primaryimage\"},\"image\":{\"@id\":\"https:\\\/\\\/www.itakaescolapios.org\\\/fr\\\/2023\\\/02\\\/english-choralie-2023-at-the-calasanz-school-complex-in-malibe-6th-edition\\\/#primaryimage\"},\"thumbnailUrl\":\"https:\\\/\\\/www.itakaescolapios.org\\\/wp-content\\\/uploads\\\/2023\\\/02\\\/WhatsApp-Image-2023-02-10-at-21.37.15.jpeg\",\"datePublished\":\"2023-02-13T10:00:18+00:00\",\"dateModified\":\"2023-11-28T11:35:37+00:00\",\"breadcrumb\":{\"@id\":\"https:\\\/\\\/www.itakaescolapios.org\\\/fr\\\/2023\\\/02\\\/english-choralie-2023-at-the-calasanz-school-complex-in-malibe-6th-edition\\\/#breadcrumb\"},\"inLanguage\":\"fr-FR\",\"potentialAction\":[{\"@type\":\"ReadAction\",\"target\":[\"https:\\\/\\\/www.itakaescolapios.org\\\/fr\\\/2023\\\/02\\\/english-choralie-2023-at-the-calasanz-school-complex-in-malibe-6th-edition\\\/\"]}]},{\"@type\":\"ImageObject\",\"inLanguage\":\"fr-FR\",\"@id\":\"https:\\\/\\\/www.itakaescolapios.org\\\/fr\\\/2023\\\/02\\\/english-choralie-2023-at-the-calasanz-school-complex-in-malibe-6th-edition\\\/#primaryimage\",\"url\":\"https:\\\/\\\/www.itakaescolapios.org\\\/wp-content\\\/uploads\\\/2023\\\/02\\\/WhatsApp-Image-2023-02-10-at-21.37.15.jpeg\",\"contentUrl\":\"https:\\\/\\\/www.itakaescolapios.org\\\/wp-content\\\/uploads\\\/2023\\\/02\\\/WhatsApp-Image-2023-02-10-at-21.37.15.jpeg\",\"width\":1600,\"height\":1204},{\"@type\":\"BreadcrumbList\",\"@id\":\"https:\\\/\\\/www.itakaescolapios.org\\\/fr\\\/2023\\\/02\\\/english-choralie-2023-at-the-calasanz-school-complex-in-malibe-6th-edition\\\/#breadcrumb\",\"itemListElement\":[{\"@type\":\"ListItem\",\"position\":1,\"name\":\"Itaka-Escolapios\",\"item\":\"https:\\\/\\\/www.itakaescolapios.org\\\/es\\\/\"},{\"@type\":\"ListItem\",\"position\":2,\"name\":\"CHORALIE 2023 AU COMPLEXE SCOLAIRE CALASANZ DE MALIBE (6eme \u00e9dition)\"}]},{\"@type\":\"WebSite\",\"@id\":\"https:\\\/\\\/www.itakaescolapios.org\\\/fr\\\/es\\\/#website\",\"url\":\"https:\\\/\\\/www.itakaescolapios.org\\\/fr\\\/es\\\/\",\"name\":\"Itaka-Escolapios\",\"description\":\"Red de Itaka-Escolapios\",\"publisher\":{\"@id\":\"https:\\\/\\\/www.itakaescolapios.org\\\/fr\\\/es\\\/#organization\"},\"potentialAction\":[{\"@type\":\"SearchAction\",\"target\":{\"@type\":\"EntryPoint\",\"urlTemplate\":\"https:\\\/\\\/www.itakaescolapios.org\\\/fr\\\/es\\\/?s={search_term_string}\"},\"query-input\":{\"@type\":\"PropertyValueSpecification\",\"valueRequired\":true,\"valueName\":\"search_term_string\"}}],\"inLanguage\":\"fr-FR\"},{\"@type\":\"Organization\",\"@id\":\"https:\\\/\\\/www.itakaescolapios.org\\\/fr\\\/es\\\/#organization\",\"name\":\"Fundaci\u00f3 Itaka-Escolapios\",\"url\":\"https:\\\/\\\/www.itakaescolapios.org\\\/fr\\\/es\\\/\",\"logo\":{\"@type\":\"ImageObject\",\"inLanguage\":\"fr-FR\",\"@id\":\"https:\\\/\\\/www.itakaescolapios.org\\\/fr\\\/es\\\/#\\\/schema\\\/logo\\\/image\\\/\",\"url\":\"https:\\\/\\\/www.itakaescolapios.org\\\/wp-content\\\/uploads\\\/2024\\\/04\\\/Logo-itakaescolapios-peque.png\",\"contentUrl\":\"https:\\\/\\\/www.itakaescolapios.org\\\/wp-content\\\/uploads\\\/2024\\\/04\\\/Logo-itakaescolapios-peque.png\",\"width\":500,\"height\":199,\"caption\":\"Fundaci\u00f3 Itaka-Escolapios\"},\"image\":{\"@id\":\"https:\\\/\\\/www.itakaescolapios.org\\\/fr\\\/es\\\/#\\\/schema\\\/logo\\\/image\\\/\"}},{\"@type\":\"Person\",\"@id\":\"https:\\\/\\\/www.itakaescolapios.org\\\/es\\\/#\\\/schema\\\/person\\\/d2844383e29bfdfef69039672ce14eb1\",\"name\":\"cameroun01\",\"url\":\"https:\\\/\\\/www.itakaescolapios.org\\\/fr\\\/author\\\/cameroun01\\\/\"}]}<\/script>\n<!-- \/ Yoast SEO plugin. -->","yoast_head_json":{"title":"CHORALIE 2023 AU COMPLEXE SCOLAIRE CALASANZ DE MALIBE (6eme \u00e9dition)","description":"Sur le th\u00e8me ''marie se leva, et s'en alla en h\u00e2te '', s\u2019est tenu samedi dernier 11 fevrier 2023, la 6eme \u00e9dition des choralies, au complexe scolaire Calasanz de Malib\u00e9 (Gabon)\u00a0: il s\u2019agit d\u2019un concours de chants, organis\u00e9 chaque ann\u00e9e pour la f\u00eate de la jeunesse, mettant en comp\u00e9tition les chorales de divers \u00e9tablissements invit\u00e9s.\u2026","robots":{"index":"index","follow":"follow","max-snippet":"max-snippet:-1","max-image-preview":"max-image-preview:large","max-video-preview":"max-video-preview:-1"},"canonical":"Sur le th\u00e8me ''marie se leva, et s'en alla en h\u00e2te '', s\u2019est tenu samedi dernier 11 fevrier 2023, la 6eme \u00e9dition des choralies, au complexe scolaire Calasanz de Malib\u00e9 (Gabon)\u00a0: il s\u2019agit d\u2019un concours de chants, organis\u00e9 chaque ann\u00e9e pour la f\u00eate de la jeunesse, mettant en comp\u00e9tition les chorales de divers \u00e9tablissements invit\u00e9s.\u2026","og_locale":"fr_FR","og_type":"article","og_title":"CHORALIE 2023 AU COMPLEXE SCOLAIRE CALASANZ DE MALIBE (6eme \u00e9dition)","og_description":"Sur le th\u00e8me ''marie se leva, et s'en alla en h\u00e2te '', s\u2019est tenu samedi dernier 11 fevrier 2023, la 6eme \u00e9dition des choralies, au complexe scolaire Calasanz de Malib\u00e9 (Gabon)\u00a0: il s\u2019agit d\u2019un concours de chants, organis\u00e9 chaque ann\u00e9e pour la f\u00eate de la jeunesse, mettant en comp\u00e9tition les chorales de divers \u00e9tablissements invit\u00e9s.\u2026","og_url":"https:\/\/www.itakaescolapios.org\/fr\/2023\/02\/english-choralie-2023-at-the-calasanz-school-complex-in-malibe-6th-edition\/","og_site_name":"Itaka-Escolapios","article_published_time":"2023-02-13T10:00:18+00:00","article_modified_time":"2023-11-28T11:35:37+00:00","og_image":[{"width":1600,"height":1204,"url":"https:\/\/www.itakaescolapios.org\/wp-content\/uploads\/2023\/02\/WhatsApp-Image-2023-02-10-at-21.37.15.jpeg","type":"image\/jpeg"}],"author":"cameroun01","twitter_card":"summary_large_image","twitter_misc":{"\u00c9crit par":"cameroun01","Dur\u00e9e de lecture estim\u00e9e":"1 minute"},"schema":{"@context":"https:\/\/schema.org","@graph":[{"@type":"Article","@id":"https:\/\/www.itakaescolapios.org\/fr\/2023\/02\/english-choralie-2023-at-the-calasanz-school-complex-in-malibe-6th-edition\/#article","isPartOf":{"@id":"https:\/\/www.itakaescolapios.org\/fr\/2023\/02\/english-choralie-2023-at-the-calasanz-school-complex-in-malibe-6th-edition\/"},"author":{"name":"cameroun01","@id":"https:\/\/www.itakaescolapios.org\/es\/#\/schema\/person\/d2844383e29bfdfef69039672ce14eb1"},"headline":"CHORALIE 2023 AU COMPLEXE SCOLAIRE CALASANZ DE MALIBE (6eme \u00e9dition)","datePublished":"2023-02-13T10:00:18+00:00","dateModified":"2023-11-28T11:35:37+00:00","mainEntityOfPage":{"@id":"https:\/\/www.itakaescolapios.org\/fr\/2023\/02\/english-choralie-2023-at-the-calasanz-school-complex-in-malibe-6th-edition\/"},"wordCount":294,"publisher":{"@id":"https:\/\/www.itakaescolapios.org\/es\/#organization"},"image":{"@id":"https:\/\/www.itakaescolapios.org\/fr\/2023\/02\/english-choralie-2023-at-the-calasanz-school-complex-in-malibe-6th-edition\/#primaryimage"},"thumbnailUrl":"https:\/\/www.itakaescolapios.org\/wp-content\/uploads\/2023\/02\/WhatsApp-Image-2023-02-10-at-21.37.15.jpeg","articleSection":["Afrique centrale","Gab\u00f3n"],"inLanguage":"fr-FR"},{"@type":"WebPage","@id":"https:\/\/www.itakaescolapios.org\/fr\/2023\/02\/english-choralie-2023-at-the-calasanz-school-complex-in-malibe-6th-edition\/","url":"https:\/\/www.itakaescolapios.org\/fr\/2023\/02\/english-choralie-2023-at-the-calasanz-school-complex-in-malibe-6th-edition\/","name":"- Itaka-Escolapios","isPartOf":{"@id":"https:\/\/www.itakaescolapios.org\/es\/#website"},"primaryImageOfPage":{"@id":"https:\/\/www.itakaescolapios.org\/fr\/2023\/02\/english-choralie-2023-at-the-calasanz-school-complex-in-malibe-6th-edition\/#primaryimage"},"image":{"@id":"https:\/\/www.itakaescolapios.org\/fr\/2023\/02\/english-choralie-2023-at-the-calasanz-school-complex-in-malibe-6th-edition\/#primaryimage"},"thumbnailUrl":"https:\/\/www.itakaescolapios.org\/wp-content\/uploads\/2023\/02\/WhatsApp-Image-2023-02-10-at-21.37.15.jpeg","datePublished":"2023-02-13T10:00:18+00:00","dateModified":"2023-11-28T11:35:37+00:00","breadcrumb":{"@id":"https:\/\/www.itakaescolapios.org\/fr\/2023\/02\/english-choralie-2023-at-the-calasanz-school-complex-in-malibe-6th-edition\/#breadcrumb"},"inLanguage":"fr-FR","potentialAction":[{"@type":"ReadAction","target":["https:\/\/www.itakaescolapios.org\/fr\/2023\/02\/english-choralie-2023-at-the-calasanz-school-complex-in-malibe-6th-edition\/"]}]},{"@type":"ImageObject","inLanguage":"fr-FR","@id":"https:\/\/www.itakaescolapios.org\/fr\/2023\/02\/english-choralie-2023-at-the-calasanz-school-complex-in-malibe-6th-edition\/#primaryimage","url":"https:\/\/www.itakaescolapios.org\/wp-content\/uploads\/2023\/02\/WhatsApp-Image-2023-02-10-at-21.37.15.jpeg","contentUrl":"https:\/\/www.itakaescolapios.org\/wp-content\/uploads\/2023\/02\/WhatsApp-Image-2023-02-10-at-21.37.15.jpeg","width":1600,"height":1204},{"@type":"BreadcrumbList","@id":"https:\/\/www.itakaescolapios.org\/fr\/2023\/02\/english-choralie-2023-at-the-calasanz-school-complex-in-malibe-6th-edition\/#breadcrumb","itemListElement":[{"@type":"ListItem","position":1,"name":"Itaka-Escolapios","item":"https:\/\/www.itakaescolapios.org\/es\/"},{"@type":"ListItem","position":2,"name":"CHORALIE 2023 AU COMPLEXE SCOLAIRE CALASANZ DE MALIBE (6eme \u00e9dition)"}]},{"@type":"WebSite","@id":"https:\/\/www.itakaescolapios.org\/fr\/es\/#website","url":"https:\/\/www.itakaescolapios.org\/fr\/es\/","name":"Itaka-Escolapios","description":"Red de Itaka-Escolapios","publisher":{"@id":"https:\/\/www.itakaescolapios.org\/fr\/es\/#organization"},"potentialAction":[{"@type":"SearchAction","target":{"@type":"EntryPoint","urlTemplate":"https:\/\/www.itakaescolapios.org\/fr\/es\/?s={search_term_string}"},"query-input":{"@type":"PropertyValueSpecification","valueRequired":true,"valueName":"search_term_string"}}],"inLanguage":"fr-FR"},{"@type":"Organization","@id":"https:\/\/www.itakaescolapios.org\/fr\/es\/#organization","name":"Fundaci\u00f3 Itaka-Escolapios","url":"https:\/\/www.itakaescolapios.org\/fr\/es\/","logo":{"@type":"ImageObject","inLanguage":"fr-FR","@id":"https:\/\/www.itakaescolapios.org\/fr\/es\/#\/schema\/logo\/image\/","url":"https:\/\/www.itakaescolapios.org\/wp-content\/uploads\/2024\/04\/Logo-itakaescolapios-peque.png","contentUrl":"https:\/\/www.itakaescolapios.org\/wp-content\/uploads\/2024\/04\/Logo-itakaescolapios-peque.png","width":500,"height":199,"caption":"Fundaci\u00f3 Itaka-Escolapios"},"image":{"@id":"https:\/\/www.itakaescolapios.org\/fr\/es\/#\/schema\/logo\/image\/"}},{"@type":"Person","@id":"https:\/\/www.itakaescolapios.org\/es\/#\/schema\/person\/d2844383e29bfdfef69039672ce14eb1","name":"cameroun01","url":"https:\/\/www.itakaescolapios.org\/fr\/author\/cameroun01\/"}]}},"_links":{"self":[{"href":"https:\/\/www.itakaescolapios.org\/fr\/wp-json\/wp\/v2\/posts\/38515","targetHints":{"allow":["GET"]}}],"collection":[{"href":"https:\/\/www.itakaescolapios.org\/fr\/wp-json\/wp\/v2\/posts"}],"about":[{"href":"https:\/\/www.itakaescolapios.org\/fr\/wp-json\/wp\/v2\/types\/post"}],"author":[{"embeddable":true,"href":"https:\/\/www.itakaescolapios.org\/fr\/wp-json\/wp\/v2\/users\/15"}],"replies":[{"embeddable":true,"href":"https:\/\/www.itakaescolapios.org\/fr\/wp-json\/wp\/v2\/comments?post=38515"}],"version-history":[{"count":2,"href":"https:\/\/www.itakaescolapios.org\/fr\/wp-json\/wp\/v2\/posts\/38515\/revisions"}],"predecessor-version":[{"id":43703,"href":"https:\/\/www.itakaescolapios.org\/fr\/wp-json\/wp\/v2\/posts\/38515\/revisions\/43703"}],"wp:featuredmedia":[{"embeddable":true,"href":"https:\/\/www.itakaescolapios.org\/fr\/wp-json\/wp\/v2\/media\/38521"}],"wp:attachment":[{"href":"https:\/\/www.itakaescolapios.org\/fr\/wp-json\/wp\/v2\/media?parent=38515"}],"wp:term":[{"taxonomy":"category","embeddable":true,"href":"https:\/\/www.itakaescolapios.org\/fr\/wp-json\/wp\/v2\/categories?post=38515"},{"taxonomy":"post_tag","embeddable":true,"href":"https:\/\/www.itakaescolapios.org\/fr\/wp-json\/wp\/v2\/tags?post=38515"}],"curies":[{"name":"wp","href":"https:\/\/api.w.org\/{rel}","templated":true}]}}