{"id":38523,"date":"2023-02-13T11:39:50","date_gmt":"2023-02-13T10:39:50","guid":{"rendered":"https:\/\/www.itakaescolapios.org\/?p=38523"},"modified":"2023-11-28T12:35:36","modified_gmt":"2023-11-28T11:35:36","slug":"english-youth-festival-2023-at-the-multi-purpose-bilingual-college-saint-joseph-calasanz-in-bandjoun","status":"publish","type":"post","link":"https:\/\/www.itakaescolapios.org\/fr\/2023\/02\/english-youth-festival-2023-at-the-multi-purpose-bilingual-college-saint-joseph-calasanz-in-bandjoun\/","title":{"rendered":"FETE DE LA JEUNESSE 2023 AU COLLEGE POLYVALENT BILINGUE SAINT JOSEPH CALASANZ DE BANDJOUN"},"content":{"rendered":"<p>Sur le th\u00e8me \u00a0\u00bb Jeunesse : Grandes Opportunit\u00e9s et Participation \u00e0 la Construction d&rsquo;un Cameroun en paix, stable et \u00e9mergent \u00a0\u00bb, s\u2019est tenu samedi dernier 11 f\u00e9vrier 2023, la 53eme \u00e9dition de la f\u00eate de la jeunesse. Le Coll\u00e8ge Polyvalent Bilingue Saint Joseph Calasanz de Bandjoun (Ouest Cameroun), a particip\u00e9 \u00e0 cette c\u00e9l\u00e9bration, \u00e0 travers le d\u00e9fil\u00e9 des \u00e9l\u00e8ves de diverses fili\u00e8res. C\u2019\u00e9tait un moment de joie, de c\u00e9l\u00e9bration et surtout de patriotisme.<\/p>\n<p>&nbsp;<\/p>\n","protected":false},"excerpt":{"rendered":"<p>Sur le th\u00e8me \u00a0\u00bb Jeunesse : Grandes Opportunit\u00e9s et Participation \u00e0 la Construction d&rsquo;un Cameroun en paix, stable et \u00e9mergent \u00a0\u00bb, s\u2019est tenu samedi dernier 11 f\u00e9vrier 2023, la 53eme [&hellip;]<\/p>\n","protected":false},"author":15,"featured_media":38525,"comment_status":"closed","ping_status":"closed","sticky":false,"template":"","format":"standard","meta":{"_et_pb_use_builder":"","_et_pb_old_content":"","_et_gb_content_width":"","footnotes":""},"categories":[53,10],"tags":[],"class_list":["post-38523","post","type-post","status-publish","format-standard","has-post-thumbnail","hentry","category-africa-central","category-camerun"],"yoast_head":"<!-- This site is optimized with the Yoast SEO plugin v27.4 - https:\/\/yoast.com\/product\/yoast-seo-wordpress\/ -->\n<title>FETE DE LA JEUNESSE 2023 AU COLLEGE POLYVALENT BILINGUE SAINT JOSEPH CALASANZ DE BANDJOUN<\/title>\n<meta name=\"description\" content=\"Sur le th\u00e8me &#039;&#039; Jeunesse : Grandes Opportunit\u00e9s et Participation \u00e0 la Construction d&#039;un Cameroun en paix, stable et \u00e9mergent &#039;&#039;, s\u2019est tenu samedi dernier 11 f\u00e9vrier 2023, la 53eme \u00e9dition de la f\u00eate de la jeunesse. Le Coll\u00e8ge Polyvalent Bilingue Saint Joseph Calasanz de Bandjoun (Ouest Cameroun), a particip\u00e9 \u00e0 cette c\u00e9l\u00e9bration, \u00e0 travers\u2026\" \/>\n<meta name=\"robots\" content=\"index, follow, max-snippet:-1, max-image-preview:large, max-video-preview:-1\" \/>\n<link rel=\"canonical\" href=\"\" \/>\n<meta property=\"og:locale\" content=\"fr_FR\" \/>\n<meta property=\"og:type\" content=\"article\" \/>\n<meta property=\"og:title\" content=\"FETE DE LA JEUNESSE 2023 AU COLLEGE POLYVALENT BILINGUE SAINT JOSEPH CALASANZ DE BANDJOUN\" \/>\n<meta property=\"og:description\" content=\"Sur le th\u00e8me &#039;&#039; Jeunesse : Grandes Opportunit\u00e9s et Participation \u00e0 la Construction d&#039;un Cameroun en paix, stable et \u00e9mergent &#039;&#039;, s\u2019est tenu samedi dernier 11 f\u00e9vrier 2023, la 53eme \u00e9dition de la f\u00eate de la jeunesse. Le Coll\u00e8ge Polyvalent Bilingue Saint Joseph Calasanz de Bandjoun (Ouest Cameroun), a particip\u00e9 \u00e0 cette c\u00e9l\u00e9bration, \u00e0 travers\u2026\" \/>\n<meta property=\"og:url\" content=\"https:\/\/www.itakaescolapios.org\/fr\/2023\/02\/english-youth-festival-2023-at-the-multi-purpose-bilingual-college-saint-joseph-calasanz-in-bandjoun\/\" \/>\n<meta property=\"og:site_name\" content=\"Itaka-Escolapios\" \/>\n<meta property=\"article:published_time\" content=\"2023-02-13T10:39:50+00:00\" \/>\n<meta property=\"article:modified_time\" content=\"2023-11-28T11:35:36+00:00\" \/>\n<meta property=\"og:image\" content=\"https:\/\/www.itakaescolapios.org\/wp-content\/uploads\/2023\/02\/WhatsApp-Image-2023-02-11-at-14.13.20.jpeg\" \/>\n\t<meta property=\"og:image:width\" content=\"1040\" \/>\n\t<meta property=\"og:image:height\" content=\"780\" \/>\n\t<meta property=\"og:image:type\" content=\"image\/jpeg\" \/>\n<meta name=\"author\" content=\"cameroun01\" \/>\n<meta name=\"twitter:card\" content=\"summary_large_image\" \/>\n<meta name=\"twitter:label1\" content=\"\u00c9crit par\" \/>\n\t<meta name=\"twitter:data1\" content=\"cameroun01\" \/>\n\t<meta name=\"twitter:label2\" content=\"Dur\u00e9e de lecture estim\u00e9e\" \/>\n\t<meta name=\"twitter:data2\" content=\"1 minute\" \/>\n<script type=\"application\/ld+json\" class=\"yoast-schema-graph\">{\"@context\":\"https:\\\/\\\/schema.org\",\"@graph\":[{\"@type\":\"Article\",\"@id\":\"https:\\\/\\\/www.itakaescolapios.org\\\/fr\\\/2023\\\/02\\\/english-youth-festival-2023-at-the-multi-purpose-bilingual-college-saint-joseph-calasanz-in-bandjoun\\\/#article\",\"isPartOf\":{\"@id\":\"https:\\\/\\\/www.itakaescolapios.org\\\/fr\\\/2023\\\/02\\\/english-youth-festival-2023-at-the-multi-purpose-bilingual-college-saint-joseph-calasanz-in-bandjoun\\\/\"},\"author\":{\"name\":\"cameroun01\",\"@id\":\"https:\\\/\\\/www.itakaescolapios.org\\\/es\\\/#\\\/schema\\\/person\\\/d2844383e29bfdfef69039672ce14eb1\"},\"headline\":\"FETE DE LA JEUNESSE 2023 AU COLLEGE POLYVALENT BILINGUE SAINT JOSEPH CALASANZ DE BANDJOUN\",\"datePublished\":\"2023-02-13T10:39:50+00:00\",\"dateModified\":\"2023-11-28T11:35:36+00:00\",\"mainEntityOfPage\":{\"@id\":\"https:\\\/\\\/www.itakaescolapios.org\\\/fr\\\/2023\\\/02\\\/english-youth-festival-2023-at-the-multi-purpose-bilingual-college-saint-joseph-calasanz-in-bandjoun\\\/\"},\"wordCount\":147,\"publisher\":{\"@id\":\"https:\\\/\\\/www.itakaescolapios.org\\\/es\\\/#organization\"},\"image\":{\"@id\":\"https:\\\/\\\/www.itakaescolapios.org\\\/fr\\\/2023\\\/02\\\/english-youth-festival-2023-at-the-multi-purpose-bilingual-college-saint-joseph-calasanz-in-bandjoun\\\/#primaryimage\"},\"thumbnailUrl\":\"https:\\\/\\\/www.itakaescolapios.org\\\/wp-content\\\/uploads\\\/2023\\\/02\\\/WhatsApp-Image-2023-02-11-at-14.13.20.jpeg\",\"articleSection\":[\"Afrique centrale\",\"Cameroun\"],\"inLanguage\":\"fr-FR\"},{\"@type\":\"WebPage\",\"@id\":\"https:\\\/\\\/www.itakaescolapios.org\\\/fr\\\/2023\\\/02\\\/english-youth-festival-2023-at-the-multi-purpose-bilingual-college-saint-joseph-calasanz-in-bandjoun\\\/\",\"url\":\"https:\\\/\\\/www.itakaescolapios.org\\\/fr\\\/2023\\\/02\\\/english-youth-festival-2023-at-the-multi-purpose-bilingual-college-saint-joseph-calasanz-in-bandjoun\\\/\",\"name\":\"- Itaka-Escolapios\",\"isPartOf\":{\"@id\":\"https:\\\/\\\/www.itakaescolapios.org\\\/es\\\/#website\"},\"primaryImageOfPage\":{\"@id\":\"https:\\\/\\\/www.itakaescolapios.org\\\/fr\\\/2023\\\/02\\\/english-youth-festival-2023-at-the-multi-purpose-bilingual-college-saint-joseph-calasanz-in-bandjoun\\\/#primaryimage\"},\"image\":{\"@id\":\"https:\\\/\\\/www.itakaescolapios.org\\\/fr\\\/2023\\\/02\\\/english-youth-festival-2023-at-the-multi-purpose-bilingual-college-saint-joseph-calasanz-in-bandjoun\\\/#primaryimage\"},\"thumbnailUrl\":\"https:\\\/\\\/www.itakaescolapios.org\\\/wp-content\\\/uploads\\\/2023\\\/02\\\/WhatsApp-Image-2023-02-11-at-14.13.20.jpeg\",\"datePublished\":\"2023-02-13T10:39:50+00:00\",\"dateModified\":\"2023-11-28T11:35:36+00:00\",\"breadcrumb\":{\"@id\":\"https:\\\/\\\/www.itakaescolapios.org\\\/fr\\\/2023\\\/02\\\/english-youth-festival-2023-at-the-multi-purpose-bilingual-college-saint-joseph-calasanz-in-bandjoun\\\/#breadcrumb\"},\"inLanguage\":\"fr-FR\",\"potentialAction\":[{\"@type\":\"ReadAction\",\"target\":[\"https:\\\/\\\/www.itakaescolapios.org\\\/fr\\\/2023\\\/02\\\/english-youth-festival-2023-at-the-multi-purpose-bilingual-college-saint-joseph-calasanz-in-bandjoun\\\/\"]}]},{\"@type\":\"ImageObject\",\"inLanguage\":\"fr-FR\",\"@id\":\"https:\\\/\\\/www.itakaescolapios.org\\\/fr\\\/2023\\\/02\\\/english-youth-festival-2023-at-the-multi-purpose-bilingual-college-saint-joseph-calasanz-in-bandjoun\\\/#primaryimage\",\"url\":\"https:\\\/\\\/www.itakaescolapios.org\\\/wp-content\\\/uploads\\\/2023\\\/02\\\/WhatsApp-Image-2023-02-11-at-14.13.20.jpeg\",\"contentUrl\":\"https:\\\/\\\/www.itakaescolapios.org\\\/wp-content\\\/uploads\\\/2023\\\/02\\\/WhatsApp-Image-2023-02-11-at-14.13.20.jpeg\",\"width\":1040,\"height\":780},{\"@type\":\"BreadcrumbList\",\"@id\":\"https:\\\/\\\/www.itakaescolapios.org\\\/fr\\\/2023\\\/02\\\/english-youth-festival-2023-at-the-multi-purpose-bilingual-college-saint-joseph-calasanz-in-bandjoun\\\/#breadcrumb\",\"itemListElement\":[{\"@type\":\"ListItem\",\"position\":1,\"name\":\"Itaka-Escolapios\",\"item\":\"https:\\\/\\\/www.itakaescolapios.org\\\/es\\\/\"},{\"@type\":\"ListItem\",\"position\":2,\"name\":\"FETE DE LA JEUNESSE 2023 AU COLLEGE POLYVALENT BILINGUE SAINT JOSEPH CALASANZ DE BANDJOUN\"}]},{\"@type\":\"WebSite\",\"@id\":\"https:\\\/\\\/www.itakaescolapios.org\\\/fr\\\/es\\\/#website\",\"url\":\"https:\\\/\\\/www.itakaescolapios.org\\\/fr\\\/es\\\/\",\"name\":\"Itaka-Escolapios\",\"description\":\"Red de Itaka-Escolapios\",\"publisher\":{\"@id\":\"https:\\\/\\\/www.itakaescolapios.org\\\/fr\\\/es\\\/#organization\"},\"potentialAction\":[{\"@type\":\"SearchAction\",\"target\":{\"@type\":\"EntryPoint\",\"urlTemplate\":\"https:\\\/\\\/www.itakaescolapios.org\\\/fr\\\/es\\\/?s={search_term_string}\"},\"query-input\":{\"@type\":\"PropertyValueSpecification\",\"valueRequired\":true,\"valueName\":\"search_term_string\"}}],\"inLanguage\":\"fr-FR\"},{\"@type\":\"Organization\",\"@id\":\"https:\\\/\\\/www.itakaescolapios.org\\\/fr\\\/es\\\/#organization\",\"name\":\"Fundaci\u00f3 Itaka-Escolapios\",\"url\":\"https:\\\/\\\/www.itakaescolapios.org\\\/fr\\\/es\\\/\",\"logo\":{\"@type\":\"ImageObject\",\"inLanguage\":\"fr-FR\",\"@id\":\"https:\\\/\\\/www.itakaescolapios.org\\\/fr\\\/es\\\/#\\\/schema\\\/logo\\\/image\\\/\",\"url\":\"https:\\\/\\\/www.itakaescolapios.org\\\/wp-content\\\/uploads\\\/2024\\\/04\\\/Logo-itakaescolapios-peque.png\",\"contentUrl\":\"https:\\\/\\\/www.itakaescolapios.org\\\/wp-content\\\/uploads\\\/2024\\\/04\\\/Logo-itakaescolapios-peque.png\",\"width\":500,\"height\":199,\"caption\":\"Fundaci\u00f3 Itaka-Escolapios\"},\"image\":{\"@id\":\"https:\\\/\\\/www.itakaescolapios.org\\\/fr\\\/es\\\/#\\\/schema\\\/logo\\\/image\\\/\"}},{\"@type\":\"Person\",\"@id\":\"https:\\\/\\\/www.itakaescolapios.org\\\/es\\\/#\\\/schema\\\/person\\\/d2844383e29bfdfef69039672ce14eb1\",\"name\":\"cameroun01\",\"url\":\"https:\\\/\\\/www.itakaescolapios.org\\\/fr\\\/author\\\/cameroun01\\\/\"}]}<\/script>\n<!-- \/ Yoast SEO plugin. -->","yoast_head_json":{"title":"FETE DE LA JEUNESSE 2023 AU COLLEGE POLYVALENT BILINGUE SAINT JOSEPH CALASANZ DE BANDJOUN","description":"Sur le th\u00e8me '' Jeunesse : Grandes Opportunit\u00e9s et Participation \u00e0 la Construction d'un Cameroun en paix, stable et \u00e9mergent '', s\u2019est tenu samedi dernier 11 f\u00e9vrier 2023, la 53eme \u00e9dition de la f\u00eate de la jeunesse. Le Coll\u00e8ge Polyvalent Bilingue Saint Joseph Calasanz de Bandjoun (Ouest Cameroun), a particip\u00e9 \u00e0 cette c\u00e9l\u00e9bration, \u00e0 travers\u2026","robots":{"index":"index","follow":"follow","max-snippet":"max-snippet:-1","max-image-preview":"max-image-preview:large","max-video-preview":"max-video-preview:-1"},"canonical":"Sur le th\u00e8me '' Jeunesse : Grandes Opportunit\u00e9s et Participation \u00e0 la Construction d'un Cameroun en paix, stable et \u00e9mergent '', s\u2019est tenu samedi dernier 11 f\u00e9vrier 2023, la 53eme \u00e9dition de la f\u00eate de la jeunesse. Le Coll\u00e8ge Polyvalent Bilingue Saint Joseph Calasanz de Bandjoun (Ouest Cameroun), a particip\u00e9 \u00e0 cette c\u00e9l\u00e9bration, \u00e0 travers\u2026","og_locale":"fr_FR","og_type":"article","og_title":"FETE DE LA JEUNESSE 2023 AU COLLEGE POLYVALENT BILINGUE SAINT JOSEPH CALASANZ DE BANDJOUN","og_description":"Sur le th\u00e8me '' Jeunesse : Grandes Opportunit\u00e9s et Participation \u00e0 la Construction d'un Cameroun en paix, stable et \u00e9mergent '', s\u2019est tenu samedi dernier 11 f\u00e9vrier 2023, la 53eme \u00e9dition de la f\u00eate de la jeunesse. Le Coll\u00e8ge Polyvalent Bilingue Saint Joseph Calasanz de Bandjoun (Ouest Cameroun), a particip\u00e9 \u00e0 cette c\u00e9l\u00e9bration, \u00e0 travers\u2026","og_url":"https:\/\/www.itakaescolapios.org\/fr\/2023\/02\/english-youth-festival-2023-at-the-multi-purpose-bilingual-college-saint-joseph-calasanz-in-bandjoun\/","og_site_name":"Itaka-Escolapios","article_published_time":"2023-02-13T10:39:50+00:00","article_modified_time":"2023-11-28T11:35:36+00:00","og_image":[{"width":1040,"height":780,"url":"https:\/\/www.itakaescolapios.org\/wp-content\/uploads\/2023\/02\/WhatsApp-Image-2023-02-11-at-14.13.20.jpeg","type":"image\/jpeg"}],"author":"cameroun01","twitter_card":"summary_large_image","twitter_misc":{"\u00c9crit par":"cameroun01","Dur\u00e9e de lecture estim\u00e9e":"1 minute"},"schema":{"@context":"https:\/\/schema.org","@graph":[{"@type":"Article","@id":"https:\/\/www.itakaescolapios.org\/fr\/2023\/02\/english-youth-festival-2023-at-the-multi-purpose-bilingual-college-saint-joseph-calasanz-in-bandjoun\/#article","isPartOf":{"@id":"https:\/\/www.itakaescolapios.org\/fr\/2023\/02\/english-youth-festival-2023-at-the-multi-purpose-bilingual-college-saint-joseph-calasanz-in-bandjoun\/"},"author":{"name":"cameroun01","@id":"https:\/\/www.itakaescolapios.org\/es\/#\/schema\/person\/d2844383e29bfdfef69039672ce14eb1"},"headline":"FETE DE LA JEUNESSE 2023 AU COLLEGE POLYVALENT BILINGUE SAINT JOSEPH CALASANZ DE BANDJOUN","datePublished":"2023-02-13T10:39:50+00:00","dateModified":"2023-11-28T11:35:36+00:00","mainEntityOfPage":{"@id":"https:\/\/www.itakaescolapios.org\/fr\/2023\/02\/english-youth-festival-2023-at-the-multi-purpose-bilingual-college-saint-joseph-calasanz-in-bandjoun\/"},"wordCount":147,"publisher":{"@id":"https:\/\/www.itakaescolapios.org\/es\/#organization"},"image":{"@id":"https:\/\/www.itakaescolapios.org\/fr\/2023\/02\/english-youth-festival-2023-at-the-multi-purpose-bilingual-college-saint-joseph-calasanz-in-bandjoun\/#primaryimage"},"thumbnailUrl":"https:\/\/www.itakaescolapios.org\/wp-content\/uploads\/2023\/02\/WhatsApp-Image-2023-02-11-at-14.13.20.jpeg","articleSection":["Afrique centrale","Cameroun"],"inLanguage":"fr-FR"},{"@type":"WebPage","@id":"https:\/\/www.itakaescolapios.org\/fr\/2023\/02\/english-youth-festival-2023-at-the-multi-purpose-bilingual-college-saint-joseph-calasanz-in-bandjoun\/","url":"https:\/\/www.itakaescolapios.org\/fr\/2023\/02\/english-youth-festival-2023-at-the-multi-purpose-bilingual-college-saint-joseph-calasanz-in-bandjoun\/","name":"- Itaka-Escolapios","isPartOf":{"@id":"https:\/\/www.itakaescolapios.org\/es\/#website"},"primaryImageOfPage":{"@id":"https:\/\/www.itakaescolapios.org\/fr\/2023\/02\/english-youth-festival-2023-at-the-multi-purpose-bilingual-college-saint-joseph-calasanz-in-bandjoun\/#primaryimage"},"image":{"@id":"https:\/\/www.itakaescolapios.org\/fr\/2023\/02\/english-youth-festival-2023-at-the-multi-purpose-bilingual-college-saint-joseph-calasanz-in-bandjoun\/#primaryimage"},"thumbnailUrl":"https:\/\/www.itakaescolapios.org\/wp-content\/uploads\/2023\/02\/WhatsApp-Image-2023-02-11-at-14.13.20.jpeg","datePublished":"2023-02-13T10:39:50+00:00","dateModified":"2023-11-28T11:35:36+00:00","breadcrumb":{"@id":"https:\/\/www.itakaescolapios.org\/fr\/2023\/02\/english-youth-festival-2023-at-the-multi-purpose-bilingual-college-saint-joseph-calasanz-in-bandjoun\/#breadcrumb"},"inLanguage":"fr-FR","potentialAction":[{"@type":"ReadAction","target":["https:\/\/www.itakaescolapios.org\/fr\/2023\/02\/english-youth-festival-2023-at-the-multi-purpose-bilingual-college-saint-joseph-calasanz-in-bandjoun\/"]}]},{"@type":"ImageObject","inLanguage":"fr-FR","@id":"https:\/\/www.itakaescolapios.org\/fr\/2023\/02\/english-youth-festival-2023-at-the-multi-purpose-bilingual-college-saint-joseph-calasanz-in-bandjoun\/#primaryimage","url":"https:\/\/www.itakaescolapios.org\/wp-content\/uploads\/2023\/02\/WhatsApp-Image-2023-02-11-at-14.13.20.jpeg","contentUrl":"https:\/\/www.itakaescolapios.org\/wp-content\/uploads\/2023\/02\/WhatsApp-Image-2023-02-11-at-14.13.20.jpeg","width":1040,"height":780},{"@type":"BreadcrumbList","@id":"https:\/\/www.itakaescolapios.org\/fr\/2023\/02\/english-youth-festival-2023-at-the-multi-purpose-bilingual-college-saint-joseph-calasanz-in-bandjoun\/#breadcrumb","itemListElement":[{"@type":"ListItem","position":1,"name":"Itaka-Escolapios","item":"https:\/\/www.itakaescolapios.org\/es\/"},{"@type":"ListItem","position":2,"name":"FETE DE LA JEUNESSE 2023 AU COLLEGE POLYVALENT BILINGUE SAINT JOSEPH CALASANZ DE BANDJOUN"}]},{"@type":"WebSite","@id":"https:\/\/www.itakaescolapios.org\/fr\/es\/#website","url":"https:\/\/www.itakaescolapios.org\/fr\/es\/","name":"Itaka-Escolapios","description":"Red de Itaka-Escolapios","publisher":{"@id":"https:\/\/www.itakaescolapios.org\/fr\/es\/#organization"},"potentialAction":[{"@type":"SearchAction","target":{"@type":"EntryPoint","urlTemplate":"https:\/\/www.itakaescolapios.org\/fr\/es\/?s={search_term_string}"},"query-input":{"@type":"PropertyValueSpecification","valueRequired":true,"valueName":"search_term_string"}}],"inLanguage":"fr-FR"},{"@type":"Organization","@id":"https:\/\/www.itakaescolapios.org\/fr\/es\/#organization","name":"Fundaci\u00f3 Itaka-Escolapios","url":"https:\/\/www.itakaescolapios.org\/fr\/es\/","logo":{"@type":"ImageObject","inLanguage":"fr-FR","@id":"https:\/\/www.itakaescolapios.org\/fr\/es\/#\/schema\/logo\/image\/","url":"https:\/\/www.itakaescolapios.org\/wp-content\/uploads\/2024\/04\/Logo-itakaescolapios-peque.png","contentUrl":"https:\/\/www.itakaescolapios.org\/wp-content\/uploads\/2024\/04\/Logo-itakaescolapios-peque.png","width":500,"height":199,"caption":"Fundaci\u00f3 Itaka-Escolapios"},"image":{"@id":"https:\/\/www.itakaescolapios.org\/fr\/es\/#\/schema\/logo\/image\/"}},{"@type":"Person","@id":"https:\/\/www.itakaescolapios.org\/es\/#\/schema\/person\/d2844383e29bfdfef69039672ce14eb1","name":"cameroun01","url":"https:\/\/www.itakaescolapios.org\/fr\/author\/cameroun01\/"}]}},"_links":{"self":[{"href":"https:\/\/www.itakaescolapios.org\/fr\/wp-json\/wp\/v2\/posts\/38523","targetHints":{"allow":["GET"]}}],"collection":[{"href":"https:\/\/www.itakaescolapios.org\/fr\/wp-json\/wp\/v2\/posts"}],"about":[{"href":"https:\/\/www.itakaescolapios.org\/fr\/wp-json\/wp\/v2\/types\/post"}],"author":[{"embeddable":true,"href":"https:\/\/www.itakaescolapios.org\/fr\/wp-json\/wp\/v2\/users\/15"}],"replies":[{"embeddable":true,"href":"https:\/\/www.itakaescolapios.org\/fr\/wp-json\/wp\/v2\/comments?post=38523"}],"version-history":[{"count":2,"href":"https:\/\/www.itakaescolapios.org\/fr\/wp-json\/wp\/v2\/posts\/38523\/revisions"}],"predecessor-version":[{"id":43702,"href":"https:\/\/www.itakaescolapios.org\/fr\/wp-json\/wp\/v2\/posts\/38523\/revisions\/43702"}],"wp:featuredmedia":[{"embeddable":true,"href":"https:\/\/www.itakaescolapios.org\/fr\/wp-json\/wp\/v2\/media\/38525"}],"wp:attachment":[{"href":"https:\/\/www.itakaescolapios.org\/fr\/wp-json\/wp\/v2\/media?parent=38523"}],"wp:term":[{"taxonomy":"category","embeddable":true,"href":"https:\/\/www.itakaescolapios.org\/fr\/wp-json\/wp\/v2\/categories?post=38523"},{"taxonomy":"post_tag","embeddable":true,"href":"https:\/\/www.itakaescolapios.org\/fr\/wp-json\/wp\/v2\/tags?post=38523"}],"curies":[{"name":"wp","href":"https:\/\/api.w.org\/{rel}","templated":true}]}}