{"id":40526,"date":"2023-02-21T11:15:45","date_gmt":"2023-02-21T10:15:45","guid":{"rendered":"https:\/\/www.itakaescolapios.org\/?p=40526"},"modified":"2023-11-28T12:35:36","modified_gmt":"2023-11-28T11:35:36","slug":"english-celebration-of-the-calasanz-movement-day-at-the-multi-purpose-bilingual-college-saint-joseph-calasanz-in-banndjoun","status":"publish","type":"post","link":"https:\/\/www.itakaescolapios.org\/fr\/2023\/02\/english-celebration-of-the-calasanz-movement-day-at-the-multi-purpose-bilingual-college-saint-joseph-calasanz-in-banndjoun\/","title":{"rendered":"CELEBRATION DE LA FETE DU MOUVEMENT CALASANZ AU COLLEGE POLYVALENT BILINGUE SAINT JOSEPH CALASANZ DE BANDJOUNCELEBRATION DE LA FETE DU MOUVEMENT CALASANZ AU COLLEGE POLYVALENT BILINGUE SAINT JOSEPH CALASANZ DE BANNDJOUN"},"content":{"rendered":"<p>Samedi dernier 19 f\u00e9vrier s\u2019est tenu au Coll\u00e8ge Polyvalent Bilingue Saint Joseph Calasanz de Bandjoun ( Ouest- Cameroun), la c\u00e9l\u00e9bration de la f\u00eate du mouvement calasanz. Au programme, chants, danses, r\u00e9cits, conf\u00e9rence et bien d\u2019autres activit\u00e9s. C\u2019\u00e9tait un moment de d\u00e9tente et surtout d\u2019apprentissage en ce qui concerne le mouvement Calasanz.<\/p>\n<p><img decoding=\"async\" class=\"size-full wp-image-40527 aligncenter\" src=\"https:\/\/www.itakaescolapios.org\/wp-content\/uploads\/2023\/02\/WhatsApp-Image-2023-02-18-at-11.57.15.jpeg\" alt=\"\" width=\"1080\" height=\"1080\" srcset=\"https:\/\/www.itakaescolapios.org\/wp-content\/uploads\/2023\/02\/WhatsApp-Image-2023-02-18-at-11.57.15.jpeg 1080w, https:\/\/www.itakaescolapios.org\/wp-content\/uploads\/2023\/02\/WhatsApp-Image-2023-02-18-at-11.57.15-300x300.jpeg 300w, https:\/\/www.itakaescolapios.org\/wp-content\/uploads\/2023\/02\/WhatsApp-Image-2023-02-18-at-11.57.15-1024x1024.jpeg 1024w, https:\/\/www.itakaescolapios.org\/wp-content\/uploads\/2023\/02\/WhatsApp-Image-2023-02-18-at-11.57.15-90x90.jpeg 90w, https:\/\/www.itakaescolapios.org\/wp-content\/uploads\/2023\/02\/WhatsApp-Image-2023-02-18-at-11.57.15-768x768.jpeg 768w, https:\/\/www.itakaescolapios.org\/wp-content\/uploads\/2023\/02\/WhatsApp-Image-2023-02-18-at-11.57.15-250x250.jpeg 250w\" sizes=\"(max-width: 1080px) 100vw, 1080px\" \/><\/p>\n<div style=\"width: 640px;\" class=\"wp-video\"><video class=\"wp-video-shortcode\" id=\"video-40526-1\" width=\"640\" height=\"352\" preload=\"metadata\" controls=\"controls\"><source type=\"video\/mp4\" src=\"https:\/\/www.itakaescolapios.org\/wp-content\/uploads\/2023\/02\/WhatsApp-Video-2023-02-18-at-11.57.14.mp4?_=1\" \/><a href=\"https:\/\/www.itakaescolapios.org\/wp-content\/uploads\/2023\/02\/WhatsApp-Video-2023-02-18-at-11.57.14.mp4\">https:\/\/www.itakaescolapios.org\/wp-content\/uploads\/2023\/02\/WhatsApp-Video-2023-02-18-at-11.57.14.mp4<\/a><\/video><\/div>\n<p>&nbsp;<\/p>\n<p><img decoding=\"async\" class=\"size-full wp-image-40537 aligncenter\" src=\"https:\/\/www.itakaescolapios.org\/wp-content\/uploads\/2023\/02\/WhatsApp-Image-2023-02-18-at-13.58.49-1.jpeg\" alt=\"\" width=\"1080\" height=\"1080\" srcset=\"https:\/\/www.itakaescolapios.org\/wp-content\/uploads\/2023\/02\/WhatsApp-Image-2023-02-18-at-13.58.49-1.jpeg 1080w, https:\/\/www.itakaescolapios.org\/wp-content\/uploads\/2023\/02\/WhatsApp-Image-2023-02-18-at-13.58.49-1-300x300.jpeg 300w, https:\/\/www.itakaescolapios.org\/wp-content\/uploads\/2023\/02\/WhatsApp-Image-2023-02-18-at-13.58.49-1-1024x1024.jpeg 1024w, https:\/\/www.itakaescolapios.org\/wp-content\/uploads\/2023\/02\/WhatsApp-Image-2023-02-18-at-13.58.49-1-90x90.jpeg 90w, https:\/\/www.itakaescolapios.org\/wp-content\/uploads\/2023\/02\/WhatsApp-Image-2023-02-18-at-13.58.49-1-768x768.jpeg 768w, https:\/\/www.itakaescolapios.org\/wp-content\/uploads\/2023\/02\/WhatsApp-Image-2023-02-18-at-13.58.49-1-250x250.jpeg 250w\" sizes=\"(max-width: 1080px) 100vw, 1080px\" \/><\/p>\n","protected":false},"excerpt":{"rendered":"<p>Samedi dernier 19 f\u00e9vrier s\u2019est tenu au Coll\u00e8ge Polyvalent Bilingue Saint Joseph Calasanz de Bandjoun ( Ouest- Cameroun), la c\u00e9l\u00e9bration de la f\u00eate du mouvement calasanz. Au programme, chants, danses, [&hellip;]<\/p>\n","protected":false},"author":15,"featured_media":40536,"comment_status":"closed","ping_status":"closed","sticky":false,"template":"","format":"standard","meta":{"_et_pb_use_builder":"","_et_pb_old_content":"","_et_gb_content_width":"","footnotes":""},"categories":[53,10],"tags":[],"class_list":["post-40526","post","type-post","status-publish","format-standard","has-post-thumbnail","hentry","category-africa-central","category-camerun"],"yoast_head":"<!-- This site is optimized with the Yoast SEO plugin v27.4 - https:\/\/yoast.com\/product\/yoast-seo-wordpress\/ -->\n<title>CELEBRATION DE LA FETE DU MOUVEMENT CALASANZ AU COLLEGE POLYVALENT BILINGUE SAINT JOSEPH CALASANZ DE BANDJOUNCELEBRATION DE LA FETE DU MOUVEMENT CALASANZ AU COLLEGE POLYVALENT BILINGUE SAINT JOSEPH CALASANZ DE BANNDJOUN<\/title>\n<meta name=\"description\" content=\"Samedi dernier 19 f\u00e9vrier s\u2019est tenu au Coll\u00e8ge Polyvalent Bilingue Saint Joseph Calasanz de Bandjoun ( Ouest- Cameroun), la c\u00e9l\u00e9bration de la f\u00eate du mouvement calasanz. Au programme, chants, danses, r\u00e9cits, conf\u00e9rence et bien d\u2019autres activit\u00e9s. C\u2019\u00e9tait un moment de d\u00e9tente et surtout d\u2019apprentissage en ce qui concerne le mouvement Calasanz. [video width=&quot;640&quot; height=&quot;352&quot; mp4=&quot;https:\/\/www.itakaescolapios.org\/wp-content\/uploads\/2023\/02\/WhatsApp-Video-2023-02-18-at-11.57.14.mp4&quot;][\/video]\u2026\" \/>\n<meta name=\"robots\" content=\"index, follow, max-snippet:-1, max-image-preview:large, max-video-preview:-1\" \/>\n<link rel=\"canonical\" href=\"\" \/>\n<meta property=\"og:locale\" content=\"fr_FR\" \/>\n<meta property=\"og:type\" content=\"article\" \/>\n<meta property=\"og:title\" content=\"CELEBRATION DE LA FETE DU MOUVEMENT CALASANZ AU COLLEGE POLYVALENT BILINGUE SAINT JOSEPH CALASANZ DE BANDJOUNCELEBRATION DE LA FETE DU MOUVEMENT CALASANZ AU COLLEGE POLYVALENT BILINGUE SAINT JOSEPH CALASANZ DE BANNDJOUN\" \/>\n<meta property=\"og:description\" content=\"Samedi dernier 19 f\u00e9vrier s\u2019est tenu au Coll\u00e8ge Polyvalent Bilingue Saint Joseph Calasanz de Bandjoun ( Ouest- Cameroun), la c\u00e9l\u00e9bration de la f\u00eate du mouvement calasanz. Au programme, chants, danses, r\u00e9cits, conf\u00e9rence et bien d\u2019autres activit\u00e9s. C\u2019\u00e9tait un moment de d\u00e9tente et surtout d\u2019apprentissage en ce qui concerne le mouvement Calasanz. [video width=&quot;640&quot; height=&quot;352&quot; mp4=&quot;https:\/\/www.itakaescolapios.org\/wp-content\/uploads\/2023\/02\/WhatsApp-Video-2023-02-18-at-11.57.14.mp4&quot;][\/video]\u2026\" \/>\n<meta property=\"og:url\" content=\"https:\/\/www.itakaescolapios.org\/fr\/2023\/02\/english-celebration-of-the-calasanz-movement-day-at-the-multi-purpose-bilingual-college-saint-joseph-calasanz-in-banndjoun\/\" \/>\n<meta property=\"og:site_name\" content=\"Itaka-Escolapios\" \/>\n<meta property=\"article:published_time\" content=\"2023-02-21T10:15:45+00:00\" \/>\n<meta property=\"article:modified_time\" content=\"2023-11-28T11:35:36+00:00\" \/>\n<meta property=\"og:image\" content=\"https:\/\/www.itakaescolapios.org\/wp-content\/uploads\/2023\/02\/WhatsApp-Image-2023-02-18-at-14.06.59.jpeg\" \/>\n\t<meta property=\"og:image:width\" content=\"1080\" \/>\n\t<meta property=\"og:image:height\" content=\"1080\" \/>\n\t<meta property=\"og:image:type\" content=\"image\/jpeg\" \/>\n<meta name=\"author\" content=\"cameroun01\" \/>\n<meta name=\"twitter:card\" content=\"summary_large_image\" \/>\n<meta name=\"twitter:label1\" content=\"\u00c9crit par\" \/>\n\t<meta name=\"twitter:data1\" content=\"cameroun01\" \/>\n\t<meta name=\"twitter:label2\" content=\"Dur\u00e9e de lecture estim\u00e9e\" \/>\n\t<meta name=\"twitter:data2\" content=\"1 minute\" \/>\n<script type=\"application\/ld+json\" class=\"yoast-schema-graph\">{\"@context\":\"https:\\\/\\\/schema.org\",\"@graph\":[{\"@type\":\"Article\",\"@id\":\"https:\\\/\\\/www.itakaescolapios.org\\\/fr\\\/2023\\\/02\\\/english-celebration-of-the-calasanz-movement-day-at-the-multi-purpose-bilingual-college-saint-joseph-calasanz-in-banndjoun\\\/#article\",\"isPartOf\":{\"@id\":\"https:\\\/\\\/www.itakaescolapios.org\\\/fr\\\/2023\\\/02\\\/english-celebration-of-the-calasanz-movement-day-at-the-multi-purpose-bilingual-college-saint-joseph-calasanz-in-banndjoun\\\/\"},\"author\":{\"name\":\"cameroun01\",\"@id\":\"https:\\\/\\\/www.itakaescolapios.org\\\/es\\\/#\\\/schema\\\/person\\\/d2844383e29bfdfef69039672ce14eb1\"},\"headline\":\"CELEBRATION DE LA FETE DU MOUVEMENT CALASANZ AU COLLEGE POLYVALENT BILINGUE SAINT JOSEPH CALASANZ DE BANDJOUNCELEBRATION DE LA FETE DU MOUVEMENT CALASANZ AU COLLEGE POLYVALENT BILINGUE SAINT JOSEPH CALASANZ DE BANNDJOUN\",\"datePublished\":\"2023-02-21T10:15:45+00:00\",\"dateModified\":\"2023-11-28T11:35:36+00:00\",\"mainEntityOfPage\":{\"@id\":\"https:\\\/\\\/www.itakaescolapios.org\\\/fr\\\/2023\\\/02\\\/english-celebration-of-the-calasanz-movement-day-at-the-multi-purpose-bilingual-college-saint-joseph-calasanz-in-banndjoun\\\/\"},\"wordCount\":149,\"publisher\":{\"@id\":\"https:\\\/\\\/www.itakaescolapios.org\\\/es\\\/#organization\"},\"image\":{\"@id\":\"https:\\\/\\\/www.itakaescolapios.org\\\/fr\\\/2023\\\/02\\\/english-celebration-of-the-calasanz-movement-day-at-the-multi-purpose-bilingual-college-saint-joseph-calasanz-in-banndjoun\\\/#primaryimage\"},\"thumbnailUrl\":\"https:\\\/\\\/www.itakaescolapios.org\\\/wp-content\\\/uploads\\\/2023\\\/02\\\/WhatsApp-Image-2023-02-18-at-14.06.59.jpeg\",\"articleSection\":[\"Afrique centrale\",\"Cameroun\"],\"inLanguage\":\"fr-FR\"},{\"@type\":\"WebPage\",\"@id\":\"https:\\\/\\\/www.itakaescolapios.org\\\/fr\\\/2023\\\/02\\\/english-celebration-of-the-calasanz-movement-day-at-the-multi-purpose-bilingual-college-saint-joseph-calasanz-in-banndjoun\\\/\",\"url\":\"https:\\\/\\\/www.itakaescolapios.org\\\/fr\\\/2023\\\/02\\\/english-celebration-of-the-calasanz-movement-day-at-the-multi-purpose-bilingual-college-saint-joseph-calasanz-in-banndjoun\\\/\",\"name\":\"- Itaka-Escolapios\",\"isPartOf\":{\"@id\":\"https:\\\/\\\/www.itakaescolapios.org\\\/es\\\/#website\"},\"primaryImageOfPage\":{\"@id\":\"https:\\\/\\\/www.itakaescolapios.org\\\/fr\\\/2023\\\/02\\\/english-celebration-of-the-calasanz-movement-day-at-the-multi-purpose-bilingual-college-saint-joseph-calasanz-in-banndjoun\\\/#primaryimage\"},\"image\":{\"@id\":\"https:\\\/\\\/www.itakaescolapios.org\\\/fr\\\/2023\\\/02\\\/english-celebration-of-the-calasanz-movement-day-at-the-multi-purpose-bilingual-college-saint-joseph-calasanz-in-banndjoun\\\/#primaryimage\"},\"thumbnailUrl\":\"https:\\\/\\\/www.itakaescolapios.org\\\/wp-content\\\/uploads\\\/2023\\\/02\\\/WhatsApp-Image-2023-02-18-at-14.06.59.jpeg\",\"datePublished\":\"2023-02-21T10:15:45+00:00\",\"dateModified\":\"2023-11-28T11:35:36+00:00\",\"breadcrumb\":{\"@id\":\"https:\\\/\\\/www.itakaescolapios.org\\\/fr\\\/2023\\\/02\\\/english-celebration-of-the-calasanz-movement-day-at-the-multi-purpose-bilingual-college-saint-joseph-calasanz-in-banndjoun\\\/#breadcrumb\"},\"inLanguage\":\"fr-FR\",\"potentialAction\":[{\"@type\":\"ReadAction\",\"target\":[\"https:\\\/\\\/www.itakaescolapios.org\\\/fr\\\/2023\\\/02\\\/english-celebration-of-the-calasanz-movement-day-at-the-multi-purpose-bilingual-college-saint-joseph-calasanz-in-banndjoun\\\/\"]}]},{\"@type\":\"ImageObject\",\"inLanguage\":\"fr-FR\",\"@id\":\"https:\\\/\\\/www.itakaescolapios.org\\\/fr\\\/2023\\\/02\\\/english-celebration-of-the-calasanz-movement-day-at-the-multi-purpose-bilingual-college-saint-joseph-calasanz-in-banndjoun\\\/#primaryimage\",\"url\":\"https:\\\/\\\/www.itakaescolapios.org\\\/wp-content\\\/uploads\\\/2023\\\/02\\\/WhatsApp-Image-2023-02-18-at-14.06.59.jpeg\",\"contentUrl\":\"https:\\\/\\\/www.itakaescolapios.org\\\/wp-content\\\/uploads\\\/2023\\\/02\\\/WhatsApp-Image-2023-02-18-at-14.06.59.jpeg\",\"width\":1080,\"height\":1080},{\"@type\":\"BreadcrumbList\",\"@id\":\"https:\\\/\\\/www.itakaescolapios.org\\\/fr\\\/2023\\\/02\\\/english-celebration-of-the-calasanz-movement-day-at-the-multi-purpose-bilingual-college-saint-joseph-calasanz-in-banndjoun\\\/#breadcrumb\",\"itemListElement\":[{\"@type\":\"ListItem\",\"position\":1,\"name\":\"Itaka-Escolapios\",\"item\":\"https:\\\/\\\/www.itakaescolapios.org\\\/es\\\/\"},{\"@type\":\"ListItem\",\"position\":2,\"name\":\"CELEBRATION DE LA FETE DU MOUVEMENT CALASANZ AU COLLEGE POLYVALENT BILINGUE SAINT JOSEPH CALASANZ DE BANDJOUNCELEBRATION DE LA FETE DU MOUVEMENT CALASANZ AU COLLEGE POLYVALENT BILINGUE SAINT JOSEPH CALASANZ DE BANNDJOUN\"}]},{\"@type\":\"WebSite\",\"@id\":\"https:\\\/\\\/www.itakaescolapios.org\\\/fr\\\/es\\\/#website\",\"url\":\"https:\\\/\\\/www.itakaescolapios.org\\\/fr\\\/es\\\/\",\"name\":\"Itaka-Escolapios\",\"description\":\"Red de Itaka-Escolapios\",\"publisher\":{\"@id\":\"https:\\\/\\\/www.itakaescolapios.org\\\/fr\\\/es\\\/#organization\"},\"potentialAction\":[{\"@type\":\"SearchAction\",\"target\":{\"@type\":\"EntryPoint\",\"urlTemplate\":\"https:\\\/\\\/www.itakaescolapios.org\\\/fr\\\/es\\\/?s={search_term_string}\"},\"query-input\":{\"@type\":\"PropertyValueSpecification\",\"valueRequired\":true,\"valueName\":\"search_term_string\"}}],\"inLanguage\":\"fr-FR\"},{\"@type\":\"Organization\",\"@id\":\"https:\\\/\\\/www.itakaescolapios.org\\\/fr\\\/es\\\/#organization\",\"name\":\"Fundaci\u00f3 Itaka-Escolapios\",\"url\":\"https:\\\/\\\/www.itakaescolapios.org\\\/fr\\\/es\\\/\",\"logo\":{\"@type\":\"ImageObject\",\"inLanguage\":\"fr-FR\",\"@id\":\"https:\\\/\\\/www.itakaescolapios.org\\\/fr\\\/es\\\/#\\\/schema\\\/logo\\\/image\\\/\",\"url\":\"https:\\\/\\\/www.itakaescolapios.org\\\/wp-content\\\/uploads\\\/2024\\\/04\\\/Logo-itakaescolapios-peque.png\",\"contentUrl\":\"https:\\\/\\\/www.itakaescolapios.org\\\/wp-content\\\/uploads\\\/2024\\\/04\\\/Logo-itakaescolapios-peque.png\",\"width\":500,\"height\":199,\"caption\":\"Fundaci\u00f3 Itaka-Escolapios\"},\"image\":{\"@id\":\"https:\\\/\\\/www.itakaescolapios.org\\\/fr\\\/es\\\/#\\\/schema\\\/logo\\\/image\\\/\"}},{\"@type\":\"Person\",\"@id\":\"https:\\\/\\\/www.itakaescolapios.org\\\/es\\\/#\\\/schema\\\/person\\\/d2844383e29bfdfef69039672ce14eb1\",\"name\":\"cameroun01\",\"url\":\"https:\\\/\\\/www.itakaescolapios.org\\\/fr\\\/author\\\/cameroun01\\\/\"}]}<\/script>\n<!-- \/ Yoast SEO plugin. -->","yoast_head_json":{"title":"CELEBRATION DE LA FETE DU MOUVEMENT CALASANZ AU COLLEGE POLYVALENT BILINGUE SAINT JOSEPH CALASANZ DE BANDJOUNCELEBRATION DE LA FETE DU MOUVEMENT CALASANZ AU COLLEGE POLYVALENT BILINGUE SAINT JOSEPH CALASANZ DE BANNDJOUN","description":"Samedi dernier 19 f\u00e9vrier s\u2019est tenu au Coll\u00e8ge Polyvalent Bilingue Saint Joseph Calasanz de Bandjoun ( Ouest- Cameroun), la c\u00e9l\u00e9bration de la f\u00eate du mouvement calasanz. Au programme, chants, danses, r\u00e9cits, conf\u00e9rence et bien d\u2019autres activit\u00e9s. C\u2019\u00e9tait un moment de d\u00e9tente et surtout d\u2019apprentissage en ce qui concerne le mouvement Calasanz. [video width=\"640\" height=\"352\" mp4=\"https:\/\/www.itakaescolapios.org\/wp-content\/uploads\/2023\/02\/WhatsApp-Video-2023-02-18-at-11.57.14.mp4\"][\/video]\u2026","robots":{"index":"index","follow":"follow","max-snippet":"max-snippet:-1","max-image-preview":"max-image-preview:large","max-video-preview":"max-video-preview:-1"},"canonical":"Samedi dernier 19 f\u00e9vrier s\u2019est tenu au Coll\u00e8ge Polyvalent Bilingue Saint Joseph Calasanz de Bandjoun ( Ouest- Cameroun), la c\u00e9l\u00e9bration de la f\u00eate du mouvement calasanz. Au programme, chants, danses, r\u00e9cits, conf\u00e9rence et bien d\u2019autres activit\u00e9s. C\u2019\u00e9tait un moment de d\u00e9tente et surtout d\u2019apprentissage en ce qui concerne le mouvement Calasanz. [video width=\"640\" height=\"352\" mp4=\"https:\/\/www.itakaescolapios.org\/wp-content\/uploads\/2023\/02\/WhatsApp-Video-2023-02-18-at-11.57.14.mp4\"][\/video]\u2026","og_locale":"fr_FR","og_type":"article","og_title":"CELEBRATION DE LA FETE DU MOUVEMENT CALASANZ AU COLLEGE POLYVALENT BILINGUE SAINT JOSEPH CALASANZ DE BANDJOUNCELEBRATION DE LA FETE DU MOUVEMENT CALASANZ AU COLLEGE POLYVALENT BILINGUE SAINT JOSEPH CALASANZ DE BANNDJOUN","og_description":"Samedi dernier 19 f\u00e9vrier s\u2019est tenu au Coll\u00e8ge Polyvalent Bilingue Saint Joseph Calasanz de Bandjoun ( Ouest- Cameroun), la c\u00e9l\u00e9bration de la f\u00eate du mouvement calasanz. Au programme, chants, danses, r\u00e9cits, conf\u00e9rence et bien d\u2019autres activit\u00e9s. C\u2019\u00e9tait un moment de d\u00e9tente et surtout d\u2019apprentissage en ce qui concerne le mouvement Calasanz. [video width=\"640\" height=\"352\" mp4=\"https:\/\/www.itakaescolapios.org\/wp-content\/uploads\/2023\/02\/WhatsApp-Video-2023-02-18-at-11.57.14.mp4\"][\/video]\u2026","og_url":"https:\/\/www.itakaescolapios.org\/fr\/2023\/02\/english-celebration-of-the-calasanz-movement-day-at-the-multi-purpose-bilingual-college-saint-joseph-calasanz-in-banndjoun\/","og_site_name":"Itaka-Escolapios","article_published_time":"2023-02-21T10:15:45+00:00","article_modified_time":"2023-11-28T11:35:36+00:00","og_image":[{"width":1080,"height":1080,"url":"https:\/\/www.itakaescolapios.org\/wp-content\/uploads\/2023\/02\/WhatsApp-Image-2023-02-18-at-14.06.59.jpeg","type":"image\/jpeg"}],"author":"cameroun01","twitter_card":"summary_large_image","twitter_misc":{"\u00c9crit par":"cameroun01","Dur\u00e9e de lecture estim\u00e9e":"1 minute"},"schema":{"@context":"https:\/\/schema.org","@graph":[{"@type":"Article","@id":"https:\/\/www.itakaescolapios.org\/fr\/2023\/02\/english-celebration-of-the-calasanz-movement-day-at-the-multi-purpose-bilingual-college-saint-joseph-calasanz-in-banndjoun\/#article","isPartOf":{"@id":"https:\/\/www.itakaescolapios.org\/fr\/2023\/02\/english-celebration-of-the-calasanz-movement-day-at-the-multi-purpose-bilingual-college-saint-joseph-calasanz-in-banndjoun\/"},"author":{"name":"cameroun01","@id":"https:\/\/www.itakaescolapios.org\/es\/#\/schema\/person\/d2844383e29bfdfef69039672ce14eb1"},"headline":"CELEBRATION DE LA FETE DU MOUVEMENT CALASANZ AU COLLEGE POLYVALENT BILINGUE SAINT JOSEPH CALASANZ DE BANDJOUNCELEBRATION DE LA FETE DU MOUVEMENT CALASANZ AU COLLEGE POLYVALENT BILINGUE SAINT JOSEPH CALASANZ DE BANNDJOUN","datePublished":"2023-02-21T10:15:45+00:00","dateModified":"2023-11-28T11:35:36+00:00","mainEntityOfPage":{"@id":"https:\/\/www.itakaescolapios.org\/fr\/2023\/02\/english-celebration-of-the-calasanz-movement-day-at-the-multi-purpose-bilingual-college-saint-joseph-calasanz-in-banndjoun\/"},"wordCount":149,"publisher":{"@id":"https:\/\/www.itakaescolapios.org\/es\/#organization"},"image":{"@id":"https:\/\/www.itakaescolapios.org\/fr\/2023\/02\/english-celebration-of-the-calasanz-movement-day-at-the-multi-purpose-bilingual-college-saint-joseph-calasanz-in-banndjoun\/#primaryimage"},"thumbnailUrl":"https:\/\/www.itakaescolapios.org\/wp-content\/uploads\/2023\/02\/WhatsApp-Image-2023-02-18-at-14.06.59.jpeg","articleSection":["Afrique centrale","Cameroun"],"inLanguage":"fr-FR"},{"@type":"WebPage","@id":"https:\/\/www.itakaescolapios.org\/fr\/2023\/02\/english-celebration-of-the-calasanz-movement-day-at-the-multi-purpose-bilingual-college-saint-joseph-calasanz-in-banndjoun\/","url":"https:\/\/www.itakaescolapios.org\/fr\/2023\/02\/english-celebration-of-the-calasanz-movement-day-at-the-multi-purpose-bilingual-college-saint-joseph-calasanz-in-banndjoun\/","name":"- Itaka-Escolapios","isPartOf":{"@id":"https:\/\/www.itakaescolapios.org\/es\/#website"},"primaryImageOfPage":{"@id":"https:\/\/www.itakaescolapios.org\/fr\/2023\/02\/english-celebration-of-the-calasanz-movement-day-at-the-multi-purpose-bilingual-college-saint-joseph-calasanz-in-banndjoun\/#primaryimage"},"image":{"@id":"https:\/\/www.itakaescolapios.org\/fr\/2023\/02\/english-celebration-of-the-calasanz-movement-day-at-the-multi-purpose-bilingual-college-saint-joseph-calasanz-in-banndjoun\/#primaryimage"},"thumbnailUrl":"https:\/\/www.itakaescolapios.org\/wp-content\/uploads\/2023\/02\/WhatsApp-Image-2023-02-18-at-14.06.59.jpeg","datePublished":"2023-02-21T10:15:45+00:00","dateModified":"2023-11-28T11:35:36+00:00","breadcrumb":{"@id":"https:\/\/www.itakaescolapios.org\/fr\/2023\/02\/english-celebration-of-the-calasanz-movement-day-at-the-multi-purpose-bilingual-college-saint-joseph-calasanz-in-banndjoun\/#breadcrumb"},"inLanguage":"fr-FR","potentialAction":[{"@type":"ReadAction","target":["https:\/\/www.itakaescolapios.org\/fr\/2023\/02\/english-celebration-of-the-calasanz-movement-day-at-the-multi-purpose-bilingual-college-saint-joseph-calasanz-in-banndjoun\/"]}]},{"@type":"ImageObject","inLanguage":"fr-FR","@id":"https:\/\/www.itakaescolapios.org\/fr\/2023\/02\/english-celebration-of-the-calasanz-movement-day-at-the-multi-purpose-bilingual-college-saint-joseph-calasanz-in-banndjoun\/#primaryimage","url":"https:\/\/www.itakaescolapios.org\/wp-content\/uploads\/2023\/02\/WhatsApp-Image-2023-02-18-at-14.06.59.jpeg","contentUrl":"https:\/\/www.itakaescolapios.org\/wp-content\/uploads\/2023\/02\/WhatsApp-Image-2023-02-18-at-14.06.59.jpeg","width":1080,"height":1080},{"@type":"BreadcrumbList","@id":"https:\/\/www.itakaescolapios.org\/fr\/2023\/02\/english-celebration-of-the-calasanz-movement-day-at-the-multi-purpose-bilingual-college-saint-joseph-calasanz-in-banndjoun\/#breadcrumb","itemListElement":[{"@type":"ListItem","position":1,"name":"Itaka-Escolapios","item":"https:\/\/www.itakaescolapios.org\/es\/"},{"@type":"ListItem","position":2,"name":"CELEBRATION DE LA FETE DU MOUVEMENT CALASANZ AU COLLEGE POLYVALENT BILINGUE SAINT JOSEPH CALASANZ DE BANDJOUNCELEBRATION DE LA FETE DU MOUVEMENT CALASANZ AU COLLEGE POLYVALENT BILINGUE SAINT JOSEPH CALASANZ DE BANNDJOUN"}]},{"@type":"WebSite","@id":"https:\/\/www.itakaescolapios.org\/fr\/es\/#website","url":"https:\/\/www.itakaescolapios.org\/fr\/es\/","name":"Itaka-Escolapios","description":"Red de Itaka-Escolapios","publisher":{"@id":"https:\/\/www.itakaescolapios.org\/fr\/es\/#organization"},"potentialAction":[{"@type":"SearchAction","target":{"@type":"EntryPoint","urlTemplate":"https:\/\/www.itakaescolapios.org\/fr\/es\/?s={search_term_string}"},"query-input":{"@type":"PropertyValueSpecification","valueRequired":true,"valueName":"search_term_string"}}],"inLanguage":"fr-FR"},{"@type":"Organization","@id":"https:\/\/www.itakaescolapios.org\/fr\/es\/#organization","name":"Fundaci\u00f3 Itaka-Escolapios","url":"https:\/\/www.itakaescolapios.org\/fr\/es\/","logo":{"@type":"ImageObject","inLanguage":"fr-FR","@id":"https:\/\/www.itakaescolapios.org\/fr\/es\/#\/schema\/logo\/image\/","url":"https:\/\/www.itakaescolapios.org\/wp-content\/uploads\/2024\/04\/Logo-itakaescolapios-peque.png","contentUrl":"https:\/\/www.itakaescolapios.org\/wp-content\/uploads\/2024\/04\/Logo-itakaescolapios-peque.png","width":500,"height":199,"caption":"Fundaci\u00f3 Itaka-Escolapios"},"image":{"@id":"https:\/\/www.itakaescolapios.org\/fr\/es\/#\/schema\/logo\/image\/"}},{"@type":"Person","@id":"https:\/\/www.itakaescolapios.org\/es\/#\/schema\/person\/d2844383e29bfdfef69039672ce14eb1","name":"cameroun01","url":"https:\/\/www.itakaescolapios.org\/fr\/author\/cameroun01\/"}]}},"_links":{"self":[{"href":"https:\/\/www.itakaescolapios.org\/fr\/wp-json\/wp\/v2\/posts\/40526","targetHints":{"allow":["GET"]}}],"collection":[{"href":"https:\/\/www.itakaescolapios.org\/fr\/wp-json\/wp\/v2\/posts"}],"about":[{"href":"https:\/\/www.itakaescolapios.org\/fr\/wp-json\/wp\/v2\/types\/post"}],"author":[{"embeddable":true,"href":"https:\/\/www.itakaescolapios.org\/fr\/wp-json\/wp\/v2\/users\/15"}],"replies":[{"embeddable":true,"href":"https:\/\/www.itakaescolapios.org\/fr\/wp-json\/wp\/v2\/comments?post=40526"}],"version-history":[{"count":3,"href":"https:\/\/www.itakaescolapios.org\/fr\/wp-json\/wp\/v2\/posts\/40526\/revisions"}],"predecessor-version":[{"id":43693,"href":"https:\/\/www.itakaescolapios.org\/fr\/wp-json\/wp\/v2\/posts\/40526\/revisions\/43693"}],"wp:featuredmedia":[{"embeddable":true,"href":"https:\/\/www.itakaescolapios.org\/fr\/wp-json\/wp\/v2\/media\/40536"}],"wp:attachment":[{"href":"https:\/\/www.itakaescolapios.org\/fr\/wp-json\/wp\/v2\/media?parent=40526"}],"wp:term":[{"taxonomy":"category","embeddable":true,"href":"https:\/\/www.itakaescolapios.org\/fr\/wp-json\/wp\/v2\/categories?post=40526"},{"taxonomy":"post_tag","embeddable":true,"href":"https:\/\/www.itakaescolapios.org\/fr\/wp-json\/wp\/v2\/tags?post=40526"}],"curies":[{"name":"wp","href":"https:\/\/api.w.org\/{rel}","templated":true}]}}