{"id":40554,"date":"2023-02-21T11:56:57","date_gmt":"2023-02-21T10:56:57","guid":{"rendered":"https:\/\/www.itakaescolapios.org\/?p=40554"},"modified":"2023-11-28T12:35:36","modified_gmt":"2023-11-28T11:35:36","slug":"english-celebration-of-the-calasanz-movement-day-in-equatorial-guinea","status":"publish","type":"post","link":"https:\/\/www.itakaescolapios.org\/fr\/2023\/02\/english-celebration-of-the-calasanz-movement-day-in-equatorial-guinea\/","title":{"rendered":"CELEBRATION DE LA FETE DU MOUVEMENT CALASANZ EN GUINEE EQUATORIALE"},"content":{"rendered":"<p>Du 18 au 20 f\u00e9vrier dernier s\u2019est tenue en Guin\u00e9e Equatoriale, la c\u00e9l\u00e9bration de la f\u00eate du mouvement Calasanz. A partir du 18 fevrier, les jeunes des communaut\u00e9s\u00a0 de Bata et Akurenam ont \u00e9t\u00e9 re\u00e7us par ceux d\u2019Akonibe pour cette belle c\u00e9l\u00e9bration. Durant le week-end nous avons eu plusieurs activit\u00e9s tels que le sport matinal, la sortie d\u00e9tente au bord de la rivi\u00e8re, la causerie \u00e9ducative et bien d\u2019autres. C\u2019\u00e9tait un moment de d\u00e9tente et surtout d\u2019apprentissage en ce qui concerne le mouvement Calasanz.<\/p>\n<p><img decoding=\"async\" class=\"size-full wp-image-40555 aligncenter\" src=\"https:\/\/www.itakaescolapios.org\/wp-content\/uploads\/2023\/02\/WhatsApp-Image-2023-02-18-at-10.16.32.jpeg\" alt=\"\" width=\"1000\" height=\"450\" srcset=\"https:\/\/www.itakaescolapios.org\/wp-content\/uploads\/2023\/02\/WhatsApp-Image-2023-02-18-at-10.16.32.jpeg 1000w, https:\/\/www.itakaescolapios.org\/wp-content\/uploads\/2023\/02\/WhatsApp-Image-2023-02-18-at-10.16.32-300x135.jpeg 300w, https:\/\/www.itakaescolapios.org\/wp-content\/uploads\/2023\/02\/WhatsApp-Image-2023-02-18-at-10.16.32-768x346.jpeg 768w, https:\/\/www.itakaescolapios.org\/wp-content\/uploads\/2023\/02\/WhatsApp-Image-2023-02-18-at-10.16.32-250x113.jpeg 250w\" sizes=\"(max-width: 1000px) 100vw, 1000px\" \/><\/p>\n<p><img decoding=\"async\" class=\"size-full wp-image-40556 aligncenter\" src=\"https:\/\/www.itakaescolapios.org\/wp-content\/uploads\/2023\/02\/WhatsApp-Image-2023-02-17-at-18.57.44.jpeg\" alt=\"\" width=\"1000\" height=\"450\" srcset=\"https:\/\/www.itakaescolapios.org\/wp-content\/uploads\/2023\/02\/WhatsApp-Image-2023-02-17-at-18.57.44.jpeg 1000w, https:\/\/www.itakaescolapios.org\/wp-content\/uploads\/2023\/02\/WhatsApp-Image-2023-02-17-at-18.57.44-300x135.jpeg 300w, https:\/\/www.itakaescolapios.org\/wp-content\/uploads\/2023\/02\/WhatsApp-Image-2023-02-17-at-18.57.44-768x346.jpeg 768w, https:\/\/www.itakaescolapios.org\/wp-content\/uploads\/2023\/02\/WhatsApp-Image-2023-02-17-at-18.57.44-250x113.jpeg 250w\" sizes=\"(max-width: 1000px) 100vw, 1000px\" \/><\/p>\n<p><img decoding=\"async\" class=\"size-full wp-image-40557 aligncenter\" src=\"https:\/\/www.itakaescolapios.org\/wp-content\/uploads\/2023\/02\/WhatsApp-Image-2023-02-19-at-21.33.39.jpeg\" alt=\"\" width=\"1000\" height=\"450\" srcset=\"https:\/\/www.itakaescolapios.org\/wp-content\/uploads\/2023\/02\/WhatsApp-Image-2023-02-19-at-21.33.39.jpeg 1000w, https:\/\/www.itakaescolapios.org\/wp-content\/uploads\/2023\/02\/WhatsApp-Image-2023-02-19-at-21.33.39-300x135.jpeg 300w, https:\/\/www.itakaescolapios.org\/wp-content\/uploads\/2023\/02\/WhatsApp-Image-2023-02-19-at-21.33.39-768x346.jpeg 768w, https:\/\/www.itakaescolapios.org\/wp-content\/uploads\/2023\/02\/WhatsApp-Image-2023-02-19-at-21.33.39-250x113.jpeg 250w\" sizes=\"(max-width: 1000px) 100vw, 1000px\" \/><\/p>\n<p><img decoding=\"async\" class=\"size-full wp-image-40558 aligncenter\" src=\"https:\/\/www.itakaescolapios.org\/wp-content\/uploads\/2023\/02\/WhatsApp-Image-2023-02-19-at-21.33.36.jpeg\" alt=\"\" width=\"1000\" height=\"450\" srcset=\"https:\/\/www.itakaescolapios.org\/wp-content\/uploads\/2023\/02\/WhatsApp-Image-2023-02-19-at-21.33.36.jpeg 1000w, https:\/\/www.itakaescolapios.org\/wp-content\/uploads\/2023\/02\/WhatsApp-Image-2023-02-19-at-21.33.36-300x135.jpeg 300w, https:\/\/www.itakaescolapios.org\/wp-content\/uploads\/2023\/02\/WhatsApp-Image-2023-02-19-at-21.33.36-768x346.jpeg 768w, https:\/\/www.itakaescolapios.org\/wp-content\/uploads\/2023\/02\/WhatsApp-Image-2023-02-19-at-21.33.36-250x113.jpeg 250w\" sizes=\"(max-width: 1000px) 100vw, 1000px\" \/><\/p>\n<p>&nbsp;<\/p>\n","protected":false},"excerpt":{"rendered":"<p>Du 18 au 20 f\u00e9vrier dernier s\u2019est tenue en Guin\u00e9e Equatoriale, la c\u00e9l\u00e9bration de la f\u00eate du mouvement Calasanz. A partir du 18 fevrier, les jeunes des communaut\u00e9s\u00a0 de Bata [&hellip;]<\/p>\n","protected":false},"author":15,"featured_media":40559,"comment_status":"closed","ping_status":"closed","sticky":false,"template":"","format":"standard","meta":{"_et_pb_use_builder":"","_et_pb_old_content":"","_et_gb_content_width":"","footnotes":""},"categories":[53,533],"tags":[],"class_list":["post-40554","post","type-post","status-publish","format-standard","has-post-thumbnail","hentry","category-africa-central","category-guinea"],"yoast_head":"<!-- This site is optimized with the Yoast SEO plugin v27.4 - https:\/\/yoast.com\/product\/yoast-seo-wordpress\/ -->\n<title>CELEBRATION DE LA FETE DU MOUVEMENT CALASANZ EN GUINEE EQUATORIALE<\/title>\n<meta name=\"description\" content=\"Du 18 au 20 f\u00e9vrier dernier s\u2019est tenue en Guin\u00e9e Equatoriale, la c\u00e9l\u00e9bration de la f\u00eate du mouvement Calasanz. A partir du 18 fevrier, les jeunes des communaut\u00e9s\u00a0 de Bata et Akurenam ont \u00e9t\u00e9 re\u00e7us par ceux d\u2019Akonibe pour cette belle c\u00e9l\u00e9bration. Durant le week-end nous avons eu plusieurs activit\u00e9s tels que le sport matinal,\u2026\" \/>\n<meta name=\"robots\" content=\"index, follow, max-snippet:-1, max-image-preview:large, max-video-preview:-1\" \/>\n<link rel=\"canonical\" href=\"http:\/\/Du%2018%20au%2020%20f\u00e9vrier%20dernier%20s\u2019est%20tenue%20en%20Guin\u00e9e%20Equatoriale,%20la%20c\u00e9l\u00e9bration%20de%20la%20f\u00eate%20du%20mouvement%20Calasanz.%20A%20partir%20du%2018%20fevrier,%20les%20jeunes%20des%20communaut\u00e9s\u00a0%20de%20Bata%20et%20Akurenam%20ont%20\u00e9t\u00e9%20re\u00e7us%20par%20ceux%20d\u2019Akonibe%20pour%20cette%20belle%20c\u00e9l\u00e9bration.%20Durant%20le%20week-end%20nous%20avons%20eu%20plusieurs%20activit\u00e9s%20tels%20que%20le%20sport%20matinal,\u2026\" \/>\n<meta property=\"og:locale\" content=\"fr_FR\" \/>\n<meta property=\"og:type\" content=\"article\" \/>\n<meta property=\"og:title\" content=\"CELEBRATION DE LA FETE DU MOUVEMENT CALASANZ EN GUINEE EQUATORIALE\" \/>\n<meta property=\"og:description\" content=\"Du 18 au 20 f\u00e9vrier dernier s\u2019est tenue en Guin\u00e9e Equatoriale, la c\u00e9l\u00e9bration de la f\u00eate du mouvement Calasanz. A partir du 18 fevrier, les jeunes des communaut\u00e9s\u00a0 de Bata et Akurenam ont \u00e9t\u00e9 re\u00e7us par ceux d\u2019Akonibe pour cette belle c\u00e9l\u00e9bration. Durant le week-end nous avons eu plusieurs activit\u00e9s tels que le sport matinal,\u2026\" \/>\n<meta property=\"og:url\" content=\"https:\/\/www.itakaescolapios.org\/fr\/2023\/02\/english-celebration-of-the-calasanz-movement-day-in-equatorial-guinea\/\" \/>\n<meta property=\"og:site_name\" content=\"Itaka-Escolapios\" \/>\n<meta property=\"article:published_time\" content=\"2023-02-21T10:56:57+00:00\" \/>\n<meta property=\"article:modified_time\" content=\"2023-11-28T11:35:36+00:00\" \/>\n<meta property=\"og:image\" content=\"https:\/\/www.itakaescolapios.org\/wp-content\/uploads\/2023\/02\/WhatsApp-Image-2023-02-19-at-21.33.35.jpeg\" \/>\n\t<meta property=\"og:image:width\" content=\"1080\" \/>\n\t<meta property=\"og:image:height\" content=\"487\" \/>\n\t<meta property=\"og:image:type\" content=\"image\/jpeg\" \/>\n<meta name=\"author\" content=\"cameroun01\" \/>\n<meta name=\"twitter:card\" content=\"summary_large_image\" \/>\n<meta name=\"twitter:label1\" content=\"\u00c9crit par\" \/>\n\t<meta name=\"twitter:data1\" content=\"cameroun01\" \/>\n\t<meta name=\"twitter:label2\" content=\"Dur\u00e9e de lecture estim\u00e9e\" \/>\n\t<meta name=\"twitter:data2\" content=\"1 minute\" \/>\n<script type=\"application\/ld+json\" class=\"yoast-schema-graph\">{\"@context\":\"https:\\\/\\\/schema.org\",\"@graph\":[{\"@type\":\"Article\",\"@id\":\"https:\\\/\\\/www.itakaescolapios.org\\\/fr\\\/2023\\\/02\\\/english-celebration-of-the-calasanz-movement-day-in-equatorial-guinea\\\/#article\",\"isPartOf\":{\"@id\":\"https:\\\/\\\/www.itakaescolapios.org\\\/fr\\\/2023\\\/02\\\/english-celebration-of-the-calasanz-movement-day-in-equatorial-guinea\\\/\"},\"author\":{\"name\":\"cameroun01\",\"@id\":\"https:\\\/\\\/www.itakaescolapios.org\\\/es\\\/#\\\/schema\\\/person\\\/d2844383e29bfdfef69039672ce14eb1\"},\"headline\":\"CELEBRATION DE LA FETE DU MOUVEMENT CALASANZ EN GUINEE EQUATORIALE\",\"datePublished\":\"2023-02-21T10:56:57+00:00\",\"dateModified\":\"2023-11-28T11:35:36+00:00\",\"mainEntityOfPage\":{\"@id\":\"https:\\\/\\\/www.itakaescolapios.org\\\/fr\\\/2023\\\/02\\\/english-celebration-of-the-calasanz-movement-day-in-equatorial-guinea\\\/\"},\"wordCount\":178,\"publisher\":{\"@id\":\"https:\\\/\\\/www.itakaescolapios.org\\\/es\\\/#organization\"},\"image\":{\"@id\":\"https:\\\/\\\/www.itakaescolapios.org\\\/fr\\\/2023\\\/02\\\/english-celebration-of-the-calasanz-movement-day-in-equatorial-guinea\\\/#primaryimage\"},\"thumbnailUrl\":\"https:\\\/\\\/www.itakaescolapios.org\\\/wp-content\\\/uploads\\\/2023\\\/02\\\/WhatsApp-Image-2023-02-19-at-21.33.35.jpeg\",\"articleSection\":[\"Afrique centrale\",\"Guinea\"],\"inLanguage\":\"fr-FR\"},{\"@type\":\"WebPage\",\"@id\":\"https:\\\/\\\/www.itakaescolapios.org\\\/fr\\\/2023\\\/02\\\/english-celebration-of-the-calasanz-movement-day-in-equatorial-guinea\\\/\",\"url\":\"https:\\\/\\\/www.itakaescolapios.org\\\/fr\\\/2023\\\/02\\\/english-celebration-of-the-calasanz-movement-day-in-equatorial-guinea\\\/\",\"name\":\"- Itaka-Escolapios\",\"isPartOf\":{\"@id\":\"https:\\\/\\\/www.itakaescolapios.org\\\/es\\\/#website\"},\"primaryImageOfPage\":{\"@id\":\"https:\\\/\\\/www.itakaescolapios.org\\\/fr\\\/2023\\\/02\\\/english-celebration-of-the-calasanz-movement-day-in-equatorial-guinea\\\/#primaryimage\"},\"image\":{\"@id\":\"https:\\\/\\\/www.itakaescolapios.org\\\/fr\\\/2023\\\/02\\\/english-celebration-of-the-calasanz-movement-day-in-equatorial-guinea\\\/#primaryimage\"},\"thumbnailUrl\":\"https:\\\/\\\/www.itakaescolapios.org\\\/wp-content\\\/uploads\\\/2023\\\/02\\\/WhatsApp-Image-2023-02-19-at-21.33.35.jpeg\",\"datePublished\":\"2023-02-21T10:56:57+00:00\",\"dateModified\":\"2023-11-28T11:35:36+00:00\",\"breadcrumb\":{\"@id\":\"https:\\\/\\\/www.itakaescolapios.org\\\/fr\\\/2023\\\/02\\\/english-celebration-of-the-calasanz-movement-day-in-equatorial-guinea\\\/#breadcrumb\"},\"inLanguage\":\"fr-FR\",\"potentialAction\":[{\"@type\":\"ReadAction\",\"target\":[\"https:\\\/\\\/www.itakaescolapios.org\\\/fr\\\/2023\\\/02\\\/english-celebration-of-the-calasanz-movement-day-in-equatorial-guinea\\\/\"]}]},{\"@type\":\"ImageObject\",\"inLanguage\":\"fr-FR\",\"@id\":\"https:\\\/\\\/www.itakaescolapios.org\\\/fr\\\/2023\\\/02\\\/english-celebration-of-the-calasanz-movement-day-in-equatorial-guinea\\\/#primaryimage\",\"url\":\"https:\\\/\\\/www.itakaescolapios.org\\\/wp-content\\\/uploads\\\/2023\\\/02\\\/WhatsApp-Image-2023-02-19-at-21.33.35.jpeg\",\"contentUrl\":\"https:\\\/\\\/www.itakaescolapios.org\\\/wp-content\\\/uploads\\\/2023\\\/02\\\/WhatsApp-Image-2023-02-19-at-21.33.35.jpeg\",\"width\":1080,\"height\":487},{\"@type\":\"BreadcrumbList\",\"@id\":\"https:\\\/\\\/www.itakaescolapios.org\\\/fr\\\/2023\\\/02\\\/english-celebration-of-the-calasanz-movement-day-in-equatorial-guinea\\\/#breadcrumb\",\"itemListElement\":[{\"@type\":\"ListItem\",\"position\":1,\"name\":\"Itaka-Escolapios\",\"item\":\"https:\\\/\\\/www.itakaescolapios.org\\\/es\\\/\"},{\"@type\":\"ListItem\",\"position\":2,\"name\":\"CELEBRATION DE LA FETE DU MOUVEMENT CALASANZ EN GUINEE EQUATORIALE\"}]},{\"@type\":\"WebSite\",\"@id\":\"https:\\\/\\\/www.itakaescolapios.org\\\/fr\\\/es\\\/#website\",\"url\":\"https:\\\/\\\/www.itakaescolapios.org\\\/fr\\\/es\\\/\",\"name\":\"Itaka-Escolapios\",\"description\":\"Red de Itaka-Escolapios\",\"publisher\":{\"@id\":\"https:\\\/\\\/www.itakaescolapios.org\\\/fr\\\/es\\\/#organization\"},\"potentialAction\":[{\"@type\":\"SearchAction\",\"target\":{\"@type\":\"EntryPoint\",\"urlTemplate\":\"https:\\\/\\\/www.itakaescolapios.org\\\/fr\\\/es\\\/?s={search_term_string}\"},\"query-input\":{\"@type\":\"PropertyValueSpecification\",\"valueRequired\":true,\"valueName\":\"search_term_string\"}}],\"inLanguage\":\"fr-FR\"},{\"@type\":\"Organization\",\"@id\":\"https:\\\/\\\/www.itakaescolapios.org\\\/fr\\\/es\\\/#organization\",\"name\":\"Fundaci\u00f3 Itaka-Escolapios\",\"url\":\"https:\\\/\\\/www.itakaescolapios.org\\\/fr\\\/es\\\/\",\"logo\":{\"@type\":\"ImageObject\",\"inLanguage\":\"fr-FR\",\"@id\":\"https:\\\/\\\/www.itakaescolapios.org\\\/fr\\\/es\\\/#\\\/schema\\\/logo\\\/image\\\/\",\"url\":\"https:\\\/\\\/www.itakaescolapios.org\\\/wp-content\\\/uploads\\\/2024\\\/04\\\/Logo-itakaescolapios-peque.png\",\"contentUrl\":\"https:\\\/\\\/www.itakaescolapios.org\\\/wp-content\\\/uploads\\\/2024\\\/04\\\/Logo-itakaescolapios-peque.png\",\"width\":500,\"height\":199,\"caption\":\"Fundaci\u00f3 Itaka-Escolapios\"},\"image\":{\"@id\":\"https:\\\/\\\/www.itakaescolapios.org\\\/fr\\\/es\\\/#\\\/schema\\\/logo\\\/image\\\/\"}},{\"@type\":\"Person\",\"@id\":\"https:\\\/\\\/www.itakaescolapios.org\\\/es\\\/#\\\/schema\\\/person\\\/d2844383e29bfdfef69039672ce14eb1\",\"name\":\"cameroun01\",\"url\":\"https:\\\/\\\/www.itakaescolapios.org\\\/fr\\\/author\\\/cameroun01\\\/\"}]}<\/script>\n<!-- \/ Yoast SEO plugin. -->","yoast_head_json":{"title":"CELEBRATION DE LA FETE DU MOUVEMENT CALASANZ EN GUINEE EQUATORIALE","description":"Du 18 au 20 f\u00e9vrier dernier s\u2019est tenue en Guin\u00e9e Equatoriale, la c\u00e9l\u00e9bration de la f\u00eate du mouvement Calasanz. A partir du 18 fevrier, les jeunes des communaut\u00e9s\u00a0 de Bata et Akurenam ont \u00e9t\u00e9 re\u00e7us par ceux d\u2019Akonibe pour cette belle c\u00e9l\u00e9bration. Durant le week-end nous avons eu plusieurs activit\u00e9s tels que le sport matinal,\u2026","robots":{"index":"index","follow":"follow","max-snippet":"max-snippet:-1","max-image-preview":"max-image-preview:large","max-video-preview":"max-video-preview:-1"},"canonical":"Du 18 au 20 f\u00e9vrier dernier s\u2019est tenue en Guin\u00e9e Equatoriale, la c\u00e9l\u00e9bration de la f\u00eate du mouvement Calasanz. A partir du 18 fevrier, les jeunes des communaut\u00e9s\u00a0 de Bata et Akurenam ont \u00e9t\u00e9 re\u00e7us par ceux d\u2019Akonibe pour cette belle c\u00e9l\u00e9bration. Durant le week-end nous avons eu plusieurs activit\u00e9s tels que le sport matinal,\u2026","og_locale":"fr_FR","og_type":"article","og_title":"CELEBRATION DE LA FETE DU MOUVEMENT CALASANZ EN GUINEE EQUATORIALE","og_description":"Du 18 au 20 f\u00e9vrier dernier s\u2019est tenue en Guin\u00e9e Equatoriale, la c\u00e9l\u00e9bration de la f\u00eate du mouvement Calasanz. A partir du 18 fevrier, les jeunes des communaut\u00e9s\u00a0 de Bata et Akurenam ont \u00e9t\u00e9 re\u00e7us par ceux d\u2019Akonibe pour cette belle c\u00e9l\u00e9bration. Durant le week-end nous avons eu plusieurs activit\u00e9s tels que le sport matinal,\u2026","og_url":"https:\/\/www.itakaescolapios.org\/fr\/2023\/02\/english-celebration-of-the-calasanz-movement-day-in-equatorial-guinea\/","og_site_name":"Itaka-Escolapios","article_published_time":"2023-02-21T10:56:57+00:00","article_modified_time":"2023-11-28T11:35:36+00:00","og_image":[{"width":1080,"height":487,"url":"https:\/\/www.itakaescolapios.org\/wp-content\/uploads\/2023\/02\/WhatsApp-Image-2023-02-19-at-21.33.35.jpeg","type":"image\/jpeg"}],"author":"cameroun01","twitter_card":"summary_large_image","twitter_misc":{"\u00c9crit par":"cameroun01","Dur\u00e9e de lecture estim\u00e9e":"1 minute"},"schema":{"@context":"https:\/\/schema.org","@graph":[{"@type":"Article","@id":"https:\/\/www.itakaescolapios.org\/fr\/2023\/02\/english-celebration-of-the-calasanz-movement-day-in-equatorial-guinea\/#article","isPartOf":{"@id":"https:\/\/www.itakaescolapios.org\/fr\/2023\/02\/english-celebration-of-the-calasanz-movement-day-in-equatorial-guinea\/"},"author":{"name":"cameroun01","@id":"https:\/\/www.itakaescolapios.org\/es\/#\/schema\/person\/d2844383e29bfdfef69039672ce14eb1"},"headline":"CELEBRATION DE LA FETE DU MOUVEMENT CALASANZ EN GUINEE EQUATORIALE","datePublished":"2023-02-21T10:56:57+00:00","dateModified":"2023-11-28T11:35:36+00:00","mainEntityOfPage":{"@id":"https:\/\/www.itakaescolapios.org\/fr\/2023\/02\/english-celebration-of-the-calasanz-movement-day-in-equatorial-guinea\/"},"wordCount":178,"publisher":{"@id":"https:\/\/www.itakaescolapios.org\/es\/#organization"},"image":{"@id":"https:\/\/www.itakaescolapios.org\/fr\/2023\/02\/english-celebration-of-the-calasanz-movement-day-in-equatorial-guinea\/#primaryimage"},"thumbnailUrl":"https:\/\/www.itakaescolapios.org\/wp-content\/uploads\/2023\/02\/WhatsApp-Image-2023-02-19-at-21.33.35.jpeg","articleSection":["Afrique centrale","Guinea"],"inLanguage":"fr-FR"},{"@type":"WebPage","@id":"https:\/\/www.itakaescolapios.org\/fr\/2023\/02\/english-celebration-of-the-calasanz-movement-day-in-equatorial-guinea\/","url":"https:\/\/www.itakaescolapios.org\/fr\/2023\/02\/english-celebration-of-the-calasanz-movement-day-in-equatorial-guinea\/","name":"- Itaka-Escolapios","isPartOf":{"@id":"https:\/\/www.itakaescolapios.org\/es\/#website"},"primaryImageOfPage":{"@id":"https:\/\/www.itakaescolapios.org\/fr\/2023\/02\/english-celebration-of-the-calasanz-movement-day-in-equatorial-guinea\/#primaryimage"},"image":{"@id":"https:\/\/www.itakaescolapios.org\/fr\/2023\/02\/english-celebration-of-the-calasanz-movement-day-in-equatorial-guinea\/#primaryimage"},"thumbnailUrl":"https:\/\/www.itakaescolapios.org\/wp-content\/uploads\/2023\/02\/WhatsApp-Image-2023-02-19-at-21.33.35.jpeg","datePublished":"2023-02-21T10:56:57+00:00","dateModified":"2023-11-28T11:35:36+00:00","breadcrumb":{"@id":"https:\/\/www.itakaescolapios.org\/fr\/2023\/02\/english-celebration-of-the-calasanz-movement-day-in-equatorial-guinea\/#breadcrumb"},"inLanguage":"fr-FR","potentialAction":[{"@type":"ReadAction","target":["https:\/\/www.itakaescolapios.org\/fr\/2023\/02\/english-celebration-of-the-calasanz-movement-day-in-equatorial-guinea\/"]}]},{"@type":"ImageObject","inLanguage":"fr-FR","@id":"https:\/\/www.itakaescolapios.org\/fr\/2023\/02\/english-celebration-of-the-calasanz-movement-day-in-equatorial-guinea\/#primaryimage","url":"https:\/\/www.itakaescolapios.org\/wp-content\/uploads\/2023\/02\/WhatsApp-Image-2023-02-19-at-21.33.35.jpeg","contentUrl":"https:\/\/www.itakaescolapios.org\/wp-content\/uploads\/2023\/02\/WhatsApp-Image-2023-02-19-at-21.33.35.jpeg","width":1080,"height":487},{"@type":"BreadcrumbList","@id":"https:\/\/www.itakaescolapios.org\/fr\/2023\/02\/english-celebration-of-the-calasanz-movement-day-in-equatorial-guinea\/#breadcrumb","itemListElement":[{"@type":"ListItem","position":1,"name":"Itaka-Escolapios","item":"https:\/\/www.itakaescolapios.org\/es\/"},{"@type":"ListItem","position":2,"name":"CELEBRATION DE LA FETE DU MOUVEMENT CALASANZ EN GUINEE EQUATORIALE"}]},{"@type":"WebSite","@id":"https:\/\/www.itakaescolapios.org\/fr\/es\/#website","url":"https:\/\/www.itakaescolapios.org\/fr\/es\/","name":"Itaka-Escolapios","description":"Red de Itaka-Escolapios","publisher":{"@id":"https:\/\/www.itakaescolapios.org\/fr\/es\/#organization"},"potentialAction":[{"@type":"SearchAction","target":{"@type":"EntryPoint","urlTemplate":"https:\/\/www.itakaescolapios.org\/fr\/es\/?s={search_term_string}"},"query-input":{"@type":"PropertyValueSpecification","valueRequired":true,"valueName":"search_term_string"}}],"inLanguage":"fr-FR"},{"@type":"Organization","@id":"https:\/\/www.itakaescolapios.org\/fr\/es\/#organization","name":"Fundaci\u00f3 Itaka-Escolapios","url":"https:\/\/www.itakaescolapios.org\/fr\/es\/","logo":{"@type":"ImageObject","inLanguage":"fr-FR","@id":"https:\/\/www.itakaescolapios.org\/fr\/es\/#\/schema\/logo\/image\/","url":"https:\/\/www.itakaescolapios.org\/wp-content\/uploads\/2024\/04\/Logo-itakaescolapios-peque.png","contentUrl":"https:\/\/www.itakaescolapios.org\/wp-content\/uploads\/2024\/04\/Logo-itakaescolapios-peque.png","width":500,"height":199,"caption":"Fundaci\u00f3 Itaka-Escolapios"},"image":{"@id":"https:\/\/www.itakaescolapios.org\/fr\/es\/#\/schema\/logo\/image\/"}},{"@type":"Person","@id":"https:\/\/www.itakaescolapios.org\/es\/#\/schema\/person\/d2844383e29bfdfef69039672ce14eb1","name":"cameroun01","url":"https:\/\/www.itakaescolapios.org\/fr\/author\/cameroun01\/"}]}},"_links":{"self":[{"href":"https:\/\/www.itakaescolapios.org\/fr\/wp-json\/wp\/v2\/posts\/40554","targetHints":{"allow":["GET"]}}],"collection":[{"href":"https:\/\/www.itakaescolapios.org\/fr\/wp-json\/wp\/v2\/posts"}],"about":[{"href":"https:\/\/www.itakaescolapios.org\/fr\/wp-json\/wp\/v2\/types\/post"}],"author":[{"embeddable":true,"href":"https:\/\/www.itakaescolapios.org\/fr\/wp-json\/wp\/v2\/users\/15"}],"replies":[{"embeddable":true,"href":"https:\/\/www.itakaescolapios.org\/fr\/wp-json\/wp\/v2\/comments?post=40554"}],"version-history":[{"count":2,"href":"https:\/\/www.itakaescolapios.org\/fr\/wp-json\/wp\/v2\/posts\/40554\/revisions"}],"predecessor-version":[{"id":43692,"href":"https:\/\/www.itakaescolapios.org\/fr\/wp-json\/wp\/v2\/posts\/40554\/revisions\/43692"}],"wp:featuredmedia":[{"embeddable":true,"href":"https:\/\/www.itakaescolapios.org\/fr\/wp-json\/wp\/v2\/media\/40559"}],"wp:attachment":[{"href":"https:\/\/www.itakaescolapios.org\/fr\/wp-json\/wp\/v2\/media?parent=40554"}],"wp:term":[{"taxonomy":"category","embeddable":true,"href":"https:\/\/www.itakaescolapios.org\/fr\/wp-json\/wp\/v2\/categories?post=40554"},{"taxonomy":"post_tag","embeddable":true,"href":"https:\/\/www.itakaescolapios.org\/fr\/wp-json\/wp\/v2\/tags?post=40554"}],"curies":[{"name":"wp","href":"https:\/\/api.w.org\/{rel}","templated":true}]}}