{"id":40589,"date":"2023-02-23T09:01:22","date_gmt":"2023-02-23T08:01:22","guid":{"rendered":"https:\/\/www.itakaescolapios.org\/?p=40589"},"modified":"2023-11-28T12:35:36","modified_gmt":"2023-11-28T11:35:36","slug":"english-ash-wednesday-mass-at-the-calasanz-school-complex-in-malibe-and-at-the-calasanz-catholic-institute-in-libreville","status":"publish","type":"post","link":"https:\/\/www.itakaescolapios.org\/fr\/2023\/02\/english-ash-wednesday-mass-at-the-calasanz-school-complex-in-malibe-and-at-the-calasanz-catholic-institute-in-libreville\/","title":{"rendered":"MESSE DE MERCREDI DES CENDRES AU COMPLEXE SCOLAIRE CALASANZ DE MALIBE ET A L'INSTITUT CATHOLIQUE CALASANZ DE LIBREVILLE..."},"content":{"rendered":"<p>Hier mercredi 22 f\u00e9vrier 2023, a eu lieu au Complexe Scolaire Calasanz de Malibe (Gabon) ET \u00e0 l\u2019Institut Catholique Calasanz de Libreville, la messe des cendres pour les \u00e9l\u00e8ves. Le p\u00e8re Andr\u00e9 Serge Fouda a durant la c\u00e9l\u00e9bration eucharistique, demand\u00e9 aux \u00e9l\u00e8ves, personnels enseignants et aux parents d&rsquo;entrer dans ce temps de car\u00eame en observant les 4P: pri\u00e8re, p\u00e9nitence partage et patience&#8230; Le P\u00e8re Bob Stevy officiant principal a rappel\u00e9 l&rsquo;origine du mercredi de cendre (Josu\u00e9 7) et comment l&rsquo;observer aux coll\u00e9giens, lyc\u00e9ens, personnels et parents d&rsquo;\u00e9l\u00e8ves. La messe s&rsquo;est cl\u00f4tur\u00e9e par l&rsquo;imposition des cendres sur le front&#8230;<\/p>\n<p><img decoding=\"async\" class=\"size-full wp-image-3733 aligncenter\" src=\"https:\/\/piaristesafriquecentrale.org\/wp-content\/uploads\/2023\/02\/WhatsApp-Image-2023-02-22-at-20.42.01.jpeg\" alt=\"\" width=\"992\" height=\"744\" \/><\/p>\n<p><img decoding=\"async\" class=\"size-full wp-image-3734 aligncenter\" src=\"https:\/\/piaristesafriquecentrale.org\/wp-content\/uploads\/2023\/02\/WhatsApp-Image-2023-02-22-at-20.41.58.jpeg\" alt=\"\" width=\"992\" height=\"744\" \/><\/p>\n<p><img decoding=\"async\" class=\"size-full wp-image-3735 aligncenter\" src=\"https:\/\/piaristesafriquecentrale.org\/wp-content\/uploads\/2023\/02\/WhatsApp-Image-2023-02-22-at-20.41.56.jpeg\" alt=\"\" width=\"992\" height=\"744\" \/><\/p>\n","protected":false},"excerpt":{"rendered":"<p>Hier mercredi 22 f\u00e9vrier 2023, a eu lieu au Complexe Scolaire Calasanz de Malibe (Gabon) ET \u00e0 l\u2019Institut Catholique Calasanz de Libreville, la messe des cendres pour les \u00e9l\u00e8ves. Le [&hellip;]<\/p>\n","protected":false},"author":15,"featured_media":40590,"comment_status":"closed","ping_status":"closed","sticky":false,"template":"","format":"standard","meta":{"_et_pb_use_builder":"","_et_pb_old_content":"","_et_gb_content_width":"","footnotes":""},"categories":[53,285],"tags":[],"class_list":["post-40589","post","type-post","status-publish","format-standard","has-post-thumbnail","hentry","category-africa-central","category-gabon"],"yoast_head":"<!-- This site is optimized with the Yoast SEO plugin v27.4 - https:\/\/yoast.com\/product\/yoast-seo-wordpress\/ -->\n<title>MESSE DE MERCREDI DES CENDRES AU COMPLEXE SCOLAIRE CALASANZ DE MALIBE ET A L&#039;INSTITUT CATHOLIQUE CALASANZ DE LIBREVILLE...<\/title>\n<meta name=\"description\" content=\"Hier mercredi 22 f\u00e9vrier 2023, a eu lieu au Complexe Scolaire Calasanz de Malibe (Gabon) ET \u00e0 l\u2019Institut Catholique Calasanz de Libreville, la messe des cendres pour les \u00e9l\u00e8ves. Le p\u00e8re Andr\u00e9 Serge Fouda a durant la c\u00e9l\u00e9bration eucharistique, demand\u00e9 aux \u00e9l\u00e8ves, personnels enseignants et aux parents d&#039;entrer dans ce temps de car\u00eame en observant\u2026\" \/>\n<meta name=\"robots\" content=\"index, follow, max-snippet:-1, max-image-preview:large, max-video-preview:-1\" \/>\n<link rel=\"canonical\" href=\"http:\/\/Hier%20mercredi%2022%20f\u00e9vrier%202023,%20a%20eu%20lieu%20au%20Complexe%20Scolaire%20Calasanz%20de%20Malibe%20(Gabon)%20ET%20\u00e0%20l\u2019Institut%20Catholique%20Calasanz%20de%20Libreville,%20la%20messe%20des%20cendres%20pour%20les%20\u00e9l\u00e8ves.%20Le%20p\u00e8re%20Andr\u00e9%20Serge%20Fouda%20a%20durant%20la%20c\u00e9l\u00e9bration%20eucharistique,%20demand\u00e9%20aux%20\u00e9l\u00e8ves,%20personnels%20enseignants%20et%20aux%20parents%20d'entrer%20dans%20ce%20temps%20de%20car\u00eame%20en%20observant\u2026\" \/>\n<meta property=\"og:locale\" content=\"fr_FR\" \/>\n<meta property=\"og:type\" content=\"article\" \/>\n<meta property=\"og:title\" content=\"MESSE DE MERCREDI DES CENDRES AU COMPLEXE SCOLAIRE CALASANZ DE MALIBE ET A L&#039;INSTITUT CATHOLIQUE CALASANZ DE LIBREVILLE...\" \/>\n<meta property=\"og:description\" content=\"Hier mercredi 22 f\u00e9vrier 2023, a eu lieu au Complexe Scolaire Calasanz de Malibe (Gabon) ET \u00e0 l\u2019Institut Catholique Calasanz de Libreville, la messe des cendres pour les \u00e9l\u00e8ves. Le p\u00e8re Andr\u00e9 Serge Fouda a durant la c\u00e9l\u00e9bration eucharistique, demand\u00e9 aux \u00e9l\u00e8ves, personnels enseignants et aux parents d&#039;entrer dans ce temps de car\u00eame en observant\u2026\" \/>\n<meta property=\"og:url\" content=\"https:\/\/www.itakaescolapios.org\/fr\/2023\/02\/english-ash-wednesday-mass-at-the-calasanz-school-complex-in-malibe-and-at-the-calasanz-catholic-institute-in-libreville\/\" \/>\n<meta property=\"og:site_name\" content=\"Itaka-Escolapios\" \/>\n<meta property=\"article:published_time\" content=\"2023-02-23T08:01:22+00:00\" \/>\n<meta property=\"article:modified_time\" content=\"2023-11-28T11:35:36+00:00\" \/>\n<meta property=\"og:image\" content=\"https:\/\/www.itakaescolapios.org\/wp-content\/uploads\/2023\/02\/WhatsApp-Image-2023-02-22-at-20.42.05.jpeg\" \/>\n\t<meta property=\"og:image:width\" content=\"1280\" \/>\n\t<meta property=\"og:image:height\" content=\"720\" \/>\n\t<meta property=\"og:image:type\" content=\"image\/jpeg\" \/>\n<meta name=\"author\" content=\"cameroun01\" \/>\n<meta name=\"twitter:card\" content=\"summary_large_image\" \/>\n<meta name=\"twitter:label1\" content=\"\u00c9crit par\" \/>\n\t<meta name=\"twitter:data1\" content=\"cameroun01\" \/>\n\t<meta name=\"twitter:label2\" content=\"Dur\u00e9e de lecture estim\u00e9e\" \/>\n\t<meta name=\"twitter:data2\" content=\"1 minute\" \/>\n<script type=\"application\/ld+json\" class=\"yoast-schema-graph\">{\"@context\":\"https:\\\/\\\/schema.org\",\"@graph\":[{\"@type\":\"Article\",\"@id\":\"https:\\\/\\\/www.itakaescolapios.org\\\/fr\\\/2023\\\/02\\\/english-ash-wednesday-mass-at-the-calasanz-school-complex-in-malibe-and-at-the-calasanz-catholic-institute-in-libreville\\\/#article\",\"isPartOf\":{\"@id\":\"https:\\\/\\\/www.itakaescolapios.org\\\/fr\\\/2023\\\/02\\\/english-ash-wednesday-mass-at-the-calasanz-school-complex-in-malibe-and-at-the-calasanz-catholic-institute-in-libreville\\\/\"},\"author\":{\"name\":\"cameroun01\",\"@id\":\"https:\\\/\\\/www.itakaescolapios.org\\\/es\\\/#\\\/schema\\\/person\\\/d2844383e29bfdfef69039672ce14eb1\"},\"headline\":\"MESSE DE MERCREDI DES CENDRES AU COMPLEXE SCOLAIRE CALASANZ DE MALIBE ET A L'INSTITUT CATHOLIQUE CALASANZ DE LIBREVILLE...\",\"datePublished\":\"2023-02-23T08:01:22+00:00\",\"dateModified\":\"2023-11-28T11:35:36+00:00\",\"mainEntityOfPage\":{\"@id\":\"https:\\\/\\\/www.itakaescolapios.org\\\/fr\\\/2023\\\/02\\\/english-ash-wednesday-mass-at-the-calasanz-school-complex-in-malibe-and-at-the-calasanz-catholic-institute-in-libreville\\\/\"},\"wordCount\":213,\"publisher\":{\"@id\":\"https:\\\/\\\/www.itakaescolapios.org\\\/es\\\/#organization\"},\"image\":{\"@id\":\"https:\\\/\\\/www.itakaescolapios.org\\\/fr\\\/2023\\\/02\\\/english-ash-wednesday-mass-at-the-calasanz-school-complex-in-malibe-and-at-the-calasanz-catholic-institute-in-libreville\\\/#primaryimage\"},\"thumbnailUrl\":\"https:\\\/\\\/www.itakaescolapios.org\\\/wp-content\\\/uploads\\\/2023\\\/02\\\/WhatsApp-Image-2023-02-22-at-20.42.05.jpeg\",\"articleSection\":[\"Afrique centrale\",\"Gab\u00f3n\"],\"inLanguage\":\"fr-FR\"},{\"@type\":\"WebPage\",\"@id\":\"https:\\\/\\\/www.itakaescolapios.org\\\/fr\\\/2023\\\/02\\\/english-ash-wednesday-mass-at-the-calasanz-school-complex-in-malibe-and-at-the-calasanz-catholic-institute-in-libreville\\\/\",\"url\":\"https:\\\/\\\/www.itakaescolapios.org\\\/fr\\\/2023\\\/02\\\/english-ash-wednesday-mass-at-the-calasanz-school-complex-in-malibe-and-at-the-calasanz-catholic-institute-in-libreville\\\/\",\"name\":\"- Itaka-Escolapios\",\"isPartOf\":{\"@id\":\"https:\\\/\\\/www.itakaescolapios.org\\\/es\\\/#website\"},\"primaryImageOfPage\":{\"@id\":\"https:\\\/\\\/www.itakaescolapios.org\\\/fr\\\/2023\\\/02\\\/english-ash-wednesday-mass-at-the-calasanz-school-complex-in-malibe-and-at-the-calasanz-catholic-institute-in-libreville\\\/#primaryimage\"},\"image\":{\"@id\":\"https:\\\/\\\/www.itakaescolapios.org\\\/fr\\\/2023\\\/02\\\/english-ash-wednesday-mass-at-the-calasanz-school-complex-in-malibe-and-at-the-calasanz-catholic-institute-in-libreville\\\/#primaryimage\"},\"thumbnailUrl\":\"https:\\\/\\\/www.itakaescolapios.org\\\/wp-content\\\/uploads\\\/2023\\\/02\\\/WhatsApp-Image-2023-02-22-at-20.42.05.jpeg\",\"datePublished\":\"2023-02-23T08:01:22+00:00\",\"dateModified\":\"2023-11-28T11:35:36+00:00\",\"breadcrumb\":{\"@id\":\"https:\\\/\\\/www.itakaescolapios.org\\\/fr\\\/2023\\\/02\\\/english-ash-wednesday-mass-at-the-calasanz-school-complex-in-malibe-and-at-the-calasanz-catholic-institute-in-libreville\\\/#breadcrumb\"},\"inLanguage\":\"fr-FR\",\"potentialAction\":[{\"@type\":\"ReadAction\",\"target\":[\"https:\\\/\\\/www.itakaescolapios.org\\\/fr\\\/2023\\\/02\\\/english-ash-wednesday-mass-at-the-calasanz-school-complex-in-malibe-and-at-the-calasanz-catholic-institute-in-libreville\\\/\"]}]},{\"@type\":\"ImageObject\",\"inLanguage\":\"fr-FR\",\"@id\":\"https:\\\/\\\/www.itakaescolapios.org\\\/fr\\\/2023\\\/02\\\/english-ash-wednesday-mass-at-the-calasanz-school-complex-in-malibe-and-at-the-calasanz-catholic-institute-in-libreville\\\/#primaryimage\",\"url\":\"https:\\\/\\\/www.itakaescolapios.org\\\/wp-content\\\/uploads\\\/2023\\\/02\\\/WhatsApp-Image-2023-02-22-at-20.42.05.jpeg\",\"contentUrl\":\"https:\\\/\\\/www.itakaescolapios.org\\\/wp-content\\\/uploads\\\/2023\\\/02\\\/WhatsApp-Image-2023-02-22-at-20.42.05.jpeg\",\"width\":1280,\"height\":720},{\"@type\":\"BreadcrumbList\",\"@id\":\"https:\\\/\\\/www.itakaescolapios.org\\\/fr\\\/2023\\\/02\\\/english-ash-wednesday-mass-at-the-calasanz-school-complex-in-malibe-and-at-the-calasanz-catholic-institute-in-libreville\\\/#breadcrumb\",\"itemListElement\":[{\"@type\":\"ListItem\",\"position\":1,\"name\":\"Itaka-Escolapios\",\"item\":\"https:\\\/\\\/www.itakaescolapios.org\\\/es\\\/\"},{\"@type\":\"ListItem\",\"position\":2,\"name\":\"MESSE DE MERCREDI DES CENDRES AU COMPLEXE SCOLAIRE CALASANZ DE MALIBE ET A L'INSTITUT CATHOLIQUE CALASANZ DE LIBREVILLE...\"}]},{\"@type\":\"WebSite\",\"@id\":\"https:\\\/\\\/www.itakaescolapios.org\\\/fr\\\/es\\\/#website\",\"url\":\"https:\\\/\\\/www.itakaescolapios.org\\\/fr\\\/es\\\/\",\"name\":\"Itaka-Escolapios\",\"description\":\"Red de Itaka-Escolapios\",\"publisher\":{\"@id\":\"https:\\\/\\\/www.itakaescolapios.org\\\/fr\\\/es\\\/#organization\"},\"potentialAction\":[{\"@type\":\"SearchAction\",\"target\":{\"@type\":\"EntryPoint\",\"urlTemplate\":\"https:\\\/\\\/www.itakaescolapios.org\\\/fr\\\/es\\\/?s={search_term_string}\"},\"query-input\":{\"@type\":\"PropertyValueSpecification\",\"valueRequired\":true,\"valueName\":\"search_term_string\"}}],\"inLanguage\":\"fr-FR\"},{\"@type\":\"Organization\",\"@id\":\"https:\\\/\\\/www.itakaescolapios.org\\\/fr\\\/es\\\/#organization\",\"name\":\"Fundaci\u00f3 Itaka-Escolapios\",\"url\":\"https:\\\/\\\/www.itakaescolapios.org\\\/fr\\\/es\\\/\",\"logo\":{\"@type\":\"ImageObject\",\"inLanguage\":\"fr-FR\",\"@id\":\"https:\\\/\\\/www.itakaescolapios.org\\\/fr\\\/es\\\/#\\\/schema\\\/logo\\\/image\\\/\",\"url\":\"https:\\\/\\\/www.itakaescolapios.org\\\/wp-content\\\/uploads\\\/2024\\\/04\\\/Logo-itakaescolapios-peque.png\",\"contentUrl\":\"https:\\\/\\\/www.itakaescolapios.org\\\/wp-content\\\/uploads\\\/2024\\\/04\\\/Logo-itakaescolapios-peque.png\",\"width\":500,\"height\":199,\"caption\":\"Fundaci\u00f3 Itaka-Escolapios\"},\"image\":{\"@id\":\"https:\\\/\\\/www.itakaescolapios.org\\\/fr\\\/es\\\/#\\\/schema\\\/logo\\\/image\\\/\"}},{\"@type\":\"Person\",\"@id\":\"https:\\\/\\\/www.itakaescolapios.org\\\/es\\\/#\\\/schema\\\/person\\\/d2844383e29bfdfef69039672ce14eb1\",\"name\":\"cameroun01\",\"url\":\"https:\\\/\\\/www.itakaescolapios.org\\\/fr\\\/author\\\/cameroun01\\\/\"}]}<\/script>\n<!-- \/ Yoast SEO plugin. -->","yoast_head_json":{"title":"MESSE DE MERCREDI DES CENDRES AU COMPLEXE SCOLAIRE CALASANZ DE MALIBE ET A L'INSTITUT CATHOLIQUE CALASANZ DE LIBREVILLE...","description":"Hier mercredi 22 f\u00e9vrier 2023, a eu lieu au Complexe Scolaire Calasanz de Malibe (Gabon) ET \u00e0 l\u2019Institut Catholique Calasanz de Libreville, la messe des cendres pour les \u00e9l\u00e8ves. Le p\u00e8re Andr\u00e9 Serge Fouda a durant la c\u00e9l\u00e9bration eucharistique, demand\u00e9 aux \u00e9l\u00e8ves, personnels enseignants et aux parents d'entrer dans ce temps de car\u00eame en observant\u2026","robots":{"index":"index","follow":"follow","max-snippet":"max-snippet:-1","max-image-preview":"max-image-preview:large","max-video-preview":"max-video-preview:-1"},"canonical":"Hier mercredi 22 f\u00e9vrier 2023, a eu lieu au Complexe Scolaire Calasanz de Malibe (Gabon) ET \u00e0 l\u2019Institut Catholique Calasanz de Libreville, la messe des cendres pour les \u00e9l\u00e8ves. Le p\u00e8re Andr\u00e9 Serge Fouda a durant la c\u00e9l\u00e9bration eucharistique, demand\u00e9 aux \u00e9l\u00e8ves, personnels enseignants et aux parents d'entrer dans ce temps de car\u00eame en observant\u2026","og_locale":"fr_FR","og_type":"article","og_title":"MESSE DE MERCREDI DES CENDRES AU COMPLEXE SCOLAIRE CALASANZ DE MALIBE ET A L'INSTITUT CATHOLIQUE CALASANZ DE LIBREVILLE...","og_description":"Hier mercredi 22 f\u00e9vrier 2023, a eu lieu au Complexe Scolaire Calasanz de Malibe (Gabon) ET \u00e0 l\u2019Institut Catholique Calasanz de Libreville, la messe des cendres pour les \u00e9l\u00e8ves. Le p\u00e8re Andr\u00e9 Serge Fouda a durant la c\u00e9l\u00e9bration eucharistique, demand\u00e9 aux \u00e9l\u00e8ves, personnels enseignants et aux parents d'entrer dans ce temps de car\u00eame en observant\u2026","og_url":"https:\/\/www.itakaescolapios.org\/fr\/2023\/02\/english-ash-wednesday-mass-at-the-calasanz-school-complex-in-malibe-and-at-the-calasanz-catholic-institute-in-libreville\/","og_site_name":"Itaka-Escolapios","article_published_time":"2023-02-23T08:01:22+00:00","article_modified_time":"2023-11-28T11:35:36+00:00","og_image":[{"width":1280,"height":720,"url":"https:\/\/www.itakaescolapios.org\/wp-content\/uploads\/2023\/02\/WhatsApp-Image-2023-02-22-at-20.42.05.jpeg","type":"image\/jpeg"}],"author":"cameroun01","twitter_card":"summary_large_image","twitter_misc":{"\u00c9crit par":"cameroun01","Dur\u00e9e de lecture estim\u00e9e":"1 minute"},"schema":{"@context":"https:\/\/schema.org","@graph":[{"@type":"Article","@id":"https:\/\/www.itakaescolapios.org\/fr\/2023\/02\/english-ash-wednesday-mass-at-the-calasanz-school-complex-in-malibe-and-at-the-calasanz-catholic-institute-in-libreville\/#article","isPartOf":{"@id":"https:\/\/www.itakaescolapios.org\/fr\/2023\/02\/english-ash-wednesday-mass-at-the-calasanz-school-complex-in-malibe-and-at-the-calasanz-catholic-institute-in-libreville\/"},"author":{"name":"cameroun01","@id":"https:\/\/www.itakaescolapios.org\/es\/#\/schema\/person\/d2844383e29bfdfef69039672ce14eb1"},"headline":"MESSE DE MERCREDI DES CENDRES AU COMPLEXE SCOLAIRE CALASANZ DE MALIBE ET A L'INSTITUT CATHOLIQUE CALASANZ DE LIBREVILLE...","datePublished":"2023-02-23T08:01:22+00:00","dateModified":"2023-11-28T11:35:36+00:00","mainEntityOfPage":{"@id":"https:\/\/www.itakaescolapios.org\/fr\/2023\/02\/english-ash-wednesday-mass-at-the-calasanz-school-complex-in-malibe-and-at-the-calasanz-catholic-institute-in-libreville\/"},"wordCount":213,"publisher":{"@id":"https:\/\/www.itakaescolapios.org\/es\/#organization"},"image":{"@id":"https:\/\/www.itakaescolapios.org\/fr\/2023\/02\/english-ash-wednesday-mass-at-the-calasanz-school-complex-in-malibe-and-at-the-calasanz-catholic-institute-in-libreville\/#primaryimage"},"thumbnailUrl":"https:\/\/www.itakaescolapios.org\/wp-content\/uploads\/2023\/02\/WhatsApp-Image-2023-02-22-at-20.42.05.jpeg","articleSection":["Afrique centrale","Gab\u00f3n"],"inLanguage":"fr-FR"},{"@type":"WebPage","@id":"https:\/\/www.itakaescolapios.org\/fr\/2023\/02\/english-ash-wednesday-mass-at-the-calasanz-school-complex-in-malibe-and-at-the-calasanz-catholic-institute-in-libreville\/","url":"https:\/\/www.itakaescolapios.org\/fr\/2023\/02\/english-ash-wednesday-mass-at-the-calasanz-school-complex-in-malibe-and-at-the-calasanz-catholic-institute-in-libreville\/","name":"- Itaka-Escolapios","isPartOf":{"@id":"https:\/\/www.itakaescolapios.org\/es\/#website"},"primaryImageOfPage":{"@id":"https:\/\/www.itakaescolapios.org\/fr\/2023\/02\/english-ash-wednesday-mass-at-the-calasanz-school-complex-in-malibe-and-at-the-calasanz-catholic-institute-in-libreville\/#primaryimage"},"image":{"@id":"https:\/\/www.itakaescolapios.org\/fr\/2023\/02\/english-ash-wednesday-mass-at-the-calasanz-school-complex-in-malibe-and-at-the-calasanz-catholic-institute-in-libreville\/#primaryimage"},"thumbnailUrl":"https:\/\/www.itakaescolapios.org\/wp-content\/uploads\/2023\/02\/WhatsApp-Image-2023-02-22-at-20.42.05.jpeg","datePublished":"2023-02-23T08:01:22+00:00","dateModified":"2023-11-28T11:35:36+00:00","breadcrumb":{"@id":"https:\/\/www.itakaescolapios.org\/fr\/2023\/02\/english-ash-wednesday-mass-at-the-calasanz-school-complex-in-malibe-and-at-the-calasanz-catholic-institute-in-libreville\/#breadcrumb"},"inLanguage":"fr-FR","potentialAction":[{"@type":"ReadAction","target":["https:\/\/www.itakaescolapios.org\/fr\/2023\/02\/english-ash-wednesday-mass-at-the-calasanz-school-complex-in-malibe-and-at-the-calasanz-catholic-institute-in-libreville\/"]}]},{"@type":"ImageObject","inLanguage":"fr-FR","@id":"https:\/\/www.itakaescolapios.org\/fr\/2023\/02\/english-ash-wednesday-mass-at-the-calasanz-school-complex-in-malibe-and-at-the-calasanz-catholic-institute-in-libreville\/#primaryimage","url":"https:\/\/www.itakaescolapios.org\/wp-content\/uploads\/2023\/02\/WhatsApp-Image-2023-02-22-at-20.42.05.jpeg","contentUrl":"https:\/\/www.itakaescolapios.org\/wp-content\/uploads\/2023\/02\/WhatsApp-Image-2023-02-22-at-20.42.05.jpeg","width":1280,"height":720},{"@type":"BreadcrumbList","@id":"https:\/\/www.itakaescolapios.org\/fr\/2023\/02\/english-ash-wednesday-mass-at-the-calasanz-school-complex-in-malibe-and-at-the-calasanz-catholic-institute-in-libreville\/#breadcrumb","itemListElement":[{"@type":"ListItem","position":1,"name":"Itaka-Escolapios","item":"https:\/\/www.itakaescolapios.org\/es\/"},{"@type":"ListItem","position":2,"name":"MESSE DE MERCREDI DES CENDRES AU COMPLEXE SCOLAIRE CALASANZ DE MALIBE ET A L'INSTITUT CATHOLIQUE CALASANZ DE LIBREVILLE..."}]},{"@type":"WebSite","@id":"https:\/\/www.itakaescolapios.org\/fr\/es\/#website","url":"https:\/\/www.itakaescolapios.org\/fr\/es\/","name":"Itaka-Escolapios","description":"Red de Itaka-Escolapios","publisher":{"@id":"https:\/\/www.itakaescolapios.org\/fr\/es\/#organization"},"potentialAction":[{"@type":"SearchAction","target":{"@type":"EntryPoint","urlTemplate":"https:\/\/www.itakaescolapios.org\/fr\/es\/?s={search_term_string}"},"query-input":{"@type":"PropertyValueSpecification","valueRequired":true,"valueName":"search_term_string"}}],"inLanguage":"fr-FR"},{"@type":"Organization","@id":"https:\/\/www.itakaescolapios.org\/fr\/es\/#organization","name":"Fundaci\u00f3 Itaka-Escolapios","url":"https:\/\/www.itakaescolapios.org\/fr\/es\/","logo":{"@type":"ImageObject","inLanguage":"fr-FR","@id":"https:\/\/www.itakaescolapios.org\/fr\/es\/#\/schema\/logo\/image\/","url":"https:\/\/www.itakaescolapios.org\/wp-content\/uploads\/2024\/04\/Logo-itakaescolapios-peque.png","contentUrl":"https:\/\/www.itakaescolapios.org\/wp-content\/uploads\/2024\/04\/Logo-itakaescolapios-peque.png","width":500,"height":199,"caption":"Fundaci\u00f3 Itaka-Escolapios"},"image":{"@id":"https:\/\/www.itakaescolapios.org\/fr\/es\/#\/schema\/logo\/image\/"}},{"@type":"Person","@id":"https:\/\/www.itakaescolapios.org\/es\/#\/schema\/person\/d2844383e29bfdfef69039672ce14eb1","name":"cameroun01","url":"https:\/\/www.itakaescolapios.org\/fr\/author\/cameroun01\/"}]}},"_links":{"self":[{"href":"https:\/\/www.itakaescolapios.org\/fr\/wp-json\/wp\/v2\/posts\/40589","targetHints":{"allow":["GET"]}}],"collection":[{"href":"https:\/\/www.itakaescolapios.org\/fr\/wp-json\/wp\/v2\/posts"}],"about":[{"href":"https:\/\/www.itakaescolapios.org\/fr\/wp-json\/wp\/v2\/types\/post"}],"author":[{"embeddable":true,"href":"https:\/\/www.itakaescolapios.org\/fr\/wp-json\/wp\/v2\/users\/15"}],"replies":[{"embeddable":true,"href":"https:\/\/www.itakaescolapios.org\/fr\/wp-json\/wp\/v2\/comments?post=40589"}],"version-history":[{"count":2,"href":"https:\/\/www.itakaescolapios.org\/fr\/wp-json\/wp\/v2\/posts\/40589\/revisions"}],"predecessor-version":[{"id":43689,"href":"https:\/\/www.itakaescolapios.org\/fr\/wp-json\/wp\/v2\/posts\/40589\/revisions\/43689"}],"wp:featuredmedia":[{"embeddable":true,"href":"https:\/\/www.itakaescolapios.org\/fr\/wp-json\/wp\/v2\/media\/40590"}],"wp:attachment":[{"href":"https:\/\/www.itakaescolapios.org\/fr\/wp-json\/wp\/v2\/media?parent=40589"}],"wp:term":[{"taxonomy":"category","embeddable":true,"href":"https:\/\/www.itakaescolapios.org\/fr\/wp-json\/wp\/v2\/categories?post=40589"},{"taxonomy":"post_tag","embeddable":true,"href":"https:\/\/www.itakaescolapios.org\/fr\/wp-json\/wp\/v2\/tags?post=40589"}],"curies":[{"name":"wp","href":"https:\/\/api.w.org\/{rel}","templated":true}]}}