{"id":40810,"date":"2023-03-13T10:58:12","date_gmt":"2023-03-13T09:58:12","guid":{"rendered":"https:\/\/www.itakaescolapios.org\/?p=40810"},"modified":"2023-11-28T12:35:34","modified_gmt":"2023-11-28T11:35:34","slug":"english-carnival-at-the-calasanz-school-complex-in-malibe1-last-friday-march-10-2023-the-carnival-of-the-calasanz-school-complex-in-malibe-was-held-in-the-streets-of-the-first-district-of-akan","status":"publish","type":"post","link":"https:\/\/www.itakaescolapios.org\/fr\/2023\/03\/english-carnival-at-the-calasanz-school-complex-in-malibe1-last-friday-march-10-2023-the-carnival-of-the-calasanz-school-complex-in-malibe-was-held-in-the-streets-of-the-first-district-of-akan\/","title":{"rendered":"CARNAVAL au complexe scolaire calasanz de malibe1..."},"content":{"rendered":"<p>Vendredi dernier 10 mars 2023, s\u2019est tenu \u00a0dans les rues du premier arrondissement d&rsquo;Akanda le carnaval du Complexe Scolaire Calasanz de Malib\u00e9.\u00a0 une file de petits enfants scolaris\u00e9s au complexe scolaire calasanz sillonne (les quartiers premier campement), makwengue et malibe1 ont pris part \u00e0 ce d\u00e9fil\u00e9. Une situation qui contraint les automobilistes \u00e0 marquer un stop obligatoire pour permettre \u00e0 la parade de se d\u00e9ferler librement vers sa destination. Maquill\u00e9s de peintures sur les visages et v\u00eatus en tenues de ville, de m\u00e9tiers et traditionnelles, pour la plupart, ces enfants prenaient part, ce jour, au carnaval institu\u00e9 par leur \u00e9tablissement.<\/p>\n<p>Ce fut un moment de joie et de sensibilisation &#8230;<\/p>\n<p><img decoding=\"async\" class=\"size-full wp-image-3790 aligncenter\" src=\"https:\/\/piaristesafriquecentrale.org\/wp-content\/uploads\/2023\/03\/WhatsApp-Image-2023-03-13-at-09.31.48-1.jpeg\" alt=\"\" width=\"1600\" height=\"1204\" \/><\/p>\n<p><img decoding=\"async\" class=\"size-full wp-image-3791 aligncenter\" src=\"https:\/\/piaristesafriquecentrale.org\/wp-content\/uploads\/2023\/03\/WhatsApp-Image-2023-03-13-at-09.31.47.jpeg\" alt=\"\" width=\"1600\" height=\"1204\" \/><\/p>\n<p><img decoding=\"async\" class=\"size-full wp-image-3792 aligncenter\" src=\"https:\/\/piaristesafriquecentrale.org\/wp-content\/uploads\/2023\/03\/WhatsApp-Image-2023-03-13-at-09.31.44-3.jpeg\" alt=\"\" width=\"1600\" height=\"1204\" \/><\/p>\n<p><img decoding=\"async\" class=\"size-full wp-image-3793 aligncenter\" src=\"https:\/\/piaristesafriquecentrale.org\/wp-content\/uploads\/2023\/03\/WhatsApp-Image-2023-03-13-at-09.31.44-2.jpeg\" alt=\"\" width=\"1600\" height=\"1204\" \/><\/p>\n","protected":false},"excerpt":{"rendered":"<p>Vendredi dernier 10 mars 2023, s\u2019est tenu \u00a0dans les rues du premier arrondissement d&rsquo;Akanda le carnaval du Complexe Scolaire Calasanz de Malib\u00e9.\u00a0 une file de petits enfants scolaris\u00e9s au complexe [&hellip;]<\/p>\n","protected":false},"author":15,"featured_media":40815,"comment_status":"closed","ping_status":"closed","sticky":false,"template":"","format":"standard","meta":{"_et_pb_use_builder":"","_et_pb_old_content":"","_et_gb_content_width":"","footnotes":""},"categories":[53,285],"tags":[],"class_list":["post-40810","post","type-post","status-publish","format-standard","has-post-thumbnail","hentry","category-africa-central","category-gabon"],"yoast_head":"<!-- This site is optimized with the Yoast SEO plugin v27.4 - https:\/\/yoast.com\/product\/yoast-seo-wordpress\/ -->\n<title>CARNAVAL au complexe scolaire calasanz de malibe1...<\/title>\n<meta name=\"description\" content=\"Vendredi dernier 10 mars 2023, s\u2019est tenu \u00a0dans les rues du premier arrondissement d&#039;Akanda le carnaval du Complexe Scolaire Calasanz de Malib\u00e9.\u00a0 une file de petits enfants scolaris\u00e9s au complexe scolaire calasanz sillonne (les quartiers premier campement), makwengue et malibe1 ont pris part \u00e0 ce d\u00e9fil\u00e9. Une situation qui contraint les automobilistes \u00e0 marquer un\u2026\" \/>\n<meta name=\"robots\" content=\"index, follow, max-snippet:-1, max-image-preview:large, max-video-preview:-1\" \/>\n<link rel=\"canonical\" href=\"http:\/\/Vendredi%20dernier%2010%20mars%202023,%20s\u2019est%20tenu%20\u00a0dans%20les%20rues%20du%20premier%20arrondissement%20d'Akanda%20le%20carnaval%20du%20Complexe%20Scolaire%20Calasanz%20de%20Malib\u00e9.\u00a0%20une%20file%20de%20petits%20enfants%20scolaris\u00e9s%20au%20complexe%20scolaire%20calasanz%20sillonne%20(les%20quartiers%20premier%20campement),%20makwengue%20et%20malibe1%20ont%20pris%20part%20\u00e0%20ce%20d\u00e9fil\u00e9.%20Une%20situation%20qui%20contraint%20les%20automobilistes%20\u00e0%20marquer%20un\u2026\" \/>\n<meta property=\"og:locale\" content=\"fr_FR\" \/>\n<meta property=\"og:type\" content=\"article\" \/>\n<meta property=\"og:title\" content=\"CARNAVAL au complexe scolaire calasanz de malibe1...\" \/>\n<meta property=\"og:description\" content=\"Vendredi dernier 10 mars 2023, s\u2019est tenu \u00a0dans les rues du premier arrondissement d&#039;Akanda le carnaval du Complexe Scolaire Calasanz de Malib\u00e9.\u00a0 une file de petits enfants scolaris\u00e9s au complexe scolaire calasanz sillonne (les quartiers premier campement), makwengue et malibe1 ont pris part \u00e0 ce d\u00e9fil\u00e9. Une situation qui contraint les automobilistes \u00e0 marquer un\u2026\" \/>\n<meta property=\"og:url\" content=\"https:\/\/www.itakaescolapios.org\/fr\/2023\/03\/english-carnival-at-the-calasanz-school-complex-in-malibe1-last-friday-march-10-2023-the-carnival-of-the-calasanz-school-complex-in-malibe-was-held-in-the-streets-of-the-first-district-of-akan\/\" \/>\n<meta property=\"og:site_name\" content=\"Itaka-Escolapios\" \/>\n<meta property=\"article:published_time\" content=\"2023-03-13T09:58:12+00:00\" \/>\n<meta property=\"article:modified_time\" content=\"2023-11-28T11:35:34+00:00\" \/>\n<meta property=\"og:image\" content=\"https:\/\/www.itakaescolapios.org\/wp-content\/uploads\/2023\/03\/WhatsApp-Image-2023-03-13-at-09.31.46.jpeg\" \/>\n\t<meta property=\"og:image:width\" content=\"1600\" \/>\n\t<meta property=\"og:image:height\" content=\"1204\" \/>\n\t<meta property=\"og:image:type\" content=\"image\/jpeg\" \/>\n<meta name=\"author\" content=\"cameroun01\" \/>\n<meta name=\"twitter:card\" content=\"summary_large_image\" \/>\n<meta name=\"twitter:label1\" content=\"\u00c9crit par\" \/>\n\t<meta name=\"twitter:data1\" content=\"cameroun01\" \/>\n\t<meta name=\"twitter:label2\" content=\"Dur\u00e9e de lecture estim\u00e9e\" \/>\n\t<meta name=\"twitter:data2\" content=\"1 minute\" \/>\n<script type=\"application\/ld+json\" class=\"yoast-schema-graph\">{\"@context\":\"https:\\\/\\\/schema.org\",\"@graph\":[{\"@type\":\"Article\",\"@id\":\"https:\\\/\\\/www.itakaescolapios.org\\\/fr\\\/2023\\\/03\\\/english-carnival-at-the-calasanz-school-complex-in-malibe1-last-friday-march-10-2023-the-carnival-of-the-calasanz-school-complex-in-malibe-was-held-in-the-streets-of-the-first-district-of-akan\\\/#article\",\"isPartOf\":{\"@id\":\"https:\\\/\\\/www.itakaescolapios.org\\\/fr\\\/2023\\\/03\\\/english-carnival-at-the-calasanz-school-complex-in-malibe1-last-friday-march-10-2023-the-carnival-of-the-calasanz-school-complex-in-malibe-was-held-in-the-streets-of-the-first-district-of-akan\\\/\"},\"author\":{\"name\":\"cameroun01\",\"@id\":\"https:\\\/\\\/www.itakaescolapios.org\\\/es\\\/#\\\/schema\\\/person\\\/d2844383e29bfdfef69039672ce14eb1\"},\"headline\":\"CARNAVAL au complexe scolaire calasanz de malibe1...\",\"datePublished\":\"2023-03-13T09:58:12+00:00\",\"dateModified\":\"2023-11-28T11:35:34+00:00\",\"mainEntityOfPage\":{\"@id\":\"https:\\\/\\\/www.itakaescolapios.org\\\/fr\\\/2023\\\/03\\\/english-carnival-at-the-calasanz-school-complex-in-malibe1-last-friday-march-10-2023-the-carnival-of-the-calasanz-school-complex-in-malibe-was-held-in-the-streets-of-the-first-district-of-akan\\\/\"},\"wordCount\":124,\"publisher\":{\"@id\":\"https:\\\/\\\/www.itakaescolapios.org\\\/es\\\/#organization\"},\"image\":{\"@id\":\"https:\\\/\\\/www.itakaescolapios.org\\\/fr\\\/2023\\\/03\\\/english-carnival-at-the-calasanz-school-complex-in-malibe1-last-friday-march-10-2023-the-carnival-of-the-calasanz-school-complex-in-malibe-was-held-in-the-streets-of-the-first-district-of-akan\\\/#primaryimage\"},\"thumbnailUrl\":\"https:\\\/\\\/www.itakaescolapios.org\\\/wp-content\\\/uploads\\\/2023\\\/03\\\/WhatsApp-Image-2023-03-13-at-09.31.46.jpeg\",\"articleSection\":[\"Afrique centrale\",\"Gab\u00f3n\"],\"inLanguage\":\"fr-FR\"},{\"@type\":\"WebPage\",\"@id\":\"https:\\\/\\\/www.itakaescolapios.org\\\/fr\\\/2023\\\/03\\\/english-carnival-at-the-calasanz-school-complex-in-malibe1-last-friday-march-10-2023-the-carnival-of-the-calasanz-school-complex-in-malibe-was-held-in-the-streets-of-the-first-district-of-akan\\\/\",\"url\":\"https:\\\/\\\/www.itakaescolapios.org\\\/fr\\\/2023\\\/03\\\/english-carnival-at-the-calasanz-school-complex-in-malibe1-last-friday-march-10-2023-the-carnival-of-the-calasanz-school-complex-in-malibe-was-held-in-the-streets-of-the-first-district-of-akan\\\/\",\"name\":\"CARNIVAL at the calasanz school complex in malibe - Itaka-Escolapios\",\"isPartOf\":{\"@id\":\"https:\\\/\\\/www.itakaescolapios.org\\\/es\\\/#website\"},\"primaryImageOfPage\":{\"@id\":\"https:\\\/\\\/www.itakaescolapios.org\\\/fr\\\/2023\\\/03\\\/english-carnival-at-the-calasanz-school-complex-in-malibe1-last-friday-march-10-2023-the-carnival-of-the-calasanz-school-complex-in-malibe-was-held-in-the-streets-of-the-first-district-of-akan\\\/#primaryimage\"},\"image\":{\"@id\":\"https:\\\/\\\/www.itakaescolapios.org\\\/fr\\\/2023\\\/03\\\/english-carnival-at-the-calasanz-school-complex-in-malibe1-last-friday-march-10-2023-the-carnival-of-the-calasanz-school-complex-in-malibe-was-held-in-the-streets-of-the-first-district-of-akan\\\/#primaryimage\"},\"thumbnailUrl\":\"https:\\\/\\\/www.itakaescolapios.org\\\/wp-content\\\/uploads\\\/2023\\\/03\\\/WhatsApp-Image-2023-03-13-at-09.31.46.jpeg\",\"datePublished\":\"2023-03-13T09:58:12+00:00\",\"dateModified\":\"2023-11-28T11:35:34+00:00\",\"breadcrumb\":{\"@id\":\"https:\\\/\\\/www.itakaescolapios.org\\\/fr\\\/2023\\\/03\\\/english-carnival-at-the-calasanz-school-complex-in-malibe1-last-friday-march-10-2023-the-carnival-of-the-calasanz-school-complex-in-malibe-was-held-in-the-streets-of-the-first-district-of-akan\\\/#breadcrumb\"},\"inLanguage\":\"fr-FR\",\"potentialAction\":[{\"@type\":\"ReadAction\",\"target\":[\"https:\\\/\\\/www.itakaescolapios.org\\\/fr\\\/2023\\\/03\\\/english-carnival-at-the-calasanz-school-complex-in-malibe1-last-friday-march-10-2023-the-carnival-of-the-calasanz-school-complex-in-malibe-was-held-in-the-streets-of-the-first-district-of-akan\\\/\"]}]},{\"@type\":\"ImageObject\",\"inLanguage\":\"fr-FR\",\"@id\":\"https:\\\/\\\/www.itakaescolapios.org\\\/fr\\\/2023\\\/03\\\/english-carnival-at-the-calasanz-school-complex-in-malibe1-last-friday-march-10-2023-the-carnival-of-the-calasanz-school-complex-in-malibe-was-held-in-the-streets-of-the-first-district-of-akan\\\/#primaryimage\",\"url\":\"https:\\\/\\\/www.itakaescolapios.org\\\/wp-content\\\/uploads\\\/2023\\\/03\\\/WhatsApp-Image-2023-03-13-at-09.31.46.jpeg\",\"contentUrl\":\"https:\\\/\\\/www.itakaescolapios.org\\\/wp-content\\\/uploads\\\/2023\\\/03\\\/WhatsApp-Image-2023-03-13-at-09.31.46.jpeg\",\"width\":1600,\"height\":1204},{\"@type\":\"BreadcrumbList\",\"@id\":\"https:\\\/\\\/www.itakaescolapios.org\\\/fr\\\/2023\\\/03\\\/english-carnival-at-the-calasanz-school-complex-in-malibe1-last-friday-march-10-2023-the-carnival-of-the-calasanz-school-complex-in-malibe-was-held-in-the-streets-of-the-first-district-of-akan\\\/#breadcrumb\",\"itemListElement\":[{\"@type\":\"ListItem\",\"position\":1,\"name\":\"Itaka-Escolapios\",\"item\":\"https:\\\/\\\/www.itakaescolapios.org\\\/es\\\/\"},{\"@type\":\"ListItem\",\"position\":2,\"name\":\"CARNAVAL au complexe scolaire calasanz de malibe1...\"}]},{\"@type\":\"WebSite\",\"@id\":\"https:\\\/\\\/www.itakaescolapios.org\\\/fr\\\/es\\\/#website\",\"url\":\"https:\\\/\\\/www.itakaescolapios.org\\\/fr\\\/es\\\/\",\"name\":\"Itaka-Escolapios\",\"description\":\"Red de Itaka-Escolapios\",\"publisher\":{\"@id\":\"https:\\\/\\\/www.itakaescolapios.org\\\/fr\\\/es\\\/#organization\"},\"potentialAction\":[{\"@type\":\"SearchAction\",\"target\":{\"@type\":\"EntryPoint\",\"urlTemplate\":\"https:\\\/\\\/www.itakaescolapios.org\\\/fr\\\/es\\\/?s={search_term_string}\"},\"query-input\":{\"@type\":\"PropertyValueSpecification\",\"valueRequired\":true,\"valueName\":\"search_term_string\"}}],\"inLanguage\":\"fr-FR\"},{\"@type\":\"Organization\",\"@id\":\"https:\\\/\\\/www.itakaescolapios.org\\\/fr\\\/es\\\/#organization\",\"name\":\"Fundaci\u00f3 Itaka-Escolapios\",\"url\":\"https:\\\/\\\/www.itakaescolapios.org\\\/fr\\\/es\\\/\",\"logo\":{\"@type\":\"ImageObject\",\"inLanguage\":\"fr-FR\",\"@id\":\"https:\\\/\\\/www.itakaescolapios.org\\\/fr\\\/es\\\/#\\\/schema\\\/logo\\\/image\\\/\",\"url\":\"https:\\\/\\\/www.itakaescolapios.org\\\/wp-content\\\/uploads\\\/2024\\\/04\\\/Logo-itakaescolapios-peque.png\",\"contentUrl\":\"https:\\\/\\\/www.itakaescolapios.org\\\/wp-content\\\/uploads\\\/2024\\\/04\\\/Logo-itakaescolapios-peque.png\",\"width\":500,\"height\":199,\"caption\":\"Fundaci\u00f3 Itaka-Escolapios\"},\"image\":{\"@id\":\"https:\\\/\\\/www.itakaescolapios.org\\\/fr\\\/es\\\/#\\\/schema\\\/logo\\\/image\\\/\"}},{\"@type\":\"Person\",\"@id\":\"https:\\\/\\\/www.itakaescolapios.org\\\/es\\\/#\\\/schema\\\/person\\\/d2844383e29bfdfef69039672ce14eb1\",\"name\":\"cameroun01\",\"url\":\"https:\\\/\\\/www.itakaescolapios.org\\\/fr\\\/author\\\/cameroun01\\\/\"}]}<\/script>\n<!-- \/ Yoast SEO plugin. -->","yoast_head_json":{"title":"CARNAVAL au complexe scolaire calasanz de malibe1...","description":"Vendredi dernier 10 mars 2023, s\u2019est tenu \u00a0dans les rues du premier arrondissement d'Akanda le carnaval du Complexe Scolaire Calasanz de Malib\u00e9.\u00a0 une file de petits enfants scolaris\u00e9s au complexe scolaire calasanz sillonne (les quartiers premier campement), makwengue et malibe1 ont pris part \u00e0 ce d\u00e9fil\u00e9. Une situation qui contraint les automobilistes \u00e0 marquer un\u2026","robots":{"index":"index","follow":"follow","max-snippet":"max-snippet:-1","max-image-preview":"max-image-preview:large","max-video-preview":"max-video-preview:-1"},"canonical":"Vendredi dernier 10 mars 2023, s\u2019est tenu \u00a0dans les rues du premier arrondissement d'Akanda le carnaval du Complexe Scolaire Calasanz de Malib\u00e9.\u00a0 une file de petits enfants scolaris\u00e9s au complexe scolaire calasanz sillonne (les quartiers premier campement), makwengue et malibe1 ont pris part \u00e0 ce d\u00e9fil\u00e9. Une situation qui contraint les automobilistes \u00e0 marquer un\u2026","og_locale":"fr_FR","og_type":"article","og_title":"CARNAVAL au complexe scolaire calasanz de malibe1...","og_description":"Vendredi dernier 10 mars 2023, s\u2019est tenu \u00a0dans les rues du premier arrondissement d'Akanda le carnaval du Complexe Scolaire Calasanz de Malib\u00e9.\u00a0 une file de petits enfants scolaris\u00e9s au complexe scolaire calasanz sillonne (les quartiers premier campement), makwengue et malibe1 ont pris part \u00e0 ce d\u00e9fil\u00e9. Une situation qui contraint les automobilistes \u00e0 marquer un\u2026","og_url":"https:\/\/www.itakaescolapios.org\/fr\/2023\/03\/english-carnival-at-the-calasanz-school-complex-in-malibe1-last-friday-march-10-2023-the-carnival-of-the-calasanz-school-complex-in-malibe-was-held-in-the-streets-of-the-first-district-of-akan\/","og_site_name":"Itaka-Escolapios","article_published_time":"2023-03-13T09:58:12+00:00","article_modified_time":"2023-11-28T11:35:34+00:00","og_image":[{"width":1600,"height":1204,"url":"https:\/\/www.itakaescolapios.org\/wp-content\/uploads\/2023\/03\/WhatsApp-Image-2023-03-13-at-09.31.46.jpeg","type":"image\/jpeg"}],"author":"cameroun01","twitter_card":"summary_large_image","twitter_misc":{"\u00c9crit par":"cameroun01","Dur\u00e9e de lecture estim\u00e9e":"1 minute"},"schema":{"@context":"https:\/\/schema.org","@graph":[{"@type":"Article","@id":"https:\/\/www.itakaescolapios.org\/fr\/2023\/03\/english-carnival-at-the-calasanz-school-complex-in-malibe1-last-friday-march-10-2023-the-carnival-of-the-calasanz-school-complex-in-malibe-was-held-in-the-streets-of-the-first-district-of-akan\/#article","isPartOf":{"@id":"https:\/\/www.itakaescolapios.org\/fr\/2023\/03\/english-carnival-at-the-calasanz-school-complex-in-malibe1-last-friday-march-10-2023-the-carnival-of-the-calasanz-school-complex-in-malibe-was-held-in-the-streets-of-the-first-district-of-akan\/"},"author":{"name":"cameroun01","@id":"https:\/\/www.itakaescolapios.org\/es\/#\/schema\/person\/d2844383e29bfdfef69039672ce14eb1"},"headline":"CARNAVAL au complexe scolaire calasanz de malibe1...","datePublished":"2023-03-13T09:58:12+00:00","dateModified":"2023-11-28T11:35:34+00:00","mainEntityOfPage":{"@id":"https:\/\/www.itakaescolapios.org\/fr\/2023\/03\/english-carnival-at-the-calasanz-school-complex-in-malibe1-last-friday-march-10-2023-the-carnival-of-the-calasanz-school-complex-in-malibe-was-held-in-the-streets-of-the-first-district-of-akan\/"},"wordCount":124,"publisher":{"@id":"https:\/\/www.itakaescolapios.org\/es\/#organization"},"image":{"@id":"https:\/\/www.itakaescolapios.org\/fr\/2023\/03\/english-carnival-at-the-calasanz-school-complex-in-malibe1-last-friday-march-10-2023-the-carnival-of-the-calasanz-school-complex-in-malibe-was-held-in-the-streets-of-the-first-district-of-akan\/#primaryimage"},"thumbnailUrl":"https:\/\/www.itakaescolapios.org\/wp-content\/uploads\/2023\/03\/WhatsApp-Image-2023-03-13-at-09.31.46.jpeg","articleSection":["Afrique centrale","Gab\u00f3n"],"inLanguage":"fr-FR"},{"@type":"WebPage","@id":"https:\/\/www.itakaescolapios.org\/fr\/2023\/03\/english-carnival-at-the-calasanz-school-complex-in-malibe1-last-friday-march-10-2023-the-carnival-of-the-calasanz-school-complex-in-malibe-was-held-in-the-streets-of-the-first-district-of-akan\/","url":"https:\/\/www.itakaescolapios.org\/fr\/2023\/03\/english-carnival-at-the-calasanz-school-complex-in-malibe1-last-friday-march-10-2023-the-carnival-of-the-calasanz-school-complex-in-malibe-was-held-in-the-streets-of-the-first-district-of-akan\/","name":"CARNIVAL at the calasanz school complex in malibe - Itaka-Escolapios","isPartOf":{"@id":"https:\/\/www.itakaescolapios.org\/es\/#website"},"primaryImageOfPage":{"@id":"https:\/\/www.itakaescolapios.org\/fr\/2023\/03\/english-carnival-at-the-calasanz-school-complex-in-malibe1-last-friday-march-10-2023-the-carnival-of-the-calasanz-school-complex-in-malibe-was-held-in-the-streets-of-the-first-district-of-akan\/#primaryimage"},"image":{"@id":"https:\/\/www.itakaescolapios.org\/fr\/2023\/03\/english-carnival-at-the-calasanz-school-complex-in-malibe1-last-friday-march-10-2023-the-carnival-of-the-calasanz-school-complex-in-malibe-was-held-in-the-streets-of-the-first-district-of-akan\/#primaryimage"},"thumbnailUrl":"https:\/\/www.itakaescolapios.org\/wp-content\/uploads\/2023\/03\/WhatsApp-Image-2023-03-13-at-09.31.46.jpeg","datePublished":"2023-03-13T09:58:12+00:00","dateModified":"2023-11-28T11:35:34+00:00","breadcrumb":{"@id":"https:\/\/www.itakaescolapios.org\/fr\/2023\/03\/english-carnival-at-the-calasanz-school-complex-in-malibe1-last-friday-march-10-2023-the-carnival-of-the-calasanz-school-complex-in-malibe-was-held-in-the-streets-of-the-first-district-of-akan\/#breadcrumb"},"inLanguage":"fr-FR","potentialAction":[{"@type":"ReadAction","target":["https:\/\/www.itakaescolapios.org\/fr\/2023\/03\/english-carnival-at-the-calasanz-school-complex-in-malibe1-last-friday-march-10-2023-the-carnival-of-the-calasanz-school-complex-in-malibe-was-held-in-the-streets-of-the-first-district-of-akan\/"]}]},{"@type":"ImageObject","inLanguage":"fr-FR","@id":"https:\/\/www.itakaescolapios.org\/fr\/2023\/03\/english-carnival-at-the-calasanz-school-complex-in-malibe1-last-friday-march-10-2023-the-carnival-of-the-calasanz-school-complex-in-malibe-was-held-in-the-streets-of-the-first-district-of-akan\/#primaryimage","url":"https:\/\/www.itakaescolapios.org\/wp-content\/uploads\/2023\/03\/WhatsApp-Image-2023-03-13-at-09.31.46.jpeg","contentUrl":"https:\/\/www.itakaescolapios.org\/wp-content\/uploads\/2023\/03\/WhatsApp-Image-2023-03-13-at-09.31.46.jpeg","width":1600,"height":1204},{"@type":"BreadcrumbList","@id":"https:\/\/www.itakaescolapios.org\/fr\/2023\/03\/english-carnival-at-the-calasanz-school-complex-in-malibe1-last-friday-march-10-2023-the-carnival-of-the-calasanz-school-complex-in-malibe-was-held-in-the-streets-of-the-first-district-of-akan\/#breadcrumb","itemListElement":[{"@type":"ListItem","position":1,"name":"Itaka-Escolapios","item":"https:\/\/www.itakaescolapios.org\/es\/"},{"@type":"ListItem","position":2,"name":"CARNAVAL au complexe scolaire calasanz de malibe1..."}]},{"@type":"WebSite","@id":"https:\/\/www.itakaescolapios.org\/fr\/es\/#website","url":"https:\/\/www.itakaescolapios.org\/fr\/es\/","name":"Itaka-Escolapios","description":"Red de Itaka-Escolapios","publisher":{"@id":"https:\/\/www.itakaescolapios.org\/fr\/es\/#organization"},"potentialAction":[{"@type":"SearchAction","target":{"@type":"EntryPoint","urlTemplate":"https:\/\/www.itakaescolapios.org\/fr\/es\/?s={search_term_string}"},"query-input":{"@type":"PropertyValueSpecification","valueRequired":true,"valueName":"search_term_string"}}],"inLanguage":"fr-FR"},{"@type":"Organization","@id":"https:\/\/www.itakaescolapios.org\/fr\/es\/#organization","name":"Fundaci\u00f3 Itaka-Escolapios","url":"https:\/\/www.itakaescolapios.org\/fr\/es\/","logo":{"@type":"ImageObject","inLanguage":"fr-FR","@id":"https:\/\/www.itakaescolapios.org\/fr\/es\/#\/schema\/logo\/image\/","url":"https:\/\/www.itakaescolapios.org\/wp-content\/uploads\/2024\/04\/Logo-itakaescolapios-peque.png","contentUrl":"https:\/\/www.itakaescolapios.org\/wp-content\/uploads\/2024\/04\/Logo-itakaescolapios-peque.png","width":500,"height":199,"caption":"Fundaci\u00f3 Itaka-Escolapios"},"image":{"@id":"https:\/\/www.itakaescolapios.org\/fr\/es\/#\/schema\/logo\/image\/"}},{"@type":"Person","@id":"https:\/\/www.itakaescolapios.org\/es\/#\/schema\/person\/d2844383e29bfdfef69039672ce14eb1","name":"cameroun01","url":"https:\/\/www.itakaescolapios.org\/fr\/author\/cameroun01\/"}]}},"_links":{"self":[{"href":"https:\/\/www.itakaescolapios.org\/fr\/wp-json\/wp\/v2\/posts\/40810","targetHints":{"allow":["GET"]}}],"collection":[{"href":"https:\/\/www.itakaescolapios.org\/fr\/wp-json\/wp\/v2\/posts"}],"about":[{"href":"https:\/\/www.itakaescolapios.org\/fr\/wp-json\/wp\/v2\/types\/post"}],"author":[{"embeddable":true,"href":"https:\/\/www.itakaescolapios.org\/fr\/wp-json\/wp\/v2\/users\/15"}],"replies":[{"embeddable":true,"href":"https:\/\/www.itakaescolapios.org\/fr\/wp-json\/wp\/v2\/comments?post=40810"}],"version-history":[{"count":5,"href":"https:\/\/www.itakaescolapios.org\/fr\/wp-json\/wp\/v2\/posts\/40810\/revisions"}],"predecessor-version":[{"id":43658,"href":"https:\/\/www.itakaescolapios.org\/fr\/wp-json\/wp\/v2\/posts\/40810\/revisions\/43658"}],"wp:featuredmedia":[{"embeddable":true,"href":"https:\/\/www.itakaescolapios.org\/fr\/wp-json\/wp\/v2\/media\/40815"}],"wp:attachment":[{"href":"https:\/\/www.itakaescolapios.org\/fr\/wp-json\/wp\/v2\/media?parent=40810"}],"wp:term":[{"taxonomy":"category","embeddable":true,"href":"https:\/\/www.itakaescolapios.org\/fr\/wp-json\/wp\/v2\/categories?post=40810"},{"taxonomy":"post_tag","embeddable":true,"href":"https:\/\/www.itakaescolapios.org\/fr\/wp-json\/wp\/v2\/tags?post=40810"}],"curies":[{"name":"wp","href":"https:\/\/api.w.org\/{rel}","templated":true}]}}