{"id":41446,"date":"2023-03-21T13:22:20","date_gmt":"2023-03-21T12:22:20","guid":{"rendered":"https:\/\/www.itakaescolapios.org\/?p=41446"},"modified":"2023-11-28T12:35:34","modified_gmt":"2023-11-28T11:35:34","slug":"english-coordination-meeting-of-cameroon-piarist-volunteers-in-bandjoun-2023","status":"publish","type":"post","link":"https:\/\/www.itakaescolapios.org\/fr\/2023\/03\/english-coordination-meeting-of-cameroon-piarist-volunteers-in-bandjoun-2023\/","title":{"rendered":"R\u00e9union de coordination des Volontaires Piaristes Cameroun \u00e0 Bandjoun 2023"},"content":{"rendered":"<p>Samedi dernier 18 mars 2023 s\u2019est tenue \u00e0 bandjoun (ouest-Cameroun) la r\u00e9union de\u00a0 coordination des volontaires piaristes de la Province Piariste d\u2019Afrique Centrale. Il \u00e9tait question durant cette r\u00e9union, de pr\u00e9senter les rapports d\u2019activit\u00e9 des volontaires des diff\u00e9rentes pr\u00e9sences, ainsi que ceux du mouvement Calasanz par pr\u00e9sence \u00e9galement. Il \u00e9tait aussi question de faire des propositions en ce qui concerne le Chapitre provincial \u00e0 venir, et mieux apprendre en ce qui concerne la mission partag\u00e9e. A cette assembl\u00e9e \u00e9taient repr\u00e9sent\u00e9s\u00a0: les volontaires de Yaound\u00e9, Bafia, Bandjoun, Bamenda, et ceux du Gabon on fait parvenir leur rapport d\u2019activit\u00e9s. Une formation g\u00e9n\u00e9rale des volontaires a \u00e9t\u00e9 programm\u00e9e \u00e0 la fin de la r\u00e9union, pour la p\u00e9riode apr\u00e8s les colonies de vacances (entre fin juillet &#8211; d\u00e9but aout).C\u2019\u00e9tait une belle s\u00e9ance de travail\u00a0collaboratif car la plus part des pr\u00e9sences ont r\u00e9pondus \u00e0 l\u2019appel.<\/p>\n<p><img decoding=\"async\" class=\"size-full wp-image-41447 aligncenter\" src=\"https:\/\/www.itakaescolapios.org\/wp-content\/uploads\/2023\/03\/WhatsApp-Image-2023-03-18-at-21.16.58.jpeg\" alt=\"\" width=\"1152\" height=\"864\" srcset=\"https:\/\/www.itakaescolapios.org\/wp-content\/uploads\/2023\/03\/WhatsApp-Image-2023-03-18-at-21.16.58.jpeg 1152w, https:\/\/www.itakaescolapios.org\/wp-content\/uploads\/2023\/03\/WhatsApp-Image-2023-03-18-at-21.16.58-300x225.jpeg 300w, https:\/\/www.itakaescolapios.org\/wp-content\/uploads\/2023\/03\/WhatsApp-Image-2023-03-18-at-21.16.58-1024x768.jpeg 1024w, https:\/\/www.itakaescolapios.org\/wp-content\/uploads\/2023\/03\/WhatsApp-Image-2023-03-18-at-21.16.58-768x576.jpeg 768w, https:\/\/www.itakaescolapios.org\/wp-content\/uploads\/2023\/03\/WhatsApp-Image-2023-03-18-at-21.16.58-250x188.jpeg 250w, https:\/\/www.itakaescolapios.org\/wp-content\/uploads\/2023\/03\/WhatsApp-Image-2023-03-18-at-21.16.58-510x382.jpeg 510w, https:\/\/www.itakaescolapios.org\/wp-content\/uploads\/2023\/03\/WhatsApp-Image-2023-03-18-at-21.16.58-1080x810.jpeg 1080w\" sizes=\"(max-width: 1152px) 100vw, 1152px\" \/><\/p>\n<p><img decoding=\"async\" class=\"size-full wp-image-41448 aligncenter\" src=\"https:\/\/www.itakaescolapios.org\/wp-content\/uploads\/2023\/03\/WhatsApp-Image-2023-03-18-at-21.16.11.jpeg\" alt=\"\" width=\"1080\" height=\"809\" srcset=\"https:\/\/www.itakaescolapios.org\/wp-content\/uploads\/2023\/03\/WhatsApp-Image-2023-03-18-at-21.16.11.jpeg 1080w, https:\/\/www.itakaescolapios.org\/wp-content\/uploads\/2023\/03\/WhatsApp-Image-2023-03-18-at-21.16.11-300x225.jpeg 300w, https:\/\/www.itakaescolapios.org\/wp-content\/uploads\/2023\/03\/WhatsApp-Image-2023-03-18-at-21.16.11-1024x767.jpeg 1024w, https:\/\/www.itakaescolapios.org\/wp-content\/uploads\/2023\/03\/WhatsApp-Image-2023-03-18-at-21.16.11-768x575.jpeg 768w, https:\/\/www.itakaescolapios.org\/wp-content\/uploads\/2023\/03\/WhatsApp-Image-2023-03-18-at-21.16.11-250x187.jpeg 250w, https:\/\/www.itakaescolapios.org\/wp-content\/uploads\/2023\/03\/WhatsApp-Image-2023-03-18-at-21.16.11-510x382.jpeg 510w\" sizes=\"(max-width: 1080px) 100vw, 1080px\" \/><\/p>\n<p><img decoding=\"async\" class=\"size-full wp-image-41450 aligncenter\" src=\"https:\/\/www.itakaescolapios.org\/wp-content\/uploads\/2023\/03\/WhatsApp-Image-2023-03-18-at-21.17.00.jpeg\" alt=\"\" width=\"1080\" height=\"809\" srcset=\"https:\/\/www.itakaescolapios.org\/wp-content\/uploads\/2023\/03\/WhatsApp-Image-2023-03-18-at-21.17.00.jpeg 1080w, https:\/\/www.itakaescolapios.org\/wp-content\/uploads\/2023\/03\/WhatsApp-Image-2023-03-18-at-21.17.00-300x225.jpeg 300w, https:\/\/www.itakaescolapios.org\/wp-content\/uploads\/2023\/03\/WhatsApp-Image-2023-03-18-at-21.17.00-1024x767.jpeg 1024w, https:\/\/www.itakaescolapios.org\/wp-content\/uploads\/2023\/03\/WhatsApp-Image-2023-03-18-at-21.17.00-768x575.jpeg 768w, https:\/\/www.itakaescolapios.org\/wp-content\/uploads\/2023\/03\/WhatsApp-Image-2023-03-18-at-21.17.00-250x187.jpeg 250w, https:\/\/www.itakaescolapios.org\/wp-content\/uploads\/2023\/03\/WhatsApp-Image-2023-03-18-at-21.17.00-510x382.jpeg 510w\" sizes=\"(max-width: 1080px) 100vw, 1080px\" \/><\/p>\n<p><img decoding=\"async\" class=\"size-full wp-image-41451 aligncenter\" src=\"https:\/\/www.itakaescolapios.org\/wp-content\/uploads\/2023\/03\/WhatsApp-Image-2023-03-18-at-21.32.29.jpeg\" alt=\"\" width=\"1080\" height=\"809\" srcset=\"https:\/\/www.itakaescolapios.org\/wp-content\/uploads\/2023\/03\/WhatsApp-Image-2023-03-18-at-21.32.29.jpeg 1080w, https:\/\/www.itakaescolapios.org\/wp-content\/uploads\/2023\/03\/WhatsApp-Image-2023-03-18-at-21.32.29-300x225.jpeg 300w, https:\/\/www.itakaescolapios.org\/wp-content\/uploads\/2023\/03\/WhatsApp-Image-2023-03-18-at-21.32.29-1024x767.jpeg 1024w, https:\/\/www.itakaescolapios.org\/wp-content\/uploads\/2023\/03\/WhatsApp-Image-2023-03-18-at-21.32.29-768x575.jpeg 768w, https:\/\/www.itakaescolapios.org\/wp-content\/uploads\/2023\/03\/WhatsApp-Image-2023-03-18-at-21.32.29-250x187.jpeg 250w, https:\/\/www.itakaescolapios.org\/wp-content\/uploads\/2023\/03\/WhatsApp-Image-2023-03-18-at-21.32.29-510x382.jpeg 510w\" sizes=\"(max-width: 1080px) 100vw, 1080px\" \/><\/p>\n","protected":false},"excerpt":{"rendered":"<p>Samedi dernier 18 mars 2023 s\u2019est tenue \u00e0 bandjoun (ouest-Cameroun) la r\u00e9union de\u00a0 coordination des volontaires piaristes de la Province Piariste d\u2019Afrique Centrale. Il \u00e9tait question durant cette r\u00e9union, de [&hellip;]<\/p>\n","protected":false},"author":15,"featured_media":41449,"comment_status":"closed","ping_status":"closed","sticky":false,"template":"","format":"standard","meta":{"_et_pb_use_builder":"","_et_pb_old_content":"","_et_gb_content_width":"","footnotes":""},"categories":[53,10],"tags":[],"class_list":["post-41446","post","type-post","status-publish","format-standard","has-post-thumbnail","hentry","category-africa-central","category-camerun"],"yoast_head":"<!-- This site is optimized with the Yoast SEO plugin v27.4 - https:\/\/yoast.com\/product\/yoast-seo-wordpress\/ -->\n<title>R\u00e9union de coordination des Volontaires Piaristes Cameroun \u00e0 Bandjoun 2023<\/title>\n<meta name=\"description\" content=\"Samedi dernier 18 mars 2023 s\u2019est tenue \u00e0 bandjoun (ouest-Cameroun) la r\u00e9union de\u00a0 coordination des volontaires piaristes de la Province Piariste d\u2019Afrique Centrale. Il \u00e9tait question durant cette r\u00e9union, de pr\u00e9senter les rapports d\u2019activit\u00e9 des volontaires des diff\u00e9rentes pr\u00e9sences, ainsi que ceux du mouvement Calasanz par pr\u00e9sence \u00e9galement. Il \u00e9tait aussi question de faire des\u2026\" \/>\n<meta name=\"robots\" content=\"index, follow, max-snippet:-1, max-image-preview:large, max-video-preview:-1\" \/>\n<link rel=\"canonical\" href=\"http:\/\/Samedi%20dernier%2018%20mars%202023%20s\u2019est%20tenue%20\u00e0%20bandjoun%20(ouest-Cameroun)%20la%20r\u00e9union%20de\u00a0%20coordination%20des%20volontaires%20piaristes%20de%20la%20Province%20Piariste%20d\u2019Afrique%20Centrale.%20Il%20\u00e9tait%20question%20durant%20cette%20r\u00e9union,%20de%20pr\u00e9senter%20les%20rapports%20d\u2019activit\u00e9%20des%20volontaires%20des%20diff\u00e9rentes%20pr\u00e9sences,%20ainsi%20que%20ceux%20du%20mouvement%20Calasanz%20par%20pr\u00e9sence%20\u00e9galement.%20Il%20\u00e9tait%20aussi%20question%20de%20faire%20des\u2026\" \/>\n<meta property=\"og:locale\" content=\"fr_FR\" \/>\n<meta property=\"og:type\" content=\"article\" \/>\n<meta property=\"og:title\" content=\"R\u00e9union de coordination des Volontaires Piaristes Cameroun \u00e0 Bandjoun 2023\" \/>\n<meta property=\"og:description\" content=\"Samedi dernier 18 mars 2023 s\u2019est tenue \u00e0 bandjoun (ouest-Cameroun) la r\u00e9union de\u00a0 coordination des volontaires piaristes de la Province Piariste d\u2019Afrique Centrale. Il \u00e9tait question durant cette r\u00e9union, de pr\u00e9senter les rapports d\u2019activit\u00e9 des volontaires des diff\u00e9rentes pr\u00e9sences, ainsi que ceux du mouvement Calasanz par pr\u00e9sence \u00e9galement. Il \u00e9tait aussi question de faire des\u2026\" \/>\n<meta property=\"og:url\" content=\"https:\/\/www.itakaescolapios.org\/fr\/2023\/03\/english-coordination-meeting-of-cameroon-piarist-volunteers-in-bandjoun-2023\/\" \/>\n<meta property=\"og:site_name\" content=\"Itaka-Escolapios\" \/>\n<meta property=\"article:published_time\" content=\"2023-03-21T12:22:20+00:00\" \/>\n<meta property=\"article:modified_time\" content=\"2023-11-28T11:35:34+00:00\" \/>\n<meta property=\"og:image\" content=\"https:\/\/www.itakaescolapios.org\/wp-content\/uploads\/2023\/03\/WhatsApp-Image-2023-03-18-at-21.16.29.jpeg\" \/>\n\t<meta property=\"og:image:width\" content=\"1080\" \/>\n\t<meta property=\"og:image:height\" content=\"809\" \/>\n\t<meta property=\"og:image:type\" content=\"image\/jpeg\" \/>\n<meta name=\"author\" content=\"cameroun01\" \/>\n<meta name=\"twitter:card\" content=\"summary_large_image\" \/>\n<meta name=\"twitter:label1\" content=\"\u00c9crit par\" \/>\n\t<meta name=\"twitter:data1\" content=\"cameroun01\" \/>\n\t<meta name=\"twitter:label2\" content=\"Dur\u00e9e de lecture estim\u00e9e\" \/>\n\t<meta name=\"twitter:data2\" content=\"1 minute\" \/>\n<script type=\"application\/ld+json\" class=\"yoast-schema-graph\">{\"@context\":\"https:\\\/\\\/schema.org\",\"@graph\":[{\"@type\":\"Article\",\"@id\":\"https:\\\/\\\/www.itakaescolapios.org\\\/fr\\\/2023\\\/03\\\/english-coordination-meeting-of-cameroon-piarist-volunteers-in-bandjoun-2023\\\/#article\",\"isPartOf\":{\"@id\":\"https:\\\/\\\/www.itakaescolapios.org\\\/fr\\\/2023\\\/03\\\/english-coordination-meeting-of-cameroon-piarist-volunteers-in-bandjoun-2023\\\/\"},\"author\":{\"name\":\"cameroun01\",\"@id\":\"https:\\\/\\\/www.itakaescolapios.org\\\/es\\\/#\\\/schema\\\/person\\\/d2844383e29bfdfef69039672ce14eb1\"},\"headline\":\"R\u00e9union de coordination des Volontaires Piaristes Cameroun \u00e0 Bandjoun 2023\",\"datePublished\":\"2023-03-21T12:22:20+00:00\",\"dateModified\":\"2023-11-28T11:35:34+00:00\",\"mainEntityOfPage\":{\"@id\":\"https:\\\/\\\/www.itakaescolapios.org\\\/fr\\\/2023\\\/03\\\/english-coordination-meeting-of-cameroon-piarist-volunteers-in-bandjoun-2023\\\/\"},\"wordCount\":174,\"publisher\":{\"@id\":\"https:\\\/\\\/www.itakaescolapios.org\\\/es\\\/#organization\"},\"image\":{\"@id\":\"https:\\\/\\\/www.itakaescolapios.org\\\/fr\\\/2023\\\/03\\\/english-coordination-meeting-of-cameroon-piarist-volunteers-in-bandjoun-2023\\\/#primaryimage\"},\"thumbnailUrl\":\"https:\\\/\\\/www.itakaescolapios.org\\\/wp-content\\\/uploads\\\/2023\\\/03\\\/WhatsApp-Image-2023-03-18-at-21.16.29.jpeg\",\"articleSection\":[\"Afrique centrale\",\"Cameroun\"],\"inLanguage\":\"fr-FR\"},{\"@type\":\"WebPage\",\"@id\":\"https:\\\/\\\/www.itakaescolapios.org\\\/fr\\\/2023\\\/03\\\/english-coordination-meeting-of-cameroon-piarist-volunteers-in-bandjoun-2023\\\/\",\"url\":\"https:\\\/\\\/www.itakaescolapios.org\\\/fr\\\/2023\\\/03\\\/english-coordination-meeting-of-cameroon-piarist-volunteers-in-bandjoun-2023\\\/\",\"name\":\"Reuni\u00f3n de coordinaci\u00f3n de los Voluntarios Escolapios de Camer\u00fan en Bandjoun 2023 - Itaka-Escolapios\",\"isPartOf\":{\"@id\":\"https:\\\/\\\/www.itakaescolapios.org\\\/es\\\/#website\"},\"primaryImageOfPage\":{\"@id\":\"https:\\\/\\\/www.itakaescolapios.org\\\/fr\\\/2023\\\/03\\\/english-coordination-meeting-of-cameroon-piarist-volunteers-in-bandjoun-2023\\\/#primaryimage\"},\"image\":{\"@id\":\"https:\\\/\\\/www.itakaescolapios.org\\\/fr\\\/2023\\\/03\\\/english-coordination-meeting-of-cameroon-piarist-volunteers-in-bandjoun-2023\\\/#primaryimage\"},\"thumbnailUrl\":\"https:\\\/\\\/www.itakaescolapios.org\\\/wp-content\\\/uploads\\\/2023\\\/03\\\/WhatsApp-Image-2023-03-18-at-21.16.29.jpeg\",\"datePublished\":\"2023-03-21T12:22:20+00:00\",\"dateModified\":\"2023-11-28T11:35:34+00:00\",\"breadcrumb\":{\"@id\":\"https:\\\/\\\/www.itakaescolapios.org\\\/fr\\\/2023\\\/03\\\/english-coordination-meeting-of-cameroon-piarist-volunteers-in-bandjoun-2023\\\/#breadcrumb\"},\"inLanguage\":\"fr-FR\",\"potentialAction\":[{\"@type\":\"ReadAction\",\"target\":[\"https:\\\/\\\/www.itakaescolapios.org\\\/fr\\\/2023\\\/03\\\/english-coordination-meeting-of-cameroon-piarist-volunteers-in-bandjoun-2023\\\/\"]}]},{\"@type\":\"ImageObject\",\"inLanguage\":\"fr-FR\",\"@id\":\"https:\\\/\\\/www.itakaescolapios.org\\\/fr\\\/2023\\\/03\\\/english-coordination-meeting-of-cameroon-piarist-volunteers-in-bandjoun-2023\\\/#primaryimage\",\"url\":\"https:\\\/\\\/www.itakaescolapios.org\\\/wp-content\\\/uploads\\\/2023\\\/03\\\/WhatsApp-Image-2023-03-18-at-21.16.29.jpeg\",\"contentUrl\":\"https:\\\/\\\/www.itakaescolapios.org\\\/wp-content\\\/uploads\\\/2023\\\/03\\\/WhatsApp-Image-2023-03-18-at-21.16.29.jpeg\",\"width\":1080,\"height\":809},{\"@type\":\"BreadcrumbList\",\"@id\":\"https:\\\/\\\/www.itakaescolapios.org\\\/fr\\\/2023\\\/03\\\/english-coordination-meeting-of-cameroon-piarist-volunteers-in-bandjoun-2023\\\/#breadcrumb\",\"itemListElement\":[{\"@type\":\"ListItem\",\"position\":1,\"name\":\"Itaka-Escolapios\",\"item\":\"https:\\\/\\\/www.itakaescolapios.org\\\/es\\\/\"},{\"@type\":\"ListItem\",\"position\":2,\"name\":\"R\u00e9union de coordination des Volontaires Piaristes Cameroun \u00e0 Bandjoun 2023\"}]},{\"@type\":\"WebSite\",\"@id\":\"https:\\\/\\\/www.itakaescolapios.org\\\/fr\\\/es\\\/#website\",\"url\":\"https:\\\/\\\/www.itakaescolapios.org\\\/fr\\\/es\\\/\",\"name\":\"Itaka-Escolapios\",\"description\":\"Red de Itaka-Escolapios\",\"publisher\":{\"@id\":\"https:\\\/\\\/www.itakaescolapios.org\\\/fr\\\/es\\\/#organization\"},\"potentialAction\":[{\"@type\":\"SearchAction\",\"target\":{\"@type\":\"EntryPoint\",\"urlTemplate\":\"https:\\\/\\\/www.itakaescolapios.org\\\/fr\\\/es\\\/?s={search_term_string}\"},\"query-input\":{\"@type\":\"PropertyValueSpecification\",\"valueRequired\":true,\"valueName\":\"search_term_string\"}}],\"inLanguage\":\"fr-FR\"},{\"@type\":\"Organization\",\"@id\":\"https:\\\/\\\/www.itakaescolapios.org\\\/fr\\\/es\\\/#organization\",\"name\":\"Fundaci\u00f3 Itaka-Escolapios\",\"url\":\"https:\\\/\\\/www.itakaescolapios.org\\\/fr\\\/es\\\/\",\"logo\":{\"@type\":\"ImageObject\",\"inLanguage\":\"fr-FR\",\"@id\":\"https:\\\/\\\/www.itakaescolapios.org\\\/fr\\\/es\\\/#\\\/schema\\\/logo\\\/image\\\/\",\"url\":\"https:\\\/\\\/www.itakaescolapios.org\\\/wp-content\\\/uploads\\\/2024\\\/04\\\/Logo-itakaescolapios-peque.png\",\"contentUrl\":\"https:\\\/\\\/www.itakaescolapios.org\\\/wp-content\\\/uploads\\\/2024\\\/04\\\/Logo-itakaescolapios-peque.png\",\"width\":500,\"height\":199,\"caption\":\"Fundaci\u00f3 Itaka-Escolapios\"},\"image\":{\"@id\":\"https:\\\/\\\/www.itakaescolapios.org\\\/fr\\\/es\\\/#\\\/schema\\\/logo\\\/image\\\/\"}},{\"@type\":\"Person\",\"@id\":\"https:\\\/\\\/www.itakaescolapios.org\\\/es\\\/#\\\/schema\\\/person\\\/d2844383e29bfdfef69039672ce14eb1\",\"name\":\"cameroun01\",\"url\":\"https:\\\/\\\/www.itakaescolapios.org\\\/fr\\\/author\\\/cameroun01\\\/\"}]}<\/script>\n<!-- \/ Yoast SEO plugin. -->","yoast_head_json":{"title":"R\u00e9union de coordination des Volontaires Piaristes Cameroun \u00e0 Bandjoun 2023","description":"Samedi dernier 18 mars 2023 s\u2019est tenue \u00e0 bandjoun (ouest-Cameroun) la r\u00e9union de\u00a0 coordination des volontaires piaristes de la Province Piariste d\u2019Afrique Centrale. Il \u00e9tait question durant cette r\u00e9union, de pr\u00e9senter les rapports d\u2019activit\u00e9 des volontaires des diff\u00e9rentes pr\u00e9sences, ainsi que ceux du mouvement Calasanz par pr\u00e9sence \u00e9galement. Il \u00e9tait aussi question de faire des\u2026","robots":{"index":"index","follow":"follow","max-snippet":"max-snippet:-1","max-image-preview":"max-image-preview:large","max-video-preview":"max-video-preview:-1"},"canonical":"Samedi dernier 18 mars 2023 s\u2019est tenue \u00e0 bandjoun (ouest-Cameroun) la r\u00e9union de\u00a0 coordination des volontaires piaristes de la Province Piariste d\u2019Afrique Centrale. Il \u00e9tait question durant cette r\u00e9union, de pr\u00e9senter les rapports d\u2019activit\u00e9 des volontaires des diff\u00e9rentes pr\u00e9sences, ainsi que ceux du mouvement Calasanz par pr\u00e9sence \u00e9galement. Il \u00e9tait aussi question de faire des\u2026","og_locale":"fr_FR","og_type":"article","og_title":"R\u00e9union de coordination des Volontaires Piaristes Cameroun \u00e0 Bandjoun 2023","og_description":"Samedi dernier 18 mars 2023 s\u2019est tenue \u00e0 bandjoun (ouest-Cameroun) la r\u00e9union de\u00a0 coordination des volontaires piaristes de la Province Piariste d\u2019Afrique Centrale. Il \u00e9tait question durant cette r\u00e9union, de pr\u00e9senter les rapports d\u2019activit\u00e9 des volontaires des diff\u00e9rentes pr\u00e9sences, ainsi que ceux du mouvement Calasanz par pr\u00e9sence \u00e9galement. Il \u00e9tait aussi question de faire des\u2026","og_url":"https:\/\/www.itakaescolapios.org\/fr\/2023\/03\/english-coordination-meeting-of-cameroon-piarist-volunteers-in-bandjoun-2023\/","og_site_name":"Itaka-Escolapios","article_published_time":"2023-03-21T12:22:20+00:00","article_modified_time":"2023-11-28T11:35:34+00:00","og_image":[{"width":1080,"height":809,"url":"https:\/\/www.itakaescolapios.org\/wp-content\/uploads\/2023\/03\/WhatsApp-Image-2023-03-18-at-21.16.29.jpeg","type":"image\/jpeg"}],"author":"cameroun01","twitter_card":"summary_large_image","twitter_misc":{"\u00c9crit par":"cameroun01","Dur\u00e9e de lecture estim\u00e9e":"1 minute"},"schema":{"@context":"https:\/\/schema.org","@graph":[{"@type":"Article","@id":"https:\/\/www.itakaescolapios.org\/fr\/2023\/03\/english-coordination-meeting-of-cameroon-piarist-volunteers-in-bandjoun-2023\/#article","isPartOf":{"@id":"https:\/\/www.itakaescolapios.org\/fr\/2023\/03\/english-coordination-meeting-of-cameroon-piarist-volunteers-in-bandjoun-2023\/"},"author":{"name":"cameroun01","@id":"https:\/\/www.itakaescolapios.org\/es\/#\/schema\/person\/d2844383e29bfdfef69039672ce14eb1"},"headline":"R\u00e9union de coordination des Volontaires Piaristes Cameroun \u00e0 Bandjoun 2023","datePublished":"2023-03-21T12:22:20+00:00","dateModified":"2023-11-28T11:35:34+00:00","mainEntityOfPage":{"@id":"https:\/\/www.itakaescolapios.org\/fr\/2023\/03\/english-coordination-meeting-of-cameroon-piarist-volunteers-in-bandjoun-2023\/"},"wordCount":174,"publisher":{"@id":"https:\/\/www.itakaescolapios.org\/es\/#organization"},"image":{"@id":"https:\/\/www.itakaescolapios.org\/fr\/2023\/03\/english-coordination-meeting-of-cameroon-piarist-volunteers-in-bandjoun-2023\/#primaryimage"},"thumbnailUrl":"https:\/\/www.itakaescolapios.org\/wp-content\/uploads\/2023\/03\/WhatsApp-Image-2023-03-18-at-21.16.29.jpeg","articleSection":["Afrique centrale","Cameroun"],"inLanguage":"fr-FR"},{"@type":"WebPage","@id":"https:\/\/www.itakaescolapios.org\/fr\/2023\/03\/english-coordination-meeting-of-cameroon-piarist-volunteers-in-bandjoun-2023\/","url":"https:\/\/www.itakaescolapios.org\/fr\/2023\/03\/english-coordination-meeting-of-cameroon-piarist-volunteers-in-bandjoun-2023\/","name":"Reuni\u00f3n de coordinaci\u00f3n de los Voluntarios Escolapios de Camer\u00fan en Bandjoun 2023 - Itaka-Escolapios","isPartOf":{"@id":"https:\/\/www.itakaescolapios.org\/es\/#website"},"primaryImageOfPage":{"@id":"https:\/\/www.itakaescolapios.org\/fr\/2023\/03\/english-coordination-meeting-of-cameroon-piarist-volunteers-in-bandjoun-2023\/#primaryimage"},"image":{"@id":"https:\/\/www.itakaescolapios.org\/fr\/2023\/03\/english-coordination-meeting-of-cameroon-piarist-volunteers-in-bandjoun-2023\/#primaryimage"},"thumbnailUrl":"https:\/\/www.itakaescolapios.org\/wp-content\/uploads\/2023\/03\/WhatsApp-Image-2023-03-18-at-21.16.29.jpeg","datePublished":"2023-03-21T12:22:20+00:00","dateModified":"2023-11-28T11:35:34+00:00","breadcrumb":{"@id":"https:\/\/www.itakaescolapios.org\/fr\/2023\/03\/english-coordination-meeting-of-cameroon-piarist-volunteers-in-bandjoun-2023\/#breadcrumb"},"inLanguage":"fr-FR","potentialAction":[{"@type":"ReadAction","target":["https:\/\/www.itakaescolapios.org\/fr\/2023\/03\/english-coordination-meeting-of-cameroon-piarist-volunteers-in-bandjoun-2023\/"]}]},{"@type":"ImageObject","inLanguage":"fr-FR","@id":"https:\/\/www.itakaescolapios.org\/fr\/2023\/03\/english-coordination-meeting-of-cameroon-piarist-volunteers-in-bandjoun-2023\/#primaryimage","url":"https:\/\/www.itakaescolapios.org\/wp-content\/uploads\/2023\/03\/WhatsApp-Image-2023-03-18-at-21.16.29.jpeg","contentUrl":"https:\/\/www.itakaescolapios.org\/wp-content\/uploads\/2023\/03\/WhatsApp-Image-2023-03-18-at-21.16.29.jpeg","width":1080,"height":809},{"@type":"BreadcrumbList","@id":"https:\/\/www.itakaescolapios.org\/fr\/2023\/03\/english-coordination-meeting-of-cameroon-piarist-volunteers-in-bandjoun-2023\/#breadcrumb","itemListElement":[{"@type":"ListItem","position":1,"name":"Itaka-Escolapios","item":"https:\/\/www.itakaescolapios.org\/es\/"},{"@type":"ListItem","position":2,"name":"R\u00e9union de coordination des Volontaires Piaristes Cameroun \u00e0 Bandjoun 2023"}]},{"@type":"WebSite","@id":"https:\/\/www.itakaescolapios.org\/fr\/es\/#website","url":"https:\/\/www.itakaescolapios.org\/fr\/es\/","name":"Itaka-Escolapios","description":"Red de Itaka-Escolapios","publisher":{"@id":"https:\/\/www.itakaescolapios.org\/fr\/es\/#organization"},"potentialAction":[{"@type":"SearchAction","target":{"@type":"EntryPoint","urlTemplate":"https:\/\/www.itakaescolapios.org\/fr\/es\/?s={search_term_string}"},"query-input":{"@type":"PropertyValueSpecification","valueRequired":true,"valueName":"search_term_string"}}],"inLanguage":"fr-FR"},{"@type":"Organization","@id":"https:\/\/www.itakaescolapios.org\/fr\/es\/#organization","name":"Fundaci\u00f3 Itaka-Escolapios","url":"https:\/\/www.itakaescolapios.org\/fr\/es\/","logo":{"@type":"ImageObject","inLanguage":"fr-FR","@id":"https:\/\/www.itakaescolapios.org\/fr\/es\/#\/schema\/logo\/image\/","url":"https:\/\/www.itakaescolapios.org\/wp-content\/uploads\/2024\/04\/Logo-itakaescolapios-peque.png","contentUrl":"https:\/\/www.itakaescolapios.org\/wp-content\/uploads\/2024\/04\/Logo-itakaescolapios-peque.png","width":500,"height":199,"caption":"Fundaci\u00f3 Itaka-Escolapios"},"image":{"@id":"https:\/\/www.itakaescolapios.org\/fr\/es\/#\/schema\/logo\/image\/"}},{"@type":"Person","@id":"https:\/\/www.itakaescolapios.org\/es\/#\/schema\/person\/d2844383e29bfdfef69039672ce14eb1","name":"cameroun01","url":"https:\/\/www.itakaescolapios.org\/fr\/author\/cameroun01\/"}]}},"_links":{"self":[{"href":"https:\/\/www.itakaescolapios.org\/fr\/wp-json\/wp\/v2\/posts\/41446","targetHints":{"allow":["GET"]}}],"collection":[{"href":"https:\/\/www.itakaescolapios.org\/fr\/wp-json\/wp\/v2\/posts"}],"about":[{"href":"https:\/\/www.itakaescolapios.org\/fr\/wp-json\/wp\/v2\/types\/post"}],"author":[{"embeddable":true,"href":"https:\/\/www.itakaescolapios.org\/fr\/wp-json\/wp\/v2\/users\/15"}],"replies":[{"embeddable":true,"href":"https:\/\/www.itakaescolapios.org\/fr\/wp-json\/wp\/v2\/comments?post=41446"}],"version-history":[{"count":4,"href":"https:\/\/www.itakaescolapios.org\/fr\/wp-json\/wp\/v2\/posts\/41446\/revisions"}],"predecessor-version":[{"id":43647,"href":"https:\/\/www.itakaescolapios.org\/fr\/wp-json\/wp\/v2\/posts\/41446\/revisions\/43647"}],"wp:featuredmedia":[{"embeddable":true,"href":"https:\/\/www.itakaescolapios.org\/fr\/wp-json\/wp\/v2\/media\/41449"}],"wp:attachment":[{"href":"https:\/\/www.itakaescolapios.org\/fr\/wp-json\/wp\/v2\/media?parent=41446"}],"wp:term":[{"taxonomy":"category","embeddable":true,"href":"https:\/\/www.itakaescolapios.org\/fr\/wp-json\/wp\/v2\/categories?post=41446"},{"taxonomy":"post_tag","embeddable":true,"href":"https:\/\/www.itakaescolapios.org\/fr\/wp-json\/wp\/v2\/tags?post=41446"}],"curies":[{"name":"wp","href":"https:\/\/api.w.org\/{rel}","templated":true}]}}