{"id":41605,"date":"2023-03-24T14:43:57","date_gmt":"2023-03-24T13:43:57","guid":{"rendered":"https:\/\/www.itakaescolapios.org\/?p=41605"},"modified":"2023-11-28T12:35:34","modified_gmt":"2023-11-28T11:35:34","slug":"english-mass-at-the-end-of-the-second-quarter-of-the-year-2022-2023-at-the-coscabic-and-official-closing-of-the-solidarity-campaign","status":"publish","type":"post","link":"https:\/\/www.itakaescolapios.org\/fr\/2023\/03\/english-mass-at-the-end-of-the-second-quarter-of-the-year-2022-2023-at-the-coscabic-and-official-closing-of-the-solidarity-campaign\/","title":{"rendered":"Messe de fin du deuxi\u00e8me trimestre de l'ann\u00e9e 2022\/2023 au COSCABIC et cl\u00f4ture officielle de la campagne de solidarit\u00e9"},"content":{"rendered":"<p>Aujourd\u2019hui, vendredi 24 mars 2023, s\u2019est tenu \u00e0 la paroisse Notre Dame de Nazareth de Bafia, Messe de fin du deuxi\u00e8me trimestre de l&rsquo;ann\u00e9e 2022\/2023 et de cl\u00f4ture officielle de la campagne de solidarit\u00e9 pour les \u00e9l\u00e8ves du Complexe Scolaire Int\u00e9grale Bilingue Calasanz de Bafia (Centre Cameroun). La messe a \u00e9t\u00e9 c\u00e9l\u00e9br\u00e9e par le P\u00e8re Brice Kamga et le Diacre P\u00e8re Divine Liyuer. Le Diacre au cours de son hom\u00e9lie, a demand\u00e9 aux enfants de prier que le Seigneur les garde surtout pendant les cong\u00e9s et qu\u2019ils soient de bons enfants. A la fin de la messe, chaque responsable classe est venue lire la contribution de sa classe pour la campagne de solidarit\u00e9. Le deuxi\u00e8me trimestre est officiellement termin\u00e9 ainsi que la campagne de solidarit\u00e9 au COSCABIC de Bafia.<\/p>\n<div style=\"width: 640px;\" class=\"wp-video\"><video class=\"wp-video-shortcode\" id=\"video-41605-1\" width=\"640\" height=\"352\" preload=\"metadata\" controls=\"controls\"><source type=\"video\/mp4\" src=\"https:\/\/www.itakaescolapios.org\/wp-content\/uploads\/2023\/03\/WhatsApp-Video-2023-03-24-at-10.49.26.mp4?_=1\" \/><a href=\"https:\/\/www.itakaescolapios.org\/wp-content\/uploads\/2023\/03\/WhatsApp-Video-2023-03-24-at-10.49.26.mp4\">https:\/\/www.itakaescolapios.org\/wp-content\/uploads\/2023\/03\/WhatsApp-Video-2023-03-24-at-10.49.26.mp4<\/a><\/video><\/div>\n<p><img decoding=\"async\" class=\"size-full wp-image-41595 aligncenter\" src=\"https:\/\/www.itakaescolapios.org\/wp-content\/uploads\/2023\/03\/WhatsApp-Image-2023-03-24-at-10.47.54.jpeg\" alt=\"\" width=\"1080\" height=\"486\" srcset=\"https:\/\/www.itakaescolapios.org\/wp-content\/uploads\/2023\/03\/WhatsApp-Image-2023-03-24-at-10.47.54.jpeg 1080w, https:\/\/www.itakaescolapios.org\/wp-content\/uploads\/2023\/03\/WhatsApp-Image-2023-03-24-at-10.47.54-300x135.jpeg 300w, https:\/\/www.itakaescolapios.org\/wp-content\/uploads\/2023\/03\/WhatsApp-Image-2023-03-24-at-10.47.54-1024x461.jpeg 1024w, https:\/\/www.itakaescolapios.org\/wp-content\/uploads\/2023\/03\/WhatsApp-Image-2023-03-24-at-10.47.54-768x346.jpeg 768w, https:\/\/www.itakaescolapios.org\/wp-content\/uploads\/2023\/03\/WhatsApp-Image-2023-03-24-at-10.47.54-250x113.jpeg 250w\" sizes=\"(max-width: 1080px) 100vw, 1080px\" \/><\/p>\n","protected":false},"excerpt":{"rendered":"<p>Aujourd\u2019hui, vendredi 24 mars 2023, s\u2019est tenu \u00e0 la paroisse Notre Dame de Nazareth de Bafia, Messe de fin du deuxi\u00e8me trimestre de l&rsquo;ann\u00e9e 2022\/2023 et de cl\u00f4ture officielle de [&hellip;]<\/p>\n","protected":false},"author":15,"featured_media":41594,"comment_status":"closed","ping_status":"closed","sticky":false,"template":"","format":"standard","meta":{"_et_pb_use_builder":"","_et_pb_old_content":"","_et_gb_content_width":"","footnotes":""},"categories":[53,10],"tags":[],"class_list":["post-41605","post","type-post","status-publish","format-standard","has-post-thumbnail","hentry","category-africa-central","category-camerun"],"yoast_head":"<!-- This site is optimized with the Yoast SEO plugin v27.4 - https:\/\/yoast.com\/product\/yoast-seo-wordpress\/ -->\n<title>Messe de fin du deuxi\u00e8me trimestre de l&#039;ann\u00e9e 2022\/2023 au COSCABIC et cl\u00f4ture officielle de la campagne de solidarit\u00e9<\/title>\n<meta name=\"description\" content=\"Aujourd\u2019hui, vendredi 24 mars 2023, s\u2019est tenu \u00e0 la paroisse Notre Dame de Nazareth de Bafia, Messe de fin du deuxi\u00e8me trimestre de l&#039;ann\u00e9e 2022\/2023 et de cl\u00f4ture officielle de la campagne de solidarit\u00e9 pour les \u00e9l\u00e8ves du Complexe Scolaire Int\u00e9grale Bilingue Calasanz de Bafia (Centre Cameroun). La messe a \u00e9t\u00e9 c\u00e9l\u00e9br\u00e9e par le P\u00e8re\u2026\" \/>\n<meta name=\"robots\" content=\"index, follow, max-snippet:-1, max-image-preview:large, max-video-preview:-1\" \/>\n<link rel=\"canonical\" href=\"http:\/\/Aujourd\u2019hui,%20vendredi%2024%20mars%202023,%20s\u2019est%20tenu%20\u00e0%20la%20paroisse%20Notre%20Dame%20de%20Nazareth%20de%20Bafia,%20Messe%20de%20fin%20du%20deuxi\u00e8me%20trimestre%20de%20l'ann\u00e9e%202022\/2023%20et%20de%20cl\u00f4ture%20officielle%20de%20la%20campagne%20de%20solidarit\u00e9%20pour%20les%20\u00e9l\u00e8ves%20du%20Complexe%20Scolaire%20Int\u00e9grale%20Bilingue%20Calasanz%20de%20Bafia%20(Centre%20Cameroun).%20La%20messe%20a%20\u00e9t\u00e9%20c\u00e9l\u00e9br\u00e9e%20par%20le%20P\u00e8re\u2026\" \/>\n<meta property=\"og:locale\" content=\"fr_FR\" \/>\n<meta property=\"og:type\" content=\"article\" \/>\n<meta property=\"og:title\" content=\"Messe de fin du deuxi\u00e8me trimestre de l&#039;ann\u00e9e 2022\/2023 au COSCABIC et cl\u00f4ture officielle de la campagne de solidarit\u00e9\" \/>\n<meta property=\"og:description\" content=\"Aujourd\u2019hui, vendredi 24 mars 2023, s\u2019est tenu \u00e0 la paroisse Notre Dame de Nazareth de Bafia, Messe de fin du deuxi\u00e8me trimestre de l&#039;ann\u00e9e 2022\/2023 et de cl\u00f4ture officielle de la campagne de solidarit\u00e9 pour les \u00e9l\u00e8ves du Complexe Scolaire Int\u00e9grale Bilingue Calasanz de Bafia (Centre Cameroun). La messe a \u00e9t\u00e9 c\u00e9l\u00e9br\u00e9e par le P\u00e8re\u2026\" \/>\n<meta property=\"og:url\" content=\"https:\/\/www.itakaescolapios.org\/fr\/2023\/03\/english-mass-at-the-end-of-the-second-quarter-of-the-year-2022-2023-at-the-coscabic-and-official-closing-of-the-solidarity-campaign\/\" \/>\n<meta property=\"og:site_name\" content=\"Itaka-Escolapios\" \/>\n<meta property=\"article:published_time\" content=\"2023-03-24T13:43:57+00:00\" \/>\n<meta property=\"article:modified_time\" content=\"2023-11-28T11:35:34+00:00\" \/>\n<meta property=\"og:image\" content=\"https:\/\/www.itakaescolapios.org\/wp-content\/uploads\/2023\/03\/WhatsApp-Image-2023-03-24-at-10.47.53.jpeg\" \/>\n\t<meta property=\"og:image:width\" content=\"1080\" \/>\n\t<meta property=\"og:image:height\" content=\"486\" \/>\n\t<meta property=\"og:image:type\" content=\"image\/jpeg\" \/>\n<meta name=\"author\" content=\"cameroun01\" \/>\n<meta name=\"twitter:card\" content=\"summary_large_image\" \/>\n<meta name=\"twitter:label1\" content=\"\u00c9crit par\" \/>\n\t<meta name=\"twitter:data1\" content=\"cameroun01\" \/>\n\t<meta name=\"twitter:label2\" content=\"Dur\u00e9e de lecture estim\u00e9e\" \/>\n\t<meta name=\"twitter:data2\" content=\"1 minute\" \/>\n<script type=\"application\/ld+json\" class=\"yoast-schema-graph\">{\"@context\":\"https:\\\/\\\/schema.org\",\"@graph\":[{\"@type\":\"Article\",\"@id\":\"https:\\\/\\\/www.itakaescolapios.org\\\/fr\\\/2023\\\/03\\\/english-mass-at-the-end-of-the-second-quarter-of-the-year-2022-2023-at-the-coscabic-and-official-closing-of-the-solidarity-campaign\\\/#article\",\"isPartOf\":{\"@id\":\"https:\\\/\\\/www.itakaescolapios.org\\\/fr\\\/2023\\\/03\\\/english-mass-at-the-end-of-the-second-quarter-of-the-year-2022-2023-at-the-coscabic-and-official-closing-of-the-solidarity-campaign\\\/\"},\"author\":{\"name\":\"cameroun01\",\"@id\":\"https:\\\/\\\/www.itakaescolapios.org\\\/es\\\/#\\\/schema\\\/person\\\/d2844383e29bfdfef69039672ce14eb1\"},\"headline\":\"Messe de fin du deuxi\u00e8me trimestre de l'ann\u00e9e 2022\\\/2023 au COSCABIC et cl\u00f4ture officielle de la campagne de solidarit\u00e9\",\"datePublished\":\"2023-03-24T13:43:57+00:00\",\"dateModified\":\"2023-11-28T11:35:34+00:00\",\"mainEntityOfPage\":{\"@id\":\"https:\\\/\\\/www.itakaescolapios.org\\\/fr\\\/2023\\\/03\\\/english-mass-at-the-end-of-the-second-quarter-of-the-year-2022-2023-at-the-coscabic-and-official-closing-of-the-solidarity-campaign\\\/\"},\"wordCount\":299,\"publisher\":{\"@id\":\"https:\\\/\\\/www.itakaescolapios.org\\\/es\\\/#organization\"},\"image\":{\"@id\":\"https:\\\/\\\/www.itakaescolapios.org\\\/fr\\\/2023\\\/03\\\/english-mass-at-the-end-of-the-second-quarter-of-the-year-2022-2023-at-the-coscabic-and-official-closing-of-the-solidarity-campaign\\\/#primaryimage\"},\"thumbnailUrl\":\"https:\\\/\\\/www.itakaescolapios.org\\\/wp-content\\\/uploads\\\/2023\\\/03\\\/WhatsApp-Image-2023-03-24-at-10.47.53.jpeg\",\"articleSection\":[\"Afrique centrale\",\"Cameroun\"],\"inLanguage\":\"fr-FR\"},{\"@type\":\"WebPage\",\"@id\":\"https:\\\/\\\/www.itakaescolapios.org\\\/fr\\\/2023\\\/03\\\/english-mass-at-the-end-of-the-second-quarter-of-the-year-2022-2023-at-the-coscabic-and-official-closing-of-the-solidarity-campaign\\\/\",\"url\":\"https:\\\/\\\/www.itakaescolapios.org\\\/fr\\\/2023\\\/03\\\/english-mass-at-the-end-of-the-second-quarter-of-the-year-2022-2023-at-the-coscabic-and-official-closing-of-the-solidarity-campaign\\\/\",\"name\":\"- Itaka-Escolapios\",\"isPartOf\":{\"@id\":\"https:\\\/\\\/www.itakaescolapios.org\\\/es\\\/#website\"},\"primaryImageOfPage\":{\"@id\":\"https:\\\/\\\/www.itakaescolapios.org\\\/fr\\\/2023\\\/03\\\/english-mass-at-the-end-of-the-second-quarter-of-the-year-2022-2023-at-the-coscabic-and-official-closing-of-the-solidarity-campaign\\\/#primaryimage\"},\"image\":{\"@id\":\"https:\\\/\\\/www.itakaescolapios.org\\\/fr\\\/2023\\\/03\\\/english-mass-at-the-end-of-the-second-quarter-of-the-year-2022-2023-at-the-coscabic-and-official-closing-of-the-solidarity-campaign\\\/#primaryimage\"},\"thumbnailUrl\":\"https:\\\/\\\/www.itakaescolapios.org\\\/wp-content\\\/uploads\\\/2023\\\/03\\\/WhatsApp-Image-2023-03-24-at-10.47.53.jpeg\",\"datePublished\":\"2023-03-24T13:43:57+00:00\",\"dateModified\":\"2023-11-28T11:35:34+00:00\",\"breadcrumb\":{\"@id\":\"https:\\\/\\\/www.itakaescolapios.org\\\/fr\\\/2023\\\/03\\\/english-mass-at-the-end-of-the-second-quarter-of-the-year-2022-2023-at-the-coscabic-and-official-closing-of-the-solidarity-campaign\\\/#breadcrumb\"},\"inLanguage\":\"fr-FR\",\"potentialAction\":[{\"@type\":\"ReadAction\",\"target\":[\"https:\\\/\\\/www.itakaescolapios.org\\\/fr\\\/2023\\\/03\\\/english-mass-at-the-end-of-the-second-quarter-of-the-year-2022-2023-at-the-coscabic-and-official-closing-of-the-solidarity-campaign\\\/\"]}]},{\"@type\":\"ImageObject\",\"inLanguage\":\"fr-FR\",\"@id\":\"https:\\\/\\\/www.itakaescolapios.org\\\/fr\\\/2023\\\/03\\\/english-mass-at-the-end-of-the-second-quarter-of-the-year-2022-2023-at-the-coscabic-and-official-closing-of-the-solidarity-campaign\\\/#primaryimage\",\"url\":\"https:\\\/\\\/www.itakaescolapios.org\\\/wp-content\\\/uploads\\\/2023\\\/03\\\/WhatsApp-Image-2023-03-24-at-10.47.53.jpeg\",\"contentUrl\":\"https:\\\/\\\/www.itakaescolapios.org\\\/wp-content\\\/uploads\\\/2023\\\/03\\\/WhatsApp-Image-2023-03-24-at-10.47.53.jpeg\",\"width\":1080,\"height\":486},{\"@type\":\"BreadcrumbList\",\"@id\":\"https:\\\/\\\/www.itakaescolapios.org\\\/fr\\\/2023\\\/03\\\/english-mass-at-the-end-of-the-second-quarter-of-the-year-2022-2023-at-the-coscabic-and-official-closing-of-the-solidarity-campaign\\\/#breadcrumb\",\"itemListElement\":[{\"@type\":\"ListItem\",\"position\":1,\"name\":\"Itaka-Escolapios\",\"item\":\"https:\\\/\\\/www.itakaescolapios.org\\\/es\\\/\"},{\"@type\":\"ListItem\",\"position\":2,\"name\":\"Messe de fin du deuxi\u00e8me trimestre de l'ann\u00e9e 2022\\\/2023 au COSCABIC et cl\u00f4ture officielle de la campagne de solidarit\u00e9\"}]},{\"@type\":\"WebSite\",\"@id\":\"https:\\\/\\\/www.itakaescolapios.org\\\/fr\\\/es\\\/#website\",\"url\":\"https:\\\/\\\/www.itakaescolapios.org\\\/fr\\\/es\\\/\",\"name\":\"Itaka-Escolapios\",\"description\":\"Red de Itaka-Escolapios\",\"publisher\":{\"@id\":\"https:\\\/\\\/www.itakaescolapios.org\\\/fr\\\/es\\\/#organization\"},\"potentialAction\":[{\"@type\":\"SearchAction\",\"target\":{\"@type\":\"EntryPoint\",\"urlTemplate\":\"https:\\\/\\\/www.itakaescolapios.org\\\/fr\\\/es\\\/?s={search_term_string}\"},\"query-input\":{\"@type\":\"PropertyValueSpecification\",\"valueRequired\":true,\"valueName\":\"search_term_string\"}}],\"inLanguage\":\"fr-FR\"},{\"@type\":\"Organization\",\"@id\":\"https:\\\/\\\/www.itakaescolapios.org\\\/fr\\\/es\\\/#organization\",\"name\":\"Fundaci\u00f3 Itaka-Escolapios\",\"url\":\"https:\\\/\\\/www.itakaescolapios.org\\\/fr\\\/es\\\/\",\"logo\":{\"@type\":\"ImageObject\",\"inLanguage\":\"fr-FR\",\"@id\":\"https:\\\/\\\/www.itakaescolapios.org\\\/fr\\\/es\\\/#\\\/schema\\\/logo\\\/image\\\/\",\"url\":\"https:\\\/\\\/www.itakaescolapios.org\\\/wp-content\\\/uploads\\\/2024\\\/04\\\/Logo-itakaescolapios-peque.png\",\"contentUrl\":\"https:\\\/\\\/www.itakaescolapios.org\\\/wp-content\\\/uploads\\\/2024\\\/04\\\/Logo-itakaescolapios-peque.png\",\"width\":500,\"height\":199,\"caption\":\"Fundaci\u00f3 Itaka-Escolapios\"},\"image\":{\"@id\":\"https:\\\/\\\/www.itakaescolapios.org\\\/fr\\\/es\\\/#\\\/schema\\\/logo\\\/image\\\/\"}},{\"@type\":\"Person\",\"@id\":\"https:\\\/\\\/www.itakaescolapios.org\\\/es\\\/#\\\/schema\\\/person\\\/d2844383e29bfdfef69039672ce14eb1\",\"name\":\"cameroun01\",\"url\":\"https:\\\/\\\/www.itakaescolapios.org\\\/fr\\\/author\\\/cameroun01\\\/\"}]}<\/script>\n<!-- \/ Yoast SEO plugin. -->","yoast_head_json":{"title":"Messe de fin du deuxi\u00e8me trimestre de l'ann\u00e9e 2022\/2023 au COSCABIC et cl\u00f4ture officielle de la campagne de solidarit\u00e9","description":"Aujourd\u2019hui, vendredi 24 mars 2023, s\u2019est tenu \u00e0 la paroisse Notre Dame de Nazareth de Bafia, Messe de fin du deuxi\u00e8me trimestre de l'ann\u00e9e 2022\/2023 et de cl\u00f4ture officielle de la campagne de solidarit\u00e9 pour les \u00e9l\u00e8ves du Complexe Scolaire Int\u00e9grale Bilingue Calasanz de Bafia (Centre Cameroun). La messe a \u00e9t\u00e9 c\u00e9l\u00e9br\u00e9e par le P\u00e8re\u2026","robots":{"index":"index","follow":"follow","max-snippet":"max-snippet:-1","max-image-preview":"max-image-preview:large","max-video-preview":"max-video-preview:-1"},"canonical":"Aujourd\u2019hui, vendredi 24 mars 2023, s\u2019est tenu \u00e0 la paroisse Notre Dame de Nazareth de Bafia, Messe de fin du deuxi\u00e8me trimestre de l'ann\u00e9e 2022\/2023 et de cl\u00f4ture officielle de la campagne de solidarit\u00e9 pour les \u00e9l\u00e8ves du Complexe Scolaire Int\u00e9grale Bilingue Calasanz de Bafia (Centre Cameroun). La messe a \u00e9t\u00e9 c\u00e9l\u00e9br\u00e9e par le P\u00e8re\u2026","og_locale":"fr_FR","og_type":"article","og_title":"Messe de fin du deuxi\u00e8me trimestre de l'ann\u00e9e 2022\/2023 au COSCABIC et cl\u00f4ture officielle de la campagne de solidarit\u00e9","og_description":"Aujourd\u2019hui, vendredi 24 mars 2023, s\u2019est tenu \u00e0 la paroisse Notre Dame de Nazareth de Bafia, Messe de fin du deuxi\u00e8me trimestre de l'ann\u00e9e 2022\/2023 et de cl\u00f4ture officielle de la campagne de solidarit\u00e9 pour les \u00e9l\u00e8ves du Complexe Scolaire Int\u00e9grale Bilingue Calasanz de Bafia (Centre Cameroun). La messe a \u00e9t\u00e9 c\u00e9l\u00e9br\u00e9e par le P\u00e8re\u2026","og_url":"https:\/\/www.itakaescolapios.org\/fr\/2023\/03\/english-mass-at-the-end-of-the-second-quarter-of-the-year-2022-2023-at-the-coscabic-and-official-closing-of-the-solidarity-campaign\/","og_site_name":"Itaka-Escolapios","article_published_time":"2023-03-24T13:43:57+00:00","article_modified_time":"2023-11-28T11:35:34+00:00","og_image":[{"width":1080,"height":486,"url":"https:\/\/www.itakaescolapios.org\/wp-content\/uploads\/2023\/03\/WhatsApp-Image-2023-03-24-at-10.47.53.jpeg","type":"image\/jpeg"}],"author":"cameroun01","twitter_card":"summary_large_image","twitter_misc":{"\u00c9crit par":"cameroun01","Dur\u00e9e de lecture estim\u00e9e":"1 minute"},"schema":{"@context":"https:\/\/schema.org","@graph":[{"@type":"Article","@id":"https:\/\/www.itakaescolapios.org\/fr\/2023\/03\/english-mass-at-the-end-of-the-second-quarter-of-the-year-2022-2023-at-the-coscabic-and-official-closing-of-the-solidarity-campaign\/#article","isPartOf":{"@id":"https:\/\/www.itakaescolapios.org\/fr\/2023\/03\/english-mass-at-the-end-of-the-second-quarter-of-the-year-2022-2023-at-the-coscabic-and-official-closing-of-the-solidarity-campaign\/"},"author":{"name":"cameroun01","@id":"https:\/\/www.itakaescolapios.org\/es\/#\/schema\/person\/d2844383e29bfdfef69039672ce14eb1"},"headline":"Messe de fin du deuxi\u00e8me trimestre de l'ann\u00e9e 2022\/2023 au COSCABIC et cl\u00f4ture officielle de la campagne de solidarit\u00e9","datePublished":"2023-03-24T13:43:57+00:00","dateModified":"2023-11-28T11:35:34+00:00","mainEntityOfPage":{"@id":"https:\/\/www.itakaescolapios.org\/fr\/2023\/03\/english-mass-at-the-end-of-the-second-quarter-of-the-year-2022-2023-at-the-coscabic-and-official-closing-of-the-solidarity-campaign\/"},"wordCount":299,"publisher":{"@id":"https:\/\/www.itakaescolapios.org\/es\/#organization"},"image":{"@id":"https:\/\/www.itakaescolapios.org\/fr\/2023\/03\/english-mass-at-the-end-of-the-second-quarter-of-the-year-2022-2023-at-the-coscabic-and-official-closing-of-the-solidarity-campaign\/#primaryimage"},"thumbnailUrl":"https:\/\/www.itakaescolapios.org\/wp-content\/uploads\/2023\/03\/WhatsApp-Image-2023-03-24-at-10.47.53.jpeg","articleSection":["Afrique centrale","Cameroun"],"inLanguage":"fr-FR"},{"@type":"WebPage","@id":"https:\/\/www.itakaescolapios.org\/fr\/2023\/03\/english-mass-at-the-end-of-the-second-quarter-of-the-year-2022-2023-at-the-coscabic-and-official-closing-of-the-solidarity-campaign\/","url":"https:\/\/www.itakaescolapios.org\/fr\/2023\/03\/english-mass-at-the-end-of-the-second-quarter-of-the-year-2022-2023-at-the-coscabic-and-official-closing-of-the-solidarity-campaign\/","name":"- Itaka-Escolapios","isPartOf":{"@id":"https:\/\/www.itakaescolapios.org\/es\/#website"},"primaryImageOfPage":{"@id":"https:\/\/www.itakaescolapios.org\/fr\/2023\/03\/english-mass-at-the-end-of-the-second-quarter-of-the-year-2022-2023-at-the-coscabic-and-official-closing-of-the-solidarity-campaign\/#primaryimage"},"image":{"@id":"https:\/\/www.itakaescolapios.org\/fr\/2023\/03\/english-mass-at-the-end-of-the-second-quarter-of-the-year-2022-2023-at-the-coscabic-and-official-closing-of-the-solidarity-campaign\/#primaryimage"},"thumbnailUrl":"https:\/\/www.itakaescolapios.org\/wp-content\/uploads\/2023\/03\/WhatsApp-Image-2023-03-24-at-10.47.53.jpeg","datePublished":"2023-03-24T13:43:57+00:00","dateModified":"2023-11-28T11:35:34+00:00","breadcrumb":{"@id":"https:\/\/www.itakaescolapios.org\/fr\/2023\/03\/english-mass-at-the-end-of-the-second-quarter-of-the-year-2022-2023-at-the-coscabic-and-official-closing-of-the-solidarity-campaign\/#breadcrumb"},"inLanguage":"fr-FR","potentialAction":[{"@type":"ReadAction","target":["https:\/\/www.itakaescolapios.org\/fr\/2023\/03\/english-mass-at-the-end-of-the-second-quarter-of-the-year-2022-2023-at-the-coscabic-and-official-closing-of-the-solidarity-campaign\/"]}]},{"@type":"ImageObject","inLanguage":"fr-FR","@id":"https:\/\/www.itakaescolapios.org\/fr\/2023\/03\/english-mass-at-the-end-of-the-second-quarter-of-the-year-2022-2023-at-the-coscabic-and-official-closing-of-the-solidarity-campaign\/#primaryimage","url":"https:\/\/www.itakaescolapios.org\/wp-content\/uploads\/2023\/03\/WhatsApp-Image-2023-03-24-at-10.47.53.jpeg","contentUrl":"https:\/\/www.itakaescolapios.org\/wp-content\/uploads\/2023\/03\/WhatsApp-Image-2023-03-24-at-10.47.53.jpeg","width":1080,"height":486},{"@type":"BreadcrumbList","@id":"https:\/\/www.itakaescolapios.org\/fr\/2023\/03\/english-mass-at-the-end-of-the-second-quarter-of-the-year-2022-2023-at-the-coscabic-and-official-closing-of-the-solidarity-campaign\/#breadcrumb","itemListElement":[{"@type":"ListItem","position":1,"name":"Itaka-Escolapios","item":"https:\/\/www.itakaescolapios.org\/es\/"},{"@type":"ListItem","position":2,"name":"Messe de fin du deuxi\u00e8me trimestre de l'ann\u00e9e 2022\/2023 au COSCABIC et cl\u00f4ture officielle de la campagne de solidarit\u00e9"}]},{"@type":"WebSite","@id":"https:\/\/www.itakaescolapios.org\/fr\/es\/#website","url":"https:\/\/www.itakaescolapios.org\/fr\/es\/","name":"Itaka-Escolapios","description":"Red de Itaka-Escolapios","publisher":{"@id":"https:\/\/www.itakaescolapios.org\/fr\/es\/#organization"},"potentialAction":[{"@type":"SearchAction","target":{"@type":"EntryPoint","urlTemplate":"https:\/\/www.itakaescolapios.org\/fr\/es\/?s={search_term_string}"},"query-input":{"@type":"PropertyValueSpecification","valueRequired":true,"valueName":"search_term_string"}}],"inLanguage":"fr-FR"},{"@type":"Organization","@id":"https:\/\/www.itakaescolapios.org\/fr\/es\/#organization","name":"Fundaci\u00f3 Itaka-Escolapios","url":"https:\/\/www.itakaescolapios.org\/fr\/es\/","logo":{"@type":"ImageObject","inLanguage":"fr-FR","@id":"https:\/\/www.itakaescolapios.org\/fr\/es\/#\/schema\/logo\/image\/","url":"https:\/\/www.itakaescolapios.org\/wp-content\/uploads\/2024\/04\/Logo-itakaescolapios-peque.png","contentUrl":"https:\/\/www.itakaescolapios.org\/wp-content\/uploads\/2024\/04\/Logo-itakaescolapios-peque.png","width":500,"height":199,"caption":"Fundaci\u00f3 Itaka-Escolapios"},"image":{"@id":"https:\/\/www.itakaescolapios.org\/fr\/es\/#\/schema\/logo\/image\/"}},{"@type":"Person","@id":"https:\/\/www.itakaescolapios.org\/es\/#\/schema\/person\/d2844383e29bfdfef69039672ce14eb1","name":"cameroun01","url":"https:\/\/www.itakaescolapios.org\/fr\/author\/cameroun01\/"}]}},"_links":{"self":[{"href":"https:\/\/www.itakaescolapios.org\/fr\/wp-json\/wp\/v2\/posts\/41605","targetHints":{"allow":["GET"]}}],"collection":[{"href":"https:\/\/www.itakaescolapios.org\/fr\/wp-json\/wp\/v2\/posts"}],"about":[{"href":"https:\/\/www.itakaescolapios.org\/fr\/wp-json\/wp\/v2\/types\/post"}],"author":[{"embeddable":true,"href":"https:\/\/www.itakaescolapios.org\/fr\/wp-json\/wp\/v2\/users\/15"}],"replies":[{"embeddable":true,"href":"https:\/\/www.itakaescolapios.org\/fr\/wp-json\/wp\/v2\/comments?post=41605"}],"version-history":[{"count":2,"href":"https:\/\/www.itakaescolapios.org\/fr\/wp-json\/wp\/v2\/posts\/41605\/revisions"}],"predecessor-version":[{"id":43641,"href":"https:\/\/www.itakaescolapios.org\/fr\/wp-json\/wp\/v2\/posts\/41605\/revisions\/43641"}],"wp:featuredmedia":[{"embeddable":true,"href":"https:\/\/www.itakaescolapios.org\/fr\/wp-json\/wp\/v2\/media\/41594"}],"wp:attachment":[{"href":"https:\/\/www.itakaescolapios.org\/fr\/wp-json\/wp\/v2\/media?parent=41605"}],"wp:term":[{"taxonomy":"category","embeddable":true,"href":"https:\/\/www.itakaescolapios.org\/fr\/wp-json\/wp\/v2\/categories?post=41605"},{"taxonomy":"post_tag","embeddable":true,"href":"https:\/\/www.itakaescolapios.org\/fr\/wp-json\/wp\/v2\/tags?post=41605"}],"curies":[{"name":"wp","href":"https:\/\/api.w.org\/{rel}","templated":true}]}}