{"id":41964,"date":"2023-04-26T09:07:54","date_gmt":"2023-04-26T08:07:54","guid":{"rendered":"https:\/\/www.itakaescolapios.org\/?p=41964"},"modified":"2023-11-28T12:35:33","modified_gmt":"2023-11-28T11:35:33","slug":"english-opening-of-the-third-provincial-chapter-of-central-africa-in-ngoya-cameroon","status":"publish","type":"post","link":"https:\/\/www.itakaescolapios.org\/fr\/2023\/04\/english-opening-of-the-third-provincial-chapter-of-central-africa-in-ngoya-cameroon\/","title":{"rendered":"Ouverture du Troisi\u00e8me Chapitre Provincial de l'Afrique centrale \u00e0 Ngoya (Cameroun)"},"content":{"rendered":"<p>Aujourd&rsquo;hui 25 mars, en pr\u00e9sence du P\u00e8re G\u00e9n\u00e9ral Pedro Aguado, a d\u00e9but\u00e9 \u00e0 Ngoya (Cameroun) le troisi\u00e8me Chapitre \u00a0Provincial pour la province Piariste d\u2019Afrique Centrale. Nous avons ouvert les travaux du avec une r\u00e9flexion \u00a0men\u00e9e par le P\u00e8re G\u00e9n\u00e9ral Pedro Aguado, nous conduisant \u00e0 entrer profond\u00e9ment dans l&rsquo;esprit du Chapitre. Ensuite, nous avons confi\u00e9 au Seigneur la journ\u00e9e de travail avec une messe suivie de l&rsquo;\u00e9lection du secr\u00e9taire capitaine et de son suppl\u00e9ant. Les activit\u00e9s ont bien d\u00e9marr\u00e9s. Cette semaine \u00e9tant celle du Chapitre, les activit\u00e9s se poursuivront demain.<\/p>\n<p><img decoding=\"async\" class=\"size-full wp-image-41965 aligncenter\" src=\"https:\/\/www.itakaescolapios.org\/wp-content\/uploads\/2023\/04\/342711038_206429935462175_3956014367255637065_n.jpg\" alt=\"\" width=\"1406\" height=\"736\" srcset=\"https:\/\/www.itakaescolapios.org\/wp-content\/uploads\/2023\/04\/342711038_206429935462175_3956014367255637065_n.jpg 1406w, https:\/\/www.itakaescolapios.org\/wp-content\/uploads\/2023\/04\/342711038_206429935462175_3956014367255637065_n-300x157.jpg 300w, https:\/\/www.itakaescolapios.org\/wp-content\/uploads\/2023\/04\/342711038_206429935462175_3956014367255637065_n-1024x536.jpg 1024w, https:\/\/www.itakaescolapios.org\/wp-content\/uploads\/2023\/04\/342711038_206429935462175_3956014367255637065_n-768x402.jpg 768w, https:\/\/www.itakaescolapios.org\/wp-content\/uploads\/2023\/04\/342711038_206429935462175_3956014367255637065_n-250x131.jpg 250w, https:\/\/www.itakaescolapios.org\/wp-content\/uploads\/2023\/04\/342711038_206429935462175_3956014367255637065_n-1080x565.jpg 1080w\" sizes=\"(max-width: 1406px) 100vw, 1406px\" \/><\/p>\n<p><img decoding=\"async\" class=\"size-full wp-image-41966 aligncenter\" src=\"https:\/\/www.itakaescolapios.org\/wp-content\/uploads\/2023\/04\/343023963_258832566663742_7946885084039536131_n.jpg\" alt=\"\" width=\"1719\" height=\"900\" srcset=\"https:\/\/www.itakaescolapios.org\/wp-content\/uploads\/2023\/04\/343023963_258832566663742_7946885084039536131_n.jpg 1719w, https:\/\/www.itakaescolapios.org\/wp-content\/uploads\/2023\/04\/343023963_258832566663742_7946885084039536131_n-300x157.jpg 300w, https:\/\/www.itakaescolapios.org\/wp-content\/uploads\/2023\/04\/343023963_258832566663742_7946885084039536131_n-1024x536.jpg 1024w, https:\/\/www.itakaescolapios.org\/wp-content\/uploads\/2023\/04\/343023963_258832566663742_7946885084039536131_n-768x402.jpg 768w, https:\/\/www.itakaescolapios.org\/wp-content\/uploads\/2023\/04\/343023963_258832566663742_7946885084039536131_n-1536x804.jpg 1536w, https:\/\/www.itakaescolapios.org\/wp-content\/uploads\/2023\/04\/343023963_258832566663742_7946885084039536131_n-250x131.jpg 250w, https:\/\/www.itakaescolapios.org\/wp-content\/uploads\/2023\/04\/343023963_258832566663742_7946885084039536131_n-1080x565.jpg 1080w\" sizes=\"(max-width: 1719px) 100vw, 1719px\" \/><\/p>\n<p><img decoding=\"async\" class=\"size-full wp-image-41968 aligncenter\" src=\"https:\/\/www.itakaescolapios.org\/wp-content\/uploads\/2023\/04\/un-ch.jpg\" alt=\"\" width=\"720\" height=\"900\" srcset=\"https:\/\/www.itakaescolapios.org\/wp-content\/uploads\/2023\/04\/un-ch.jpg 720w, https:\/\/www.itakaescolapios.org\/wp-content\/uploads\/2023\/04\/un-ch-240x300.jpg 240w, https:\/\/www.itakaescolapios.org\/wp-content\/uploads\/2023\/04\/un-ch-250x313.jpg 250w\" sizes=\"(max-width: 720px) 100vw, 720px\" \/><\/p>\n","protected":false},"excerpt":{"rendered":"<p>Aujourd&rsquo;hui 25 mars, en pr\u00e9sence du P\u00e8re G\u00e9n\u00e9ral Pedro Aguado, a d\u00e9but\u00e9 \u00e0 Ngoya (Cameroun) le troisi\u00e8me Chapitre \u00a0Provincial pour la province Piariste d\u2019Afrique Centrale. Nous avons ouvert les travaux [&hellip;]<\/p>\n","protected":false},"author":15,"featured_media":41967,"comment_status":"closed","ping_status":"closed","sticky":false,"template":"","format":"standard","meta":{"_et_pb_use_builder":"","_et_pb_old_content":"","_et_gb_content_width":"","footnotes":""},"categories":[53,10],"tags":[],"class_list":["post-41964","post","type-post","status-publish","format-standard","has-post-thumbnail","hentry","category-africa-central","category-camerun"],"yoast_head":"<!-- This site is optimized with the Yoast SEO plugin v27.4 - https:\/\/yoast.com\/product\/yoast-seo-wordpress\/ -->\n<title>Ouverture du Troisi\u00e8me Chapitre Provincial de l&#039;Afrique centrale \u00e0 Ngoya (Cameroun)<\/title>\n<meta name=\"description\" content=\"Aujourd&#039;hui 25 mars, en pr\u00e9sence du P\u00e8re G\u00e9n\u00e9ral Pedro Aguado, a d\u00e9but\u00e9 \u00e0 Ngoya (Cameroun) le troisi\u00e8me Chapitre \u00a0Provincial pour la province Piariste d\u2019Afrique Centrale. Nous avons ouvert les travaux du avec une r\u00e9flexion \u00a0men\u00e9e par le P\u00e8re G\u00e9n\u00e9ral Pedro Aguado, nous conduisant \u00e0 entrer profond\u00e9ment dans l&#039;esprit du Chapitre. Ensuite, nous avons confi\u00e9 au\u2026\" \/>\n<meta name=\"robots\" content=\"index, follow, max-snippet:-1, max-image-preview:large, max-video-preview:-1\" \/>\n<link rel=\"canonical\" href=\"http:\/\/Aujourd'hui%2025%20mars,%20en%20pr\u00e9sence%20du%20P\u00e8re%20G\u00e9n\u00e9ral%20Pedro%20Aguado,%20a%20d\u00e9but\u00e9%20\u00e0%20Ngoya%20(Cameroun)%20le%20troisi\u00e8me%20Chapitre%20\u00a0Provincial%20pour%20la%20province%20Piariste%20d\u2019Afrique%20Centrale.%20Nous%20avons%20ouvert%20les%20travaux%20du%20avec%20une%20r\u00e9flexion%20\u00a0men\u00e9e%20par%20le%20P\u00e8re%20G\u00e9n\u00e9ral%20Pedro%20Aguado,%20nous%20conduisant%20\u00e0%20entrer%20profond\u00e9ment%20dans%20l'esprit%20du%20Chapitre.%20Ensuite,%20nous%20avons%20confi\u00e9%20au\u2026\" \/>\n<meta property=\"og:locale\" content=\"fr_FR\" \/>\n<meta property=\"og:type\" content=\"article\" \/>\n<meta property=\"og:title\" content=\"Ouverture du Troisi\u00e8me Chapitre Provincial de l&#039;Afrique centrale \u00e0 Ngoya (Cameroun)\" \/>\n<meta property=\"og:description\" content=\"Aujourd&#039;hui 25 mars, en pr\u00e9sence du P\u00e8re G\u00e9n\u00e9ral Pedro Aguado, a d\u00e9but\u00e9 \u00e0 Ngoya (Cameroun) le troisi\u00e8me Chapitre \u00a0Provincial pour la province Piariste d\u2019Afrique Centrale. Nous avons ouvert les travaux du avec une r\u00e9flexion \u00a0men\u00e9e par le P\u00e8re G\u00e9n\u00e9ral Pedro Aguado, nous conduisant \u00e0 entrer profond\u00e9ment dans l&#039;esprit du Chapitre. Ensuite, nous avons confi\u00e9 au\u2026\" \/>\n<meta property=\"og:url\" content=\"https:\/\/www.itakaescolapios.org\/fr\/2023\/04\/english-opening-of-the-third-provincial-chapter-of-central-africa-in-ngoya-cameroon\/\" \/>\n<meta property=\"og:site_name\" content=\"Itaka-Escolapios\" \/>\n<meta property=\"article:published_time\" content=\"2023-04-26T08:07:54+00:00\" \/>\n<meta property=\"article:modified_time\" content=\"2023-11-28T11:35:33+00:00\" \/>\n<meta property=\"og:image\" content=\"https:\/\/www.itakaescolapios.org\/wp-content\/uploads\/2023\/04\/342406130_3314586652127599_2055185933264966625_n.jpg\" \/>\n\t<meta property=\"og:image:width\" content=\"1406\" \/>\n\t<meta property=\"og:image:height\" content=\"736\" \/>\n\t<meta property=\"og:image:type\" content=\"image\/jpeg\" \/>\n<meta name=\"author\" content=\"cameroun01\" \/>\n<meta name=\"twitter:card\" content=\"summary_large_image\" \/>\n<meta name=\"twitter:label1\" content=\"\u00c9crit par\" \/>\n\t<meta name=\"twitter:data1\" content=\"cameroun01\" \/>\n\t<meta name=\"twitter:label2\" content=\"Dur\u00e9e de lecture estim\u00e9e\" \/>\n\t<meta name=\"twitter:data2\" content=\"1 minute\" \/>\n<script type=\"application\/ld+json\" class=\"yoast-schema-graph\">{\"@context\":\"https:\\\/\\\/schema.org\",\"@graph\":[{\"@type\":\"Article\",\"@id\":\"https:\\\/\\\/www.itakaescolapios.org\\\/fr\\\/2023\\\/04\\\/english-opening-of-the-third-provincial-chapter-of-central-africa-in-ngoya-cameroon\\\/#article\",\"isPartOf\":{\"@id\":\"https:\\\/\\\/www.itakaescolapios.org\\\/fr\\\/2023\\\/04\\\/english-opening-of-the-third-provincial-chapter-of-central-africa-in-ngoya-cameroon\\\/\"},\"author\":{\"name\":\"cameroun01\",\"@id\":\"https:\\\/\\\/www.itakaescolapios.org\\\/es\\\/#\\\/schema\\\/person\\\/d2844383e29bfdfef69039672ce14eb1\"},\"headline\":\"Ouverture du Troisi\u00e8me Chapitre Provincial de l'Afrique centrale \u00e0 Ngoya (Cameroun)\",\"datePublished\":\"2023-04-26T08:07:54+00:00\",\"dateModified\":\"2023-11-28T11:35:33+00:00\",\"mainEntityOfPage\":{\"@id\":\"https:\\\/\\\/www.itakaescolapios.org\\\/fr\\\/2023\\\/04\\\/english-opening-of-the-third-provincial-chapter-of-central-africa-in-ngoya-cameroon\\\/\"},\"wordCount\":116,\"publisher\":{\"@id\":\"https:\\\/\\\/www.itakaescolapios.org\\\/es\\\/#organization\"},\"image\":{\"@id\":\"https:\\\/\\\/www.itakaescolapios.org\\\/fr\\\/2023\\\/04\\\/english-opening-of-the-third-provincial-chapter-of-central-africa-in-ngoya-cameroon\\\/#primaryimage\"},\"thumbnailUrl\":\"https:\\\/\\\/www.itakaescolapios.org\\\/wp-content\\\/uploads\\\/2023\\\/04\\\/342406130_3314586652127599_2055185933264966625_n.jpg\",\"articleSection\":[\"Afrique centrale\",\"Cameroun\"],\"inLanguage\":\"fr-FR\"},{\"@type\":\"WebPage\",\"@id\":\"https:\\\/\\\/www.itakaescolapios.org\\\/fr\\\/2023\\\/04\\\/english-opening-of-the-third-provincial-chapter-of-central-africa-in-ngoya-cameroon\\\/\",\"url\":\"https:\\\/\\\/www.itakaescolapios.org\\\/fr\\\/2023\\\/04\\\/english-opening-of-the-third-provincial-chapter-of-central-africa-in-ngoya-cameroon\\\/\",\"name\":\"Apertura del Tercer Cap\u00edtulo Provincial de \u00c1frica Central en Ngoya (Camer\u00fan) - Itaka-Escolapios\",\"isPartOf\":{\"@id\":\"https:\\\/\\\/www.itakaescolapios.org\\\/es\\\/#website\"},\"primaryImageOfPage\":{\"@id\":\"https:\\\/\\\/www.itakaescolapios.org\\\/fr\\\/2023\\\/04\\\/english-opening-of-the-third-provincial-chapter-of-central-africa-in-ngoya-cameroon\\\/#primaryimage\"},\"image\":{\"@id\":\"https:\\\/\\\/www.itakaescolapios.org\\\/fr\\\/2023\\\/04\\\/english-opening-of-the-third-provincial-chapter-of-central-africa-in-ngoya-cameroon\\\/#primaryimage\"},\"thumbnailUrl\":\"https:\\\/\\\/www.itakaescolapios.org\\\/wp-content\\\/uploads\\\/2023\\\/04\\\/342406130_3314586652127599_2055185933264966625_n.jpg\",\"datePublished\":\"2023-04-26T08:07:54+00:00\",\"dateModified\":\"2023-11-28T11:35:33+00:00\",\"breadcrumb\":{\"@id\":\"https:\\\/\\\/www.itakaescolapios.org\\\/fr\\\/2023\\\/04\\\/english-opening-of-the-third-provincial-chapter-of-central-africa-in-ngoya-cameroon\\\/#breadcrumb\"},\"inLanguage\":\"fr-FR\",\"potentialAction\":[{\"@type\":\"ReadAction\",\"target\":[\"https:\\\/\\\/www.itakaescolapios.org\\\/fr\\\/2023\\\/04\\\/english-opening-of-the-third-provincial-chapter-of-central-africa-in-ngoya-cameroon\\\/\"]}]},{\"@type\":\"ImageObject\",\"inLanguage\":\"fr-FR\",\"@id\":\"https:\\\/\\\/www.itakaescolapios.org\\\/fr\\\/2023\\\/04\\\/english-opening-of-the-third-provincial-chapter-of-central-africa-in-ngoya-cameroon\\\/#primaryimage\",\"url\":\"https:\\\/\\\/www.itakaescolapios.org\\\/wp-content\\\/uploads\\\/2023\\\/04\\\/342406130_3314586652127599_2055185933264966625_n.jpg\",\"contentUrl\":\"https:\\\/\\\/www.itakaescolapios.org\\\/wp-content\\\/uploads\\\/2023\\\/04\\\/342406130_3314586652127599_2055185933264966625_n.jpg\",\"width\":1406,\"height\":736},{\"@type\":\"BreadcrumbList\",\"@id\":\"https:\\\/\\\/www.itakaescolapios.org\\\/fr\\\/2023\\\/04\\\/english-opening-of-the-third-provincial-chapter-of-central-africa-in-ngoya-cameroon\\\/#breadcrumb\",\"itemListElement\":[{\"@type\":\"ListItem\",\"position\":1,\"name\":\"Itaka-Escolapios\",\"item\":\"https:\\\/\\\/www.itakaescolapios.org\\\/es\\\/\"},{\"@type\":\"ListItem\",\"position\":2,\"name\":\"Ouverture du Troisi\u00e8me Chapitre Provincial de l'Afrique centrale \u00e0 Ngoya (Cameroun)\"}]},{\"@type\":\"WebSite\",\"@id\":\"https:\\\/\\\/www.itakaescolapios.org\\\/fr\\\/es\\\/#website\",\"url\":\"https:\\\/\\\/www.itakaescolapios.org\\\/fr\\\/es\\\/\",\"name\":\"Itaka-Escolapios\",\"description\":\"Red de Itaka-Escolapios\",\"publisher\":{\"@id\":\"https:\\\/\\\/www.itakaescolapios.org\\\/fr\\\/es\\\/#organization\"},\"potentialAction\":[{\"@type\":\"SearchAction\",\"target\":{\"@type\":\"EntryPoint\",\"urlTemplate\":\"https:\\\/\\\/www.itakaescolapios.org\\\/fr\\\/es\\\/?s={search_term_string}\"},\"query-input\":{\"@type\":\"PropertyValueSpecification\",\"valueRequired\":true,\"valueName\":\"search_term_string\"}}],\"inLanguage\":\"fr-FR\"},{\"@type\":\"Organization\",\"@id\":\"https:\\\/\\\/www.itakaescolapios.org\\\/fr\\\/es\\\/#organization\",\"name\":\"Fundaci\u00f3 Itaka-Escolapios\",\"url\":\"https:\\\/\\\/www.itakaescolapios.org\\\/fr\\\/es\\\/\",\"logo\":{\"@type\":\"ImageObject\",\"inLanguage\":\"fr-FR\",\"@id\":\"https:\\\/\\\/www.itakaescolapios.org\\\/fr\\\/es\\\/#\\\/schema\\\/logo\\\/image\\\/\",\"url\":\"https:\\\/\\\/www.itakaescolapios.org\\\/wp-content\\\/uploads\\\/2024\\\/04\\\/Logo-itakaescolapios-peque.png\",\"contentUrl\":\"https:\\\/\\\/www.itakaescolapios.org\\\/wp-content\\\/uploads\\\/2024\\\/04\\\/Logo-itakaescolapios-peque.png\",\"width\":500,\"height\":199,\"caption\":\"Fundaci\u00f3 Itaka-Escolapios\"},\"image\":{\"@id\":\"https:\\\/\\\/www.itakaescolapios.org\\\/fr\\\/es\\\/#\\\/schema\\\/logo\\\/image\\\/\"}},{\"@type\":\"Person\",\"@id\":\"https:\\\/\\\/www.itakaescolapios.org\\\/es\\\/#\\\/schema\\\/person\\\/d2844383e29bfdfef69039672ce14eb1\",\"name\":\"cameroun01\",\"url\":\"https:\\\/\\\/www.itakaescolapios.org\\\/fr\\\/author\\\/cameroun01\\\/\"}]}<\/script>\n<!-- \/ Yoast SEO plugin. -->","yoast_head_json":{"title":"Ouverture du Troisi\u00e8me Chapitre Provincial de l'Afrique centrale \u00e0 Ngoya (Cameroun)","description":"Aujourd'hui 25 mars, en pr\u00e9sence du P\u00e8re G\u00e9n\u00e9ral Pedro Aguado, a d\u00e9but\u00e9 \u00e0 Ngoya (Cameroun) le troisi\u00e8me Chapitre \u00a0Provincial pour la province Piariste d\u2019Afrique Centrale. Nous avons ouvert les travaux du avec une r\u00e9flexion \u00a0men\u00e9e par le P\u00e8re G\u00e9n\u00e9ral Pedro Aguado, nous conduisant \u00e0 entrer profond\u00e9ment dans l'esprit du Chapitre. Ensuite, nous avons confi\u00e9 au\u2026","robots":{"index":"index","follow":"follow","max-snippet":"max-snippet:-1","max-image-preview":"max-image-preview:large","max-video-preview":"max-video-preview:-1"},"canonical":"Aujourd'hui 25 mars, en pr\u00e9sence du P\u00e8re G\u00e9n\u00e9ral Pedro Aguado, a d\u00e9but\u00e9 \u00e0 Ngoya (Cameroun) le troisi\u00e8me Chapitre \u00a0Provincial pour la province Piariste d\u2019Afrique Centrale. Nous avons ouvert les travaux du avec une r\u00e9flexion \u00a0men\u00e9e par le P\u00e8re G\u00e9n\u00e9ral Pedro Aguado, nous conduisant \u00e0 entrer profond\u00e9ment dans l'esprit du Chapitre. Ensuite, nous avons confi\u00e9 au\u2026","og_locale":"fr_FR","og_type":"article","og_title":"Ouverture du Troisi\u00e8me Chapitre Provincial de l'Afrique centrale \u00e0 Ngoya (Cameroun)","og_description":"Aujourd'hui 25 mars, en pr\u00e9sence du P\u00e8re G\u00e9n\u00e9ral Pedro Aguado, a d\u00e9but\u00e9 \u00e0 Ngoya (Cameroun) le troisi\u00e8me Chapitre \u00a0Provincial pour la province Piariste d\u2019Afrique Centrale. Nous avons ouvert les travaux du avec une r\u00e9flexion \u00a0men\u00e9e par le P\u00e8re G\u00e9n\u00e9ral Pedro Aguado, nous conduisant \u00e0 entrer profond\u00e9ment dans l'esprit du Chapitre. Ensuite, nous avons confi\u00e9 au\u2026","og_url":"https:\/\/www.itakaescolapios.org\/fr\/2023\/04\/english-opening-of-the-third-provincial-chapter-of-central-africa-in-ngoya-cameroon\/","og_site_name":"Itaka-Escolapios","article_published_time":"2023-04-26T08:07:54+00:00","article_modified_time":"2023-11-28T11:35:33+00:00","og_image":[{"width":1406,"height":736,"url":"https:\/\/www.itakaescolapios.org\/wp-content\/uploads\/2023\/04\/342406130_3314586652127599_2055185933264966625_n.jpg","type":"image\/jpeg"}],"author":"cameroun01","twitter_card":"summary_large_image","twitter_misc":{"\u00c9crit par":"cameroun01","Dur\u00e9e de lecture estim\u00e9e":"1 minute"},"schema":{"@context":"https:\/\/schema.org","@graph":[{"@type":"Article","@id":"https:\/\/www.itakaescolapios.org\/fr\/2023\/04\/english-opening-of-the-third-provincial-chapter-of-central-africa-in-ngoya-cameroon\/#article","isPartOf":{"@id":"https:\/\/www.itakaescolapios.org\/fr\/2023\/04\/english-opening-of-the-third-provincial-chapter-of-central-africa-in-ngoya-cameroon\/"},"author":{"name":"cameroun01","@id":"https:\/\/www.itakaescolapios.org\/es\/#\/schema\/person\/d2844383e29bfdfef69039672ce14eb1"},"headline":"Ouverture du Troisi\u00e8me Chapitre Provincial de l'Afrique centrale \u00e0 Ngoya (Cameroun)","datePublished":"2023-04-26T08:07:54+00:00","dateModified":"2023-11-28T11:35:33+00:00","mainEntityOfPage":{"@id":"https:\/\/www.itakaescolapios.org\/fr\/2023\/04\/english-opening-of-the-third-provincial-chapter-of-central-africa-in-ngoya-cameroon\/"},"wordCount":116,"publisher":{"@id":"https:\/\/www.itakaescolapios.org\/es\/#organization"},"image":{"@id":"https:\/\/www.itakaescolapios.org\/fr\/2023\/04\/english-opening-of-the-third-provincial-chapter-of-central-africa-in-ngoya-cameroon\/#primaryimage"},"thumbnailUrl":"https:\/\/www.itakaescolapios.org\/wp-content\/uploads\/2023\/04\/342406130_3314586652127599_2055185933264966625_n.jpg","articleSection":["Afrique centrale","Cameroun"],"inLanguage":"fr-FR"},{"@type":"WebPage","@id":"https:\/\/www.itakaescolapios.org\/fr\/2023\/04\/english-opening-of-the-third-provincial-chapter-of-central-africa-in-ngoya-cameroon\/","url":"https:\/\/www.itakaescolapios.org\/fr\/2023\/04\/english-opening-of-the-third-provincial-chapter-of-central-africa-in-ngoya-cameroon\/","name":"Apertura del Tercer Cap\u00edtulo Provincial de \u00c1frica Central en Ngoya (Camer\u00fan) - Itaka-Escolapios","isPartOf":{"@id":"https:\/\/www.itakaescolapios.org\/es\/#website"},"primaryImageOfPage":{"@id":"https:\/\/www.itakaescolapios.org\/fr\/2023\/04\/english-opening-of-the-third-provincial-chapter-of-central-africa-in-ngoya-cameroon\/#primaryimage"},"image":{"@id":"https:\/\/www.itakaescolapios.org\/fr\/2023\/04\/english-opening-of-the-third-provincial-chapter-of-central-africa-in-ngoya-cameroon\/#primaryimage"},"thumbnailUrl":"https:\/\/www.itakaescolapios.org\/wp-content\/uploads\/2023\/04\/342406130_3314586652127599_2055185933264966625_n.jpg","datePublished":"2023-04-26T08:07:54+00:00","dateModified":"2023-11-28T11:35:33+00:00","breadcrumb":{"@id":"https:\/\/www.itakaescolapios.org\/fr\/2023\/04\/english-opening-of-the-third-provincial-chapter-of-central-africa-in-ngoya-cameroon\/#breadcrumb"},"inLanguage":"fr-FR","potentialAction":[{"@type":"ReadAction","target":["https:\/\/www.itakaescolapios.org\/fr\/2023\/04\/english-opening-of-the-third-provincial-chapter-of-central-africa-in-ngoya-cameroon\/"]}]},{"@type":"ImageObject","inLanguage":"fr-FR","@id":"https:\/\/www.itakaescolapios.org\/fr\/2023\/04\/english-opening-of-the-third-provincial-chapter-of-central-africa-in-ngoya-cameroon\/#primaryimage","url":"https:\/\/www.itakaescolapios.org\/wp-content\/uploads\/2023\/04\/342406130_3314586652127599_2055185933264966625_n.jpg","contentUrl":"https:\/\/www.itakaescolapios.org\/wp-content\/uploads\/2023\/04\/342406130_3314586652127599_2055185933264966625_n.jpg","width":1406,"height":736},{"@type":"BreadcrumbList","@id":"https:\/\/www.itakaescolapios.org\/fr\/2023\/04\/english-opening-of-the-third-provincial-chapter-of-central-africa-in-ngoya-cameroon\/#breadcrumb","itemListElement":[{"@type":"ListItem","position":1,"name":"Itaka-Escolapios","item":"https:\/\/www.itakaescolapios.org\/es\/"},{"@type":"ListItem","position":2,"name":"Ouverture du Troisi\u00e8me Chapitre Provincial de l'Afrique centrale \u00e0 Ngoya (Cameroun)"}]},{"@type":"WebSite","@id":"https:\/\/www.itakaescolapios.org\/fr\/es\/#website","url":"https:\/\/www.itakaescolapios.org\/fr\/es\/","name":"Itaka-Escolapios","description":"Red de Itaka-Escolapios","publisher":{"@id":"https:\/\/www.itakaescolapios.org\/fr\/es\/#organization"},"potentialAction":[{"@type":"SearchAction","target":{"@type":"EntryPoint","urlTemplate":"https:\/\/www.itakaescolapios.org\/fr\/es\/?s={search_term_string}"},"query-input":{"@type":"PropertyValueSpecification","valueRequired":true,"valueName":"search_term_string"}}],"inLanguage":"fr-FR"},{"@type":"Organization","@id":"https:\/\/www.itakaescolapios.org\/fr\/es\/#organization","name":"Fundaci\u00f3 Itaka-Escolapios","url":"https:\/\/www.itakaescolapios.org\/fr\/es\/","logo":{"@type":"ImageObject","inLanguage":"fr-FR","@id":"https:\/\/www.itakaescolapios.org\/fr\/es\/#\/schema\/logo\/image\/","url":"https:\/\/www.itakaescolapios.org\/wp-content\/uploads\/2024\/04\/Logo-itakaescolapios-peque.png","contentUrl":"https:\/\/www.itakaescolapios.org\/wp-content\/uploads\/2024\/04\/Logo-itakaescolapios-peque.png","width":500,"height":199,"caption":"Fundaci\u00f3 Itaka-Escolapios"},"image":{"@id":"https:\/\/www.itakaescolapios.org\/fr\/es\/#\/schema\/logo\/image\/"}},{"@type":"Person","@id":"https:\/\/www.itakaescolapios.org\/es\/#\/schema\/person\/d2844383e29bfdfef69039672ce14eb1","name":"cameroun01","url":"https:\/\/www.itakaescolapios.org\/fr\/author\/cameroun01\/"}]}},"_links":{"self":[{"href":"https:\/\/www.itakaescolapios.org\/fr\/wp-json\/wp\/v2\/posts\/41964","targetHints":{"allow":["GET"]}}],"collection":[{"href":"https:\/\/www.itakaescolapios.org\/fr\/wp-json\/wp\/v2\/posts"}],"about":[{"href":"https:\/\/www.itakaescolapios.org\/fr\/wp-json\/wp\/v2\/types\/post"}],"author":[{"embeddable":true,"href":"https:\/\/www.itakaescolapios.org\/fr\/wp-json\/wp\/v2\/users\/15"}],"replies":[{"embeddable":true,"href":"https:\/\/www.itakaescolapios.org\/fr\/wp-json\/wp\/v2\/comments?post=41964"}],"version-history":[{"count":4,"href":"https:\/\/www.itakaescolapios.org\/fr\/wp-json\/wp\/v2\/posts\/41964\/revisions"}],"predecessor-version":[{"id":43613,"href":"https:\/\/www.itakaescolapios.org\/fr\/wp-json\/wp\/v2\/posts\/41964\/revisions\/43613"}],"wp:featuredmedia":[{"embeddable":true,"href":"https:\/\/www.itakaescolapios.org\/fr\/wp-json\/wp\/v2\/media\/41967"}],"wp:attachment":[{"href":"https:\/\/www.itakaescolapios.org\/fr\/wp-json\/wp\/v2\/media?parent=41964"}],"wp:term":[{"taxonomy":"category","embeddable":true,"href":"https:\/\/www.itakaescolapios.org\/fr\/wp-json\/wp\/v2\/categories?post=41964"},{"taxonomy":"post_tag","embeddable":true,"href":"https:\/\/www.itakaescolapios.org\/fr\/wp-json\/wp\/v2\/tags?post=41964"}],"curies":[{"name":"wp","href":"https:\/\/api.w.org\/{rel}","templated":true}]}}