{"id":42070,"date":"2023-05-15T16:47:45","date_gmt":"2023-05-15T15:47:45","guid":{"rendered":"https:\/\/www.itakaescolapios.org\/?p=42070"},"modified":"2023-11-28T12:35:32","modified_gmt":"2023-11-28T11:35:32","slug":"english-pilgrimage-to-abangoh-with-the-calasanz-njengang-ntefinki-bamenda-movement","status":"publish","type":"post","link":"https:\/\/www.itakaescolapios.org\/fr\/2023\/05\/english-pilgrimage-to-abangoh-with-the-calasanz-njengang-ntefinki-bamenda-movement\/","title":{"rendered":"P\u00e8lerinage \u00e0 Abangoh avec le Mouvement Calasanz Njengang &amp; Ntefinki Bamenda"},"content":{"rendered":"<p>Aujourd&rsquo;hui 15 mai 2023 a eu lieu \u00e0 Abangoh le p\u00e9l\u00e9rinage avec le Mouvement Calasanz de Njengang et Ntefinki Bamenda. \u00a0Pendant ce p\u00e8lerinage, les enfants encadr\u00e9s par les Fr\u00e8res du scolasticat de Futru et les volontaires piaristes, sont all\u00e9s au Sanctuaire Notre-Dame de Fatima d\u2019Abangoh o\u00f9 nous avons r\u00e9cit\u00e9 ensemble le chapelet et avons \u00a0re\u00e7us quelques enseignements du fr\u00e8re Fr\u00e8re Henri Cham. Sch.P. Nous sommes par la suite all\u00e9s visiter le site et apr\u00e8s avoir pris un repas commun, nous sommes all\u00e9s en excursion pour la d\u00e9tente. C&rsquo;\u00e9tait un super p\u00e9l\u00e9rinage de pri\u00e8re et une belle excursion pour se d\u00e9tendre\u00a0:tr\u00e8s belle exp\u00e9rience.<\/p>\n<p><img decoding=\"async\" class=\"size-full wp-image-3913 aligncenter\" src=\"https:\/\/piaristesafriquecentrale.org\/wp-content\/uploads\/2023\/05\/WhatsApp-Image-2023-05-15-at-16.13.34-1.jpeg\" alt=\"\" width=\"720\" height=\"540\" \/><\/p>\n<p><img decoding=\"async\" class=\"size-full wp-image-3914 aligncenter\" src=\"https:\/\/piaristesafriquecentrale.org\/wp-content\/uploads\/2023\/05\/WhatsApp-Image-2023-05-15-at-16.13.34.jpeg\" alt=\"\" width=\"720\" height=\"540\" \/><\/p>\n","protected":false},"excerpt":{"rendered":"<p>Aujourd&rsquo;hui 15 mai 2023 a eu lieu \u00e0 Abangoh le p\u00e9l\u00e9rinage avec le Mouvement Calasanz de Njengang et Ntefinki Bamenda. \u00a0Pendant ce p\u00e8lerinage, les enfants encadr\u00e9s par les Fr\u00e8res du [&hellip;]<\/p>\n","protected":false},"author":15,"featured_media":42071,"comment_status":"closed","ping_status":"closed","sticky":false,"template":"","format":"standard","meta":{"_et_pb_use_builder":"","_et_pb_old_content":"","_et_gb_content_width":"","footnotes":""},"categories":[53,10],"tags":[],"class_list":["post-42070","post","type-post","status-publish","format-standard","has-post-thumbnail","hentry","category-africa-central","category-camerun"],"yoast_head":"<!-- This site is optimized with the Yoast SEO plugin v27.4 - https:\/\/yoast.com\/product\/yoast-seo-wordpress\/ -->\n<title>P\u00e8lerinage \u00e0 Abangoh avec le Mouvement Calasanz Njengang &amp; Ntefinki Bamenda<\/title>\n<meta name=\"description\" content=\"Aujourd&#039;hui 15 mai 2023 a eu lieu \u00e0 Abangoh le p\u00e9l\u00e9rinage avec le Mouvement Calasanz de Njengang et Ntefinki Bamenda. \u00a0Pendant ce p\u00e8lerinage, les enfants encadr\u00e9s par les Fr\u00e8res du scolasticat de Futru et les volontaires piaristes, sont all\u00e9s au Sanctuaire Notre-Dame de Fatima d\u2019Abangoh o\u00f9 nous avons r\u00e9cit\u00e9 ensemble le chapelet et avons \u00a0re\u00e7us\u2026\" \/>\n<meta name=\"robots\" content=\"index, follow, max-snippet:-1, max-image-preview:large, max-video-preview:-1\" \/>\n<link rel=\"canonical\" href=\"http:\/\/Aujourd'hui%2015%20mai%202023%20a%20eu%20lieu%20\u00e0%20Abangoh%20le%20p\u00e9l\u00e9rinage%20avec%20le%20Mouvement%20Calasanz%20de%20Njengang%20et%20Ntefinki%20Bamenda.%20\u00a0Pendant%20ce%20p\u00e8lerinage,%20les%20enfants%20encadr\u00e9s%20par%20les%20Fr\u00e8res%20du%20scolasticat%20de%20Futru%20et%20les%20volontaires%20piaristes,%20sont%20all\u00e9s%20au%20Sanctuaire%20Notre-Dame%20de%20Fatima%20d\u2019Abangoh%20o\u00f9%20nous%20avons%20r\u00e9cit\u00e9%20ensemble%20le%20chapelet%20et%20avons%20\u00a0re\u00e7us\u2026\" \/>\n<meta property=\"og:locale\" content=\"fr_FR\" \/>\n<meta property=\"og:type\" content=\"article\" \/>\n<meta property=\"og:title\" content=\"P\u00e8lerinage \u00e0 Abangoh avec le Mouvement Calasanz Njengang &amp; Ntefinki Bamenda\" \/>\n<meta property=\"og:description\" content=\"Aujourd&#039;hui 15 mai 2023 a eu lieu \u00e0 Abangoh le p\u00e9l\u00e9rinage avec le Mouvement Calasanz de Njengang et Ntefinki Bamenda. \u00a0Pendant ce p\u00e8lerinage, les enfants encadr\u00e9s par les Fr\u00e8res du scolasticat de Futru et les volontaires piaristes, sont all\u00e9s au Sanctuaire Notre-Dame de Fatima d\u2019Abangoh o\u00f9 nous avons r\u00e9cit\u00e9 ensemble le chapelet et avons \u00a0re\u00e7us\u2026\" \/>\n<meta property=\"og:url\" content=\"https:\/\/www.itakaescolapios.org\/fr\/2023\/05\/english-pilgrimage-to-abangoh-with-the-calasanz-njengang-ntefinki-bamenda-movement\/\" \/>\n<meta property=\"og:site_name\" content=\"Itaka-Escolapios\" \/>\n<meta property=\"article:published_time\" content=\"2023-05-15T15:47:45+00:00\" \/>\n<meta property=\"article:modified_time\" content=\"2023-11-28T11:35:32+00:00\" \/>\n<meta property=\"og:image\" content=\"https:\/\/www.itakaescolapios.org\/wp-content\/uploads\/2023\/05\/WhatsApp-Image-2023-05-15-at-16.13.33.jpeg\" \/>\n\t<meta property=\"og:image:width\" content=\"720\" \/>\n\t<meta property=\"og:image:height\" content=\"540\" \/>\n\t<meta property=\"og:image:type\" content=\"image\/jpeg\" \/>\n<meta name=\"author\" content=\"cameroun01\" \/>\n<meta name=\"twitter:card\" content=\"summary_large_image\" \/>\n<meta name=\"twitter:label1\" content=\"\u00c9crit par\" \/>\n\t<meta name=\"twitter:data1\" content=\"cameroun01\" \/>\n\t<meta name=\"twitter:label2\" content=\"Dur\u00e9e de lecture estim\u00e9e\" \/>\n\t<meta name=\"twitter:data2\" content=\"1 minute\" \/>\n<script type=\"application\/ld+json\" class=\"yoast-schema-graph\">{\"@context\":\"https:\\\/\\\/schema.org\",\"@graph\":[{\"@type\":\"Article\",\"@id\":\"https:\\\/\\\/www.itakaescolapios.org\\\/fr\\\/2023\\\/05\\\/english-pilgrimage-to-abangoh-with-the-calasanz-njengang-ntefinki-bamenda-movement\\\/#article\",\"isPartOf\":{\"@id\":\"https:\\\/\\\/www.itakaescolapios.org\\\/fr\\\/2023\\\/05\\\/english-pilgrimage-to-abangoh-with-the-calasanz-njengang-ntefinki-bamenda-movement\\\/\"},\"author\":{\"name\":\"cameroun01\",\"@id\":\"https:\\\/\\\/www.itakaescolapios.org\\\/es\\\/#\\\/schema\\\/person\\\/d2844383e29bfdfef69039672ce14eb1\"},\"headline\":\"P\u00e8lerinage \u00e0 Abangoh avec le Mouvement Calasanz Njengang &amp; Ntefinki Bamenda\",\"datePublished\":\"2023-05-15T15:47:45+00:00\",\"dateModified\":\"2023-11-28T11:35:32+00:00\",\"mainEntityOfPage\":{\"@id\":\"https:\\\/\\\/www.itakaescolapios.org\\\/fr\\\/2023\\\/05\\\/english-pilgrimage-to-abangoh-with-the-calasanz-njengang-ntefinki-bamenda-movement\\\/\"},\"wordCount\":117,\"publisher\":{\"@id\":\"https:\\\/\\\/www.itakaescolapios.org\\\/es\\\/#organization\"},\"image\":{\"@id\":\"https:\\\/\\\/www.itakaescolapios.org\\\/fr\\\/2023\\\/05\\\/english-pilgrimage-to-abangoh-with-the-calasanz-njengang-ntefinki-bamenda-movement\\\/#primaryimage\"},\"thumbnailUrl\":\"https:\\\/\\\/www.itakaescolapios.org\\\/wp-content\\\/uploads\\\/2023\\\/05\\\/WhatsApp-Image-2023-05-15-at-16.13.33.jpeg\",\"articleSection\":[\"Afrique centrale\",\"Cameroun\"],\"inLanguage\":\"fr-FR\"},{\"@type\":\"WebPage\",\"@id\":\"https:\\\/\\\/www.itakaescolapios.org\\\/fr\\\/2023\\\/05\\\/english-pilgrimage-to-abangoh-with-the-calasanz-njengang-ntefinki-bamenda-movement\\\/\",\"url\":\"https:\\\/\\\/www.itakaescolapios.org\\\/fr\\\/2023\\\/05\\\/english-pilgrimage-to-abangoh-with-the-calasanz-njengang-ntefinki-bamenda-movement\\\/\",\"name\":\"PEREGRINACION A ABANGOH CON EL MOVIMIENTO CALASANZ NJENGANG & NTEFINKI BAMENDA - Itaka-Escolapios\",\"isPartOf\":{\"@id\":\"https:\\\/\\\/www.itakaescolapios.org\\\/es\\\/#website\"},\"primaryImageOfPage\":{\"@id\":\"https:\\\/\\\/www.itakaescolapios.org\\\/fr\\\/2023\\\/05\\\/english-pilgrimage-to-abangoh-with-the-calasanz-njengang-ntefinki-bamenda-movement\\\/#primaryimage\"},\"image\":{\"@id\":\"https:\\\/\\\/www.itakaescolapios.org\\\/fr\\\/2023\\\/05\\\/english-pilgrimage-to-abangoh-with-the-calasanz-njengang-ntefinki-bamenda-movement\\\/#primaryimage\"},\"thumbnailUrl\":\"https:\\\/\\\/www.itakaescolapios.org\\\/wp-content\\\/uploads\\\/2023\\\/05\\\/WhatsApp-Image-2023-05-15-at-16.13.33.jpeg\",\"datePublished\":\"2023-05-15T15:47:45+00:00\",\"dateModified\":\"2023-11-28T11:35:32+00:00\",\"breadcrumb\":{\"@id\":\"https:\\\/\\\/www.itakaescolapios.org\\\/fr\\\/2023\\\/05\\\/english-pilgrimage-to-abangoh-with-the-calasanz-njengang-ntefinki-bamenda-movement\\\/#breadcrumb\"},\"inLanguage\":\"fr-FR\",\"potentialAction\":[{\"@type\":\"ReadAction\",\"target\":[\"https:\\\/\\\/www.itakaescolapios.org\\\/fr\\\/2023\\\/05\\\/english-pilgrimage-to-abangoh-with-the-calasanz-njengang-ntefinki-bamenda-movement\\\/\"]}]},{\"@type\":\"ImageObject\",\"inLanguage\":\"fr-FR\",\"@id\":\"https:\\\/\\\/www.itakaescolapios.org\\\/fr\\\/2023\\\/05\\\/english-pilgrimage-to-abangoh-with-the-calasanz-njengang-ntefinki-bamenda-movement\\\/#primaryimage\",\"url\":\"https:\\\/\\\/www.itakaescolapios.org\\\/wp-content\\\/uploads\\\/2023\\\/05\\\/WhatsApp-Image-2023-05-15-at-16.13.33.jpeg\",\"contentUrl\":\"https:\\\/\\\/www.itakaescolapios.org\\\/wp-content\\\/uploads\\\/2023\\\/05\\\/WhatsApp-Image-2023-05-15-at-16.13.33.jpeg\",\"width\":720,\"height\":540},{\"@type\":\"BreadcrumbList\",\"@id\":\"https:\\\/\\\/www.itakaescolapios.org\\\/fr\\\/2023\\\/05\\\/english-pilgrimage-to-abangoh-with-the-calasanz-njengang-ntefinki-bamenda-movement\\\/#breadcrumb\",\"itemListElement\":[{\"@type\":\"ListItem\",\"position\":1,\"name\":\"Itaka-Escolapios\",\"item\":\"https:\\\/\\\/www.itakaescolapios.org\\\/es\\\/\"},{\"@type\":\"ListItem\",\"position\":2,\"name\":\"P\u00e8lerinage \u00e0 Abangoh avec le Mouvement Calasanz Njengang &amp; Ntefinki Bamenda\"}]},{\"@type\":\"WebSite\",\"@id\":\"https:\\\/\\\/www.itakaescolapios.org\\\/fr\\\/es\\\/#website\",\"url\":\"https:\\\/\\\/www.itakaescolapios.org\\\/fr\\\/es\\\/\",\"name\":\"Itaka-Escolapios\",\"description\":\"Red de Itaka-Escolapios\",\"publisher\":{\"@id\":\"https:\\\/\\\/www.itakaescolapios.org\\\/fr\\\/es\\\/#organization\"},\"potentialAction\":[{\"@type\":\"SearchAction\",\"target\":{\"@type\":\"EntryPoint\",\"urlTemplate\":\"https:\\\/\\\/www.itakaescolapios.org\\\/fr\\\/es\\\/?s={search_term_string}\"},\"query-input\":{\"@type\":\"PropertyValueSpecification\",\"valueRequired\":true,\"valueName\":\"search_term_string\"}}],\"inLanguage\":\"fr-FR\"},{\"@type\":\"Organization\",\"@id\":\"https:\\\/\\\/www.itakaescolapios.org\\\/fr\\\/es\\\/#organization\",\"name\":\"Fundaci\u00f3 Itaka-Escolapios\",\"url\":\"https:\\\/\\\/www.itakaescolapios.org\\\/fr\\\/es\\\/\",\"logo\":{\"@type\":\"ImageObject\",\"inLanguage\":\"fr-FR\",\"@id\":\"https:\\\/\\\/www.itakaescolapios.org\\\/fr\\\/es\\\/#\\\/schema\\\/logo\\\/image\\\/\",\"url\":\"https:\\\/\\\/www.itakaescolapios.org\\\/wp-content\\\/uploads\\\/2024\\\/04\\\/Logo-itakaescolapios-peque.png\",\"contentUrl\":\"https:\\\/\\\/www.itakaescolapios.org\\\/wp-content\\\/uploads\\\/2024\\\/04\\\/Logo-itakaescolapios-peque.png\",\"width\":500,\"height\":199,\"caption\":\"Fundaci\u00f3 Itaka-Escolapios\"},\"image\":{\"@id\":\"https:\\\/\\\/www.itakaescolapios.org\\\/fr\\\/es\\\/#\\\/schema\\\/logo\\\/image\\\/\"}},{\"@type\":\"Person\",\"@id\":\"https:\\\/\\\/www.itakaescolapios.org\\\/es\\\/#\\\/schema\\\/person\\\/d2844383e29bfdfef69039672ce14eb1\",\"name\":\"cameroun01\",\"url\":\"https:\\\/\\\/www.itakaescolapios.org\\\/fr\\\/author\\\/cameroun01\\\/\"}]}<\/script>\n<!-- \/ Yoast SEO plugin. -->","yoast_head_json":{"title":"P\u00e8lerinage \u00e0 Abangoh avec le Mouvement Calasanz Njengang &amp; Ntefinki Bamenda","description":"Aujourd'hui 15 mai 2023 a eu lieu \u00e0 Abangoh le p\u00e9l\u00e9rinage avec le Mouvement Calasanz de Njengang et Ntefinki Bamenda. \u00a0Pendant ce p\u00e8lerinage, les enfants encadr\u00e9s par les Fr\u00e8res du scolasticat de Futru et les volontaires piaristes, sont all\u00e9s au Sanctuaire Notre-Dame de Fatima d\u2019Abangoh o\u00f9 nous avons r\u00e9cit\u00e9 ensemble le chapelet et avons \u00a0re\u00e7us\u2026","robots":{"index":"index","follow":"follow","max-snippet":"max-snippet:-1","max-image-preview":"max-image-preview:large","max-video-preview":"max-video-preview:-1"},"canonical":"Aujourd'hui 15 mai 2023 a eu lieu \u00e0 Abangoh le p\u00e9l\u00e9rinage avec le Mouvement Calasanz de Njengang et Ntefinki Bamenda. \u00a0Pendant ce p\u00e8lerinage, les enfants encadr\u00e9s par les Fr\u00e8res du scolasticat de Futru et les volontaires piaristes, sont all\u00e9s au Sanctuaire Notre-Dame de Fatima d\u2019Abangoh o\u00f9 nous avons r\u00e9cit\u00e9 ensemble le chapelet et avons \u00a0re\u00e7us\u2026","og_locale":"fr_FR","og_type":"article","og_title":"P\u00e8lerinage \u00e0 Abangoh avec le Mouvement Calasanz Njengang &amp; Ntefinki Bamenda","og_description":"Aujourd'hui 15 mai 2023 a eu lieu \u00e0 Abangoh le p\u00e9l\u00e9rinage avec le Mouvement Calasanz de Njengang et Ntefinki Bamenda. \u00a0Pendant ce p\u00e8lerinage, les enfants encadr\u00e9s par les Fr\u00e8res du scolasticat de Futru et les volontaires piaristes, sont all\u00e9s au Sanctuaire Notre-Dame de Fatima d\u2019Abangoh o\u00f9 nous avons r\u00e9cit\u00e9 ensemble le chapelet et avons \u00a0re\u00e7us\u2026","og_url":"https:\/\/www.itakaescolapios.org\/fr\/2023\/05\/english-pilgrimage-to-abangoh-with-the-calasanz-njengang-ntefinki-bamenda-movement\/","og_site_name":"Itaka-Escolapios","article_published_time":"2023-05-15T15:47:45+00:00","article_modified_time":"2023-11-28T11:35:32+00:00","og_image":[{"width":720,"height":540,"url":"https:\/\/www.itakaescolapios.org\/wp-content\/uploads\/2023\/05\/WhatsApp-Image-2023-05-15-at-16.13.33.jpeg","type":"image\/jpeg"}],"author":"cameroun01","twitter_card":"summary_large_image","twitter_misc":{"\u00c9crit par":"cameroun01","Dur\u00e9e de lecture estim\u00e9e":"1 minute"},"schema":{"@context":"https:\/\/schema.org","@graph":[{"@type":"Article","@id":"https:\/\/www.itakaescolapios.org\/fr\/2023\/05\/english-pilgrimage-to-abangoh-with-the-calasanz-njengang-ntefinki-bamenda-movement\/#article","isPartOf":{"@id":"https:\/\/www.itakaescolapios.org\/fr\/2023\/05\/english-pilgrimage-to-abangoh-with-the-calasanz-njengang-ntefinki-bamenda-movement\/"},"author":{"name":"cameroun01","@id":"https:\/\/www.itakaescolapios.org\/es\/#\/schema\/person\/d2844383e29bfdfef69039672ce14eb1"},"headline":"P\u00e8lerinage \u00e0 Abangoh avec le Mouvement Calasanz Njengang &amp; Ntefinki Bamenda","datePublished":"2023-05-15T15:47:45+00:00","dateModified":"2023-11-28T11:35:32+00:00","mainEntityOfPage":{"@id":"https:\/\/www.itakaescolapios.org\/fr\/2023\/05\/english-pilgrimage-to-abangoh-with-the-calasanz-njengang-ntefinki-bamenda-movement\/"},"wordCount":117,"publisher":{"@id":"https:\/\/www.itakaescolapios.org\/es\/#organization"},"image":{"@id":"https:\/\/www.itakaescolapios.org\/fr\/2023\/05\/english-pilgrimage-to-abangoh-with-the-calasanz-njengang-ntefinki-bamenda-movement\/#primaryimage"},"thumbnailUrl":"https:\/\/www.itakaescolapios.org\/wp-content\/uploads\/2023\/05\/WhatsApp-Image-2023-05-15-at-16.13.33.jpeg","articleSection":["Afrique centrale","Cameroun"],"inLanguage":"fr-FR"},{"@type":"WebPage","@id":"https:\/\/www.itakaescolapios.org\/fr\/2023\/05\/english-pilgrimage-to-abangoh-with-the-calasanz-njengang-ntefinki-bamenda-movement\/","url":"https:\/\/www.itakaescolapios.org\/fr\/2023\/05\/english-pilgrimage-to-abangoh-with-the-calasanz-njengang-ntefinki-bamenda-movement\/","name":"PEREGRINACION A ABANGOH CON EL MOVIMIENTO CALASANZ NJENGANG & NTEFINKI BAMENDA - Itaka-Escolapios","isPartOf":{"@id":"https:\/\/www.itakaescolapios.org\/es\/#website"},"primaryImageOfPage":{"@id":"https:\/\/www.itakaescolapios.org\/fr\/2023\/05\/english-pilgrimage-to-abangoh-with-the-calasanz-njengang-ntefinki-bamenda-movement\/#primaryimage"},"image":{"@id":"https:\/\/www.itakaescolapios.org\/fr\/2023\/05\/english-pilgrimage-to-abangoh-with-the-calasanz-njengang-ntefinki-bamenda-movement\/#primaryimage"},"thumbnailUrl":"https:\/\/www.itakaescolapios.org\/wp-content\/uploads\/2023\/05\/WhatsApp-Image-2023-05-15-at-16.13.33.jpeg","datePublished":"2023-05-15T15:47:45+00:00","dateModified":"2023-11-28T11:35:32+00:00","breadcrumb":{"@id":"https:\/\/www.itakaescolapios.org\/fr\/2023\/05\/english-pilgrimage-to-abangoh-with-the-calasanz-njengang-ntefinki-bamenda-movement\/#breadcrumb"},"inLanguage":"fr-FR","potentialAction":[{"@type":"ReadAction","target":["https:\/\/www.itakaescolapios.org\/fr\/2023\/05\/english-pilgrimage-to-abangoh-with-the-calasanz-njengang-ntefinki-bamenda-movement\/"]}]},{"@type":"ImageObject","inLanguage":"fr-FR","@id":"https:\/\/www.itakaescolapios.org\/fr\/2023\/05\/english-pilgrimage-to-abangoh-with-the-calasanz-njengang-ntefinki-bamenda-movement\/#primaryimage","url":"https:\/\/www.itakaescolapios.org\/wp-content\/uploads\/2023\/05\/WhatsApp-Image-2023-05-15-at-16.13.33.jpeg","contentUrl":"https:\/\/www.itakaescolapios.org\/wp-content\/uploads\/2023\/05\/WhatsApp-Image-2023-05-15-at-16.13.33.jpeg","width":720,"height":540},{"@type":"BreadcrumbList","@id":"https:\/\/www.itakaescolapios.org\/fr\/2023\/05\/english-pilgrimage-to-abangoh-with-the-calasanz-njengang-ntefinki-bamenda-movement\/#breadcrumb","itemListElement":[{"@type":"ListItem","position":1,"name":"Itaka-Escolapios","item":"https:\/\/www.itakaescolapios.org\/es\/"},{"@type":"ListItem","position":2,"name":"P\u00e8lerinage \u00e0 Abangoh avec le Mouvement Calasanz Njengang &amp; Ntefinki Bamenda"}]},{"@type":"WebSite","@id":"https:\/\/www.itakaescolapios.org\/fr\/es\/#website","url":"https:\/\/www.itakaescolapios.org\/fr\/es\/","name":"Itaka-Escolapios","description":"Red de Itaka-Escolapios","publisher":{"@id":"https:\/\/www.itakaescolapios.org\/fr\/es\/#organization"},"potentialAction":[{"@type":"SearchAction","target":{"@type":"EntryPoint","urlTemplate":"https:\/\/www.itakaescolapios.org\/fr\/es\/?s={search_term_string}"},"query-input":{"@type":"PropertyValueSpecification","valueRequired":true,"valueName":"search_term_string"}}],"inLanguage":"fr-FR"},{"@type":"Organization","@id":"https:\/\/www.itakaescolapios.org\/fr\/es\/#organization","name":"Fundaci\u00f3 Itaka-Escolapios","url":"https:\/\/www.itakaescolapios.org\/fr\/es\/","logo":{"@type":"ImageObject","inLanguage":"fr-FR","@id":"https:\/\/www.itakaescolapios.org\/fr\/es\/#\/schema\/logo\/image\/","url":"https:\/\/www.itakaescolapios.org\/wp-content\/uploads\/2024\/04\/Logo-itakaescolapios-peque.png","contentUrl":"https:\/\/www.itakaescolapios.org\/wp-content\/uploads\/2024\/04\/Logo-itakaescolapios-peque.png","width":500,"height":199,"caption":"Fundaci\u00f3 Itaka-Escolapios"},"image":{"@id":"https:\/\/www.itakaescolapios.org\/fr\/es\/#\/schema\/logo\/image\/"}},{"@type":"Person","@id":"https:\/\/www.itakaescolapios.org\/es\/#\/schema\/person\/d2844383e29bfdfef69039672ce14eb1","name":"cameroun01","url":"https:\/\/www.itakaescolapios.org\/fr\/author\/cameroun01\/"}]}},"_links":{"self":[{"href":"https:\/\/www.itakaescolapios.org\/fr\/wp-json\/wp\/v2\/posts\/42070","targetHints":{"allow":["GET"]}}],"collection":[{"href":"https:\/\/www.itakaescolapios.org\/fr\/wp-json\/wp\/v2\/posts"}],"about":[{"href":"https:\/\/www.itakaescolapios.org\/fr\/wp-json\/wp\/v2\/types\/post"}],"author":[{"embeddable":true,"href":"https:\/\/www.itakaescolapios.org\/fr\/wp-json\/wp\/v2\/users\/15"}],"replies":[{"embeddable":true,"href":"https:\/\/www.itakaescolapios.org\/fr\/wp-json\/wp\/v2\/comments?post=42070"}],"version-history":[{"count":4,"href":"https:\/\/www.itakaescolapios.org\/fr\/wp-json\/wp\/v2\/posts\/42070\/revisions"}],"predecessor-version":[{"id":43598,"href":"https:\/\/www.itakaescolapios.org\/fr\/wp-json\/wp\/v2\/posts\/42070\/revisions\/43598"}],"wp:featuredmedia":[{"embeddable":true,"href":"https:\/\/www.itakaescolapios.org\/fr\/wp-json\/wp\/v2\/media\/42071"}],"wp:attachment":[{"href":"https:\/\/www.itakaescolapios.org\/fr\/wp-json\/wp\/v2\/media?parent=42070"}],"wp:term":[{"taxonomy":"category","embeddable":true,"href":"https:\/\/www.itakaescolapios.org\/fr\/wp-json\/wp\/v2\/categories?post=42070"},{"taxonomy":"post_tag","embeddable":true,"href":"https:\/\/www.itakaescolapios.org\/fr\/wp-json\/wp\/v2\/tags?post=42070"}],"curies":[{"name":"wp","href":"https:\/\/api.w.org\/{rel}","templated":true}]}}