{"id":4242,"date":"2012-11-09T10:37:13","date_gmt":"2012-11-09T09:37:13","guid":{"rendered":"https:\/\/www.itakaescolapios.org\/?p=4242"},"modified":"2023-11-28T12:39:34","modified_gmt":"2023-11-28T11:39:34","slug":"bandjoun-inicio-de-la-obra-del-5o-edificio-del-colegio-tecnico-calasanz-ctc","status":"publish","type":"post","link":"https:\/\/www.itakaescolapios.org\/fr\/2012\/11\/bandjoun-inicio-de-la-obra-del-5o-edificio-del-colegio-tecnico-calasanz-ctc\/","title":{"rendered":"Bandjoun-D\u00e9marrage des travaux de construction du 5e b\u00e2timent du Coll\u00e8ge Technique Calasanz (CTC)."},"content":{"rendered":"<p style=\"text-align: justify\"><span style=\"color: #3366ff\">Commenc\u00e9 il y a deux semaines, ce projet vise \u00e0 am\u00e9liorer les conditions d\u2019apprentissage des 303 \u00e9l\u00e8ves du CTC.<\/span><\/p>\n<p style=\"text-align: justify\">L\u2019augmentation des effectifs et des sp\u00e9cialit\u00e9s commande n\u00e9cessairement l\u2019adaptation des structures de notre Centre de Formation Professionnelle. A terme, ces travaux permettront au CTC de disposer d\u2019espaces ad\u00e9quats pour\u00a0: ateliers (Cuisine, \u00c9lectricit\u00e9, Informatique, \u00c9lectrotechnique, \u00c9conomie Sociale et Familiale,\u2026), \u00a0biblioth\u00e8que, chapelle et bureaux. La premi\u00e8re partie des travaux est r\u00e9alis\u00e9e gr\u00e2ce \u00e0 l\u2019appui financier de l\u2019ONGD Manos Unidas \u00e0 qui nous disons merci pour la confiance et la reconnaissance du travail \u00e9ducatif r\u00e9alis\u00e9 au Cameroun par les P\u00e8res Piaristes depuis d\u00e9j\u00e0 25 ans.<\/p>\n","protected":false},"excerpt":{"rendered":"<p>Commenc\u00e9 il y a deux semaines, ce projet vise \u00e0 am\u00e9liorer les conditions d\u2019apprentissage des 303 \u00e9l\u00e8ves du CTC. L\u2019augmentation des effectifs et des sp\u00e9cialit\u00e9s commande n\u00e9cessairement l\u2019adaptation des structures [&hellip;]<\/p>\n","protected":false},"author":16,"featured_media":4243,"comment_status":"closed","ping_status":"closed","sticky":false,"template":"","format":"standard","meta":{"_et_pb_use_builder":"","_et_pb_old_content":"","_et_gb_content_width":"","footnotes":""},"categories":[10],"tags":[],"class_list":["post-4242","post","type-post","status-publish","format-standard","has-post-thumbnail","hentry","category-camerun"],"yoast_head":"<!-- This site is optimized with the Yoast SEO plugin v27.4 - https:\/\/yoast.com\/product\/yoast-seo-wordpress\/ -->\n<title>Bandjoun-D\u00e9marrage des travaux de construction du 5e b\u00e2timent du Coll\u00e8ge Technique Calasanz (CTC).<\/title>\n<meta name=\"description\" content=\"Commenc\u00e9 il y a deux semaines, ce projet vise \u00e0 am\u00e9liorer les conditions d\u2019apprentissage des 303 \u00e9l\u00e8ves du CTC. L\u2019augmentation des effectifs et des sp\u00e9cialit\u00e9s commande n\u00e9cessairement l\u2019adaptation des structures de notre Centre de Formation Professionnelle. A terme, ces travaux permettront au CTC de disposer d\u2019espaces ad\u00e9quats pour\u00a0: ateliers (Cuisine, \u00c9lectricit\u00e9, Informatique, \u00c9lectrotechnique, \u00c9conomie Sociale\u2026\" \/>\n<meta name=\"robots\" content=\"index, follow, max-snippet:-1, max-image-preview:large, max-video-preview:-1\" \/>\n<link rel=\"canonical\" href=\"\" \/>\n<meta property=\"og:locale\" content=\"fr_FR\" \/>\n<meta property=\"og:type\" content=\"article\" \/>\n<meta property=\"og:title\" content=\"Bandjoun-D\u00e9marrage des travaux de construction du 5e b\u00e2timent du Coll\u00e8ge Technique Calasanz (CTC).\" \/>\n<meta property=\"og:description\" content=\"Commenc\u00e9 il y a deux semaines, ce projet vise \u00e0 am\u00e9liorer les conditions d\u2019apprentissage des 303 \u00e9l\u00e8ves du CTC. L\u2019augmentation des effectifs et des sp\u00e9cialit\u00e9s commande n\u00e9cessairement l\u2019adaptation des structures de notre Centre de Formation Professionnelle. A terme, ces travaux permettront au CTC de disposer d\u2019espaces ad\u00e9quats pour\u00a0: ateliers (Cuisine, \u00c9lectricit\u00e9, Informatique, \u00c9lectrotechnique, \u00c9conomie Sociale\u2026\" \/>\n<meta property=\"og:url\" content=\"https:\/\/www.itakaescolapios.org\/fr\/2012\/11\/bandjoun-inicio-de-la-obra-del-5o-edificio-del-colegio-tecnico-calasanz-ctc\/\" \/>\n<meta property=\"og:site_name\" content=\"Itaka-Escolapios\" \/>\n<meta property=\"article:published_time\" content=\"2012-11-09T09:37:13+00:00\" \/>\n<meta property=\"article:modified_time\" content=\"2023-11-28T11:39:34+00:00\" \/>\n<meta property=\"og:image\" content=\"https:\/\/www.itakaescolapios.org\/wp-content\/uploads\/2012\/11\/IMG_0179.jpg\" \/>\n\t<meta property=\"og:image:width\" content=\"314\" \/>\n\t<meta property=\"og:image:height\" content=\"209\" \/>\n\t<meta property=\"og:image:type\" content=\"image\/jpeg\" \/>\n<meta name=\"author\" content=\"cameroun02\" \/>\n<meta name=\"twitter:card\" content=\"summary_large_image\" \/>\n<meta name=\"twitter:label1\" content=\"\u00c9crit par\" \/>\n\t<meta name=\"twitter:data1\" content=\"cameroun02\" \/>\n\t<meta name=\"twitter:label2\" content=\"Dur\u00e9e de lecture estim\u00e9e\" \/>\n\t<meta name=\"twitter:data2\" content=\"1 minute\" \/>\n<script type=\"application\/ld+json\" class=\"yoast-schema-graph\">{\"@context\":\"https:\\\/\\\/schema.org\",\"@graph\":[{\"@type\":\"Article\",\"@id\":\"https:\\\/\\\/www.itakaescolapios.org\\\/fr\\\/2012\\\/11\\\/bandjoun-inicio-de-la-obra-del-5o-edificio-del-colegio-tecnico-calasanz-ctc\\\/#article\",\"isPartOf\":{\"@id\":\"https:\\\/\\\/www.itakaescolapios.org\\\/fr\\\/2012\\\/11\\\/bandjoun-inicio-de-la-obra-del-5o-edificio-del-colegio-tecnico-calasanz-ctc\\\/\"},\"author\":{\"name\":\"cameroun02\",\"@id\":\"https:\\\/\\\/www.itakaescolapios.org\\\/es\\\/#\\\/schema\\\/person\\\/9274f8b80c7385b5aae18a7831c4a9c5\"},\"headline\":\"Bandjoun-D\u00e9marrage des travaux de construction du 5e b\u00e2timent du Coll\u00e8ge Technique Calasanz (CTC).\",\"datePublished\":\"2012-11-09T09:37:13+00:00\",\"dateModified\":\"2023-11-28T11:39:34+00:00\",\"mainEntityOfPage\":{\"@id\":\"https:\\\/\\\/www.itakaescolapios.org\\\/fr\\\/2012\\\/11\\\/bandjoun-inicio-de-la-obra-del-5o-edificio-del-colegio-tecnico-calasanz-ctc\\\/\"},\"wordCount\":130,\"publisher\":{\"@id\":\"https:\\\/\\\/www.itakaescolapios.org\\\/es\\\/#organization\"},\"image\":{\"@id\":\"https:\\\/\\\/www.itakaescolapios.org\\\/fr\\\/2012\\\/11\\\/bandjoun-inicio-de-la-obra-del-5o-edificio-del-colegio-tecnico-calasanz-ctc\\\/#primaryimage\"},\"thumbnailUrl\":\"https:\\\/\\\/www.itakaescolapios.org\\\/wp-content\\\/uploads\\\/2012\\\/11\\\/IMG_0179.jpg\",\"articleSection\":[\"Cameroun\"],\"inLanguage\":\"fr-FR\"},{\"@type\":\"WebPage\",\"@id\":\"https:\\\/\\\/www.itakaescolapios.org\\\/fr\\\/2012\\\/11\\\/bandjoun-inicio-de-la-obra-del-5o-edificio-del-colegio-tecnico-calasanz-ctc\\\/\",\"url\":\"https:\\\/\\\/www.itakaescolapios.org\\\/fr\\\/2012\\\/11\\\/bandjoun-inicio-de-la-obra-del-5o-edificio-del-colegio-tecnico-calasanz-ctc\\\/\",\"name\":\"Bandjoun-Inicio de la obra del 5\u00ba edificio del Colegio T\u00e9cnico Calasanz (CTC). - Itaka-Escolapios\",\"isPartOf\":{\"@id\":\"https:\\\/\\\/www.itakaescolapios.org\\\/es\\\/#website\"},\"primaryImageOfPage\":{\"@id\":\"https:\\\/\\\/www.itakaescolapios.org\\\/fr\\\/2012\\\/11\\\/bandjoun-inicio-de-la-obra-del-5o-edificio-del-colegio-tecnico-calasanz-ctc\\\/#primaryimage\"},\"image\":{\"@id\":\"https:\\\/\\\/www.itakaescolapios.org\\\/fr\\\/2012\\\/11\\\/bandjoun-inicio-de-la-obra-del-5o-edificio-del-colegio-tecnico-calasanz-ctc\\\/#primaryimage\"},\"thumbnailUrl\":\"https:\\\/\\\/www.itakaescolapios.org\\\/wp-content\\\/uploads\\\/2012\\\/11\\\/IMG_0179.jpg\",\"datePublished\":\"2012-11-09T09:37:13+00:00\",\"dateModified\":\"2023-11-28T11:39:34+00:00\",\"breadcrumb\":{\"@id\":\"https:\\\/\\\/www.itakaescolapios.org\\\/fr\\\/2012\\\/11\\\/bandjoun-inicio-de-la-obra-del-5o-edificio-del-colegio-tecnico-calasanz-ctc\\\/#breadcrumb\"},\"inLanguage\":\"fr-FR\",\"potentialAction\":[{\"@type\":\"ReadAction\",\"target\":[\"https:\\\/\\\/www.itakaescolapios.org\\\/fr\\\/2012\\\/11\\\/bandjoun-inicio-de-la-obra-del-5o-edificio-del-colegio-tecnico-calasanz-ctc\\\/\"]}]},{\"@type\":\"ImageObject\",\"inLanguage\":\"fr-FR\",\"@id\":\"https:\\\/\\\/www.itakaescolapios.org\\\/fr\\\/2012\\\/11\\\/bandjoun-inicio-de-la-obra-del-5o-edificio-del-colegio-tecnico-calasanz-ctc\\\/#primaryimage\",\"url\":\"https:\\\/\\\/www.itakaescolapios.org\\\/wp-content\\\/uploads\\\/2012\\\/11\\\/IMG_0179.jpg\",\"contentUrl\":\"https:\\\/\\\/www.itakaescolapios.org\\\/wp-content\\\/uploads\\\/2012\\\/11\\\/IMG_0179.jpg\",\"width\":\"314\",\"height\":\"209\"},{\"@type\":\"BreadcrumbList\",\"@id\":\"https:\\\/\\\/www.itakaescolapios.org\\\/fr\\\/2012\\\/11\\\/bandjoun-inicio-de-la-obra-del-5o-edificio-del-colegio-tecnico-calasanz-ctc\\\/#breadcrumb\",\"itemListElement\":[{\"@type\":\"ListItem\",\"position\":1,\"name\":\"Itaka-Escolapios\",\"item\":\"https:\\\/\\\/www.itakaescolapios.org\\\/es\\\/\"},{\"@type\":\"ListItem\",\"position\":2,\"name\":\"Bandjoun-D\u00e9marrage des travaux de construction du 5e b\u00e2timent du Coll\u00e8ge Technique Calasanz (CTC).\"}]},{\"@type\":\"WebSite\",\"@id\":\"https:\\\/\\\/www.itakaescolapios.org\\\/fr\\\/es\\\/#website\",\"url\":\"https:\\\/\\\/www.itakaescolapios.org\\\/fr\\\/es\\\/\",\"name\":\"Itaka-Escolapios\",\"description\":\"Red de Itaka-Escolapios\",\"publisher\":{\"@id\":\"https:\\\/\\\/www.itakaescolapios.org\\\/fr\\\/es\\\/#organization\"},\"potentialAction\":[{\"@type\":\"SearchAction\",\"target\":{\"@type\":\"EntryPoint\",\"urlTemplate\":\"https:\\\/\\\/www.itakaescolapios.org\\\/fr\\\/es\\\/?s={search_term_string}\"},\"query-input\":{\"@type\":\"PropertyValueSpecification\",\"valueRequired\":true,\"valueName\":\"search_term_string\"}}],\"inLanguage\":\"fr-FR\"},{\"@type\":\"Organization\",\"@id\":\"https:\\\/\\\/www.itakaescolapios.org\\\/fr\\\/es\\\/#organization\",\"name\":\"Fundaci\u00f3 Itaka-Escolapios\",\"url\":\"https:\\\/\\\/www.itakaescolapios.org\\\/fr\\\/es\\\/\",\"logo\":{\"@type\":\"ImageObject\",\"inLanguage\":\"fr-FR\",\"@id\":\"https:\\\/\\\/www.itakaescolapios.org\\\/fr\\\/es\\\/#\\\/schema\\\/logo\\\/image\\\/\",\"url\":\"https:\\\/\\\/www.itakaescolapios.org\\\/wp-content\\\/uploads\\\/2024\\\/04\\\/Logo-itakaescolapios-peque.png\",\"contentUrl\":\"https:\\\/\\\/www.itakaescolapios.org\\\/wp-content\\\/uploads\\\/2024\\\/04\\\/Logo-itakaescolapios-peque.png\",\"width\":500,\"height\":199,\"caption\":\"Fundaci\u00f3 Itaka-Escolapios\"},\"image\":{\"@id\":\"https:\\\/\\\/www.itakaescolapios.org\\\/fr\\\/es\\\/#\\\/schema\\\/logo\\\/image\\\/\"}},{\"@type\":\"Person\",\"@id\":\"https:\\\/\\\/www.itakaescolapios.org\\\/es\\\/#\\\/schema\\\/person\\\/9274f8b80c7385b5aae18a7831c4a9c5\",\"name\":\"cameroun02\",\"url\":\"https:\\\/\\\/www.itakaescolapios.org\\\/fr\\\/author\\\/cameroun02\\\/\"}]}<\/script>\n<!-- \/ Yoast SEO plugin. -->","yoast_head_json":{"title":"Bandjoun-D\u00e9marrage des travaux de construction du 5e b\u00e2timent du Coll\u00e8ge Technique Calasanz (CTC).","description":"Commenc\u00e9 il y a deux semaines, ce projet vise \u00e0 am\u00e9liorer les conditions d\u2019apprentissage des 303 \u00e9l\u00e8ves du CTC. L\u2019augmentation des effectifs et des sp\u00e9cialit\u00e9s commande n\u00e9cessairement l\u2019adaptation des structures de notre Centre de Formation Professionnelle. A terme, ces travaux permettront au CTC de disposer d\u2019espaces ad\u00e9quats pour\u00a0: ateliers (Cuisine, \u00c9lectricit\u00e9, Informatique, \u00c9lectrotechnique, \u00c9conomie Sociale\u2026","robots":{"index":"index","follow":"follow","max-snippet":"max-snippet:-1","max-image-preview":"max-image-preview:large","max-video-preview":"max-video-preview:-1"},"canonical":"Commenc\u00e9 il y a deux semaines, ce projet vise \u00e0 am\u00e9liorer les conditions d\u2019apprentissage des 303 \u00e9l\u00e8ves du CTC. L\u2019augmentation des effectifs et des sp\u00e9cialit\u00e9s commande n\u00e9cessairement l\u2019adaptation des structures de notre Centre de Formation Professionnelle. A terme, ces travaux permettront au CTC de disposer d\u2019espaces ad\u00e9quats pour\u00a0: ateliers (Cuisine, \u00c9lectricit\u00e9, Informatique, \u00c9lectrotechnique, \u00c9conomie Sociale\u2026","og_locale":"fr_FR","og_type":"article","og_title":"Bandjoun-D\u00e9marrage des travaux de construction du 5e b\u00e2timent du Coll\u00e8ge Technique Calasanz (CTC).","og_description":"Commenc\u00e9 il y a deux semaines, ce projet vise \u00e0 am\u00e9liorer les conditions d\u2019apprentissage des 303 \u00e9l\u00e8ves du CTC. L\u2019augmentation des effectifs et des sp\u00e9cialit\u00e9s commande n\u00e9cessairement l\u2019adaptation des structures de notre Centre de Formation Professionnelle. A terme, ces travaux permettront au CTC de disposer d\u2019espaces ad\u00e9quats pour\u00a0: ateliers (Cuisine, \u00c9lectricit\u00e9, Informatique, \u00c9lectrotechnique, \u00c9conomie Sociale\u2026","og_url":"https:\/\/www.itakaescolapios.org\/fr\/2012\/11\/bandjoun-inicio-de-la-obra-del-5o-edificio-del-colegio-tecnico-calasanz-ctc\/","og_site_name":"Itaka-Escolapios","article_published_time":"2012-11-09T09:37:13+00:00","article_modified_time":"2023-11-28T11:39:34+00:00","og_image":[{"width":314,"height":209,"url":"https:\/\/www.itakaescolapios.org\/wp-content\/uploads\/2012\/11\/IMG_0179.jpg","type":"image\/jpeg"}],"author":"cameroun02","twitter_card":"summary_large_image","twitter_misc":{"\u00c9crit par":"cameroun02","Dur\u00e9e de lecture estim\u00e9e":"1 minute"},"schema":{"@context":"https:\/\/schema.org","@graph":[{"@type":"Article","@id":"https:\/\/www.itakaescolapios.org\/fr\/2012\/11\/bandjoun-inicio-de-la-obra-del-5o-edificio-del-colegio-tecnico-calasanz-ctc\/#article","isPartOf":{"@id":"https:\/\/www.itakaescolapios.org\/fr\/2012\/11\/bandjoun-inicio-de-la-obra-del-5o-edificio-del-colegio-tecnico-calasanz-ctc\/"},"author":{"name":"cameroun02","@id":"https:\/\/www.itakaescolapios.org\/es\/#\/schema\/person\/9274f8b80c7385b5aae18a7831c4a9c5"},"headline":"Bandjoun-D\u00e9marrage des travaux de construction du 5e b\u00e2timent du Coll\u00e8ge Technique Calasanz (CTC).","datePublished":"2012-11-09T09:37:13+00:00","dateModified":"2023-11-28T11:39:34+00:00","mainEntityOfPage":{"@id":"https:\/\/www.itakaescolapios.org\/fr\/2012\/11\/bandjoun-inicio-de-la-obra-del-5o-edificio-del-colegio-tecnico-calasanz-ctc\/"},"wordCount":130,"publisher":{"@id":"https:\/\/www.itakaescolapios.org\/es\/#organization"},"image":{"@id":"https:\/\/www.itakaescolapios.org\/fr\/2012\/11\/bandjoun-inicio-de-la-obra-del-5o-edificio-del-colegio-tecnico-calasanz-ctc\/#primaryimage"},"thumbnailUrl":"https:\/\/www.itakaescolapios.org\/wp-content\/uploads\/2012\/11\/IMG_0179.jpg","articleSection":["Cameroun"],"inLanguage":"fr-FR"},{"@type":"WebPage","@id":"https:\/\/www.itakaescolapios.org\/fr\/2012\/11\/bandjoun-inicio-de-la-obra-del-5o-edificio-del-colegio-tecnico-calasanz-ctc\/","url":"https:\/\/www.itakaescolapios.org\/fr\/2012\/11\/bandjoun-inicio-de-la-obra-del-5o-edificio-del-colegio-tecnico-calasanz-ctc\/","name":"Bandjoun-Inicio de la obra del 5\u00ba edificio del Colegio T\u00e9cnico Calasanz (CTC). - Itaka-Escolapios","isPartOf":{"@id":"https:\/\/www.itakaescolapios.org\/es\/#website"},"primaryImageOfPage":{"@id":"https:\/\/www.itakaescolapios.org\/fr\/2012\/11\/bandjoun-inicio-de-la-obra-del-5o-edificio-del-colegio-tecnico-calasanz-ctc\/#primaryimage"},"image":{"@id":"https:\/\/www.itakaescolapios.org\/fr\/2012\/11\/bandjoun-inicio-de-la-obra-del-5o-edificio-del-colegio-tecnico-calasanz-ctc\/#primaryimage"},"thumbnailUrl":"https:\/\/www.itakaescolapios.org\/wp-content\/uploads\/2012\/11\/IMG_0179.jpg","datePublished":"2012-11-09T09:37:13+00:00","dateModified":"2023-11-28T11:39:34+00:00","breadcrumb":{"@id":"https:\/\/www.itakaescolapios.org\/fr\/2012\/11\/bandjoun-inicio-de-la-obra-del-5o-edificio-del-colegio-tecnico-calasanz-ctc\/#breadcrumb"},"inLanguage":"fr-FR","potentialAction":[{"@type":"ReadAction","target":["https:\/\/www.itakaescolapios.org\/fr\/2012\/11\/bandjoun-inicio-de-la-obra-del-5o-edificio-del-colegio-tecnico-calasanz-ctc\/"]}]},{"@type":"ImageObject","inLanguage":"fr-FR","@id":"https:\/\/www.itakaescolapios.org\/fr\/2012\/11\/bandjoun-inicio-de-la-obra-del-5o-edificio-del-colegio-tecnico-calasanz-ctc\/#primaryimage","url":"https:\/\/www.itakaescolapios.org\/wp-content\/uploads\/2012\/11\/IMG_0179.jpg","contentUrl":"https:\/\/www.itakaescolapios.org\/wp-content\/uploads\/2012\/11\/IMG_0179.jpg","width":"314","height":"209"},{"@type":"BreadcrumbList","@id":"https:\/\/www.itakaescolapios.org\/fr\/2012\/11\/bandjoun-inicio-de-la-obra-del-5o-edificio-del-colegio-tecnico-calasanz-ctc\/#breadcrumb","itemListElement":[{"@type":"ListItem","position":1,"name":"Itaka-Escolapios","item":"https:\/\/www.itakaescolapios.org\/es\/"},{"@type":"ListItem","position":2,"name":"Bandjoun-D\u00e9marrage des travaux de construction du 5e b\u00e2timent du Coll\u00e8ge Technique Calasanz (CTC)."}]},{"@type":"WebSite","@id":"https:\/\/www.itakaescolapios.org\/fr\/es\/#website","url":"https:\/\/www.itakaescolapios.org\/fr\/es\/","name":"Itaka-Escolapios","description":"Red de Itaka-Escolapios","publisher":{"@id":"https:\/\/www.itakaescolapios.org\/fr\/es\/#organization"},"potentialAction":[{"@type":"SearchAction","target":{"@type":"EntryPoint","urlTemplate":"https:\/\/www.itakaescolapios.org\/fr\/es\/?s={search_term_string}"},"query-input":{"@type":"PropertyValueSpecification","valueRequired":true,"valueName":"search_term_string"}}],"inLanguage":"fr-FR"},{"@type":"Organization","@id":"https:\/\/www.itakaescolapios.org\/fr\/es\/#organization","name":"Fundaci\u00f3 Itaka-Escolapios","url":"https:\/\/www.itakaescolapios.org\/fr\/es\/","logo":{"@type":"ImageObject","inLanguage":"fr-FR","@id":"https:\/\/www.itakaescolapios.org\/fr\/es\/#\/schema\/logo\/image\/","url":"https:\/\/www.itakaescolapios.org\/wp-content\/uploads\/2024\/04\/Logo-itakaescolapios-peque.png","contentUrl":"https:\/\/www.itakaescolapios.org\/wp-content\/uploads\/2024\/04\/Logo-itakaescolapios-peque.png","width":500,"height":199,"caption":"Fundaci\u00f3 Itaka-Escolapios"},"image":{"@id":"https:\/\/www.itakaescolapios.org\/fr\/es\/#\/schema\/logo\/image\/"}},{"@type":"Person","@id":"https:\/\/www.itakaescolapios.org\/es\/#\/schema\/person\/9274f8b80c7385b5aae18a7831c4a9c5","name":"cameroun02","url":"https:\/\/www.itakaescolapios.org\/fr\/author\/cameroun02\/"}]}},"_links":{"self":[{"href":"https:\/\/www.itakaescolapios.org\/fr\/wp-json\/wp\/v2\/posts\/4242","targetHints":{"allow":["GET"]}}],"collection":[{"href":"https:\/\/www.itakaescolapios.org\/fr\/wp-json\/wp\/v2\/posts"}],"about":[{"href":"https:\/\/www.itakaescolapios.org\/fr\/wp-json\/wp\/v2\/types\/post"}],"author":[{"embeddable":true,"href":"https:\/\/www.itakaescolapios.org\/fr\/wp-json\/wp\/v2\/users\/16"}],"replies":[{"embeddable":true,"href":"https:\/\/www.itakaescolapios.org\/fr\/wp-json\/wp\/v2\/comments?post=4242"}],"version-history":[{"count":9,"href":"https:\/\/www.itakaescolapios.org\/fr\/wp-json\/wp\/v2\/posts\/4242\/revisions"}],"predecessor-version":[{"id":49918,"href":"https:\/\/www.itakaescolapios.org\/fr\/wp-json\/wp\/v2\/posts\/4242\/revisions\/49918"}],"wp:featuredmedia":[{"embeddable":true,"href":"https:\/\/www.itakaescolapios.org\/fr\/wp-json\/wp\/v2\/media\/4243"}],"wp:attachment":[{"href":"https:\/\/www.itakaescolapios.org\/fr\/wp-json\/wp\/v2\/media?parent=4242"}],"wp:term":[{"taxonomy":"category","embeddable":true,"href":"https:\/\/www.itakaescolapios.org\/fr\/wp-json\/wp\/v2\/categories?post=4242"},{"taxonomy":"post_tag","embeddable":true,"href":"https:\/\/www.itakaescolapios.org\/fr\/wp-json\/wp\/v2\/tags?post=4242"}],"curies":[{"name":"wp","href":"https:\/\/api.w.org\/{rel}","templated":true}]}}