{"id":42430,"date":"2023-05-18T14:33:06","date_gmt":"2023-05-18T13:33:06","guid":{"rendered":"https:\/\/www.itakaescolapios.org\/?p=42430"},"modified":"2023-11-28T12:35:32","modified_gmt":"2023-11-28T11:35:32","slug":"english-closing-ceremony-of-the-2022-2023-academic-year-at-the-saint-joseph-calasanz-bilingual-school-complex-in-messamendongo-yaounde","status":"publish","type":"post","link":"https:\/\/www.itakaescolapios.org\/fr\/2023\/05\/english-closing-ceremony-of-the-2022-2023-academic-year-at-the-saint-joseph-calasanz-bilingual-school-complex-in-messamendongo-yaounde\/","title":{"rendered":"C\u00e9r\u00e9monie de cl\u00f4ture de l\u2019ann\u00e9e acad\u00e9mique 2022 2023 au Complexe Scolaire Bilingue Saint Joseph Calasanz de messamendongo Yaound\u00e9"},"content":{"rendered":"<p>Aujourd\u2019hui jeudi 18 mai 2023 a eu lieu au Complexe Scolaire Bilingue Saint Joseph Calasanz de messamendongo Yaound\u00e9 (Centre Cameroun) la c\u00e9r\u00e9monie de cl\u00f4ture pour l\u2019ann\u00e9e acad\u00e9mique 2022-2023. Au programme nous avons eu le rassemblement, la messe, puis la c\u00e9r\u00e9monie de remise des prix. Les \u00e9l\u00e8ves ayant brill\u00e9 par leur assiduit\u00e9, leur bonne conduite et leurs notes ont \u00e9t\u00e9 prim\u00e9s puis les autres \u00e9l\u00e8ves ont re\u00e7u leurs bulletin en salle de classe et c\u2019\u00e9tait la fin de la c\u00e9r\u00e9monie. D\u00e9sormais les classes interm\u00e9diaires sont en vacances. Ne reste plu que ceux devant composer les examens nationaux.<\/p>\n<p><img decoding=\"async\" class=\"size-full wp-image-3920 aligncenter\" src=\"https:\/\/piaristesafriquecentrale.org\/wp-content\/uploads\/2023\/05\/347605963_1276926936579918_2222348860100420163_n.jpg\" alt=\"\" width=\"960\" height=\"720\" \/><\/p>\n<p><img decoding=\"async\" class=\"size-full wp-image-3921 aligncenter\" src=\"https:\/\/piaristesafriquecentrale.org\/wp-content\/uploads\/2023\/05\/347558939_906628113785953_8922956928851281720_n.jpg\" alt=\"\" width=\"960\" height=\"720\" \/><\/p>\n<p><img decoding=\"async\" class=\"size-full wp-image-3922 aligncenter\" src=\"https:\/\/piaristesafriquecentrale.org\/wp-content\/uploads\/2023\/05\/347584561_558137016447077_7145696141042031520_n.jpg\" alt=\"\" width=\"960\" height=\"720\" \/><\/p>\n<p><img decoding=\"async\" class=\"size-full wp-image-3923 aligncenter\" src=\"https:\/\/piaristesafriquecentrale.org\/wp-content\/uploads\/2023\/05\/347796627_1434108174000900_5812971113461236077_n.jpg\" alt=\"\" width=\"960\" height=\"720\" \/><\/p>\n","protected":false},"excerpt":{"rendered":"<p>Aujourd\u2019hui jeudi 18 mai 2023 a eu lieu au Complexe Scolaire Bilingue Saint Joseph Calasanz de messamendongo Yaound\u00e9 (Centre Cameroun) la c\u00e9r\u00e9monie de cl\u00f4ture pour l\u2019ann\u00e9e acad\u00e9mique 2022-2023. Au programme [&hellip;]<\/p>\n","protected":false},"author":15,"featured_media":42431,"comment_status":"closed","ping_status":"closed","sticky":false,"template":"","format":"standard","meta":{"_et_pb_use_builder":"","_et_pb_old_content":"","_et_gb_content_width":"","footnotes":""},"categories":[53,10],"tags":[],"class_list":["post-42430","post","type-post","status-publish","format-standard","has-post-thumbnail","hentry","category-africa-central","category-camerun"],"yoast_head":"<!-- This site is optimized with the Yoast SEO plugin v27.4 - https:\/\/yoast.com\/product\/yoast-seo-wordpress\/ -->\n<title>C\u00e9r\u00e9monie de cl\u00f4ture de l\u2019ann\u00e9e acad\u00e9mique 2022 2023 au Complexe Scolaire Bilingue Saint Joseph Calasanz de messamendongo Yaound\u00e9<\/title>\n<meta name=\"description\" content=\"Aujourd\u2019hui jeudi 18 mai 2023 a eu lieu au Complexe Scolaire Bilingue Saint Joseph Calasanz de messamendongo Yaound\u00e9 (Centre Cameroun) la c\u00e9r\u00e9monie de cl\u00f4ture pour l\u2019ann\u00e9e acad\u00e9mique 2022-2023. Au programme nous avons eu le rassemblement, la messe, puis la c\u00e9r\u00e9monie de remise des prix. Les \u00e9l\u00e8ves ayant brill\u00e9 par leur assiduit\u00e9, leur bonne conduite et\u2026\" \/>\n<meta name=\"robots\" content=\"index, follow, max-snippet:-1, max-image-preview:large, max-video-preview:-1\" \/>\n<link rel=\"canonical\" href=\"http:\/\/Aujourd\u2019hui%20jeudi%2018%20mai%202023%20a%20eu%20lieu%20au%20Complexe%20Scolaire%20Bilingue%20Saint%20Joseph%20Calasanz%20de%20messamendongo%20Yaound\u00e9%20(Centre%20Cameroun)%20la%20c\u00e9r\u00e9monie%20de%20cl\u00f4ture%20pour%20l\u2019ann\u00e9e%20acad\u00e9mique%202022-2023.%20Au%20programme%20nous%20avons%20eu%20le%20rassemblement,%20la%20messe,%20puis%20la%20c\u00e9r\u00e9monie%20de%20remise%20des%20prix.%20Les%20\u00e9l\u00e8ves%20ayant%20brill\u00e9%20par%20leur%20assiduit\u00e9,%20leur%20bonne%20conduite%20et\u2026\" \/>\n<meta property=\"og:locale\" content=\"fr_FR\" \/>\n<meta property=\"og:type\" content=\"article\" \/>\n<meta property=\"og:title\" content=\"C\u00e9r\u00e9monie de cl\u00f4ture de l\u2019ann\u00e9e acad\u00e9mique 2022 2023 au Complexe Scolaire Bilingue Saint Joseph Calasanz de messamendongo Yaound\u00e9\" \/>\n<meta property=\"og:description\" content=\"Aujourd\u2019hui jeudi 18 mai 2023 a eu lieu au Complexe Scolaire Bilingue Saint Joseph Calasanz de messamendongo Yaound\u00e9 (Centre Cameroun) la c\u00e9r\u00e9monie de cl\u00f4ture pour l\u2019ann\u00e9e acad\u00e9mique 2022-2023. Au programme nous avons eu le rassemblement, la messe, puis la c\u00e9r\u00e9monie de remise des prix. Les \u00e9l\u00e8ves ayant brill\u00e9 par leur assiduit\u00e9, leur bonne conduite et\u2026\" \/>\n<meta property=\"og:url\" content=\"https:\/\/www.itakaescolapios.org\/fr\/2023\/05\/english-closing-ceremony-of-the-2022-2023-academic-year-at-the-saint-joseph-calasanz-bilingual-school-complex-in-messamendongo-yaounde\/\" \/>\n<meta property=\"og:site_name\" content=\"Itaka-Escolapios\" \/>\n<meta property=\"article:published_time\" content=\"2023-05-18T13:33:06+00:00\" \/>\n<meta property=\"article:modified_time\" content=\"2023-11-28T11:35:32+00:00\" \/>\n<meta property=\"og:image\" content=\"https:\/\/www.itakaescolapios.org\/wp-content\/uploads\/2023\/05\/347558939_906628113785953_8922956928851281720_n.jpg\" \/>\n\t<meta property=\"og:image:width\" content=\"960\" \/>\n\t<meta property=\"og:image:height\" content=\"720\" \/>\n\t<meta property=\"og:image:type\" content=\"image\/jpeg\" \/>\n<meta name=\"author\" content=\"cameroun01\" \/>\n<meta name=\"twitter:card\" content=\"summary_large_image\" \/>\n<meta name=\"twitter:label1\" content=\"\u00c9crit par\" \/>\n\t<meta name=\"twitter:data1\" content=\"cameroun01\" \/>\n<script type=\"application\/ld+json\" class=\"yoast-schema-graph\">{\"@context\":\"https:\\\/\\\/schema.org\",\"@graph\":[{\"@type\":\"Article\",\"@id\":\"https:\\\/\\\/www.itakaescolapios.org\\\/fr\\\/2023\\\/05\\\/english-closing-ceremony-of-the-2022-2023-academic-year-at-the-saint-joseph-calasanz-bilingual-school-complex-in-messamendongo-yaounde\\\/#article\",\"isPartOf\":{\"@id\":\"https:\\\/\\\/www.itakaescolapios.org\\\/fr\\\/2023\\\/05\\\/english-closing-ceremony-of-the-2022-2023-academic-year-at-the-saint-joseph-calasanz-bilingual-school-complex-in-messamendongo-yaounde\\\/\"},\"author\":{\"name\":\"cameroun01\",\"@id\":\"https:\\\/\\\/www.itakaescolapios.org\\\/es\\\/#\\\/schema\\\/person\\\/d2844383e29bfdfef69039672ce14eb1\"},\"headline\":\"C\u00e9r\u00e9monie de cl\u00f4ture de l\u2019ann\u00e9e acad\u00e9mique 2022 2023 au Complexe Scolaire Bilingue Saint Joseph Calasanz de messamendongo Yaound\u00e9\",\"datePublished\":\"2023-05-18T13:33:06+00:00\",\"dateModified\":\"2023-11-28T11:35:32+00:00\",\"mainEntityOfPage\":{\"@id\":\"https:\\\/\\\/www.itakaescolapios.org\\\/fr\\\/2023\\\/05\\\/english-closing-ceremony-of-the-2022-2023-academic-year-at-the-saint-joseph-calasanz-bilingual-school-complex-in-messamendongo-yaounde\\\/\"},\"wordCount\":120,\"publisher\":{\"@id\":\"https:\\\/\\\/www.itakaescolapios.org\\\/es\\\/#organization\"},\"image\":{\"@id\":\"https:\\\/\\\/www.itakaescolapios.org\\\/fr\\\/2023\\\/05\\\/english-closing-ceremony-of-the-2022-2023-academic-year-at-the-saint-joseph-calasanz-bilingual-school-complex-in-messamendongo-yaounde\\\/#primaryimage\"},\"thumbnailUrl\":\"https:\\\/\\\/www.itakaescolapios.org\\\/wp-content\\\/uploads\\\/2023\\\/05\\\/347558939_906628113785953_8922956928851281720_n.jpg\",\"articleSection\":[\"Afrique centrale\",\"Cameroun\"],\"inLanguage\":\"fr-FR\"},{\"@type\":\"WebPage\",\"@id\":\"https:\\\/\\\/www.itakaescolapios.org\\\/fr\\\/2023\\\/05\\\/english-closing-ceremony-of-the-2022-2023-academic-year-at-the-saint-joseph-calasanz-bilingual-school-complex-in-messamendongo-yaounde\\\/\",\"url\":\"https:\\\/\\\/www.itakaescolapios.org\\\/fr\\\/2023\\\/05\\\/english-closing-ceremony-of-the-2022-2023-academic-year-at-the-saint-joseph-calasanz-bilingual-school-complex-in-messamendongo-yaounde\\\/\",\"name\":\"CEREMONIA DE CLAUSURA DEL A\u00d1O ACAD\u00c9MICO 2022-2023 EN EL COMPLEJO ESCOLAR BILING\u00dcE SAINT JOSEPH CALASANZ DE MESSAMENDONGO YAOUND\u00c9 - Itaka-Escolapios\",\"isPartOf\":{\"@id\":\"https:\\\/\\\/www.itakaescolapios.org\\\/es\\\/#website\"},\"primaryImageOfPage\":{\"@id\":\"https:\\\/\\\/www.itakaescolapios.org\\\/fr\\\/2023\\\/05\\\/english-closing-ceremony-of-the-2022-2023-academic-year-at-the-saint-joseph-calasanz-bilingual-school-complex-in-messamendongo-yaounde\\\/#primaryimage\"},\"image\":{\"@id\":\"https:\\\/\\\/www.itakaescolapios.org\\\/fr\\\/2023\\\/05\\\/english-closing-ceremony-of-the-2022-2023-academic-year-at-the-saint-joseph-calasanz-bilingual-school-complex-in-messamendongo-yaounde\\\/#primaryimage\"},\"thumbnailUrl\":\"https:\\\/\\\/www.itakaescolapios.org\\\/wp-content\\\/uploads\\\/2023\\\/05\\\/347558939_906628113785953_8922956928851281720_n.jpg\",\"datePublished\":\"2023-05-18T13:33:06+00:00\",\"dateModified\":\"2023-11-28T11:35:32+00:00\",\"breadcrumb\":{\"@id\":\"https:\\\/\\\/www.itakaescolapios.org\\\/fr\\\/2023\\\/05\\\/english-closing-ceremony-of-the-2022-2023-academic-year-at-the-saint-joseph-calasanz-bilingual-school-complex-in-messamendongo-yaounde\\\/#breadcrumb\"},\"inLanguage\":\"fr-FR\",\"potentialAction\":[{\"@type\":\"ReadAction\",\"target\":[\"https:\\\/\\\/www.itakaescolapios.org\\\/fr\\\/2023\\\/05\\\/english-closing-ceremony-of-the-2022-2023-academic-year-at-the-saint-joseph-calasanz-bilingual-school-complex-in-messamendongo-yaounde\\\/\"]}]},{\"@type\":\"ImageObject\",\"inLanguage\":\"fr-FR\",\"@id\":\"https:\\\/\\\/www.itakaescolapios.org\\\/fr\\\/2023\\\/05\\\/english-closing-ceremony-of-the-2022-2023-academic-year-at-the-saint-joseph-calasanz-bilingual-school-complex-in-messamendongo-yaounde\\\/#primaryimage\",\"url\":\"https:\\\/\\\/www.itakaescolapios.org\\\/wp-content\\\/uploads\\\/2023\\\/05\\\/347558939_906628113785953_8922956928851281720_n.jpg\",\"contentUrl\":\"https:\\\/\\\/www.itakaescolapios.org\\\/wp-content\\\/uploads\\\/2023\\\/05\\\/347558939_906628113785953_8922956928851281720_n.jpg\",\"width\":960,\"height\":720},{\"@type\":\"BreadcrumbList\",\"@id\":\"https:\\\/\\\/www.itakaescolapios.org\\\/fr\\\/2023\\\/05\\\/english-closing-ceremony-of-the-2022-2023-academic-year-at-the-saint-joseph-calasanz-bilingual-school-complex-in-messamendongo-yaounde\\\/#breadcrumb\",\"itemListElement\":[{\"@type\":\"ListItem\",\"position\":1,\"name\":\"Itaka-Escolapios\",\"item\":\"https:\\\/\\\/www.itakaescolapios.org\\\/es\\\/\"},{\"@type\":\"ListItem\",\"position\":2,\"name\":\"C\u00e9r\u00e9monie de cl\u00f4ture de l\u2019ann\u00e9e acad\u00e9mique 2022 2023 au Complexe Scolaire Bilingue Saint Joseph Calasanz de messamendongo Yaound\u00e9\"}]},{\"@type\":\"WebSite\",\"@id\":\"https:\\\/\\\/www.itakaescolapios.org\\\/fr\\\/es\\\/#website\",\"url\":\"https:\\\/\\\/www.itakaescolapios.org\\\/fr\\\/es\\\/\",\"name\":\"Itaka-Escolapios\",\"description\":\"Red de Itaka-Escolapios\",\"publisher\":{\"@id\":\"https:\\\/\\\/www.itakaescolapios.org\\\/fr\\\/es\\\/#organization\"},\"potentialAction\":[{\"@type\":\"SearchAction\",\"target\":{\"@type\":\"EntryPoint\",\"urlTemplate\":\"https:\\\/\\\/www.itakaescolapios.org\\\/fr\\\/es\\\/?s={search_term_string}\"},\"query-input\":{\"@type\":\"PropertyValueSpecification\",\"valueRequired\":true,\"valueName\":\"search_term_string\"}}],\"inLanguage\":\"fr-FR\"},{\"@type\":\"Organization\",\"@id\":\"https:\\\/\\\/www.itakaescolapios.org\\\/fr\\\/es\\\/#organization\",\"name\":\"Fundaci\u00f3 Itaka-Escolapios\",\"url\":\"https:\\\/\\\/www.itakaescolapios.org\\\/fr\\\/es\\\/\",\"logo\":{\"@type\":\"ImageObject\",\"inLanguage\":\"fr-FR\",\"@id\":\"https:\\\/\\\/www.itakaescolapios.org\\\/fr\\\/es\\\/#\\\/schema\\\/logo\\\/image\\\/\",\"url\":\"https:\\\/\\\/www.itakaescolapios.org\\\/wp-content\\\/uploads\\\/2024\\\/04\\\/Logo-itakaescolapios-peque.png\",\"contentUrl\":\"https:\\\/\\\/www.itakaescolapios.org\\\/wp-content\\\/uploads\\\/2024\\\/04\\\/Logo-itakaescolapios-peque.png\",\"width\":500,\"height\":199,\"caption\":\"Fundaci\u00f3 Itaka-Escolapios\"},\"image\":{\"@id\":\"https:\\\/\\\/www.itakaescolapios.org\\\/fr\\\/es\\\/#\\\/schema\\\/logo\\\/image\\\/\"}},{\"@type\":\"Person\",\"@id\":\"https:\\\/\\\/www.itakaescolapios.org\\\/es\\\/#\\\/schema\\\/person\\\/d2844383e29bfdfef69039672ce14eb1\",\"name\":\"cameroun01\",\"url\":\"https:\\\/\\\/www.itakaescolapios.org\\\/fr\\\/author\\\/cameroun01\\\/\"}]}<\/script>\n<!-- \/ Yoast SEO plugin. -->","yoast_head_json":{"title":"C\u00e9r\u00e9monie de cl\u00f4ture de l\u2019ann\u00e9e acad\u00e9mique 2022 2023 au Complexe Scolaire Bilingue Saint Joseph Calasanz de messamendongo Yaound\u00e9","description":"Aujourd\u2019hui jeudi 18 mai 2023 a eu lieu au Complexe Scolaire Bilingue Saint Joseph Calasanz de messamendongo Yaound\u00e9 (Centre Cameroun) la c\u00e9r\u00e9monie de cl\u00f4ture pour l\u2019ann\u00e9e acad\u00e9mique 2022-2023. Au programme nous avons eu le rassemblement, la messe, puis la c\u00e9r\u00e9monie de remise des prix. Les \u00e9l\u00e8ves ayant brill\u00e9 par leur assiduit\u00e9, leur bonne conduite et\u2026","robots":{"index":"index","follow":"follow","max-snippet":"max-snippet:-1","max-image-preview":"max-image-preview:large","max-video-preview":"max-video-preview:-1"},"canonical":"Aujourd\u2019hui jeudi 18 mai 2023 a eu lieu au Complexe Scolaire Bilingue Saint Joseph Calasanz de messamendongo Yaound\u00e9 (Centre Cameroun) la c\u00e9r\u00e9monie de cl\u00f4ture pour l\u2019ann\u00e9e acad\u00e9mique 2022-2023. Au programme nous avons eu le rassemblement, la messe, puis la c\u00e9r\u00e9monie de remise des prix. Les \u00e9l\u00e8ves ayant brill\u00e9 par leur assiduit\u00e9, leur bonne conduite et\u2026","og_locale":"fr_FR","og_type":"article","og_title":"C\u00e9r\u00e9monie de cl\u00f4ture de l\u2019ann\u00e9e acad\u00e9mique 2022 2023 au Complexe Scolaire Bilingue Saint Joseph Calasanz de messamendongo Yaound\u00e9","og_description":"Aujourd\u2019hui jeudi 18 mai 2023 a eu lieu au Complexe Scolaire Bilingue Saint Joseph Calasanz de messamendongo Yaound\u00e9 (Centre Cameroun) la c\u00e9r\u00e9monie de cl\u00f4ture pour l\u2019ann\u00e9e acad\u00e9mique 2022-2023. Au programme nous avons eu le rassemblement, la messe, puis la c\u00e9r\u00e9monie de remise des prix. Les \u00e9l\u00e8ves ayant brill\u00e9 par leur assiduit\u00e9, leur bonne conduite et\u2026","og_url":"https:\/\/www.itakaescolapios.org\/fr\/2023\/05\/english-closing-ceremony-of-the-2022-2023-academic-year-at-the-saint-joseph-calasanz-bilingual-school-complex-in-messamendongo-yaounde\/","og_site_name":"Itaka-Escolapios","article_published_time":"2023-05-18T13:33:06+00:00","article_modified_time":"2023-11-28T11:35:32+00:00","og_image":[{"width":960,"height":720,"url":"https:\/\/www.itakaescolapios.org\/wp-content\/uploads\/2023\/05\/347558939_906628113785953_8922956928851281720_n.jpg","type":"image\/jpeg"}],"author":"cameroun01","twitter_card":"summary_large_image","twitter_misc":{"\u00c9crit par":"cameroun01"},"schema":{"@context":"https:\/\/schema.org","@graph":[{"@type":"Article","@id":"https:\/\/www.itakaescolapios.org\/fr\/2023\/05\/english-closing-ceremony-of-the-2022-2023-academic-year-at-the-saint-joseph-calasanz-bilingual-school-complex-in-messamendongo-yaounde\/#article","isPartOf":{"@id":"https:\/\/www.itakaescolapios.org\/fr\/2023\/05\/english-closing-ceremony-of-the-2022-2023-academic-year-at-the-saint-joseph-calasanz-bilingual-school-complex-in-messamendongo-yaounde\/"},"author":{"name":"cameroun01","@id":"https:\/\/www.itakaescolapios.org\/es\/#\/schema\/person\/d2844383e29bfdfef69039672ce14eb1"},"headline":"C\u00e9r\u00e9monie de cl\u00f4ture de l\u2019ann\u00e9e acad\u00e9mique 2022 2023 au Complexe Scolaire Bilingue Saint Joseph Calasanz de messamendongo Yaound\u00e9","datePublished":"2023-05-18T13:33:06+00:00","dateModified":"2023-11-28T11:35:32+00:00","mainEntityOfPage":{"@id":"https:\/\/www.itakaescolapios.org\/fr\/2023\/05\/english-closing-ceremony-of-the-2022-2023-academic-year-at-the-saint-joseph-calasanz-bilingual-school-complex-in-messamendongo-yaounde\/"},"wordCount":120,"publisher":{"@id":"https:\/\/www.itakaescolapios.org\/es\/#organization"},"image":{"@id":"https:\/\/www.itakaescolapios.org\/fr\/2023\/05\/english-closing-ceremony-of-the-2022-2023-academic-year-at-the-saint-joseph-calasanz-bilingual-school-complex-in-messamendongo-yaounde\/#primaryimage"},"thumbnailUrl":"https:\/\/www.itakaescolapios.org\/wp-content\/uploads\/2023\/05\/347558939_906628113785953_8922956928851281720_n.jpg","articleSection":["Afrique centrale","Cameroun"],"inLanguage":"fr-FR"},{"@type":"WebPage","@id":"https:\/\/www.itakaescolapios.org\/fr\/2023\/05\/english-closing-ceremony-of-the-2022-2023-academic-year-at-the-saint-joseph-calasanz-bilingual-school-complex-in-messamendongo-yaounde\/","url":"https:\/\/www.itakaescolapios.org\/fr\/2023\/05\/english-closing-ceremony-of-the-2022-2023-academic-year-at-the-saint-joseph-calasanz-bilingual-school-complex-in-messamendongo-yaounde\/","name":"CEREMONIA DE CLAUSURA DEL A\u00d1O ACAD\u00c9MICO 2022-2023 EN EL COMPLEJO ESCOLAR BILING\u00dcE SAINT JOSEPH CALASANZ DE MESSAMENDONGO YAOUND\u00c9 - Itaka-Escolapios","isPartOf":{"@id":"https:\/\/www.itakaescolapios.org\/es\/#website"},"primaryImageOfPage":{"@id":"https:\/\/www.itakaescolapios.org\/fr\/2023\/05\/english-closing-ceremony-of-the-2022-2023-academic-year-at-the-saint-joseph-calasanz-bilingual-school-complex-in-messamendongo-yaounde\/#primaryimage"},"image":{"@id":"https:\/\/www.itakaescolapios.org\/fr\/2023\/05\/english-closing-ceremony-of-the-2022-2023-academic-year-at-the-saint-joseph-calasanz-bilingual-school-complex-in-messamendongo-yaounde\/#primaryimage"},"thumbnailUrl":"https:\/\/www.itakaescolapios.org\/wp-content\/uploads\/2023\/05\/347558939_906628113785953_8922956928851281720_n.jpg","datePublished":"2023-05-18T13:33:06+00:00","dateModified":"2023-11-28T11:35:32+00:00","breadcrumb":{"@id":"https:\/\/www.itakaescolapios.org\/fr\/2023\/05\/english-closing-ceremony-of-the-2022-2023-academic-year-at-the-saint-joseph-calasanz-bilingual-school-complex-in-messamendongo-yaounde\/#breadcrumb"},"inLanguage":"fr-FR","potentialAction":[{"@type":"ReadAction","target":["https:\/\/www.itakaescolapios.org\/fr\/2023\/05\/english-closing-ceremony-of-the-2022-2023-academic-year-at-the-saint-joseph-calasanz-bilingual-school-complex-in-messamendongo-yaounde\/"]}]},{"@type":"ImageObject","inLanguage":"fr-FR","@id":"https:\/\/www.itakaescolapios.org\/fr\/2023\/05\/english-closing-ceremony-of-the-2022-2023-academic-year-at-the-saint-joseph-calasanz-bilingual-school-complex-in-messamendongo-yaounde\/#primaryimage","url":"https:\/\/www.itakaescolapios.org\/wp-content\/uploads\/2023\/05\/347558939_906628113785953_8922956928851281720_n.jpg","contentUrl":"https:\/\/www.itakaescolapios.org\/wp-content\/uploads\/2023\/05\/347558939_906628113785953_8922956928851281720_n.jpg","width":960,"height":720},{"@type":"BreadcrumbList","@id":"https:\/\/www.itakaescolapios.org\/fr\/2023\/05\/english-closing-ceremony-of-the-2022-2023-academic-year-at-the-saint-joseph-calasanz-bilingual-school-complex-in-messamendongo-yaounde\/#breadcrumb","itemListElement":[{"@type":"ListItem","position":1,"name":"Itaka-Escolapios","item":"https:\/\/www.itakaescolapios.org\/es\/"},{"@type":"ListItem","position":2,"name":"C\u00e9r\u00e9monie de cl\u00f4ture de l\u2019ann\u00e9e acad\u00e9mique 2022 2023 au Complexe Scolaire Bilingue Saint Joseph Calasanz de messamendongo Yaound\u00e9"}]},{"@type":"WebSite","@id":"https:\/\/www.itakaescolapios.org\/fr\/es\/#website","url":"https:\/\/www.itakaescolapios.org\/fr\/es\/","name":"Itaka-Escolapios","description":"Red de Itaka-Escolapios","publisher":{"@id":"https:\/\/www.itakaescolapios.org\/fr\/es\/#organization"},"potentialAction":[{"@type":"SearchAction","target":{"@type":"EntryPoint","urlTemplate":"https:\/\/www.itakaescolapios.org\/fr\/es\/?s={search_term_string}"},"query-input":{"@type":"PropertyValueSpecification","valueRequired":true,"valueName":"search_term_string"}}],"inLanguage":"fr-FR"},{"@type":"Organization","@id":"https:\/\/www.itakaescolapios.org\/fr\/es\/#organization","name":"Fundaci\u00f3 Itaka-Escolapios","url":"https:\/\/www.itakaescolapios.org\/fr\/es\/","logo":{"@type":"ImageObject","inLanguage":"fr-FR","@id":"https:\/\/www.itakaescolapios.org\/fr\/es\/#\/schema\/logo\/image\/","url":"https:\/\/www.itakaescolapios.org\/wp-content\/uploads\/2024\/04\/Logo-itakaescolapios-peque.png","contentUrl":"https:\/\/www.itakaescolapios.org\/wp-content\/uploads\/2024\/04\/Logo-itakaescolapios-peque.png","width":500,"height":199,"caption":"Fundaci\u00f3 Itaka-Escolapios"},"image":{"@id":"https:\/\/www.itakaescolapios.org\/fr\/es\/#\/schema\/logo\/image\/"}},{"@type":"Person","@id":"https:\/\/www.itakaescolapios.org\/es\/#\/schema\/person\/d2844383e29bfdfef69039672ce14eb1","name":"cameroun01","url":"https:\/\/www.itakaescolapios.org\/fr\/author\/cameroun01\/"}]}},"_links":{"self":[{"href":"https:\/\/www.itakaescolapios.org\/fr\/wp-json\/wp\/v2\/posts\/42430","targetHints":{"allow":["GET"]}}],"collection":[{"href":"https:\/\/www.itakaescolapios.org\/fr\/wp-json\/wp\/v2\/posts"}],"about":[{"href":"https:\/\/www.itakaescolapios.org\/fr\/wp-json\/wp\/v2\/types\/post"}],"author":[{"embeddable":true,"href":"https:\/\/www.itakaescolapios.org\/fr\/wp-json\/wp\/v2\/users\/15"}],"replies":[{"embeddable":true,"href":"https:\/\/www.itakaescolapios.org\/fr\/wp-json\/wp\/v2\/comments?post=42430"}],"version-history":[{"count":4,"href":"https:\/\/www.itakaescolapios.org\/fr\/wp-json\/wp\/v2\/posts\/42430\/revisions"}],"predecessor-version":[{"id":43594,"href":"https:\/\/www.itakaescolapios.org\/fr\/wp-json\/wp\/v2\/posts\/42430\/revisions\/43594"}],"wp:featuredmedia":[{"embeddable":true,"href":"https:\/\/www.itakaescolapios.org\/fr\/wp-json\/wp\/v2\/media\/42431"}],"wp:attachment":[{"href":"https:\/\/www.itakaescolapios.org\/fr\/wp-json\/wp\/v2\/media?parent=42430"}],"wp:term":[{"taxonomy":"category","embeddable":true,"href":"https:\/\/www.itakaescolapios.org\/fr\/wp-json\/wp\/v2\/categories?post=42430"},{"taxonomy":"post_tag","embeddable":true,"href":"https:\/\/www.itakaescolapios.org\/fr\/wp-json\/wp\/v2\/tags?post=42430"}],"curies":[{"name":"wp","href":"https:\/\/api.w.org\/{rel}","templated":true}]}}