{"id":42531,"date":"2023-06-07T12:31:48","date_gmt":"2023-06-07T11:31:48","guid":{"rendered":"https:\/\/www.itakaescolapios.org\/?p=42531"},"modified":"2023-11-28T12:35:32","modified_gmt":"2023-11-28T11:35:32","slug":"english-calasanz-movement-day-celebration-and-graduation-to-pioneer-group-of-st-joseph-calasanz-kindergarten-and-primary-school-kiyan","status":"publish","type":"post","link":"https:\/\/www.itakaescolapios.org\/fr\/2023\/06\/english-calasanz-movement-day-celebration-and-graduation-to-pioneer-group-of-st-joseph-calasanz-kindergarten-and-primary-school-kiyan\/","title":{"rendered":"C\u00e9l\u00e9bration de la journ\u00e9e du mouvement Calasanz et remise des dipl\u00f4mes au groupe de pionniers de l'\u00e9cole maternelle et primaire saint Joseph de Calasanz, Kiyan"},"content":{"rendered":"<p>Samedi dernier 02 juin 2023 a eu lieu \u00e0 Kiyan (Nord-Ouest Cameroun), la c\u00e9l\u00e9bration de la journ\u00e9e du mouvement Calasanz et la remise\u00a0 des dipl\u00f4mes au groupe de pionniers de l\u2019\u00e9cole maternelle et primaire Saint Joseph Calasanz de Kiyan. Au programme nous avons eu au pr\u00e9alable la messe, la pr\u00e9sentation sur la vie de Glecerio labdriani, la remise des bulletins et parchemins aux enfants puis les jeux de soci\u00e9t\u00e9. C\u2019\u00e9tait un joli moment de d\u00e9tente et d\u2019au revoir pour les \u00e9l\u00e8ves et le corps administratif. Ce sont d\u00e9sormais les vacances \u00e0 Kiyan rendez-vous l\u2019ann\u00e9e prochaine.<\/p>\n<p>&nbsp;<\/p>\n<p><img decoding=\"async\" class=\"size-full wp-image-42534 aligncenter\" src=\"https:\/\/www.itakaescolapios.org\/wp-content\/uploads\/2023\/06\/WhatsApp-Image-2023-06-03-at-16.06.01-1.jpeg\" alt=\"\" width=\"1008\" height=\"567\" srcset=\"https:\/\/www.itakaescolapios.org\/wp-content\/uploads\/2023\/06\/WhatsApp-Image-2023-06-03-at-16.06.01-1.jpeg 1008w, https:\/\/www.itakaescolapios.org\/wp-content\/uploads\/2023\/06\/WhatsApp-Image-2023-06-03-at-16.06.01-1-300x169.jpeg 300w, https:\/\/www.itakaescolapios.org\/wp-content\/uploads\/2023\/06\/WhatsApp-Image-2023-06-03-at-16.06.01-1-768x432.jpeg 768w, https:\/\/www.itakaescolapios.org\/wp-content\/uploads\/2023\/06\/WhatsApp-Image-2023-06-03-at-16.06.01-1-250x141.jpeg 250w\" sizes=\"(max-width: 1008px) 100vw, 1008px\" \/><\/p>\n<p><img decoding=\"async\" class=\"size-full wp-image-42535 aligncenter\" src=\"https:\/\/www.itakaescolapios.org\/wp-content\/uploads\/2023\/06\/WhatsApp-Image-2023-06-03-at-16.06.01.jpeg\" alt=\"\" width=\"1008\" height=\"567\" srcset=\"https:\/\/www.itakaescolapios.org\/wp-content\/uploads\/2023\/06\/WhatsApp-Image-2023-06-03-at-16.06.01.jpeg 1008w, https:\/\/www.itakaescolapios.org\/wp-content\/uploads\/2023\/06\/WhatsApp-Image-2023-06-03-at-16.06.01-300x169.jpeg 300w, https:\/\/www.itakaescolapios.org\/wp-content\/uploads\/2023\/06\/WhatsApp-Image-2023-06-03-at-16.06.01-768x432.jpeg 768w, https:\/\/www.itakaescolapios.org\/wp-content\/uploads\/2023\/06\/WhatsApp-Image-2023-06-03-at-16.06.01-250x141.jpeg 250w\" sizes=\"(max-width: 1008px) 100vw, 1008px\" \/><\/p>\n","protected":false},"excerpt":{"rendered":"<p>Samedi dernier 02 juin 2023 a eu lieu \u00e0 Kiyan (Nord-Ouest Cameroun), la c\u00e9l\u00e9bration de la journ\u00e9e du mouvement Calasanz et la remise\u00a0 des dipl\u00f4mes au groupe de pionniers de [&hellip;]<\/p>\n","protected":false},"author":15,"featured_media":42533,"comment_status":"closed","ping_status":"closed","sticky":false,"template":"","format":"standard","meta":{"_et_pb_use_builder":"","_et_pb_old_content":"","_et_gb_content_width":"","footnotes":""},"categories":[53,10],"tags":[],"class_list":["post-42531","post","type-post","status-publish","format-standard","has-post-thumbnail","hentry","category-africa-central","category-camerun"],"yoast_head":"<!-- This site is optimized with the Yoast SEO plugin v27.4 - https:\/\/yoast.com\/product\/yoast-seo-wordpress\/ -->\n<title>C\u00e9l\u00e9bration de la journ\u00e9e du mouvement Calasanz et remise des dipl\u00f4mes au groupe de pionniers de l&#039;\u00e9cole maternelle et primaire saint Joseph de Calasanz, Kiyan<\/title>\n<meta name=\"description\" content=\"Samedi dernier 02 juin 2023 a eu lieu \u00e0 Kiyan (Nord-Ouest Cameroun), la c\u00e9l\u00e9bration de la journ\u00e9e du mouvement Calasanz et la remise\u00a0 des dipl\u00f4mes au groupe de pionniers de l\u2019\u00e9cole maternelle et primaire Saint Joseph Calasanz de Kiyan. Au programme nous avons eu au pr\u00e9alable la messe, la pr\u00e9sentation sur la vie de Glecerio\u2026\" \/>\n<meta name=\"robots\" content=\"index, follow, max-snippet:-1, max-image-preview:large, max-video-preview:-1\" \/>\n<link rel=\"canonical\" href=\"http:\/\/Samedi%20dernier%2002%20juin%202023%20a%20eu%20lieu%20\u00e0%20Kiyan%20(Nord-Ouest%20Cameroun),%20la%20c\u00e9l\u00e9bration%20de%20la%20journ\u00e9e%20du%20mouvement%20Calasanz%20et%20la%20remise\u00a0%20des%20dipl\u00f4mes%20au%20groupe%20de%20pionniers%20de%20l\u2019\u00e9cole%20maternelle%20et%20primaire%20Saint%20Joseph%20Calasanz%20de%20Kiyan.%20Au%20programme%20nous%20avons%20eu%20au%20pr\u00e9alable%20la%20messe,%20la%20pr\u00e9sentation%20sur%20la%20vie%20de%20Glecerio\u2026\" \/>\n<meta property=\"og:locale\" content=\"fr_FR\" \/>\n<meta property=\"og:type\" content=\"article\" \/>\n<meta property=\"og:title\" content=\"C\u00e9l\u00e9bration de la journ\u00e9e du mouvement Calasanz et remise des dipl\u00f4mes au groupe de pionniers de l&#039;\u00e9cole maternelle et primaire saint Joseph de Calasanz, Kiyan\" \/>\n<meta property=\"og:description\" content=\"Samedi dernier 02 juin 2023 a eu lieu \u00e0 Kiyan (Nord-Ouest Cameroun), la c\u00e9l\u00e9bration de la journ\u00e9e du mouvement Calasanz et la remise\u00a0 des dipl\u00f4mes au groupe de pionniers de l\u2019\u00e9cole maternelle et primaire Saint Joseph Calasanz de Kiyan. Au programme nous avons eu au pr\u00e9alable la messe, la pr\u00e9sentation sur la vie de Glecerio\u2026\" \/>\n<meta property=\"og:url\" content=\"https:\/\/www.itakaescolapios.org\/fr\/2023\/06\/english-calasanz-movement-day-celebration-and-graduation-to-pioneer-group-of-st-joseph-calasanz-kindergarten-and-primary-school-kiyan\/\" \/>\n<meta property=\"og:site_name\" content=\"Itaka-Escolapios\" \/>\n<meta property=\"article:published_time\" content=\"2023-06-07T11:31:48+00:00\" \/>\n<meta property=\"article:modified_time\" content=\"2023-11-28T11:35:32+00:00\" \/>\n<meta property=\"og:image\" content=\"https:\/\/www.itakaescolapios.org\/wp-content\/uploads\/2023\/06\/WhatsApp-Image-2023-06-03-at-16.06.02.jpeg\" \/>\n\t<meta property=\"og:image:width\" content=\"1008\" \/>\n\t<meta property=\"og:image:height\" content=\"567\" \/>\n\t<meta property=\"og:image:type\" content=\"image\/jpeg\" \/>\n<meta name=\"author\" content=\"cameroun01\" \/>\n<meta name=\"twitter:card\" content=\"summary_large_image\" \/>\n<meta name=\"twitter:label1\" content=\"\u00c9crit par\" \/>\n\t<meta name=\"twitter:data1\" content=\"cameroun01\" \/>\n\t<meta name=\"twitter:label2\" content=\"Dur\u00e9e de lecture estim\u00e9e\" \/>\n\t<meta name=\"twitter:data2\" content=\"1 minute\" \/>\n<script type=\"application\/ld+json\" class=\"yoast-schema-graph\">{\"@context\":\"https:\\\/\\\/schema.org\",\"@graph\":[{\"@type\":\"Article\",\"@id\":\"https:\\\/\\\/www.itakaescolapios.org\\\/fr\\\/2023\\\/06\\\/english-calasanz-movement-day-celebration-and-graduation-to-pioneer-group-of-st-joseph-calasanz-kindergarten-and-primary-school-kiyan\\\/#article\",\"isPartOf\":{\"@id\":\"https:\\\/\\\/www.itakaescolapios.org\\\/fr\\\/2023\\\/06\\\/english-calasanz-movement-day-celebration-and-graduation-to-pioneer-group-of-st-joseph-calasanz-kindergarten-and-primary-school-kiyan\\\/\"},\"author\":{\"name\":\"cameroun01\",\"@id\":\"https:\\\/\\\/www.itakaescolapios.org\\\/es\\\/#\\\/schema\\\/person\\\/d2844383e29bfdfef69039672ce14eb1\"},\"headline\":\"C\u00e9l\u00e9bration de la journ\u00e9e du mouvement Calasanz et remise des dipl\u00f4mes au groupe de pionniers de l'\u00e9cole maternelle et primaire saint Joseph de Calasanz, Kiyan\",\"datePublished\":\"2023-06-07T11:31:48+00:00\",\"dateModified\":\"2023-11-28T11:35:32+00:00\",\"mainEntityOfPage\":{\"@id\":\"https:\\\/\\\/www.itakaescolapios.org\\\/fr\\\/2023\\\/06\\\/english-calasanz-movement-day-celebration-and-graduation-to-pioneer-group-of-st-joseph-calasanz-kindergarten-and-primary-school-kiyan\\\/\"},\"wordCount\":131,\"publisher\":{\"@id\":\"https:\\\/\\\/www.itakaescolapios.org\\\/es\\\/#organization\"},\"image\":{\"@id\":\"https:\\\/\\\/www.itakaescolapios.org\\\/fr\\\/2023\\\/06\\\/english-calasanz-movement-day-celebration-and-graduation-to-pioneer-group-of-st-joseph-calasanz-kindergarten-and-primary-school-kiyan\\\/#primaryimage\"},\"thumbnailUrl\":\"https:\\\/\\\/www.itakaescolapios.org\\\/wp-content\\\/uploads\\\/2023\\\/06\\\/WhatsApp-Image-2023-06-03-at-16.06.02.jpeg\",\"articleSection\":[\"Afrique centrale\",\"Cameroun\"],\"inLanguage\":\"fr-FR\"},{\"@type\":\"WebPage\",\"@id\":\"https:\\\/\\\/www.itakaescolapios.org\\\/fr\\\/2023\\\/06\\\/english-calasanz-movement-day-celebration-and-graduation-to-pioneer-group-of-st-joseph-calasanz-kindergarten-and-primary-school-kiyan\\\/\",\"url\":\"https:\\\/\\\/www.itakaescolapios.org\\\/fr\\\/2023\\\/06\\\/english-calasanz-movement-day-celebration-and-graduation-to-pioneer-group-of-st-joseph-calasanz-kindergarten-and-primary-school-kiyan\\\/\",\"name\":\"Celebraci\u00f3n del D\u00eda del Movimiento Calasanz y Graduaci\u00f3n del Grupo Pionero de la Escuela Infantil y Primaria St. Joseph Calasanz, Kiyan - Itaka-Escolapios\",\"isPartOf\":{\"@id\":\"https:\\\/\\\/www.itakaescolapios.org\\\/es\\\/#website\"},\"primaryImageOfPage\":{\"@id\":\"https:\\\/\\\/www.itakaescolapios.org\\\/fr\\\/2023\\\/06\\\/english-calasanz-movement-day-celebration-and-graduation-to-pioneer-group-of-st-joseph-calasanz-kindergarten-and-primary-school-kiyan\\\/#primaryimage\"},\"image\":{\"@id\":\"https:\\\/\\\/www.itakaescolapios.org\\\/fr\\\/2023\\\/06\\\/english-calasanz-movement-day-celebration-and-graduation-to-pioneer-group-of-st-joseph-calasanz-kindergarten-and-primary-school-kiyan\\\/#primaryimage\"},\"thumbnailUrl\":\"https:\\\/\\\/www.itakaescolapios.org\\\/wp-content\\\/uploads\\\/2023\\\/06\\\/WhatsApp-Image-2023-06-03-at-16.06.02.jpeg\",\"datePublished\":\"2023-06-07T11:31:48+00:00\",\"dateModified\":\"2023-11-28T11:35:32+00:00\",\"breadcrumb\":{\"@id\":\"https:\\\/\\\/www.itakaescolapios.org\\\/fr\\\/2023\\\/06\\\/english-calasanz-movement-day-celebration-and-graduation-to-pioneer-group-of-st-joseph-calasanz-kindergarten-and-primary-school-kiyan\\\/#breadcrumb\"},\"inLanguage\":\"fr-FR\",\"potentialAction\":[{\"@type\":\"ReadAction\",\"target\":[\"https:\\\/\\\/www.itakaescolapios.org\\\/fr\\\/2023\\\/06\\\/english-calasanz-movement-day-celebration-and-graduation-to-pioneer-group-of-st-joseph-calasanz-kindergarten-and-primary-school-kiyan\\\/\"]}]},{\"@type\":\"ImageObject\",\"inLanguage\":\"fr-FR\",\"@id\":\"https:\\\/\\\/www.itakaescolapios.org\\\/fr\\\/2023\\\/06\\\/english-calasanz-movement-day-celebration-and-graduation-to-pioneer-group-of-st-joseph-calasanz-kindergarten-and-primary-school-kiyan\\\/#primaryimage\",\"url\":\"https:\\\/\\\/www.itakaescolapios.org\\\/wp-content\\\/uploads\\\/2023\\\/06\\\/WhatsApp-Image-2023-06-03-at-16.06.02.jpeg\",\"contentUrl\":\"https:\\\/\\\/www.itakaescolapios.org\\\/wp-content\\\/uploads\\\/2023\\\/06\\\/WhatsApp-Image-2023-06-03-at-16.06.02.jpeg\",\"width\":1008,\"height\":567},{\"@type\":\"BreadcrumbList\",\"@id\":\"https:\\\/\\\/www.itakaescolapios.org\\\/fr\\\/2023\\\/06\\\/english-calasanz-movement-day-celebration-and-graduation-to-pioneer-group-of-st-joseph-calasanz-kindergarten-and-primary-school-kiyan\\\/#breadcrumb\",\"itemListElement\":[{\"@type\":\"ListItem\",\"position\":1,\"name\":\"Itaka-Escolapios\",\"item\":\"https:\\\/\\\/www.itakaescolapios.org\\\/es\\\/\"},{\"@type\":\"ListItem\",\"position\":2,\"name\":\"C\u00e9l\u00e9bration de la journ\u00e9e du mouvement Calasanz et remise des dipl\u00f4mes au groupe de pionniers de l'\u00e9cole maternelle et primaire saint Joseph de Calasanz, Kiyan\"}]},{\"@type\":\"WebSite\",\"@id\":\"https:\\\/\\\/www.itakaescolapios.org\\\/fr\\\/es\\\/#website\",\"url\":\"https:\\\/\\\/www.itakaescolapios.org\\\/fr\\\/es\\\/\",\"name\":\"Itaka-Escolapios\",\"description\":\"Red de Itaka-Escolapios\",\"publisher\":{\"@id\":\"https:\\\/\\\/www.itakaescolapios.org\\\/fr\\\/es\\\/#organization\"},\"potentialAction\":[{\"@type\":\"SearchAction\",\"target\":{\"@type\":\"EntryPoint\",\"urlTemplate\":\"https:\\\/\\\/www.itakaescolapios.org\\\/fr\\\/es\\\/?s={search_term_string}\"},\"query-input\":{\"@type\":\"PropertyValueSpecification\",\"valueRequired\":true,\"valueName\":\"search_term_string\"}}],\"inLanguage\":\"fr-FR\"},{\"@type\":\"Organization\",\"@id\":\"https:\\\/\\\/www.itakaescolapios.org\\\/fr\\\/es\\\/#organization\",\"name\":\"Fundaci\u00f3 Itaka-Escolapios\",\"url\":\"https:\\\/\\\/www.itakaescolapios.org\\\/fr\\\/es\\\/\",\"logo\":{\"@type\":\"ImageObject\",\"inLanguage\":\"fr-FR\",\"@id\":\"https:\\\/\\\/www.itakaescolapios.org\\\/fr\\\/es\\\/#\\\/schema\\\/logo\\\/image\\\/\",\"url\":\"https:\\\/\\\/www.itakaescolapios.org\\\/wp-content\\\/uploads\\\/2024\\\/04\\\/Logo-itakaescolapios-peque.png\",\"contentUrl\":\"https:\\\/\\\/www.itakaescolapios.org\\\/wp-content\\\/uploads\\\/2024\\\/04\\\/Logo-itakaescolapios-peque.png\",\"width\":500,\"height\":199,\"caption\":\"Fundaci\u00f3 Itaka-Escolapios\"},\"image\":{\"@id\":\"https:\\\/\\\/www.itakaescolapios.org\\\/fr\\\/es\\\/#\\\/schema\\\/logo\\\/image\\\/\"}},{\"@type\":\"Person\",\"@id\":\"https:\\\/\\\/www.itakaescolapios.org\\\/es\\\/#\\\/schema\\\/person\\\/d2844383e29bfdfef69039672ce14eb1\",\"name\":\"cameroun01\",\"url\":\"https:\\\/\\\/www.itakaescolapios.org\\\/fr\\\/author\\\/cameroun01\\\/\"}]}<\/script>\n<!-- \/ Yoast SEO plugin. -->","yoast_head_json":{"title":"C\u00e9l\u00e9bration de la journ\u00e9e du mouvement Calasanz et remise des dipl\u00f4mes au groupe de pionniers de l'\u00e9cole maternelle et primaire saint Joseph de Calasanz, Kiyan","description":"Samedi dernier 02 juin 2023 a eu lieu \u00e0 Kiyan (Nord-Ouest Cameroun), la c\u00e9l\u00e9bration de la journ\u00e9e du mouvement Calasanz et la remise\u00a0 des dipl\u00f4mes au groupe de pionniers de l\u2019\u00e9cole maternelle et primaire Saint Joseph Calasanz de Kiyan. Au programme nous avons eu au pr\u00e9alable la messe, la pr\u00e9sentation sur la vie de Glecerio\u2026","robots":{"index":"index","follow":"follow","max-snippet":"max-snippet:-1","max-image-preview":"max-image-preview:large","max-video-preview":"max-video-preview:-1"},"canonical":"Samedi dernier 02 juin 2023 a eu lieu \u00e0 Kiyan (Nord-Ouest Cameroun), la c\u00e9l\u00e9bration de la journ\u00e9e du mouvement Calasanz et la remise\u00a0 des dipl\u00f4mes au groupe de pionniers de l\u2019\u00e9cole maternelle et primaire Saint Joseph Calasanz de Kiyan. Au programme nous avons eu au pr\u00e9alable la messe, la pr\u00e9sentation sur la vie de Glecerio\u2026","og_locale":"fr_FR","og_type":"article","og_title":"C\u00e9l\u00e9bration de la journ\u00e9e du mouvement Calasanz et remise des dipl\u00f4mes au groupe de pionniers de l'\u00e9cole maternelle et primaire saint Joseph de Calasanz, Kiyan","og_description":"Samedi dernier 02 juin 2023 a eu lieu \u00e0 Kiyan (Nord-Ouest Cameroun), la c\u00e9l\u00e9bration de la journ\u00e9e du mouvement Calasanz et la remise\u00a0 des dipl\u00f4mes au groupe de pionniers de l\u2019\u00e9cole maternelle et primaire Saint Joseph Calasanz de Kiyan. Au programme nous avons eu au pr\u00e9alable la messe, la pr\u00e9sentation sur la vie de Glecerio\u2026","og_url":"https:\/\/www.itakaescolapios.org\/fr\/2023\/06\/english-calasanz-movement-day-celebration-and-graduation-to-pioneer-group-of-st-joseph-calasanz-kindergarten-and-primary-school-kiyan\/","og_site_name":"Itaka-Escolapios","article_published_time":"2023-06-07T11:31:48+00:00","article_modified_time":"2023-11-28T11:35:32+00:00","og_image":[{"width":1008,"height":567,"url":"https:\/\/www.itakaescolapios.org\/wp-content\/uploads\/2023\/06\/WhatsApp-Image-2023-06-03-at-16.06.02.jpeg","type":"image\/jpeg"}],"author":"cameroun01","twitter_card":"summary_large_image","twitter_misc":{"\u00c9crit par":"cameroun01","Dur\u00e9e de lecture estim\u00e9e":"1 minute"},"schema":{"@context":"https:\/\/schema.org","@graph":[{"@type":"Article","@id":"https:\/\/www.itakaescolapios.org\/fr\/2023\/06\/english-calasanz-movement-day-celebration-and-graduation-to-pioneer-group-of-st-joseph-calasanz-kindergarten-and-primary-school-kiyan\/#article","isPartOf":{"@id":"https:\/\/www.itakaescolapios.org\/fr\/2023\/06\/english-calasanz-movement-day-celebration-and-graduation-to-pioneer-group-of-st-joseph-calasanz-kindergarten-and-primary-school-kiyan\/"},"author":{"name":"cameroun01","@id":"https:\/\/www.itakaescolapios.org\/es\/#\/schema\/person\/d2844383e29bfdfef69039672ce14eb1"},"headline":"C\u00e9l\u00e9bration de la journ\u00e9e du mouvement Calasanz et remise des dipl\u00f4mes au groupe de pionniers de l'\u00e9cole maternelle et primaire saint Joseph de Calasanz, Kiyan","datePublished":"2023-06-07T11:31:48+00:00","dateModified":"2023-11-28T11:35:32+00:00","mainEntityOfPage":{"@id":"https:\/\/www.itakaescolapios.org\/fr\/2023\/06\/english-calasanz-movement-day-celebration-and-graduation-to-pioneer-group-of-st-joseph-calasanz-kindergarten-and-primary-school-kiyan\/"},"wordCount":131,"publisher":{"@id":"https:\/\/www.itakaescolapios.org\/es\/#organization"},"image":{"@id":"https:\/\/www.itakaescolapios.org\/fr\/2023\/06\/english-calasanz-movement-day-celebration-and-graduation-to-pioneer-group-of-st-joseph-calasanz-kindergarten-and-primary-school-kiyan\/#primaryimage"},"thumbnailUrl":"https:\/\/www.itakaescolapios.org\/wp-content\/uploads\/2023\/06\/WhatsApp-Image-2023-06-03-at-16.06.02.jpeg","articleSection":["Afrique centrale","Cameroun"],"inLanguage":"fr-FR"},{"@type":"WebPage","@id":"https:\/\/www.itakaescolapios.org\/fr\/2023\/06\/english-calasanz-movement-day-celebration-and-graduation-to-pioneer-group-of-st-joseph-calasanz-kindergarten-and-primary-school-kiyan\/","url":"https:\/\/www.itakaescolapios.org\/fr\/2023\/06\/english-calasanz-movement-day-celebration-and-graduation-to-pioneer-group-of-st-joseph-calasanz-kindergarten-and-primary-school-kiyan\/","name":"Celebraci\u00f3n del D\u00eda del Movimiento Calasanz y Graduaci\u00f3n del Grupo Pionero de la Escuela Infantil y Primaria St. Joseph Calasanz, Kiyan - Itaka-Escolapios","isPartOf":{"@id":"https:\/\/www.itakaescolapios.org\/es\/#website"},"primaryImageOfPage":{"@id":"https:\/\/www.itakaescolapios.org\/fr\/2023\/06\/english-calasanz-movement-day-celebration-and-graduation-to-pioneer-group-of-st-joseph-calasanz-kindergarten-and-primary-school-kiyan\/#primaryimage"},"image":{"@id":"https:\/\/www.itakaescolapios.org\/fr\/2023\/06\/english-calasanz-movement-day-celebration-and-graduation-to-pioneer-group-of-st-joseph-calasanz-kindergarten-and-primary-school-kiyan\/#primaryimage"},"thumbnailUrl":"https:\/\/www.itakaescolapios.org\/wp-content\/uploads\/2023\/06\/WhatsApp-Image-2023-06-03-at-16.06.02.jpeg","datePublished":"2023-06-07T11:31:48+00:00","dateModified":"2023-11-28T11:35:32+00:00","breadcrumb":{"@id":"https:\/\/www.itakaescolapios.org\/fr\/2023\/06\/english-calasanz-movement-day-celebration-and-graduation-to-pioneer-group-of-st-joseph-calasanz-kindergarten-and-primary-school-kiyan\/#breadcrumb"},"inLanguage":"fr-FR","potentialAction":[{"@type":"ReadAction","target":["https:\/\/www.itakaescolapios.org\/fr\/2023\/06\/english-calasanz-movement-day-celebration-and-graduation-to-pioneer-group-of-st-joseph-calasanz-kindergarten-and-primary-school-kiyan\/"]}]},{"@type":"ImageObject","inLanguage":"fr-FR","@id":"https:\/\/www.itakaescolapios.org\/fr\/2023\/06\/english-calasanz-movement-day-celebration-and-graduation-to-pioneer-group-of-st-joseph-calasanz-kindergarten-and-primary-school-kiyan\/#primaryimage","url":"https:\/\/www.itakaescolapios.org\/wp-content\/uploads\/2023\/06\/WhatsApp-Image-2023-06-03-at-16.06.02.jpeg","contentUrl":"https:\/\/www.itakaescolapios.org\/wp-content\/uploads\/2023\/06\/WhatsApp-Image-2023-06-03-at-16.06.02.jpeg","width":1008,"height":567},{"@type":"BreadcrumbList","@id":"https:\/\/www.itakaescolapios.org\/fr\/2023\/06\/english-calasanz-movement-day-celebration-and-graduation-to-pioneer-group-of-st-joseph-calasanz-kindergarten-and-primary-school-kiyan\/#breadcrumb","itemListElement":[{"@type":"ListItem","position":1,"name":"Itaka-Escolapios","item":"https:\/\/www.itakaescolapios.org\/es\/"},{"@type":"ListItem","position":2,"name":"C\u00e9l\u00e9bration de la journ\u00e9e du mouvement Calasanz et remise des dipl\u00f4mes au groupe de pionniers de l'\u00e9cole maternelle et primaire saint Joseph de Calasanz, Kiyan"}]},{"@type":"WebSite","@id":"https:\/\/www.itakaescolapios.org\/fr\/es\/#website","url":"https:\/\/www.itakaescolapios.org\/fr\/es\/","name":"Itaka-Escolapios","description":"Red de Itaka-Escolapios","publisher":{"@id":"https:\/\/www.itakaescolapios.org\/fr\/es\/#organization"},"potentialAction":[{"@type":"SearchAction","target":{"@type":"EntryPoint","urlTemplate":"https:\/\/www.itakaescolapios.org\/fr\/es\/?s={search_term_string}"},"query-input":{"@type":"PropertyValueSpecification","valueRequired":true,"valueName":"search_term_string"}}],"inLanguage":"fr-FR"},{"@type":"Organization","@id":"https:\/\/www.itakaescolapios.org\/fr\/es\/#organization","name":"Fundaci\u00f3 Itaka-Escolapios","url":"https:\/\/www.itakaescolapios.org\/fr\/es\/","logo":{"@type":"ImageObject","inLanguage":"fr-FR","@id":"https:\/\/www.itakaescolapios.org\/fr\/es\/#\/schema\/logo\/image\/","url":"https:\/\/www.itakaescolapios.org\/wp-content\/uploads\/2024\/04\/Logo-itakaescolapios-peque.png","contentUrl":"https:\/\/www.itakaescolapios.org\/wp-content\/uploads\/2024\/04\/Logo-itakaescolapios-peque.png","width":500,"height":199,"caption":"Fundaci\u00f3 Itaka-Escolapios"},"image":{"@id":"https:\/\/www.itakaescolapios.org\/fr\/es\/#\/schema\/logo\/image\/"}},{"@type":"Person","@id":"https:\/\/www.itakaescolapios.org\/es\/#\/schema\/person\/d2844383e29bfdfef69039672ce14eb1","name":"cameroun01","url":"https:\/\/www.itakaescolapios.org\/fr\/author\/cameroun01\/"}]}},"_links":{"self":[{"href":"https:\/\/www.itakaescolapios.org\/fr\/wp-json\/wp\/v2\/posts\/42531","targetHints":{"allow":["GET"]}}],"collection":[{"href":"https:\/\/www.itakaescolapios.org\/fr\/wp-json\/wp\/v2\/posts"}],"about":[{"href":"https:\/\/www.itakaescolapios.org\/fr\/wp-json\/wp\/v2\/types\/post"}],"author":[{"embeddable":true,"href":"https:\/\/www.itakaescolapios.org\/fr\/wp-json\/wp\/v2\/users\/15"}],"replies":[{"embeddable":true,"href":"https:\/\/www.itakaescolapios.org\/fr\/wp-json\/wp\/v2\/comments?post=42531"}],"version-history":[{"count":4,"href":"https:\/\/www.itakaescolapios.org\/fr\/wp-json\/wp\/v2\/posts\/42531\/revisions"}],"predecessor-version":[{"id":43586,"href":"https:\/\/www.itakaescolapios.org\/fr\/wp-json\/wp\/v2\/posts\/42531\/revisions\/43586"}],"wp:featuredmedia":[{"embeddable":true,"href":"https:\/\/www.itakaescolapios.org\/fr\/wp-json\/wp\/v2\/media\/42533"}],"wp:attachment":[{"href":"https:\/\/www.itakaescolapios.org\/fr\/wp-json\/wp\/v2\/media?parent=42531"}],"wp:term":[{"taxonomy":"category","embeddable":true,"href":"https:\/\/www.itakaescolapios.org\/fr\/wp-json\/wp\/v2\/categories?post=42531"},{"taxonomy":"post_tag","embeddable":true,"href":"https:\/\/www.itakaescolapios.org\/fr\/wp-json\/wp\/v2\/tags?post=42531"}],"curies":[{"name":"wp","href":"https:\/\/api.w.org\/{rel}","templated":true}]}}