{"id":42537,"date":"2023-06-07T12:51:04","date_gmt":"2023-06-07T11:51:04","guid":{"rendered":"https:\/\/www.itakaescolapios.org\/?p=42537"},"modified":"2023-11-28T12:35:32","modified_gmt":"2023-11-28T11:35:32","slug":"english-celebration-of-calasanz-and-glicerio-landriani-movement-day-with-children-and-volunteers-in-futru-bamenda","status":"publish","type":"post","link":"https:\/\/www.itakaescolapios.org\/fr\/2023\/06\/english-celebration-of-calasanz-and-glicerio-landriani-movement-day-with-children-and-volunteers-in-futru-bamenda\/","title":{"rendered":"C\u00e9l\u00e9bration de la journ\u00e9e du mouvement Calasanz et Glicerio Landriani avec des enfants et des volontaires, \u00e0 Futru-Bamenda"},"content":{"rendered":"<p>Dimanche dernier 04 juin 2023 a eu lieu \u00e0 Futru-Bamenda (Nord-Ouest Cameroun), la c\u00e9l\u00e9bration de la journ\u00e9e du mouvement Calasanz avec les moniteurs et\u00a0 les volontaires piaristes. Au programme nous avons eu au pr\u00e9alable la messe, la pr\u00e9sentation sur la vie de Glecerio labdriani puis les jeux de soci\u00e9t\u00e9. C\u2019\u00e9tait un joli moment de d\u00e9tente entre les jeunes, l\u2019\u00e9quipe pastorale et les enfants.<\/p>\n<p><img decoding=\"async\" class=\"size-full wp-image-42538 aligncenter\" src=\"https:\/\/www.itakaescolapios.org\/wp-content\/uploads\/2023\/06\/WhatsApp-Image-2023-06-07-at-10.05.02-1.jpeg\" alt=\"\" width=\"1080\" height=\"810\" srcset=\"https:\/\/www.itakaescolapios.org\/wp-content\/uploads\/2023\/06\/WhatsApp-Image-2023-06-07-at-10.05.02-1.jpeg 1080w, https:\/\/www.itakaescolapios.org\/wp-content\/uploads\/2023\/06\/WhatsApp-Image-2023-06-07-at-10.05.02-1-300x225.jpeg 300w, https:\/\/www.itakaescolapios.org\/wp-content\/uploads\/2023\/06\/WhatsApp-Image-2023-06-07-at-10.05.02-1-1024x768.jpeg 1024w, https:\/\/www.itakaescolapios.org\/wp-content\/uploads\/2023\/06\/WhatsApp-Image-2023-06-07-at-10.05.02-1-768x576.jpeg 768w, https:\/\/www.itakaescolapios.org\/wp-content\/uploads\/2023\/06\/WhatsApp-Image-2023-06-07-at-10.05.02-1-250x188.jpeg 250w, https:\/\/www.itakaescolapios.org\/wp-content\/uploads\/2023\/06\/WhatsApp-Image-2023-06-07-at-10.05.02-1-510x382.jpeg 510w\" sizes=\"(max-width: 1080px) 100vw, 1080px\" \/><\/p>\n<p><img decoding=\"async\" class=\"size-full wp-image-42540 aligncenter\" src=\"https:\/\/www.itakaescolapios.org\/wp-content\/uploads\/2023\/06\/WhatsApp-Image-2023-06-07-at-10.04.59-1.jpeg\" alt=\"\" width=\"1080\" height=\"810\" srcset=\"https:\/\/www.itakaescolapios.org\/wp-content\/uploads\/2023\/06\/WhatsApp-Image-2023-06-07-at-10.04.59-1.jpeg 1080w, https:\/\/www.itakaescolapios.org\/wp-content\/uploads\/2023\/06\/WhatsApp-Image-2023-06-07-at-10.04.59-1-300x225.jpeg 300w, https:\/\/www.itakaescolapios.org\/wp-content\/uploads\/2023\/06\/WhatsApp-Image-2023-06-07-at-10.04.59-1-1024x768.jpeg 1024w, https:\/\/www.itakaescolapios.org\/wp-content\/uploads\/2023\/06\/WhatsApp-Image-2023-06-07-at-10.04.59-1-768x576.jpeg 768w, https:\/\/www.itakaescolapios.org\/wp-content\/uploads\/2023\/06\/WhatsApp-Image-2023-06-07-at-10.04.59-1-250x188.jpeg 250w, https:\/\/www.itakaescolapios.org\/wp-content\/uploads\/2023\/06\/WhatsApp-Image-2023-06-07-at-10.04.59-1-510x382.jpeg 510w\" sizes=\"(max-width: 1080px) 100vw, 1080px\" \/><\/p>\n","protected":false},"excerpt":{"rendered":"<p>Dimanche dernier 04 juin 2023 a eu lieu \u00e0 Futru-Bamenda (Nord-Ouest Cameroun), la c\u00e9l\u00e9bration de la journ\u00e9e du mouvement Calasanz avec les moniteurs et\u00a0 les volontaires piaristes. Au programme nous [&hellip;]<\/p>\n","protected":false},"author":15,"featured_media":42539,"comment_status":"closed","ping_status":"closed","sticky":false,"template":"","format":"standard","meta":{"_et_pb_use_builder":"","_et_pb_old_content":"","_et_gb_content_width":"","footnotes":""},"categories":[53,10],"tags":[],"class_list":["post-42537","post","type-post","status-publish","format-standard","has-post-thumbnail","hentry","category-africa-central","category-camerun"],"yoast_head":"<!-- This site is optimized with the Yoast SEO plugin v27.4 - https:\/\/yoast.com\/product\/yoast-seo-wordpress\/ -->\n<title>C\u00e9l\u00e9bration de la journ\u00e9e du mouvement Calasanz et Glicerio Landriani avec des enfants et des volontaires, \u00e0 Futru-Bamenda<\/title>\n<meta name=\"description\" content=\"Dimanche dernier 04 juin 2023 a eu lieu \u00e0 Futru-Bamenda (Nord-Ouest Cameroun), la c\u00e9l\u00e9bration de la journ\u00e9e du mouvement Calasanz avec les moniteurs et\u00a0 les volontaires piaristes. Au programme nous avons eu au pr\u00e9alable la messe, la pr\u00e9sentation sur la vie de Glecerio labdriani puis les jeux de soci\u00e9t\u00e9. C\u2019\u00e9tait un joli moment de d\u00e9tente\u2026\" \/>\n<meta name=\"robots\" content=\"index, follow, max-snippet:-1, max-image-preview:large, max-video-preview:-1\" \/>\n<link rel=\"canonical\" href=\"http:\/\/Dimanche%20dernier%2004%20juin%202023%20a%20eu%20lieu%20\u00e0%20Futru-Bamenda%20(Nord-Ouest%20Cameroun),%20la%20c\u00e9l\u00e9bration%20de%20la%20journ\u00e9e%20du%20mouvement%20Calasanz%20avec%20les%20moniteurs%20et\u00a0%20les%20volontaires%20piaristes.%20Au%20programme%20nous%20avons%20eu%20au%20pr\u00e9alable%20la%20messe,%20la%20pr\u00e9sentation%20sur%20la%20vie%20de%20Glecerio%20labdriani%20puis%20les%20jeux%20de%20soci\u00e9t\u00e9.%20C\u2019\u00e9tait%20un%20joli%20moment%20de%20d\u00e9tente\u2026\" \/>\n<meta property=\"og:locale\" content=\"fr_FR\" \/>\n<meta property=\"og:type\" content=\"article\" \/>\n<meta property=\"og:title\" content=\"C\u00e9l\u00e9bration de la journ\u00e9e du mouvement Calasanz et Glicerio Landriani avec des enfants et des volontaires, \u00e0 Futru-Bamenda\" \/>\n<meta property=\"og:description\" content=\"Dimanche dernier 04 juin 2023 a eu lieu \u00e0 Futru-Bamenda (Nord-Ouest Cameroun), la c\u00e9l\u00e9bration de la journ\u00e9e du mouvement Calasanz avec les moniteurs et\u00a0 les volontaires piaristes. Au programme nous avons eu au pr\u00e9alable la messe, la pr\u00e9sentation sur la vie de Glecerio labdriani puis les jeux de soci\u00e9t\u00e9. C\u2019\u00e9tait un joli moment de d\u00e9tente\u2026\" \/>\n<meta property=\"og:url\" content=\"https:\/\/www.itakaescolapios.org\/fr\/2023\/06\/english-celebration-of-calasanz-and-glicerio-landriani-movement-day-with-children-and-volunteers-in-futru-bamenda\/\" \/>\n<meta property=\"og:site_name\" content=\"Itaka-Escolapios\" \/>\n<meta property=\"article:published_time\" content=\"2023-06-07T11:51:04+00:00\" \/>\n<meta property=\"article:modified_time\" content=\"2023-11-28T11:35:32+00:00\" \/>\n<meta property=\"og:image\" content=\"https:\/\/www.itakaescolapios.org\/wp-content\/uploads\/2023\/06\/WhatsApp-Image-2023-06-07-at-10.05.01-1.jpeg\" \/>\n\t<meta property=\"og:image:width\" content=\"1008\" \/>\n\t<meta property=\"og:image:height\" content=\"756\" \/>\n\t<meta property=\"og:image:type\" content=\"image\/jpeg\" \/>\n<meta name=\"author\" content=\"cameroun01\" \/>\n<meta name=\"twitter:card\" content=\"summary_large_image\" \/>\n<meta name=\"twitter:label1\" content=\"\u00c9crit par\" \/>\n\t<meta name=\"twitter:data1\" content=\"cameroun01\" \/>\n<script type=\"application\/ld+json\" class=\"yoast-schema-graph\">{\"@context\":\"https:\\\/\\\/schema.org\",\"@graph\":[{\"@type\":\"Article\",\"@id\":\"https:\\\/\\\/www.itakaescolapios.org\\\/fr\\\/2023\\\/06\\\/english-celebration-of-calasanz-and-glicerio-landriani-movement-day-with-children-and-volunteers-in-futru-bamenda\\\/#article\",\"isPartOf\":{\"@id\":\"https:\\\/\\\/www.itakaescolapios.org\\\/fr\\\/2023\\\/06\\\/english-celebration-of-calasanz-and-glicerio-landriani-movement-day-with-children-and-volunteers-in-futru-bamenda\\\/\"},\"author\":{\"name\":\"cameroun01\",\"@id\":\"https:\\\/\\\/www.itakaescolapios.org\\\/es\\\/#\\\/schema\\\/person\\\/d2844383e29bfdfef69039672ce14eb1\"},\"headline\":\"C\u00e9l\u00e9bration de la journ\u00e9e du mouvement Calasanz et Glicerio Landriani avec des enfants et des volontaires, \u00e0 Futru-Bamenda\",\"datePublished\":\"2023-06-07T11:51:04+00:00\",\"dateModified\":\"2023-11-28T11:35:32+00:00\",\"mainEntityOfPage\":{\"@id\":\"https:\\\/\\\/www.itakaescolapios.org\\\/fr\\\/2023\\\/06\\\/english-celebration-of-calasanz-and-glicerio-landriani-movement-day-with-children-and-volunteers-in-futru-bamenda\\\/\"},\"wordCount\":91,\"publisher\":{\"@id\":\"https:\\\/\\\/www.itakaescolapios.org\\\/es\\\/#organization\"},\"image\":{\"@id\":\"https:\\\/\\\/www.itakaescolapios.org\\\/fr\\\/2023\\\/06\\\/english-celebration-of-calasanz-and-glicerio-landriani-movement-day-with-children-and-volunteers-in-futru-bamenda\\\/#primaryimage\"},\"thumbnailUrl\":\"https:\\\/\\\/www.itakaescolapios.org\\\/wp-content\\\/uploads\\\/2023\\\/06\\\/WhatsApp-Image-2023-06-07-at-10.05.01-1.jpeg\",\"articleSection\":[\"Afrique centrale\",\"Cameroun\"],\"inLanguage\":\"fr-FR\"},{\"@type\":\"WebPage\",\"@id\":\"https:\\\/\\\/www.itakaescolapios.org\\\/fr\\\/2023\\\/06\\\/english-celebration-of-calasanz-and-glicerio-landriani-movement-day-with-children-and-volunteers-in-futru-bamenda\\\/\",\"url\":\"https:\\\/\\\/www.itakaescolapios.org\\\/fr\\\/2023\\\/06\\\/english-celebration-of-calasanz-and-glicerio-landriani-movement-day-with-children-and-volunteers-in-futru-bamenda\\\/\",\"name\":\"Celebraci\u00f3n del d\u00eda del movimiento Calasanz y Glicerio Landriani con ni\u00f1os y voluntarios, en Futru-Bamenda - Itaka-Escolapios\",\"isPartOf\":{\"@id\":\"https:\\\/\\\/www.itakaescolapios.org\\\/es\\\/#website\"},\"primaryImageOfPage\":{\"@id\":\"https:\\\/\\\/www.itakaescolapios.org\\\/fr\\\/2023\\\/06\\\/english-celebration-of-calasanz-and-glicerio-landriani-movement-day-with-children-and-volunteers-in-futru-bamenda\\\/#primaryimage\"},\"image\":{\"@id\":\"https:\\\/\\\/www.itakaescolapios.org\\\/fr\\\/2023\\\/06\\\/english-celebration-of-calasanz-and-glicerio-landriani-movement-day-with-children-and-volunteers-in-futru-bamenda\\\/#primaryimage\"},\"thumbnailUrl\":\"https:\\\/\\\/www.itakaescolapios.org\\\/wp-content\\\/uploads\\\/2023\\\/06\\\/WhatsApp-Image-2023-06-07-at-10.05.01-1.jpeg\",\"datePublished\":\"2023-06-07T11:51:04+00:00\",\"dateModified\":\"2023-11-28T11:35:32+00:00\",\"breadcrumb\":{\"@id\":\"https:\\\/\\\/www.itakaescolapios.org\\\/fr\\\/2023\\\/06\\\/english-celebration-of-calasanz-and-glicerio-landriani-movement-day-with-children-and-volunteers-in-futru-bamenda\\\/#breadcrumb\"},\"inLanguage\":\"fr-FR\",\"potentialAction\":[{\"@type\":\"ReadAction\",\"target\":[\"https:\\\/\\\/www.itakaescolapios.org\\\/fr\\\/2023\\\/06\\\/english-celebration-of-calasanz-and-glicerio-landriani-movement-day-with-children-and-volunteers-in-futru-bamenda\\\/\"]}]},{\"@type\":\"ImageObject\",\"inLanguage\":\"fr-FR\",\"@id\":\"https:\\\/\\\/www.itakaescolapios.org\\\/fr\\\/2023\\\/06\\\/english-celebration-of-calasanz-and-glicerio-landriani-movement-day-with-children-and-volunteers-in-futru-bamenda\\\/#primaryimage\",\"url\":\"https:\\\/\\\/www.itakaescolapios.org\\\/wp-content\\\/uploads\\\/2023\\\/06\\\/WhatsApp-Image-2023-06-07-at-10.05.01-1.jpeg\",\"contentUrl\":\"https:\\\/\\\/www.itakaescolapios.org\\\/wp-content\\\/uploads\\\/2023\\\/06\\\/WhatsApp-Image-2023-06-07-at-10.05.01-1.jpeg\",\"width\":1008,\"height\":756},{\"@type\":\"BreadcrumbList\",\"@id\":\"https:\\\/\\\/www.itakaescolapios.org\\\/fr\\\/2023\\\/06\\\/english-celebration-of-calasanz-and-glicerio-landriani-movement-day-with-children-and-volunteers-in-futru-bamenda\\\/#breadcrumb\",\"itemListElement\":[{\"@type\":\"ListItem\",\"position\":1,\"name\":\"Itaka-Escolapios\",\"item\":\"https:\\\/\\\/www.itakaescolapios.org\\\/es\\\/\"},{\"@type\":\"ListItem\",\"position\":2,\"name\":\"C\u00e9l\u00e9bration de la journ\u00e9e du mouvement Calasanz et Glicerio Landriani avec des enfants et des volontaires, \u00e0 Futru-Bamenda\"}]},{\"@type\":\"WebSite\",\"@id\":\"https:\\\/\\\/www.itakaescolapios.org\\\/fr\\\/es\\\/#website\",\"url\":\"https:\\\/\\\/www.itakaescolapios.org\\\/fr\\\/es\\\/\",\"name\":\"Itaka-Escolapios\",\"description\":\"Red de Itaka-Escolapios\",\"publisher\":{\"@id\":\"https:\\\/\\\/www.itakaescolapios.org\\\/fr\\\/es\\\/#organization\"},\"potentialAction\":[{\"@type\":\"SearchAction\",\"target\":{\"@type\":\"EntryPoint\",\"urlTemplate\":\"https:\\\/\\\/www.itakaescolapios.org\\\/fr\\\/es\\\/?s={search_term_string}\"},\"query-input\":{\"@type\":\"PropertyValueSpecification\",\"valueRequired\":true,\"valueName\":\"search_term_string\"}}],\"inLanguage\":\"fr-FR\"},{\"@type\":\"Organization\",\"@id\":\"https:\\\/\\\/www.itakaescolapios.org\\\/fr\\\/es\\\/#organization\",\"name\":\"Fundaci\u00f3 Itaka-Escolapios\",\"url\":\"https:\\\/\\\/www.itakaescolapios.org\\\/fr\\\/es\\\/\",\"logo\":{\"@type\":\"ImageObject\",\"inLanguage\":\"fr-FR\",\"@id\":\"https:\\\/\\\/www.itakaescolapios.org\\\/fr\\\/es\\\/#\\\/schema\\\/logo\\\/image\\\/\",\"url\":\"https:\\\/\\\/www.itakaescolapios.org\\\/wp-content\\\/uploads\\\/2024\\\/04\\\/Logo-itakaescolapios-peque.png\",\"contentUrl\":\"https:\\\/\\\/www.itakaescolapios.org\\\/wp-content\\\/uploads\\\/2024\\\/04\\\/Logo-itakaescolapios-peque.png\",\"width\":500,\"height\":199,\"caption\":\"Fundaci\u00f3 Itaka-Escolapios\"},\"image\":{\"@id\":\"https:\\\/\\\/www.itakaescolapios.org\\\/fr\\\/es\\\/#\\\/schema\\\/logo\\\/image\\\/\"}},{\"@type\":\"Person\",\"@id\":\"https:\\\/\\\/www.itakaescolapios.org\\\/es\\\/#\\\/schema\\\/person\\\/d2844383e29bfdfef69039672ce14eb1\",\"name\":\"cameroun01\",\"url\":\"https:\\\/\\\/www.itakaescolapios.org\\\/fr\\\/author\\\/cameroun01\\\/\"}]}<\/script>\n<!-- \/ Yoast SEO plugin. -->","yoast_head_json":{"title":"C\u00e9l\u00e9bration de la journ\u00e9e du mouvement Calasanz et Glicerio Landriani avec des enfants et des volontaires, \u00e0 Futru-Bamenda","description":"Dimanche dernier 04 juin 2023 a eu lieu \u00e0 Futru-Bamenda (Nord-Ouest Cameroun), la c\u00e9l\u00e9bration de la journ\u00e9e du mouvement Calasanz avec les moniteurs et\u00a0 les volontaires piaristes. Au programme nous avons eu au pr\u00e9alable la messe, la pr\u00e9sentation sur la vie de Glecerio labdriani puis les jeux de soci\u00e9t\u00e9. C\u2019\u00e9tait un joli moment de d\u00e9tente\u2026","robots":{"index":"index","follow":"follow","max-snippet":"max-snippet:-1","max-image-preview":"max-image-preview:large","max-video-preview":"max-video-preview:-1"},"canonical":"Dimanche dernier 04 juin 2023 a eu lieu \u00e0 Futru-Bamenda (Nord-Ouest Cameroun), la c\u00e9l\u00e9bration de la journ\u00e9e du mouvement Calasanz avec les moniteurs et\u00a0 les volontaires piaristes. Au programme nous avons eu au pr\u00e9alable la messe, la pr\u00e9sentation sur la vie de Glecerio labdriani puis les jeux de soci\u00e9t\u00e9. C\u2019\u00e9tait un joli moment de d\u00e9tente\u2026","og_locale":"fr_FR","og_type":"article","og_title":"C\u00e9l\u00e9bration de la journ\u00e9e du mouvement Calasanz et Glicerio Landriani avec des enfants et des volontaires, \u00e0 Futru-Bamenda","og_description":"Dimanche dernier 04 juin 2023 a eu lieu \u00e0 Futru-Bamenda (Nord-Ouest Cameroun), la c\u00e9l\u00e9bration de la journ\u00e9e du mouvement Calasanz avec les moniteurs et\u00a0 les volontaires piaristes. Au programme nous avons eu au pr\u00e9alable la messe, la pr\u00e9sentation sur la vie de Glecerio labdriani puis les jeux de soci\u00e9t\u00e9. C\u2019\u00e9tait un joli moment de d\u00e9tente\u2026","og_url":"https:\/\/www.itakaescolapios.org\/fr\/2023\/06\/english-celebration-of-calasanz-and-glicerio-landriani-movement-day-with-children-and-volunteers-in-futru-bamenda\/","og_site_name":"Itaka-Escolapios","article_published_time":"2023-06-07T11:51:04+00:00","article_modified_time":"2023-11-28T11:35:32+00:00","og_image":[{"width":1008,"height":756,"url":"https:\/\/www.itakaescolapios.org\/wp-content\/uploads\/2023\/06\/WhatsApp-Image-2023-06-07-at-10.05.01-1.jpeg","type":"image\/jpeg"}],"author":"cameroun01","twitter_card":"summary_large_image","twitter_misc":{"\u00c9crit par":"cameroun01"},"schema":{"@context":"https:\/\/schema.org","@graph":[{"@type":"Article","@id":"https:\/\/www.itakaescolapios.org\/fr\/2023\/06\/english-celebration-of-calasanz-and-glicerio-landriani-movement-day-with-children-and-volunteers-in-futru-bamenda\/#article","isPartOf":{"@id":"https:\/\/www.itakaescolapios.org\/fr\/2023\/06\/english-celebration-of-calasanz-and-glicerio-landriani-movement-day-with-children-and-volunteers-in-futru-bamenda\/"},"author":{"name":"cameroun01","@id":"https:\/\/www.itakaescolapios.org\/es\/#\/schema\/person\/d2844383e29bfdfef69039672ce14eb1"},"headline":"C\u00e9l\u00e9bration de la journ\u00e9e du mouvement Calasanz et Glicerio Landriani avec des enfants et des volontaires, \u00e0 Futru-Bamenda","datePublished":"2023-06-07T11:51:04+00:00","dateModified":"2023-11-28T11:35:32+00:00","mainEntityOfPage":{"@id":"https:\/\/www.itakaescolapios.org\/fr\/2023\/06\/english-celebration-of-calasanz-and-glicerio-landriani-movement-day-with-children-and-volunteers-in-futru-bamenda\/"},"wordCount":91,"publisher":{"@id":"https:\/\/www.itakaescolapios.org\/es\/#organization"},"image":{"@id":"https:\/\/www.itakaescolapios.org\/fr\/2023\/06\/english-celebration-of-calasanz-and-glicerio-landriani-movement-day-with-children-and-volunteers-in-futru-bamenda\/#primaryimage"},"thumbnailUrl":"https:\/\/www.itakaescolapios.org\/wp-content\/uploads\/2023\/06\/WhatsApp-Image-2023-06-07-at-10.05.01-1.jpeg","articleSection":["Afrique centrale","Cameroun"],"inLanguage":"fr-FR"},{"@type":"WebPage","@id":"https:\/\/www.itakaescolapios.org\/fr\/2023\/06\/english-celebration-of-calasanz-and-glicerio-landriani-movement-day-with-children-and-volunteers-in-futru-bamenda\/","url":"https:\/\/www.itakaescolapios.org\/fr\/2023\/06\/english-celebration-of-calasanz-and-glicerio-landriani-movement-day-with-children-and-volunteers-in-futru-bamenda\/","name":"Celebraci\u00f3n del d\u00eda del movimiento Calasanz y Glicerio Landriani con ni\u00f1os y voluntarios, en Futru-Bamenda - Itaka-Escolapios","isPartOf":{"@id":"https:\/\/www.itakaescolapios.org\/es\/#website"},"primaryImageOfPage":{"@id":"https:\/\/www.itakaescolapios.org\/fr\/2023\/06\/english-celebration-of-calasanz-and-glicerio-landriani-movement-day-with-children-and-volunteers-in-futru-bamenda\/#primaryimage"},"image":{"@id":"https:\/\/www.itakaescolapios.org\/fr\/2023\/06\/english-celebration-of-calasanz-and-glicerio-landriani-movement-day-with-children-and-volunteers-in-futru-bamenda\/#primaryimage"},"thumbnailUrl":"https:\/\/www.itakaescolapios.org\/wp-content\/uploads\/2023\/06\/WhatsApp-Image-2023-06-07-at-10.05.01-1.jpeg","datePublished":"2023-06-07T11:51:04+00:00","dateModified":"2023-11-28T11:35:32+00:00","breadcrumb":{"@id":"https:\/\/www.itakaescolapios.org\/fr\/2023\/06\/english-celebration-of-calasanz-and-glicerio-landriani-movement-day-with-children-and-volunteers-in-futru-bamenda\/#breadcrumb"},"inLanguage":"fr-FR","potentialAction":[{"@type":"ReadAction","target":["https:\/\/www.itakaescolapios.org\/fr\/2023\/06\/english-celebration-of-calasanz-and-glicerio-landriani-movement-day-with-children-and-volunteers-in-futru-bamenda\/"]}]},{"@type":"ImageObject","inLanguage":"fr-FR","@id":"https:\/\/www.itakaescolapios.org\/fr\/2023\/06\/english-celebration-of-calasanz-and-glicerio-landriani-movement-day-with-children-and-volunteers-in-futru-bamenda\/#primaryimage","url":"https:\/\/www.itakaescolapios.org\/wp-content\/uploads\/2023\/06\/WhatsApp-Image-2023-06-07-at-10.05.01-1.jpeg","contentUrl":"https:\/\/www.itakaescolapios.org\/wp-content\/uploads\/2023\/06\/WhatsApp-Image-2023-06-07-at-10.05.01-1.jpeg","width":1008,"height":756},{"@type":"BreadcrumbList","@id":"https:\/\/www.itakaescolapios.org\/fr\/2023\/06\/english-celebration-of-calasanz-and-glicerio-landriani-movement-day-with-children-and-volunteers-in-futru-bamenda\/#breadcrumb","itemListElement":[{"@type":"ListItem","position":1,"name":"Itaka-Escolapios","item":"https:\/\/www.itakaescolapios.org\/es\/"},{"@type":"ListItem","position":2,"name":"C\u00e9l\u00e9bration de la journ\u00e9e du mouvement Calasanz et Glicerio Landriani avec des enfants et des volontaires, \u00e0 Futru-Bamenda"}]},{"@type":"WebSite","@id":"https:\/\/www.itakaescolapios.org\/fr\/es\/#website","url":"https:\/\/www.itakaescolapios.org\/fr\/es\/","name":"Itaka-Escolapios","description":"Red de Itaka-Escolapios","publisher":{"@id":"https:\/\/www.itakaescolapios.org\/fr\/es\/#organization"},"potentialAction":[{"@type":"SearchAction","target":{"@type":"EntryPoint","urlTemplate":"https:\/\/www.itakaescolapios.org\/fr\/es\/?s={search_term_string}"},"query-input":{"@type":"PropertyValueSpecification","valueRequired":true,"valueName":"search_term_string"}}],"inLanguage":"fr-FR"},{"@type":"Organization","@id":"https:\/\/www.itakaescolapios.org\/fr\/es\/#organization","name":"Fundaci\u00f3 Itaka-Escolapios","url":"https:\/\/www.itakaescolapios.org\/fr\/es\/","logo":{"@type":"ImageObject","inLanguage":"fr-FR","@id":"https:\/\/www.itakaescolapios.org\/fr\/es\/#\/schema\/logo\/image\/","url":"https:\/\/www.itakaescolapios.org\/wp-content\/uploads\/2024\/04\/Logo-itakaescolapios-peque.png","contentUrl":"https:\/\/www.itakaescolapios.org\/wp-content\/uploads\/2024\/04\/Logo-itakaescolapios-peque.png","width":500,"height":199,"caption":"Fundaci\u00f3 Itaka-Escolapios"},"image":{"@id":"https:\/\/www.itakaescolapios.org\/fr\/es\/#\/schema\/logo\/image\/"}},{"@type":"Person","@id":"https:\/\/www.itakaescolapios.org\/es\/#\/schema\/person\/d2844383e29bfdfef69039672ce14eb1","name":"cameroun01","url":"https:\/\/www.itakaescolapios.org\/fr\/author\/cameroun01\/"}]}},"_links":{"self":[{"href":"https:\/\/www.itakaescolapios.org\/fr\/wp-json\/wp\/v2\/posts\/42537","targetHints":{"allow":["GET"]}}],"collection":[{"href":"https:\/\/www.itakaescolapios.org\/fr\/wp-json\/wp\/v2\/posts"}],"about":[{"href":"https:\/\/www.itakaescolapios.org\/fr\/wp-json\/wp\/v2\/types\/post"}],"author":[{"embeddable":true,"href":"https:\/\/www.itakaescolapios.org\/fr\/wp-json\/wp\/v2\/users\/15"}],"replies":[{"embeddable":true,"href":"https:\/\/www.itakaescolapios.org\/fr\/wp-json\/wp\/v2\/comments?post=42537"}],"version-history":[{"count":5,"href":"https:\/\/www.itakaescolapios.org\/fr\/wp-json\/wp\/v2\/posts\/42537\/revisions"}],"predecessor-version":[{"id":43584,"href":"https:\/\/www.itakaescolapios.org\/fr\/wp-json\/wp\/v2\/posts\/42537\/revisions\/43584"}],"wp:featuredmedia":[{"embeddable":true,"href":"https:\/\/www.itakaescolapios.org\/fr\/wp-json\/wp\/v2\/media\/42539"}],"wp:attachment":[{"href":"https:\/\/www.itakaescolapios.org\/fr\/wp-json\/wp\/v2\/media?parent=42537"}],"wp:term":[{"taxonomy":"category","embeddable":true,"href":"https:\/\/www.itakaescolapios.org\/fr\/wp-json\/wp\/v2\/categories?post=42537"},{"taxonomy":"post_tag","embeddable":true,"href":"https:\/\/www.itakaescolapios.org\/fr\/wp-json\/wp\/v2\/tags?post=42537"}],"curies":[{"name":"wp","href":"https:\/\/api.w.org\/{rel}","templated":true}]}}