{"id":42560,"date":"2023-06-12T13:27:08","date_gmt":"2023-06-12T12:27:08","guid":{"rendered":"https:\/\/www.itakaescolapios.org\/?p=42560"},"modified":"2023-11-28T12:35:31","modified_gmt":"2023-11-28T11:35:31","slug":"english-visit-of-the-new-provincial-of-the-province-of-central-africa-to-gabon","status":"publish","type":"post","link":"https:\/\/www.itakaescolapios.org\/fr\/2023\/06\/english-visit-of-the-new-provincial-of-the-province-of-central-africa-to-gabon\/","title":{"rendered":"Visite du nouveau Provincial de la Province d\u2019Afrique Centrale au Gabon"},"content":{"rendered":"<p>Le Nouveau Provincial de la province d&rsquo;Afrique centrale le p\u00e8re KONGMI Moses et ses assistants ont effectu\u00e9 une visite de travail au Gabon du 07 au 09 Juin 2023, se concentrant sur les communaut\u00e9s de Libreville et d&rsquo;Akanda. La visite visait \u00e0 renforcer les liens et \u00e0 soutenir les membres locaux dans leurs missions apostoliques. Des r\u00e9unions ont permis des discussions approfondies sur les projets en cours et les d\u00e9fis auxquels les communaut\u00e9s font face. Des visites sur le terrain ont \u00e9galement \u00e9t\u00e9 effectu\u00e9es pour \u00e9valuer les initiatives en cours. L&rsquo;accent a \u00e9t\u00e9 mis sur la collaboration et l&rsquo;\u00e9change de bonnes pratiques entre les communaut\u00e9s. Le P\u00e8re Provincial a encourag\u00e9 les membres \u00e0 travailler ensemble dans un esprit de solidarit\u00e9 et de service envers les plus vuln\u00e9rables. Cette visite a renforc\u00e9 les liens entre les communaut\u00e9s et a inspir\u00e9 les membres \u00e0 poursuivre leur mission avec d\u00e9vouement et amour.<\/p>\n<p id=\"tw-target-text\" class=\"tw-data-text tw-text-large tw-ta\" dir=\"ltr\" data-placeholder=\"Traduction\">\n<p dir=\"ltr\" data-placeholder=\"Traduction\"><img decoding=\"async\" class=\"size-full wp-image-42562 aligncenter\" src=\"https:\/\/www.itakaescolapios.org\/wp-content\/uploads\/2023\/06\/WhatsApp-Image-2023-06-09-at-15.10.32-scaled.jpeg\" alt=\"\" width=\"2560\" height=\"1927\" srcset=\"https:\/\/www.itakaescolapios.org\/wp-content\/uploads\/2023\/06\/WhatsApp-Image-2023-06-09-at-15.10.32-scaled.jpeg 1993w, https:\/\/www.itakaescolapios.org\/wp-content\/uploads\/2023\/06\/WhatsApp-Image-2023-06-09-at-15.10.32-300x226.jpeg 300w, https:\/\/www.itakaescolapios.org\/wp-content\/uploads\/2023\/06\/WhatsApp-Image-2023-06-09-at-15.10.32-1024x771.jpeg 1024w, https:\/\/www.itakaescolapios.org\/wp-content\/uploads\/2023\/06\/WhatsApp-Image-2023-06-09-at-15.10.32-768x578.jpeg 768w, https:\/\/www.itakaescolapios.org\/wp-content\/uploads\/2023\/06\/WhatsApp-Image-2023-06-09-at-15.10.32-1536x1156.jpeg 1536w, https:\/\/www.itakaescolapios.org\/wp-content\/uploads\/2023\/06\/WhatsApp-Image-2023-06-09-at-15.10.32-2048x1542.jpeg 2048w, https:\/\/www.itakaescolapios.org\/wp-content\/uploads\/2023\/06\/WhatsApp-Image-2023-06-09-at-15.10.32-250x188.jpeg 250w, https:\/\/www.itakaescolapios.org\/wp-content\/uploads\/2023\/06\/WhatsApp-Image-2023-06-09-at-15.10.32-1080x813.jpeg 1080w\" sizes=\"(max-width: 2560px) 100vw, 2560px\" \/><\/p>\n<p dir=\"ltr\" data-placeholder=\"Traduction\"><img decoding=\"async\" class=\"size-full wp-image-42563 aligncenter\" src=\"https:\/\/www.itakaescolapios.org\/wp-content\/uploads\/2023\/06\/WhatsApp-Image-2023-06-09-at-15.10.31-scaled.jpeg\" alt=\"\" width=\"2560\" height=\"1927\" srcset=\"https:\/\/www.itakaescolapios.org\/wp-content\/uploads\/2023\/06\/WhatsApp-Image-2023-06-09-at-15.10.31-scaled.jpeg 1993w, https:\/\/www.itakaescolapios.org\/wp-content\/uploads\/2023\/06\/WhatsApp-Image-2023-06-09-at-15.10.31-300x226.jpeg 300w, https:\/\/www.itakaescolapios.org\/wp-content\/uploads\/2023\/06\/WhatsApp-Image-2023-06-09-at-15.10.31-1024x771.jpeg 1024w, https:\/\/www.itakaescolapios.org\/wp-content\/uploads\/2023\/06\/WhatsApp-Image-2023-06-09-at-15.10.31-768x578.jpeg 768w, https:\/\/www.itakaescolapios.org\/wp-content\/uploads\/2023\/06\/WhatsApp-Image-2023-06-09-at-15.10.31-1536x1156.jpeg 1536w, https:\/\/www.itakaescolapios.org\/wp-content\/uploads\/2023\/06\/WhatsApp-Image-2023-06-09-at-15.10.31-2048x1542.jpeg 2048w, https:\/\/www.itakaescolapios.org\/wp-content\/uploads\/2023\/06\/WhatsApp-Image-2023-06-09-at-15.10.31-250x188.jpeg 250w, https:\/\/www.itakaescolapios.org\/wp-content\/uploads\/2023\/06\/WhatsApp-Image-2023-06-09-at-15.10.31-1080x813.jpeg 1080w\" sizes=\"(max-width: 2560px) 100vw, 2560px\" \/><\/p>\n","protected":false},"excerpt":{"rendered":"<p>Le Nouveau Provincial de la province d&rsquo;Afrique centrale le p\u00e8re KONGMI Moses et ses assistants ont effectu\u00e9 une visite de travail au Gabon du 07 au 09 Juin 2023, se [&hellip;]<\/p>\n","protected":false},"author":15,"featured_media":42561,"comment_status":"closed","ping_status":"closed","sticky":false,"template":"","format":"standard","meta":{"_et_pb_use_builder":"","_et_pb_old_content":"","_et_gb_content_width":"","footnotes":""},"categories":[53,285],"tags":[],"class_list":["post-42560","post","type-post","status-publish","format-standard","has-post-thumbnail","hentry","category-africa-central","category-gabon"],"yoast_head":"<!-- This site is optimized with the Yoast SEO plugin v27.4 - https:\/\/yoast.com\/product\/yoast-seo-wordpress\/ -->\n<title>Visite du nouveau Provincial de la Province d\u2019Afrique Centrale au Gabon<\/title>\n<meta name=\"description\" content=\"Le Nouveau Provincial de la province d&#039;Afrique centrale le p\u00e8re KONGMI Moses et ses assistants ont effectu\u00e9 une visite de travail au Gabon du 07 au 09 Juin 2023, se concentrant sur les communaut\u00e9s de Libreville et d&#039;Akanda. La visite visait \u00e0 renforcer les liens et \u00e0 soutenir les membres locaux dans leurs missions apostoliques.\u2026\" \/>\n<meta name=\"robots\" content=\"index, follow, max-snippet:-1, max-image-preview:large, max-video-preview:-1\" \/>\n<link rel=\"canonical\" href=\"http:\/\/Le%20Nouveau%20Provincial%20de%20la%20province%20d'Afrique%20centrale%20le%20p\u00e8re%20KONGMI%20Moses%20et%20ses%20assistants%20ont%20effectu\u00e9%20une%20visite%20de%20travail%20au%20Gabon%20du%2007%20au%2009%20Juin%202023,%20se%20concentrant%20sur%20les%20communaut\u00e9s%20de%20Libreville%20et%20d'Akanda.%20La%20visite%20visait%20\u00e0%20renforcer%20les%20liens%20et%20\u00e0%20soutenir%20les%20membres%20locaux%20dans%20leurs%20missions%20apostoliques.\u2026\" \/>\n<meta property=\"og:locale\" content=\"fr_FR\" \/>\n<meta property=\"og:type\" content=\"article\" \/>\n<meta property=\"og:title\" content=\"Visite du nouveau Provincial de la Province d\u2019Afrique Centrale au Gabon\" \/>\n<meta property=\"og:description\" content=\"Le Nouveau Provincial de la province d&#039;Afrique centrale le p\u00e8re KONGMI Moses et ses assistants ont effectu\u00e9 une visite de travail au Gabon du 07 au 09 Juin 2023, se concentrant sur les communaut\u00e9s de Libreville et d&#039;Akanda. La visite visait \u00e0 renforcer les liens et \u00e0 soutenir les membres locaux dans leurs missions apostoliques.\u2026\" \/>\n<meta property=\"og:url\" content=\"https:\/\/www.itakaescolapios.org\/fr\/2023\/06\/english-visit-of-the-new-provincial-of-the-province-of-central-africa-to-gabon\/\" \/>\n<meta property=\"og:site_name\" content=\"Itaka-Escolapios\" \/>\n<meta property=\"article:published_time\" content=\"2023-06-12T12:27:08+00:00\" \/>\n<meta property=\"article:modified_time\" content=\"2023-11-28T11:35:31+00:00\" \/>\n<meta property=\"og:image\" content=\"https:\/\/www.itakaescolapios.org\/wp-content\/uploads\/2023\/06\/WhatsApp-Image-2023-06-09-at-15.10.33.jpeg\" \/>\n\t<meta property=\"og:image:width\" content=\"1280\" \/>\n\t<meta property=\"og:image:height\" content=\"960\" \/>\n\t<meta property=\"og:image:type\" content=\"image\/jpeg\" \/>\n<meta name=\"author\" content=\"cameroun01\" \/>\n<meta name=\"twitter:card\" content=\"summary_large_image\" \/>\n<meta name=\"twitter:label1\" content=\"\u00c9crit par\" \/>\n\t<meta name=\"twitter:data1\" content=\"cameroun01\" \/>\n\t<meta name=\"twitter:label2\" content=\"Dur\u00e9e de lecture estim\u00e9e\" \/>\n\t<meta name=\"twitter:data2\" content=\"1 minute\" \/>\n<script type=\"application\/ld+json\" class=\"yoast-schema-graph\">{\"@context\":\"https:\\\/\\\/schema.org\",\"@graph\":[{\"@type\":\"Article\",\"@id\":\"https:\\\/\\\/www.itakaescolapios.org\\\/fr\\\/2023\\\/06\\\/english-visit-of-the-new-provincial-of-the-province-of-central-africa-to-gabon\\\/#article\",\"isPartOf\":{\"@id\":\"https:\\\/\\\/www.itakaescolapios.org\\\/fr\\\/2023\\\/06\\\/english-visit-of-the-new-provincial-of-the-province-of-central-africa-to-gabon\\\/\"},\"author\":{\"name\":\"cameroun01\",\"@id\":\"https:\\\/\\\/www.itakaescolapios.org\\\/es\\\/#\\\/schema\\\/person\\\/d2844383e29bfdfef69039672ce14eb1\"},\"headline\":\"Visite du nouveau Provincial de la Province d\u2019Afrique Centrale au Gabon\",\"datePublished\":\"2023-06-12T12:27:08+00:00\",\"dateModified\":\"2023-11-28T11:35:31+00:00\",\"mainEntityOfPage\":{\"@id\":\"https:\\\/\\\/www.itakaescolapios.org\\\/fr\\\/2023\\\/06\\\/english-visit-of-the-new-provincial-of-the-province-of-central-africa-to-gabon\\\/\"},\"wordCount\":166,\"publisher\":{\"@id\":\"https:\\\/\\\/www.itakaescolapios.org\\\/es\\\/#organization\"},\"image\":{\"@id\":\"https:\\\/\\\/www.itakaescolapios.org\\\/fr\\\/2023\\\/06\\\/english-visit-of-the-new-provincial-of-the-province-of-central-africa-to-gabon\\\/#primaryimage\"},\"thumbnailUrl\":\"https:\\\/\\\/www.itakaescolapios.org\\\/wp-content\\\/uploads\\\/2023\\\/06\\\/WhatsApp-Image-2023-06-09-at-15.10.33.jpeg\",\"articleSection\":[\"Afrique centrale\",\"Gab\u00f3n\"],\"inLanguage\":\"fr-FR\"},{\"@type\":\"WebPage\",\"@id\":\"https:\\\/\\\/www.itakaescolapios.org\\\/fr\\\/2023\\\/06\\\/english-visit-of-the-new-provincial-of-the-province-of-central-africa-to-gabon\\\/\",\"url\":\"https:\\\/\\\/www.itakaescolapios.org\\\/fr\\\/2023\\\/06\\\/english-visit-of-the-new-provincial-of-the-province-of-central-africa-to-gabon\\\/\",\"name\":\"VISITA DEL NUEVO PROVINCIAL DE LA PROVINCIA DE \u00c1FRICA CENTRAL A GAB\u00d3N - Itaka-Escolapios\",\"isPartOf\":{\"@id\":\"https:\\\/\\\/www.itakaescolapios.org\\\/es\\\/#website\"},\"primaryImageOfPage\":{\"@id\":\"https:\\\/\\\/www.itakaescolapios.org\\\/fr\\\/2023\\\/06\\\/english-visit-of-the-new-provincial-of-the-province-of-central-africa-to-gabon\\\/#primaryimage\"},\"image\":{\"@id\":\"https:\\\/\\\/www.itakaescolapios.org\\\/fr\\\/2023\\\/06\\\/english-visit-of-the-new-provincial-of-the-province-of-central-africa-to-gabon\\\/#primaryimage\"},\"thumbnailUrl\":\"https:\\\/\\\/www.itakaescolapios.org\\\/wp-content\\\/uploads\\\/2023\\\/06\\\/WhatsApp-Image-2023-06-09-at-15.10.33.jpeg\",\"datePublished\":\"2023-06-12T12:27:08+00:00\",\"dateModified\":\"2023-11-28T11:35:31+00:00\",\"breadcrumb\":{\"@id\":\"https:\\\/\\\/www.itakaescolapios.org\\\/fr\\\/2023\\\/06\\\/english-visit-of-the-new-provincial-of-the-province-of-central-africa-to-gabon\\\/#breadcrumb\"},\"inLanguage\":\"fr-FR\",\"potentialAction\":[{\"@type\":\"ReadAction\",\"target\":[\"https:\\\/\\\/www.itakaescolapios.org\\\/fr\\\/2023\\\/06\\\/english-visit-of-the-new-provincial-of-the-province-of-central-africa-to-gabon\\\/\"]}]},{\"@type\":\"ImageObject\",\"inLanguage\":\"fr-FR\",\"@id\":\"https:\\\/\\\/www.itakaescolapios.org\\\/fr\\\/2023\\\/06\\\/english-visit-of-the-new-provincial-of-the-province-of-central-africa-to-gabon\\\/#primaryimage\",\"url\":\"https:\\\/\\\/www.itakaescolapios.org\\\/wp-content\\\/uploads\\\/2023\\\/06\\\/WhatsApp-Image-2023-06-09-at-15.10.33.jpeg\",\"contentUrl\":\"https:\\\/\\\/www.itakaescolapios.org\\\/wp-content\\\/uploads\\\/2023\\\/06\\\/WhatsApp-Image-2023-06-09-at-15.10.33.jpeg\",\"width\":1280,\"height\":960},{\"@type\":\"BreadcrumbList\",\"@id\":\"https:\\\/\\\/www.itakaescolapios.org\\\/fr\\\/2023\\\/06\\\/english-visit-of-the-new-provincial-of-the-province-of-central-africa-to-gabon\\\/#breadcrumb\",\"itemListElement\":[{\"@type\":\"ListItem\",\"position\":1,\"name\":\"Itaka-Escolapios\",\"item\":\"https:\\\/\\\/www.itakaescolapios.org\\\/es\\\/\"},{\"@type\":\"ListItem\",\"position\":2,\"name\":\"Visite du nouveau Provincial de la Province d\u2019Afrique Centrale au Gabon\"}]},{\"@type\":\"WebSite\",\"@id\":\"https:\\\/\\\/www.itakaescolapios.org\\\/fr\\\/es\\\/#website\",\"url\":\"https:\\\/\\\/www.itakaescolapios.org\\\/fr\\\/es\\\/\",\"name\":\"Itaka-Escolapios\",\"description\":\"Red de Itaka-Escolapios\",\"publisher\":{\"@id\":\"https:\\\/\\\/www.itakaescolapios.org\\\/fr\\\/es\\\/#organization\"},\"potentialAction\":[{\"@type\":\"SearchAction\",\"target\":{\"@type\":\"EntryPoint\",\"urlTemplate\":\"https:\\\/\\\/www.itakaescolapios.org\\\/fr\\\/es\\\/?s={search_term_string}\"},\"query-input\":{\"@type\":\"PropertyValueSpecification\",\"valueRequired\":true,\"valueName\":\"search_term_string\"}}],\"inLanguage\":\"fr-FR\"},{\"@type\":\"Organization\",\"@id\":\"https:\\\/\\\/www.itakaescolapios.org\\\/fr\\\/es\\\/#organization\",\"name\":\"Fundaci\u00f3 Itaka-Escolapios\",\"url\":\"https:\\\/\\\/www.itakaescolapios.org\\\/fr\\\/es\\\/\",\"logo\":{\"@type\":\"ImageObject\",\"inLanguage\":\"fr-FR\",\"@id\":\"https:\\\/\\\/www.itakaescolapios.org\\\/fr\\\/es\\\/#\\\/schema\\\/logo\\\/image\\\/\",\"url\":\"https:\\\/\\\/www.itakaescolapios.org\\\/wp-content\\\/uploads\\\/2024\\\/04\\\/Logo-itakaescolapios-peque.png\",\"contentUrl\":\"https:\\\/\\\/www.itakaescolapios.org\\\/wp-content\\\/uploads\\\/2024\\\/04\\\/Logo-itakaescolapios-peque.png\",\"width\":500,\"height\":199,\"caption\":\"Fundaci\u00f3 Itaka-Escolapios\"},\"image\":{\"@id\":\"https:\\\/\\\/www.itakaescolapios.org\\\/fr\\\/es\\\/#\\\/schema\\\/logo\\\/image\\\/\"}},{\"@type\":\"Person\",\"@id\":\"https:\\\/\\\/www.itakaescolapios.org\\\/es\\\/#\\\/schema\\\/person\\\/d2844383e29bfdfef69039672ce14eb1\",\"name\":\"cameroun01\",\"url\":\"https:\\\/\\\/www.itakaescolapios.org\\\/fr\\\/author\\\/cameroun01\\\/\"}]}<\/script>\n<!-- \/ Yoast SEO plugin. -->","yoast_head_json":{"title":"Visite du nouveau Provincial de la Province d\u2019Afrique Centrale au Gabon","description":"Le Nouveau Provincial de la province d'Afrique centrale le p\u00e8re KONGMI Moses et ses assistants ont effectu\u00e9 une visite de travail au Gabon du 07 au 09 Juin 2023, se concentrant sur les communaut\u00e9s de Libreville et d'Akanda. La visite visait \u00e0 renforcer les liens et \u00e0 soutenir les membres locaux dans leurs missions apostoliques.\u2026","robots":{"index":"index","follow":"follow","max-snippet":"max-snippet:-1","max-image-preview":"max-image-preview:large","max-video-preview":"max-video-preview:-1"},"canonical":"Le Nouveau Provincial de la province d'Afrique centrale le p\u00e8re KONGMI Moses et ses assistants ont effectu\u00e9 une visite de travail au Gabon du 07 au 09 Juin 2023, se concentrant sur les communaut\u00e9s de Libreville et d'Akanda. La visite visait \u00e0 renforcer les liens et \u00e0 soutenir les membres locaux dans leurs missions apostoliques.\u2026","og_locale":"fr_FR","og_type":"article","og_title":"Visite du nouveau Provincial de la Province d\u2019Afrique Centrale au Gabon","og_description":"Le Nouveau Provincial de la province d'Afrique centrale le p\u00e8re KONGMI Moses et ses assistants ont effectu\u00e9 une visite de travail au Gabon du 07 au 09 Juin 2023, se concentrant sur les communaut\u00e9s de Libreville et d'Akanda. La visite visait \u00e0 renforcer les liens et \u00e0 soutenir les membres locaux dans leurs missions apostoliques.\u2026","og_url":"https:\/\/www.itakaescolapios.org\/fr\/2023\/06\/english-visit-of-the-new-provincial-of-the-province-of-central-africa-to-gabon\/","og_site_name":"Itaka-Escolapios","article_published_time":"2023-06-12T12:27:08+00:00","article_modified_time":"2023-11-28T11:35:31+00:00","og_image":[{"width":1280,"height":960,"url":"https:\/\/www.itakaescolapios.org\/wp-content\/uploads\/2023\/06\/WhatsApp-Image-2023-06-09-at-15.10.33.jpeg","type":"image\/jpeg"}],"author":"cameroun01","twitter_card":"summary_large_image","twitter_misc":{"\u00c9crit par":"cameroun01","Dur\u00e9e de lecture estim\u00e9e":"1 minute"},"schema":{"@context":"https:\/\/schema.org","@graph":[{"@type":"Article","@id":"https:\/\/www.itakaescolapios.org\/fr\/2023\/06\/english-visit-of-the-new-provincial-of-the-province-of-central-africa-to-gabon\/#article","isPartOf":{"@id":"https:\/\/www.itakaescolapios.org\/fr\/2023\/06\/english-visit-of-the-new-provincial-of-the-province-of-central-africa-to-gabon\/"},"author":{"name":"cameroun01","@id":"https:\/\/www.itakaescolapios.org\/es\/#\/schema\/person\/d2844383e29bfdfef69039672ce14eb1"},"headline":"Visite du nouveau Provincial de la Province d\u2019Afrique Centrale au Gabon","datePublished":"2023-06-12T12:27:08+00:00","dateModified":"2023-11-28T11:35:31+00:00","mainEntityOfPage":{"@id":"https:\/\/www.itakaescolapios.org\/fr\/2023\/06\/english-visit-of-the-new-provincial-of-the-province-of-central-africa-to-gabon\/"},"wordCount":166,"publisher":{"@id":"https:\/\/www.itakaescolapios.org\/es\/#organization"},"image":{"@id":"https:\/\/www.itakaescolapios.org\/fr\/2023\/06\/english-visit-of-the-new-provincial-of-the-province-of-central-africa-to-gabon\/#primaryimage"},"thumbnailUrl":"https:\/\/www.itakaescolapios.org\/wp-content\/uploads\/2023\/06\/WhatsApp-Image-2023-06-09-at-15.10.33.jpeg","articleSection":["Afrique centrale","Gab\u00f3n"],"inLanguage":"fr-FR"},{"@type":"WebPage","@id":"https:\/\/www.itakaescolapios.org\/fr\/2023\/06\/english-visit-of-the-new-provincial-of-the-province-of-central-africa-to-gabon\/","url":"https:\/\/www.itakaescolapios.org\/fr\/2023\/06\/english-visit-of-the-new-provincial-of-the-province-of-central-africa-to-gabon\/","name":"VISITA DEL NUEVO PROVINCIAL DE LA PROVINCIA DE \u00c1FRICA CENTRAL A GAB\u00d3N - Itaka-Escolapios","isPartOf":{"@id":"https:\/\/www.itakaescolapios.org\/es\/#website"},"primaryImageOfPage":{"@id":"https:\/\/www.itakaescolapios.org\/fr\/2023\/06\/english-visit-of-the-new-provincial-of-the-province-of-central-africa-to-gabon\/#primaryimage"},"image":{"@id":"https:\/\/www.itakaescolapios.org\/fr\/2023\/06\/english-visit-of-the-new-provincial-of-the-province-of-central-africa-to-gabon\/#primaryimage"},"thumbnailUrl":"https:\/\/www.itakaescolapios.org\/wp-content\/uploads\/2023\/06\/WhatsApp-Image-2023-06-09-at-15.10.33.jpeg","datePublished":"2023-06-12T12:27:08+00:00","dateModified":"2023-11-28T11:35:31+00:00","breadcrumb":{"@id":"https:\/\/www.itakaescolapios.org\/fr\/2023\/06\/english-visit-of-the-new-provincial-of-the-province-of-central-africa-to-gabon\/#breadcrumb"},"inLanguage":"fr-FR","potentialAction":[{"@type":"ReadAction","target":["https:\/\/www.itakaescolapios.org\/fr\/2023\/06\/english-visit-of-the-new-provincial-of-the-province-of-central-africa-to-gabon\/"]}]},{"@type":"ImageObject","inLanguage":"fr-FR","@id":"https:\/\/www.itakaescolapios.org\/fr\/2023\/06\/english-visit-of-the-new-provincial-of-the-province-of-central-africa-to-gabon\/#primaryimage","url":"https:\/\/www.itakaescolapios.org\/wp-content\/uploads\/2023\/06\/WhatsApp-Image-2023-06-09-at-15.10.33.jpeg","contentUrl":"https:\/\/www.itakaescolapios.org\/wp-content\/uploads\/2023\/06\/WhatsApp-Image-2023-06-09-at-15.10.33.jpeg","width":1280,"height":960},{"@type":"BreadcrumbList","@id":"https:\/\/www.itakaescolapios.org\/fr\/2023\/06\/english-visit-of-the-new-provincial-of-the-province-of-central-africa-to-gabon\/#breadcrumb","itemListElement":[{"@type":"ListItem","position":1,"name":"Itaka-Escolapios","item":"https:\/\/www.itakaescolapios.org\/es\/"},{"@type":"ListItem","position":2,"name":"Visite du nouveau Provincial de la Province d\u2019Afrique Centrale au Gabon"}]},{"@type":"WebSite","@id":"https:\/\/www.itakaescolapios.org\/fr\/es\/#website","url":"https:\/\/www.itakaescolapios.org\/fr\/es\/","name":"Itaka-Escolapios","description":"Red de Itaka-Escolapios","publisher":{"@id":"https:\/\/www.itakaescolapios.org\/fr\/es\/#organization"},"potentialAction":[{"@type":"SearchAction","target":{"@type":"EntryPoint","urlTemplate":"https:\/\/www.itakaescolapios.org\/fr\/es\/?s={search_term_string}"},"query-input":{"@type":"PropertyValueSpecification","valueRequired":true,"valueName":"search_term_string"}}],"inLanguage":"fr-FR"},{"@type":"Organization","@id":"https:\/\/www.itakaescolapios.org\/fr\/es\/#organization","name":"Fundaci\u00f3 Itaka-Escolapios","url":"https:\/\/www.itakaescolapios.org\/fr\/es\/","logo":{"@type":"ImageObject","inLanguage":"fr-FR","@id":"https:\/\/www.itakaescolapios.org\/fr\/es\/#\/schema\/logo\/image\/","url":"https:\/\/www.itakaescolapios.org\/wp-content\/uploads\/2024\/04\/Logo-itakaescolapios-peque.png","contentUrl":"https:\/\/www.itakaescolapios.org\/wp-content\/uploads\/2024\/04\/Logo-itakaescolapios-peque.png","width":500,"height":199,"caption":"Fundaci\u00f3 Itaka-Escolapios"},"image":{"@id":"https:\/\/www.itakaescolapios.org\/fr\/es\/#\/schema\/logo\/image\/"}},{"@type":"Person","@id":"https:\/\/www.itakaescolapios.org\/es\/#\/schema\/person\/d2844383e29bfdfef69039672ce14eb1","name":"cameroun01","url":"https:\/\/www.itakaescolapios.org\/fr\/author\/cameroun01\/"}]}},"_links":{"self":[{"href":"https:\/\/www.itakaescolapios.org\/fr\/wp-json\/wp\/v2\/posts\/42560","targetHints":{"allow":["GET"]}}],"collection":[{"href":"https:\/\/www.itakaescolapios.org\/fr\/wp-json\/wp\/v2\/posts"}],"about":[{"href":"https:\/\/www.itakaescolapios.org\/fr\/wp-json\/wp\/v2\/types\/post"}],"author":[{"embeddable":true,"href":"https:\/\/www.itakaescolapios.org\/fr\/wp-json\/wp\/v2\/users\/15"}],"replies":[{"embeddable":true,"href":"https:\/\/www.itakaescolapios.org\/fr\/wp-json\/wp\/v2\/comments?post=42560"}],"version-history":[{"count":4,"href":"https:\/\/www.itakaescolapios.org\/fr\/wp-json\/wp\/v2\/posts\/42560\/revisions"}],"predecessor-version":[{"id":43580,"href":"https:\/\/www.itakaescolapios.org\/fr\/wp-json\/wp\/v2\/posts\/42560\/revisions\/43580"}],"wp:featuredmedia":[{"embeddable":true,"href":"https:\/\/www.itakaescolapios.org\/fr\/wp-json\/wp\/v2\/media\/42561"}],"wp:attachment":[{"href":"https:\/\/www.itakaescolapios.org\/fr\/wp-json\/wp\/v2\/media?parent=42560"}],"wp:term":[{"taxonomy":"category","embeddable":true,"href":"https:\/\/www.itakaescolapios.org\/fr\/wp-json\/wp\/v2\/categories?post=42560"},{"taxonomy":"post_tag","embeddable":true,"href":"https:\/\/www.itakaescolapios.org\/fr\/wp-json\/wp\/v2\/tags?post=42560"}],"curies":[{"name":"wp","href":"https:\/\/api.w.org\/{rel}","templated":true}]}}