{"id":4277,"date":"2012-11-09T14:30:22","date_gmt":"2012-11-09T13:30:22","guid":{"rendered":"https:\/\/www.itakaescolapios.org\/?p=4277"},"modified":"2023-11-28T12:39:34","modified_gmt":"2023-11-28T11:39:34","slug":"bandjoun-visita-del-secretario-diocesano-de-educacion-en-el-colegio-tecnico-calasanz-ctc","status":"publish","type":"post","link":"https:\/\/www.itakaescolapios.org\/fr\/2012\/11\/bandjoun-visita-del-secretario-diocesano-de-educacion-en-el-colegio-tecnico-calasanz-ctc\/","title":{"rendered":"Bandjoun-Visite du Secr\u00e9taire Dioc\u00e9sain \u00e0 l\u2019\u00c9ducation au Coll\u00e8ge Technique Calasanz (CTC)."},"content":{"rendered":"<p style=\"text-align: justify\"><span style=\"color: #3366ff\">Comme chaque ann\u00e9e, le Secr\u00e9taire \u00e0 l\u2019\u00c9ducation du Dioc\u00e8se de Bafoussam, nous a rendu sa traditionnelle visite.<\/span><\/p>\n<p style=\"text-align: justify\">Durant toute la matin\u00e9e du 10 octobre dernier, l\u2019Abb\u00e9 Andr\u00e9 Marie Yamenji a rencontr\u00e9 \u00e9l\u00e8ves, enseignants, responsables administratifs et la communaut\u00e9 piariste. Au cours des \u00e9changes, il a fait part de sa joie de voir le Centre grandir aussi bien en infrastructures (b\u00e2timents et \u00e9quipements) d\u2019excellente qualit\u00e9 qu\u2019en ce qui concerne les effectifs et les sp\u00e9cialit\u00e9s ouvertes. La direction du CTC lui a \u00e9galement pr\u00e9sent\u00e9 la situation actuelle de l\u2019\u00c9cole ainsi que les perspectives d\u2019avenir.<\/p>\n","protected":false},"excerpt":{"rendered":"<p>Comme chaque ann\u00e9e, le Secr\u00e9taire \u00e0 l\u2019\u00c9ducation du Dioc\u00e8se de Bafoussam, nous a rendu sa traditionnelle visite. Durant toute la matin\u00e9e du 10 octobre dernier, l\u2019Abb\u00e9 Andr\u00e9 Marie Yamenji a [&hellip;]<\/p>\n","protected":false},"author":16,"featured_media":4280,"comment_status":"closed","ping_status":"closed","sticky":false,"template":"","format":"standard","meta":{"_et_pb_use_builder":"","_et_pb_old_content":"","_et_gb_content_width":"","footnotes":""},"categories":[10],"tags":[],"class_list":["post-4277","post","type-post","status-publish","format-standard","has-post-thumbnail","hentry","category-camerun"],"yoast_head":"<!-- This site is optimized with the Yoast SEO plugin v27.4 - https:\/\/yoast.com\/product\/yoast-seo-wordpress\/ -->\n<title>Bandjoun-Visite du Secr\u00e9taire Dioc\u00e9sain \u00e0 l\u2019\u00c9ducation au Coll\u00e8ge Technique Calasanz (CTC).<\/title>\n<meta name=\"description\" content=\"Comme chaque ann\u00e9e, le Secr\u00e9taire \u00e0 l\u2019\u00c9ducation du Dioc\u00e8se de Bafoussam, nous a rendu sa traditionnelle visite. Durant toute la matin\u00e9e du 10 octobre dernier, l\u2019Abb\u00e9 Andr\u00e9 Marie Yamenji a rencontr\u00e9 \u00e9l\u00e8ves, enseignants, responsables administratifs et la communaut\u00e9 piariste. Au cours des \u00e9changes, il a fait part de sa joie de voir le Centre grandir\u2026\" \/>\n<meta name=\"robots\" content=\"index, follow, max-snippet:-1, max-image-preview:large, max-video-preview:-1\" \/>\n<link rel=\"canonical\" href=\"http:\/\/Comme%20chaque%20ann\u00e9e,%20le%20Secr\u00e9taire%20\u00e0%20l\u2019\u00c9ducation%20du%20Dioc\u00e8se%20de%20Bafoussam,%20nous%20a%20rendu%20sa%20traditionnelle%20visite.%20Durant%20toute%20la%20matin\u00e9e%20du%2010%20octobre%20dernier,%20l\u2019Abb\u00e9%20Andr\u00e9%20Marie%20Yamenji%20a%20rencontr\u00e9%20\u00e9l\u00e8ves,%20enseignants,%20responsables%20administratifs%20et%20la%20communaut\u00e9%20piariste.%20Au%20cours%20des%20\u00e9changes,%20il%20a%20fait%20part%20de%20sa%20joie%20de%20voir%20le%20Centre%20grandir\u2026\" \/>\n<meta property=\"og:locale\" content=\"fr_FR\" \/>\n<meta property=\"og:type\" content=\"article\" \/>\n<meta property=\"og:title\" content=\"Bandjoun-Visite du Secr\u00e9taire Dioc\u00e9sain \u00e0 l\u2019\u00c9ducation au Coll\u00e8ge Technique Calasanz (CTC).\" \/>\n<meta property=\"og:description\" content=\"Comme chaque ann\u00e9e, le Secr\u00e9taire \u00e0 l\u2019\u00c9ducation du Dioc\u00e8se de Bafoussam, nous a rendu sa traditionnelle visite. Durant toute la matin\u00e9e du 10 octobre dernier, l\u2019Abb\u00e9 Andr\u00e9 Marie Yamenji a rencontr\u00e9 \u00e9l\u00e8ves, enseignants, responsables administratifs et la communaut\u00e9 piariste. Au cours des \u00e9changes, il a fait part de sa joie de voir le Centre grandir\u2026\" \/>\n<meta property=\"og:url\" content=\"https:\/\/www.itakaescolapios.org\/fr\/2012\/11\/bandjoun-visita-del-secretario-diocesano-de-educacion-en-el-colegio-tecnico-calasanz-ctc\/\" \/>\n<meta property=\"og:site_name\" content=\"Itaka-Escolapios\" \/>\n<meta property=\"article:published_time\" content=\"2012-11-09T13:30:22+00:00\" \/>\n<meta property=\"article:modified_time\" content=\"2023-11-28T11:39:34+00:00\" \/>\n<meta property=\"og:image\" content=\"https:\/\/www.itakaescolapios.org\/wp-content\/uploads\/2012\/11\/DSCF85651.jpg\" \/>\n\t<meta property=\"og:image:width\" content=\"2000\" \/>\n\t<meta property=\"og:image:height\" content=\"1500\" \/>\n\t<meta property=\"og:image:type\" content=\"image\/jpeg\" \/>\n<meta name=\"author\" content=\"cameroun02\" \/>\n<meta name=\"twitter:card\" content=\"summary_large_image\" \/>\n<meta name=\"twitter:label1\" content=\"\u00c9crit par\" \/>\n\t<meta name=\"twitter:data1\" content=\"cameroun02\" \/>\n\t<meta name=\"twitter:label2\" content=\"Dur\u00e9e de lecture estim\u00e9e\" \/>\n\t<meta name=\"twitter:data2\" content=\"1 minute\" \/>\n<script type=\"application\/ld+json\" class=\"yoast-schema-graph\">{\"@context\":\"https:\\\/\\\/schema.org\",\"@graph\":[{\"@type\":\"Article\",\"@id\":\"https:\\\/\\\/www.itakaescolapios.org\\\/fr\\\/2012\\\/11\\\/bandjoun-visita-del-secretario-diocesano-de-educacion-en-el-colegio-tecnico-calasanz-ctc\\\/#article\",\"isPartOf\":{\"@id\":\"https:\\\/\\\/www.itakaescolapios.org\\\/fr\\\/2012\\\/11\\\/bandjoun-visita-del-secretario-diocesano-de-educacion-en-el-colegio-tecnico-calasanz-ctc\\\/\"},\"author\":{\"name\":\"cameroun02\",\"@id\":\"https:\\\/\\\/www.itakaescolapios.org\\\/es\\\/#\\\/schema\\\/person\\\/9274f8b80c7385b5aae18a7831c4a9c5\"},\"headline\":\"Bandjoun-Visite du Secr\u00e9taire Dioc\u00e9sain \u00e0 l\u2019\u00c9ducation au Coll\u00e8ge Technique Calasanz (CTC).\",\"datePublished\":\"2012-11-09T13:30:22+00:00\",\"dateModified\":\"2023-11-28T11:39:34+00:00\",\"mainEntityOfPage\":{\"@id\":\"https:\\\/\\\/www.itakaescolapios.org\\\/fr\\\/2012\\\/11\\\/bandjoun-visita-del-secretario-diocesano-de-educacion-en-el-colegio-tecnico-calasanz-ctc\\\/\"},\"wordCount\":121,\"publisher\":{\"@id\":\"https:\\\/\\\/www.itakaescolapios.org\\\/es\\\/#organization\"},\"image\":{\"@id\":\"https:\\\/\\\/www.itakaescolapios.org\\\/fr\\\/2012\\\/11\\\/bandjoun-visita-del-secretario-diocesano-de-educacion-en-el-colegio-tecnico-calasanz-ctc\\\/#primaryimage\"},\"thumbnailUrl\":\"https:\\\/\\\/www.itakaescolapios.org\\\/wp-content\\\/uploads\\\/2012\\\/11\\\/DSCF85651.jpg\",\"articleSection\":[\"Cameroun\"],\"inLanguage\":\"fr-FR\"},{\"@type\":\"WebPage\",\"@id\":\"https:\\\/\\\/www.itakaescolapios.org\\\/fr\\\/2012\\\/11\\\/bandjoun-visita-del-secretario-diocesano-de-educacion-en-el-colegio-tecnico-calasanz-ctc\\\/\",\"url\":\"https:\\\/\\\/www.itakaescolapios.org\\\/fr\\\/2012\\\/11\\\/bandjoun-visita-del-secretario-diocesano-de-educacion-en-el-colegio-tecnico-calasanz-ctc\\\/\",\"name\":\"Bandjoun-Visita del Secretario Diocesano de Educaci\u00f3n en el Colegio T\u00e9cnico Calasanz (CTC). - Itaka-Escolapios\",\"isPartOf\":{\"@id\":\"https:\\\/\\\/www.itakaescolapios.org\\\/es\\\/#website\"},\"primaryImageOfPage\":{\"@id\":\"https:\\\/\\\/www.itakaescolapios.org\\\/fr\\\/2012\\\/11\\\/bandjoun-visita-del-secretario-diocesano-de-educacion-en-el-colegio-tecnico-calasanz-ctc\\\/#primaryimage\"},\"image\":{\"@id\":\"https:\\\/\\\/www.itakaescolapios.org\\\/fr\\\/2012\\\/11\\\/bandjoun-visita-del-secretario-diocesano-de-educacion-en-el-colegio-tecnico-calasanz-ctc\\\/#primaryimage\"},\"thumbnailUrl\":\"https:\\\/\\\/www.itakaescolapios.org\\\/wp-content\\\/uploads\\\/2012\\\/11\\\/DSCF85651.jpg\",\"datePublished\":\"2012-11-09T13:30:22+00:00\",\"dateModified\":\"2023-11-28T11:39:34+00:00\",\"breadcrumb\":{\"@id\":\"https:\\\/\\\/www.itakaescolapios.org\\\/fr\\\/2012\\\/11\\\/bandjoun-visita-del-secretario-diocesano-de-educacion-en-el-colegio-tecnico-calasanz-ctc\\\/#breadcrumb\"},\"inLanguage\":\"fr-FR\",\"potentialAction\":[{\"@type\":\"ReadAction\",\"target\":[\"https:\\\/\\\/www.itakaescolapios.org\\\/fr\\\/2012\\\/11\\\/bandjoun-visita-del-secretario-diocesano-de-educacion-en-el-colegio-tecnico-calasanz-ctc\\\/\"]}]},{\"@type\":\"ImageObject\",\"inLanguage\":\"fr-FR\",\"@id\":\"https:\\\/\\\/www.itakaescolapios.org\\\/fr\\\/2012\\\/11\\\/bandjoun-visita-del-secretario-diocesano-de-educacion-en-el-colegio-tecnico-calasanz-ctc\\\/#primaryimage\",\"url\":\"https:\\\/\\\/www.itakaescolapios.org\\\/wp-content\\\/uploads\\\/2012\\\/11\\\/DSCF85651.jpg\",\"contentUrl\":\"https:\\\/\\\/www.itakaescolapios.org\\\/wp-content\\\/uploads\\\/2012\\\/11\\\/DSCF85651.jpg\",\"width\":2000,\"height\":1500},{\"@type\":\"BreadcrumbList\",\"@id\":\"https:\\\/\\\/www.itakaescolapios.org\\\/fr\\\/2012\\\/11\\\/bandjoun-visita-del-secretario-diocesano-de-educacion-en-el-colegio-tecnico-calasanz-ctc\\\/#breadcrumb\",\"itemListElement\":[{\"@type\":\"ListItem\",\"position\":1,\"name\":\"Itaka-Escolapios\",\"item\":\"https:\\\/\\\/www.itakaescolapios.org\\\/es\\\/\"},{\"@type\":\"ListItem\",\"position\":2,\"name\":\"Bandjoun-Visite du Secr\u00e9taire Dioc\u00e9sain \u00e0 l\u2019\u00c9ducation au Coll\u00e8ge Technique Calasanz (CTC).\"}]},{\"@type\":\"WebSite\",\"@id\":\"https:\\\/\\\/www.itakaescolapios.org\\\/fr\\\/es\\\/#website\",\"url\":\"https:\\\/\\\/www.itakaescolapios.org\\\/fr\\\/es\\\/\",\"name\":\"Itaka-Escolapios\",\"description\":\"Red de Itaka-Escolapios\",\"publisher\":{\"@id\":\"https:\\\/\\\/www.itakaescolapios.org\\\/fr\\\/es\\\/#organization\"},\"potentialAction\":[{\"@type\":\"SearchAction\",\"target\":{\"@type\":\"EntryPoint\",\"urlTemplate\":\"https:\\\/\\\/www.itakaescolapios.org\\\/fr\\\/es\\\/?s={search_term_string}\"},\"query-input\":{\"@type\":\"PropertyValueSpecification\",\"valueRequired\":true,\"valueName\":\"search_term_string\"}}],\"inLanguage\":\"fr-FR\"},{\"@type\":\"Organization\",\"@id\":\"https:\\\/\\\/www.itakaescolapios.org\\\/fr\\\/es\\\/#organization\",\"name\":\"Fundaci\u00f3 Itaka-Escolapios\",\"url\":\"https:\\\/\\\/www.itakaescolapios.org\\\/fr\\\/es\\\/\",\"logo\":{\"@type\":\"ImageObject\",\"inLanguage\":\"fr-FR\",\"@id\":\"https:\\\/\\\/www.itakaescolapios.org\\\/fr\\\/es\\\/#\\\/schema\\\/logo\\\/image\\\/\",\"url\":\"https:\\\/\\\/www.itakaescolapios.org\\\/wp-content\\\/uploads\\\/2024\\\/04\\\/Logo-itakaescolapios-peque.png\",\"contentUrl\":\"https:\\\/\\\/www.itakaescolapios.org\\\/wp-content\\\/uploads\\\/2024\\\/04\\\/Logo-itakaescolapios-peque.png\",\"width\":500,\"height\":199,\"caption\":\"Fundaci\u00f3 Itaka-Escolapios\"},\"image\":{\"@id\":\"https:\\\/\\\/www.itakaescolapios.org\\\/fr\\\/es\\\/#\\\/schema\\\/logo\\\/image\\\/\"}},{\"@type\":\"Person\",\"@id\":\"https:\\\/\\\/www.itakaescolapios.org\\\/es\\\/#\\\/schema\\\/person\\\/9274f8b80c7385b5aae18a7831c4a9c5\",\"name\":\"cameroun02\",\"url\":\"https:\\\/\\\/www.itakaescolapios.org\\\/fr\\\/author\\\/cameroun02\\\/\"}]}<\/script>\n<!-- \/ Yoast SEO plugin. -->","yoast_head_json":{"title":"Bandjoun-Visite du Secr\u00e9taire Dioc\u00e9sain \u00e0 l\u2019\u00c9ducation au Coll\u00e8ge Technique Calasanz (CTC).","description":"Comme chaque ann\u00e9e, le Secr\u00e9taire \u00e0 l\u2019\u00c9ducation du Dioc\u00e8se de Bafoussam, nous a rendu sa traditionnelle visite. Durant toute la matin\u00e9e du 10 octobre dernier, l\u2019Abb\u00e9 Andr\u00e9 Marie Yamenji a rencontr\u00e9 \u00e9l\u00e8ves, enseignants, responsables administratifs et la communaut\u00e9 piariste. Au cours des \u00e9changes, il a fait part de sa joie de voir le Centre grandir\u2026","robots":{"index":"index","follow":"follow","max-snippet":"max-snippet:-1","max-image-preview":"max-image-preview:large","max-video-preview":"max-video-preview:-1"},"canonical":"Comme chaque ann\u00e9e, le Secr\u00e9taire \u00e0 l\u2019\u00c9ducation du Dioc\u00e8se de Bafoussam, nous a rendu sa traditionnelle visite. Durant toute la matin\u00e9e du 10 octobre dernier, l\u2019Abb\u00e9 Andr\u00e9 Marie Yamenji a rencontr\u00e9 \u00e9l\u00e8ves, enseignants, responsables administratifs et la communaut\u00e9 piariste. Au cours des \u00e9changes, il a fait part de sa joie de voir le Centre grandir\u2026","og_locale":"fr_FR","og_type":"article","og_title":"Bandjoun-Visite du Secr\u00e9taire Dioc\u00e9sain \u00e0 l\u2019\u00c9ducation au Coll\u00e8ge Technique Calasanz (CTC).","og_description":"Comme chaque ann\u00e9e, le Secr\u00e9taire \u00e0 l\u2019\u00c9ducation du Dioc\u00e8se de Bafoussam, nous a rendu sa traditionnelle visite. Durant toute la matin\u00e9e du 10 octobre dernier, l\u2019Abb\u00e9 Andr\u00e9 Marie Yamenji a rencontr\u00e9 \u00e9l\u00e8ves, enseignants, responsables administratifs et la communaut\u00e9 piariste. Au cours des \u00e9changes, il a fait part de sa joie de voir le Centre grandir\u2026","og_url":"https:\/\/www.itakaescolapios.org\/fr\/2012\/11\/bandjoun-visita-del-secretario-diocesano-de-educacion-en-el-colegio-tecnico-calasanz-ctc\/","og_site_name":"Itaka-Escolapios","article_published_time":"2012-11-09T13:30:22+00:00","article_modified_time":"2023-11-28T11:39:34+00:00","og_image":[{"width":2000,"height":1500,"url":"https:\/\/www.itakaescolapios.org\/wp-content\/uploads\/2012\/11\/DSCF85651.jpg","type":"image\/jpeg"}],"author":"cameroun02","twitter_card":"summary_large_image","twitter_misc":{"\u00c9crit par":"cameroun02","Dur\u00e9e de lecture estim\u00e9e":"1 minute"},"schema":{"@context":"https:\/\/schema.org","@graph":[{"@type":"Article","@id":"https:\/\/www.itakaescolapios.org\/fr\/2012\/11\/bandjoun-visita-del-secretario-diocesano-de-educacion-en-el-colegio-tecnico-calasanz-ctc\/#article","isPartOf":{"@id":"https:\/\/www.itakaescolapios.org\/fr\/2012\/11\/bandjoun-visita-del-secretario-diocesano-de-educacion-en-el-colegio-tecnico-calasanz-ctc\/"},"author":{"name":"cameroun02","@id":"https:\/\/www.itakaescolapios.org\/es\/#\/schema\/person\/9274f8b80c7385b5aae18a7831c4a9c5"},"headline":"Bandjoun-Visite du Secr\u00e9taire Dioc\u00e9sain \u00e0 l\u2019\u00c9ducation au Coll\u00e8ge Technique Calasanz (CTC).","datePublished":"2012-11-09T13:30:22+00:00","dateModified":"2023-11-28T11:39:34+00:00","mainEntityOfPage":{"@id":"https:\/\/www.itakaescolapios.org\/fr\/2012\/11\/bandjoun-visita-del-secretario-diocesano-de-educacion-en-el-colegio-tecnico-calasanz-ctc\/"},"wordCount":121,"publisher":{"@id":"https:\/\/www.itakaescolapios.org\/es\/#organization"},"image":{"@id":"https:\/\/www.itakaescolapios.org\/fr\/2012\/11\/bandjoun-visita-del-secretario-diocesano-de-educacion-en-el-colegio-tecnico-calasanz-ctc\/#primaryimage"},"thumbnailUrl":"https:\/\/www.itakaescolapios.org\/wp-content\/uploads\/2012\/11\/DSCF85651.jpg","articleSection":["Cameroun"],"inLanguage":"fr-FR"},{"@type":"WebPage","@id":"https:\/\/www.itakaescolapios.org\/fr\/2012\/11\/bandjoun-visita-del-secretario-diocesano-de-educacion-en-el-colegio-tecnico-calasanz-ctc\/","url":"https:\/\/www.itakaescolapios.org\/fr\/2012\/11\/bandjoun-visita-del-secretario-diocesano-de-educacion-en-el-colegio-tecnico-calasanz-ctc\/","name":"Bandjoun-Visita del Secretario Diocesano de Educaci\u00f3n en el Colegio T\u00e9cnico Calasanz (CTC). - Itaka-Escolapios","isPartOf":{"@id":"https:\/\/www.itakaescolapios.org\/es\/#website"},"primaryImageOfPage":{"@id":"https:\/\/www.itakaescolapios.org\/fr\/2012\/11\/bandjoun-visita-del-secretario-diocesano-de-educacion-en-el-colegio-tecnico-calasanz-ctc\/#primaryimage"},"image":{"@id":"https:\/\/www.itakaescolapios.org\/fr\/2012\/11\/bandjoun-visita-del-secretario-diocesano-de-educacion-en-el-colegio-tecnico-calasanz-ctc\/#primaryimage"},"thumbnailUrl":"https:\/\/www.itakaescolapios.org\/wp-content\/uploads\/2012\/11\/DSCF85651.jpg","datePublished":"2012-11-09T13:30:22+00:00","dateModified":"2023-11-28T11:39:34+00:00","breadcrumb":{"@id":"https:\/\/www.itakaescolapios.org\/fr\/2012\/11\/bandjoun-visita-del-secretario-diocesano-de-educacion-en-el-colegio-tecnico-calasanz-ctc\/#breadcrumb"},"inLanguage":"fr-FR","potentialAction":[{"@type":"ReadAction","target":["https:\/\/www.itakaescolapios.org\/fr\/2012\/11\/bandjoun-visita-del-secretario-diocesano-de-educacion-en-el-colegio-tecnico-calasanz-ctc\/"]}]},{"@type":"ImageObject","inLanguage":"fr-FR","@id":"https:\/\/www.itakaescolapios.org\/fr\/2012\/11\/bandjoun-visita-del-secretario-diocesano-de-educacion-en-el-colegio-tecnico-calasanz-ctc\/#primaryimage","url":"https:\/\/www.itakaescolapios.org\/wp-content\/uploads\/2012\/11\/DSCF85651.jpg","contentUrl":"https:\/\/www.itakaescolapios.org\/wp-content\/uploads\/2012\/11\/DSCF85651.jpg","width":2000,"height":1500},{"@type":"BreadcrumbList","@id":"https:\/\/www.itakaescolapios.org\/fr\/2012\/11\/bandjoun-visita-del-secretario-diocesano-de-educacion-en-el-colegio-tecnico-calasanz-ctc\/#breadcrumb","itemListElement":[{"@type":"ListItem","position":1,"name":"Itaka-Escolapios","item":"https:\/\/www.itakaescolapios.org\/es\/"},{"@type":"ListItem","position":2,"name":"Bandjoun-Visite du Secr\u00e9taire Dioc\u00e9sain \u00e0 l\u2019\u00c9ducation au Coll\u00e8ge Technique Calasanz (CTC)."}]},{"@type":"WebSite","@id":"https:\/\/www.itakaescolapios.org\/fr\/es\/#website","url":"https:\/\/www.itakaescolapios.org\/fr\/es\/","name":"Itaka-Escolapios","description":"Red de Itaka-Escolapios","publisher":{"@id":"https:\/\/www.itakaescolapios.org\/fr\/es\/#organization"},"potentialAction":[{"@type":"SearchAction","target":{"@type":"EntryPoint","urlTemplate":"https:\/\/www.itakaescolapios.org\/fr\/es\/?s={search_term_string}"},"query-input":{"@type":"PropertyValueSpecification","valueRequired":true,"valueName":"search_term_string"}}],"inLanguage":"fr-FR"},{"@type":"Organization","@id":"https:\/\/www.itakaescolapios.org\/fr\/es\/#organization","name":"Fundaci\u00f3 Itaka-Escolapios","url":"https:\/\/www.itakaescolapios.org\/fr\/es\/","logo":{"@type":"ImageObject","inLanguage":"fr-FR","@id":"https:\/\/www.itakaescolapios.org\/fr\/es\/#\/schema\/logo\/image\/","url":"https:\/\/www.itakaescolapios.org\/wp-content\/uploads\/2024\/04\/Logo-itakaescolapios-peque.png","contentUrl":"https:\/\/www.itakaescolapios.org\/wp-content\/uploads\/2024\/04\/Logo-itakaescolapios-peque.png","width":500,"height":199,"caption":"Fundaci\u00f3 Itaka-Escolapios"},"image":{"@id":"https:\/\/www.itakaescolapios.org\/fr\/es\/#\/schema\/logo\/image\/"}},{"@type":"Person","@id":"https:\/\/www.itakaescolapios.org\/es\/#\/schema\/person\/9274f8b80c7385b5aae18a7831c4a9c5","name":"cameroun02","url":"https:\/\/www.itakaescolapios.org\/fr\/author\/cameroun02\/"}]}},"_links":{"self":[{"href":"https:\/\/www.itakaescolapios.org\/fr\/wp-json\/wp\/v2\/posts\/4277","targetHints":{"allow":["GET"]}}],"collection":[{"href":"https:\/\/www.itakaescolapios.org\/fr\/wp-json\/wp\/v2\/posts"}],"about":[{"href":"https:\/\/www.itakaescolapios.org\/fr\/wp-json\/wp\/v2\/types\/post"}],"author":[{"embeddable":true,"href":"https:\/\/www.itakaescolapios.org\/fr\/wp-json\/wp\/v2\/users\/16"}],"replies":[{"embeddable":true,"href":"https:\/\/www.itakaescolapios.org\/fr\/wp-json\/wp\/v2\/comments?post=4277"}],"version-history":[{"count":5,"href":"https:\/\/www.itakaescolapios.org\/fr\/wp-json\/wp\/v2\/posts\/4277\/revisions"}],"predecessor-version":[{"id":49914,"href":"https:\/\/www.itakaescolapios.org\/fr\/wp-json\/wp\/v2\/posts\/4277\/revisions\/49914"}],"wp:featuredmedia":[{"embeddable":true,"href":"https:\/\/www.itakaescolapios.org\/fr\/wp-json\/wp\/v2\/media\/4280"}],"wp:attachment":[{"href":"https:\/\/www.itakaescolapios.org\/fr\/wp-json\/wp\/v2\/media?parent=4277"}],"wp:term":[{"taxonomy":"category","embeddable":true,"href":"https:\/\/www.itakaescolapios.org\/fr\/wp-json\/wp\/v2\/categories?post=4277"},{"taxonomy":"post_tag","embeddable":true,"href":"https:\/\/www.itakaescolapios.org\/fr\/wp-json\/wp\/v2\/tags?post=4277"}],"curies":[{"name":"wp","href":"https:\/\/api.w.org\/{rel}","templated":true}]}}